{"id":9980,"date":"2024-04-19T09:01:30","date_gmt":"2024-04-19T08:01:30","guid":{"rendered":"\/?p=9980"},"modified":"2024-04-19T09:01:30","modified_gmt":"2024-04-19T08:01:30","slug":"caja-rural-del-sur-colabora-con-la-xxx-feria-agroganadera-y-xx-agroalimentaria-del-valle-de-los-pedroches","status":"publish","type":"post","link":"https:\/\/fundacioncajaruraldelsur.com\/pt\/caja-rural-del-sur-colabora-con-la-xxx-feria-agroganadera-y-xx-agroalimentaria-del-valle-de-los-pedroches\/","title":{"rendered":"Caja Rural del Sur colabora con la XXX Feria Agroganadera y XX Agroalimentaria del Valle de los Pedroches"},"content":{"rendered":"<p><strong>La localidad de Pozoblanco ha celebrado la trig\u00e9sima edici\u00f3n de la Feria Agroganadera y la vig\u00e9sima de la Feria Agroalimentaria de Los Pedroches en la que ha colaborado Caja Rural del Sur.<\/strong> Ganaderos, agricultores y profesionales vinculados con el sector primario se dieron cita en este evento sectorial, que con m\u00e1s de 90.000 metros cuadrados de extensi\u00f3n est\u00e1 considerado como uno de los mayores de Europa en lo que se refiere a este \u00e1mbito econ\u00f3mico.<\/p>\n<p><strong>La muestra cont\u00f3 con un amplio programa de concursos, exhibiciones, encuentros empresariales o degustaciones,<\/strong> ha reunido en esta ocasi\u00f3n a m\u00e1s de mil cabezas de ganado de especies diversas como el cerdo ib\u00e9rico, distintas razas de ovino y vacuno, un centenar de caballos de pura raza espa\u00f1ola y \u00e1rabe, a lo que se une un espacio espec\u00edfico dedicado a las aves. Est\u00e1n involucradas m\u00e1s de 300 empresas en esta edici\u00f3n de la Feria.<\/p>\n<p>La consejera de Agricultura, Pesca, Agua y Desarrollo Rural de la Junta Andaluc\u00eda, <strong>Carmen Crespo<\/strong>, presidi\u00f3 junto al alcalde de Pozoblanco, <strong>Santiago Cabello<\/strong>, el acto inaugural celebrado en el Auditorio de la Casa de la Juventud. Tambi\u00e9n participaron en esta sesi\u00f3n el presidente de la Diputaci\u00f3n Provincial,<strong> Salvador Fuentes<\/strong>; el presidente de Covap y vicepresidente de Confevap, Ricardo Delgado Vizca\u00edno; y el vicepresidente de Caja Rural del Sur, <strong>Ricardo L\u00f3pez Crespo.<\/strong><\/p>\n<p><strong>En su intervenci\u00f3n en la inauguraci\u00f3n el vicepresidente de Caja Rural, Ricardo L\u00f3pez-Crespo, record\u00f3<\/strong>\u00a0la hist\u00f3rica relaci\u00f3n de la entidad con esta Feria, que apoya desde sus inicios, y ha avanzado que se va a firmar un nuevo convenio con Confevap para que seguir trabajando en la misma l\u00ednea. Se\u00f1al\u00f3 igualmente que \u201cCaja Rural del Sur se siente cerca de esta comarca y de su gente\u201d y ha explicado que esta muestra de Los Pedroches \u201ces la mayor del sector en Andaluc\u00eda, lo que deja constancia de lo importantes que son la ganader\u00eda y la agricultura en nuestra provincia\u201d.<\/p>\n<p><strong>La consejera Carmen Crespo felicit\u00f3 a Confevap,<\/strong> Covap y el Ayuntamiento por su labor durante estas d\u00e9cadas y ha centrado su intervenci\u00f3n en la necesidad de ganar influencia \u201cen el lugar en que se toman las decisiones \u201c, en referencia a la Uni\u00f3n Europea.<\/p>\n<p><strong>El alcalde de Pozoblanco y presidente de Confevap, Santiago Cabello,<\/strong> ha agradecido el trabajo de todas las personas del Ayuntamiento, de Confevap, de Covap y del sector que \u201cvienen trabajando de manera incansable para que nuestro Recinto Ferial pueda convertirse un a\u00f1o m\u00e1s en eje y referente del campo espa\u00f1ol\u201d.<\/p>\n<p><strong>El presidente de la Diputaci\u00f3n, Salvador Fuentes,<\/strong> ha explicado que \u201c\u00e9sta es una gran Feria que define lo que es una tierra y una comarca y lo que es la ganader\u00eda y la agricultura\u201d.<\/p>\n<p><strong>El presidente de Covap y vicepresidente de Confevap, Ricardo Delgado Vizca\u00edno,<\/strong> aludi\u00f3 por su parte a las \u00faltimas lluvias, y ha explicado que son un aliciente ya que \u201cnos han dejado una primavera extraordinaria y nos han permitido abaratar los costes de alimentaci\u00f3n del ganado\u201d.<\/p>\n<p>Tras el acto inaugural, se realiz\u00f3 una visita por las instalaciones de la Feria, a la que tambi\u00e9n se sumaron la subdelegada del Gobierno en C\u00f3rdoba, Ana L\u00f3pez, que ha destacado la buena salud de la Feria, que recibe cada a\u00f1o a miles de visitantes.<\/p>\n<p>En la feria se dan cita desde ejemplares de ganader\u00edas de referencia de ovino, caprino, vacuno de leche, bovino de carne, aves de corral y equinos. Adem\u00e1s, el ganado aut\u00f3ctono estar\u00e1 representado con exposiciones de merino, negra andaluza, retinto, porcino ib\u00e9rico y caballos de pura raza espa\u00f1ola, entre otros. Adem\u00e1s de la exposici\u00f3n de ganado, tuvieron lugar los habituales concursos.<\/p>\n<p><a href=\"\/wp-content\/uploads\/2024\/04\/Feria.jpeg\" rel=\"lightbox-0\"><img loading=\"lazy\" decoding=\"async\" class=\"alignnone wp-image-9982 size-full\" src=\"\/wp-content\/uploads\/2024\/04\/Feria.jpeg\" alt=\"\" width=\"1600\" height=\"1069\" srcset=\"https:\/\/fundacioncajaruraldelsur.com\/wp-content\/uploads\/2024\/04\/Feria.jpeg 1600w, https:\/\/fundacioncajaruraldelsur.com\/wp-content\/uploads\/2024\/04\/Feria-300x200.jpeg 300w, https:\/\/fundacioncajaruraldelsur.com\/wp-content\/uploads\/2024\/04\/Feria-1024x684.jpeg 1024w, https:\/\/fundacioncajaruraldelsur.com\/wp-content\/uploads\/2024\/04\/Feria-768x513.jpeg 768w, https:\/\/fundacioncajaruraldelsur.com\/wp-content\/uploads\/2024\/04\/Feria-1536x1026.jpeg 1536w\" sizes=\"auto, (max-width: 1600px) 100vw, 1600px\" \/><\/a><\/p>","protected":false},"excerpt":{"rendered":"<p>La localidad de Pozoblanco ha celebrado la trig\u00e9sima edici\u00f3n de la Feria Agroganadera y la vig\u00e9sima de la Feria Agroalimentaria de Los Pedroches en la que ha colaborado Caja Rural [&hellip;]<\/p>\n","protected":false},"author":6,"featured_media":9981,"comment_status":"closed","ping_status":"closed","sticky":false,"template":"","format":"standard","meta":{"footnotes":""},"categories":[69,84],"tags":[],"class_list":["post-9980","post","type-post","status-publish","format-standard","has-post-thumbnail","hentry","category-colaboracion","category-presentaciones"],"yoast_head":"<!-- This site is optimized with the Yoast SEO plugin v27.3 - https:\/\/yoast.com\/product\/yoast-seo-wordpress\/ -->\n<title>Caja Rural del Sur colabora con la XXX Feria Agroganadera y XX Agroalimentaria del Valle de los Pedroches - Fundaci\u00f3n Caja Rural del Sur<\/title>\n<meta name=\"robots\" content=\"index, follow, max-snippet:-1, max-image-preview:large, max-video-preview:-1\" \/>\n<link rel=\"canonical\" href=\"https:\/\/fundacioncajaruraldelsur.com\/pt\/caja-rural-del-sur-colabora-con-la-xxx-feria-agroganadera-y-xx-agroalimentaria-del-valle-de-los-pedroches\/\" \/>\n<meta property=\"og:locale\" content=\"pt_PT\" \/>\n<meta property=\"og:type\" content=\"article\" \/>\n<meta property=\"og:title\" content=\"Caja Rural del Sur colabora con la XXX Feria Agroganadera y XX Agroalimentaria del Valle de los Pedroches - Fundaci\u00f3n Caja Rural del Sur\" \/>\n<meta property=\"og:description\" content=\"La localidad de Pozoblanco ha celebrado la trig\u00e9sima edici\u00f3n de la Feria Agroganadera y la vig\u00e9sima de la Feria Agroalimentaria de Los Pedroches en la que ha colaborado Caja Rural [&hellip;]\" \/>\n<meta property=\"og:url\" content=\"https:\/\/fundacioncajaruraldelsur.com\/pt\/caja-rural-del-sur-colabora-con-la-xxx-feria-agroganadera-y-xx-agroalimentaria-del-valle-de-los-pedroches\/\" \/>\n<meta property=\"og:site_name\" content=\"Fundaci\u00f3n Caja Rural del Sur\" \/>\n<meta property=\"article:published_time\" content=\"2024-04-19T08:01:30+00:00\" \/>\n<meta property=\"og:image\" content=\"https:\/\/fundacioncajaruraldelsur.com\/wp-content\/uploads\/2024\/04\/IMG-20240418-WA0005.jpg\" \/>\n\t<meta property=\"og:image:width\" content=\"1600\" \/>\n\t<meta property=\"og:image:height\" content=\"900\" \/>\n\t<meta property=\"og:image:type\" content=\"image\/jpeg\" \/>\n<meta name=\"author\" content=\"Comunicaci\u00f3n\" \/>\n<meta name=\"twitter:card\" content=\"summary_large_image\" \/>\n<meta name=\"twitter:label1\" content=\"Written by\" \/>\n\t<meta name=\"twitter:data1\" content=\"Comunicaci\u00f3n\" \/>\n\t<meta name=\"twitter:label2\" content=\"Est. reading time\" \/>\n\t<meta name=\"twitter:data2\" content=\"4 minutes\" \/>\n<script type=\"application\/ld+json\" class=\"yoast-schema-graph\">{\"@context\":\"https:\\\/\\\/schema.org\",\"@graph\":[{\"@type\":\"Article\",\"@id\":\"https:\\\/\\\/fundacioncajaruraldelsur.com\\\/caja-rural-del-sur-colabora-con-la-xxx-feria-agroganadera-y-xx-agroalimentaria-del-valle-de-los-pedroches\\\/#article\",\"isPartOf\":{\"@id\":\"https:\\\/\\\/fundacioncajaruraldelsur.com\\\/caja-rural-del-sur-colabora-con-la-xxx-feria-agroganadera-y-xx-agroalimentaria-del-valle-de-los-pedroches\\\/\"},\"author\":{\"name\":\"Comunicaci\u00f3n\",\"@id\":\"https:\\\/\\\/fundacioncajaruraldelsur.com\\\/#\\\/schema\\\/person\\\/f430da9fb783d505ff061ad8b3d44577\"},\"headline\":\"Caja Rural del Sur colabora con la XXX Feria Agroganadera y XX Agroalimentaria del Valle de los Pedroches\",\"datePublished\":\"2024-04-19T08:01:30+00:00\",\"mainEntityOfPage\":{\"@id\":\"https:\\\/\\\/fundacioncajaruraldelsur.com\\\/caja-rural-del-sur-colabora-con-la-xxx-feria-agroganadera-y-xx-agroalimentaria-del-valle-de-los-pedroches\\\/\"},\"wordCount\":661,\"image\":{\"@id\":\"https:\\\/\\\/fundacioncajaruraldelsur.com\\\/caja-rural-del-sur-colabora-con-la-xxx-feria-agroganadera-y-xx-agroalimentaria-del-valle-de-los-pedroches\\\/#primaryimage\"},\"thumbnailUrl\":\"https:\\\/\\\/fundacioncajaruraldelsur.com\\\/wp-content\\\/uploads\\\/2024\\\/04\\\/IMG-20240418-WA0005.jpg\",\"articleSection\":[\"Colaboraci\u00f3n\",\"Presentaciones\"],\"inLanguage\":\"pt-PT\"},{\"@type\":\"WebPage\",\"@id\":\"https:\\\/\\\/fundacioncajaruraldelsur.com\\\/caja-rural-del-sur-colabora-con-la-xxx-feria-agroganadera-y-xx-agroalimentaria-del-valle-de-los-pedroches\\\/\",\"url\":\"https:\\\/\\\/fundacioncajaruraldelsur.com\\\/caja-rural-del-sur-colabora-con-la-xxx-feria-agroganadera-y-xx-agroalimentaria-del-valle-de-los-pedroches\\\/\",\"name\":\"Caja Rural del Sur colabora con la XXX Feria Agroganadera y XX Agroalimentaria del Valle de los Pedroches - Fundaci\u00f3n Caja Rural del Sur\",\"isPartOf\":{\"@id\":\"https:\\\/\\\/fundacioncajaruraldelsur.com\\\/#website\"},\"primaryImageOfPage\":{\"@id\":\"https:\\\/\\\/fundacioncajaruraldelsur.com\\\/caja-rural-del-sur-colabora-con-la-xxx-feria-agroganadera-y-xx-agroalimentaria-del-valle-de-los-pedroches\\\/#primaryimage\"},\"image\":{\"@id\":\"https:\\\/\\\/fundacioncajaruraldelsur.com\\\/caja-rural-del-sur-colabora-con-la-xxx-feria-agroganadera-y-xx-agroalimentaria-del-valle-de-los-pedroches\\\/#primaryimage\"},\"thumbnailUrl\":\"https:\\\/\\\/fundacioncajaruraldelsur.com\\\/wp-content\\\/uploads\\\/2024\\\/04\\\/IMG-20240418-WA0005.jpg\",\"datePublished\":\"2024-04-19T08:01:30+00:00\",\"author\":{\"@id\":\"https:\\\/\\\/fundacioncajaruraldelsur.com\\\/#\\\/schema\\\/person\\\/f430da9fb783d505ff061ad8b3d44577\"},\"breadcrumb\":{\"@id\":\"https:\\\/\\\/fundacioncajaruraldelsur.com\\\/caja-rural-del-sur-colabora-con-la-xxx-feria-agroganadera-y-xx-agroalimentaria-del-valle-de-los-pedroches\\\/#breadcrumb\"},\"inLanguage\":\"pt-PT\",\"potentialAction\":[{\"@type\":\"ReadAction\",\"target\":[\"https:\\\/\\\/fundacioncajaruraldelsur.com\\\/caja-rural-del-sur-colabora-con-la-xxx-feria-agroganadera-y-xx-agroalimentaria-del-valle-de-los-pedroches\\\/\"]}]},{\"@type\":\"ImageObject\",\"inLanguage\":\"pt-PT\",\"@id\":\"https:\\\/\\\/fundacioncajaruraldelsur.com\\\/caja-rural-del-sur-colabora-con-la-xxx-feria-agroganadera-y-xx-agroalimentaria-del-valle-de-los-pedroches\\\/#primaryimage\",\"url\":\"https:\\\/\\\/fundacioncajaruraldelsur.com\\\/wp-content\\\/uploads\\\/2024\\\/04\\\/IMG-20240418-WA0005.jpg\",\"contentUrl\":\"https:\\\/\\\/fundacioncajaruraldelsur.com\\\/wp-content\\\/uploads\\\/2024\\\/04\\\/IMG-20240418-WA0005.jpg\",\"width\":1600,\"height\":900},{\"@type\":\"BreadcrumbList\",\"@id\":\"https:\\\/\\\/fundacioncajaruraldelsur.com\\\/caja-rural-del-sur-colabora-con-la-xxx-feria-agroganadera-y-xx-agroalimentaria-del-valle-de-los-pedroches\\\/#breadcrumb\",\"itemListElement\":[{\"@type\":\"ListItem\",\"position\":1,\"name\":\"Portada\",\"item\":\"https:\\\/\\\/fundacioncajaruraldelsur.com\\\/\"},{\"@type\":\"ListItem\",\"position\":2,\"name\":\"Caja Rural del Sur colabora con la XXX Feria Agroganadera y XX Agroalimentaria del Valle de los Pedroches\"}]},{\"@type\":\"WebSite\",\"@id\":\"https:\\\/\\\/fundacioncajaruraldelsur.com\\\/#website\",\"url\":\"https:\\\/\\\/fundacioncajaruraldelsur.com\\\/\",\"name\":\"Fundaci\u00f3n Caja Rural del Sur\",\"description\":\"\",\"potentialAction\":[{\"@type\":\"SearchAction\",\"target\":{\"@type\":\"EntryPoint\",\"urlTemplate\":\"https:\\\/\\\/fundacioncajaruraldelsur.com\\\/?s={search_term_string}\"},\"query-input\":{\"@type\":\"PropertyValueSpecification\",\"valueRequired\":true,\"valueName\":\"search_term_string\"}}],\"inLanguage\":\"pt-PT\"},{\"@type\":\"Person\",\"@id\":\"https:\\\/\\\/fundacioncajaruraldelsur.com\\\/#\\\/schema\\\/person\\\/f430da9fb783d505ff061ad8b3d44577\",\"name\":\"Comunicaci\u00f3n\",\"image\":{\"@type\":\"ImageObject\",\"inLanguage\":\"pt-PT\",\"@id\":\"https:\\\/\\\/secure.gravatar.com\\\/avatar\\\/0dca239875993680bac4603ad2de7942da018f52cc3a244578e0b3b09314a8d8?s=96&d=blank&r=g\",\"url\":\"https:\\\/\\\/secure.gravatar.com\\\/avatar\\\/0dca239875993680bac4603ad2de7942da018f52cc3a244578e0b3b09314a8d8?s=96&d=blank&r=g\",\"contentUrl\":\"https:\\\/\\\/secure.gravatar.com\\\/avatar\\\/0dca239875993680bac4603ad2de7942da018f52cc3a244578e0b3b09314a8d8?s=96&d=blank&r=g\",\"caption\":\"Comunicaci\u00f3n\"}}]}<\/script>\n<!-- \/ Yoast SEO plugin. -->","yoast_head_json":{"title":"Caja Rural del Sur colabora con la XXX Feria Agroganadera y XX Agroalimentaria del Valle de los Pedroches - Fundaci\u00f3n Caja Rural del Sur","robots":{"index":"index","follow":"follow","max-snippet":"max-snippet:-1","max-image-preview":"max-image-preview:large","max-video-preview":"max-video-preview:-1"},"canonical":"https:\/\/fundacioncajaruraldelsur.com\/pt\/caja-rural-del-sur-colabora-con-la-xxx-feria-agroganadera-y-xx-agroalimentaria-del-valle-de-los-pedroches\/","og_locale":"pt_PT","og_type":"article","og_title":"Caja Rural del Sur colabora con la XXX Feria Agroganadera y XX Agroalimentaria del Valle de los Pedroches - Fundaci\u00f3n Caja Rural del Sur","og_description":"La localidad de Pozoblanco ha celebrado la trig\u00e9sima edici\u00f3n de la Feria Agroganadera y la vig\u00e9sima de la Feria Agroalimentaria de Los Pedroches en la que ha colaborado Caja Rural [&hellip;]","og_url":"https:\/\/fundacioncajaruraldelsur.com\/pt\/caja-rural-del-sur-colabora-con-la-xxx-feria-agroganadera-y-xx-agroalimentaria-del-valle-de-los-pedroches\/","og_site_name":"Fundaci\u00f3n Caja Rural del Sur","article_published_time":"2024-04-19T08:01:30+00:00","og_image":[{"width":1600,"height":900,"url":"https:\/\/fundacioncajaruraldelsur.com\/wp-content\/uploads\/2024\/04\/IMG-20240418-WA0005.jpg","type":"image\/jpeg"}],"author":"Comunicaci\u00f3n","twitter_card":"summary_large_image","twitter_misc":{"Written by":"Comunicaci\u00f3n","Est. reading time":"4 minutes"},"schema":{"@context":"https:\/\/schema.org","@graph":[{"@type":"Article","@id":"https:\/\/fundacioncajaruraldelsur.com\/caja-rural-del-sur-colabora-con-la-xxx-feria-agroganadera-y-xx-agroalimentaria-del-valle-de-los-pedroches\/#article","isPartOf":{"@id":"https:\/\/fundacioncajaruraldelsur.com\/caja-rural-del-sur-colabora-con-la-xxx-feria-agroganadera-y-xx-agroalimentaria-del-valle-de-los-pedroches\/"},"author":{"name":"Comunicaci\u00f3n","@id":"https:\/\/fundacioncajaruraldelsur.com\/#\/schema\/person\/f430da9fb783d505ff061ad8b3d44577"},"headline":"Caja Rural del Sur colabora con la XXX Feria Agroganadera y XX Agroalimentaria del Valle de los Pedroches","datePublished":"2024-04-19T08:01:30+00:00","mainEntityOfPage":{"@id":"https:\/\/fundacioncajaruraldelsur.com\/caja-rural-del-sur-colabora-con-la-xxx-feria-agroganadera-y-xx-agroalimentaria-del-valle-de-los-pedroches\/"},"wordCount":661,"image":{"@id":"https:\/\/fundacioncajaruraldelsur.com\/caja-rural-del-sur-colabora-con-la-xxx-feria-agroganadera-y-xx-agroalimentaria-del-valle-de-los-pedroches\/#primaryimage"},"thumbnailUrl":"https:\/\/fundacioncajaruraldelsur.com\/wp-content\/uploads\/2024\/04\/IMG-20240418-WA0005.jpg","articleSection":["Colaboraci\u00f3n","Presentaciones"],"inLanguage":"pt-PT"},{"@type":"WebPage","@id":"https:\/\/fundacioncajaruraldelsur.com\/caja-rural-del-sur-colabora-con-la-xxx-feria-agroganadera-y-xx-agroalimentaria-del-valle-de-los-pedroches\/","url":"https:\/\/fundacioncajaruraldelsur.com\/caja-rural-del-sur-colabora-con-la-xxx-feria-agroganadera-y-xx-agroalimentaria-del-valle-de-los-pedroches\/","name":"Caja Rural del Sur colabora con la XXX Feria Agroganadera y XX Agroalimentaria del Valle de los Pedroches - Fundaci\u00f3n Caja Rural del Sur","isPartOf":{"@id":"https:\/\/fundacioncajaruraldelsur.com\/#website"},"primaryImageOfPage":{"@id":"https:\/\/fundacioncajaruraldelsur.com\/caja-rural-del-sur-colabora-con-la-xxx-feria-agroganadera-y-xx-agroalimentaria-del-valle-de-los-pedroches\/#primaryimage"},"image":{"@id":"https:\/\/fundacioncajaruraldelsur.com\/caja-rural-del-sur-colabora-con-la-xxx-feria-agroganadera-y-xx-agroalimentaria-del-valle-de-los-pedroches\/#primaryimage"},"thumbnailUrl":"https:\/\/fundacioncajaruraldelsur.com\/wp-content\/uploads\/2024\/04\/IMG-20240418-WA0005.jpg","datePublished":"2024-04-19T08:01:30+00:00","author":{"@id":"https:\/\/fundacioncajaruraldelsur.com\/#\/schema\/person\/f430da9fb783d505ff061ad8b3d44577"},"breadcrumb":{"@id":"https:\/\/fundacioncajaruraldelsur.com\/caja-rural-del-sur-colabora-con-la-xxx-feria-agroganadera-y-xx-agroalimentaria-del-valle-de-los-pedroches\/#breadcrumb"},"inLanguage":"pt-PT","potentialAction":[{"@type":"ReadAction","target":["https:\/\/fundacioncajaruraldelsur.com\/caja-rural-del-sur-colabora-con-la-xxx-feria-agroganadera-y-xx-agroalimentaria-del-valle-de-los-pedroches\/"]}]},{"@type":"ImageObject","inLanguage":"pt-PT","@id":"https:\/\/fundacioncajaruraldelsur.com\/caja-rural-del-sur-colabora-con-la-xxx-feria-agroganadera-y-xx-agroalimentaria-del-valle-de-los-pedroches\/#primaryimage","url":"https:\/\/fundacioncajaruraldelsur.com\/wp-content\/uploads\/2024\/04\/IMG-20240418-WA0005.jpg","contentUrl":"https:\/\/fundacioncajaruraldelsur.com\/wp-content\/uploads\/2024\/04\/IMG-20240418-WA0005.jpg","width":1600,"height":900},{"@type":"BreadcrumbList","@id":"https:\/\/fundacioncajaruraldelsur.com\/caja-rural-del-sur-colabora-con-la-xxx-feria-agroganadera-y-xx-agroalimentaria-del-valle-de-los-pedroches\/#breadcrumb","itemListElement":[{"@type":"ListItem","position":1,"name":"Portada","item":"https:\/\/fundacioncajaruraldelsur.com\/"},{"@type":"ListItem","position":2,"name":"Caja Rural del Sur colabora con la XXX Feria Agroganadera y XX Agroalimentaria del Valle de los Pedroches"}]},{"@type":"WebSite","@id":"https:\/\/fundacioncajaruraldelsur.com\/#website","url":"https:\/\/fundacioncajaruraldelsur.com\/","name":"Funda\u00e7\u00e3o Caja Rural del Sur","description":"","potentialAction":[{"@type":"SearchAction","target":{"@type":"EntryPoint","urlTemplate":"https:\/\/fundacioncajaruraldelsur.com\/?s={search_term_string}"},"query-input":{"@type":"PropertyValueSpecification","valueRequired":true,"valueName":"search_term_string"}}],"inLanguage":"pt-PT"},{"@type":"Person","@id":"https:\/\/fundacioncajaruraldelsur.com\/#\/schema\/person\/f430da9fb783d505ff061ad8b3d44577","name":"Comunicaci\u00f3n","image":{"@type":"ImageObject","inLanguage":"pt-PT","@id":"https:\/\/secure.gravatar.com\/avatar\/0dca239875993680bac4603ad2de7942da018f52cc3a244578e0b3b09314a8d8?s=96&d=blank&r=g","url":"https:\/\/secure.gravatar.com\/avatar\/0dca239875993680bac4603ad2de7942da018f52cc3a244578e0b3b09314a8d8?s=96&d=blank&r=g","contentUrl":"https:\/\/secure.gravatar.com\/avatar\/0dca239875993680bac4603ad2de7942da018f52cc3a244578e0b3b09314a8d8?s=96&d=blank&r=g","caption":"Comunicaci\u00f3n"}}]}},"rttpg_featured_image_url":{"full":["https:\/\/fundacioncajaruraldelsur.com\/wp-content\/uploads\/2024\/04\/IMG-20240418-WA0005.jpg",1600,900,false],"landscape":["https:\/\/fundacioncajaruraldelsur.com\/wp-content\/uploads\/2024\/04\/IMG-20240418-WA0005.jpg",1600,900,false],"portraits":["https:\/\/fundacioncajaruraldelsur.com\/wp-content\/uploads\/2024\/04\/IMG-20240418-WA0005.jpg",1600,900,false],"thumbnail":["https:\/\/fundacioncajaruraldelsur.com\/wp-content\/uploads\/2024\/04\/IMG-20240418-WA0005-150x150.jpg",150,150,true],"medium":["https:\/\/fundacioncajaruraldelsur.com\/wp-content\/uploads\/2024\/04\/IMG-20240418-WA0005-300x169.jpg",300,169,true],"large":["https:\/\/fundacioncajaruraldelsur.com\/wp-content\/uploads\/2024\/04\/IMG-20240418-WA0005-1024x576.jpg",960,540,true],"1536x1536":["https:\/\/fundacioncajaruraldelsur.com\/wp-content\/uploads\/2024\/04\/IMG-20240418-WA0005-1536x864.jpg",1536,864,true],"2048x2048":["https:\/\/fundacioncajaruraldelsur.com\/wp-content\/uploads\/2024\/04\/IMG-20240418-WA0005.jpg",1600,900,false],"trp-custom-language-flag":["https:\/\/fundacioncajaruraldelsur.com\/wp-content\/uploads\/2024\/04\/IMG-20240418-WA0005.jpg",18,10,false],"blog-thumbnail":["https:\/\/fundacioncajaruraldelsur.com\/wp-content\/uploads\/2024\/04\/IMG-20240418-WA0005-400x200.jpg",400,200,true]},"rttpg_author":{"display_name":"Comunicaci\u00f3n","author_link":"https:\/\/fundacioncajaruraldelsur.com\/pt\/author\/sevillaadmin\/"},"rttpg_comment":0,"rttpg_category":"<a href=\"https:\/\/fundacioncajaruraldelsur.com\/pt\/category\/colaboracion\/\" rel=\"category tag\">Colaboraci\u00f3n<\/a> <a href=\"https:\/\/fundacioncajaruraldelsur.com\/pt\/category\/presentaciones\/\" rel=\"category tag\">Presentaciones<\/a>","rttpg_excerpt":"La localidad de Pozoblanco ha celebrado la trig\u00e9sima edici\u00f3n de la Feria Agroganadera y la vig\u00e9sima de la Feria Agroalimentaria de Los Pedroches en la que ha colaborado Caja Rural [&hellip;]","_links":{"self":[{"href":"https:\/\/fundacioncajaruraldelsur.com\/pt\/wp-json\/wp\/v2\/posts\/9980","targetHints":{"allow":["GET"]}}],"collection":[{"href":"https:\/\/fundacioncajaruraldelsur.com\/pt\/wp-json\/wp\/v2\/posts"}],"about":[{"href":"https:\/\/fundacioncajaruraldelsur.com\/pt\/wp-json\/wp\/v2\/types\/post"}],"author":[{"embeddable":true,"href":"https:\/\/fundacioncajaruraldelsur.com\/pt\/wp-json\/wp\/v2\/users\/6"}],"replies":[{"embeddable":true,"href":"https:\/\/fundacioncajaruraldelsur.com\/pt\/wp-json\/wp\/v2\/comments?post=9980"}],"version-history":[{"count":1,"href":"https:\/\/fundacioncajaruraldelsur.com\/pt\/wp-json\/wp\/v2\/posts\/9980\/revisions"}],"predecessor-version":[{"id":9983,"href":"https:\/\/fundacioncajaruraldelsur.com\/pt\/wp-json\/wp\/v2\/posts\/9980\/revisions\/9983"}],"wp:featuredmedia":[{"embeddable":true,"href":"https:\/\/fundacioncajaruraldelsur.com\/pt\/wp-json\/wp\/v2\/media\/9981"}],"wp:attachment":[{"href":"https:\/\/fundacioncajaruraldelsur.com\/pt\/wp-json\/wp\/v2\/media?parent=9980"}],"wp:term":[{"taxonomy":"category","embeddable":true,"href":"https:\/\/fundacioncajaruraldelsur.com\/pt\/wp-json\/wp\/v2\/categories?post=9980"},{"taxonomy":"post_tag","embeddable":true,"href":"https:\/\/fundacioncajaruraldelsur.com\/pt\/wp-json\/wp\/v2\/tags?post=9980"}],"curies":[{"name":"wp","href":"https:\/\/api.w.org\/{rel}","templated":true}]}}