{"id":9868,"date":"2024-03-13T21:36:13","date_gmt":"2024-03-13T20:36:13","guid":{"rendered":"\/?p=9868"},"modified":"2024-03-13T21:36:13","modified_gmt":"2024-03-13T20:36:13","slug":"fundacion-caja-rural-del-sur-patrocinador-de-la-v-edicion-del-circuito-de-novilladas-de-andalucia","status":"publish","type":"post","link":"https:\/\/fundacioncajaruraldelsur.com\/pt\/fundacion-caja-rural-del-sur-patrocinador-de-la-v-edicion-del-circuito-de-novilladas-de-andalucia\/","title":{"rendered":"Fundaci\u00f3n Caja Rural del Sur, patrocinador de la V edici\u00f3n del Circuito de Novilladas de Andaluc\u00eda"},"content":{"rendered":"<p><strong>La Fundaci\u00f3n Caja Rural del Sur y la Fundaci\u00f3n Toro de Lidia<\/strong> han renovado por quinto a\u00f1o consecutivo un acuerdo de colaboraci\u00f3n para el fomento de la tauromaquia en Andaluc\u00eda a trav\u00e9s del patrocinio del <strong>Circuito de Novilladas de Andaluc\u00eda<\/strong>, que comienza este s\u00e1bado en el municipio gaditano de Sanl\u00facar de Barrameda.<\/p>\n<p>El director de Fundaci\u00f3n Caja Rural del Sur, Emilio Ponce, ha indicado que el objetivo de volver a patrocinar este evento es \u00abfavorecer la formaci\u00f3n de las futuras figuras del toreo\u00bb.<\/p>\n<p>La labor de la Fundaci\u00f3n se centra en \u00abpotenciar, cuidar, y defender la Fiesta Nacional\u00bb, seg\u00fan ha asegurado Ponce en un comunicado. Esta labor, adem\u00e1s, est\u00e1 basada en el sector econ\u00f3mico, puesto que la Fundaci\u00f3n Caja Rural del Sur es \u00abuna fundaci\u00f3n bancaria ligada al cr\u00e9dito cooperativo, y la defensa del toro bravo es la defensa de un ecosistema \u00fanico como es la dehesa. Uno de nuestros objetivos es que no se abandonen ese tipo de explotaciones\u00bb, ha recalcado.<\/p>\n<p>En cuanto al fomento de las j\u00f3venes promesas del toreo, el director de La Fundaci\u00f3n Caja Rural del Sur ha destacado que \u00abuno de los valores que defendemos es el emprendimiento, y lo que hacen los novilleros es otra faceta m\u00e1s de ello, ya que est\u00e1n emprendiendo desde otro punto de vista que no es el tradicional de crear una empresa\u00bb.<\/p>\n<p><a href=\"\/wp-content\/uploads\/2024\/03\/PHOTO-2024-03-12-09-31-32.jpg\" rel=\"lightbox-0\"><img loading=\"lazy\" decoding=\"async\" class=\"alignnone wp-image-9870 size-full\" src=\"\/wp-content\/uploads\/2024\/03\/PHOTO-2024-03-12-09-31-32.jpg\" alt=\"\" width=\"1200\" height=\"1600\" srcset=\"https:\/\/fundacioncajaruraldelsur.com\/wp-content\/uploads\/2024\/03\/PHOTO-2024-03-12-09-31-32.jpg 1200w, https:\/\/fundacioncajaruraldelsur.com\/wp-content\/uploads\/2024\/03\/PHOTO-2024-03-12-09-31-32-225x300.jpg 225w, https:\/\/fundacioncajaruraldelsur.com\/wp-content\/uploads\/2024\/03\/PHOTO-2024-03-12-09-31-32-768x1024.jpg 768w, https:\/\/fundacioncajaruraldelsur.com\/wp-content\/uploads\/2024\/03\/PHOTO-2024-03-12-09-31-32-1152x1536.jpg 1152w\" sizes=\"auto, (max-width: 1200px) 100vw, 1200px\" \/><\/a><\/p>","protected":false},"excerpt":{"rendered":"<p>La Fundaci\u00f3n Caja Rural del Sur y la Fundaci\u00f3n Toro de Lidia han renovado por quinto a\u00f1o consecutivo un acuerdo de colaboraci\u00f3n para el fomento de la tauromaquia en Andaluc\u00eda [&hellip;]<\/p>\n","protected":false},"author":6,"featured_media":9869,"comment_status":"closed","ping_status":"closed","sticky":false,"template":"","format":"standard","meta":{"footnotes":""},"categories":[84],"tags":[],"class_list":["post-9868","post","type-post","status-publish","format-standard","has-post-thumbnail","hentry","category-presentaciones"],"yoast_head":"<!-- This site is optimized with the Yoast SEO plugin v27.3 - https:\/\/yoast.com\/product\/yoast-seo-wordpress\/ -->\n<title>Fundaci\u00f3n Caja Rural del Sur, patrocinador de la V edici\u00f3n del Circuito de Novilladas de Andaluc\u00eda - Fundaci\u00f3n Caja Rural del Sur<\/title>\n<meta name=\"robots\" content=\"index, follow, max-snippet:-1, max-image-preview:large, max-video-preview:-1\" \/>\n<link rel=\"canonical\" href=\"https:\/\/fundacioncajaruraldelsur.com\/pt\/fundacion-caja-rural-del-sur-patrocinador-de-la-v-edicion-del-circuito-de-novilladas-de-andalucia\/\" \/>\n<meta property=\"og:locale\" content=\"pt_PT\" \/>\n<meta property=\"og:type\" content=\"article\" \/>\n<meta property=\"og:title\" content=\"Fundaci\u00f3n Caja Rural del Sur, patrocinador de la V edici\u00f3n del Circuito de Novilladas de Andaluc\u00eda - Fundaci\u00f3n Caja Rural del Sur\" \/>\n<meta property=\"og:description\" content=\"La Fundaci\u00f3n Caja Rural del Sur y la Fundaci\u00f3n Toro de Lidia han renovado por quinto a\u00f1o consecutivo un acuerdo de colaboraci\u00f3n para el fomento de la tauromaquia en Andaluc\u00eda [&hellip;]\" \/>\n<meta property=\"og:url\" content=\"https:\/\/fundacioncajaruraldelsur.com\/pt\/fundacion-caja-rural-del-sur-patrocinador-de-la-v-edicion-del-circuito-de-novilladas-de-andalucia\/\" \/>\n<meta property=\"og:site_name\" content=\"Fundaci\u00f3n Caja Rural del Sur\" \/>\n<meta property=\"article:published_time\" content=\"2024-03-13T20:36:13+00:00\" \/>\n<meta property=\"og:image\" content=\"https:\/\/fundacioncajaruraldelsur.com\/wp-content\/uploads\/2024\/03\/PHOTO-2024-03-12-09-30-54.jpg\" \/>\n\t<meta property=\"og:image:width\" content=\"1281\" \/>\n\t<meta property=\"og:image:height\" content=\"854\" \/>\n\t<meta property=\"og:image:type\" content=\"image\/jpeg\" \/>\n<meta name=\"author\" content=\"Comunicaci\u00f3n\" \/>\n<meta name=\"twitter:card\" content=\"summary_large_image\" \/>\n<meta name=\"twitter:label1\" content=\"Written by\" \/>\n\t<meta name=\"twitter:data1\" content=\"Comunicaci\u00f3n\" \/>\n\t<meta name=\"twitter:label2\" content=\"Est. reading time\" \/>\n\t<meta name=\"twitter:data2\" content=\"2 minutes\" \/>\n<script type=\"application\/ld+json\" class=\"yoast-schema-graph\">{\"@context\":\"https:\\\/\\\/schema.org\",\"@graph\":[{\"@type\":\"Article\",\"@id\":\"https:\\\/\\\/fundacioncajaruraldelsur.com\\\/fundacion-caja-rural-del-sur-patrocinador-de-la-v-edicion-del-circuito-de-novilladas-de-andalucia\\\/#article\",\"isPartOf\":{\"@id\":\"https:\\\/\\\/fundacioncajaruraldelsur.com\\\/fundacion-caja-rural-del-sur-patrocinador-de-la-v-edicion-del-circuito-de-novilladas-de-andalucia\\\/\"},\"author\":{\"name\":\"Comunicaci\u00f3n\",\"@id\":\"https:\\\/\\\/fundacioncajaruraldelsur.com\\\/#\\\/schema\\\/person\\\/f430da9fb783d505ff061ad8b3d44577\"},\"headline\":\"Fundaci\u00f3n Caja Rural del Sur, patrocinador de la V edici\u00f3n del Circuito de Novilladas de Andaluc\u00eda\",\"datePublished\":\"2024-03-13T20:36:13+00:00\",\"mainEntityOfPage\":{\"@id\":\"https:\\\/\\\/fundacioncajaruraldelsur.com\\\/fundacion-caja-rural-del-sur-patrocinador-de-la-v-edicion-del-circuito-de-novilladas-de-andalucia\\\/\"},\"wordCount\":264,\"image\":{\"@id\":\"https:\\\/\\\/fundacioncajaruraldelsur.com\\\/fundacion-caja-rural-del-sur-patrocinador-de-la-v-edicion-del-circuito-de-novilladas-de-andalucia\\\/#primaryimage\"},\"thumbnailUrl\":\"https:\\\/\\\/fundacioncajaruraldelsur.com\\\/wp-content\\\/uploads\\\/2024\\\/03\\\/PHOTO-2024-03-12-09-30-54.jpg\",\"articleSection\":[\"Presentaciones\"],\"inLanguage\":\"pt-PT\"},{\"@type\":\"WebPage\",\"@id\":\"https:\\\/\\\/fundacioncajaruraldelsur.com\\\/fundacion-caja-rural-del-sur-patrocinador-de-la-v-edicion-del-circuito-de-novilladas-de-andalucia\\\/\",\"url\":\"https:\\\/\\\/fundacioncajaruraldelsur.com\\\/fundacion-caja-rural-del-sur-patrocinador-de-la-v-edicion-del-circuito-de-novilladas-de-andalucia\\\/\",\"name\":\"Fundaci\u00f3n Caja Rural del Sur, patrocinador de la V edici\u00f3n del Circuito de Novilladas de Andaluc\u00eda - Fundaci\u00f3n Caja Rural del Sur\",\"isPartOf\":{\"@id\":\"https:\\\/\\\/fundacioncajaruraldelsur.com\\\/#website\"},\"primaryImageOfPage\":{\"@id\":\"https:\\\/\\\/fundacioncajaruraldelsur.com\\\/fundacion-caja-rural-del-sur-patrocinador-de-la-v-edicion-del-circuito-de-novilladas-de-andalucia\\\/#primaryimage\"},\"image\":{\"@id\":\"https:\\\/\\\/fundacioncajaruraldelsur.com\\\/fundacion-caja-rural-del-sur-patrocinador-de-la-v-edicion-del-circuito-de-novilladas-de-andalucia\\\/#primaryimage\"},\"thumbnailUrl\":\"https:\\\/\\\/fundacioncajaruraldelsur.com\\\/wp-content\\\/uploads\\\/2024\\\/03\\\/PHOTO-2024-03-12-09-30-54.jpg\",\"datePublished\":\"2024-03-13T20:36:13+00:00\",\"author\":{\"@id\":\"https:\\\/\\\/fundacioncajaruraldelsur.com\\\/#\\\/schema\\\/person\\\/f430da9fb783d505ff061ad8b3d44577\"},\"breadcrumb\":{\"@id\":\"https:\\\/\\\/fundacioncajaruraldelsur.com\\\/fundacion-caja-rural-del-sur-patrocinador-de-la-v-edicion-del-circuito-de-novilladas-de-andalucia\\\/#breadcrumb\"},\"inLanguage\":\"pt-PT\",\"potentialAction\":[{\"@type\":\"ReadAction\",\"target\":[\"https:\\\/\\\/fundacioncajaruraldelsur.com\\\/fundacion-caja-rural-del-sur-patrocinador-de-la-v-edicion-del-circuito-de-novilladas-de-andalucia\\\/\"]}]},{\"@type\":\"ImageObject\",\"inLanguage\":\"pt-PT\",\"@id\":\"https:\\\/\\\/fundacioncajaruraldelsur.com\\\/fundacion-caja-rural-del-sur-patrocinador-de-la-v-edicion-del-circuito-de-novilladas-de-andalucia\\\/#primaryimage\",\"url\":\"https:\\\/\\\/fundacioncajaruraldelsur.com\\\/wp-content\\\/uploads\\\/2024\\\/03\\\/PHOTO-2024-03-12-09-30-54.jpg\",\"contentUrl\":\"https:\\\/\\\/fundacioncajaruraldelsur.com\\\/wp-content\\\/uploads\\\/2024\\\/03\\\/PHOTO-2024-03-12-09-30-54.jpg\",\"width\":1281,\"height\":854},{\"@type\":\"BreadcrumbList\",\"@id\":\"https:\\\/\\\/fundacioncajaruraldelsur.com\\\/fundacion-caja-rural-del-sur-patrocinador-de-la-v-edicion-del-circuito-de-novilladas-de-andalucia\\\/#breadcrumb\",\"itemListElement\":[{\"@type\":\"ListItem\",\"position\":1,\"name\":\"Portada\",\"item\":\"https:\\\/\\\/fundacioncajaruraldelsur.com\\\/\"},{\"@type\":\"ListItem\",\"position\":2,\"name\":\"Fundaci\u00f3n Caja Rural del Sur, patrocinador de la V edici\u00f3n del Circuito de Novilladas de Andaluc\u00eda\"}]},{\"@type\":\"WebSite\",\"@id\":\"https:\\\/\\\/fundacioncajaruraldelsur.com\\\/#website\",\"url\":\"https:\\\/\\\/fundacioncajaruraldelsur.com\\\/\",\"name\":\"Fundaci\u00f3n Caja Rural del Sur\",\"description\":\"\",\"potentialAction\":[{\"@type\":\"SearchAction\",\"target\":{\"@type\":\"EntryPoint\",\"urlTemplate\":\"https:\\\/\\\/fundacioncajaruraldelsur.com\\\/?s={search_term_string}\"},\"query-input\":{\"@type\":\"PropertyValueSpecification\",\"valueRequired\":true,\"valueName\":\"search_term_string\"}}],\"inLanguage\":\"pt-PT\"},{\"@type\":\"Person\",\"@id\":\"https:\\\/\\\/fundacioncajaruraldelsur.com\\\/#\\\/schema\\\/person\\\/f430da9fb783d505ff061ad8b3d44577\",\"name\":\"Comunicaci\u00f3n\",\"image\":{\"@type\":\"ImageObject\",\"inLanguage\":\"pt-PT\",\"@id\":\"https:\\\/\\\/secure.gravatar.com\\\/avatar\\\/0dca239875993680bac4603ad2de7942da018f52cc3a244578e0b3b09314a8d8?s=96&d=blank&r=g\",\"url\":\"https:\\\/\\\/secure.gravatar.com\\\/avatar\\\/0dca239875993680bac4603ad2de7942da018f52cc3a244578e0b3b09314a8d8?s=96&d=blank&r=g\",\"contentUrl\":\"https:\\\/\\\/secure.gravatar.com\\\/avatar\\\/0dca239875993680bac4603ad2de7942da018f52cc3a244578e0b3b09314a8d8?s=96&d=blank&r=g\",\"caption\":\"Comunicaci\u00f3n\"}}]}<\/script>\n<!-- \/ Yoast SEO plugin. -->","yoast_head_json":{"title":"Fundaci\u00f3n Caja Rural del Sur, patrocinador de la V edici\u00f3n del Circuito de Novilladas de Andaluc\u00eda - Fundaci\u00f3n Caja Rural del Sur","robots":{"index":"index","follow":"follow","max-snippet":"max-snippet:-1","max-image-preview":"max-image-preview:large","max-video-preview":"max-video-preview:-1"},"canonical":"https:\/\/fundacioncajaruraldelsur.com\/pt\/fundacion-caja-rural-del-sur-patrocinador-de-la-v-edicion-del-circuito-de-novilladas-de-andalucia\/","og_locale":"pt_PT","og_type":"article","og_title":"Fundaci\u00f3n Caja Rural del Sur, patrocinador de la V edici\u00f3n del Circuito de Novilladas de Andaluc\u00eda - Fundaci\u00f3n Caja Rural del Sur","og_description":"La Fundaci\u00f3n Caja Rural del Sur y la Fundaci\u00f3n Toro de Lidia han renovado por quinto a\u00f1o consecutivo un acuerdo de colaboraci\u00f3n para el fomento de la tauromaquia en Andaluc\u00eda [&hellip;]","og_url":"https:\/\/fundacioncajaruraldelsur.com\/pt\/fundacion-caja-rural-del-sur-patrocinador-de-la-v-edicion-del-circuito-de-novilladas-de-andalucia\/","og_site_name":"Fundaci\u00f3n Caja Rural del Sur","article_published_time":"2024-03-13T20:36:13+00:00","og_image":[{"width":1281,"height":854,"url":"https:\/\/fundacioncajaruraldelsur.com\/wp-content\/uploads\/2024\/03\/PHOTO-2024-03-12-09-30-54.jpg","type":"image\/jpeg"}],"author":"Comunicaci\u00f3n","twitter_card":"summary_large_image","twitter_misc":{"Written by":"Comunicaci\u00f3n","Est. reading time":"2 minutes"},"schema":{"@context":"https:\/\/schema.org","@graph":[{"@type":"Article","@id":"https:\/\/fundacioncajaruraldelsur.com\/fundacion-caja-rural-del-sur-patrocinador-de-la-v-edicion-del-circuito-de-novilladas-de-andalucia\/#article","isPartOf":{"@id":"https:\/\/fundacioncajaruraldelsur.com\/fundacion-caja-rural-del-sur-patrocinador-de-la-v-edicion-del-circuito-de-novilladas-de-andalucia\/"},"author":{"name":"Comunicaci\u00f3n","@id":"https:\/\/fundacioncajaruraldelsur.com\/#\/schema\/person\/f430da9fb783d505ff061ad8b3d44577"},"headline":"Fundaci\u00f3n Caja Rural del Sur, patrocinador de la V edici\u00f3n del Circuito de Novilladas de Andaluc\u00eda","datePublished":"2024-03-13T20:36:13+00:00","mainEntityOfPage":{"@id":"https:\/\/fundacioncajaruraldelsur.com\/fundacion-caja-rural-del-sur-patrocinador-de-la-v-edicion-del-circuito-de-novilladas-de-andalucia\/"},"wordCount":264,"image":{"@id":"https:\/\/fundacioncajaruraldelsur.com\/fundacion-caja-rural-del-sur-patrocinador-de-la-v-edicion-del-circuito-de-novilladas-de-andalucia\/#primaryimage"},"thumbnailUrl":"https:\/\/fundacioncajaruraldelsur.com\/wp-content\/uploads\/2024\/03\/PHOTO-2024-03-12-09-30-54.jpg","articleSection":["Presentaciones"],"inLanguage":"pt-PT"},{"@type":"WebPage","@id":"https:\/\/fundacioncajaruraldelsur.com\/fundacion-caja-rural-del-sur-patrocinador-de-la-v-edicion-del-circuito-de-novilladas-de-andalucia\/","url":"https:\/\/fundacioncajaruraldelsur.com\/fundacion-caja-rural-del-sur-patrocinador-de-la-v-edicion-del-circuito-de-novilladas-de-andalucia\/","name":"Fundaci\u00f3n Caja Rural del Sur, patrocinador de la V edici\u00f3n del Circuito de Novilladas de Andaluc\u00eda - Fundaci\u00f3n Caja Rural del Sur","isPartOf":{"@id":"https:\/\/fundacioncajaruraldelsur.com\/#website"},"primaryImageOfPage":{"@id":"https:\/\/fundacioncajaruraldelsur.com\/fundacion-caja-rural-del-sur-patrocinador-de-la-v-edicion-del-circuito-de-novilladas-de-andalucia\/#primaryimage"},"image":{"@id":"https:\/\/fundacioncajaruraldelsur.com\/fundacion-caja-rural-del-sur-patrocinador-de-la-v-edicion-del-circuito-de-novilladas-de-andalucia\/#primaryimage"},"thumbnailUrl":"https:\/\/fundacioncajaruraldelsur.com\/wp-content\/uploads\/2024\/03\/PHOTO-2024-03-12-09-30-54.jpg","datePublished":"2024-03-13T20:36:13+00:00","author":{"@id":"https:\/\/fundacioncajaruraldelsur.com\/#\/schema\/person\/f430da9fb783d505ff061ad8b3d44577"},"breadcrumb":{"@id":"https:\/\/fundacioncajaruraldelsur.com\/fundacion-caja-rural-del-sur-patrocinador-de-la-v-edicion-del-circuito-de-novilladas-de-andalucia\/#breadcrumb"},"inLanguage":"pt-PT","potentialAction":[{"@type":"ReadAction","target":["https:\/\/fundacioncajaruraldelsur.com\/fundacion-caja-rural-del-sur-patrocinador-de-la-v-edicion-del-circuito-de-novilladas-de-andalucia\/"]}]},{"@type":"ImageObject","inLanguage":"pt-PT","@id":"https:\/\/fundacioncajaruraldelsur.com\/fundacion-caja-rural-del-sur-patrocinador-de-la-v-edicion-del-circuito-de-novilladas-de-andalucia\/#primaryimage","url":"https:\/\/fundacioncajaruraldelsur.com\/wp-content\/uploads\/2024\/03\/PHOTO-2024-03-12-09-30-54.jpg","contentUrl":"https:\/\/fundacioncajaruraldelsur.com\/wp-content\/uploads\/2024\/03\/PHOTO-2024-03-12-09-30-54.jpg","width":1281,"height":854},{"@type":"BreadcrumbList","@id":"https:\/\/fundacioncajaruraldelsur.com\/fundacion-caja-rural-del-sur-patrocinador-de-la-v-edicion-del-circuito-de-novilladas-de-andalucia\/#breadcrumb","itemListElement":[{"@type":"ListItem","position":1,"name":"Portada","item":"https:\/\/fundacioncajaruraldelsur.com\/"},{"@type":"ListItem","position":2,"name":"Fundaci\u00f3n Caja Rural del Sur, patrocinador de la V edici\u00f3n del Circuito de Novilladas de Andaluc\u00eda"}]},{"@type":"WebSite","@id":"https:\/\/fundacioncajaruraldelsur.com\/#website","url":"https:\/\/fundacioncajaruraldelsur.com\/","name":"Funda\u00e7\u00e3o Caja Rural del Sur","description":"","potentialAction":[{"@type":"SearchAction","target":{"@type":"EntryPoint","urlTemplate":"https:\/\/fundacioncajaruraldelsur.com\/?s={search_term_string}"},"query-input":{"@type":"PropertyValueSpecification","valueRequired":true,"valueName":"search_term_string"}}],"inLanguage":"pt-PT"},{"@type":"Person","@id":"https:\/\/fundacioncajaruraldelsur.com\/#\/schema\/person\/f430da9fb783d505ff061ad8b3d44577","name":"Comunicaci\u00f3n","image":{"@type":"ImageObject","inLanguage":"pt-PT","@id":"https:\/\/secure.gravatar.com\/avatar\/0dca239875993680bac4603ad2de7942da018f52cc3a244578e0b3b09314a8d8?s=96&d=blank&r=g","url":"https:\/\/secure.gravatar.com\/avatar\/0dca239875993680bac4603ad2de7942da018f52cc3a244578e0b3b09314a8d8?s=96&d=blank&r=g","contentUrl":"https:\/\/secure.gravatar.com\/avatar\/0dca239875993680bac4603ad2de7942da018f52cc3a244578e0b3b09314a8d8?s=96&d=blank&r=g","caption":"Comunicaci\u00f3n"}}]}},"rttpg_featured_image_url":{"full":["https:\/\/fundacioncajaruraldelsur.com\/wp-content\/uploads\/2024\/03\/PHOTO-2024-03-12-09-30-54.jpg",1281,854,false],"landscape":["https:\/\/fundacioncajaruraldelsur.com\/wp-content\/uploads\/2024\/03\/PHOTO-2024-03-12-09-30-54.jpg",1281,854,false],"portraits":["https:\/\/fundacioncajaruraldelsur.com\/wp-content\/uploads\/2024\/03\/PHOTO-2024-03-12-09-30-54.jpg",1281,854,false],"thumbnail":["https:\/\/fundacioncajaruraldelsur.com\/wp-content\/uploads\/2024\/03\/PHOTO-2024-03-12-09-30-54-150x150.jpg",150,150,true],"medium":["https:\/\/fundacioncajaruraldelsur.com\/wp-content\/uploads\/2024\/03\/PHOTO-2024-03-12-09-30-54-300x200.jpg",300,200,true],"large":["https:\/\/fundacioncajaruraldelsur.com\/wp-content\/uploads\/2024\/03\/PHOTO-2024-03-12-09-30-54-1024x683.jpg",960,640,true],"1536x1536":["https:\/\/fundacioncajaruraldelsur.com\/wp-content\/uploads\/2024\/03\/PHOTO-2024-03-12-09-30-54.jpg",1281,854,false],"2048x2048":["https:\/\/fundacioncajaruraldelsur.com\/wp-content\/uploads\/2024\/03\/PHOTO-2024-03-12-09-30-54.jpg",1281,854,false],"trp-custom-language-flag":["https:\/\/fundacioncajaruraldelsur.com\/wp-content\/uploads\/2024\/03\/PHOTO-2024-03-12-09-30-54.jpg",18,12,false],"blog-thumbnail":["https:\/\/fundacioncajaruraldelsur.com\/wp-content\/uploads\/2024\/03\/PHOTO-2024-03-12-09-30-54-400x200.jpg",400,200,true]},"rttpg_author":{"display_name":"Comunicaci\u00f3n","author_link":"https:\/\/fundacioncajaruraldelsur.com\/pt\/author\/sevillaadmin\/"},"rttpg_comment":0,"rttpg_category":"<a href=\"https:\/\/fundacioncajaruraldelsur.com\/pt\/category\/presentaciones\/\" rel=\"category tag\">Presentaciones<\/a>","rttpg_excerpt":"La Fundaci\u00f3n Caja Rural del Sur y la Fundaci\u00f3n Toro de Lidia han renovado por quinto a\u00f1o consecutivo un acuerdo de colaboraci\u00f3n para el fomento de la tauromaquia en Andaluc\u00eda [&hellip;]","_links":{"self":[{"href":"https:\/\/fundacioncajaruraldelsur.com\/pt\/wp-json\/wp\/v2\/posts\/9868","targetHints":{"allow":["GET"]}}],"collection":[{"href":"https:\/\/fundacioncajaruraldelsur.com\/pt\/wp-json\/wp\/v2\/posts"}],"about":[{"href":"https:\/\/fundacioncajaruraldelsur.com\/pt\/wp-json\/wp\/v2\/types\/post"}],"author":[{"embeddable":true,"href":"https:\/\/fundacioncajaruraldelsur.com\/pt\/wp-json\/wp\/v2\/users\/6"}],"replies":[{"embeddable":true,"href":"https:\/\/fundacioncajaruraldelsur.com\/pt\/wp-json\/wp\/v2\/comments?post=9868"}],"version-history":[{"count":1,"href":"https:\/\/fundacioncajaruraldelsur.com\/pt\/wp-json\/wp\/v2\/posts\/9868\/revisions"}],"predecessor-version":[{"id":9871,"href":"https:\/\/fundacioncajaruraldelsur.com\/pt\/wp-json\/wp\/v2\/posts\/9868\/revisions\/9871"}],"wp:featuredmedia":[{"embeddable":true,"href":"https:\/\/fundacioncajaruraldelsur.com\/pt\/wp-json\/wp\/v2\/media\/9869"}],"wp:attachment":[{"href":"https:\/\/fundacioncajaruraldelsur.com\/pt\/wp-json\/wp\/v2\/media?parent=9868"}],"wp:term":[{"taxonomy":"category","embeddable":true,"href":"https:\/\/fundacioncajaruraldelsur.com\/pt\/wp-json\/wp\/v2\/categories?post=9868"},{"taxonomy":"post_tag","embeddable":true,"href":"https:\/\/fundacioncajaruraldelsur.com\/pt\/wp-json\/wp\/v2\/tags?post=9868"}],"curies":[{"name":"wp","href":"https:\/\/api.w.org\/{rel}","templated":true}]}}