{"id":9836,"date":"2024-03-08T18:07:27","date_gmt":"2024-03-08T17:07:27","guid":{"rendered":"\/?p=9836"},"modified":"2024-03-08T18:11:15","modified_gmt":"2024-03-08T17:11:15","slug":"excelente-acogida-al-libro-de-la-semana-santa-de-huelva-editado-por-fundacion-caja-rural-del-sur","status":"publish","type":"post","link":"https:\/\/fundacioncajaruraldelsur.com\/pt\/excelente-acogida-al-libro-de-la-semana-santa-de-huelva-editado-por-fundacion-caja-rural-del-sur\/","title":{"rendered":"Excelente acogida al libro de la Semana Santa de Huelva editado por Fundaci\u00f3n Caja Rural del Sur"},"content":{"rendered":"<p>El libro <strong>\u2018Historias de la Semana Santa de Huelva. Estudio sobre las Cofrad\u00edas Onubenses\u2019<\/strong>, editado por la Fundaci\u00f3n Caja Rural del Sur, est\u00e1 teniendo una excelente acogida en el mundo cofrade onubense.<\/p>\n<p><strong>La obra esta disponible para el p\u00fablico en la Librer\u00eda Diocesana Huelva<\/strong> y los beneficios obtenidos de su venta se destinan a la Obra Social de la Hermandad de La Esperanza, en concreto a la piscina terap\u00e9utica para discapacitados intelectuales.<\/p>\n<p>Se trata de un volumen monogr\u00e1fico <strong>coordinado por el profesor onubense Miguel L\u00f3pez Verdejo y editado por la Fundaci\u00f3n Caja Rural del Sur<\/strong>, que va m\u00e1s all\u00e1 de ofrecer una visi\u00f3n convencional de la historia de cada cofrad\u00eda, sumergi\u00e9ndose en episodios espec\u00edficos de la Semana Santa de Huelva.<\/p>\n<p>En el libro <strong>han colaborado reconocidos investigadores y docentes onubenses<\/strong>: Roc\u00edo Calvo, Pedro Cintado, Miguel \u00c1ngel Garc\u00eda, Francisco Javier Gonz\u00e1lez, Manuel Jes\u00fas Gald\u00f3n M\u00e9ndez, Jos\u00e9 Carlos Mancha, Eduardo Sugra\u00f1es y Jose Antonio Veira. Cada uno de ellos ha aportado en us distintos cap\u00edtulos hechos concretos de investigaci\u00f3n de algunas hermandades.<\/p>\n<p>De esta forma, se detiene en las <strong>particularidades de la fundaci\u00f3n de la Hermandad de los Mutilados<\/strong>; las im\u00e1genes onubenses de <strong>Cristo crucificado<\/strong> y su relaci\u00f3n con los textos sagrados; el proyecto y la gestaci\u00f3n del <strong>paso del Cristo de la Buena Muerte<\/strong>; la reciente recuperaci\u00f3n de la <strong>custodia isabelina de la Hermandad Sacramental de Pasi\u00f3n<\/strong>; la presencia de ilustres onubenses como Manuel Siurot en la <strong>Hermandad del Santo Entierro<\/strong>; el triste incendio que sufri\u00f3 la imagen de la <strong>Virgen de la Victoria en 1953<\/strong> y su repercusi\u00f3n en la prensa de la \u00e9poca; la fundaci\u00f3n y primeros a\u00f1os de la <strong>Hermandad de los Estudiantes<\/strong> en el contexto del franquismo; el<strong> manto de la Virgen de la Amargura<\/strong> comprado en 1921 a la Hermandad del Cachorro de Sevilla y destruido en 1936; o los datos existentes de la <strong>extinguida Hermandad del Dulce Nombre de Jes\u00fas<\/strong>.<\/p>\n<p>La obra fue presentada en el sal\u00f3n de actos del Centro Cultural \u2018Jos\u00e9 Luis Garc\u00eda Palacios\u2019 de a Fundaci\u00f3n Caja Rural del Sur, con la participaci\u00f3n del <strong>coodinador de la obra, Miguel L\u00f3pez Verdejo<\/strong>; el hermano mayor de la <strong>Hermandad de San Francisco,<\/strong> <strong>Jos\u00e9 Manuel Mora<\/strong>; el <strong>director de la Fundaci\u00f3n, Emilio Ponce<\/strong>; y el <strong>concejal de Cultura del Ayuntamiento de Huelva, Nacho Molina<\/strong>.<\/p>","protected":false},"excerpt":{"rendered":"<p>El libro \u2018Historias de la Semana Santa de Huelva. Estudio sobre las Cofrad\u00edas Onubenses\u2019, editado por la Fundaci\u00f3n Caja Rural del Sur, est\u00e1 teniendo una excelente acogida en el mundo [&hellip;]<\/p>\n","protected":false},"author":6,"featured_media":9837,"comment_status":"closed","ping_status":"closed","sticky":false,"template":"","format":"standard","meta":{"footnotes":""},"categories":[84],"tags":[],"class_list":["post-9836","post","type-post","status-publish","format-standard","has-post-thumbnail","hentry","category-presentaciones"],"yoast_head":"<!-- This site is optimized with the Yoast SEO plugin v27.3 - https:\/\/yoast.com\/product\/yoast-seo-wordpress\/ -->\n<title>Excelente acogida al libro de la Semana Santa de Huelva editado por Fundaci\u00f3n Caja Rural del Sur - Fundaci\u00f3n Caja Rural del Sur<\/title>\n<meta name=\"robots\" content=\"index, follow, max-snippet:-1, max-image-preview:large, max-video-preview:-1\" \/>\n<link rel=\"canonical\" href=\"https:\/\/fundacioncajaruraldelsur.com\/pt\/excelente-acogida-al-libro-de-la-semana-santa-de-huelva-editado-por-fundacion-caja-rural-del-sur\/\" \/>\n<meta property=\"og:locale\" content=\"pt_PT\" \/>\n<meta property=\"og:type\" content=\"article\" \/>\n<meta property=\"og:title\" content=\"Excelente acogida al libro de la Semana Santa de Huelva editado por Fundaci\u00f3n Caja Rural del Sur - Fundaci\u00f3n Caja Rural del Sur\" \/>\n<meta property=\"og:description\" content=\"El libro \u2018Historias de la Semana Santa de Huelva. Estudio sobre las Cofrad\u00edas Onubenses\u2019, editado por la Fundaci\u00f3n Caja Rural del Sur, est\u00e1 teniendo una excelente acogida en el mundo [&hellip;]\" \/>\n<meta property=\"og:url\" content=\"https:\/\/fundacioncajaruraldelsur.com\/pt\/excelente-acogida-al-libro-de-la-semana-santa-de-huelva-editado-por-fundacion-caja-rural-del-sur\/\" \/>\n<meta property=\"og:site_name\" content=\"Fundaci\u00f3n Caja Rural del Sur\" \/>\n<meta property=\"article:published_time\" content=\"2024-03-08T17:07:27+00:00\" \/>\n<meta property=\"article:modified_time\" content=\"2024-03-08T17:11:15+00:00\" \/>\n<meta property=\"og:image\" content=\"https:\/\/fundacioncajaruraldelsur.com\/wp-content\/uploads\/2024\/03\/240308.-Foto-del-acto-de-presentacion-del-libro-sobre-la-Semana-Santa-de-Huelva.jpg\" \/>\n\t<meta property=\"og:image:width\" content=\"1600\" \/>\n\t<meta property=\"og:image:height\" content=\"1266\" \/>\n\t<meta property=\"og:image:type\" content=\"image\/jpeg\" \/>\n<meta name=\"author\" content=\"Comunicaci\u00f3n\" \/>\n<meta name=\"twitter:card\" content=\"summary_large_image\" \/>\n<meta name=\"twitter:label1\" content=\"Written by\" \/>\n\t<meta name=\"twitter:data1\" content=\"Comunicaci\u00f3n\" \/>\n\t<meta name=\"twitter:label2\" content=\"Est. reading time\" \/>\n\t<meta name=\"twitter:data2\" content=\"2 minutes\" \/>\n<script type=\"application\/ld+json\" class=\"yoast-schema-graph\">{\"@context\":\"https:\\\/\\\/schema.org\",\"@graph\":[{\"@type\":\"Article\",\"@id\":\"https:\\\/\\\/fundacioncajaruraldelsur.com\\\/excelente-acogida-al-libro-de-la-semana-santa-de-huelva-editado-por-fundacion-caja-rural-del-sur\\\/#article\",\"isPartOf\":{\"@id\":\"https:\\\/\\\/fundacioncajaruraldelsur.com\\\/excelente-acogida-al-libro-de-la-semana-santa-de-huelva-editado-por-fundacion-caja-rural-del-sur\\\/\"},\"author\":{\"name\":\"Comunicaci\u00f3n\",\"@id\":\"https:\\\/\\\/fundacioncajaruraldelsur.com\\\/#\\\/schema\\\/person\\\/f430da9fb783d505ff061ad8b3d44577\"},\"headline\":\"Excelente acogida al libro de la Semana Santa de Huelva editado por Fundaci\u00f3n Caja Rural del Sur\",\"datePublished\":\"2024-03-08T17:07:27+00:00\",\"dateModified\":\"2024-03-08T17:11:15+00:00\",\"mainEntityOfPage\":{\"@id\":\"https:\\\/\\\/fundacioncajaruraldelsur.com\\\/excelente-acogida-al-libro-de-la-semana-santa-de-huelva-editado-por-fundacion-caja-rural-del-sur\\\/\"},\"wordCount\":432,\"image\":{\"@id\":\"https:\\\/\\\/fundacioncajaruraldelsur.com\\\/excelente-acogida-al-libro-de-la-semana-santa-de-huelva-editado-por-fundacion-caja-rural-del-sur\\\/#primaryimage\"},\"thumbnailUrl\":\"https:\\\/\\\/fundacioncajaruraldelsur.com\\\/wp-content\\\/uploads\\\/2024\\\/03\\\/240308.-Foto-del-acto-de-presentacion-del-libro-sobre-la-Semana-Santa-de-Huelva.jpg\",\"articleSection\":[\"Presentaciones\"],\"inLanguage\":\"pt-PT\"},{\"@type\":\"WebPage\",\"@id\":\"https:\\\/\\\/fundacioncajaruraldelsur.com\\\/excelente-acogida-al-libro-de-la-semana-santa-de-huelva-editado-por-fundacion-caja-rural-del-sur\\\/\",\"url\":\"https:\\\/\\\/fundacioncajaruraldelsur.com\\\/excelente-acogida-al-libro-de-la-semana-santa-de-huelva-editado-por-fundacion-caja-rural-del-sur\\\/\",\"name\":\"Excelente acogida al libro de la Semana Santa de Huelva editado por Fundaci\u00f3n Caja Rural del Sur - Fundaci\u00f3n Caja Rural del Sur\",\"isPartOf\":{\"@id\":\"https:\\\/\\\/fundacioncajaruraldelsur.com\\\/#website\"},\"primaryImageOfPage\":{\"@id\":\"https:\\\/\\\/fundacioncajaruraldelsur.com\\\/excelente-acogida-al-libro-de-la-semana-santa-de-huelva-editado-por-fundacion-caja-rural-del-sur\\\/#primaryimage\"},\"image\":{\"@id\":\"https:\\\/\\\/fundacioncajaruraldelsur.com\\\/excelente-acogida-al-libro-de-la-semana-santa-de-huelva-editado-por-fundacion-caja-rural-del-sur\\\/#primaryimage\"},\"thumbnailUrl\":\"https:\\\/\\\/fundacioncajaruraldelsur.com\\\/wp-content\\\/uploads\\\/2024\\\/03\\\/240308.-Foto-del-acto-de-presentacion-del-libro-sobre-la-Semana-Santa-de-Huelva.jpg\",\"datePublished\":\"2024-03-08T17:07:27+00:00\",\"dateModified\":\"2024-03-08T17:11:15+00:00\",\"author\":{\"@id\":\"https:\\\/\\\/fundacioncajaruraldelsur.com\\\/#\\\/schema\\\/person\\\/f430da9fb783d505ff061ad8b3d44577\"},\"breadcrumb\":{\"@id\":\"https:\\\/\\\/fundacioncajaruraldelsur.com\\\/excelente-acogida-al-libro-de-la-semana-santa-de-huelva-editado-por-fundacion-caja-rural-del-sur\\\/#breadcrumb\"},\"inLanguage\":\"pt-PT\",\"potentialAction\":[{\"@type\":\"ReadAction\",\"target\":[\"https:\\\/\\\/fundacioncajaruraldelsur.com\\\/excelente-acogida-al-libro-de-la-semana-santa-de-huelva-editado-por-fundacion-caja-rural-del-sur\\\/\"]}]},{\"@type\":\"ImageObject\",\"inLanguage\":\"pt-PT\",\"@id\":\"https:\\\/\\\/fundacioncajaruraldelsur.com\\\/excelente-acogida-al-libro-de-la-semana-santa-de-huelva-editado-por-fundacion-caja-rural-del-sur\\\/#primaryimage\",\"url\":\"https:\\\/\\\/fundacioncajaruraldelsur.com\\\/wp-content\\\/uploads\\\/2024\\\/03\\\/240308.-Foto-del-acto-de-presentacion-del-libro-sobre-la-Semana-Santa-de-Huelva.jpg\",\"contentUrl\":\"https:\\\/\\\/fundacioncajaruraldelsur.com\\\/wp-content\\\/uploads\\\/2024\\\/03\\\/240308.-Foto-del-acto-de-presentacion-del-libro-sobre-la-Semana-Santa-de-Huelva.jpg\",\"width\":1600,\"height\":1266},{\"@type\":\"BreadcrumbList\",\"@id\":\"https:\\\/\\\/fundacioncajaruraldelsur.com\\\/excelente-acogida-al-libro-de-la-semana-santa-de-huelva-editado-por-fundacion-caja-rural-del-sur\\\/#breadcrumb\",\"itemListElement\":[{\"@type\":\"ListItem\",\"position\":1,\"name\":\"Portada\",\"item\":\"https:\\\/\\\/fundacioncajaruraldelsur.com\\\/\"},{\"@type\":\"ListItem\",\"position\":2,\"name\":\"Excelente acogida al libro de la Semana Santa de Huelva editado por Fundaci\u00f3n Caja Rural del Sur\"}]},{\"@type\":\"WebSite\",\"@id\":\"https:\\\/\\\/fundacioncajaruraldelsur.com\\\/#website\",\"url\":\"https:\\\/\\\/fundacioncajaruraldelsur.com\\\/\",\"name\":\"Fundaci\u00f3n Caja Rural del Sur\",\"description\":\"\",\"potentialAction\":[{\"@type\":\"SearchAction\",\"target\":{\"@type\":\"EntryPoint\",\"urlTemplate\":\"https:\\\/\\\/fundacioncajaruraldelsur.com\\\/?s={search_term_string}\"},\"query-input\":{\"@type\":\"PropertyValueSpecification\",\"valueRequired\":true,\"valueName\":\"search_term_string\"}}],\"inLanguage\":\"pt-PT\"},{\"@type\":\"Person\",\"@id\":\"https:\\\/\\\/fundacioncajaruraldelsur.com\\\/#\\\/schema\\\/person\\\/f430da9fb783d505ff061ad8b3d44577\",\"name\":\"Comunicaci\u00f3n\",\"image\":{\"@type\":\"ImageObject\",\"inLanguage\":\"pt-PT\",\"@id\":\"https:\\\/\\\/secure.gravatar.com\\\/avatar\\\/0dca239875993680bac4603ad2de7942da018f52cc3a244578e0b3b09314a8d8?s=96&d=blank&r=g\",\"url\":\"https:\\\/\\\/secure.gravatar.com\\\/avatar\\\/0dca239875993680bac4603ad2de7942da018f52cc3a244578e0b3b09314a8d8?s=96&d=blank&r=g\",\"contentUrl\":\"https:\\\/\\\/secure.gravatar.com\\\/avatar\\\/0dca239875993680bac4603ad2de7942da018f52cc3a244578e0b3b09314a8d8?s=96&d=blank&r=g\",\"caption\":\"Comunicaci\u00f3n\"}}]}<\/script>\n<!-- \/ Yoast SEO plugin. -->","yoast_head_json":{"title":"Excelente acogida al libro de la Semana Santa de Huelva editado por Fundaci\u00f3n Caja Rural del Sur - Fundaci\u00f3n Caja Rural del Sur","robots":{"index":"index","follow":"follow","max-snippet":"max-snippet:-1","max-image-preview":"max-image-preview:large","max-video-preview":"max-video-preview:-1"},"canonical":"https:\/\/fundacioncajaruraldelsur.com\/pt\/excelente-acogida-al-libro-de-la-semana-santa-de-huelva-editado-por-fundacion-caja-rural-del-sur\/","og_locale":"pt_PT","og_type":"article","og_title":"Excelente acogida al libro de la Semana Santa de Huelva editado por Fundaci\u00f3n Caja Rural del Sur - Fundaci\u00f3n Caja Rural del Sur","og_description":"El libro \u2018Historias de la Semana Santa de Huelva. Estudio sobre las Cofrad\u00edas Onubenses\u2019, editado por la Fundaci\u00f3n Caja Rural del Sur, est\u00e1 teniendo una excelente acogida en el mundo [&hellip;]","og_url":"https:\/\/fundacioncajaruraldelsur.com\/pt\/excelente-acogida-al-libro-de-la-semana-santa-de-huelva-editado-por-fundacion-caja-rural-del-sur\/","og_site_name":"Fundaci\u00f3n Caja Rural del Sur","article_published_time":"2024-03-08T17:07:27+00:00","article_modified_time":"2024-03-08T17:11:15+00:00","og_image":[{"width":1600,"height":1266,"url":"https:\/\/fundacioncajaruraldelsur.com\/wp-content\/uploads\/2024\/03\/240308.-Foto-del-acto-de-presentacion-del-libro-sobre-la-Semana-Santa-de-Huelva.jpg","type":"image\/jpeg"}],"author":"Comunicaci\u00f3n","twitter_card":"summary_large_image","twitter_misc":{"Written by":"Comunicaci\u00f3n","Est. reading time":"2 minutes"},"schema":{"@context":"https:\/\/schema.org","@graph":[{"@type":"Article","@id":"https:\/\/fundacioncajaruraldelsur.com\/excelente-acogida-al-libro-de-la-semana-santa-de-huelva-editado-por-fundacion-caja-rural-del-sur\/#article","isPartOf":{"@id":"https:\/\/fundacioncajaruraldelsur.com\/excelente-acogida-al-libro-de-la-semana-santa-de-huelva-editado-por-fundacion-caja-rural-del-sur\/"},"author":{"name":"Comunicaci\u00f3n","@id":"https:\/\/fundacioncajaruraldelsur.com\/#\/schema\/person\/f430da9fb783d505ff061ad8b3d44577"},"headline":"Excelente acogida al libro de la Semana Santa de Huelva editado por Fundaci\u00f3n Caja Rural del Sur","datePublished":"2024-03-08T17:07:27+00:00","dateModified":"2024-03-08T17:11:15+00:00","mainEntityOfPage":{"@id":"https:\/\/fundacioncajaruraldelsur.com\/excelente-acogida-al-libro-de-la-semana-santa-de-huelva-editado-por-fundacion-caja-rural-del-sur\/"},"wordCount":432,"image":{"@id":"https:\/\/fundacioncajaruraldelsur.com\/excelente-acogida-al-libro-de-la-semana-santa-de-huelva-editado-por-fundacion-caja-rural-del-sur\/#primaryimage"},"thumbnailUrl":"https:\/\/fundacioncajaruraldelsur.com\/wp-content\/uploads\/2024\/03\/240308.-Foto-del-acto-de-presentacion-del-libro-sobre-la-Semana-Santa-de-Huelva.jpg","articleSection":["Presentaciones"],"inLanguage":"pt-PT"},{"@type":"WebPage","@id":"https:\/\/fundacioncajaruraldelsur.com\/excelente-acogida-al-libro-de-la-semana-santa-de-huelva-editado-por-fundacion-caja-rural-del-sur\/","url":"https:\/\/fundacioncajaruraldelsur.com\/excelente-acogida-al-libro-de-la-semana-santa-de-huelva-editado-por-fundacion-caja-rural-del-sur\/","name":"Excelente acogida al libro de la Semana Santa de Huelva editado por Fundaci\u00f3n Caja Rural del Sur - Fundaci\u00f3n Caja Rural del Sur","isPartOf":{"@id":"https:\/\/fundacioncajaruraldelsur.com\/#website"},"primaryImageOfPage":{"@id":"https:\/\/fundacioncajaruraldelsur.com\/excelente-acogida-al-libro-de-la-semana-santa-de-huelva-editado-por-fundacion-caja-rural-del-sur\/#primaryimage"},"image":{"@id":"https:\/\/fundacioncajaruraldelsur.com\/excelente-acogida-al-libro-de-la-semana-santa-de-huelva-editado-por-fundacion-caja-rural-del-sur\/#primaryimage"},"thumbnailUrl":"https:\/\/fundacioncajaruraldelsur.com\/wp-content\/uploads\/2024\/03\/240308.-Foto-del-acto-de-presentacion-del-libro-sobre-la-Semana-Santa-de-Huelva.jpg","datePublished":"2024-03-08T17:07:27+00:00","dateModified":"2024-03-08T17:11:15+00:00","author":{"@id":"https:\/\/fundacioncajaruraldelsur.com\/#\/schema\/person\/f430da9fb783d505ff061ad8b3d44577"},"breadcrumb":{"@id":"https:\/\/fundacioncajaruraldelsur.com\/excelente-acogida-al-libro-de-la-semana-santa-de-huelva-editado-por-fundacion-caja-rural-del-sur\/#breadcrumb"},"inLanguage":"pt-PT","potentialAction":[{"@type":"ReadAction","target":["https:\/\/fundacioncajaruraldelsur.com\/excelente-acogida-al-libro-de-la-semana-santa-de-huelva-editado-por-fundacion-caja-rural-del-sur\/"]}]},{"@type":"ImageObject","inLanguage":"pt-PT","@id":"https:\/\/fundacioncajaruraldelsur.com\/excelente-acogida-al-libro-de-la-semana-santa-de-huelva-editado-por-fundacion-caja-rural-del-sur\/#primaryimage","url":"https:\/\/fundacioncajaruraldelsur.com\/wp-content\/uploads\/2024\/03\/240308.-Foto-del-acto-de-presentacion-del-libro-sobre-la-Semana-Santa-de-Huelva.jpg","contentUrl":"https:\/\/fundacioncajaruraldelsur.com\/wp-content\/uploads\/2024\/03\/240308.-Foto-del-acto-de-presentacion-del-libro-sobre-la-Semana-Santa-de-Huelva.jpg","width":1600,"height":1266},{"@type":"BreadcrumbList","@id":"https:\/\/fundacioncajaruraldelsur.com\/excelente-acogida-al-libro-de-la-semana-santa-de-huelva-editado-por-fundacion-caja-rural-del-sur\/#breadcrumb","itemListElement":[{"@type":"ListItem","position":1,"name":"Portada","item":"https:\/\/fundacioncajaruraldelsur.com\/"},{"@type":"ListItem","position":2,"name":"Excelente acogida al libro de la Semana Santa de Huelva editado por Fundaci\u00f3n Caja Rural del Sur"}]},{"@type":"WebSite","@id":"https:\/\/fundacioncajaruraldelsur.com\/#website","url":"https:\/\/fundacioncajaruraldelsur.com\/","name":"Funda\u00e7\u00e3o Caja Rural del Sur","description":"","potentialAction":[{"@type":"SearchAction","target":{"@type":"EntryPoint","urlTemplate":"https:\/\/fundacioncajaruraldelsur.com\/?s={search_term_string}"},"query-input":{"@type":"PropertyValueSpecification","valueRequired":true,"valueName":"search_term_string"}}],"inLanguage":"pt-PT"},{"@type":"Person","@id":"https:\/\/fundacioncajaruraldelsur.com\/#\/schema\/person\/f430da9fb783d505ff061ad8b3d44577","name":"Comunicaci\u00f3n","image":{"@type":"ImageObject","inLanguage":"pt-PT","@id":"https:\/\/secure.gravatar.com\/avatar\/0dca239875993680bac4603ad2de7942da018f52cc3a244578e0b3b09314a8d8?s=96&d=blank&r=g","url":"https:\/\/secure.gravatar.com\/avatar\/0dca239875993680bac4603ad2de7942da018f52cc3a244578e0b3b09314a8d8?s=96&d=blank&r=g","contentUrl":"https:\/\/secure.gravatar.com\/avatar\/0dca239875993680bac4603ad2de7942da018f52cc3a244578e0b3b09314a8d8?s=96&d=blank&r=g","caption":"Comunicaci\u00f3n"}}]}},"rttpg_featured_image_url":{"full":["https:\/\/fundacioncajaruraldelsur.com\/wp-content\/uploads\/2024\/03\/240308.-Foto-del-acto-de-presentacion-del-libro-sobre-la-Semana-Santa-de-Huelva.jpg",1600,1266,false],"landscape":["https:\/\/fundacioncajaruraldelsur.com\/wp-content\/uploads\/2024\/03\/240308.-Foto-del-acto-de-presentacion-del-libro-sobre-la-Semana-Santa-de-Huelva.jpg",1600,1266,false],"portraits":["https:\/\/fundacioncajaruraldelsur.com\/wp-content\/uploads\/2024\/03\/240308.-Foto-del-acto-de-presentacion-del-libro-sobre-la-Semana-Santa-de-Huelva.jpg",1600,1266,false],"thumbnail":["https:\/\/fundacioncajaruraldelsur.com\/wp-content\/uploads\/2024\/03\/240308.-Foto-del-acto-de-presentacion-del-libro-sobre-la-Semana-Santa-de-Huelva-150x150.jpg",150,150,true],"medium":["https:\/\/fundacioncajaruraldelsur.com\/wp-content\/uploads\/2024\/03\/240308.-Foto-del-acto-de-presentacion-del-libro-sobre-la-Semana-Santa-de-Huelva-300x237.jpg",300,237,true],"large":["https:\/\/fundacioncajaruraldelsur.com\/wp-content\/uploads\/2024\/03\/240308.-Foto-del-acto-de-presentacion-del-libro-sobre-la-Semana-Santa-de-Huelva-1024x810.jpg",960,759,true],"1536x1536":["https:\/\/fundacioncajaruraldelsur.com\/wp-content\/uploads\/2024\/03\/240308.-Foto-del-acto-de-presentacion-del-libro-sobre-la-Semana-Santa-de-Huelva-1536x1215.jpg",1536,1215,true],"2048x2048":["https:\/\/fundacioncajaruraldelsur.com\/wp-content\/uploads\/2024\/03\/240308.-Foto-del-acto-de-presentacion-del-libro-sobre-la-Semana-Santa-de-Huelva.jpg",1600,1266,false],"trp-custom-language-flag":["https:\/\/fundacioncajaruraldelsur.com\/wp-content\/uploads\/2024\/03\/240308.-Foto-del-acto-de-presentacion-del-libro-sobre-la-Semana-Santa-de-Huelva.jpg",15,12,false],"blog-thumbnail":["https:\/\/fundacioncajaruraldelsur.com\/wp-content\/uploads\/2024\/03\/240308.-Foto-del-acto-de-presentacion-del-libro-sobre-la-Semana-Santa-de-Huelva-400x200.jpg",400,200,true]},"rttpg_author":{"display_name":"Comunicaci\u00f3n","author_link":"https:\/\/fundacioncajaruraldelsur.com\/pt\/author\/sevillaadmin\/"},"rttpg_comment":0,"rttpg_category":"<a href=\"https:\/\/fundacioncajaruraldelsur.com\/pt\/category\/presentaciones\/\" rel=\"category tag\">Presentaciones<\/a>","rttpg_excerpt":"El libro \u2018Historias de la Semana Santa de Huelva. Estudio sobre las Cofrad\u00edas Onubenses\u2019, editado por la Fundaci\u00f3n Caja Rural del Sur, est\u00e1 teniendo una excelente acogida en el mundo [&hellip;]","_links":{"self":[{"href":"https:\/\/fundacioncajaruraldelsur.com\/pt\/wp-json\/wp\/v2\/posts\/9836","targetHints":{"allow":["GET"]}}],"collection":[{"href":"https:\/\/fundacioncajaruraldelsur.com\/pt\/wp-json\/wp\/v2\/posts"}],"about":[{"href":"https:\/\/fundacioncajaruraldelsur.com\/pt\/wp-json\/wp\/v2\/types\/post"}],"author":[{"embeddable":true,"href":"https:\/\/fundacioncajaruraldelsur.com\/pt\/wp-json\/wp\/v2\/users\/6"}],"replies":[{"embeddable":true,"href":"https:\/\/fundacioncajaruraldelsur.com\/pt\/wp-json\/wp\/v2\/comments?post=9836"}],"version-history":[{"count":4,"href":"https:\/\/fundacioncajaruraldelsur.com\/pt\/wp-json\/wp\/v2\/posts\/9836\/revisions"}],"predecessor-version":[{"id":9841,"href":"https:\/\/fundacioncajaruraldelsur.com\/pt\/wp-json\/wp\/v2\/posts\/9836\/revisions\/9841"}],"wp:featuredmedia":[{"embeddable":true,"href":"https:\/\/fundacioncajaruraldelsur.com\/pt\/wp-json\/wp\/v2\/media\/9837"}],"wp:attachment":[{"href":"https:\/\/fundacioncajaruraldelsur.com\/pt\/wp-json\/wp\/v2\/media?parent=9836"}],"wp:term":[{"taxonomy":"category","embeddable":true,"href":"https:\/\/fundacioncajaruraldelsur.com\/pt\/wp-json\/wp\/v2\/categories?post=9836"},{"taxonomy":"post_tag","embeddable":true,"href":"https:\/\/fundacioncajaruraldelsur.com\/pt\/wp-json\/wp\/v2\/tags?post=9836"}],"curies":[{"name":"wp","href":"https:\/\/api.w.org\/{rel}","templated":true}]}}