{"id":9815,"date":"2024-03-05T22:28:28","date_gmt":"2024-03-05T21:28:28","guid":{"rendered":"\/?p=9815"},"modified":"2024-03-06T11:58:55","modified_gmt":"2024-03-06T10:58:55","slug":"el-empresario-juan-cano-recibe-el-xvi-premio-simon-de-rojas-clemente-promovido-por-abc-y-caja-rural-del-sur","status":"publish","type":"post","link":"https:\/\/fundacioncajaruraldelsur.com\/pt\/el-empresario-juan-cano-recibe-el-xvi-premio-simon-de-rojas-clemente-promovido-por-abc-y-caja-rural-del-sur\/","title":{"rendered":"El empresario Juan Cano recibe el XVI Premio Sim\u00f3n de Rojas Clemente promovido por ABC y Caja Rural del Sur"},"content":{"rendered":"<p class=\"voc-p\">El empresario cordob\u00e9s y fundador de Eurosemillas, Juan Cano, ha recibido este martes, 5 de marzo, el Premio Sim\u00f3n de Rojas Clemente, <a href=\"https:\/\/www.abc.es\/sevilla\/economia\/empresario-juan-cano-recibe-xvi-premio-simon-20240305105511-nts.html\">promovido por ABC y la Fundaci\u00f3n Caja Rural del Sur<\/a> y que este a\u00f1o 2024 ha alcanzado su decimosexta edici\u00f3n. En la entrega del Premio participaron\u00a0<strong>Jes\u00fas Aguirre<\/strong>, presidente del Parlamento de Andaluc\u00eda,\u00a0<strong>Jos\u00e9 Luis Garc\u00eda-Palacios<\/strong>, presidente de la Fundaci\u00f3n Caja Rural del Sur, y\u00a0<strong>\u00c1lvaro Rodr\u00edguez Guitart,<\/strong>\u00a0director general de ABC en Andaluc\u00eda. El acto, celebrado en La Galer\u00eda de ABC, tambi\u00e9n cont\u00f3 con la presencia de\u00a0<strong>Carmen Crespo,<\/strong>\u00a0consejera de Agricultura, Pesca, Agua y Desarrollo Rural, y el director de ABC de Sevilla,\u00a0<strong>Alberto Garc\u00eda Reyes.<\/strong><\/p>\n<p class=\"voc-p\">En su intervenci\u00f3n en el acto, Jos\u00e9 Luis Garc\u00eda-Palacios hizo un recorrido por los ganadores de las anteriores ediciones del Sim\u00f3n de Rojas Clemente y, al igual que el Director de ABC de Sevilla, Alberto Garc\u00eda Reyes, tuvo palabras de respaldo para el sector agrario: \u00abrespaldamos sin fisuras las just\u00edsimas manifestaciones\u00bb, ha afirmado. No obstante, este martes tocaba hacer \u00abun alto\u00bb en las reivindicaciones para identificar, en los premiados, \u00abreferencias que sirven de gu\u00eda\u00bb. \u00abEsto nos sirve para recordar<strong>\u00a0la importancia vital que tiene la agricultura\u00bb<\/strong>, afirm\u00f3.<\/p>\n<p><a href=\"\/wp-content\/uploads\/2024\/03\/JosLuisGarcaPalacios.jpg\" rel=\"lightbox-0\"><img loading=\"lazy\" decoding=\"async\" class=\"alignnone wp-image-9816 size-full\" src=\"\/wp-content\/uploads\/2024\/03\/JosLuisGarcaPalacios.jpg\" alt=\"\" width=\"1374\" height=\"916\" srcset=\"https:\/\/fundacioncajaruraldelsur.com\/wp-content\/uploads\/2024\/03\/JosLuisGarcaPalacios.jpg 1374w, https:\/\/fundacioncajaruraldelsur.com\/wp-content\/uploads\/2024\/03\/JosLuisGarcaPalacios-300x200.jpg 300w, https:\/\/fundacioncajaruraldelsur.com\/wp-content\/uploads\/2024\/03\/JosLuisGarcaPalacios-1024x683.jpg 1024w, https:\/\/fundacioncajaruraldelsur.com\/wp-content\/uploads\/2024\/03\/JosLuisGarcaPalacios-768x512.jpg 768w\" sizes=\"auto, (max-width: 1374px) 100vw, 1374px\" \/><\/a><\/p>\n<h3 class=\"voc-p\">Juan Cano<\/h3>\n<p class=\"voc-p\">En cuanto al premiado, el presidente de Caja Rural del Sur esboz\u00f3\u00a0<strong>un emotivo discurso<\/strong>\u00a0ante el numeroso p\u00fablico nombrando, antes de nada, a su mujer y a sus nueve hijos, un pilar fundamental tanto en su vida personal como en su empresa, ya que varios de ellos han colaborado en el crecimiento de Eurosemillas.<\/p>\n<p class=\"voc-p\">Adem\u00e1s, en el acto se destac\u00f3 del premiado, Juan Cano, que es un\u00a0<strong>hombre sencillo<\/strong>, leal a su familia y, sobre todo, un ejemplo de innovaci\u00f3n y la apuesta por la tecnolog\u00eda en el sector agrario. De hecho Eurosemillas ha pasado de ser una compa\u00f1\u00eda local a una multinacional\u00a0<strong>presente en m\u00e1s de 30 pa\u00edses<\/strong>. Es, adem\u00e1s, la mayor empresa espa\u00f1ola en ingresos procedentes de patentes vegetales, destacando su famosa mandarina Tango, fruto de la colaboraci\u00f3n con la prestigiosa Universidad de California.<\/p>\n<p class=\"voc-p\">El premiado incidi\u00f3 en que \u00abel sentido de la vida est\u00e1 en la libertad y en el bienestar, dependiendo esta \u00faltima de los empresarios\u00bb, ha afirmado Juan Cano al recoger el premio, haciendo hincapi\u00e9 en que a\u00fan queda por hacer para que la sociedad reconozca\u00a0<strong>hasta d\u00f3nde puede llegar la labor de una empresa.<\/strong><\/p>\n<h2>Juan Cano<\/h2>\n<p>El empresario Juan Cano, procedente de C\u00f3rdoba,\u00a0es un ejemplo de trabajo, constancia y emprendimiento en el sector agrario. A sus 84 a\u00f1os,\u00a0<strong>preside el Grupo de Empresas\u00a0<a href=\"https:\/\/www.eurosemillas.com\/es\/\">Eurosemillas<\/a>, que fund\u00f3 en 1969<\/strong>\u00a0y que se ha situado como una de las empresas agroalimentarias andaluzas m\u00e1s relevantes.<\/p>\n<p>Cano naci\u00f3 en 1939, y es<strong>\u00a0ingeniero agr\u00edcola de formaci\u00f3n<\/strong>, adem\u00e1s de licenciado en Ciencias Empresariales, MBA en el Instituto de Estudios Superiores de la Empresa (IESE) de la Universidad de Navarra. Tambi\u00e9n ostenta en su poder estudios especializados como el postgrado de Producci\u00f3n vegetal de materias grasas por el\u00a0<a href=\"https:\/\/www.csic.es\/es\">CSIC<\/a>, entre otros.<\/p>\n<p>Su mayor \u00e9xito es Eurosemillas, que fue constituida como empresa productora de semillas selectas, y se le fue a\u00f1adiendo la obtenci\u00f3n de fibras de algod\u00f3n y la extracci\u00f3n de aceites de semilla. Actualmente, las principales actividades de la compa\u00f1\u00eda se basan en el desarrollo de innovaciones tecnol\u00f3gicas, est\u00e1\u00a0<strong>presente en m\u00e1s de 30 pa\u00edses y cuenta con m\u00e1s de 200 trabajadores.<\/strong><\/p>\n<p>Adem\u00e1s, la compa\u00f1\u00eda ha sido pionera en la introducci\u00f3n de girasoles h\u00edbridos, el deslintado qu\u00edmico de semillas de algod\u00f3n y la primera industria de congelados vegetales de Andaluc\u00eda. Uno de sus hitos m\u00e1s recientes es la\u00a0<strong>comercializaci\u00f3n de la mandarina Tango<\/strong>, una nueva variedad nacida tras un acuerdo con la\u00a0<a href=\"https:\/\/www.universityofcalifornia.edu\/\">Universidad de California.<\/a>\u00a0Actualmente, la compa\u00f1\u00eda dedica unos ocho millones de euros\u00a0anuales a programas de innovaci\u00f3n y tiene puesto el foco en \u00c1frica, donde desarrolla proyectos, y los pa\u00edses asi\u00e1ticos.<\/p>\n<p>Cano siempre ha tenido<strong>\u00a0la inversi\u00f3n en I+D como uno de los pilares de su empresa<\/strong>. De hecho, \u00e9l mismo viaj\u00f3 a California para convencer a los responsables de la Universidad, una de las m\u00e1s prestigiosas, de la importancia de desarrollar nuevas variedades vegetales.<\/p>\n<p>Por otra parte, Juan Cano Ruano es vicepresidente de \u00c1frica Sementes, sociedad dedicada al desarrollo rural en Angola, y\u00a0<strong>vicepresidente primero de la Fundaci\u00f3n Internacional San Telmo.<\/strong><\/p>\n<div class=\"voc-c-container\">\n<h3 class=\"voc-d-c__s-title\">Bodega Cat\u00f3lico Agr\u00edcola<\/h3>\n<\/div>\n<p class=\"voc-p\">En esta edici\u00f3n del Premio Sim\u00f3n de Rojas Clemente tambi\u00e9n se ha concedido un acc\u00e9sit a la Bodega Cat\u00f3lico Agr\u00edcola.\u00a0<strong>Fundada en 1922, es la bodega cooperativa m\u00e1s antigua de Espa\u00f1a,<\/strong>\u00a0un ejemplo de identidad con el moscatel, la manzanilla y otros vinos como bandera. Su gerente, Francisco Lorenzo Gallegos, ha recogido el reconocimiento de la mano de la consejera de Agricultura, Carmen Crespo, y ha reivindicado el papel de la bodega de Chipiona en el desarrollo del Marco de Jerez y la ampliaci\u00f3n de su zona de producci\u00f3n, entre otros aspectos.<\/p>\n<p class=\"voc-p\">El acto fue clausurado por el presidente del Parlamento de Andaluc\u00eda, Jes\u00fas Aguirre, que ha recordado que la c\u00e1mara auton\u00f3mica es \u00abla correa de transmisi\u00f3n\u00bb de todo lo que pasa en la calle y que, por tanto, tiene en el campo su punto de mira.\u00a0<strong>\u00abTodas las administraciones tenemos que defender al campo<\/strong>\u00a0y apoyar sus justas reivindicaciones\u00bb, ha aseverado.<\/p>","protected":false},"excerpt":{"rendered":"<p>El empresario cordob\u00e9s y fundador de Eurosemillas, Juan Cano, ha recibido este martes, 5 de marzo, el Premio Sim\u00f3n de Rojas Clemente, promovido por ABC y la Fundaci\u00f3n Caja Rural [&hellip;]<\/p>\n","protected":false},"author":6,"featured_media":9817,"comment_status":"closed","ping_status":"closed","sticky":false,"template":"","format":"standard","meta":{"footnotes":""},"categories":[64],"tags":[],"class_list":["post-9815","post","type-post","status-publish","format-standard","has-post-thumbnail","hentry","category-premios"],"yoast_head":"<!-- This site is optimized with the Yoast SEO plugin v27.3 - https:\/\/yoast.com\/product\/yoast-seo-wordpress\/ -->\n<title>El empresario Juan Cano recibe el XVI Premio Sim\u00f3n de Rojas Clemente promovido por ABC y Caja Rural del Sur - Fundaci\u00f3n Caja Rural del Sur<\/title>\n<meta name=\"robots\" content=\"index, follow, max-snippet:-1, max-image-preview:large, max-video-preview:-1\" \/>\n<link rel=\"canonical\" href=\"https:\/\/fundacioncajaruraldelsur.com\/pt\/el-empresario-juan-cano-recibe-el-xvi-premio-simon-de-rojas-clemente-promovido-por-abc-y-caja-rural-del-sur\/\" \/>\n<meta property=\"og:locale\" content=\"pt_PT\" \/>\n<meta property=\"og:type\" content=\"article\" \/>\n<meta property=\"og:title\" content=\"El empresario Juan Cano recibe el XVI Premio Sim\u00f3n de Rojas Clemente promovido por ABC y Caja Rural del Sur - Fundaci\u00f3n Caja Rural del Sur\" \/>\n<meta property=\"og:description\" content=\"El empresario cordob\u00e9s y fundador de Eurosemillas, Juan Cano, ha recibido este martes, 5 de marzo, el Premio Sim\u00f3n de Rojas Clemente, promovido por ABC y la Fundaci\u00f3n Caja Rural [&hellip;]\" \/>\n<meta property=\"og:url\" content=\"https:\/\/fundacioncajaruraldelsur.com\/pt\/el-empresario-juan-cano-recibe-el-xvi-premio-simon-de-rojas-clemente-promovido-por-abc-y-caja-rural-del-sur\/\" \/>\n<meta property=\"og:site_name\" content=\"Fundaci\u00f3n Caja Rural del Sur\" \/>\n<meta property=\"article:published_time\" content=\"2024-03-05T21:28:28+00:00\" \/>\n<meta property=\"article:modified_time\" content=\"2024-03-06T10:58:55+00:00\" \/>\n<meta property=\"og:image\" content=\"https:\/\/fundacioncajaruraldelsur.com\/wp-content\/uploads\/2024\/03\/juan-cano.jpg\" \/>\n\t<meta property=\"og:image:width\" content=\"1200\" \/>\n\t<meta property=\"og:image:height\" content=\"840\" \/>\n\t<meta property=\"og:image:type\" content=\"image\/jpeg\" \/>\n<meta name=\"author\" content=\"Comunicaci\u00f3n\" \/>\n<meta name=\"twitter:card\" content=\"summary_large_image\" \/>\n<meta name=\"twitter:label1\" content=\"Written by\" \/>\n\t<meta name=\"twitter:data1\" content=\"Comunicaci\u00f3n\" \/>\n\t<meta name=\"twitter:label2\" content=\"Est. reading time\" \/>\n\t<meta name=\"twitter:data2\" content=\"4 minutes\" \/>\n<script type=\"application\/ld+json\" class=\"yoast-schema-graph\">{\"@context\":\"https:\\\/\\\/schema.org\",\"@graph\":[{\"@type\":\"Article\",\"@id\":\"https:\\\/\\\/fundacioncajaruraldelsur.com\\\/el-empresario-juan-cano-recibe-el-xvi-premio-simon-de-rojas-clemente-promovido-por-abc-y-caja-rural-del-sur\\\/#article\",\"isPartOf\":{\"@id\":\"https:\\\/\\\/fundacioncajaruraldelsur.com\\\/el-empresario-juan-cano-recibe-el-xvi-premio-simon-de-rojas-clemente-promovido-por-abc-y-caja-rural-del-sur\\\/\"},\"author\":{\"name\":\"Comunicaci\u00f3n\",\"@id\":\"https:\\\/\\\/fundacioncajaruraldelsur.com\\\/#\\\/schema\\\/person\\\/f430da9fb783d505ff061ad8b3d44577\"},\"headline\":\"El empresario Juan Cano recibe el XVI Premio Sim\u00f3n de Rojas Clemente promovido por ABC y Caja Rural del Sur\",\"datePublished\":\"2024-03-05T21:28:28+00:00\",\"dateModified\":\"2024-03-06T10:58:55+00:00\",\"mainEntityOfPage\":{\"@id\":\"https:\\\/\\\/fundacioncajaruraldelsur.com\\\/el-empresario-juan-cano-recibe-el-xvi-premio-simon-de-rojas-clemente-promovido-por-abc-y-caja-rural-del-sur\\\/\"},\"wordCount\":955,\"image\":{\"@id\":\"https:\\\/\\\/fundacioncajaruraldelsur.com\\\/el-empresario-juan-cano-recibe-el-xvi-premio-simon-de-rojas-clemente-promovido-por-abc-y-caja-rural-del-sur\\\/#primaryimage\"},\"thumbnailUrl\":\"https:\\\/\\\/fundacioncajaruraldelsur.com\\\/wp-content\\\/uploads\\\/2024\\\/03\\\/juan-cano.jpg\",\"articleSection\":[\"Premios\"],\"inLanguage\":\"pt-PT\"},{\"@type\":\"WebPage\",\"@id\":\"https:\\\/\\\/fundacioncajaruraldelsur.com\\\/el-empresario-juan-cano-recibe-el-xvi-premio-simon-de-rojas-clemente-promovido-por-abc-y-caja-rural-del-sur\\\/\",\"url\":\"https:\\\/\\\/fundacioncajaruraldelsur.com\\\/el-empresario-juan-cano-recibe-el-xvi-premio-simon-de-rojas-clemente-promovido-por-abc-y-caja-rural-del-sur\\\/\",\"name\":\"El empresario Juan Cano recibe el XVI Premio Sim\u00f3n de Rojas Clemente promovido por ABC y Caja Rural del Sur - Fundaci\u00f3n Caja Rural del Sur\",\"isPartOf\":{\"@id\":\"https:\\\/\\\/fundacioncajaruraldelsur.com\\\/#website\"},\"primaryImageOfPage\":{\"@id\":\"https:\\\/\\\/fundacioncajaruraldelsur.com\\\/el-empresario-juan-cano-recibe-el-xvi-premio-simon-de-rojas-clemente-promovido-por-abc-y-caja-rural-del-sur\\\/#primaryimage\"},\"image\":{\"@id\":\"https:\\\/\\\/fundacioncajaruraldelsur.com\\\/el-empresario-juan-cano-recibe-el-xvi-premio-simon-de-rojas-clemente-promovido-por-abc-y-caja-rural-del-sur\\\/#primaryimage\"},\"thumbnailUrl\":\"https:\\\/\\\/fundacioncajaruraldelsur.com\\\/wp-content\\\/uploads\\\/2024\\\/03\\\/juan-cano.jpg\",\"datePublished\":\"2024-03-05T21:28:28+00:00\",\"dateModified\":\"2024-03-06T10:58:55+00:00\",\"author\":{\"@id\":\"https:\\\/\\\/fundacioncajaruraldelsur.com\\\/#\\\/schema\\\/person\\\/f430da9fb783d505ff061ad8b3d44577\"},\"breadcrumb\":{\"@id\":\"https:\\\/\\\/fundacioncajaruraldelsur.com\\\/el-empresario-juan-cano-recibe-el-xvi-premio-simon-de-rojas-clemente-promovido-por-abc-y-caja-rural-del-sur\\\/#breadcrumb\"},\"inLanguage\":\"pt-PT\",\"potentialAction\":[{\"@type\":\"ReadAction\",\"target\":[\"https:\\\/\\\/fundacioncajaruraldelsur.com\\\/el-empresario-juan-cano-recibe-el-xvi-premio-simon-de-rojas-clemente-promovido-por-abc-y-caja-rural-del-sur\\\/\"]}]},{\"@type\":\"ImageObject\",\"inLanguage\":\"pt-PT\",\"@id\":\"https:\\\/\\\/fundacioncajaruraldelsur.com\\\/el-empresario-juan-cano-recibe-el-xvi-premio-simon-de-rojas-clemente-promovido-por-abc-y-caja-rural-del-sur\\\/#primaryimage\",\"url\":\"https:\\\/\\\/fundacioncajaruraldelsur.com\\\/wp-content\\\/uploads\\\/2024\\\/03\\\/juan-cano.jpg\",\"contentUrl\":\"https:\\\/\\\/fundacioncajaruraldelsur.com\\\/wp-content\\\/uploads\\\/2024\\\/03\\\/juan-cano.jpg\",\"width\":1200,\"height\":840},{\"@type\":\"BreadcrumbList\",\"@id\":\"https:\\\/\\\/fundacioncajaruraldelsur.com\\\/el-empresario-juan-cano-recibe-el-xvi-premio-simon-de-rojas-clemente-promovido-por-abc-y-caja-rural-del-sur\\\/#breadcrumb\",\"itemListElement\":[{\"@type\":\"ListItem\",\"position\":1,\"name\":\"Portada\",\"item\":\"https:\\\/\\\/fundacioncajaruraldelsur.com\\\/\"},{\"@type\":\"ListItem\",\"position\":2,\"name\":\"El empresario Juan Cano recibe el XVI Premio Sim\u00f3n de Rojas Clemente promovido por ABC y Caja Rural del Sur\"}]},{\"@type\":\"WebSite\",\"@id\":\"https:\\\/\\\/fundacioncajaruraldelsur.com\\\/#website\",\"url\":\"https:\\\/\\\/fundacioncajaruraldelsur.com\\\/\",\"name\":\"Fundaci\u00f3n Caja Rural del Sur\",\"description\":\"\",\"potentialAction\":[{\"@type\":\"SearchAction\",\"target\":{\"@type\":\"EntryPoint\",\"urlTemplate\":\"https:\\\/\\\/fundacioncajaruraldelsur.com\\\/?s={search_term_string}\"},\"query-input\":{\"@type\":\"PropertyValueSpecification\",\"valueRequired\":true,\"valueName\":\"search_term_string\"}}],\"inLanguage\":\"pt-PT\"},{\"@type\":\"Person\",\"@id\":\"https:\\\/\\\/fundacioncajaruraldelsur.com\\\/#\\\/schema\\\/person\\\/f430da9fb783d505ff061ad8b3d44577\",\"name\":\"Comunicaci\u00f3n\",\"image\":{\"@type\":\"ImageObject\",\"inLanguage\":\"pt-PT\",\"@id\":\"https:\\\/\\\/secure.gravatar.com\\\/avatar\\\/0dca239875993680bac4603ad2de7942da018f52cc3a244578e0b3b09314a8d8?s=96&d=blank&r=g\",\"url\":\"https:\\\/\\\/secure.gravatar.com\\\/avatar\\\/0dca239875993680bac4603ad2de7942da018f52cc3a244578e0b3b09314a8d8?s=96&d=blank&r=g\",\"contentUrl\":\"https:\\\/\\\/secure.gravatar.com\\\/avatar\\\/0dca239875993680bac4603ad2de7942da018f52cc3a244578e0b3b09314a8d8?s=96&d=blank&r=g\",\"caption\":\"Comunicaci\u00f3n\"}}]}<\/script>\n<!-- \/ Yoast SEO plugin. -->","yoast_head_json":{"title":"El empresario Juan Cano recibe el XVI Premio Sim\u00f3n de Rojas Clemente promovido por ABC y Caja Rural del Sur - Fundaci\u00f3n Caja Rural del Sur","robots":{"index":"index","follow":"follow","max-snippet":"max-snippet:-1","max-image-preview":"max-image-preview:large","max-video-preview":"max-video-preview:-1"},"canonical":"https:\/\/fundacioncajaruraldelsur.com\/pt\/el-empresario-juan-cano-recibe-el-xvi-premio-simon-de-rojas-clemente-promovido-por-abc-y-caja-rural-del-sur\/","og_locale":"pt_PT","og_type":"article","og_title":"El empresario Juan Cano recibe el XVI Premio Sim\u00f3n de Rojas Clemente promovido por ABC y Caja Rural del Sur - Fundaci\u00f3n Caja Rural del Sur","og_description":"El empresario cordob\u00e9s y fundador de Eurosemillas, Juan Cano, ha recibido este martes, 5 de marzo, el Premio Sim\u00f3n de Rojas Clemente, promovido por ABC y la Fundaci\u00f3n Caja Rural [&hellip;]","og_url":"https:\/\/fundacioncajaruraldelsur.com\/pt\/el-empresario-juan-cano-recibe-el-xvi-premio-simon-de-rojas-clemente-promovido-por-abc-y-caja-rural-del-sur\/","og_site_name":"Fundaci\u00f3n Caja Rural del Sur","article_published_time":"2024-03-05T21:28:28+00:00","article_modified_time":"2024-03-06T10:58:55+00:00","og_image":[{"width":1200,"height":840,"url":"https:\/\/fundacioncajaruraldelsur.com\/wp-content\/uploads\/2024\/03\/juan-cano.jpg","type":"image\/jpeg"}],"author":"Comunicaci\u00f3n","twitter_card":"summary_large_image","twitter_misc":{"Written by":"Comunicaci\u00f3n","Est. reading time":"4 minutes"},"schema":{"@context":"https:\/\/schema.org","@graph":[{"@type":"Article","@id":"https:\/\/fundacioncajaruraldelsur.com\/el-empresario-juan-cano-recibe-el-xvi-premio-simon-de-rojas-clemente-promovido-por-abc-y-caja-rural-del-sur\/#article","isPartOf":{"@id":"https:\/\/fundacioncajaruraldelsur.com\/el-empresario-juan-cano-recibe-el-xvi-premio-simon-de-rojas-clemente-promovido-por-abc-y-caja-rural-del-sur\/"},"author":{"name":"Comunicaci\u00f3n","@id":"https:\/\/fundacioncajaruraldelsur.com\/#\/schema\/person\/f430da9fb783d505ff061ad8b3d44577"},"headline":"El empresario Juan Cano recibe el XVI Premio Sim\u00f3n de Rojas Clemente promovido por ABC y Caja Rural del Sur","datePublished":"2024-03-05T21:28:28+00:00","dateModified":"2024-03-06T10:58:55+00:00","mainEntityOfPage":{"@id":"https:\/\/fundacioncajaruraldelsur.com\/el-empresario-juan-cano-recibe-el-xvi-premio-simon-de-rojas-clemente-promovido-por-abc-y-caja-rural-del-sur\/"},"wordCount":955,"image":{"@id":"https:\/\/fundacioncajaruraldelsur.com\/el-empresario-juan-cano-recibe-el-xvi-premio-simon-de-rojas-clemente-promovido-por-abc-y-caja-rural-del-sur\/#primaryimage"},"thumbnailUrl":"https:\/\/fundacioncajaruraldelsur.com\/wp-content\/uploads\/2024\/03\/juan-cano.jpg","articleSection":["Premios"],"inLanguage":"pt-PT"},{"@type":"WebPage","@id":"https:\/\/fundacioncajaruraldelsur.com\/el-empresario-juan-cano-recibe-el-xvi-premio-simon-de-rojas-clemente-promovido-por-abc-y-caja-rural-del-sur\/","url":"https:\/\/fundacioncajaruraldelsur.com\/el-empresario-juan-cano-recibe-el-xvi-premio-simon-de-rojas-clemente-promovido-por-abc-y-caja-rural-del-sur\/","name":"El empresario Juan Cano recibe el XVI Premio Sim\u00f3n de Rojas Clemente promovido por ABC y Caja Rural del Sur - Fundaci\u00f3n Caja Rural del Sur","isPartOf":{"@id":"https:\/\/fundacioncajaruraldelsur.com\/#website"},"primaryImageOfPage":{"@id":"https:\/\/fundacioncajaruraldelsur.com\/el-empresario-juan-cano-recibe-el-xvi-premio-simon-de-rojas-clemente-promovido-por-abc-y-caja-rural-del-sur\/#primaryimage"},"image":{"@id":"https:\/\/fundacioncajaruraldelsur.com\/el-empresario-juan-cano-recibe-el-xvi-premio-simon-de-rojas-clemente-promovido-por-abc-y-caja-rural-del-sur\/#primaryimage"},"thumbnailUrl":"https:\/\/fundacioncajaruraldelsur.com\/wp-content\/uploads\/2024\/03\/juan-cano.jpg","datePublished":"2024-03-05T21:28:28+00:00","dateModified":"2024-03-06T10:58:55+00:00","author":{"@id":"https:\/\/fundacioncajaruraldelsur.com\/#\/schema\/person\/f430da9fb783d505ff061ad8b3d44577"},"breadcrumb":{"@id":"https:\/\/fundacioncajaruraldelsur.com\/el-empresario-juan-cano-recibe-el-xvi-premio-simon-de-rojas-clemente-promovido-por-abc-y-caja-rural-del-sur\/#breadcrumb"},"inLanguage":"pt-PT","potentialAction":[{"@type":"ReadAction","target":["https:\/\/fundacioncajaruraldelsur.com\/el-empresario-juan-cano-recibe-el-xvi-premio-simon-de-rojas-clemente-promovido-por-abc-y-caja-rural-del-sur\/"]}]},{"@type":"ImageObject","inLanguage":"pt-PT","@id":"https:\/\/fundacioncajaruraldelsur.com\/el-empresario-juan-cano-recibe-el-xvi-premio-simon-de-rojas-clemente-promovido-por-abc-y-caja-rural-del-sur\/#primaryimage","url":"https:\/\/fundacioncajaruraldelsur.com\/wp-content\/uploads\/2024\/03\/juan-cano.jpg","contentUrl":"https:\/\/fundacioncajaruraldelsur.com\/wp-content\/uploads\/2024\/03\/juan-cano.jpg","width":1200,"height":840},{"@type":"BreadcrumbList","@id":"https:\/\/fundacioncajaruraldelsur.com\/el-empresario-juan-cano-recibe-el-xvi-premio-simon-de-rojas-clemente-promovido-por-abc-y-caja-rural-del-sur\/#breadcrumb","itemListElement":[{"@type":"ListItem","position":1,"name":"Portada","item":"https:\/\/fundacioncajaruraldelsur.com\/"},{"@type":"ListItem","position":2,"name":"El empresario Juan Cano recibe el XVI Premio Sim\u00f3n de Rojas Clemente promovido por ABC y Caja Rural del Sur"}]},{"@type":"WebSite","@id":"https:\/\/fundacioncajaruraldelsur.com\/#website","url":"https:\/\/fundacioncajaruraldelsur.com\/","name":"Funda\u00e7\u00e3o Caja Rural del Sur","description":"","potentialAction":[{"@type":"SearchAction","target":{"@type":"EntryPoint","urlTemplate":"https:\/\/fundacioncajaruraldelsur.com\/?s={search_term_string}"},"query-input":{"@type":"PropertyValueSpecification","valueRequired":true,"valueName":"search_term_string"}}],"inLanguage":"pt-PT"},{"@type":"Person","@id":"https:\/\/fundacioncajaruraldelsur.com\/#\/schema\/person\/f430da9fb783d505ff061ad8b3d44577","name":"Comunicaci\u00f3n","image":{"@type":"ImageObject","inLanguage":"pt-PT","@id":"https:\/\/secure.gravatar.com\/avatar\/0dca239875993680bac4603ad2de7942da018f52cc3a244578e0b3b09314a8d8?s=96&d=blank&r=g","url":"https:\/\/secure.gravatar.com\/avatar\/0dca239875993680bac4603ad2de7942da018f52cc3a244578e0b3b09314a8d8?s=96&d=blank&r=g","contentUrl":"https:\/\/secure.gravatar.com\/avatar\/0dca239875993680bac4603ad2de7942da018f52cc3a244578e0b3b09314a8d8?s=96&d=blank&r=g","caption":"Comunicaci\u00f3n"}}]}},"rttpg_featured_image_url":{"full":["https:\/\/fundacioncajaruraldelsur.com\/wp-content\/uploads\/2024\/03\/juan-cano.jpg",1200,840,false],"landscape":["https:\/\/fundacioncajaruraldelsur.com\/wp-content\/uploads\/2024\/03\/juan-cano.jpg",1200,840,false],"portraits":["https:\/\/fundacioncajaruraldelsur.com\/wp-content\/uploads\/2024\/03\/juan-cano.jpg",1200,840,false],"thumbnail":["https:\/\/fundacioncajaruraldelsur.com\/wp-content\/uploads\/2024\/03\/juan-cano-150x150.jpg",150,150,true],"medium":["https:\/\/fundacioncajaruraldelsur.com\/wp-content\/uploads\/2024\/03\/juan-cano-300x210.jpg",300,210,true],"large":["https:\/\/fundacioncajaruraldelsur.com\/wp-content\/uploads\/2024\/03\/juan-cano-1024x717.jpg",960,672,true],"1536x1536":["https:\/\/fundacioncajaruraldelsur.com\/wp-content\/uploads\/2024\/03\/juan-cano.jpg",1200,840,false],"2048x2048":["https:\/\/fundacioncajaruraldelsur.com\/wp-content\/uploads\/2024\/03\/juan-cano.jpg",1200,840,false],"trp-custom-language-flag":["https:\/\/fundacioncajaruraldelsur.com\/wp-content\/uploads\/2024\/03\/juan-cano.jpg",18,12,false],"blog-thumbnail":["https:\/\/fundacioncajaruraldelsur.com\/wp-content\/uploads\/2024\/03\/juan-cano-400x200.jpg",400,200,true]},"rttpg_author":{"display_name":"Comunicaci\u00f3n","author_link":"https:\/\/fundacioncajaruraldelsur.com\/pt\/author\/sevillaadmin\/"},"rttpg_comment":0,"rttpg_category":"<a href=\"https:\/\/fundacioncajaruraldelsur.com\/pt\/category\/premios\/\" rel=\"category tag\">Premios<\/a>","rttpg_excerpt":"El empresario cordob\u00e9s y fundador de Eurosemillas, Juan Cano, ha recibido este martes, 5 de marzo, el Premio Sim\u00f3n de Rojas Clemente, promovido por ABC y la Fundaci\u00f3n Caja Rural [&hellip;]","_links":{"self":[{"href":"https:\/\/fundacioncajaruraldelsur.com\/pt\/wp-json\/wp\/v2\/posts\/9815","targetHints":{"allow":["GET"]}}],"collection":[{"href":"https:\/\/fundacioncajaruraldelsur.com\/pt\/wp-json\/wp\/v2\/posts"}],"about":[{"href":"https:\/\/fundacioncajaruraldelsur.com\/pt\/wp-json\/wp\/v2\/types\/post"}],"author":[{"embeddable":true,"href":"https:\/\/fundacioncajaruraldelsur.com\/pt\/wp-json\/wp\/v2\/users\/6"}],"replies":[{"embeddable":true,"href":"https:\/\/fundacioncajaruraldelsur.com\/pt\/wp-json\/wp\/v2\/comments?post=9815"}],"version-history":[{"count":3,"href":"https:\/\/fundacioncajaruraldelsur.com\/pt\/wp-json\/wp\/v2\/posts\/9815\/revisions"}],"predecessor-version":[{"id":9820,"href":"https:\/\/fundacioncajaruraldelsur.com\/pt\/wp-json\/wp\/v2\/posts\/9815\/revisions\/9820"}],"wp:featuredmedia":[{"embeddable":true,"href":"https:\/\/fundacioncajaruraldelsur.com\/pt\/wp-json\/wp\/v2\/media\/9817"}],"wp:attachment":[{"href":"https:\/\/fundacioncajaruraldelsur.com\/pt\/wp-json\/wp\/v2\/media?parent=9815"}],"wp:term":[{"taxonomy":"category","embeddable":true,"href":"https:\/\/fundacioncajaruraldelsur.com\/pt\/wp-json\/wp\/v2\/categories?post=9815"},{"taxonomy":"post_tag","embeddable":true,"href":"https:\/\/fundacioncajaruraldelsur.com\/pt\/wp-json\/wp\/v2\/tags?post=9815"}],"curies":[{"name":"wp","href":"https:\/\/api.w.org\/{rel}","templated":true}]}}