{"id":9812,"date":"2024-03-04T10:33:21","date_gmt":"2024-03-04T09:33:21","guid":{"rendered":"\/?p=9812"},"modified":"2024-03-04T10:33:21","modified_gmt":"2024-03-04T09:33:21","slug":"presentado-en-caja-rural-del-sur-el-foro-de-cocina-ecologica-y-sostenible-ecologicakok","status":"publish","type":"post","link":"https:\/\/fundacioncajaruraldelsur.com\/pt\/presentado-en-caja-rural-del-sur-el-foro-de-cocina-ecologica-y-sostenible-ecologicakok\/","title":{"rendered":"Presentado en Caja Rural del Sur el Foro de cocina ecol\u00f3gica y sostenible \u00abEcol\u00f3gicaKok\u00bb"},"content":{"rendered":"<p>La sede de Caja Rural del Sur ha acogido la presentaci\u00f3n en Sevilla de <strong>Ecol\u00f3gicaKok, el Foro de la Cocina Ecol\u00f3gica y Sostenible<\/strong> donde profesionales de la hosteler\u00eda, productores, empresas de agroalimentaci\u00f3n, escuelas y especialistas en seguridad alimentaria se van a dar cita los d\u00edas 11 y 12 de marzo. La entidad es uno de los patrocinadores del encuentro. Por parte de Caja Rural del Sur estuve presente en esta presentaci\u00f3n, Manuel Ruiz Rojas.<\/p>\n<p>El encuentro lo coorganizan El Comensal y Sevilla City Office, y recoge el testigo de la primera edici\u00f3n con el prop\u00f3sito de situar la capital y su provincia en el centro de esta discusi\u00f3n. Como ha se\u00f1alado M\u00f3nica Trujillano, directora de El Comensal, \u201csi Sevilla se reivindica como capital de la cultura de la tapa, este liderazgo exige proponer y moderar debates sin los que no se entiende el futuro de la gastronom\u00eda a nivel global\u201d.<\/p>\n<p>\u201cLa excelente acogida del a\u00f1o pasado nos anim\u00f3 a repetir la experiencia, convencidos de que Ecol\u00f3gicaKok se ha convertido el foro andaluz de referencia en este sector, una cita que va a contribuir a que nuestra comunidad se muestre como destino tur\u00edstico gastron\u00f3mico ecol\u00f3gico y sostenible\u201d, ha dicho Trujillano.<\/p>\n<p>En este sentido, la delegada de Turismo del Ayuntamiento de Sevilla, Angie Moreno, ha comentado que \u201cEste foro destaca por su potencial y porque con \u00e9l situaremos a Sevilla como capital de la gastronom\u00eda sostenible y donde nuestra ciudad se reivindica como capital de la cultura de la tapa. Un liderazgo que es un honor pero tambi\u00e9n un reto del que esperamos estar a la altura\u201d.<\/p>\n<p>El objetivo es, en definitiva, repetir la experiencia de 2023, acercar la producci\u00f3n ecol\u00f3gica y las mejores pr\u00e1cticas sobre sostenibilidad al sector hostelero principalmente -cocineros, escuelas, propietarios y gestores de bares y restaurantes-, aunque Ecol\u00f3gicaKok es un foro abierto a cualquier persona sensibilizada e interesada en estas cuestiones.<\/p>\n<p>La programaci\u00f3n del foro incluye coloquios, charlas y talleres gastron\u00f3micos, dirigidos y moderados por chefs y ponentes profesionales de referencia en producci\u00f3n ecol\u00f3gica, seguridad alimentaria y sostenibilidad. El objetivo es plantear debates sobre consumo de productos de temporada, restauraci\u00f3n y h\u00e1bitos de alimentaci\u00f3n sostenibles y responsables, etc.<\/p>\n<p>Organizado por El Comensal y Sevilla City Office, Ecol\u00f3gicaKok cuenta con el patrocinio de la Consejer\u00eda de Agricultura, Pesca, Agua y Desarrollo Rural \/ Gusto del Sur, C\u00e1mara de Comercio de Sevilla, Caja Rural del Sur, Makro y Oleand. Se celebra los d\u00edas 11 y 12 de marzo en la sede de Sevilla City Office, en el Paseo Marqu\u00e9s de Contadero de Sevilla, a los pies de la Torro del Oro.<\/p>","protected":false},"excerpt":{"rendered":"<p>La sede de Caja Rural del Sur ha acogido la presentaci\u00f3n en Sevilla de Ecol\u00f3gicaKok, el Foro de la Cocina Ecol\u00f3gica y Sostenible donde profesionales de la hosteler\u00eda, productores, empresas [&hellip;]<\/p>\n","protected":false},"author":6,"featured_media":9813,"comment_status":"closed","ping_status":"closed","sticky":false,"template":"","format":"standard","meta":{"footnotes":""},"categories":[84],"tags":[],"class_list":["post-9812","post","type-post","status-publish","format-standard","has-post-thumbnail","hentry","category-presentaciones"],"yoast_head":"<!-- This site is optimized with the Yoast SEO plugin v27.3 - https:\/\/yoast.com\/product\/yoast-seo-wordpress\/ -->\n<title>Presentado en Caja Rural del Sur el Foro de cocina ecol\u00f3gica y sostenible \u00abEcol\u00f3gicaKok\u00bb - Fundaci\u00f3n Caja Rural del Sur<\/title>\n<meta name=\"robots\" content=\"index, follow, max-snippet:-1, max-image-preview:large, max-video-preview:-1\" \/>\n<link rel=\"canonical\" href=\"https:\/\/fundacioncajaruraldelsur.com\/pt\/presentado-en-caja-rural-del-sur-el-foro-de-cocina-ecologica-y-sostenible-ecologicakok\/\" \/>\n<meta property=\"og:locale\" content=\"pt_PT\" \/>\n<meta property=\"og:type\" content=\"article\" \/>\n<meta property=\"og:title\" content=\"Presentado en Caja Rural del Sur el Foro de cocina ecol\u00f3gica y sostenible \u00abEcol\u00f3gicaKok\u00bb - Fundaci\u00f3n Caja Rural del Sur\" \/>\n<meta property=\"og:description\" content=\"La sede de Caja Rural del Sur ha acogido la presentaci\u00f3n en Sevilla de Ecol\u00f3gicaKok, el Foro de la Cocina Ecol\u00f3gica y Sostenible donde profesionales de la hosteler\u00eda, productores, empresas [&hellip;]\" \/>\n<meta property=\"og:url\" content=\"https:\/\/fundacioncajaruraldelsur.com\/pt\/presentado-en-caja-rural-del-sur-el-foro-de-cocina-ecologica-y-sostenible-ecologicakok\/\" \/>\n<meta property=\"og:site_name\" content=\"Fundaci\u00f3n Caja Rural del Sur\" \/>\n<meta property=\"article:published_time\" content=\"2024-03-04T09:33:21+00:00\" \/>\n<meta property=\"og:image\" content=\"https:\/\/fundacioncajaruraldelsur.com\/wp-content\/uploads\/2024\/03\/ECOLOGIGAKOK-2-scaled.jpg\" \/>\n\t<meta property=\"og:image:width\" content=\"2560\" \/>\n\t<meta property=\"og:image:height\" content=\"1660\" \/>\n\t<meta property=\"og:image:type\" content=\"image\/jpeg\" \/>\n<meta name=\"author\" content=\"Comunicaci\u00f3n\" \/>\n<meta name=\"twitter:card\" content=\"summary_large_image\" \/>\n<meta name=\"twitter:label1\" content=\"Written by\" \/>\n\t<meta name=\"twitter:data1\" content=\"Comunicaci\u00f3n\" \/>\n\t<meta name=\"twitter:label2\" content=\"Est. reading time\" \/>\n\t<meta name=\"twitter:data2\" content=\"3 minutes\" \/>\n<script type=\"application\/ld+json\" class=\"yoast-schema-graph\">{\"@context\":\"https:\\\/\\\/schema.org\",\"@graph\":[{\"@type\":\"Article\",\"@id\":\"https:\\\/\\\/fundacioncajaruraldelsur.com\\\/presentado-en-caja-rural-del-sur-el-foro-de-cocina-ecologica-y-sostenible-ecologicakok\\\/#article\",\"isPartOf\":{\"@id\":\"https:\\\/\\\/fundacioncajaruraldelsur.com\\\/presentado-en-caja-rural-del-sur-el-foro-de-cocina-ecologica-y-sostenible-ecologicakok\\\/\"},\"author\":{\"name\":\"Comunicaci\u00f3n\",\"@id\":\"https:\\\/\\\/fundacioncajaruraldelsur.com\\\/#\\\/schema\\\/person\\\/f430da9fb783d505ff061ad8b3d44577\"},\"headline\":\"Presentado en Caja Rural del Sur el Foro de cocina ecol\u00f3gica y sostenible \u00abEcol\u00f3gicaKok\u00bb\",\"datePublished\":\"2024-03-04T09:33:21+00:00\",\"mainEntityOfPage\":{\"@id\":\"https:\\\/\\\/fundacioncajaruraldelsur.com\\\/presentado-en-caja-rural-del-sur-el-foro-de-cocina-ecologica-y-sostenible-ecologicakok\\\/\"},\"wordCount\":477,\"image\":{\"@id\":\"https:\\\/\\\/fundacioncajaruraldelsur.com\\\/presentado-en-caja-rural-del-sur-el-foro-de-cocina-ecologica-y-sostenible-ecologicakok\\\/#primaryimage\"},\"thumbnailUrl\":\"https:\\\/\\\/fundacioncajaruraldelsur.com\\\/wp-content\\\/uploads\\\/2024\\\/03\\\/ECOLOGIGAKOK-2-scaled.jpg\",\"articleSection\":[\"Presentaciones\"],\"inLanguage\":\"pt-PT\"},{\"@type\":\"WebPage\",\"@id\":\"https:\\\/\\\/fundacioncajaruraldelsur.com\\\/presentado-en-caja-rural-del-sur-el-foro-de-cocina-ecologica-y-sostenible-ecologicakok\\\/\",\"url\":\"https:\\\/\\\/fundacioncajaruraldelsur.com\\\/presentado-en-caja-rural-del-sur-el-foro-de-cocina-ecologica-y-sostenible-ecologicakok\\\/\",\"name\":\"Presentado en Caja Rural del Sur el Foro de cocina ecol\u00f3gica y sostenible \u00abEcol\u00f3gicaKok\u00bb - Fundaci\u00f3n Caja Rural del Sur\",\"isPartOf\":{\"@id\":\"https:\\\/\\\/fundacioncajaruraldelsur.com\\\/#website\"},\"primaryImageOfPage\":{\"@id\":\"https:\\\/\\\/fundacioncajaruraldelsur.com\\\/presentado-en-caja-rural-del-sur-el-foro-de-cocina-ecologica-y-sostenible-ecologicakok\\\/#primaryimage\"},\"image\":{\"@id\":\"https:\\\/\\\/fundacioncajaruraldelsur.com\\\/presentado-en-caja-rural-del-sur-el-foro-de-cocina-ecologica-y-sostenible-ecologicakok\\\/#primaryimage\"},\"thumbnailUrl\":\"https:\\\/\\\/fundacioncajaruraldelsur.com\\\/wp-content\\\/uploads\\\/2024\\\/03\\\/ECOLOGIGAKOK-2-scaled.jpg\",\"datePublished\":\"2024-03-04T09:33:21+00:00\",\"author\":{\"@id\":\"https:\\\/\\\/fundacioncajaruraldelsur.com\\\/#\\\/schema\\\/person\\\/f430da9fb783d505ff061ad8b3d44577\"},\"breadcrumb\":{\"@id\":\"https:\\\/\\\/fundacioncajaruraldelsur.com\\\/presentado-en-caja-rural-del-sur-el-foro-de-cocina-ecologica-y-sostenible-ecologicakok\\\/#breadcrumb\"},\"inLanguage\":\"pt-PT\",\"potentialAction\":[{\"@type\":\"ReadAction\",\"target\":[\"https:\\\/\\\/fundacioncajaruraldelsur.com\\\/presentado-en-caja-rural-del-sur-el-foro-de-cocina-ecologica-y-sostenible-ecologicakok\\\/\"]}]},{\"@type\":\"ImageObject\",\"inLanguage\":\"pt-PT\",\"@id\":\"https:\\\/\\\/fundacioncajaruraldelsur.com\\\/presentado-en-caja-rural-del-sur-el-foro-de-cocina-ecologica-y-sostenible-ecologicakok\\\/#primaryimage\",\"url\":\"https:\\\/\\\/fundacioncajaruraldelsur.com\\\/wp-content\\\/uploads\\\/2024\\\/03\\\/ECOLOGIGAKOK-2-scaled.jpg\",\"contentUrl\":\"https:\\\/\\\/fundacioncajaruraldelsur.com\\\/wp-content\\\/uploads\\\/2024\\\/03\\\/ECOLOGIGAKOK-2-scaled.jpg\",\"width\":2560,\"height\":1660},{\"@type\":\"BreadcrumbList\",\"@id\":\"https:\\\/\\\/fundacioncajaruraldelsur.com\\\/presentado-en-caja-rural-del-sur-el-foro-de-cocina-ecologica-y-sostenible-ecologicakok\\\/#breadcrumb\",\"itemListElement\":[{\"@type\":\"ListItem\",\"position\":1,\"name\":\"Portada\",\"item\":\"https:\\\/\\\/fundacioncajaruraldelsur.com\\\/\"},{\"@type\":\"ListItem\",\"position\":2,\"name\":\"Presentado en Caja Rural del Sur el Foro de cocina ecol\u00f3gica y sostenible \u00abEcol\u00f3gicaKok\u00bb\"}]},{\"@type\":\"WebSite\",\"@id\":\"https:\\\/\\\/fundacioncajaruraldelsur.com\\\/#website\",\"url\":\"https:\\\/\\\/fundacioncajaruraldelsur.com\\\/\",\"name\":\"Fundaci\u00f3n Caja Rural del Sur\",\"description\":\"\",\"potentialAction\":[{\"@type\":\"SearchAction\",\"target\":{\"@type\":\"EntryPoint\",\"urlTemplate\":\"https:\\\/\\\/fundacioncajaruraldelsur.com\\\/?s={search_term_string}\"},\"query-input\":{\"@type\":\"PropertyValueSpecification\",\"valueRequired\":true,\"valueName\":\"search_term_string\"}}],\"inLanguage\":\"pt-PT\"},{\"@type\":\"Person\",\"@id\":\"https:\\\/\\\/fundacioncajaruraldelsur.com\\\/#\\\/schema\\\/person\\\/f430da9fb783d505ff061ad8b3d44577\",\"name\":\"Comunicaci\u00f3n\",\"image\":{\"@type\":\"ImageObject\",\"inLanguage\":\"pt-PT\",\"@id\":\"https:\\\/\\\/secure.gravatar.com\\\/avatar\\\/0dca239875993680bac4603ad2de7942da018f52cc3a244578e0b3b09314a8d8?s=96&d=blank&r=g\",\"url\":\"https:\\\/\\\/secure.gravatar.com\\\/avatar\\\/0dca239875993680bac4603ad2de7942da018f52cc3a244578e0b3b09314a8d8?s=96&d=blank&r=g\",\"contentUrl\":\"https:\\\/\\\/secure.gravatar.com\\\/avatar\\\/0dca239875993680bac4603ad2de7942da018f52cc3a244578e0b3b09314a8d8?s=96&d=blank&r=g\",\"caption\":\"Comunicaci\u00f3n\"}}]}<\/script>\n<!-- \/ Yoast SEO plugin. -->","yoast_head_json":{"title":"Presentado en Caja Rural del Sur el Foro de cocina ecol\u00f3gica y sostenible \u00abEcol\u00f3gicaKok\u00bb - Fundaci\u00f3n Caja Rural del Sur","robots":{"index":"index","follow":"follow","max-snippet":"max-snippet:-1","max-image-preview":"max-image-preview:large","max-video-preview":"max-video-preview:-1"},"canonical":"https:\/\/fundacioncajaruraldelsur.com\/pt\/presentado-en-caja-rural-del-sur-el-foro-de-cocina-ecologica-y-sostenible-ecologicakok\/","og_locale":"pt_PT","og_type":"article","og_title":"Presentado en Caja Rural del Sur el Foro de cocina ecol\u00f3gica y sostenible \u00abEcol\u00f3gicaKok\u00bb - Fundaci\u00f3n Caja Rural del Sur","og_description":"La sede de Caja Rural del Sur ha acogido la presentaci\u00f3n en Sevilla de Ecol\u00f3gicaKok, el Foro de la Cocina Ecol\u00f3gica y Sostenible donde profesionales de la hosteler\u00eda, productores, empresas [&hellip;]","og_url":"https:\/\/fundacioncajaruraldelsur.com\/pt\/presentado-en-caja-rural-del-sur-el-foro-de-cocina-ecologica-y-sostenible-ecologicakok\/","og_site_name":"Fundaci\u00f3n Caja Rural del Sur","article_published_time":"2024-03-04T09:33:21+00:00","og_image":[{"width":2560,"height":1660,"url":"https:\/\/fundacioncajaruraldelsur.com\/wp-content\/uploads\/2024\/03\/ECOLOGIGAKOK-2-scaled.jpg","type":"image\/jpeg"}],"author":"Comunicaci\u00f3n","twitter_card":"summary_large_image","twitter_misc":{"Written by":"Comunicaci\u00f3n","Est. reading time":"3 minutes"},"schema":{"@context":"https:\/\/schema.org","@graph":[{"@type":"Article","@id":"https:\/\/fundacioncajaruraldelsur.com\/presentado-en-caja-rural-del-sur-el-foro-de-cocina-ecologica-y-sostenible-ecologicakok\/#article","isPartOf":{"@id":"https:\/\/fundacioncajaruraldelsur.com\/presentado-en-caja-rural-del-sur-el-foro-de-cocina-ecologica-y-sostenible-ecologicakok\/"},"author":{"name":"Comunicaci\u00f3n","@id":"https:\/\/fundacioncajaruraldelsur.com\/#\/schema\/person\/f430da9fb783d505ff061ad8b3d44577"},"headline":"Presentado en Caja Rural del Sur el Foro de cocina ecol\u00f3gica y sostenible \u00abEcol\u00f3gicaKok\u00bb","datePublished":"2024-03-04T09:33:21+00:00","mainEntityOfPage":{"@id":"https:\/\/fundacioncajaruraldelsur.com\/presentado-en-caja-rural-del-sur-el-foro-de-cocina-ecologica-y-sostenible-ecologicakok\/"},"wordCount":477,"image":{"@id":"https:\/\/fundacioncajaruraldelsur.com\/presentado-en-caja-rural-del-sur-el-foro-de-cocina-ecologica-y-sostenible-ecologicakok\/#primaryimage"},"thumbnailUrl":"https:\/\/fundacioncajaruraldelsur.com\/wp-content\/uploads\/2024\/03\/ECOLOGIGAKOK-2-scaled.jpg","articleSection":["Presentaciones"],"inLanguage":"pt-PT"},{"@type":"WebPage","@id":"https:\/\/fundacioncajaruraldelsur.com\/presentado-en-caja-rural-del-sur-el-foro-de-cocina-ecologica-y-sostenible-ecologicakok\/","url":"https:\/\/fundacioncajaruraldelsur.com\/presentado-en-caja-rural-del-sur-el-foro-de-cocina-ecologica-y-sostenible-ecologicakok\/","name":"Presentado en Caja Rural del Sur el Foro de cocina ecol\u00f3gica y sostenible \u00abEcol\u00f3gicaKok\u00bb - Fundaci\u00f3n Caja Rural del Sur","isPartOf":{"@id":"https:\/\/fundacioncajaruraldelsur.com\/#website"},"primaryImageOfPage":{"@id":"https:\/\/fundacioncajaruraldelsur.com\/presentado-en-caja-rural-del-sur-el-foro-de-cocina-ecologica-y-sostenible-ecologicakok\/#primaryimage"},"image":{"@id":"https:\/\/fundacioncajaruraldelsur.com\/presentado-en-caja-rural-del-sur-el-foro-de-cocina-ecologica-y-sostenible-ecologicakok\/#primaryimage"},"thumbnailUrl":"https:\/\/fundacioncajaruraldelsur.com\/wp-content\/uploads\/2024\/03\/ECOLOGIGAKOK-2-scaled.jpg","datePublished":"2024-03-04T09:33:21+00:00","author":{"@id":"https:\/\/fundacioncajaruraldelsur.com\/#\/schema\/person\/f430da9fb783d505ff061ad8b3d44577"},"breadcrumb":{"@id":"https:\/\/fundacioncajaruraldelsur.com\/presentado-en-caja-rural-del-sur-el-foro-de-cocina-ecologica-y-sostenible-ecologicakok\/#breadcrumb"},"inLanguage":"pt-PT","potentialAction":[{"@type":"ReadAction","target":["https:\/\/fundacioncajaruraldelsur.com\/presentado-en-caja-rural-del-sur-el-foro-de-cocina-ecologica-y-sostenible-ecologicakok\/"]}]},{"@type":"ImageObject","inLanguage":"pt-PT","@id":"https:\/\/fundacioncajaruraldelsur.com\/presentado-en-caja-rural-del-sur-el-foro-de-cocina-ecologica-y-sostenible-ecologicakok\/#primaryimage","url":"https:\/\/fundacioncajaruraldelsur.com\/wp-content\/uploads\/2024\/03\/ECOLOGIGAKOK-2-scaled.jpg","contentUrl":"https:\/\/fundacioncajaruraldelsur.com\/wp-content\/uploads\/2024\/03\/ECOLOGIGAKOK-2-scaled.jpg","width":2560,"height":1660},{"@type":"BreadcrumbList","@id":"https:\/\/fundacioncajaruraldelsur.com\/presentado-en-caja-rural-del-sur-el-foro-de-cocina-ecologica-y-sostenible-ecologicakok\/#breadcrumb","itemListElement":[{"@type":"ListItem","position":1,"name":"Portada","item":"https:\/\/fundacioncajaruraldelsur.com\/"},{"@type":"ListItem","position":2,"name":"Presentado en Caja Rural del Sur el Foro de cocina ecol\u00f3gica y sostenible \u00abEcol\u00f3gicaKok\u00bb"}]},{"@type":"WebSite","@id":"https:\/\/fundacioncajaruraldelsur.com\/#website","url":"https:\/\/fundacioncajaruraldelsur.com\/","name":"Funda\u00e7\u00e3o Caja Rural del Sur","description":"","potentialAction":[{"@type":"SearchAction","target":{"@type":"EntryPoint","urlTemplate":"https:\/\/fundacioncajaruraldelsur.com\/?s={search_term_string}"},"query-input":{"@type":"PropertyValueSpecification","valueRequired":true,"valueName":"search_term_string"}}],"inLanguage":"pt-PT"},{"@type":"Person","@id":"https:\/\/fundacioncajaruraldelsur.com\/#\/schema\/person\/f430da9fb783d505ff061ad8b3d44577","name":"Comunicaci\u00f3n","image":{"@type":"ImageObject","inLanguage":"pt-PT","@id":"https:\/\/secure.gravatar.com\/avatar\/0dca239875993680bac4603ad2de7942da018f52cc3a244578e0b3b09314a8d8?s=96&d=blank&r=g","url":"https:\/\/secure.gravatar.com\/avatar\/0dca239875993680bac4603ad2de7942da018f52cc3a244578e0b3b09314a8d8?s=96&d=blank&r=g","contentUrl":"https:\/\/secure.gravatar.com\/avatar\/0dca239875993680bac4603ad2de7942da018f52cc3a244578e0b3b09314a8d8?s=96&d=blank&r=g","caption":"Comunicaci\u00f3n"}}]}},"rttpg_featured_image_url":{"full":["https:\/\/fundacioncajaruraldelsur.com\/wp-content\/uploads\/2024\/03\/ECOLOGIGAKOK-2-scaled.jpg",2560,1660,false],"landscape":["https:\/\/fundacioncajaruraldelsur.com\/wp-content\/uploads\/2024\/03\/ECOLOGIGAKOK-2-scaled.jpg",2560,1660,false],"portraits":["https:\/\/fundacioncajaruraldelsur.com\/wp-content\/uploads\/2024\/03\/ECOLOGIGAKOK-2-scaled.jpg",2560,1660,false],"thumbnail":["https:\/\/fundacioncajaruraldelsur.com\/wp-content\/uploads\/2024\/03\/ECOLOGIGAKOK-2-150x150.jpg",150,150,true],"medium":["https:\/\/fundacioncajaruraldelsur.com\/wp-content\/uploads\/2024\/03\/ECOLOGIGAKOK-2-300x195.jpg",300,195,true],"large":["https:\/\/fundacioncajaruraldelsur.com\/wp-content\/uploads\/2024\/03\/ECOLOGIGAKOK-2-1024x664.jpg",960,623,true],"1536x1536":["https:\/\/fundacioncajaruraldelsur.com\/wp-content\/uploads\/2024\/03\/ECOLOGIGAKOK-2-1536x996.jpg",1536,996,true],"2048x2048":["https:\/\/fundacioncajaruraldelsur.com\/wp-content\/uploads\/2024\/03\/ECOLOGIGAKOK-2-2048x1328.jpg",2048,1328,true],"trp-custom-language-flag":["https:\/\/fundacioncajaruraldelsur.com\/wp-content\/uploads\/2024\/03\/ECOLOGIGAKOK-2-scaled.jpg",18,12,false],"blog-thumbnail":["https:\/\/fundacioncajaruraldelsur.com\/wp-content\/uploads\/2024\/03\/ECOLOGIGAKOK-2-400x200.jpg",400,200,true]},"rttpg_author":{"display_name":"Comunicaci\u00f3n","author_link":"https:\/\/fundacioncajaruraldelsur.com\/pt\/author\/sevillaadmin\/"},"rttpg_comment":0,"rttpg_category":"<a href=\"https:\/\/fundacioncajaruraldelsur.com\/pt\/category\/presentaciones\/\" rel=\"category tag\">Presentaciones<\/a>","rttpg_excerpt":"La sede de Caja Rural del Sur ha acogido la presentaci\u00f3n en Sevilla de Ecol\u00f3gicaKok, el Foro de la Cocina Ecol\u00f3gica y Sostenible donde profesionales de la hosteler\u00eda, productores, empresas [&hellip;]","_links":{"self":[{"href":"https:\/\/fundacioncajaruraldelsur.com\/pt\/wp-json\/wp\/v2\/posts\/9812","targetHints":{"allow":["GET"]}}],"collection":[{"href":"https:\/\/fundacioncajaruraldelsur.com\/pt\/wp-json\/wp\/v2\/posts"}],"about":[{"href":"https:\/\/fundacioncajaruraldelsur.com\/pt\/wp-json\/wp\/v2\/types\/post"}],"author":[{"embeddable":true,"href":"https:\/\/fundacioncajaruraldelsur.com\/pt\/wp-json\/wp\/v2\/users\/6"}],"replies":[{"embeddable":true,"href":"https:\/\/fundacioncajaruraldelsur.com\/pt\/wp-json\/wp\/v2\/comments?post=9812"}],"version-history":[{"count":1,"href":"https:\/\/fundacioncajaruraldelsur.com\/pt\/wp-json\/wp\/v2\/posts\/9812\/revisions"}],"predecessor-version":[{"id":9814,"href":"https:\/\/fundacioncajaruraldelsur.com\/pt\/wp-json\/wp\/v2\/posts\/9812\/revisions\/9814"}],"wp:featuredmedia":[{"embeddable":true,"href":"https:\/\/fundacioncajaruraldelsur.com\/pt\/wp-json\/wp\/v2\/media\/9813"}],"wp:attachment":[{"href":"https:\/\/fundacioncajaruraldelsur.com\/pt\/wp-json\/wp\/v2\/media?parent=9812"}],"wp:term":[{"taxonomy":"category","embeddable":true,"href":"https:\/\/fundacioncajaruraldelsur.com\/pt\/wp-json\/wp\/v2\/categories?post=9812"},{"taxonomy":"post_tag","embeddable":true,"href":"https:\/\/fundacioncajaruraldelsur.com\/pt\/wp-json\/wp\/v2\/tags?post=9812"}],"curies":[{"name":"wp","href":"https:\/\/api.w.org\/{rel}","templated":true}]}}