{"id":9803,"date":"2024-02-26T16:52:30","date_gmt":"2024-02-26T15:52:30","guid":{"rendered":"\/?p=9803"},"modified":"2024-02-26T16:54:27","modified_gmt":"2024-02-26T15:54:27","slug":"presentada-la-campana-publicitaria-de-la-temporada-de-toros-de-la-maestranza-en-sevilla","status":"publish","type":"post","link":"https:\/\/fundacioncajaruraldelsur.com\/pt\/presentada-la-campana-publicitaria-de-la-temporada-de-toros-de-la-maestranza-en-sevilla\/","title":{"rendered":"Presentada la campa\u00f1a publicitaria de la temporada de toros de la Maestranza en Sevilla"},"content":{"rendered":"<p>A\u00a0<strong>Empresa Pag\u00e9s<\/strong> ha dado a conocer a los medios de comunicaci\u00f3n en Caja Rural del Sur la campa\u00f1a publicitaria para la pr\u00f3xima <strong>Feria de Abril,<\/strong>\u00a0un trabajo publicitario hist\u00f3rico ya que por primera vez se ha contado con ocho figuras del toreo para plasmar una historia que tiene que ver con tronos y reyes.\u00a0<strong>Morante de la Puebla,\u00a0Roca Rey,\u00a0Manzanares,\u00a0Talavante,\u00a0Castella,\u00a0Daniel Luque,\u00a0Juan Ortega<\/strong>\u00a0y\u00a0<strong>Pablo Aguado<\/strong>\u00a0protagonizan esta nueva creaci\u00f3n de\u00a0<strong>Pag\u00e9s.<\/strong><\/p>\n<p>El acto de presentaci\u00f3n se desarroll\u00f3\u00a0en el\u00a0<strong>Centro Cultural Jos\u00e9 Luis Garc\u00eda Palacios<\/strong>\u00a0de\u00a0<strong>Sevilla,<\/strong>\u00a0sede de la\u00a0<strong>Fundaci\u00f3n Caja Rural del Sur,<\/strong>\u00a0y cont\u00f3 con la presencia de su presidente,\u00a0<strong>Jos\u00e9 Luis Garc\u00eda Palacios<\/strong>, de\u00a0Ram\u00f3n Valencia Canorea\u00a0en representaci\u00f3n de Sevilla Pag\u00e9s, as\u00ed como de la secretaria general de Interior de la Junta de Andaluc\u00eda,\u00a0<strong>Lourdes Fuster;<\/strong>\u00a0el delegado de la Junta de Andaluc\u00eda en Sevilla,\u00a0<strong>Ricardo S\u00e1nchez;<\/strong>\u00a0el concejal de Fiestas Mayores del Ayuntamiento de Sevilla,\u00a0<strong>Manuel Al\u00e9s,<\/strong>\u00a0y el teniente de Hermano Mayor de la Real Maestranza de Sevilla,\u00a0<strong>Santiago de Le\u00f3n,<\/strong>\u00a0as\u00ed como el diputado de plaza de la Real Maestranza,\u00a0<strong>Luis Manuel Halc\u00f3n.<\/strong>\u00a0Los encargados de desgranar los contenidos de la campa\u00f1a fueron\u00a0<strong>Jos\u00e9 Enrique Moreno<\/strong>\u00a0y\u00a0<strong>Salvador Toscano,<\/strong>\u00a0directores de las agencias de comunicaci\u00f3n y publicidad\u00a0<strong>Toromedia<\/strong>\u00a0y\u00a0<strong>Frente<\/strong>\u00a0<strong>a Texto<\/strong>, que han creado la campa\u00f1a para la\u00a0<strong>Empresa Pag\u00e9s.<\/strong><\/p>\n<p><strong>El torero, protagonista<\/strong><\/p>\n<p>A <strong>Empresa Pag\u00e9s<\/strong>\u00a0propone este a\u00f1o que el torero sea el eje de la campa\u00f1a, para lo que se ha contado con la participaci\u00f3n de las figuras que conforman la base de la temporada en Sevilla. \u2018<em>Ocho toreros que amable y generosamente se han prestado a participar en este proyecto. Desde aqu\u00ed nuestro agradecimiento a\u00a0<strong>Morante de la Puebla, Manzanares, Roca Rey, Alejandro Talavante, Sebasti\u00e1n Castella, Pablo Aguado<\/strong>\u00a0y\u00a0<strong>Juan Ortega\u2019<\/strong><\/em><strong>,<\/strong>\u00a0expres\u00f3\u00a0<strong>Jos\u00e9 Enrique Moreno,<\/strong>\u00a0a lo que a\u00f1adi\u00f3: \u2018<em>Solo por esto estamos en condiciones de decir que se trata de una campa\u00f1a hist\u00f3rica: que recordemos, nunca antes se han unido 8 figuras para promocionar una feria. Sevilla lo merece\u2019.<\/em><\/p>\n<p>El torero aparece en entornos privilegiados de la ciudad de\u00a0<strong>Sevilla<\/strong>\u00a0y su provincia para contar una historia original y diferente. Esta campa\u00f1a\u00a0presenta\u00a0a las figuras del toreo como reyes de distintas procedencias y a la\u00a0<strong>Plaza de Toros de la Maestranza<\/strong>\u00a0como un reino que todos quieren conquistar y en el que todos quieren gobernar.<\/p>\n<p>Todos aspirar\u00e1n a un\u00a0<strong>\u2018Trono\u2019<\/strong>\u00a0que en el caso de esta campa\u00f1a tiene un profundo sentido hist\u00f3rico adem\u00e1s de simb\u00f3lico, ya que, gracias a la inestimable ayuda de la familia\u00a0<strong>S\u00e1nchez Mej\u00edas,<\/strong>\u00a0se ha contado con un sill\u00f3n que perteneci\u00f3 al despacho de\u00a0<strong>Joselito \u2018El Gallo\u2019<\/strong>. Este objeto de incalculable valor es el hilo conductor de la propuesta, que presenta el lema:\u00a0<strong>\u00bfQui\u00e9n ocupara el trono?\u00a0<\/strong><\/p>\n<p>Los entornos elegidos tienen que ver con la realeza y el poder y han sido la\u00a0<strong>Real Maestranza,<\/strong>\u00a0el\u00a0<strong>Real Alc\u00e1zar,<\/strong>\u00a0la\u00a0<strong>Plaza de Espa\u00f1a,<\/strong>\u00a0el\u00a0<strong>Conjunto Arqueol\u00f3gico<\/strong>\u00a0<strong>de It\u00e1lica, el Hotel Alfonso XIII y la Sala Capitular del Ayuntamiento de Sevilla.<\/strong>\u00a0Para ello, la\u00a0<strong>Empresa Pag\u00e9s<\/strong>\u00a0ha\u00a0contado con la colaboraci\u00f3n de la\u00a0<strong>Junta<\/strong>\u00a0<strong>de Andaluc\u00eda<\/strong>\u00a0y el\u00a0<strong>Ayuntamiento de Sevilla.<\/strong>\u00a0La uni\u00f3n del torero y estos lugares privilegiados propicia fotograf\u00edas de gran impacto y belleza gracias al brillante trabajo fotogr\u00e1fico de\u00a0<strong>Pepo Herrera<\/strong>\u00a0y a la direcci\u00f3n creativa de\u00a0<strong>Gonzalo S\u00e1nchez Blanco.<\/strong><\/p>\n<p><strong>Jos\u00e9 Enrique Moreno<\/strong>\u00a0apel\u00f3 a la autenticidad de las im\u00e1genes:\u00a0<em>\u2018Nos enorgullece decir que en estas fotograf\u00edas no hay montajes: fueron realizadas al natural y en vivo en estos escenarios con la dificultad t\u00e9cnica y de producci\u00f3n que ello entra\u00f1a\u2019.<\/em><\/p>","protected":false},"excerpt":{"rendered":"<p>La\u00a0Empresa Pag\u00e9s ha dado a conocer a los medios de comunicaci\u00f3n en Caja Rural del Sur la campa\u00f1a publicitaria para la pr\u00f3xima Feria de Abril,\u00a0un trabajo publicitario hist\u00f3rico ya que [&hellip;]<\/p>\n","protected":false},"author":6,"featured_media":9804,"comment_status":"closed","ping_status":"closed","sticky":false,"template":"","format":"standard","meta":{"footnotes":""},"categories":[84],"tags":[],"class_list":["post-9803","post","type-post","status-publish","format-standard","has-post-thumbnail","hentry","category-presentaciones"],"yoast_head":"<!-- This site is optimized with the Yoast SEO plugin v27.3 - https:\/\/yoast.com\/product\/yoast-seo-wordpress\/ -->\n<title>Presentada la campa\u00f1a publicitaria de la temporada de toros de la Maestranza en Sevilla - Fundaci\u00f3n Caja Rural del Sur<\/title>\n<meta name=\"robots\" content=\"index, follow, max-snippet:-1, max-image-preview:large, max-video-preview:-1\" \/>\n<link rel=\"canonical\" href=\"https:\/\/fundacioncajaruraldelsur.com\/pt\/presentada-la-campana-publicitaria-de-la-temporada-de-toros-de-la-maestranza-en-sevilla\/\" \/>\n<meta property=\"og:locale\" content=\"pt_PT\" \/>\n<meta property=\"og:type\" content=\"article\" \/>\n<meta property=\"og:title\" content=\"Presentada la campa\u00f1a publicitaria de la temporada de toros de la Maestranza en Sevilla - Fundaci\u00f3n Caja Rural del Sur\" \/>\n<meta property=\"og:description\" content=\"La\u00a0Empresa Pag\u00e9s ha dado a conocer a los medios de comunicaci\u00f3n en Caja Rural del Sur la campa\u00f1a publicitaria para la pr\u00f3xima Feria de Abril,\u00a0un trabajo publicitario hist\u00f3rico ya que [&hellip;]\" \/>\n<meta property=\"og:url\" content=\"https:\/\/fundacioncajaruraldelsur.com\/pt\/presentada-la-campana-publicitaria-de-la-temporada-de-toros-de-la-maestranza-en-sevilla\/\" \/>\n<meta property=\"og:site_name\" content=\"Fundaci\u00f3n Caja Rural del Sur\" \/>\n<meta property=\"article:published_time\" content=\"2024-02-26T15:52:30+00:00\" \/>\n<meta property=\"article:modified_time\" content=\"2024-02-26T15:54:27+00:00\" \/>\n<meta property=\"og:image\" content=\"https:\/\/fundacioncajaruraldelsur.com\/wp-content\/uploads\/2024\/02\/maestranza.jpg\" \/>\n\t<meta property=\"og:image:width\" content=\"859\" \/>\n\t<meta property=\"og:image:height\" content=\"483\" \/>\n\t<meta property=\"og:image:type\" content=\"image\/jpeg\" \/>\n<meta name=\"author\" content=\"Comunicaci\u00f3n\" \/>\n<meta name=\"twitter:card\" content=\"summary_large_image\" \/>\n<meta name=\"twitter:label1\" content=\"Written by\" \/>\n\t<meta name=\"twitter:data1\" content=\"Comunicaci\u00f3n\" \/>\n\t<meta name=\"twitter:label2\" content=\"Est. reading time\" \/>\n\t<meta name=\"twitter:data2\" content=\"3 minutes\" \/>\n<script type=\"application\/ld+json\" class=\"yoast-schema-graph\">{\"@context\":\"https:\\\/\\\/schema.org\",\"@graph\":[{\"@type\":\"Article\",\"@id\":\"https:\\\/\\\/fundacioncajaruraldelsur.com\\\/presentada-la-campana-publicitaria-de-la-temporada-de-toros-de-la-maestranza-en-sevilla\\\/#article\",\"isPartOf\":{\"@id\":\"https:\\\/\\\/fundacioncajaruraldelsur.com\\\/presentada-la-campana-publicitaria-de-la-temporada-de-toros-de-la-maestranza-en-sevilla\\\/\"},\"author\":{\"name\":\"Comunicaci\u00f3n\",\"@id\":\"https:\\\/\\\/fundacioncajaruraldelsur.com\\\/#\\\/schema\\\/person\\\/f430da9fb783d505ff061ad8b3d44577\"},\"headline\":\"Presentada la campa\u00f1a publicitaria de la temporada de toros de la Maestranza en Sevilla\",\"datePublished\":\"2024-02-26T15:52:30+00:00\",\"dateModified\":\"2024-02-26T15:54:27+00:00\",\"mainEntityOfPage\":{\"@id\":\"https:\\\/\\\/fundacioncajaruraldelsur.com\\\/presentada-la-campana-publicitaria-de-la-temporada-de-toros-de-la-maestranza-en-sevilla\\\/\"},\"wordCount\":668,\"image\":{\"@id\":\"https:\\\/\\\/fundacioncajaruraldelsur.com\\\/presentada-la-campana-publicitaria-de-la-temporada-de-toros-de-la-maestranza-en-sevilla\\\/#primaryimage\"},\"thumbnailUrl\":\"https:\\\/\\\/fundacioncajaruraldelsur.com\\\/wp-content\\\/uploads\\\/2024\\\/02\\\/maestranza.jpg\",\"articleSection\":[\"Presentaciones\"],\"inLanguage\":\"pt-PT\"},{\"@type\":\"WebPage\",\"@id\":\"https:\\\/\\\/fundacioncajaruraldelsur.com\\\/presentada-la-campana-publicitaria-de-la-temporada-de-toros-de-la-maestranza-en-sevilla\\\/\",\"url\":\"https:\\\/\\\/fundacioncajaruraldelsur.com\\\/presentada-la-campana-publicitaria-de-la-temporada-de-toros-de-la-maestranza-en-sevilla\\\/\",\"name\":\"Presentada la campa\u00f1a publicitaria de la temporada de toros de la Maestranza en Sevilla - Fundaci\u00f3n Caja Rural del Sur\",\"isPartOf\":{\"@id\":\"https:\\\/\\\/fundacioncajaruraldelsur.com\\\/#website\"},\"primaryImageOfPage\":{\"@id\":\"https:\\\/\\\/fundacioncajaruraldelsur.com\\\/presentada-la-campana-publicitaria-de-la-temporada-de-toros-de-la-maestranza-en-sevilla\\\/#primaryimage\"},\"image\":{\"@id\":\"https:\\\/\\\/fundacioncajaruraldelsur.com\\\/presentada-la-campana-publicitaria-de-la-temporada-de-toros-de-la-maestranza-en-sevilla\\\/#primaryimage\"},\"thumbnailUrl\":\"https:\\\/\\\/fundacioncajaruraldelsur.com\\\/wp-content\\\/uploads\\\/2024\\\/02\\\/maestranza.jpg\",\"datePublished\":\"2024-02-26T15:52:30+00:00\",\"dateModified\":\"2024-02-26T15:54:27+00:00\",\"author\":{\"@id\":\"https:\\\/\\\/fundacioncajaruraldelsur.com\\\/#\\\/schema\\\/person\\\/f430da9fb783d505ff061ad8b3d44577\"},\"breadcrumb\":{\"@id\":\"https:\\\/\\\/fundacioncajaruraldelsur.com\\\/presentada-la-campana-publicitaria-de-la-temporada-de-toros-de-la-maestranza-en-sevilla\\\/#breadcrumb\"},\"inLanguage\":\"pt-PT\",\"potentialAction\":[{\"@type\":\"ReadAction\",\"target\":[\"https:\\\/\\\/fundacioncajaruraldelsur.com\\\/presentada-la-campana-publicitaria-de-la-temporada-de-toros-de-la-maestranza-en-sevilla\\\/\"]}]},{\"@type\":\"ImageObject\",\"inLanguage\":\"pt-PT\",\"@id\":\"https:\\\/\\\/fundacioncajaruraldelsur.com\\\/presentada-la-campana-publicitaria-de-la-temporada-de-toros-de-la-maestranza-en-sevilla\\\/#primaryimage\",\"url\":\"https:\\\/\\\/fundacioncajaruraldelsur.com\\\/wp-content\\\/uploads\\\/2024\\\/02\\\/maestranza.jpg\",\"contentUrl\":\"https:\\\/\\\/fundacioncajaruraldelsur.com\\\/wp-content\\\/uploads\\\/2024\\\/02\\\/maestranza.jpg\",\"width\":859,\"height\":483},{\"@type\":\"BreadcrumbList\",\"@id\":\"https:\\\/\\\/fundacioncajaruraldelsur.com\\\/presentada-la-campana-publicitaria-de-la-temporada-de-toros-de-la-maestranza-en-sevilla\\\/#breadcrumb\",\"itemListElement\":[{\"@type\":\"ListItem\",\"position\":1,\"name\":\"Portada\",\"item\":\"https:\\\/\\\/fundacioncajaruraldelsur.com\\\/\"},{\"@type\":\"ListItem\",\"position\":2,\"name\":\"Presentada la campa\u00f1a publicitaria de la temporada de toros de la Maestranza en Sevilla\"}]},{\"@type\":\"WebSite\",\"@id\":\"https:\\\/\\\/fundacioncajaruraldelsur.com\\\/#website\",\"url\":\"https:\\\/\\\/fundacioncajaruraldelsur.com\\\/\",\"name\":\"Fundaci\u00f3n Caja Rural del Sur\",\"description\":\"\",\"potentialAction\":[{\"@type\":\"SearchAction\",\"target\":{\"@type\":\"EntryPoint\",\"urlTemplate\":\"https:\\\/\\\/fundacioncajaruraldelsur.com\\\/?s={search_term_string}\"},\"query-input\":{\"@type\":\"PropertyValueSpecification\",\"valueRequired\":true,\"valueName\":\"search_term_string\"}}],\"inLanguage\":\"pt-PT\"},{\"@type\":\"Person\",\"@id\":\"https:\\\/\\\/fundacioncajaruraldelsur.com\\\/#\\\/schema\\\/person\\\/f430da9fb783d505ff061ad8b3d44577\",\"name\":\"Comunicaci\u00f3n\",\"image\":{\"@type\":\"ImageObject\",\"inLanguage\":\"pt-PT\",\"@id\":\"https:\\\/\\\/secure.gravatar.com\\\/avatar\\\/0dca239875993680bac4603ad2de7942da018f52cc3a244578e0b3b09314a8d8?s=96&d=blank&r=g\",\"url\":\"https:\\\/\\\/secure.gravatar.com\\\/avatar\\\/0dca239875993680bac4603ad2de7942da018f52cc3a244578e0b3b09314a8d8?s=96&d=blank&r=g\",\"contentUrl\":\"https:\\\/\\\/secure.gravatar.com\\\/avatar\\\/0dca239875993680bac4603ad2de7942da018f52cc3a244578e0b3b09314a8d8?s=96&d=blank&r=g\",\"caption\":\"Comunicaci\u00f3n\"}}]}<\/script>\n<!-- \/ Yoast SEO plugin. -->","yoast_head_json":{"title":"Presentada la campa\u00f1a publicitaria de la temporada de toros de la Maestranza en Sevilla - Fundaci\u00f3n Caja Rural del Sur","robots":{"index":"index","follow":"follow","max-snippet":"max-snippet:-1","max-image-preview":"max-image-preview:large","max-video-preview":"max-video-preview:-1"},"canonical":"https:\/\/fundacioncajaruraldelsur.com\/pt\/presentada-la-campana-publicitaria-de-la-temporada-de-toros-de-la-maestranza-en-sevilla\/","og_locale":"pt_PT","og_type":"article","og_title":"Presentada la campa\u00f1a publicitaria de la temporada de toros de la Maestranza en Sevilla - Fundaci\u00f3n Caja Rural del Sur","og_description":"La\u00a0Empresa Pag\u00e9s ha dado a conocer a los medios de comunicaci\u00f3n en Caja Rural del Sur la campa\u00f1a publicitaria para la pr\u00f3xima Feria de Abril,\u00a0un trabajo publicitario hist\u00f3rico ya que [&hellip;]","og_url":"https:\/\/fundacioncajaruraldelsur.com\/pt\/presentada-la-campana-publicitaria-de-la-temporada-de-toros-de-la-maestranza-en-sevilla\/","og_site_name":"Fundaci\u00f3n Caja Rural del Sur","article_published_time":"2024-02-26T15:52:30+00:00","article_modified_time":"2024-02-26T15:54:27+00:00","og_image":[{"width":859,"height":483,"url":"https:\/\/fundacioncajaruraldelsur.com\/wp-content\/uploads\/2024\/02\/maestranza.jpg","type":"image\/jpeg"}],"author":"Comunicaci\u00f3n","twitter_card":"summary_large_image","twitter_misc":{"Written by":"Comunicaci\u00f3n","Est. reading time":"3 minutes"},"schema":{"@context":"https:\/\/schema.org","@graph":[{"@type":"Article","@id":"https:\/\/fundacioncajaruraldelsur.com\/presentada-la-campana-publicitaria-de-la-temporada-de-toros-de-la-maestranza-en-sevilla\/#article","isPartOf":{"@id":"https:\/\/fundacioncajaruraldelsur.com\/presentada-la-campana-publicitaria-de-la-temporada-de-toros-de-la-maestranza-en-sevilla\/"},"author":{"name":"Comunicaci\u00f3n","@id":"https:\/\/fundacioncajaruraldelsur.com\/#\/schema\/person\/f430da9fb783d505ff061ad8b3d44577"},"headline":"Presentada la campa\u00f1a publicitaria de la temporada de toros de la Maestranza en Sevilla","datePublished":"2024-02-26T15:52:30+00:00","dateModified":"2024-02-26T15:54:27+00:00","mainEntityOfPage":{"@id":"https:\/\/fundacioncajaruraldelsur.com\/presentada-la-campana-publicitaria-de-la-temporada-de-toros-de-la-maestranza-en-sevilla\/"},"wordCount":668,"image":{"@id":"https:\/\/fundacioncajaruraldelsur.com\/presentada-la-campana-publicitaria-de-la-temporada-de-toros-de-la-maestranza-en-sevilla\/#primaryimage"},"thumbnailUrl":"https:\/\/fundacioncajaruraldelsur.com\/wp-content\/uploads\/2024\/02\/maestranza.jpg","articleSection":["Presentaciones"],"inLanguage":"pt-PT"},{"@type":"WebPage","@id":"https:\/\/fundacioncajaruraldelsur.com\/presentada-la-campana-publicitaria-de-la-temporada-de-toros-de-la-maestranza-en-sevilla\/","url":"https:\/\/fundacioncajaruraldelsur.com\/presentada-la-campana-publicitaria-de-la-temporada-de-toros-de-la-maestranza-en-sevilla\/","name":"Presentada la campa\u00f1a publicitaria de la temporada de toros de la Maestranza en Sevilla - Fundaci\u00f3n Caja Rural del Sur","isPartOf":{"@id":"https:\/\/fundacioncajaruraldelsur.com\/#website"},"primaryImageOfPage":{"@id":"https:\/\/fundacioncajaruraldelsur.com\/presentada-la-campana-publicitaria-de-la-temporada-de-toros-de-la-maestranza-en-sevilla\/#primaryimage"},"image":{"@id":"https:\/\/fundacioncajaruraldelsur.com\/presentada-la-campana-publicitaria-de-la-temporada-de-toros-de-la-maestranza-en-sevilla\/#primaryimage"},"thumbnailUrl":"https:\/\/fundacioncajaruraldelsur.com\/wp-content\/uploads\/2024\/02\/maestranza.jpg","datePublished":"2024-02-26T15:52:30+00:00","dateModified":"2024-02-26T15:54:27+00:00","author":{"@id":"https:\/\/fundacioncajaruraldelsur.com\/#\/schema\/person\/f430da9fb783d505ff061ad8b3d44577"},"breadcrumb":{"@id":"https:\/\/fundacioncajaruraldelsur.com\/presentada-la-campana-publicitaria-de-la-temporada-de-toros-de-la-maestranza-en-sevilla\/#breadcrumb"},"inLanguage":"pt-PT","potentialAction":[{"@type":"ReadAction","target":["https:\/\/fundacioncajaruraldelsur.com\/presentada-la-campana-publicitaria-de-la-temporada-de-toros-de-la-maestranza-en-sevilla\/"]}]},{"@type":"ImageObject","inLanguage":"pt-PT","@id":"https:\/\/fundacioncajaruraldelsur.com\/presentada-la-campana-publicitaria-de-la-temporada-de-toros-de-la-maestranza-en-sevilla\/#primaryimage","url":"https:\/\/fundacioncajaruraldelsur.com\/wp-content\/uploads\/2024\/02\/maestranza.jpg","contentUrl":"https:\/\/fundacioncajaruraldelsur.com\/wp-content\/uploads\/2024\/02\/maestranza.jpg","width":859,"height":483},{"@type":"BreadcrumbList","@id":"https:\/\/fundacioncajaruraldelsur.com\/presentada-la-campana-publicitaria-de-la-temporada-de-toros-de-la-maestranza-en-sevilla\/#breadcrumb","itemListElement":[{"@type":"ListItem","position":1,"name":"Portada","item":"https:\/\/fundacioncajaruraldelsur.com\/"},{"@type":"ListItem","position":2,"name":"Presentada la campa\u00f1a publicitaria de la temporada de toros de la Maestranza en Sevilla"}]},{"@type":"WebSite","@id":"https:\/\/fundacioncajaruraldelsur.com\/#website","url":"https:\/\/fundacioncajaruraldelsur.com\/","name":"Funda\u00e7\u00e3o Caja Rural del Sur","description":"","potentialAction":[{"@type":"SearchAction","target":{"@type":"EntryPoint","urlTemplate":"https:\/\/fundacioncajaruraldelsur.com\/?s={search_term_string}"},"query-input":{"@type":"PropertyValueSpecification","valueRequired":true,"valueName":"search_term_string"}}],"inLanguage":"pt-PT"},{"@type":"Person","@id":"https:\/\/fundacioncajaruraldelsur.com\/#\/schema\/person\/f430da9fb783d505ff061ad8b3d44577","name":"Comunicaci\u00f3n","image":{"@type":"ImageObject","inLanguage":"pt-PT","@id":"https:\/\/secure.gravatar.com\/avatar\/0dca239875993680bac4603ad2de7942da018f52cc3a244578e0b3b09314a8d8?s=96&d=blank&r=g","url":"https:\/\/secure.gravatar.com\/avatar\/0dca239875993680bac4603ad2de7942da018f52cc3a244578e0b3b09314a8d8?s=96&d=blank&r=g","contentUrl":"https:\/\/secure.gravatar.com\/avatar\/0dca239875993680bac4603ad2de7942da018f52cc3a244578e0b3b09314a8d8?s=96&d=blank&r=g","caption":"Comunicaci\u00f3n"}}]}},"rttpg_featured_image_url":{"full":["https:\/\/fundacioncajaruraldelsur.com\/wp-content\/uploads\/2024\/02\/maestranza.jpg",859,483,false],"landscape":["https:\/\/fundacioncajaruraldelsur.com\/wp-content\/uploads\/2024\/02\/maestranza.jpg",859,483,false],"portraits":["https:\/\/fundacioncajaruraldelsur.com\/wp-content\/uploads\/2024\/02\/maestranza.jpg",859,483,false],"thumbnail":["https:\/\/fundacioncajaruraldelsur.com\/wp-content\/uploads\/2024\/02\/maestranza-150x150.jpg",150,150,true],"medium":["https:\/\/fundacioncajaruraldelsur.com\/wp-content\/uploads\/2024\/02\/maestranza-300x169.jpg",300,169,true],"large":["https:\/\/fundacioncajaruraldelsur.com\/wp-content\/uploads\/2024\/02\/maestranza.jpg",859,483,false],"1536x1536":["https:\/\/fundacioncajaruraldelsur.com\/wp-content\/uploads\/2024\/02\/maestranza.jpg",859,483,false],"2048x2048":["https:\/\/fundacioncajaruraldelsur.com\/wp-content\/uploads\/2024\/02\/maestranza.jpg",859,483,false],"trp-custom-language-flag":["https:\/\/fundacioncajaruraldelsur.com\/wp-content\/uploads\/2024\/02\/maestranza.jpg",18,10,false],"blog-thumbnail":["https:\/\/fundacioncajaruraldelsur.com\/wp-content\/uploads\/2024\/02\/maestranza-400x200.jpg",400,200,true]},"rttpg_author":{"display_name":"Comunicaci\u00f3n","author_link":"https:\/\/fundacioncajaruraldelsur.com\/pt\/author\/sevillaadmin\/"},"rttpg_comment":0,"rttpg_category":"<a href=\"https:\/\/fundacioncajaruraldelsur.com\/pt\/category\/presentaciones\/\" rel=\"category tag\">Presentaciones<\/a>","rttpg_excerpt":"La\u00a0Empresa Pag\u00e9s ha dado a conocer a los medios de comunicaci\u00f3n en Caja Rural del Sur la campa\u00f1a publicitaria para la pr\u00f3xima Feria de Abril,\u00a0un trabajo publicitario hist\u00f3rico ya que [&hellip;]","_links":{"self":[{"href":"https:\/\/fundacioncajaruraldelsur.com\/pt\/wp-json\/wp\/v2\/posts\/9803","targetHints":{"allow":["GET"]}}],"collection":[{"href":"https:\/\/fundacioncajaruraldelsur.com\/pt\/wp-json\/wp\/v2\/posts"}],"about":[{"href":"https:\/\/fundacioncajaruraldelsur.com\/pt\/wp-json\/wp\/v2\/types\/post"}],"author":[{"embeddable":true,"href":"https:\/\/fundacioncajaruraldelsur.com\/pt\/wp-json\/wp\/v2\/users\/6"}],"replies":[{"embeddable":true,"href":"https:\/\/fundacioncajaruraldelsur.com\/pt\/wp-json\/wp\/v2\/comments?post=9803"}],"version-history":[{"count":3,"href":"https:\/\/fundacioncajaruraldelsur.com\/pt\/wp-json\/wp\/v2\/posts\/9803\/revisions"}],"predecessor-version":[{"id":9807,"href":"https:\/\/fundacioncajaruraldelsur.com\/pt\/wp-json\/wp\/v2\/posts\/9803\/revisions\/9807"}],"wp:featuredmedia":[{"embeddable":true,"href":"https:\/\/fundacioncajaruraldelsur.com\/pt\/wp-json\/wp\/v2\/media\/9804"}],"wp:attachment":[{"href":"https:\/\/fundacioncajaruraldelsur.com\/pt\/wp-json\/wp\/v2\/media?parent=9803"}],"wp:term":[{"taxonomy":"category","embeddable":true,"href":"https:\/\/fundacioncajaruraldelsur.com\/pt\/wp-json\/wp\/v2\/categories?post=9803"},{"taxonomy":"post_tag","embeddable":true,"href":"https:\/\/fundacioncajaruraldelsur.com\/pt\/wp-json\/wp\/v2\/tags?post=9803"}],"curies":[{"name":"wp","href":"https:\/\/api.w.org\/{rel}","templated":true}]}}