{"id":9648,"date":"2024-01-27T14:35:06","date_gmt":"2024-01-27T13:35:06","guid":{"rendered":"\/?p=9648"},"modified":"2024-01-27T14:54:47","modified_gmt":"2024-01-27T13:54:47","slug":"presentacion-en-caja-rural-del-sur-del-cartel-de-la-semana-santa-de-sevilla-2024-obra-de-salustiano-garcia","status":"publish","type":"post","link":"https:\/\/fundacioncajaruraldelsur.com\/pt\/presentacion-en-caja-rural-del-sur-del-cartel-de-la-semana-santa-de-sevilla-2024-obra-de-salustiano-garcia\/","title":{"rendered":"Presentaci\u00f3n en la Fundaci\u00f3n Caja Rural del Sur del cartel de la Semana Santa de Sevilla 2024, obra de Salustiano Garc\u00eda"},"content":{"rendered":"<p><strong>La sede de la Fundaci\u00f3n de la Caja Rural del Sur<\/strong>, entidad colaboradora en la realizaci\u00f3n del cartel de la Semana Santa de Sevilla, ha sido un nuevo a\u00f1o el lugar elegido por el Consejo de Hermandades y Cofrad\u00edas de la ciudad de Sevilla para presentar este s\u00e1bado, 27 de enero, el cartel de la Semana Santa de Sevilla 2024, obra del artista<strong> Salustiano Garc\u00eda<\/strong>.<\/p>\n<p>En el acto han intervenido el <strong>presidente del Consejo de Hermandades, Francisco V\u00e9lez de Luna<\/strong>, el <strong>presidente de la Fundaci\u00f3n Caja Rural del Sur, Jos\u00e9 Luis Garc\u00eda-Palacios<\/strong>, y <strong>el alcalde de Sevilla, Jos\u00e9 Luis Sanz<\/strong>. Adem\u00e1s, la presentaci\u00f3n del cartelista la ha realizado este a\u00f1o el <strong>vicepresidente del Consejo de Hermandades, Jos\u00e9 Roda Pe\u00f1a. <\/strong>Tambi\u00e9n, han asistido<strong> el delegado de hermandades y cofrad\u00edas del arzobispado, Marcelino Manzano, el delegado del Gobierno de la Junta de Andaluc\u00eda en Sevilla, Ricardo S\u00e1nchez, el delegado de Fiestas Mayores, Manuel Ales.<\/strong><\/p>\n<p><a href=\"\/wp-content\/uploads\/2024\/01\/WhatsApp-Image-2024-01-27-at-12.45.48.jpeg\" rel=\"lightbox-0\"><img loading=\"lazy\" decoding=\"async\" class=\"alignnone wp-image-9653 size-full\" src=\"\/wp-content\/uploads\/2024\/01\/WhatsApp-Image-2024-01-27-at-12.45.48.jpeg\" alt=\"\" width=\"2048\" height=\"1536\" srcset=\"https:\/\/fundacioncajaruraldelsur.com\/wp-content\/uploads\/2024\/01\/WhatsApp-Image-2024-01-27-at-12.45.48.jpeg 2048w, https:\/\/fundacioncajaruraldelsur.com\/wp-content\/uploads\/2024\/01\/WhatsApp-Image-2024-01-27-at-12.45.48-300x225.jpeg 300w, https:\/\/fundacioncajaruraldelsur.com\/wp-content\/uploads\/2024\/01\/WhatsApp-Image-2024-01-27-at-12.45.48-1024x768.jpeg 1024w, https:\/\/fundacioncajaruraldelsur.com\/wp-content\/uploads\/2024\/01\/WhatsApp-Image-2024-01-27-at-12.45.48-768x576.jpeg 768w, https:\/\/fundacioncajaruraldelsur.com\/wp-content\/uploads\/2024\/01\/WhatsApp-Image-2024-01-27-at-12.45.48-1536x1152.jpeg 1536w\" sizes=\"auto, (max-width: 2048px) 100vw, 2048px\" \/><\/a><\/p>\n<p><strong>Seg\u00fan ha explicado el autor del cartel<\/strong>, la obra evoca la Resurrecci\u00f3n de Cristo, reflejando \u201cla parte luminosa de la Semana Santa\u201d. En palabras del autor, \u201cMi Cristo luce joven y bello. Joven, como met\u00e1fora de pureza: as\u00ed se ha mostrado a la Virgen Mar\u00eda en la historia del arte, casi como una adolescente. Y bello porque, me remito a Plat\u00f3n, belleza y bondad son la misma cosa.<\/p>\n<p><strong>Dentro del cartel hay dos elementos muy representativos de la Semana Santa de Sevilla<\/strong>: el pa\u00f1o del Cristo de la Expiraci\u00f3n de la Hermandad del Cachorro y las potencias del Cristo del Amor. \u201cMe habr\u00eda encantado incluir en el cartel un homenaje a todas las Hermandades de la ciudad, pero solo he podido evocar a dos de ellas\u201d, matiza el pintor.<\/p>\n<p><a href=\"\/wp-content\/uploads\/2024\/01\/WhatsApp-Image-2024-01-27-at-14.28.20.jpeg\" rel=\"lightbox-1\"><img loading=\"lazy\" decoding=\"async\" class=\"alignnone wp-image-9652 size-full\" src=\"\/wp-content\/uploads\/2024\/01\/WhatsApp-Image-2024-01-27-at-14.28.20.jpeg\" alt=\"\" width=\"2048\" height=\"1536\" srcset=\"https:\/\/fundacioncajaruraldelsur.com\/wp-content\/uploads\/2024\/01\/WhatsApp-Image-2024-01-27-at-14.28.20.jpeg 2048w, https:\/\/fundacioncajaruraldelsur.com\/wp-content\/uploads\/2024\/01\/WhatsApp-Image-2024-01-27-at-14.28.20-300x225.jpeg 300w, https:\/\/fundacioncajaruraldelsur.com\/wp-content\/uploads\/2024\/01\/WhatsApp-Image-2024-01-27-at-14.28.20-1024x768.jpeg 1024w, https:\/\/fundacioncajaruraldelsur.com\/wp-content\/uploads\/2024\/01\/WhatsApp-Image-2024-01-27-at-14.28.20-768x576.jpeg 768w, https:\/\/fundacioncajaruraldelsur.com\/wp-content\/uploads\/2024\/01\/WhatsApp-Image-2024-01-27-at-14.28.20-1536x1152.jpeg 1536w\" sizes=\"auto, (max-width: 2048px) 100vw, 2048px\" \/><\/a><\/p>\n<p class=\"voc-p\">El autor del cartel, Salustiano Garc\u00eda, es natural de Villaverde del R\u00edo (Sevilla) nacido en 1965, y es un <strong>reconocido pintor a nivel internacional<\/strong> que se forj\u00f3 en la Facultad de Bellas Artes de la Universidad de Sevilla. Maestro del \u00e1mbito figurativo, <strong>especialista en el retrato<\/strong>, deslumbran los fondos monoculares de sus obras, de un rojo rotundo, <strong>&#8216;Rojo salustiano&#8217;,<\/strong> como as\u00ed se define el pintor.<\/p>\n<p>O<strong> cartel de la Semana Santa de Salustiano<\/strong> ha sido presentado ante un auditorio repleto de p\u00fablico en Caja Rural del Sur con numerosos representantes del mundo cofrade de Sevilla .<\/p>\n<p><a href=\"\/wp-content\/uploads\/2024\/01\/WhatsApp-Image-2024-01-27-at-14.27.47.jpeg\" rel=\"lightbox-2\"><img loading=\"lazy\" decoding=\"async\" class=\"alignnone wp-image-9651 size-full\" src=\"\/wp-content\/uploads\/2024\/01\/WhatsApp-Image-2024-01-27-at-14.27.47.jpeg\" alt=\"\" width=\"2048\" height=\"1536\" srcset=\"https:\/\/fundacioncajaruraldelsur.com\/wp-content\/uploads\/2024\/01\/WhatsApp-Image-2024-01-27-at-14.27.47.jpeg 2048w, https:\/\/fundacioncajaruraldelsur.com\/wp-content\/uploads\/2024\/01\/WhatsApp-Image-2024-01-27-at-14.27.47-300x225.jpeg 300w, https:\/\/fundacioncajaruraldelsur.com\/wp-content\/uploads\/2024\/01\/WhatsApp-Image-2024-01-27-at-14.27.47-1024x768.jpeg 1024w, https:\/\/fundacioncajaruraldelsur.com\/wp-content\/uploads\/2024\/01\/WhatsApp-Image-2024-01-27-at-14.27.47-768x576.jpeg 768w, https:\/\/fundacioncajaruraldelsur.com\/wp-content\/uploads\/2024\/01\/WhatsApp-Image-2024-01-27-at-14.27.47-1536x1152.jpeg 1536w\" sizes=\"auto, (max-width: 2048px) 100vw, 2048px\" \/><\/a><\/p>\n<p>El Consejo de Hermandades ha entregado, como cada a\u00f1o, un recuerdo simb\u00f3lico al Presidente de Caja Rural del Sur, Jos\u00e9 Luis Garc\u00eda-Palacios.<\/p>\n<p><a href=\"\/wp-content\/uploads\/2024\/01\/WhatsApp-Image-2024-01-27-at-12.45.41.jpeg\" rel=\"lightbox-3\"><img loading=\"lazy\" decoding=\"async\" class=\"alignnone wp-image-9656 size-full\" src=\"\/wp-content\/uploads\/2024\/01\/WhatsApp-Image-2024-01-27-at-12.45.41.jpeg\" alt=\"\" width=\"2048\" height=\"1536\" srcset=\"https:\/\/fundacioncajaruraldelsur.com\/wp-content\/uploads\/2024\/01\/WhatsApp-Image-2024-01-27-at-12.45.41.jpeg 2048w, https:\/\/fundacioncajaruraldelsur.com\/wp-content\/uploads\/2024\/01\/WhatsApp-Image-2024-01-27-at-12.45.41-300x225.jpeg 300w, https:\/\/fundacioncajaruraldelsur.com\/wp-content\/uploads\/2024\/01\/WhatsApp-Image-2024-01-27-at-12.45.41-1024x768.jpeg 1024w, https:\/\/fundacioncajaruraldelsur.com\/wp-content\/uploads\/2024\/01\/WhatsApp-Image-2024-01-27-at-12.45.41-768x576.jpeg 768w, https:\/\/fundacioncajaruraldelsur.com\/wp-content\/uploads\/2024\/01\/WhatsApp-Image-2024-01-27-at-12.45.41-1536x1152.jpeg 1536w\" sizes=\"auto, (max-width: 2048px) 100vw, 2048px\" \/><\/a><\/p>\n<p>Adem\u00e1s, el acto se ha podido seguir en directo a trav\u00e9s del canal de YouTube del Consejo de Hermandades:<\/p>\n<p><iframe loading=\"lazy\" title=\"Presentaci\u00f3n del Cartel de la Semana Santa 2024\" width=\"960\" height=\"540\" src=\"https:\/\/www.youtube.com\/embed\/2BSLv4YgJkA?feature=oembed\" frameborder=\"0\" allow=\"accelerometer; autoplay; clipboard-write; encrypted-media; gyroscope; picture-in-picture; web-share\" allowfullscreen><\/iframe><\/p>","protected":false},"excerpt":{"rendered":"<p>La sede de la Fundaci\u00f3n de la Caja Rural del Sur, entidad colaboradora en la realizaci\u00f3n del cartel de la Semana Santa de Sevilla, ha sido un nuevo a\u00f1o el [&hellip;]<\/p>\n","protected":false},"author":6,"featured_media":9659,"comment_status":"closed","ping_status":"closed","sticky":false,"template":"","format":"standard","meta":{"footnotes":""},"categories":[66],"tags":[],"class_list":["post-9648","post","type-post","status-publish","format-standard","has-post-thumbnail","hentry","category-actos"],"yoast_head":"<!-- This site is optimized with the Yoast SEO plugin v27.3 - https:\/\/yoast.com\/product\/yoast-seo-wordpress\/ -->\n<title>Presentaci\u00f3n en la Fundaci\u00f3n Caja Rural del Sur del cartel de la Semana Santa de Sevilla 2024, obra de Salustiano Garc\u00eda - Fundaci\u00f3n Caja Rural del Sur<\/title>\n<meta name=\"robots\" content=\"index, follow, max-snippet:-1, max-image-preview:large, max-video-preview:-1\" \/>\n<link rel=\"canonical\" href=\"https:\/\/fundacioncajaruraldelsur.com\/pt\/presentacion-en-caja-rural-del-sur-del-cartel-de-la-semana-santa-de-sevilla-2024-obra-de-salustiano-garcia\/\" \/>\n<meta property=\"og:locale\" content=\"pt_PT\" \/>\n<meta property=\"og:type\" content=\"article\" \/>\n<meta property=\"og:title\" content=\"Presentaci\u00f3n en la Fundaci\u00f3n Caja Rural del Sur del cartel de la Semana Santa de Sevilla 2024, obra de Salustiano Garc\u00eda - Fundaci\u00f3n Caja Rural del Sur\" \/>\n<meta property=\"og:description\" content=\"La sede de la Fundaci\u00f3n de la Caja Rural del Sur, entidad colaboradora en la realizaci\u00f3n del cartel de la Semana Santa de Sevilla, ha sido un nuevo a\u00f1o el [&hellip;]\" \/>\n<meta property=\"og:url\" content=\"https:\/\/fundacioncajaruraldelsur.com\/pt\/presentacion-en-caja-rural-del-sur-del-cartel-de-la-semana-santa-de-sevilla-2024-obra-de-salustiano-garcia\/\" \/>\n<meta property=\"og:site_name\" content=\"Fundaci\u00f3n Caja Rural del Sur\" \/>\n<meta property=\"article:published_time\" content=\"2024-01-27T13:35:06+00:00\" \/>\n<meta property=\"article:modified_time\" content=\"2024-01-27T13:54:47+00:00\" \/>\n<meta property=\"og:image\" content=\"https:\/\/fundacioncajaruraldelsur.com\/wp-content\/uploads\/2024\/01\/WhatsApp-Image-2024-01-27-at-12.41.48.jpeg\" \/>\n\t<meta property=\"og:image:width\" content=\"2048\" \/>\n\t<meta property=\"og:image:height\" content=\"1536\" \/>\n\t<meta property=\"og:image:type\" content=\"image\/jpeg\" \/>\n<meta name=\"author\" content=\"Comunicaci\u00f3n\" \/>\n<meta name=\"twitter:card\" content=\"summary_large_image\" \/>\n<meta name=\"twitter:label1\" content=\"Written by\" \/>\n\t<meta name=\"twitter:data1\" content=\"Comunicaci\u00f3n\" \/>\n\t<meta name=\"twitter:label2\" content=\"Est. reading time\" \/>\n\t<meta name=\"twitter:data2\" content=\"3 minutes\" \/>\n<script type=\"application\/ld+json\" class=\"yoast-schema-graph\">{\"@context\":\"https:\\\/\\\/schema.org\",\"@graph\":[{\"@type\":\"Article\",\"@id\":\"https:\\\/\\\/fundacioncajaruraldelsur.com\\\/presentacion-en-caja-rural-del-sur-del-cartel-de-la-semana-santa-de-sevilla-2024-obra-de-salustiano-garcia\\\/#article\",\"isPartOf\":{\"@id\":\"https:\\\/\\\/fundacioncajaruraldelsur.com\\\/presentacion-en-caja-rural-del-sur-del-cartel-de-la-semana-santa-de-sevilla-2024-obra-de-salustiano-garcia\\\/\"},\"author\":{\"name\":\"Comunicaci\u00f3n\",\"@id\":\"https:\\\/\\\/fundacioncajaruraldelsur.com\\\/#\\\/schema\\\/person\\\/f430da9fb783d505ff061ad8b3d44577\"},\"headline\":\"Presentaci\u00f3n en la Fundaci\u00f3n Caja Rural del Sur del cartel de la Semana Santa de Sevilla 2024, obra de Salustiano Garc\u00eda\",\"datePublished\":\"2024-01-27T13:35:06+00:00\",\"dateModified\":\"2024-01-27T13:54:47+00:00\",\"mainEntityOfPage\":{\"@id\":\"https:\\\/\\\/fundacioncajaruraldelsur.com\\\/presentacion-en-caja-rural-del-sur-del-cartel-de-la-semana-santa-de-sevilla-2024-obra-de-salustiano-garcia\\\/\"},\"wordCount\":480,\"image\":{\"@id\":\"https:\\\/\\\/fundacioncajaruraldelsur.com\\\/presentacion-en-caja-rural-del-sur-del-cartel-de-la-semana-santa-de-sevilla-2024-obra-de-salustiano-garcia\\\/#primaryimage\"},\"thumbnailUrl\":\"https:\\\/\\\/fundacioncajaruraldelsur.com\\\/wp-content\\\/uploads\\\/2024\\\/01\\\/WhatsApp-Image-2024-01-27-at-12.41.48.jpeg\",\"articleSection\":[\"Actos\"],\"inLanguage\":\"pt-PT\"},{\"@type\":\"WebPage\",\"@id\":\"https:\\\/\\\/fundacioncajaruraldelsur.com\\\/presentacion-en-caja-rural-del-sur-del-cartel-de-la-semana-santa-de-sevilla-2024-obra-de-salustiano-garcia\\\/\",\"url\":\"https:\\\/\\\/fundacioncajaruraldelsur.com\\\/presentacion-en-caja-rural-del-sur-del-cartel-de-la-semana-santa-de-sevilla-2024-obra-de-salustiano-garcia\\\/\",\"name\":\"Presentaci\u00f3n en la Fundaci\u00f3n Caja Rural del Sur del cartel de la Semana Santa de Sevilla 2024, obra de Salustiano Garc\u00eda - Fundaci\u00f3n Caja Rural del Sur\",\"isPartOf\":{\"@id\":\"https:\\\/\\\/fundacioncajaruraldelsur.com\\\/#website\"},\"primaryImageOfPage\":{\"@id\":\"https:\\\/\\\/fundacioncajaruraldelsur.com\\\/presentacion-en-caja-rural-del-sur-del-cartel-de-la-semana-santa-de-sevilla-2024-obra-de-salustiano-garcia\\\/#primaryimage\"},\"image\":{\"@id\":\"https:\\\/\\\/fundacioncajaruraldelsur.com\\\/presentacion-en-caja-rural-del-sur-del-cartel-de-la-semana-santa-de-sevilla-2024-obra-de-salustiano-garcia\\\/#primaryimage\"},\"thumbnailUrl\":\"https:\\\/\\\/fundacioncajaruraldelsur.com\\\/wp-content\\\/uploads\\\/2024\\\/01\\\/WhatsApp-Image-2024-01-27-at-12.41.48.jpeg\",\"datePublished\":\"2024-01-27T13:35:06+00:00\",\"dateModified\":\"2024-01-27T13:54:47+00:00\",\"author\":{\"@id\":\"https:\\\/\\\/fundacioncajaruraldelsur.com\\\/#\\\/schema\\\/person\\\/f430da9fb783d505ff061ad8b3d44577\"},\"breadcrumb\":{\"@id\":\"https:\\\/\\\/fundacioncajaruraldelsur.com\\\/presentacion-en-caja-rural-del-sur-del-cartel-de-la-semana-santa-de-sevilla-2024-obra-de-salustiano-garcia\\\/#breadcrumb\"},\"inLanguage\":\"pt-PT\",\"potentialAction\":[{\"@type\":\"ReadAction\",\"target\":[\"https:\\\/\\\/fundacioncajaruraldelsur.com\\\/presentacion-en-caja-rural-del-sur-del-cartel-de-la-semana-santa-de-sevilla-2024-obra-de-salustiano-garcia\\\/\"]}]},{\"@type\":\"ImageObject\",\"inLanguage\":\"pt-PT\",\"@id\":\"https:\\\/\\\/fundacioncajaruraldelsur.com\\\/presentacion-en-caja-rural-del-sur-del-cartel-de-la-semana-santa-de-sevilla-2024-obra-de-salustiano-garcia\\\/#primaryimage\",\"url\":\"https:\\\/\\\/fundacioncajaruraldelsur.com\\\/wp-content\\\/uploads\\\/2024\\\/01\\\/WhatsApp-Image-2024-01-27-at-12.41.48.jpeg\",\"contentUrl\":\"https:\\\/\\\/fundacioncajaruraldelsur.com\\\/wp-content\\\/uploads\\\/2024\\\/01\\\/WhatsApp-Image-2024-01-27-at-12.41.48.jpeg\",\"width\":2048,\"height\":1536},{\"@type\":\"BreadcrumbList\",\"@id\":\"https:\\\/\\\/fundacioncajaruraldelsur.com\\\/presentacion-en-caja-rural-del-sur-del-cartel-de-la-semana-santa-de-sevilla-2024-obra-de-salustiano-garcia\\\/#breadcrumb\",\"itemListElement\":[{\"@type\":\"ListItem\",\"position\":1,\"name\":\"Portada\",\"item\":\"https:\\\/\\\/fundacioncajaruraldelsur.com\\\/\"},{\"@type\":\"ListItem\",\"position\":2,\"name\":\"Presentaci\u00f3n en la Fundaci\u00f3n Caja Rural del Sur del cartel de la Semana Santa de Sevilla 2024, obra de Salustiano Garc\u00eda\"}]},{\"@type\":\"WebSite\",\"@id\":\"https:\\\/\\\/fundacioncajaruraldelsur.com\\\/#website\",\"url\":\"https:\\\/\\\/fundacioncajaruraldelsur.com\\\/\",\"name\":\"Fundaci\u00f3n Caja Rural del Sur\",\"description\":\"\",\"potentialAction\":[{\"@type\":\"SearchAction\",\"target\":{\"@type\":\"EntryPoint\",\"urlTemplate\":\"https:\\\/\\\/fundacioncajaruraldelsur.com\\\/?s={search_term_string}\"},\"query-input\":{\"@type\":\"PropertyValueSpecification\",\"valueRequired\":true,\"valueName\":\"search_term_string\"}}],\"inLanguage\":\"pt-PT\"},{\"@type\":\"Person\",\"@id\":\"https:\\\/\\\/fundacioncajaruraldelsur.com\\\/#\\\/schema\\\/person\\\/f430da9fb783d505ff061ad8b3d44577\",\"name\":\"Comunicaci\u00f3n\",\"image\":{\"@type\":\"ImageObject\",\"inLanguage\":\"pt-PT\",\"@id\":\"https:\\\/\\\/secure.gravatar.com\\\/avatar\\\/0dca239875993680bac4603ad2de7942da018f52cc3a244578e0b3b09314a8d8?s=96&d=blank&r=g\",\"url\":\"https:\\\/\\\/secure.gravatar.com\\\/avatar\\\/0dca239875993680bac4603ad2de7942da018f52cc3a244578e0b3b09314a8d8?s=96&d=blank&r=g\",\"contentUrl\":\"https:\\\/\\\/secure.gravatar.com\\\/avatar\\\/0dca239875993680bac4603ad2de7942da018f52cc3a244578e0b3b09314a8d8?s=96&d=blank&r=g\",\"caption\":\"Comunicaci\u00f3n\"}}]}<\/script>\n<!-- \/ Yoast SEO plugin. -->","yoast_head_json":{"title":"Presentaci\u00f3n en la Fundaci\u00f3n Caja Rural del Sur del cartel de la Semana Santa de Sevilla 2024, obra de Salustiano Garc\u00eda - Fundaci\u00f3n Caja Rural del Sur","robots":{"index":"index","follow":"follow","max-snippet":"max-snippet:-1","max-image-preview":"max-image-preview:large","max-video-preview":"max-video-preview:-1"},"canonical":"https:\/\/fundacioncajaruraldelsur.com\/pt\/presentacion-en-caja-rural-del-sur-del-cartel-de-la-semana-santa-de-sevilla-2024-obra-de-salustiano-garcia\/","og_locale":"pt_PT","og_type":"article","og_title":"Presentaci\u00f3n en la Fundaci\u00f3n Caja Rural del Sur del cartel de la Semana Santa de Sevilla 2024, obra de Salustiano Garc\u00eda - Fundaci\u00f3n Caja Rural del Sur","og_description":"La sede de la Fundaci\u00f3n de la Caja Rural del Sur, entidad colaboradora en la realizaci\u00f3n del cartel de la Semana Santa de Sevilla, ha sido un nuevo a\u00f1o el [&hellip;]","og_url":"https:\/\/fundacioncajaruraldelsur.com\/pt\/presentacion-en-caja-rural-del-sur-del-cartel-de-la-semana-santa-de-sevilla-2024-obra-de-salustiano-garcia\/","og_site_name":"Fundaci\u00f3n Caja Rural del Sur","article_published_time":"2024-01-27T13:35:06+00:00","article_modified_time":"2024-01-27T13:54:47+00:00","og_image":[{"width":2048,"height":1536,"url":"https:\/\/fundacioncajaruraldelsur.com\/wp-content\/uploads\/2024\/01\/WhatsApp-Image-2024-01-27-at-12.41.48.jpeg","type":"image\/jpeg"}],"author":"Comunicaci\u00f3n","twitter_card":"summary_large_image","twitter_misc":{"Written by":"Comunicaci\u00f3n","Est. reading time":"3 minutes"},"schema":{"@context":"https:\/\/schema.org","@graph":[{"@type":"Article","@id":"https:\/\/fundacioncajaruraldelsur.com\/presentacion-en-caja-rural-del-sur-del-cartel-de-la-semana-santa-de-sevilla-2024-obra-de-salustiano-garcia\/#article","isPartOf":{"@id":"https:\/\/fundacioncajaruraldelsur.com\/presentacion-en-caja-rural-del-sur-del-cartel-de-la-semana-santa-de-sevilla-2024-obra-de-salustiano-garcia\/"},"author":{"name":"Comunicaci\u00f3n","@id":"https:\/\/fundacioncajaruraldelsur.com\/#\/schema\/person\/f430da9fb783d505ff061ad8b3d44577"},"headline":"Presentaci\u00f3n en la Fundaci\u00f3n Caja Rural del Sur del cartel de la Semana Santa de Sevilla 2024, obra de Salustiano Garc\u00eda","datePublished":"2024-01-27T13:35:06+00:00","dateModified":"2024-01-27T13:54:47+00:00","mainEntityOfPage":{"@id":"https:\/\/fundacioncajaruraldelsur.com\/presentacion-en-caja-rural-del-sur-del-cartel-de-la-semana-santa-de-sevilla-2024-obra-de-salustiano-garcia\/"},"wordCount":480,"image":{"@id":"https:\/\/fundacioncajaruraldelsur.com\/presentacion-en-caja-rural-del-sur-del-cartel-de-la-semana-santa-de-sevilla-2024-obra-de-salustiano-garcia\/#primaryimage"},"thumbnailUrl":"https:\/\/fundacioncajaruraldelsur.com\/wp-content\/uploads\/2024\/01\/WhatsApp-Image-2024-01-27-at-12.41.48.jpeg","articleSection":["Actos"],"inLanguage":"pt-PT"},{"@type":"WebPage","@id":"https:\/\/fundacioncajaruraldelsur.com\/presentacion-en-caja-rural-del-sur-del-cartel-de-la-semana-santa-de-sevilla-2024-obra-de-salustiano-garcia\/","url":"https:\/\/fundacioncajaruraldelsur.com\/presentacion-en-caja-rural-del-sur-del-cartel-de-la-semana-santa-de-sevilla-2024-obra-de-salustiano-garcia\/","name":"Presentaci\u00f3n en la Fundaci\u00f3n Caja Rural del Sur del cartel de la Semana Santa de Sevilla 2024, obra de Salustiano Garc\u00eda - Fundaci\u00f3n Caja Rural del Sur","isPartOf":{"@id":"https:\/\/fundacioncajaruraldelsur.com\/#website"},"primaryImageOfPage":{"@id":"https:\/\/fundacioncajaruraldelsur.com\/presentacion-en-caja-rural-del-sur-del-cartel-de-la-semana-santa-de-sevilla-2024-obra-de-salustiano-garcia\/#primaryimage"},"image":{"@id":"https:\/\/fundacioncajaruraldelsur.com\/presentacion-en-caja-rural-del-sur-del-cartel-de-la-semana-santa-de-sevilla-2024-obra-de-salustiano-garcia\/#primaryimage"},"thumbnailUrl":"https:\/\/fundacioncajaruraldelsur.com\/wp-content\/uploads\/2024\/01\/WhatsApp-Image-2024-01-27-at-12.41.48.jpeg","datePublished":"2024-01-27T13:35:06+00:00","dateModified":"2024-01-27T13:54:47+00:00","author":{"@id":"https:\/\/fundacioncajaruraldelsur.com\/#\/schema\/person\/f430da9fb783d505ff061ad8b3d44577"},"breadcrumb":{"@id":"https:\/\/fundacioncajaruraldelsur.com\/presentacion-en-caja-rural-del-sur-del-cartel-de-la-semana-santa-de-sevilla-2024-obra-de-salustiano-garcia\/#breadcrumb"},"inLanguage":"pt-PT","potentialAction":[{"@type":"ReadAction","target":["https:\/\/fundacioncajaruraldelsur.com\/presentacion-en-caja-rural-del-sur-del-cartel-de-la-semana-santa-de-sevilla-2024-obra-de-salustiano-garcia\/"]}]},{"@type":"ImageObject","inLanguage":"pt-PT","@id":"https:\/\/fundacioncajaruraldelsur.com\/presentacion-en-caja-rural-del-sur-del-cartel-de-la-semana-santa-de-sevilla-2024-obra-de-salustiano-garcia\/#primaryimage","url":"https:\/\/fundacioncajaruraldelsur.com\/wp-content\/uploads\/2024\/01\/WhatsApp-Image-2024-01-27-at-12.41.48.jpeg","contentUrl":"https:\/\/fundacioncajaruraldelsur.com\/wp-content\/uploads\/2024\/01\/WhatsApp-Image-2024-01-27-at-12.41.48.jpeg","width":2048,"height":1536},{"@type":"BreadcrumbList","@id":"https:\/\/fundacioncajaruraldelsur.com\/presentacion-en-caja-rural-del-sur-del-cartel-de-la-semana-santa-de-sevilla-2024-obra-de-salustiano-garcia\/#breadcrumb","itemListElement":[{"@type":"ListItem","position":1,"name":"Portada","item":"https:\/\/fundacioncajaruraldelsur.com\/"},{"@type":"ListItem","position":2,"name":"Presentaci\u00f3n en la Fundaci\u00f3n Caja Rural del Sur del cartel de la Semana Santa de Sevilla 2024, obra de Salustiano Garc\u00eda"}]},{"@type":"WebSite","@id":"https:\/\/fundacioncajaruraldelsur.com\/#website","url":"https:\/\/fundacioncajaruraldelsur.com\/","name":"Funda\u00e7\u00e3o Caja Rural del Sur","description":"","potentialAction":[{"@type":"SearchAction","target":{"@type":"EntryPoint","urlTemplate":"https:\/\/fundacioncajaruraldelsur.com\/?s={search_term_string}"},"query-input":{"@type":"PropertyValueSpecification","valueRequired":true,"valueName":"search_term_string"}}],"inLanguage":"pt-PT"},{"@type":"Person","@id":"https:\/\/fundacioncajaruraldelsur.com\/#\/schema\/person\/f430da9fb783d505ff061ad8b3d44577","name":"Comunicaci\u00f3n","image":{"@type":"ImageObject","inLanguage":"pt-PT","@id":"https:\/\/secure.gravatar.com\/avatar\/0dca239875993680bac4603ad2de7942da018f52cc3a244578e0b3b09314a8d8?s=96&d=blank&r=g","url":"https:\/\/secure.gravatar.com\/avatar\/0dca239875993680bac4603ad2de7942da018f52cc3a244578e0b3b09314a8d8?s=96&d=blank&r=g","contentUrl":"https:\/\/secure.gravatar.com\/avatar\/0dca239875993680bac4603ad2de7942da018f52cc3a244578e0b3b09314a8d8?s=96&d=blank&r=g","caption":"Comunicaci\u00f3n"}}]}},"rttpg_featured_image_url":{"full":["https:\/\/fundacioncajaruraldelsur.com\/wp-content\/uploads\/2024\/01\/WhatsApp-Image-2024-01-27-at-12.41.48.jpeg",2048,1536,false],"landscape":["https:\/\/fundacioncajaruraldelsur.com\/wp-content\/uploads\/2024\/01\/WhatsApp-Image-2024-01-27-at-12.41.48.jpeg",2048,1536,false],"portraits":["https:\/\/fundacioncajaruraldelsur.com\/wp-content\/uploads\/2024\/01\/WhatsApp-Image-2024-01-27-at-12.41.48.jpeg",2048,1536,false],"thumbnail":["https:\/\/fundacioncajaruraldelsur.com\/wp-content\/uploads\/2024\/01\/WhatsApp-Image-2024-01-27-at-12.41.48-150x150.jpeg",150,150,true],"medium":["https:\/\/fundacioncajaruraldelsur.com\/wp-content\/uploads\/2024\/01\/WhatsApp-Image-2024-01-27-at-12.41.48-300x225.jpeg",300,225,true],"large":["https:\/\/fundacioncajaruraldelsur.com\/wp-content\/uploads\/2024\/01\/WhatsApp-Image-2024-01-27-at-12.41.48-1024x768.jpeg",960,720,true],"1536x1536":["https:\/\/fundacioncajaruraldelsur.com\/wp-content\/uploads\/2024\/01\/WhatsApp-Image-2024-01-27-at-12.41.48-1536x1152.jpeg",1536,1152,true],"2048x2048":["https:\/\/fundacioncajaruraldelsur.com\/wp-content\/uploads\/2024\/01\/WhatsApp-Image-2024-01-27-at-12.41.48.jpeg",2048,1536,false],"trp-custom-language-flag":["https:\/\/fundacioncajaruraldelsur.com\/wp-content\/uploads\/2024\/01\/WhatsApp-Image-2024-01-27-at-12.41.48.jpeg",16,12,false],"blog-thumbnail":["https:\/\/fundacioncajaruraldelsur.com\/wp-content\/uploads\/2024\/01\/WhatsApp-Image-2024-01-27-at-12.41.48-400x200.jpeg",400,200,true]},"rttpg_author":{"display_name":"Comunicaci\u00f3n","author_link":"https:\/\/fundacioncajaruraldelsur.com\/pt\/author\/sevillaadmin\/"},"rttpg_comment":0,"rttpg_category":"<a href=\"https:\/\/fundacioncajaruraldelsur.com\/pt\/category\/actos\/\" rel=\"category tag\">Actos<\/a>","rttpg_excerpt":"La sede de la Fundaci\u00f3n de la Caja Rural del Sur, entidad colaboradora en la realizaci\u00f3n del cartel de la Semana Santa de Sevilla, ha sido un nuevo a\u00f1o el [&hellip;]","_links":{"self":[{"href":"https:\/\/fundacioncajaruraldelsur.com\/pt\/wp-json\/wp\/v2\/posts\/9648","targetHints":{"allow":["GET"]}}],"collection":[{"href":"https:\/\/fundacioncajaruraldelsur.com\/pt\/wp-json\/wp\/v2\/posts"}],"about":[{"href":"https:\/\/fundacioncajaruraldelsur.com\/pt\/wp-json\/wp\/v2\/types\/post"}],"author":[{"embeddable":true,"href":"https:\/\/fundacioncajaruraldelsur.com\/pt\/wp-json\/wp\/v2\/users\/6"}],"replies":[{"embeddable":true,"href":"https:\/\/fundacioncajaruraldelsur.com\/pt\/wp-json\/wp\/v2\/comments?post=9648"}],"version-history":[{"count":5,"href":"https:\/\/fundacioncajaruraldelsur.com\/pt\/wp-json\/wp\/v2\/posts\/9648\/revisions"}],"predecessor-version":[{"id":9663,"href":"https:\/\/fundacioncajaruraldelsur.com\/pt\/wp-json\/wp\/v2\/posts\/9648\/revisions\/9663"}],"wp:featuredmedia":[{"embeddable":true,"href":"https:\/\/fundacioncajaruraldelsur.com\/pt\/wp-json\/wp\/v2\/media\/9659"}],"wp:attachment":[{"href":"https:\/\/fundacioncajaruraldelsur.com\/pt\/wp-json\/wp\/v2\/media?parent=9648"}],"wp:term":[{"taxonomy":"category","embeddable":true,"href":"https:\/\/fundacioncajaruraldelsur.com\/pt\/wp-json\/wp\/v2\/categories?post=9648"},{"taxonomy":"post_tag","embeddable":true,"href":"https:\/\/fundacioncajaruraldelsur.com\/pt\/wp-json\/wp\/v2\/tags?post=9648"}],"curies":[{"name":"wp","href":"https:\/\/api.w.org\/{rel}","templated":true}]}}