{"id":9610,"date":"2024-01-19T08:22:43","date_gmt":"2024-01-19T07:22:43","guid":{"rendered":"\/?p=9610"},"modified":"2024-01-19T10:45:17","modified_gmt":"2024-01-19T09:45:17","slug":"inaugurada-la-exposicion-don-quijote-del-artista-cordobes-jose-luis-munoz-en-el-centro-cultural-de-la-fundacion-caja-rural-del-sur-de-sevilla","status":"publish","type":"post","link":"https:\/\/fundacioncajaruraldelsur.com\/pt\/inaugurada-la-exposicion-don-quijote-del-artista-cordobes-jose-luis-munoz-en-el-centro-cultural-de-la-fundacion-caja-rural-del-sur-de-sevilla\/","title":{"rendered":"Inaugurada la exposici\u00f3n \u201cDon Quijote\u201d del artista cordob\u00e9s Jos\u00e9 Luis Mu\u00f1oz en el Centro Cultural de la Fundaci\u00f3n Caja Rural del Sur de Sevilla"},"content":{"rendered":"<p>La Fundaci\u00f3n Caja Rural del Sur ha inaugurado en el Centro Cultural de C\u00f3rdoba de la entidad la exposici\u00f3n \u201cDON QUIJOTE\u201d del artista cordob\u00e9s, Jos\u00e9 Luis Mu\u00f1oz<\/p>\n<p>La exposici\u00f3n, inaugurada este jueves 18 de enero, se puede visitar hasta el 15 de febrero, en horario de lunes a viernes de <strong>11-13:30 y de 18-21 horas en el Centro Cultural de la entidad en C\u00f3rdoba (<em>calle de la Radio<\/em> 1).<\/strong><\/p>\n<p>Se trata de una exposici\u00f3n en la que el artista presenta las obras que realiz\u00f3 por encargo en 2021 de la editorial americana Easton Press (Connecticut, USA.) para ilustrar el libro Don Quijote de la Mancha, incluyendo las dos partes de la universal obra de Cervantes, para una nueva traducci\u00f3n al ingl\u00e9s de Edith Grossman.<\/p>\n<p>Para ello,<a href=\"https:\/\/www.eldiadecordoba.es\/cordoba\/exposicion-Quijote-Jose-Luis-Munoz-imagenes_3_1867643253.html\"> realiz\u00f3 12 \u00f3leos y multitud de dibujos a grafito,<\/a> que son publicados en 2023 en una edici\u00f3n con encuadernaci\u00f3n de lujo, limitada, firmada y numerada de este cl\u00e1sico de la literatura, para Estados Unidos.<\/p>\n<p>Como recoge la exposici\u00f3n, al plantearse estas figuras universales tantas veces representadas, Jos\u00e9 Luis Mu\u00f1oz busc\u00f3 reflejar la personalidad de sus protagonistas, con retratos y primeros planos que acercan cada personaje al espectador.<\/p>\n<p>La exposici\u00f3n en Caja Rural del Sur cuenta as\u00ed con estos 12 \u00f3leos, adem\u00e1s de 13 dibujos sobre papel, 2 dibujos sobre tabla, 1 grabado y 1 vitrina mostrando 2 ejemplares del libro.<\/p>\n<p><strong>El autor: Jos\u00e9 Luis Mu\u00f1oz Luque <\/strong><\/p>\n<p>Nace en C\u00f3rdoba (Espa\u00f1a) en 1969. Tras algunos cursos monogr\u00e1ficos en la Escuela de AAOO Mateo Inurria, estudia Bellas Artes en la Universidad de Sevilla en 1993, licenci\u00e1ndose con la especialidad de grabado y dise\u00f1o gr\u00e1fico.<\/p>\n<p>Sus mayores influencias son el simbolismo y la pintura del renacimiento, pero tanto est\u00e9tica como conceptualmente, fusionadas con el c\u00f3mic o el cine. En sus composiciones busca una actualizaci\u00f3n de s\u00edmbolos universales de la mitolog\u00eda o literatura cl\u00e1sicas, desde una visi\u00f3n contempor\u00e1nea.<\/p>\n<p>Desde principios de los 90 comienza a exponer su obra tanto en exposiciones individuales como innumerables colectivas, principalmente en Galer\u00edas de C\u00f3rdoba y Sevilla, y en algunas ocasiones en el resto de Espa\u00f1a u otros pa\u00edses como Alemania, B\u00e9lgica o Estados Unidos.<\/p>\n<p>Su obra se encuentra en la colecci\u00f3n de diversas instituciones como el Museo Europeo de Arte Moderno de Barcelona (MEAM), Museo de Bellas Artes de C\u00f3rdoba, los fondos pict\u00f3ricos de la Diputaci\u00f3n, del Ayuntamiento y de la Universidad de C\u00f3rdoba, Cajasur o el Museo del Grabado Espa\u00f1ol Contempor\u00e1neo de M\u00e1laga, entre otros.<\/p>\n<p>En numerosas ocasiones ha ilustrado portadas de libros y discos, y recientemente libros completos como \u201cDon Quixote\u201d, de Cervantes (Editorial Easton Press, Estados Unidos) o \u201cLa Transmisi\u00f3n de la Industria 4.0\u201d, de David Mart\u00ednez (Ed. Aranzadi).<\/p>\n<p>En sus a\u00f1os de inicio obtuvo diversos premios a nivel Nacional, como el Maestro Mateo de CajaSur o el Antonio del Castillo del Ayto. de C\u00f3rdoba. En 2023 la Asociaci\u00f3n Cultural Arte, Arqueolog\u00eda e Historia, de C\u00f3rdoba, le otorga el Premio Juan Bernier a la trayectoria art\u00edstica.<\/p>\n<p><a href=\"\/wp-content\/uploads\/2024\/01\/IMG-20240119-WA0005.jpg\" rel=\"lightbox-0\"><img loading=\"lazy\" decoding=\"async\" class=\"alignnone wp-image-9616 size-full\" src=\"\/wp-content\/uploads\/2024\/01\/IMG-20240119-WA0005.jpg\" alt=\"\" width=\"1024\" height=\"768\" srcset=\"https:\/\/fundacioncajaruraldelsur.com\/wp-content\/uploads\/2024\/01\/IMG-20240119-WA0005.jpg 1024w, https:\/\/fundacioncajaruraldelsur.com\/wp-content\/uploads\/2024\/01\/IMG-20240119-WA0005-300x225.jpg 300w, https:\/\/fundacioncajaruraldelsur.com\/wp-content\/uploads\/2024\/01\/IMG-20240119-WA0005-768x576.jpg 768w\" sizes=\"auto, (max-width: 1024px) 100vw, 1024px\" \/><\/a><\/p>\n<p><a href=\"\/wp-content\/uploads\/2024\/01\/IMG-20240119-WA0003.jpg\" rel=\"lightbox-1\"><img loading=\"lazy\" decoding=\"async\" class=\"alignnone wp-image-9618 size-full\" src=\"\/wp-content\/uploads\/2024\/01\/IMG-20240119-WA0003.jpg\" alt=\"\" width=\"1024\" height=\"768\" srcset=\"https:\/\/fundacioncajaruraldelsur.com\/wp-content\/uploads\/2024\/01\/IMG-20240119-WA0003.jpg 1024w, https:\/\/fundacioncajaruraldelsur.com\/wp-content\/uploads\/2024\/01\/IMG-20240119-WA0003-300x225.jpg 300w, https:\/\/fundacioncajaruraldelsur.com\/wp-content\/uploads\/2024\/01\/IMG-20240119-WA0003-768x576.jpg 768w\" sizes=\"auto, (max-width: 1024px) 100vw, 1024px\" \/><\/a><\/p>\n<p>&nbsp;<\/p>\n<p>&nbsp;<\/p>","protected":false},"excerpt":{"rendered":"<p>La Fundaci\u00f3n Caja Rural del Sur ha inaugurado en el Centro Cultural de C\u00f3rdoba de la entidad la exposici\u00f3n \u201cDON QUIJOTE\u201d del artista cordob\u00e9s, Jos\u00e9 Luis Mu\u00f1oz La exposici\u00f3n, inaugurada [&hellip;]<\/p>\n","protected":false},"author":6,"featured_media":9617,"comment_status":"closed","ping_status":"closed","sticky":false,"template":"","format":"standard","meta":{"footnotes":""},"categories":[82],"tags":[],"class_list":["post-9610","post","type-post","status-publish","format-standard","has-post-thumbnail","hentry","category-exposiciones"],"yoast_head":"<!-- This site is optimized with the Yoast SEO plugin v27.3 - https:\/\/yoast.com\/product\/yoast-seo-wordpress\/ -->\n<title>Inaugurada la exposici\u00f3n \u201cDon Quijote\u201d del artista cordob\u00e9s Jos\u00e9 Luis Mu\u00f1oz en el Centro Cultural de la Fundaci\u00f3n Caja Rural del Sur de Sevilla - Fundaci\u00f3n Caja Rural del Sur<\/title>\n<meta name=\"robots\" content=\"index, follow, max-snippet:-1, max-image-preview:large, max-video-preview:-1\" \/>\n<link rel=\"canonical\" href=\"https:\/\/fundacioncajaruraldelsur.com\/pt\/inaugurada-la-exposicion-don-quijote-del-artista-cordobes-jose-luis-munoz-en-el-centro-cultural-de-la-fundacion-caja-rural-del-sur-de-sevilla\/\" \/>\n<meta property=\"og:locale\" content=\"pt_PT\" \/>\n<meta property=\"og:type\" content=\"article\" \/>\n<meta property=\"og:title\" content=\"Inaugurada la exposici\u00f3n \u201cDon Quijote\u201d del artista cordob\u00e9s Jos\u00e9 Luis Mu\u00f1oz en el Centro Cultural de la Fundaci\u00f3n Caja Rural del Sur de Sevilla - Fundaci\u00f3n Caja Rural del Sur\" \/>\n<meta property=\"og:description\" content=\"La Fundaci\u00f3n Caja Rural del Sur ha inaugurado en el Centro Cultural de C\u00f3rdoba de la entidad la exposici\u00f3n \u201cDON QUIJOTE\u201d del artista cordob\u00e9s, Jos\u00e9 Luis Mu\u00f1oz La exposici\u00f3n, inaugurada [&hellip;]\" \/>\n<meta property=\"og:url\" content=\"https:\/\/fundacioncajaruraldelsur.com\/pt\/inaugurada-la-exposicion-don-quijote-del-artista-cordobes-jose-luis-munoz-en-el-centro-cultural-de-la-fundacion-caja-rural-del-sur-de-sevilla\/\" \/>\n<meta property=\"og:site_name\" content=\"Fundaci\u00f3n Caja Rural del Sur\" \/>\n<meta property=\"article:published_time\" content=\"2024-01-19T07:22:43+00:00\" \/>\n<meta property=\"article:modified_time\" content=\"2024-01-19T09:45:17+00:00\" \/>\n<meta property=\"og:image\" content=\"https:\/\/fundacioncajaruraldelsur.com\/wp-content\/uploads\/2024\/01\/IMG-20240119-WA0000.jpg\" \/>\n\t<meta property=\"og:image:width\" content=\"1024\" \/>\n\t<meta property=\"og:image:height\" content=\"768\" \/>\n\t<meta property=\"og:image:type\" content=\"image\/jpeg\" \/>\n<meta name=\"author\" content=\"Comunicaci\u00f3n\" \/>\n<meta name=\"twitter:card\" content=\"summary_large_image\" \/>\n<meta name=\"twitter:label1\" content=\"Written by\" \/>\n\t<meta name=\"twitter:data1\" content=\"Comunicaci\u00f3n\" \/>\n\t<meta name=\"twitter:label2\" content=\"Est. reading time\" \/>\n\t<meta name=\"twitter:data2\" content=\"3 minutes\" \/>\n<script type=\"application\/ld+json\" class=\"yoast-schema-graph\">{\"@context\":\"https:\\\/\\\/schema.org\",\"@graph\":[{\"@type\":\"Article\",\"@id\":\"https:\\\/\\\/fundacioncajaruraldelsur.com\\\/inaugurada-la-exposicion-don-quijote-del-artista-cordobes-jose-luis-munoz-en-el-centro-cultural-de-la-fundacion-caja-rural-del-sur-de-sevilla\\\/#article\",\"isPartOf\":{\"@id\":\"https:\\\/\\\/fundacioncajaruraldelsur.com\\\/inaugurada-la-exposicion-don-quijote-del-artista-cordobes-jose-luis-munoz-en-el-centro-cultural-de-la-fundacion-caja-rural-del-sur-de-sevilla\\\/\"},\"author\":{\"name\":\"Comunicaci\u00f3n\",\"@id\":\"https:\\\/\\\/fundacioncajaruraldelsur.com\\\/#\\\/schema\\\/person\\\/f430da9fb783d505ff061ad8b3d44577\"},\"headline\":\"Inaugurada la exposici\u00f3n \u201cDon Quijote\u201d del artista cordob\u00e9s Jos\u00e9 Luis Mu\u00f1oz en el Centro Cultural de la Fundaci\u00f3n Caja Rural del Sur de Sevilla\",\"datePublished\":\"2024-01-19T07:22:43+00:00\",\"dateModified\":\"2024-01-19T09:45:17+00:00\",\"mainEntityOfPage\":{\"@id\":\"https:\\\/\\\/fundacioncajaruraldelsur.com\\\/inaugurada-la-exposicion-don-quijote-del-artista-cordobes-jose-luis-munoz-en-el-centro-cultural-de-la-fundacion-caja-rural-del-sur-de-sevilla\\\/\"},\"wordCount\":553,\"image\":{\"@id\":\"https:\\\/\\\/fundacioncajaruraldelsur.com\\\/inaugurada-la-exposicion-don-quijote-del-artista-cordobes-jose-luis-munoz-en-el-centro-cultural-de-la-fundacion-caja-rural-del-sur-de-sevilla\\\/#primaryimage\"},\"thumbnailUrl\":\"https:\\\/\\\/fundacioncajaruraldelsur.com\\\/wp-content\\\/uploads\\\/2024\\\/01\\\/IMG-20240119-WA0000.jpg\",\"articleSection\":[\"Exposiciones\"],\"inLanguage\":\"pt-PT\"},{\"@type\":\"WebPage\",\"@id\":\"https:\\\/\\\/fundacioncajaruraldelsur.com\\\/inaugurada-la-exposicion-don-quijote-del-artista-cordobes-jose-luis-munoz-en-el-centro-cultural-de-la-fundacion-caja-rural-del-sur-de-sevilla\\\/\",\"url\":\"https:\\\/\\\/fundacioncajaruraldelsur.com\\\/inaugurada-la-exposicion-don-quijote-del-artista-cordobes-jose-luis-munoz-en-el-centro-cultural-de-la-fundacion-caja-rural-del-sur-de-sevilla\\\/\",\"name\":\"Inaugurada la exposici\u00f3n \u201cDon Quijote\u201d del artista cordob\u00e9s Jos\u00e9 Luis Mu\u00f1oz en el Centro Cultural de la Fundaci\u00f3n Caja Rural del Sur de Sevilla - Fundaci\u00f3n Caja Rural del Sur\",\"isPartOf\":{\"@id\":\"https:\\\/\\\/fundacioncajaruraldelsur.com\\\/#website\"},\"primaryImageOfPage\":{\"@id\":\"https:\\\/\\\/fundacioncajaruraldelsur.com\\\/inaugurada-la-exposicion-don-quijote-del-artista-cordobes-jose-luis-munoz-en-el-centro-cultural-de-la-fundacion-caja-rural-del-sur-de-sevilla\\\/#primaryimage\"},\"image\":{\"@id\":\"https:\\\/\\\/fundacioncajaruraldelsur.com\\\/inaugurada-la-exposicion-don-quijote-del-artista-cordobes-jose-luis-munoz-en-el-centro-cultural-de-la-fundacion-caja-rural-del-sur-de-sevilla\\\/#primaryimage\"},\"thumbnailUrl\":\"https:\\\/\\\/fundacioncajaruraldelsur.com\\\/wp-content\\\/uploads\\\/2024\\\/01\\\/IMG-20240119-WA0000.jpg\",\"datePublished\":\"2024-01-19T07:22:43+00:00\",\"dateModified\":\"2024-01-19T09:45:17+00:00\",\"author\":{\"@id\":\"https:\\\/\\\/fundacioncajaruraldelsur.com\\\/#\\\/schema\\\/person\\\/f430da9fb783d505ff061ad8b3d44577\"},\"breadcrumb\":{\"@id\":\"https:\\\/\\\/fundacioncajaruraldelsur.com\\\/inaugurada-la-exposicion-don-quijote-del-artista-cordobes-jose-luis-munoz-en-el-centro-cultural-de-la-fundacion-caja-rural-del-sur-de-sevilla\\\/#breadcrumb\"},\"inLanguage\":\"pt-PT\",\"potentialAction\":[{\"@type\":\"ReadAction\",\"target\":[\"https:\\\/\\\/fundacioncajaruraldelsur.com\\\/inaugurada-la-exposicion-don-quijote-del-artista-cordobes-jose-luis-munoz-en-el-centro-cultural-de-la-fundacion-caja-rural-del-sur-de-sevilla\\\/\"]}]},{\"@type\":\"ImageObject\",\"inLanguage\":\"pt-PT\",\"@id\":\"https:\\\/\\\/fundacioncajaruraldelsur.com\\\/inaugurada-la-exposicion-don-quijote-del-artista-cordobes-jose-luis-munoz-en-el-centro-cultural-de-la-fundacion-caja-rural-del-sur-de-sevilla\\\/#primaryimage\",\"url\":\"https:\\\/\\\/fundacioncajaruraldelsur.com\\\/wp-content\\\/uploads\\\/2024\\\/01\\\/IMG-20240119-WA0000.jpg\",\"contentUrl\":\"https:\\\/\\\/fundacioncajaruraldelsur.com\\\/wp-content\\\/uploads\\\/2024\\\/01\\\/IMG-20240119-WA0000.jpg\",\"width\":1024,\"height\":768},{\"@type\":\"BreadcrumbList\",\"@id\":\"https:\\\/\\\/fundacioncajaruraldelsur.com\\\/inaugurada-la-exposicion-don-quijote-del-artista-cordobes-jose-luis-munoz-en-el-centro-cultural-de-la-fundacion-caja-rural-del-sur-de-sevilla\\\/#breadcrumb\",\"itemListElement\":[{\"@type\":\"ListItem\",\"position\":1,\"name\":\"Portada\",\"item\":\"https:\\\/\\\/fundacioncajaruraldelsur.com\\\/\"},{\"@type\":\"ListItem\",\"position\":2,\"name\":\"Inaugurada la exposici\u00f3n \u201cDon Quijote\u201d del artista cordob\u00e9s Jos\u00e9 Luis Mu\u00f1oz en el Centro Cultural de la Fundaci\u00f3n Caja Rural del Sur de Sevilla\"}]},{\"@type\":\"WebSite\",\"@id\":\"https:\\\/\\\/fundacioncajaruraldelsur.com\\\/#website\",\"url\":\"https:\\\/\\\/fundacioncajaruraldelsur.com\\\/\",\"name\":\"Fundaci\u00f3n Caja Rural del Sur\",\"description\":\"\",\"potentialAction\":[{\"@type\":\"SearchAction\",\"target\":{\"@type\":\"EntryPoint\",\"urlTemplate\":\"https:\\\/\\\/fundacioncajaruraldelsur.com\\\/?s={search_term_string}\"},\"query-input\":{\"@type\":\"PropertyValueSpecification\",\"valueRequired\":true,\"valueName\":\"search_term_string\"}}],\"inLanguage\":\"pt-PT\"},{\"@type\":\"Person\",\"@id\":\"https:\\\/\\\/fundacioncajaruraldelsur.com\\\/#\\\/schema\\\/person\\\/f430da9fb783d505ff061ad8b3d44577\",\"name\":\"Comunicaci\u00f3n\",\"image\":{\"@type\":\"ImageObject\",\"inLanguage\":\"pt-PT\",\"@id\":\"https:\\\/\\\/secure.gravatar.com\\\/avatar\\\/0dca239875993680bac4603ad2de7942da018f52cc3a244578e0b3b09314a8d8?s=96&d=blank&r=g\",\"url\":\"https:\\\/\\\/secure.gravatar.com\\\/avatar\\\/0dca239875993680bac4603ad2de7942da018f52cc3a244578e0b3b09314a8d8?s=96&d=blank&r=g\",\"contentUrl\":\"https:\\\/\\\/secure.gravatar.com\\\/avatar\\\/0dca239875993680bac4603ad2de7942da018f52cc3a244578e0b3b09314a8d8?s=96&d=blank&r=g\",\"caption\":\"Comunicaci\u00f3n\"}}]}<\/script>\n<!-- \/ Yoast SEO plugin. -->","yoast_head_json":{"title":"Inaugurada la exposici\u00f3n \u201cDon Quijote\u201d del artista cordob\u00e9s Jos\u00e9 Luis Mu\u00f1oz en el Centro Cultural de la Fundaci\u00f3n Caja Rural del Sur de Sevilla - Fundaci\u00f3n Caja Rural del Sur","robots":{"index":"index","follow":"follow","max-snippet":"max-snippet:-1","max-image-preview":"max-image-preview:large","max-video-preview":"max-video-preview:-1"},"canonical":"https:\/\/fundacioncajaruraldelsur.com\/pt\/inaugurada-la-exposicion-don-quijote-del-artista-cordobes-jose-luis-munoz-en-el-centro-cultural-de-la-fundacion-caja-rural-del-sur-de-sevilla\/","og_locale":"pt_PT","og_type":"article","og_title":"Inaugurada la exposici\u00f3n \u201cDon Quijote\u201d del artista cordob\u00e9s Jos\u00e9 Luis Mu\u00f1oz en el Centro Cultural de la Fundaci\u00f3n Caja Rural del Sur de Sevilla - Fundaci\u00f3n Caja Rural del Sur","og_description":"La Fundaci\u00f3n Caja Rural del Sur ha inaugurado en el Centro Cultural de C\u00f3rdoba de la entidad la exposici\u00f3n \u201cDON QUIJOTE\u201d del artista cordob\u00e9s, Jos\u00e9 Luis Mu\u00f1oz La exposici\u00f3n, inaugurada [&hellip;]","og_url":"https:\/\/fundacioncajaruraldelsur.com\/pt\/inaugurada-la-exposicion-don-quijote-del-artista-cordobes-jose-luis-munoz-en-el-centro-cultural-de-la-fundacion-caja-rural-del-sur-de-sevilla\/","og_site_name":"Fundaci\u00f3n Caja Rural del Sur","article_published_time":"2024-01-19T07:22:43+00:00","article_modified_time":"2024-01-19T09:45:17+00:00","og_image":[{"width":1024,"height":768,"url":"https:\/\/fundacioncajaruraldelsur.com\/wp-content\/uploads\/2024\/01\/IMG-20240119-WA0000.jpg","type":"image\/jpeg"}],"author":"Comunicaci\u00f3n","twitter_card":"summary_large_image","twitter_misc":{"Written by":"Comunicaci\u00f3n","Est. reading time":"3 minutes"},"schema":{"@context":"https:\/\/schema.org","@graph":[{"@type":"Article","@id":"https:\/\/fundacioncajaruraldelsur.com\/inaugurada-la-exposicion-don-quijote-del-artista-cordobes-jose-luis-munoz-en-el-centro-cultural-de-la-fundacion-caja-rural-del-sur-de-sevilla\/#article","isPartOf":{"@id":"https:\/\/fundacioncajaruraldelsur.com\/inaugurada-la-exposicion-don-quijote-del-artista-cordobes-jose-luis-munoz-en-el-centro-cultural-de-la-fundacion-caja-rural-del-sur-de-sevilla\/"},"author":{"name":"Comunicaci\u00f3n","@id":"https:\/\/fundacioncajaruraldelsur.com\/#\/schema\/person\/f430da9fb783d505ff061ad8b3d44577"},"headline":"Inaugurada la exposici\u00f3n \u201cDon Quijote\u201d del artista cordob\u00e9s Jos\u00e9 Luis Mu\u00f1oz en el Centro Cultural de la Fundaci\u00f3n Caja Rural del Sur de Sevilla","datePublished":"2024-01-19T07:22:43+00:00","dateModified":"2024-01-19T09:45:17+00:00","mainEntityOfPage":{"@id":"https:\/\/fundacioncajaruraldelsur.com\/inaugurada-la-exposicion-don-quijote-del-artista-cordobes-jose-luis-munoz-en-el-centro-cultural-de-la-fundacion-caja-rural-del-sur-de-sevilla\/"},"wordCount":553,"image":{"@id":"https:\/\/fundacioncajaruraldelsur.com\/inaugurada-la-exposicion-don-quijote-del-artista-cordobes-jose-luis-munoz-en-el-centro-cultural-de-la-fundacion-caja-rural-del-sur-de-sevilla\/#primaryimage"},"thumbnailUrl":"https:\/\/fundacioncajaruraldelsur.com\/wp-content\/uploads\/2024\/01\/IMG-20240119-WA0000.jpg","articleSection":["Exposiciones"],"inLanguage":"pt-PT"},{"@type":"WebPage","@id":"https:\/\/fundacioncajaruraldelsur.com\/inaugurada-la-exposicion-don-quijote-del-artista-cordobes-jose-luis-munoz-en-el-centro-cultural-de-la-fundacion-caja-rural-del-sur-de-sevilla\/","url":"https:\/\/fundacioncajaruraldelsur.com\/inaugurada-la-exposicion-don-quijote-del-artista-cordobes-jose-luis-munoz-en-el-centro-cultural-de-la-fundacion-caja-rural-del-sur-de-sevilla\/","name":"Inaugurada la exposici\u00f3n \u201cDon Quijote\u201d del artista cordob\u00e9s Jos\u00e9 Luis Mu\u00f1oz en el Centro Cultural de la Fundaci\u00f3n Caja Rural del Sur de Sevilla - Fundaci\u00f3n Caja Rural del Sur","isPartOf":{"@id":"https:\/\/fundacioncajaruraldelsur.com\/#website"},"primaryImageOfPage":{"@id":"https:\/\/fundacioncajaruraldelsur.com\/inaugurada-la-exposicion-don-quijote-del-artista-cordobes-jose-luis-munoz-en-el-centro-cultural-de-la-fundacion-caja-rural-del-sur-de-sevilla\/#primaryimage"},"image":{"@id":"https:\/\/fundacioncajaruraldelsur.com\/inaugurada-la-exposicion-don-quijote-del-artista-cordobes-jose-luis-munoz-en-el-centro-cultural-de-la-fundacion-caja-rural-del-sur-de-sevilla\/#primaryimage"},"thumbnailUrl":"https:\/\/fundacioncajaruraldelsur.com\/wp-content\/uploads\/2024\/01\/IMG-20240119-WA0000.jpg","datePublished":"2024-01-19T07:22:43+00:00","dateModified":"2024-01-19T09:45:17+00:00","author":{"@id":"https:\/\/fundacioncajaruraldelsur.com\/#\/schema\/person\/f430da9fb783d505ff061ad8b3d44577"},"breadcrumb":{"@id":"https:\/\/fundacioncajaruraldelsur.com\/inaugurada-la-exposicion-don-quijote-del-artista-cordobes-jose-luis-munoz-en-el-centro-cultural-de-la-fundacion-caja-rural-del-sur-de-sevilla\/#breadcrumb"},"inLanguage":"pt-PT","potentialAction":[{"@type":"ReadAction","target":["https:\/\/fundacioncajaruraldelsur.com\/inaugurada-la-exposicion-don-quijote-del-artista-cordobes-jose-luis-munoz-en-el-centro-cultural-de-la-fundacion-caja-rural-del-sur-de-sevilla\/"]}]},{"@type":"ImageObject","inLanguage":"pt-PT","@id":"https:\/\/fundacioncajaruraldelsur.com\/inaugurada-la-exposicion-don-quijote-del-artista-cordobes-jose-luis-munoz-en-el-centro-cultural-de-la-fundacion-caja-rural-del-sur-de-sevilla\/#primaryimage","url":"https:\/\/fundacioncajaruraldelsur.com\/wp-content\/uploads\/2024\/01\/IMG-20240119-WA0000.jpg","contentUrl":"https:\/\/fundacioncajaruraldelsur.com\/wp-content\/uploads\/2024\/01\/IMG-20240119-WA0000.jpg","width":1024,"height":768},{"@type":"BreadcrumbList","@id":"https:\/\/fundacioncajaruraldelsur.com\/inaugurada-la-exposicion-don-quijote-del-artista-cordobes-jose-luis-munoz-en-el-centro-cultural-de-la-fundacion-caja-rural-del-sur-de-sevilla\/#breadcrumb","itemListElement":[{"@type":"ListItem","position":1,"name":"Portada","item":"https:\/\/fundacioncajaruraldelsur.com\/"},{"@type":"ListItem","position":2,"name":"Inaugurada la exposici\u00f3n \u201cDon Quijote\u201d del artista cordob\u00e9s Jos\u00e9 Luis Mu\u00f1oz en el Centro Cultural de la Fundaci\u00f3n Caja Rural del Sur de Sevilla"}]},{"@type":"WebSite","@id":"https:\/\/fundacioncajaruraldelsur.com\/#website","url":"https:\/\/fundacioncajaruraldelsur.com\/","name":"Funda\u00e7\u00e3o Caja Rural del Sur","description":"","potentialAction":[{"@type":"SearchAction","target":{"@type":"EntryPoint","urlTemplate":"https:\/\/fundacioncajaruraldelsur.com\/?s={search_term_string}"},"query-input":{"@type":"PropertyValueSpecification","valueRequired":true,"valueName":"search_term_string"}}],"inLanguage":"pt-PT"},{"@type":"Person","@id":"https:\/\/fundacioncajaruraldelsur.com\/#\/schema\/person\/f430da9fb783d505ff061ad8b3d44577","name":"Comunicaci\u00f3n","image":{"@type":"ImageObject","inLanguage":"pt-PT","@id":"https:\/\/secure.gravatar.com\/avatar\/0dca239875993680bac4603ad2de7942da018f52cc3a244578e0b3b09314a8d8?s=96&d=blank&r=g","url":"https:\/\/secure.gravatar.com\/avatar\/0dca239875993680bac4603ad2de7942da018f52cc3a244578e0b3b09314a8d8?s=96&d=blank&r=g","contentUrl":"https:\/\/secure.gravatar.com\/avatar\/0dca239875993680bac4603ad2de7942da018f52cc3a244578e0b3b09314a8d8?s=96&d=blank&r=g","caption":"Comunicaci\u00f3n"}}]}},"rttpg_featured_image_url":{"full":["https:\/\/fundacioncajaruraldelsur.com\/wp-content\/uploads\/2024\/01\/IMG-20240119-WA0000.jpg",1024,768,false],"landscape":["https:\/\/fundacioncajaruraldelsur.com\/wp-content\/uploads\/2024\/01\/IMG-20240119-WA0000.jpg",1024,768,false],"portraits":["https:\/\/fundacioncajaruraldelsur.com\/wp-content\/uploads\/2024\/01\/IMG-20240119-WA0000.jpg",1024,768,false],"thumbnail":["https:\/\/fundacioncajaruraldelsur.com\/wp-content\/uploads\/2024\/01\/IMG-20240119-WA0000-150x150.jpg",150,150,true],"medium":["https:\/\/fundacioncajaruraldelsur.com\/wp-content\/uploads\/2024\/01\/IMG-20240119-WA0000-300x225.jpg",300,225,true],"large":["https:\/\/fundacioncajaruraldelsur.com\/wp-content\/uploads\/2024\/01\/IMG-20240119-WA0000.jpg",960,720,false],"1536x1536":["https:\/\/fundacioncajaruraldelsur.com\/wp-content\/uploads\/2024\/01\/IMG-20240119-WA0000.jpg",1024,768,false],"2048x2048":["https:\/\/fundacioncajaruraldelsur.com\/wp-content\/uploads\/2024\/01\/IMG-20240119-WA0000.jpg",1024,768,false],"trp-custom-language-flag":["https:\/\/fundacioncajaruraldelsur.com\/wp-content\/uploads\/2024\/01\/IMG-20240119-WA0000.jpg",16,12,false],"blog-thumbnail":["https:\/\/fundacioncajaruraldelsur.com\/wp-content\/uploads\/2024\/01\/IMG-20240119-WA0000-400x200.jpg",400,200,true]},"rttpg_author":{"display_name":"Comunicaci\u00f3n","author_link":"https:\/\/fundacioncajaruraldelsur.com\/pt\/author\/sevillaadmin\/"},"rttpg_comment":0,"rttpg_category":"<a href=\"https:\/\/fundacioncajaruraldelsur.com\/pt\/category\/exposiciones\/\" rel=\"category tag\">Exposiciones<\/a>","rttpg_excerpt":"La Fundaci\u00f3n Caja Rural del Sur ha inaugurado en el Centro Cultural de C\u00f3rdoba de la entidad la exposici\u00f3n \u201cDON QUIJOTE\u201d del artista cordob\u00e9s, Jos\u00e9 Luis Mu\u00f1oz La exposici\u00f3n, inaugurada [&hellip;]","_links":{"self":[{"href":"https:\/\/fundacioncajaruraldelsur.com\/pt\/wp-json\/wp\/v2\/posts\/9610","targetHints":{"allow":["GET"]}}],"collection":[{"href":"https:\/\/fundacioncajaruraldelsur.com\/pt\/wp-json\/wp\/v2\/posts"}],"about":[{"href":"https:\/\/fundacioncajaruraldelsur.com\/pt\/wp-json\/wp\/v2\/types\/post"}],"author":[{"embeddable":true,"href":"https:\/\/fundacioncajaruraldelsur.com\/pt\/wp-json\/wp\/v2\/users\/6"}],"replies":[{"embeddable":true,"href":"https:\/\/fundacioncajaruraldelsur.com\/pt\/wp-json\/wp\/v2\/comments?post=9610"}],"version-history":[{"count":5,"href":"https:\/\/fundacioncajaruraldelsur.com\/pt\/wp-json\/wp\/v2\/posts\/9610\/revisions"}],"predecessor-version":[{"id":9619,"href":"https:\/\/fundacioncajaruraldelsur.com\/pt\/wp-json\/wp\/v2\/posts\/9610\/revisions\/9619"}],"wp:featuredmedia":[{"embeddable":true,"href":"https:\/\/fundacioncajaruraldelsur.com\/pt\/wp-json\/wp\/v2\/media\/9617"}],"wp:attachment":[{"href":"https:\/\/fundacioncajaruraldelsur.com\/pt\/wp-json\/wp\/v2\/media?parent=9610"}],"wp:term":[{"taxonomy":"category","embeddable":true,"href":"https:\/\/fundacioncajaruraldelsur.com\/pt\/wp-json\/wp\/v2\/categories?post=9610"},{"taxonomy":"post_tag","embeddable":true,"href":"https:\/\/fundacioncajaruraldelsur.com\/pt\/wp-json\/wp\/v2\/tags?post=9610"}],"curies":[{"name":"wp","href":"https:\/\/api.w.org\/{rel}","templated":true}]}}