{"id":9584,"date":"2024-01-14T22:25:36","date_gmt":"2024-01-14T21:25:36","guid":{"rendered":"\/?p=9584"},"modified":"2024-01-14T22:27:00","modified_gmt":"2024-01-14T21:27:00","slug":"presentacion-en-fundacion-caja-rural-del-sur-del-libro-de-aquilino-moreno-sobre-la-caza","status":"publish","type":"post","link":"https:\/\/fundacioncajaruraldelsur.com\/pt\/presentacion-en-fundacion-caja-rural-del-sur-del-libro-de-aquilino-moreno-sobre-la-caza\/","title":{"rendered":"Aquilino Moreno presenta su libro sobre la caza en la Fundaci\u00f3n Caja Rural del Sur en Huelva"},"content":{"rendered":"<p>Se presenta en el Centro Cultural \u2018Jos\u00e9 Luis Garc\u00eda Palacios\u2019 de Fundaci\u00f3n Caja Rural del Sur en Huelva el libro \u2018Buscando libertad sin perder la cara al viento\u2019 del que es autor Aquilino Moreno Dom\u00ednguez.<\/p>\n<p>Se trata de las vivencias cineg\u00e9ticas del autor, experimentado naturalista y empedernido cazador, en las estribaciones de la Cordillera Mari\u00e1nica y m\u00e1s concretamente en el t\u00e9rmino municipal de Berrocal (Huelva), describi\u00e9ndose las generalidades identificativas de la comarca del \u00c1ndevalo Oriental y Minero, con un curso fluvial de singular prestancia; el r\u00edo Tinto.<\/p>\n<p>Nos describe este r\u00edo como el m\u00e1s apetitoso para esos seres extrem\u00f3filo, habitantes de planetas que a\u00fan no hemos sabido encontrar, ya que convierten los metales en su alimento f\u00edsico. Nos cuenta como la concentraci\u00f3n del \u00e1cido sulf\u00farico de las aguas del Tinto es detectada por el instinto animal y como los jabal\u00edes las aprovechan para el cuidado dermatol\u00f3gico de sus escudos costales.<\/p>\n<p>Interpreta la belleza natural de esos intrincados y quebrados parajes, ecosistema donde el autor se mueve, como el resultado de la armon\u00eda entre un todo y las partes singulares que lo componen, en el cual todas las partes, hasta las menos relevantes en apariencia, interact\u00faan creando complejos lazos y conexiones tan necesarias para mantener la armon\u00eda del conjunto. Y en ese conjunto permanecen en los relatos del libro tanto los jabal\u00edes como el autor; qui\u00e9n ha recolectado un conjunto de trofeos -colmillos y amoladeras- que constituyen un extraordinario panel, merecedor del m\u00e1ximo reconocimiento, tanto por su calidad como por su silvestre autenticidad.<\/p>\n<p>Tambi\u00e9n nos narra en este libro sus cacer\u00edas en las Reservas Regionales de Caza en todo el territorio nacional, sus expediciones a la ub\u00e9rrima floresta del Este de Europa, a la sabana boscosa del \u00c1frica austral y a las inmensas llanuras de la Pampa argentina.<\/p>","protected":false},"excerpt":{"rendered":"<p>Se presenta en el Centro Cultural \u2018Jos\u00e9 Luis Garc\u00eda Palacios\u2019 de Fundaci\u00f3n Caja Rural del Sur en Huelva el libro \u2018Buscando libertad sin perder la cara al viento\u2019 del que [&hellip;]<\/p>\n","protected":false},"author":6,"featured_media":9567,"comment_status":"closed","ping_status":"closed","sticky":false,"template":"","format":"standard","meta":{"footnotes":""},"categories":[84],"tags":[],"class_list":["post-9584","post","type-post","status-publish","format-standard","has-post-thumbnail","hentry","category-presentaciones"],"yoast_head":"<!-- This site is optimized with the Yoast SEO plugin v27.3 - https:\/\/yoast.com\/product\/yoast-seo-wordpress\/ -->\n<title>Aquilino Moreno presenta su libro sobre la caza en la Fundaci\u00f3n Caja Rural del Sur en Huelva - Fundaci\u00f3n Caja Rural del Sur<\/title>\n<meta name=\"robots\" content=\"index, follow, max-snippet:-1, max-image-preview:large, max-video-preview:-1\" \/>\n<link rel=\"canonical\" href=\"https:\/\/fundacioncajaruraldelsur.com\/pt\/presentacion-en-fundacion-caja-rural-del-sur-del-libro-de-aquilino-moreno-sobre-la-caza\/\" \/>\n<meta property=\"og:locale\" content=\"pt_PT\" \/>\n<meta property=\"og:type\" content=\"article\" \/>\n<meta property=\"og:title\" content=\"Aquilino Moreno presenta su libro sobre la caza en la Fundaci\u00f3n Caja Rural del Sur en Huelva - Fundaci\u00f3n Caja Rural del Sur\" \/>\n<meta property=\"og:description\" content=\"Se presenta en el Centro Cultural \u2018Jos\u00e9 Luis Garc\u00eda Palacios\u2019 de Fundaci\u00f3n Caja Rural del Sur en Huelva el libro \u2018Buscando libertad sin perder la cara al viento\u2019 del que [&hellip;]\" \/>\n<meta property=\"og:url\" content=\"https:\/\/fundacioncajaruraldelsur.com\/pt\/presentacion-en-fundacion-caja-rural-del-sur-del-libro-de-aquilino-moreno-sobre-la-caza\/\" \/>\n<meta property=\"og:site_name\" content=\"Fundaci\u00f3n Caja Rural del Sur\" \/>\n<meta property=\"article:published_time\" content=\"2024-01-14T21:25:36+00:00\" \/>\n<meta property=\"article:modified_time\" content=\"2024-01-14T21:27:00+00:00\" \/>\n<meta property=\"og:image\" content=\"https:\/\/fundacioncajaruraldelsur.com\/wp-content\/uploads\/2024\/01\/Portada-libro-logo-4-scaled.jpg\" \/>\n\t<meta property=\"og:image:width\" content=\"1774\" \/>\n\t<meta property=\"og:image:height\" content=\"2560\" \/>\n\t<meta property=\"og:image:type\" content=\"image\/jpeg\" \/>\n<meta name=\"author\" content=\"Comunicaci\u00f3n\" \/>\n<meta name=\"twitter:card\" content=\"summary_large_image\" \/>\n<meta name=\"twitter:label1\" content=\"Written by\" \/>\n\t<meta name=\"twitter:data1\" content=\"Comunicaci\u00f3n\" \/>\n\t<meta name=\"twitter:label2\" content=\"Est. reading time\" \/>\n\t<meta name=\"twitter:data2\" content=\"2 minutes\" \/>\n<script type=\"application\/ld+json\" class=\"yoast-schema-graph\">{\"@context\":\"https:\\\/\\\/schema.org\",\"@graph\":[{\"@type\":\"Article\",\"@id\":\"https:\\\/\\\/fundacioncajaruraldelsur.com\\\/presentacion-en-fundacion-caja-rural-del-sur-del-libro-de-aquilino-moreno-sobre-la-caza\\\/#article\",\"isPartOf\":{\"@id\":\"https:\\\/\\\/fundacioncajaruraldelsur.com\\\/presentacion-en-fundacion-caja-rural-del-sur-del-libro-de-aquilino-moreno-sobre-la-caza\\\/\"},\"author\":{\"name\":\"Comunicaci\u00f3n\",\"@id\":\"https:\\\/\\\/fundacioncajaruraldelsur.com\\\/#\\\/schema\\\/person\\\/f430da9fb783d505ff061ad8b3d44577\"},\"headline\":\"Aquilino Moreno presenta su libro sobre la caza en la Fundaci\u00f3n Caja Rural del Sur en Huelva\",\"datePublished\":\"2024-01-14T21:25:36+00:00\",\"dateModified\":\"2024-01-14T21:27:00+00:00\",\"mainEntityOfPage\":{\"@id\":\"https:\\\/\\\/fundacioncajaruraldelsur.com\\\/presentacion-en-fundacion-caja-rural-del-sur-del-libro-de-aquilino-moreno-sobre-la-caza\\\/\"},\"wordCount\":342,\"image\":{\"@id\":\"https:\\\/\\\/fundacioncajaruraldelsur.com\\\/presentacion-en-fundacion-caja-rural-del-sur-del-libro-de-aquilino-moreno-sobre-la-caza\\\/#primaryimage\"},\"thumbnailUrl\":\"https:\\\/\\\/fundacioncajaruraldelsur.com\\\/wp-content\\\/uploads\\\/2024\\\/01\\\/Portada-libro-logo-4-scaled.jpg\",\"articleSection\":[\"Presentaciones\"],\"inLanguage\":\"pt-PT\"},{\"@type\":\"WebPage\",\"@id\":\"https:\\\/\\\/fundacioncajaruraldelsur.com\\\/presentacion-en-fundacion-caja-rural-del-sur-del-libro-de-aquilino-moreno-sobre-la-caza\\\/\",\"url\":\"https:\\\/\\\/fundacioncajaruraldelsur.com\\\/presentacion-en-fundacion-caja-rural-del-sur-del-libro-de-aquilino-moreno-sobre-la-caza\\\/\",\"name\":\"Aquilino Moreno presenta su libro sobre la caza en la Fundaci\u00f3n Caja Rural del Sur en Huelva - Fundaci\u00f3n Caja Rural del Sur\",\"isPartOf\":{\"@id\":\"https:\\\/\\\/fundacioncajaruraldelsur.com\\\/#website\"},\"primaryImageOfPage\":{\"@id\":\"https:\\\/\\\/fundacioncajaruraldelsur.com\\\/presentacion-en-fundacion-caja-rural-del-sur-del-libro-de-aquilino-moreno-sobre-la-caza\\\/#primaryimage\"},\"image\":{\"@id\":\"https:\\\/\\\/fundacioncajaruraldelsur.com\\\/presentacion-en-fundacion-caja-rural-del-sur-del-libro-de-aquilino-moreno-sobre-la-caza\\\/#primaryimage\"},\"thumbnailUrl\":\"https:\\\/\\\/fundacioncajaruraldelsur.com\\\/wp-content\\\/uploads\\\/2024\\\/01\\\/Portada-libro-logo-4-scaled.jpg\",\"datePublished\":\"2024-01-14T21:25:36+00:00\",\"dateModified\":\"2024-01-14T21:27:00+00:00\",\"author\":{\"@id\":\"https:\\\/\\\/fundacioncajaruraldelsur.com\\\/#\\\/schema\\\/person\\\/f430da9fb783d505ff061ad8b3d44577\"},\"breadcrumb\":{\"@id\":\"https:\\\/\\\/fundacioncajaruraldelsur.com\\\/presentacion-en-fundacion-caja-rural-del-sur-del-libro-de-aquilino-moreno-sobre-la-caza\\\/#breadcrumb\"},\"inLanguage\":\"pt-PT\",\"potentialAction\":[{\"@type\":\"ReadAction\",\"target\":[\"https:\\\/\\\/fundacioncajaruraldelsur.com\\\/presentacion-en-fundacion-caja-rural-del-sur-del-libro-de-aquilino-moreno-sobre-la-caza\\\/\"]}]},{\"@type\":\"ImageObject\",\"inLanguage\":\"pt-PT\",\"@id\":\"https:\\\/\\\/fundacioncajaruraldelsur.com\\\/presentacion-en-fundacion-caja-rural-del-sur-del-libro-de-aquilino-moreno-sobre-la-caza\\\/#primaryimage\",\"url\":\"https:\\\/\\\/fundacioncajaruraldelsur.com\\\/wp-content\\\/uploads\\\/2024\\\/01\\\/Portada-libro-logo-4-scaled.jpg\",\"contentUrl\":\"https:\\\/\\\/fundacioncajaruraldelsur.com\\\/wp-content\\\/uploads\\\/2024\\\/01\\\/Portada-libro-logo-4-scaled.jpg\",\"width\":1774,\"height\":2560},{\"@type\":\"BreadcrumbList\",\"@id\":\"https:\\\/\\\/fundacioncajaruraldelsur.com\\\/presentacion-en-fundacion-caja-rural-del-sur-del-libro-de-aquilino-moreno-sobre-la-caza\\\/#breadcrumb\",\"itemListElement\":[{\"@type\":\"ListItem\",\"position\":1,\"name\":\"Portada\",\"item\":\"https:\\\/\\\/fundacioncajaruraldelsur.com\\\/\"},{\"@type\":\"ListItem\",\"position\":2,\"name\":\"Aquilino Moreno presenta su libro sobre la caza en la Fundaci\u00f3n Caja Rural del Sur en Huelva\"}]},{\"@type\":\"WebSite\",\"@id\":\"https:\\\/\\\/fundacioncajaruraldelsur.com\\\/#website\",\"url\":\"https:\\\/\\\/fundacioncajaruraldelsur.com\\\/\",\"name\":\"Fundaci\u00f3n Caja Rural del Sur\",\"description\":\"\",\"potentialAction\":[{\"@type\":\"SearchAction\",\"target\":{\"@type\":\"EntryPoint\",\"urlTemplate\":\"https:\\\/\\\/fundacioncajaruraldelsur.com\\\/?s={search_term_string}\"},\"query-input\":{\"@type\":\"PropertyValueSpecification\",\"valueRequired\":true,\"valueName\":\"search_term_string\"}}],\"inLanguage\":\"pt-PT\"},{\"@type\":\"Person\",\"@id\":\"https:\\\/\\\/fundacioncajaruraldelsur.com\\\/#\\\/schema\\\/person\\\/f430da9fb783d505ff061ad8b3d44577\",\"name\":\"Comunicaci\u00f3n\",\"image\":{\"@type\":\"ImageObject\",\"inLanguage\":\"pt-PT\",\"@id\":\"https:\\\/\\\/secure.gravatar.com\\\/avatar\\\/0dca239875993680bac4603ad2de7942da018f52cc3a244578e0b3b09314a8d8?s=96&d=blank&r=g\",\"url\":\"https:\\\/\\\/secure.gravatar.com\\\/avatar\\\/0dca239875993680bac4603ad2de7942da018f52cc3a244578e0b3b09314a8d8?s=96&d=blank&r=g\",\"contentUrl\":\"https:\\\/\\\/secure.gravatar.com\\\/avatar\\\/0dca239875993680bac4603ad2de7942da018f52cc3a244578e0b3b09314a8d8?s=96&d=blank&r=g\",\"caption\":\"Comunicaci\u00f3n\"}}]}<\/script>\n<!-- \/ Yoast SEO plugin. -->","yoast_head_json":{"title":"Aquilino Moreno presenta su libro sobre la caza en la Fundaci\u00f3n Caja Rural del Sur en Huelva - Fundaci\u00f3n Caja Rural del Sur","robots":{"index":"index","follow":"follow","max-snippet":"max-snippet:-1","max-image-preview":"max-image-preview:large","max-video-preview":"max-video-preview:-1"},"canonical":"https:\/\/fundacioncajaruraldelsur.com\/pt\/presentacion-en-fundacion-caja-rural-del-sur-del-libro-de-aquilino-moreno-sobre-la-caza\/","og_locale":"pt_PT","og_type":"article","og_title":"Aquilino Moreno presenta su libro sobre la caza en la Fundaci\u00f3n Caja Rural del Sur en Huelva - Fundaci\u00f3n Caja Rural del Sur","og_description":"Se presenta en el Centro Cultural \u2018Jos\u00e9 Luis Garc\u00eda Palacios\u2019 de Fundaci\u00f3n Caja Rural del Sur en Huelva el libro \u2018Buscando libertad sin perder la cara al viento\u2019 del que [&hellip;]","og_url":"https:\/\/fundacioncajaruraldelsur.com\/pt\/presentacion-en-fundacion-caja-rural-del-sur-del-libro-de-aquilino-moreno-sobre-la-caza\/","og_site_name":"Fundaci\u00f3n Caja Rural del Sur","article_published_time":"2024-01-14T21:25:36+00:00","article_modified_time":"2024-01-14T21:27:00+00:00","og_image":[{"width":1774,"height":2560,"url":"https:\/\/fundacioncajaruraldelsur.com\/wp-content\/uploads\/2024\/01\/Portada-libro-logo-4-scaled.jpg","type":"image\/jpeg"}],"author":"Comunicaci\u00f3n","twitter_card":"summary_large_image","twitter_misc":{"Written by":"Comunicaci\u00f3n","Est. reading time":"2 minutes"},"schema":{"@context":"https:\/\/schema.org","@graph":[{"@type":"Article","@id":"https:\/\/fundacioncajaruraldelsur.com\/presentacion-en-fundacion-caja-rural-del-sur-del-libro-de-aquilino-moreno-sobre-la-caza\/#article","isPartOf":{"@id":"https:\/\/fundacioncajaruraldelsur.com\/presentacion-en-fundacion-caja-rural-del-sur-del-libro-de-aquilino-moreno-sobre-la-caza\/"},"author":{"name":"Comunicaci\u00f3n","@id":"https:\/\/fundacioncajaruraldelsur.com\/#\/schema\/person\/f430da9fb783d505ff061ad8b3d44577"},"headline":"Aquilino Moreno presenta su libro sobre la caza en la Fundaci\u00f3n Caja Rural del Sur en Huelva","datePublished":"2024-01-14T21:25:36+00:00","dateModified":"2024-01-14T21:27:00+00:00","mainEntityOfPage":{"@id":"https:\/\/fundacioncajaruraldelsur.com\/presentacion-en-fundacion-caja-rural-del-sur-del-libro-de-aquilino-moreno-sobre-la-caza\/"},"wordCount":342,"image":{"@id":"https:\/\/fundacioncajaruraldelsur.com\/presentacion-en-fundacion-caja-rural-del-sur-del-libro-de-aquilino-moreno-sobre-la-caza\/#primaryimage"},"thumbnailUrl":"https:\/\/fundacioncajaruraldelsur.com\/wp-content\/uploads\/2024\/01\/Portada-libro-logo-4-scaled.jpg","articleSection":["Presentaciones"],"inLanguage":"pt-PT"},{"@type":"WebPage","@id":"https:\/\/fundacioncajaruraldelsur.com\/presentacion-en-fundacion-caja-rural-del-sur-del-libro-de-aquilino-moreno-sobre-la-caza\/","url":"https:\/\/fundacioncajaruraldelsur.com\/presentacion-en-fundacion-caja-rural-del-sur-del-libro-de-aquilino-moreno-sobre-la-caza\/","name":"Aquilino Moreno presenta su libro sobre la caza en la Fundaci\u00f3n Caja Rural del Sur en Huelva - Fundaci\u00f3n Caja Rural del Sur","isPartOf":{"@id":"https:\/\/fundacioncajaruraldelsur.com\/#website"},"primaryImageOfPage":{"@id":"https:\/\/fundacioncajaruraldelsur.com\/presentacion-en-fundacion-caja-rural-del-sur-del-libro-de-aquilino-moreno-sobre-la-caza\/#primaryimage"},"image":{"@id":"https:\/\/fundacioncajaruraldelsur.com\/presentacion-en-fundacion-caja-rural-del-sur-del-libro-de-aquilino-moreno-sobre-la-caza\/#primaryimage"},"thumbnailUrl":"https:\/\/fundacioncajaruraldelsur.com\/wp-content\/uploads\/2024\/01\/Portada-libro-logo-4-scaled.jpg","datePublished":"2024-01-14T21:25:36+00:00","dateModified":"2024-01-14T21:27:00+00:00","author":{"@id":"https:\/\/fundacioncajaruraldelsur.com\/#\/schema\/person\/f430da9fb783d505ff061ad8b3d44577"},"breadcrumb":{"@id":"https:\/\/fundacioncajaruraldelsur.com\/presentacion-en-fundacion-caja-rural-del-sur-del-libro-de-aquilino-moreno-sobre-la-caza\/#breadcrumb"},"inLanguage":"pt-PT","potentialAction":[{"@type":"ReadAction","target":["https:\/\/fundacioncajaruraldelsur.com\/presentacion-en-fundacion-caja-rural-del-sur-del-libro-de-aquilino-moreno-sobre-la-caza\/"]}]},{"@type":"ImageObject","inLanguage":"pt-PT","@id":"https:\/\/fundacioncajaruraldelsur.com\/presentacion-en-fundacion-caja-rural-del-sur-del-libro-de-aquilino-moreno-sobre-la-caza\/#primaryimage","url":"https:\/\/fundacioncajaruraldelsur.com\/wp-content\/uploads\/2024\/01\/Portada-libro-logo-4-scaled.jpg","contentUrl":"https:\/\/fundacioncajaruraldelsur.com\/wp-content\/uploads\/2024\/01\/Portada-libro-logo-4-scaled.jpg","width":1774,"height":2560},{"@type":"BreadcrumbList","@id":"https:\/\/fundacioncajaruraldelsur.com\/presentacion-en-fundacion-caja-rural-del-sur-del-libro-de-aquilino-moreno-sobre-la-caza\/#breadcrumb","itemListElement":[{"@type":"ListItem","position":1,"name":"Portada","item":"https:\/\/fundacioncajaruraldelsur.com\/"},{"@type":"ListItem","position":2,"name":"Aquilino Moreno presenta su libro sobre la caza en la Fundaci\u00f3n Caja Rural del Sur en Huelva"}]},{"@type":"WebSite","@id":"https:\/\/fundacioncajaruraldelsur.com\/#website","url":"https:\/\/fundacioncajaruraldelsur.com\/","name":"Funda\u00e7\u00e3o Caja Rural del Sur","description":"","potentialAction":[{"@type":"SearchAction","target":{"@type":"EntryPoint","urlTemplate":"https:\/\/fundacioncajaruraldelsur.com\/?s={search_term_string}"},"query-input":{"@type":"PropertyValueSpecification","valueRequired":true,"valueName":"search_term_string"}}],"inLanguage":"pt-PT"},{"@type":"Person","@id":"https:\/\/fundacioncajaruraldelsur.com\/#\/schema\/person\/f430da9fb783d505ff061ad8b3d44577","name":"Comunicaci\u00f3n","image":{"@type":"ImageObject","inLanguage":"pt-PT","@id":"https:\/\/secure.gravatar.com\/avatar\/0dca239875993680bac4603ad2de7942da018f52cc3a244578e0b3b09314a8d8?s=96&d=blank&r=g","url":"https:\/\/secure.gravatar.com\/avatar\/0dca239875993680bac4603ad2de7942da018f52cc3a244578e0b3b09314a8d8?s=96&d=blank&r=g","contentUrl":"https:\/\/secure.gravatar.com\/avatar\/0dca239875993680bac4603ad2de7942da018f52cc3a244578e0b3b09314a8d8?s=96&d=blank&r=g","caption":"Comunicaci\u00f3n"}}]}},"rttpg_featured_image_url":{"full":["https:\/\/fundacioncajaruraldelsur.com\/wp-content\/uploads\/2024\/01\/Portada-libro-logo-4-scaled.jpg",1774,2560,false],"landscape":["https:\/\/fundacioncajaruraldelsur.com\/wp-content\/uploads\/2024\/01\/Portada-libro-logo-4-scaled.jpg",1774,2560,false],"portraits":["https:\/\/fundacioncajaruraldelsur.com\/wp-content\/uploads\/2024\/01\/Portada-libro-logo-4-scaled.jpg",1774,2560,false],"thumbnail":["https:\/\/fundacioncajaruraldelsur.com\/wp-content\/uploads\/2024\/01\/Portada-libro-logo-4-150x150.jpg",150,150,true],"medium":["https:\/\/fundacioncajaruraldelsur.com\/wp-content\/uploads\/2024\/01\/Portada-libro-logo-4-208x300.jpg",208,300,true],"large":["https:\/\/fundacioncajaruraldelsur.com\/wp-content\/uploads\/2024\/01\/Portada-libro-logo-4-709x1024.jpg",709,1024,true],"1536x1536":["https:\/\/fundacioncajaruraldelsur.com\/wp-content\/uploads\/2024\/01\/Portada-libro-logo-4-1064x1536.jpg",1064,1536,true],"2048x2048":["https:\/\/fundacioncajaruraldelsur.com\/wp-content\/uploads\/2024\/01\/Portada-libro-logo-4-1419x2048.jpg",1419,2048,true],"trp-custom-language-flag":["https:\/\/fundacioncajaruraldelsur.com\/wp-content\/uploads\/2024\/01\/Portada-libro-logo-4-scaled.jpg",8,12,false],"blog-thumbnail":["https:\/\/fundacioncajaruraldelsur.com\/wp-content\/uploads\/2024\/01\/Portada-libro-logo-4-400x200.jpg",400,200,true]},"rttpg_author":{"display_name":"Comunicaci\u00f3n","author_link":"https:\/\/fundacioncajaruraldelsur.com\/pt\/author\/sevillaadmin\/"},"rttpg_comment":0,"rttpg_category":"<a href=\"https:\/\/fundacioncajaruraldelsur.com\/pt\/category\/presentaciones\/\" rel=\"category tag\">Presentaciones<\/a>","rttpg_excerpt":"Se presenta en el Centro Cultural \u2018Jos\u00e9 Luis Garc\u00eda Palacios\u2019 de Fundaci\u00f3n Caja Rural del Sur en Huelva el libro \u2018Buscando libertad sin perder la cara al viento\u2019 del que [&hellip;]","_links":{"self":[{"href":"https:\/\/fundacioncajaruraldelsur.com\/pt\/wp-json\/wp\/v2\/posts\/9584","targetHints":{"allow":["GET"]}}],"collection":[{"href":"https:\/\/fundacioncajaruraldelsur.com\/pt\/wp-json\/wp\/v2\/posts"}],"about":[{"href":"https:\/\/fundacioncajaruraldelsur.com\/pt\/wp-json\/wp\/v2\/types\/post"}],"author":[{"embeddable":true,"href":"https:\/\/fundacioncajaruraldelsur.com\/pt\/wp-json\/wp\/v2\/users\/6"}],"replies":[{"embeddable":true,"href":"https:\/\/fundacioncajaruraldelsur.com\/pt\/wp-json\/wp\/v2\/comments?post=9584"}],"version-history":[{"count":3,"href":"https:\/\/fundacioncajaruraldelsur.com\/pt\/wp-json\/wp\/v2\/posts\/9584\/revisions"}],"predecessor-version":[{"id":9588,"href":"https:\/\/fundacioncajaruraldelsur.com\/pt\/wp-json\/wp\/v2\/posts\/9584\/revisions\/9588"}],"wp:featuredmedia":[{"embeddable":true,"href":"https:\/\/fundacioncajaruraldelsur.com\/pt\/wp-json\/wp\/v2\/media\/9567"}],"wp:attachment":[{"href":"https:\/\/fundacioncajaruraldelsur.com\/pt\/wp-json\/wp\/v2\/media?parent=9584"}],"wp:term":[{"taxonomy":"category","embeddable":true,"href":"https:\/\/fundacioncajaruraldelsur.com\/pt\/wp-json\/wp\/v2\/categories?post=9584"},{"taxonomy":"post_tag","embeddable":true,"href":"https:\/\/fundacioncajaruraldelsur.com\/pt\/wp-json\/wp\/v2\/tags?post=9584"}],"curies":[{"name":"wp","href":"https:\/\/api.w.org\/{rel}","templated":true}]}}