{"id":9558,"date":"2024-01-08T17:50:07","date_gmt":"2024-01-08T16:50:07","guid":{"rendered":"\/?p=9558"},"modified":"2024-01-08T17:57:14","modified_gmt":"2024-01-08T16:57:14","slug":"primer-premio-de-entidades-al-belen-de-la-fundacion-caja-rural-del-sur-de-sevilla","status":"publish","type":"post","link":"https:\/\/fundacioncajaruraldelsur.com\/pt\/primer-premio-de-entidades-al-belen-de-la-fundacion-caja-rural-del-sur-de-sevilla\/","title":{"rendered":"Primer premio de entidades al Bel\u00e9n de la Fundaci\u00f3n Caja Rural del Sur de Sevilla"},"content":{"rendered":"<p>A <strong>Asociaci\u00f3n de Belenistas de Sevilla<\/strong> ha premiado el Bel\u00e9n de Caja Rural del Sur con el <strong>primer premio de belenes en Entidades.<\/strong><\/p>\n<p>El Bel\u00e9n, bautizado como Nacimiento de la Alegr\u00eda, ha sido realizado este a\u00f1o por el belenista\u00a0<strong> Francisco Javier Jim\u00e9nez Rodr\u00edguez,<\/strong> miembro de la Asociaci\u00f3n de Belenistas de Sevilla, para la Universidad CEU Fernando III, la Asociaci\u00f3n Cat\u00f3lica de Propagandistas, COPE Sevilla y la Fundaci\u00f3n Caja Rural del Sur, como instituciones promotoras y quienes colaboran en el mismo cada a\u00f1o.<\/p>\n<p>Numerosas personas han pasado estos d\u00edas por Caja Rural del Sur para visitar este Bel\u00e9n que fue bendecido por el director de Pastoral y Voluntariado de CEU Andaluc\u00eda, P. Leonardo S\u00e1nchez Acevedo, quien expres\u00f3 su deseo de que \u201ctodas las personas que visiten el Bel\u00e9n estos d\u00edas puedan celebrar el nacimiento de Jes\u00fas, ahondando en las ra\u00edces de su fe\u201d.<\/p>\n<p>En representaci\u00f3n de las instituciones promotoras de este acto, estuvieron presentes en el acto de inauguraci\u00f3n del Bel\u00e9n el director de Cope-Sevilla, Joaqu\u00edn L\u00f3pez-S\u00e1ez; el rector de la Universidad CEU Fernando III, Jos\u00e9 Alberto Parejo G\u00e1mir; y el presidente de la Fundaci\u00f3n Caja Rural del Sur, Jos\u00e9 Luis Garc\u00eda-Palacios \u00c1lvarez.<\/p>\n<p><a href=\"\/wp-content\/uploads\/2024\/01\/WhatsApp-Image-2024-01-08-at-17.09.18.jpeg\" rel=\"lightbox-0\"><img loading=\"lazy\" decoding=\"async\" class=\"alignnone wp-image-9560 size-full\" src=\"\/wp-content\/uploads\/2024\/01\/WhatsApp-Image-2024-01-08-at-17.09.18.jpeg\" alt=\"\" width=\"1132\" height=\"1600\" srcset=\"https:\/\/fundacioncajaruraldelsur.com\/wp-content\/uploads\/2024\/01\/WhatsApp-Image-2024-01-08-at-17.09.18.jpeg 1132w, https:\/\/fundacioncajaruraldelsur.com\/wp-content\/uploads\/2024\/01\/WhatsApp-Image-2024-01-08-at-17.09.18-212x300.jpeg 212w, https:\/\/fundacioncajaruraldelsur.com\/wp-content\/uploads\/2024\/01\/WhatsApp-Image-2024-01-08-at-17.09.18-724x1024.jpeg 724w, https:\/\/fundacioncajaruraldelsur.com\/wp-content\/uploads\/2024\/01\/WhatsApp-Image-2024-01-08-at-17.09.18-768x1086.jpeg 768w, https:\/\/fundacioncajaruraldelsur.com\/wp-content\/uploads\/2024\/01\/WhatsApp-Image-2024-01-08-at-17.09.18-1087x1536.jpeg 1087w\" sizes=\"auto, (max-width: 1132px) 100vw, 1132px\" \/><\/a><\/p>","protected":false},"excerpt":{"rendered":"<p>La Asociaci\u00f3n de Belenistas de Sevilla ha premiado el Bel\u00e9n de Caja Rural del Sur con el primer premio de belenes en Entidades. El Bel\u00e9n, bautizado como Nacimiento de la [&hellip;]<\/p>\n","protected":false},"author":6,"featured_media":9559,"comment_status":"closed","ping_status":"closed","sticky":false,"template":"","format":"standard","meta":{"footnotes":""},"categories":[64],"tags":[],"class_list":["post-9558","post","type-post","status-publish","format-standard","has-post-thumbnail","hentry","category-premios"],"yoast_head":"<!-- This site is optimized with the Yoast SEO plugin v27.3 - https:\/\/yoast.com\/product\/yoast-seo-wordpress\/ -->\n<title>Primer premio de entidades al Bel\u00e9n de la Fundaci\u00f3n Caja Rural del Sur de Sevilla - Fundaci\u00f3n Caja Rural del Sur<\/title>\n<meta name=\"robots\" content=\"index, follow, max-snippet:-1, max-image-preview:large, max-video-preview:-1\" \/>\n<link rel=\"canonical\" href=\"https:\/\/fundacioncajaruraldelsur.com\/pt\/primer-premio-de-entidades-al-belen-de-la-fundacion-caja-rural-del-sur-de-sevilla\/\" \/>\n<meta property=\"og:locale\" content=\"pt_PT\" \/>\n<meta property=\"og:type\" content=\"article\" \/>\n<meta property=\"og:title\" content=\"Primer premio de entidades al Bel\u00e9n de la Fundaci\u00f3n Caja Rural del Sur de Sevilla - Fundaci\u00f3n Caja Rural del Sur\" \/>\n<meta property=\"og:description\" content=\"La Asociaci\u00f3n de Belenistas de Sevilla ha premiado el Bel\u00e9n de Caja Rural del Sur con el primer premio de belenes en Entidades. El Bel\u00e9n, bautizado como Nacimiento de la [&hellip;]\" \/>\n<meta property=\"og:url\" content=\"https:\/\/fundacioncajaruraldelsur.com\/pt\/primer-premio-de-entidades-al-belen-de-la-fundacion-caja-rural-del-sur-de-sevilla\/\" \/>\n<meta property=\"og:site_name\" content=\"Fundaci\u00f3n Caja Rural del Sur\" \/>\n<meta property=\"article:published_time\" content=\"2024-01-08T16:50:07+00:00\" \/>\n<meta property=\"article:modified_time\" content=\"2024-01-08T16:57:14+00:00\" \/>\n<meta property=\"og:image\" content=\"https:\/\/fundacioncajaruraldelsur.com\/wp-content\/uploads\/2024\/01\/DSC_3620-002-1200x480-1.jpg\" \/>\n\t<meta property=\"og:image:width\" content=\"1200\" \/>\n\t<meta property=\"og:image:height\" content=\"480\" \/>\n\t<meta property=\"og:image:type\" content=\"image\/jpeg\" \/>\n<meta name=\"author\" content=\"Comunicaci\u00f3n\" \/>\n<meta name=\"twitter:card\" content=\"summary_large_image\" \/>\n<meta name=\"twitter:label1\" content=\"Written by\" \/>\n\t<meta name=\"twitter:data1\" content=\"Comunicaci\u00f3n\" \/>\n\t<meta name=\"twitter:label2\" content=\"Est. reading time\" \/>\n\t<meta name=\"twitter:data2\" content=\"2 minutes\" \/>\n<script type=\"application\/ld+json\" class=\"yoast-schema-graph\">{\"@context\":\"https:\\\/\\\/schema.org\",\"@graph\":[{\"@type\":\"Article\",\"@id\":\"https:\\\/\\\/fundacioncajaruraldelsur.com\\\/primer-premio-de-entidades-al-belen-de-la-fundacion-caja-rural-del-sur-de-sevilla\\\/#article\",\"isPartOf\":{\"@id\":\"https:\\\/\\\/fundacioncajaruraldelsur.com\\\/primer-premio-de-entidades-al-belen-de-la-fundacion-caja-rural-del-sur-de-sevilla\\\/\"},\"author\":{\"name\":\"Comunicaci\u00f3n\",\"@id\":\"https:\\\/\\\/fundacioncajaruraldelsur.com\\\/#\\\/schema\\\/person\\\/f430da9fb783d505ff061ad8b3d44577\"},\"headline\":\"Primer premio de entidades al Bel\u00e9n de la Fundaci\u00f3n Caja Rural del Sur de Sevilla\",\"datePublished\":\"2024-01-08T16:50:07+00:00\",\"dateModified\":\"2024-01-08T16:57:14+00:00\",\"mainEntityOfPage\":{\"@id\":\"https:\\\/\\\/fundacioncajaruraldelsur.com\\\/primer-premio-de-entidades-al-belen-de-la-fundacion-caja-rural-del-sur-de-sevilla\\\/\"},\"wordCount\":238,\"image\":{\"@id\":\"https:\\\/\\\/fundacioncajaruraldelsur.com\\\/primer-premio-de-entidades-al-belen-de-la-fundacion-caja-rural-del-sur-de-sevilla\\\/#primaryimage\"},\"thumbnailUrl\":\"https:\\\/\\\/fundacioncajaruraldelsur.com\\\/wp-content\\\/uploads\\\/2024\\\/01\\\/DSC_3620-002-1200x480-1.jpg\",\"articleSection\":[\"Premios\"],\"inLanguage\":\"pt-PT\"},{\"@type\":\"WebPage\",\"@id\":\"https:\\\/\\\/fundacioncajaruraldelsur.com\\\/primer-premio-de-entidades-al-belen-de-la-fundacion-caja-rural-del-sur-de-sevilla\\\/\",\"url\":\"https:\\\/\\\/fundacioncajaruraldelsur.com\\\/primer-premio-de-entidades-al-belen-de-la-fundacion-caja-rural-del-sur-de-sevilla\\\/\",\"name\":\"Primer premio de entidades al Bel\u00e9n de la Fundaci\u00f3n Caja Rural del Sur de Sevilla - Fundaci\u00f3n Caja Rural del Sur\",\"isPartOf\":{\"@id\":\"https:\\\/\\\/fundacioncajaruraldelsur.com\\\/#website\"},\"primaryImageOfPage\":{\"@id\":\"https:\\\/\\\/fundacioncajaruraldelsur.com\\\/primer-premio-de-entidades-al-belen-de-la-fundacion-caja-rural-del-sur-de-sevilla\\\/#primaryimage\"},\"image\":{\"@id\":\"https:\\\/\\\/fundacioncajaruraldelsur.com\\\/primer-premio-de-entidades-al-belen-de-la-fundacion-caja-rural-del-sur-de-sevilla\\\/#primaryimage\"},\"thumbnailUrl\":\"https:\\\/\\\/fundacioncajaruraldelsur.com\\\/wp-content\\\/uploads\\\/2024\\\/01\\\/DSC_3620-002-1200x480-1.jpg\",\"datePublished\":\"2024-01-08T16:50:07+00:00\",\"dateModified\":\"2024-01-08T16:57:14+00:00\",\"author\":{\"@id\":\"https:\\\/\\\/fundacioncajaruraldelsur.com\\\/#\\\/schema\\\/person\\\/f430da9fb783d505ff061ad8b3d44577\"},\"breadcrumb\":{\"@id\":\"https:\\\/\\\/fundacioncajaruraldelsur.com\\\/primer-premio-de-entidades-al-belen-de-la-fundacion-caja-rural-del-sur-de-sevilla\\\/#breadcrumb\"},\"inLanguage\":\"pt-PT\",\"potentialAction\":[{\"@type\":\"ReadAction\",\"target\":[\"https:\\\/\\\/fundacioncajaruraldelsur.com\\\/primer-premio-de-entidades-al-belen-de-la-fundacion-caja-rural-del-sur-de-sevilla\\\/\"]}]},{\"@type\":\"ImageObject\",\"inLanguage\":\"pt-PT\",\"@id\":\"https:\\\/\\\/fundacioncajaruraldelsur.com\\\/primer-premio-de-entidades-al-belen-de-la-fundacion-caja-rural-del-sur-de-sevilla\\\/#primaryimage\",\"url\":\"https:\\\/\\\/fundacioncajaruraldelsur.com\\\/wp-content\\\/uploads\\\/2024\\\/01\\\/DSC_3620-002-1200x480-1.jpg\",\"contentUrl\":\"https:\\\/\\\/fundacioncajaruraldelsur.com\\\/wp-content\\\/uploads\\\/2024\\\/01\\\/DSC_3620-002-1200x480-1.jpg\",\"width\":1200,\"height\":480},{\"@type\":\"BreadcrumbList\",\"@id\":\"https:\\\/\\\/fundacioncajaruraldelsur.com\\\/primer-premio-de-entidades-al-belen-de-la-fundacion-caja-rural-del-sur-de-sevilla\\\/#breadcrumb\",\"itemListElement\":[{\"@type\":\"ListItem\",\"position\":1,\"name\":\"Portada\",\"item\":\"https:\\\/\\\/fundacioncajaruraldelsur.com\\\/\"},{\"@type\":\"ListItem\",\"position\":2,\"name\":\"Primer premio de entidades al Bel\u00e9n de la Fundaci\u00f3n Caja Rural del Sur de Sevilla\"}]},{\"@type\":\"WebSite\",\"@id\":\"https:\\\/\\\/fundacioncajaruraldelsur.com\\\/#website\",\"url\":\"https:\\\/\\\/fundacioncajaruraldelsur.com\\\/\",\"name\":\"Fundaci\u00f3n Caja Rural del Sur\",\"description\":\"\",\"potentialAction\":[{\"@type\":\"SearchAction\",\"target\":{\"@type\":\"EntryPoint\",\"urlTemplate\":\"https:\\\/\\\/fundacioncajaruraldelsur.com\\\/?s={search_term_string}\"},\"query-input\":{\"@type\":\"PropertyValueSpecification\",\"valueRequired\":true,\"valueName\":\"search_term_string\"}}],\"inLanguage\":\"pt-PT\"},{\"@type\":\"Person\",\"@id\":\"https:\\\/\\\/fundacioncajaruraldelsur.com\\\/#\\\/schema\\\/person\\\/f430da9fb783d505ff061ad8b3d44577\",\"name\":\"Comunicaci\u00f3n\",\"image\":{\"@type\":\"ImageObject\",\"inLanguage\":\"pt-PT\",\"@id\":\"https:\\\/\\\/secure.gravatar.com\\\/avatar\\\/0dca239875993680bac4603ad2de7942da018f52cc3a244578e0b3b09314a8d8?s=96&d=blank&r=g\",\"url\":\"https:\\\/\\\/secure.gravatar.com\\\/avatar\\\/0dca239875993680bac4603ad2de7942da018f52cc3a244578e0b3b09314a8d8?s=96&d=blank&r=g\",\"contentUrl\":\"https:\\\/\\\/secure.gravatar.com\\\/avatar\\\/0dca239875993680bac4603ad2de7942da018f52cc3a244578e0b3b09314a8d8?s=96&d=blank&r=g\",\"caption\":\"Comunicaci\u00f3n\"}}]}<\/script>\n<!-- \/ Yoast SEO plugin. -->","yoast_head_json":{"title":"Primer premio de entidades al Bel\u00e9n de la Fundaci\u00f3n Caja Rural del Sur de Sevilla - Fundaci\u00f3n Caja Rural del Sur","robots":{"index":"index","follow":"follow","max-snippet":"max-snippet:-1","max-image-preview":"max-image-preview:large","max-video-preview":"max-video-preview:-1"},"canonical":"https:\/\/fundacioncajaruraldelsur.com\/pt\/primer-premio-de-entidades-al-belen-de-la-fundacion-caja-rural-del-sur-de-sevilla\/","og_locale":"pt_PT","og_type":"article","og_title":"Primer premio de entidades al Bel\u00e9n de la Fundaci\u00f3n Caja Rural del Sur de Sevilla - Fundaci\u00f3n Caja Rural del Sur","og_description":"La Asociaci\u00f3n de Belenistas de Sevilla ha premiado el Bel\u00e9n de Caja Rural del Sur con el primer premio de belenes en Entidades. El Bel\u00e9n, bautizado como Nacimiento de la [&hellip;]","og_url":"https:\/\/fundacioncajaruraldelsur.com\/pt\/primer-premio-de-entidades-al-belen-de-la-fundacion-caja-rural-del-sur-de-sevilla\/","og_site_name":"Fundaci\u00f3n Caja Rural del Sur","article_published_time":"2024-01-08T16:50:07+00:00","article_modified_time":"2024-01-08T16:57:14+00:00","og_image":[{"width":1200,"height":480,"url":"https:\/\/fundacioncajaruraldelsur.com\/wp-content\/uploads\/2024\/01\/DSC_3620-002-1200x480-1.jpg","type":"image\/jpeg"}],"author":"Comunicaci\u00f3n","twitter_card":"summary_large_image","twitter_misc":{"Written by":"Comunicaci\u00f3n","Est. reading time":"2 minutes"},"schema":{"@context":"https:\/\/schema.org","@graph":[{"@type":"Article","@id":"https:\/\/fundacioncajaruraldelsur.com\/primer-premio-de-entidades-al-belen-de-la-fundacion-caja-rural-del-sur-de-sevilla\/#article","isPartOf":{"@id":"https:\/\/fundacioncajaruraldelsur.com\/primer-premio-de-entidades-al-belen-de-la-fundacion-caja-rural-del-sur-de-sevilla\/"},"author":{"name":"Comunicaci\u00f3n","@id":"https:\/\/fundacioncajaruraldelsur.com\/#\/schema\/person\/f430da9fb783d505ff061ad8b3d44577"},"headline":"Primer premio de entidades al Bel\u00e9n de la Fundaci\u00f3n Caja Rural del Sur de Sevilla","datePublished":"2024-01-08T16:50:07+00:00","dateModified":"2024-01-08T16:57:14+00:00","mainEntityOfPage":{"@id":"https:\/\/fundacioncajaruraldelsur.com\/primer-premio-de-entidades-al-belen-de-la-fundacion-caja-rural-del-sur-de-sevilla\/"},"wordCount":238,"image":{"@id":"https:\/\/fundacioncajaruraldelsur.com\/primer-premio-de-entidades-al-belen-de-la-fundacion-caja-rural-del-sur-de-sevilla\/#primaryimage"},"thumbnailUrl":"https:\/\/fundacioncajaruraldelsur.com\/wp-content\/uploads\/2024\/01\/DSC_3620-002-1200x480-1.jpg","articleSection":["Premios"],"inLanguage":"pt-PT"},{"@type":"WebPage","@id":"https:\/\/fundacioncajaruraldelsur.com\/primer-premio-de-entidades-al-belen-de-la-fundacion-caja-rural-del-sur-de-sevilla\/","url":"https:\/\/fundacioncajaruraldelsur.com\/primer-premio-de-entidades-al-belen-de-la-fundacion-caja-rural-del-sur-de-sevilla\/","name":"Primer premio de entidades al Bel\u00e9n de la Fundaci\u00f3n Caja Rural del Sur de Sevilla - Fundaci\u00f3n Caja Rural del Sur","isPartOf":{"@id":"https:\/\/fundacioncajaruraldelsur.com\/#website"},"primaryImageOfPage":{"@id":"https:\/\/fundacioncajaruraldelsur.com\/primer-premio-de-entidades-al-belen-de-la-fundacion-caja-rural-del-sur-de-sevilla\/#primaryimage"},"image":{"@id":"https:\/\/fundacioncajaruraldelsur.com\/primer-premio-de-entidades-al-belen-de-la-fundacion-caja-rural-del-sur-de-sevilla\/#primaryimage"},"thumbnailUrl":"https:\/\/fundacioncajaruraldelsur.com\/wp-content\/uploads\/2024\/01\/DSC_3620-002-1200x480-1.jpg","datePublished":"2024-01-08T16:50:07+00:00","dateModified":"2024-01-08T16:57:14+00:00","author":{"@id":"https:\/\/fundacioncajaruraldelsur.com\/#\/schema\/person\/f430da9fb783d505ff061ad8b3d44577"},"breadcrumb":{"@id":"https:\/\/fundacioncajaruraldelsur.com\/primer-premio-de-entidades-al-belen-de-la-fundacion-caja-rural-del-sur-de-sevilla\/#breadcrumb"},"inLanguage":"pt-PT","potentialAction":[{"@type":"ReadAction","target":["https:\/\/fundacioncajaruraldelsur.com\/primer-premio-de-entidades-al-belen-de-la-fundacion-caja-rural-del-sur-de-sevilla\/"]}]},{"@type":"ImageObject","inLanguage":"pt-PT","@id":"https:\/\/fundacioncajaruraldelsur.com\/primer-premio-de-entidades-al-belen-de-la-fundacion-caja-rural-del-sur-de-sevilla\/#primaryimage","url":"https:\/\/fundacioncajaruraldelsur.com\/wp-content\/uploads\/2024\/01\/DSC_3620-002-1200x480-1.jpg","contentUrl":"https:\/\/fundacioncajaruraldelsur.com\/wp-content\/uploads\/2024\/01\/DSC_3620-002-1200x480-1.jpg","width":1200,"height":480},{"@type":"BreadcrumbList","@id":"https:\/\/fundacioncajaruraldelsur.com\/primer-premio-de-entidades-al-belen-de-la-fundacion-caja-rural-del-sur-de-sevilla\/#breadcrumb","itemListElement":[{"@type":"ListItem","position":1,"name":"Portada","item":"https:\/\/fundacioncajaruraldelsur.com\/"},{"@type":"ListItem","position":2,"name":"Primer premio de entidades al Bel\u00e9n de la Fundaci\u00f3n Caja Rural del Sur de Sevilla"}]},{"@type":"WebSite","@id":"https:\/\/fundacioncajaruraldelsur.com\/#website","url":"https:\/\/fundacioncajaruraldelsur.com\/","name":"Funda\u00e7\u00e3o Caja Rural del Sur","description":"","potentialAction":[{"@type":"SearchAction","target":{"@type":"EntryPoint","urlTemplate":"https:\/\/fundacioncajaruraldelsur.com\/?s={search_term_string}"},"query-input":{"@type":"PropertyValueSpecification","valueRequired":true,"valueName":"search_term_string"}}],"inLanguage":"pt-PT"},{"@type":"Person","@id":"https:\/\/fundacioncajaruraldelsur.com\/#\/schema\/person\/f430da9fb783d505ff061ad8b3d44577","name":"Comunicaci\u00f3n","image":{"@type":"ImageObject","inLanguage":"pt-PT","@id":"https:\/\/secure.gravatar.com\/avatar\/0dca239875993680bac4603ad2de7942da018f52cc3a244578e0b3b09314a8d8?s=96&d=blank&r=g","url":"https:\/\/secure.gravatar.com\/avatar\/0dca239875993680bac4603ad2de7942da018f52cc3a244578e0b3b09314a8d8?s=96&d=blank&r=g","contentUrl":"https:\/\/secure.gravatar.com\/avatar\/0dca239875993680bac4603ad2de7942da018f52cc3a244578e0b3b09314a8d8?s=96&d=blank&r=g","caption":"Comunicaci\u00f3n"}}]}},"rttpg_featured_image_url":{"full":["https:\/\/fundacioncajaruraldelsur.com\/wp-content\/uploads\/2024\/01\/DSC_3620-002-1200x480-1.jpg",1200,480,false],"landscape":["https:\/\/fundacioncajaruraldelsur.com\/wp-content\/uploads\/2024\/01\/DSC_3620-002-1200x480-1.jpg",1200,480,false],"portraits":["https:\/\/fundacioncajaruraldelsur.com\/wp-content\/uploads\/2024\/01\/DSC_3620-002-1200x480-1.jpg",1200,480,false],"thumbnail":["https:\/\/fundacioncajaruraldelsur.com\/wp-content\/uploads\/2024\/01\/DSC_3620-002-1200x480-1-150x150.jpg",150,150,true],"medium":["https:\/\/fundacioncajaruraldelsur.com\/wp-content\/uploads\/2024\/01\/DSC_3620-002-1200x480-1-300x120.jpg",300,120,true],"large":["https:\/\/fundacioncajaruraldelsur.com\/wp-content\/uploads\/2024\/01\/DSC_3620-002-1200x480-1-1024x410.jpg",960,384,true],"1536x1536":["https:\/\/fundacioncajaruraldelsur.com\/wp-content\/uploads\/2024\/01\/DSC_3620-002-1200x480-1.jpg",1200,480,false],"2048x2048":["https:\/\/fundacioncajaruraldelsur.com\/wp-content\/uploads\/2024\/01\/DSC_3620-002-1200x480-1.jpg",1200,480,false],"trp-custom-language-flag":["https:\/\/fundacioncajaruraldelsur.com\/wp-content\/uploads\/2024\/01\/DSC_3620-002-1200x480-1.jpg",18,7,false],"blog-thumbnail":["https:\/\/fundacioncajaruraldelsur.com\/wp-content\/uploads\/2024\/01\/DSC_3620-002-1200x480-1-400x200.jpg",400,200,true]},"rttpg_author":{"display_name":"Comunicaci\u00f3n","author_link":"https:\/\/fundacioncajaruraldelsur.com\/pt\/author\/sevillaadmin\/"},"rttpg_comment":0,"rttpg_category":"<a href=\"https:\/\/fundacioncajaruraldelsur.com\/pt\/category\/premios\/\" rel=\"category tag\">Premios<\/a>","rttpg_excerpt":"La Asociaci\u00f3n de Belenistas de Sevilla ha premiado el Bel\u00e9n de Caja Rural del Sur con el primer premio de belenes en Entidades. El Bel\u00e9n, bautizado como Nacimiento de la [&hellip;]","_links":{"self":[{"href":"https:\/\/fundacioncajaruraldelsur.com\/pt\/wp-json\/wp\/v2\/posts\/9558","targetHints":{"allow":["GET"]}}],"collection":[{"href":"https:\/\/fundacioncajaruraldelsur.com\/pt\/wp-json\/wp\/v2\/posts"}],"about":[{"href":"https:\/\/fundacioncajaruraldelsur.com\/pt\/wp-json\/wp\/v2\/types\/post"}],"author":[{"embeddable":true,"href":"https:\/\/fundacioncajaruraldelsur.com\/pt\/wp-json\/wp\/v2\/users\/6"}],"replies":[{"embeddable":true,"href":"https:\/\/fundacioncajaruraldelsur.com\/pt\/wp-json\/wp\/v2\/comments?post=9558"}],"version-history":[{"count":4,"href":"https:\/\/fundacioncajaruraldelsur.com\/pt\/wp-json\/wp\/v2\/posts\/9558\/revisions"}],"predecessor-version":[{"id":9564,"href":"https:\/\/fundacioncajaruraldelsur.com\/pt\/wp-json\/wp\/v2\/posts\/9558\/revisions\/9564"}],"wp:featuredmedia":[{"embeddable":true,"href":"https:\/\/fundacioncajaruraldelsur.com\/pt\/wp-json\/wp\/v2\/media\/9559"}],"wp:attachment":[{"href":"https:\/\/fundacioncajaruraldelsur.com\/pt\/wp-json\/wp\/v2\/media?parent=9558"}],"wp:term":[{"taxonomy":"category","embeddable":true,"href":"https:\/\/fundacioncajaruraldelsur.com\/pt\/wp-json\/wp\/v2\/categories?post=9558"},{"taxonomy":"post_tag","embeddable":true,"href":"https:\/\/fundacioncajaruraldelsur.com\/pt\/wp-json\/wp\/v2\/tags?post=9558"}],"curies":[{"name":"wp","href":"https:\/\/api.w.org\/{rel}","templated":true}]}}