{"id":9549,"date":"2023-12-29T09:30:05","date_gmt":"2023-12-29T08:30:05","guid":{"rendered":"\/?p=9549"},"modified":"2023-12-29T09:34:43","modified_gmt":"2023-12-29T08:34:43","slug":"se-celebra-la-xxiii-edicion-de-palabras-para-la-navidad-de-radio-sevilla","status":"publish","type":"post","link":"https:\/\/fundacioncajaruraldelsur.com\/pt\/se-celebra-la-xxiii-edicion-de-palabras-para-la-navidad-de-radio-sevilla\/","title":{"rendered":"Se celebra la XXIII edici\u00f3n de Palabras para la Navidad de Radio Sevilla"},"content":{"rendered":"<p>Este jueves 28 de diciembre se han entregado los premios de la <strong>XXIII edici\u00f3n del Concurso de Cuentos Navide\u00f1os Infantiles de Radio Sevilla &#8216;Palabras para la Navidad<\/strong>&#8216;, en el sal\u00f3n de actos de la Fundaci\u00f3n Caja Rural del Sur durante la emisi\u00f3n de una edici\u00f3n especial del programa Hoy por Hoy Sevilla.<\/p>\n<p>Como anfitri\u00f3n de esta especial jornada, contamos con la presencia de <strong>Manuel Ruiz Rojas, director de la Fundaci\u00f3n Caja Rural del Sur<\/strong>. La entidad premia a los ni\u00f1os y ni\u00f1as ganadores en su af\u00e1n de fomentar la lectura y la escritura de los m\u00e1s peque\u00f1os.<\/p>\n<p>Como cada a\u00f1o, la redacci\u00f3n de Radio Sevilla se ha implicado en la lectura de tantos cuentos como llegan a lo largo de este mes de diciembre, aunque el jurado absoluto, -quien elige definitivamente a los cuatro ganadores-, es nuestro Premio Nacional de Literatura por &#8216;Cuentos al amor de la lumbre&#8217; y Premio Nacional de Literatura Infantil en 2005, Antonio Rodr\u00edguez Almod\u00f3var.<\/p>\n<p><strong>Los premiados<\/strong><\/p>\n<p><strong>El tercer premio<\/strong> se lo ha llevado <b>Florencia Pezzoli Guti\u00e9rrez,<\/b>\u00a0de 12 a\u00f1os, alumna del IES Pablo Picasso. Su cuento se llama \u201cEl mejor regalo eres t\u00fa\u201d, le\u00eddo en esta ocasi\u00f3n por<b>\u00a0Vanesa Mu\u00f1oz,<\/b>\u00a0presidenta de la Comisi\u00f3n de Igualad de la CES y de la Asociaci\u00f3n de Empresarias Sevillanas, adem\u00e1s de tener su propia empresa Hispaba\u00f1o y ser madre de tres hijos.<\/p>\n<p><strong>El segundo premio<\/strong> ha sido para\u00a0<b>Vera Trigueros<\/b>, de 11 a\u00f1os, del colegio M\u00aa Auxiliadora de Nervi\u00f3n, est\u00e1 cursando sexto curso. Ha ganado con el cuento \u00abUna intuici\u00f3n acertada\u00bb y lo ha le\u00eddo<b>\u00a0Adela Mu\u00f1oz<\/b>, catedr\u00e1tica de Qu\u00edmica inorg\u00e1nica de la Universidad de Sevilla. Se da la circunstancia de que la bisabuela de Vera, Rosario, estudi\u00f3 Qu\u00edmica, y fue profesora en los colegios de las Salesianas y las Teresianas, adem\u00e1s de ser mam\u00e1 de 6 ni\u00f1os&#8230;<\/p>\n<p><strong>El Primer premio ha sido para<\/strong>\u00a0<b>Eduardo Garc\u00eda<\/b>, del colegio Maestro Jos\u00e9 Fuentes de Sevilla, de 9 a\u00f1os. Ha ganado con el cuento \u00abPap\u00e1 Noel debe comer menos\u00bb, cuya lectura ha corrido por parte del doctor\u00a0<b>Fernando Fabiani<\/b>, divulgador en todo lo que tenga que ver con la medicina y colaborador habitual en Hoy por Hoy Sevilla.<\/p>\n<p>Por \u00faltimo, el acc\u00e9sit ha sido para\u00a0<b>Nicol\u00e1s \u00c1vila Gordo<\/b>, del colegio Nuestra Se\u00f1ora de los Reyes (SAFA), tiene 6 a\u00f1os, el 4 de enero cumple los 7. Est\u00e1 en 1\u00ba curso. Su cuento \u00abLl\u00e9vame a las estrellas\u00bb, lo ha le\u00eddo\u00a0<b>Manu S\u00e1nchez<\/b>, quien ha venido acompa\u00f1ado con toda la familia y ha empezado a leer el cuento con su hijo Manuel.<\/p>\n<p><a href=\"https:\/\/cadenaser.com\/andalucia\/2023\/12\/28\/eduardo-garcia-vera-trigueros-florencia-pezzoli-y-nicolas-avila-ganadores-de-la-xxiii-edicion-de-palabras-para-la-navidad-radio-sevilla\/\">M\u00e1s informaci\u00f3n.\u00a0\u00a0<\/a><\/p>\n<p><a href=\"\/wp-content\/uploads\/2023\/12\/villancicos-2.jpg\" rel=\"lightbox-0\"><img loading=\"lazy\" decoding=\"async\" class=\"wp-image-9553 size-full aligncenter\" src=\"\/wp-content\/uploads\/2023\/12\/villancicos-2.jpg\" alt=\"\" width=\"767\" height=\"499\" srcset=\"https:\/\/fundacioncajaruraldelsur.com\/wp-content\/uploads\/2023\/12\/villancicos-2.jpg 767w, https:\/\/fundacioncajaruraldelsur.com\/wp-content\/uploads\/2023\/12\/villancicos-2-300x195.jpg 300w\" sizes=\"auto, (max-width: 767px) 100vw, 767px\" \/><\/a><\/p>","protected":false},"excerpt":{"rendered":"<p>Este jueves 28 de diciembre se han entregado los premios de la XXIII edici\u00f3n del Concurso de Cuentos Navide\u00f1os Infantiles de Radio Sevilla &#8216;Palabras para la Navidad&#8216;, en el sal\u00f3n [&hellip;]<\/p>\n","protected":false},"author":6,"featured_media":9550,"comment_status":"closed","ping_status":"closed","sticky":false,"template":"","format":"standard","meta":{"footnotes":""},"categories":[64],"tags":[],"class_list":["post-9549","post","type-post","status-publish","format-standard","has-post-thumbnail","hentry","category-premios"],"yoast_head":"<!-- This site is optimized with the Yoast SEO plugin v27.3 - https:\/\/yoast.com\/product\/yoast-seo-wordpress\/ -->\n<title>Se celebra la XXIII edici\u00f3n de Palabras para la Navidad de Radio Sevilla - Fundaci\u00f3n Caja Rural del Sur<\/title>\n<meta name=\"robots\" content=\"index, follow, max-snippet:-1, max-image-preview:large, max-video-preview:-1\" \/>\n<link rel=\"canonical\" href=\"https:\/\/fundacioncajaruraldelsur.com\/pt\/se-celebra-la-xxiii-edicion-de-palabras-para-la-navidad-de-radio-sevilla\/\" \/>\n<meta property=\"og:locale\" content=\"pt_PT\" \/>\n<meta property=\"og:type\" content=\"article\" \/>\n<meta property=\"og:title\" content=\"Se celebra la XXIII edici\u00f3n de Palabras para la Navidad de Radio Sevilla - Fundaci\u00f3n Caja Rural del Sur\" \/>\n<meta property=\"og:description\" content=\"Este jueves 28 de diciembre se han entregado los premios de la XXIII edici\u00f3n del Concurso de Cuentos Navide\u00f1os Infantiles de Radio Sevilla &#8216;Palabras para la Navidad&#8216;, en el sal\u00f3n [&hellip;]\" \/>\n<meta property=\"og:url\" content=\"https:\/\/fundacioncajaruraldelsur.com\/pt\/se-celebra-la-xxiii-edicion-de-palabras-para-la-navidad-de-radio-sevilla\/\" \/>\n<meta property=\"og:site_name\" content=\"Fundaci\u00f3n Caja Rural del Sur\" \/>\n<meta property=\"article:published_time\" content=\"2023-12-29T08:30:05+00:00\" \/>\n<meta property=\"article:modified_time\" content=\"2023-12-29T08:34:43+00:00\" \/>\n<meta property=\"og:image\" content=\"https:\/\/fundacioncajaruraldelsur.com\/wp-content\/uploads\/2023\/12\/villancicos.jpg\" \/>\n\t<meta property=\"og:image:width\" content=\"647\" \/>\n\t<meta property=\"og:image:height\" content=\"365\" \/>\n\t<meta property=\"og:image:type\" content=\"image\/jpeg\" \/>\n<meta name=\"author\" content=\"Comunicaci\u00f3n\" \/>\n<meta name=\"twitter:card\" content=\"summary_large_image\" \/>\n<meta name=\"twitter:label1\" content=\"Written by\" \/>\n\t<meta name=\"twitter:data1\" content=\"Comunicaci\u00f3n\" \/>\n\t<meta name=\"twitter:label2\" content=\"Est. reading time\" \/>\n\t<meta name=\"twitter:data2\" content=\"3 minutes\" \/>\n<script type=\"application\/ld+json\" class=\"yoast-schema-graph\">{\"@context\":\"https:\\\/\\\/schema.org\",\"@graph\":[{\"@type\":\"Article\",\"@id\":\"https:\\\/\\\/fundacioncajaruraldelsur.com\\\/se-celebra-la-xxiii-edicion-de-palabras-para-la-navidad-de-radio-sevilla\\\/#article\",\"isPartOf\":{\"@id\":\"https:\\\/\\\/fundacioncajaruraldelsur.com\\\/se-celebra-la-xxiii-edicion-de-palabras-para-la-navidad-de-radio-sevilla\\\/\"},\"author\":{\"name\":\"Comunicaci\u00f3n\",\"@id\":\"https:\\\/\\\/fundacioncajaruraldelsur.com\\\/#\\\/schema\\\/person\\\/f430da9fb783d505ff061ad8b3d44577\"},\"headline\":\"Se celebra la XXIII edici\u00f3n de Palabras para la Navidad de Radio Sevilla\",\"datePublished\":\"2023-12-29T08:30:05+00:00\",\"dateModified\":\"2023-12-29T08:34:43+00:00\",\"mainEntityOfPage\":{\"@id\":\"https:\\\/\\\/fundacioncajaruraldelsur.com\\\/se-celebra-la-xxiii-edicion-de-palabras-para-la-navidad-de-radio-sevilla\\\/\"},\"wordCount\":474,\"image\":{\"@id\":\"https:\\\/\\\/fundacioncajaruraldelsur.com\\\/se-celebra-la-xxiii-edicion-de-palabras-para-la-navidad-de-radio-sevilla\\\/#primaryimage\"},\"thumbnailUrl\":\"https:\\\/\\\/fundacioncajaruraldelsur.com\\\/wp-content\\\/uploads\\\/2023\\\/12\\\/villancicos.jpg\",\"articleSection\":[\"Premios\"],\"inLanguage\":\"pt-PT\"},{\"@type\":\"WebPage\",\"@id\":\"https:\\\/\\\/fundacioncajaruraldelsur.com\\\/se-celebra-la-xxiii-edicion-de-palabras-para-la-navidad-de-radio-sevilla\\\/\",\"url\":\"https:\\\/\\\/fundacioncajaruraldelsur.com\\\/se-celebra-la-xxiii-edicion-de-palabras-para-la-navidad-de-radio-sevilla\\\/\",\"name\":\"Se celebra la XXIII edici\u00f3n de Palabras para la Navidad de Radio Sevilla - Fundaci\u00f3n Caja Rural del Sur\",\"isPartOf\":{\"@id\":\"https:\\\/\\\/fundacioncajaruraldelsur.com\\\/#website\"},\"primaryImageOfPage\":{\"@id\":\"https:\\\/\\\/fundacioncajaruraldelsur.com\\\/se-celebra-la-xxiii-edicion-de-palabras-para-la-navidad-de-radio-sevilla\\\/#primaryimage\"},\"image\":{\"@id\":\"https:\\\/\\\/fundacioncajaruraldelsur.com\\\/se-celebra-la-xxiii-edicion-de-palabras-para-la-navidad-de-radio-sevilla\\\/#primaryimage\"},\"thumbnailUrl\":\"https:\\\/\\\/fundacioncajaruraldelsur.com\\\/wp-content\\\/uploads\\\/2023\\\/12\\\/villancicos.jpg\",\"datePublished\":\"2023-12-29T08:30:05+00:00\",\"dateModified\":\"2023-12-29T08:34:43+00:00\",\"author\":{\"@id\":\"https:\\\/\\\/fundacioncajaruraldelsur.com\\\/#\\\/schema\\\/person\\\/f430da9fb783d505ff061ad8b3d44577\"},\"breadcrumb\":{\"@id\":\"https:\\\/\\\/fundacioncajaruraldelsur.com\\\/se-celebra-la-xxiii-edicion-de-palabras-para-la-navidad-de-radio-sevilla\\\/#breadcrumb\"},\"inLanguage\":\"pt-PT\",\"potentialAction\":[{\"@type\":\"ReadAction\",\"target\":[\"https:\\\/\\\/fundacioncajaruraldelsur.com\\\/se-celebra-la-xxiii-edicion-de-palabras-para-la-navidad-de-radio-sevilla\\\/\"]}]},{\"@type\":\"ImageObject\",\"inLanguage\":\"pt-PT\",\"@id\":\"https:\\\/\\\/fundacioncajaruraldelsur.com\\\/se-celebra-la-xxiii-edicion-de-palabras-para-la-navidad-de-radio-sevilla\\\/#primaryimage\",\"url\":\"https:\\\/\\\/fundacioncajaruraldelsur.com\\\/wp-content\\\/uploads\\\/2023\\\/12\\\/villancicos.jpg\",\"contentUrl\":\"https:\\\/\\\/fundacioncajaruraldelsur.com\\\/wp-content\\\/uploads\\\/2023\\\/12\\\/villancicos.jpg\",\"width\":647,\"height\":365},{\"@type\":\"BreadcrumbList\",\"@id\":\"https:\\\/\\\/fundacioncajaruraldelsur.com\\\/se-celebra-la-xxiii-edicion-de-palabras-para-la-navidad-de-radio-sevilla\\\/#breadcrumb\",\"itemListElement\":[{\"@type\":\"ListItem\",\"position\":1,\"name\":\"Portada\",\"item\":\"https:\\\/\\\/fundacioncajaruraldelsur.com\\\/\"},{\"@type\":\"ListItem\",\"position\":2,\"name\":\"Se celebra la XXIII edici\u00f3n de Palabras para la Navidad de Radio Sevilla\"}]},{\"@type\":\"WebSite\",\"@id\":\"https:\\\/\\\/fundacioncajaruraldelsur.com\\\/#website\",\"url\":\"https:\\\/\\\/fundacioncajaruraldelsur.com\\\/\",\"name\":\"Fundaci\u00f3n Caja Rural del Sur\",\"description\":\"\",\"potentialAction\":[{\"@type\":\"SearchAction\",\"target\":{\"@type\":\"EntryPoint\",\"urlTemplate\":\"https:\\\/\\\/fundacioncajaruraldelsur.com\\\/?s={search_term_string}\"},\"query-input\":{\"@type\":\"PropertyValueSpecification\",\"valueRequired\":true,\"valueName\":\"search_term_string\"}}],\"inLanguage\":\"pt-PT\"},{\"@type\":\"Person\",\"@id\":\"https:\\\/\\\/fundacioncajaruraldelsur.com\\\/#\\\/schema\\\/person\\\/f430da9fb783d505ff061ad8b3d44577\",\"name\":\"Comunicaci\u00f3n\",\"image\":{\"@type\":\"ImageObject\",\"inLanguage\":\"pt-PT\",\"@id\":\"https:\\\/\\\/secure.gravatar.com\\\/avatar\\\/0dca239875993680bac4603ad2de7942da018f52cc3a244578e0b3b09314a8d8?s=96&d=blank&r=g\",\"url\":\"https:\\\/\\\/secure.gravatar.com\\\/avatar\\\/0dca239875993680bac4603ad2de7942da018f52cc3a244578e0b3b09314a8d8?s=96&d=blank&r=g\",\"contentUrl\":\"https:\\\/\\\/secure.gravatar.com\\\/avatar\\\/0dca239875993680bac4603ad2de7942da018f52cc3a244578e0b3b09314a8d8?s=96&d=blank&r=g\",\"caption\":\"Comunicaci\u00f3n\"}}]}<\/script>\n<!-- \/ Yoast SEO plugin. -->","yoast_head_json":{"title":"Se celebra la XXIII edici\u00f3n de Palabras para la Navidad de Radio Sevilla - Fundaci\u00f3n Caja Rural del Sur","robots":{"index":"index","follow":"follow","max-snippet":"max-snippet:-1","max-image-preview":"max-image-preview:large","max-video-preview":"max-video-preview:-1"},"canonical":"https:\/\/fundacioncajaruraldelsur.com\/pt\/se-celebra-la-xxiii-edicion-de-palabras-para-la-navidad-de-radio-sevilla\/","og_locale":"pt_PT","og_type":"article","og_title":"Se celebra la XXIII edici\u00f3n de Palabras para la Navidad de Radio Sevilla - Fundaci\u00f3n Caja Rural del Sur","og_description":"Este jueves 28 de diciembre se han entregado los premios de la XXIII edici\u00f3n del Concurso de Cuentos Navide\u00f1os Infantiles de Radio Sevilla &#8216;Palabras para la Navidad&#8216;, en el sal\u00f3n [&hellip;]","og_url":"https:\/\/fundacioncajaruraldelsur.com\/pt\/se-celebra-la-xxiii-edicion-de-palabras-para-la-navidad-de-radio-sevilla\/","og_site_name":"Fundaci\u00f3n Caja Rural del Sur","article_published_time":"2023-12-29T08:30:05+00:00","article_modified_time":"2023-12-29T08:34:43+00:00","og_image":[{"width":647,"height":365,"url":"https:\/\/fundacioncajaruraldelsur.com\/wp-content\/uploads\/2023\/12\/villancicos.jpg","type":"image\/jpeg"}],"author":"Comunicaci\u00f3n","twitter_card":"summary_large_image","twitter_misc":{"Written by":"Comunicaci\u00f3n","Est. reading time":"3 minutes"},"schema":{"@context":"https:\/\/schema.org","@graph":[{"@type":"Article","@id":"https:\/\/fundacioncajaruraldelsur.com\/se-celebra-la-xxiii-edicion-de-palabras-para-la-navidad-de-radio-sevilla\/#article","isPartOf":{"@id":"https:\/\/fundacioncajaruraldelsur.com\/se-celebra-la-xxiii-edicion-de-palabras-para-la-navidad-de-radio-sevilla\/"},"author":{"name":"Comunicaci\u00f3n","@id":"https:\/\/fundacioncajaruraldelsur.com\/#\/schema\/person\/f430da9fb783d505ff061ad8b3d44577"},"headline":"Se celebra la XXIII edici\u00f3n de Palabras para la Navidad de Radio Sevilla","datePublished":"2023-12-29T08:30:05+00:00","dateModified":"2023-12-29T08:34:43+00:00","mainEntityOfPage":{"@id":"https:\/\/fundacioncajaruraldelsur.com\/se-celebra-la-xxiii-edicion-de-palabras-para-la-navidad-de-radio-sevilla\/"},"wordCount":474,"image":{"@id":"https:\/\/fundacioncajaruraldelsur.com\/se-celebra-la-xxiii-edicion-de-palabras-para-la-navidad-de-radio-sevilla\/#primaryimage"},"thumbnailUrl":"https:\/\/fundacioncajaruraldelsur.com\/wp-content\/uploads\/2023\/12\/villancicos.jpg","articleSection":["Premios"],"inLanguage":"pt-PT"},{"@type":"WebPage","@id":"https:\/\/fundacioncajaruraldelsur.com\/se-celebra-la-xxiii-edicion-de-palabras-para-la-navidad-de-radio-sevilla\/","url":"https:\/\/fundacioncajaruraldelsur.com\/se-celebra-la-xxiii-edicion-de-palabras-para-la-navidad-de-radio-sevilla\/","name":"Se celebra la XXIII edici\u00f3n de Palabras para la Navidad de Radio Sevilla - Fundaci\u00f3n Caja Rural del Sur","isPartOf":{"@id":"https:\/\/fundacioncajaruraldelsur.com\/#website"},"primaryImageOfPage":{"@id":"https:\/\/fundacioncajaruraldelsur.com\/se-celebra-la-xxiii-edicion-de-palabras-para-la-navidad-de-radio-sevilla\/#primaryimage"},"image":{"@id":"https:\/\/fundacioncajaruraldelsur.com\/se-celebra-la-xxiii-edicion-de-palabras-para-la-navidad-de-radio-sevilla\/#primaryimage"},"thumbnailUrl":"https:\/\/fundacioncajaruraldelsur.com\/wp-content\/uploads\/2023\/12\/villancicos.jpg","datePublished":"2023-12-29T08:30:05+00:00","dateModified":"2023-12-29T08:34:43+00:00","author":{"@id":"https:\/\/fundacioncajaruraldelsur.com\/#\/schema\/person\/f430da9fb783d505ff061ad8b3d44577"},"breadcrumb":{"@id":"https:\/\/fundacioncajaruraldelsur.com\/se-celebra-la-xxiii-edicion-de-palabras-para-la-navidad-de-radio-sevilla\/#breadcrumb"},"inLanguage":"pt-PT","potentialAction":[{"@type":"ReadAction","target":["https:\/\/fundacioncajaruraldelsur.com\/se-celebra-la-xxiii-edicion-de-palabras-para-la-navidad-de-radio-sevilla\/"]}]},{"@type":"ImageObject","inLanguage":"pt-PT","@id":"https:\/\/fundacioncajaruraldelsur.com\/se-celebra-la-xxiii-edicion-de-palabras-para-la-navidad-de-radio-sevilla\/#primaryimage","url":"https:\/\/fundacioncajaruraldelsur.com\/wp-content\/uploads\/2023\/12\/villancicos.jpg","contentUrl":"https:\/\/fundacioncajaruraldelsur.com\/wp-content\/uploads\/2023\/12\/villancicos.jpg","width":647,"height":365},{"@type":"BreadcrumbList","@id":"https:\/\/fundacioncajaruraldelsur.com\/se-celebra-la-xxiii-edicion-de-palabras-para-la-navidad-de-radio-sevilla\/#breadcrumb","itemListElement":[{"@type":"ListItem","position":1,"name":"Portada","item":"https:\/\/fundacioncajaruraldelsur.com\/"},{"@type":"ListItem","position":2,"name":"Se celebra la XXIII edici\u00f3n de Palabras para la Navidad de Radio Sevilla"}]},{"@type":"WebSite","@id":"https:\/\/fundacioncajaruraldelsur.com\/#website","url":"https:\/\/fundacioncajaruraldelsur.com\/","name":"Funda\u00e7\u00e3o Caja Rural del Sur","description":"","potentialAction":[{"@type":"SearchAction","target":{"@type":"EntryPoint","urlTemplate":"https:\/\/fundacioncajaruraldelsur.com\/?s={search_term_string}"},"query-input":{"@type":"PropertyValueSpecification","valueRequired":true,"valueName":"search_term_string"}}],"inLanguage":"pt-PT"},{"@type":"Person","@id":"https:\/\/fundacioncajaruraldelsur.com\/#\/schema\/person\/f430da9fb783d505ff061ad8b3d44577","name":"Comunicaci\u00f3n","image":{"@type":"ImageObject","inLanguage":"pt-PT","@id":"https:\/\/secure.gravatar.com\/avatar\/0dca239875993680bac4603ad2de7942da018f52cc3a244578e0b3b09314a8d8?s=96&d=blank&r=g","url":"https:\/\/secure.gravatar.com\/avatar\/0dca239875993680bac4603ad2de7942da018f52cc3a244578e0b3b09314a8d8?s=96&d=blank&r=g","contentUrl":"https:\/\/secure.gravatar.com\/avatar\/0dca239875993680bac4603ad2de7942da018f52cc3a244578e0b3b09314a8d8?s=96&d=blank&r=g","caption":"Comunicaci\u00f3n"}}]}},"rttpg_featured_image_url":{"full":["https:\/\/fundacioncajaruraldelsur.com\/wp-content\/uploads\/2023\/12\/villancicos.jpg",647,365,false],"landscape":["https:\/\/fundacioncajaruraldelsur.com\/wp-content\/uploads\/2023\/12\/villancicos.jpg",647,365,false],"portraits":["https:\/\/fundacioncajaruraldelsur.com\/wp-content\/uploads\/2023\/12\/villancicos.jpg",647,365,false],"thumbnail":["https:\/\/fundacioncajaruraldelsur.com\/wp-content\/uploads\/2023\/12\/villancicos-150x150.jpg",150,150,true],"medium":["https:\/\/fundacioncajaruraldelsur.com\/wp-content\/uploads\/2023\/12\/villancicos-300x169.jpg",300,169,true],"large":["https:\/\/fundacioncajaruraldelsur.com\/wp-content\/uploads\/2023\/12\/villancicos.jpg",647,365,false],"1536x1536":["https:\/\/fundacioncajaruraldelsur.com\/wp-content\/uploads\/2023\/12\/villancicos.jpg",647,365,false],"2048x2048":["https:\/\/fundacioncajaruraldelsur.com\/wp-content\/uploads\/2023\/12\/villancicos.jpg",647,365,false],"trp-custom-language-flag":["https:\/\/fundacioncajaruraldelsur.com\/wp-content\/uploads\/2023\/12\/villancicos.jpg",18,10,false],"blog-thumbnail":["https:\/\/fundacioncajaruraldelsur.com\/wp-content\/uploads\/2023\/12\/villancicos-400x200.jpg",400,200,true]},"rttpg_author":{"display_name":"Comunicaci\u00f3n","author_link":"https:\/\/fundacioncajaruraldelsur.com\/pt\/author\/sevillaadmin\/"},"rttpg_comment":0,"rttpg_category":"<a href=\"https:\/\/fundacioncajaruraldelsur.com\/pt\/category\/premios\/\" rel=\"category tag\">Premios<\/a>","rttpg_excerpt":"Este jueves 28 de diciembre se han entregado los premios de la XXIII edici\u00f3n del Concurso de Cuentos Navide\u00f1os Infantiles de Radio Sevilla &#8216;Palabras para la Navidad&#8216;, en el sal\u00f3n [&hellip;]","_links":{"self":[{"href":"https:\/\/fundacioncajaruraldelsur.com\/pt\/wp-json\/wp\/v2\/posts\/9549","targetHints":{"allow":["GET"]}}],"collection":[{"href":"https:\/\/fundacioncajaruraldelsur.com\/pt\/wp-json\/wp\/v2\/posts"}],"about":[{"href":"https:\/\/fundacioncajaruraldelsur.com\/pt\/wp-json\/wp\/v2\/types\/post"}],"author":[{"embeddable":true,"href":"https:\/\/fundacioncajaruraldelsur.com\/pt\/wp-json\/wp\/v2\/users\/6"}],"replies":[{"embeddable":true,"href":"https:\/\/fundacioncajaruraldelsur.com\/pt\/wp-json\/wp\/v2\/comments?post=9549"}],"version-history":[{"count":3,"href":"https:\/\/fundacioncajaruraldelsur.com\/pt\/wp-json\/wp\/v2\/posts\/9549\/revisions"}],"predecessor-version":[{"id":9555,"href":"https:\/\/fundacioncajaruraldelsur.com\/pt\/wp-json\/wp\/v2\/posts\/9549\/revisions\/9555"}],"wp:featuredmedia":[{"embeddable":true,"href":"https:\/\/fundacioncajaruraldelsur.com\/pt\/wp-json\/wp\/v2\/media\/9550"}],"wp:attachment":[{"href":"https:\/\/fundacioncajaruraldelsur.com\/pt\/wp-json\/wp\/v2\/media?parent=9549"}],"wp:term":[{"taxonomy":"category","embeddable":true,"href":"https:\/\/fundacioncajaruraldelsur.com\/pt\/wp-json\/wp\/v2\/categories?post=9549"},{"taxonomy":"post_tag","embeddable":true,"href":"https:\/\/fundacioncajaruraldelsur.com\/pt\/wp-json\/wp\/v2\/tags?post=9549"}],"curies":[{"name":"wp","href":"https:\/\/api.w.org\/{rel}","templated":true}]}}