{"id":9545,"date":"2023-12-27T13:30:29","date_gmt":"2023-12-27T12:30:29","guid":{"rendered":"\/?p=9545"},"modified":"2023-12-27T13:30:29","modified_gmt":"2023-12-27T12:30:29","slug":"entregamos-a-las-hijas-de-la-caridad-de-sevilla-la-recaudacion-de-la-iniciativa-solidaria-del-grupo-caja-rural","status":"publish","type":"post","link":"https:\/\/fundacioncajaruraldelsur.com\/pt\/entregamos-a-las-hijas-de-la-caridad-de-sevilla-la-recaudacion-de-la-iniciativa-solidaria-del-grupo-caja-rural\/","title":{"rendered":"Entregamos a las Hijas de la Caridad de Sevilla la recaudaci\u00f3n de la \u201cIniciativa Solidaria\u201d del Grupo Caja Rural"},"content":{"rendered":"<p>La Fundaci\u00f3n Caja Rural del Sur refuerza su compromiso solidario en estas fechas navide\u00f1as, manteniendo una colaboraci\u00f3n activa con los m\u00e1s desfavorecidos a trav\u00e9s de su apoyo a instituciones ben\u00e9ficas.<\/p>\n<p>En esta ocasi\u00f3n, ha sido con una donaci\u00f3n correspondiente a la recaudaci\u00f3n de la denominada \u201cIniciativa Solidaria\u201d promovida anualmente por el equipo ciclista de Seguros RGA y el Grupo Caja Rural, entregada este a\u00f1o por la Fundaci\u00f3n Caja Rural del Sur al Comedor Social Pag\u00e9s del Corro Hijas de la Caridad de Sevilla.<\/p>\n<p>La entrega de la donaci\u00f3n fue llevada a cabo por Manuel Ruiz Rojas, responsable de relaciones institucionales de la Fundaci\u00f3n Caja Rural del Sur, a Sor Purificaci\u00f3n, directora del Comedor Social de las Hijas de la Caridad.<\/p>\n<p>Esta donaci\u00f3n de la Iniciativa Solidaria se obtiene del 10% de las p\u00f3lizas de seguros vendidas por el Grupo Caja Rural el d\u00eda de la acci\u00f3n, para que cada Caja como es el caso de Caja Rural del Sur, lo done a una instituci\u00f3n ben\u00e9fica en su vocaci\u00f3n social de apoyo al desarrollo local y ayuda a los m\u00e1s necesitados.<\/p>\n<p>Desde 1904, durante todos los d\u00edas del a\u00f1o, la denominada Cocina Econ\u00f3mica Nuestra Se\u00f1ora del Rosario, regida por las Hijas de la Caridad de San Vicente de Pa\u00fal, dan de comer y realizan otras labores de primera necesidad a los que m\u00e1s lo necesitan. El Comedor Social est\u00e1 ubicado en la calle Pag\u00e9s del Corro 34 de Sevilla y en \u00e9pocas como la Navidad sobrepasan los 300 comensales diarios.<\/p>\n<p>&nbsp;<\/p>","protected":false},"excerpt":{"rendered":"<p>La Fundaci\u00f3n Caja Rural del Sur refuerza su compromiso solidario en estas fechas navide\u00f1as, manteniendo una colaboraci\u00f3n activa con los m\u00e1s desfavorecidos a trav\u00e9s de su apoyo a instituciones ben\u00e9ficas. [&hellip;]<\/p>\n","protected":false},"author":6,"featured_media":9546,"comment_status":"closed","ping_status":"closed","sticky":false,"template":"","format":"standard","meta":{"footnotes":""},"categories":[67],"tags":[],"class_list":["post-9545","post","type-post","status-publish","format-standard","has-post-thumbnail","hentry","category-convenios"],"yoast_head":"<!-- This site is optimized with the Yoast SEO plugin v27.3 - https:\/\/yoast.com\/product\/yoast-seo-wordpress\/ -->\n<title>Entregamos a las Hijas de la Caridad de Sevilla la recaudaci\u00f3n de la \u201cIniciativa Solidaria\u201d del Grupo Caja Rural - Fundaci\u00f3n Caja Rural del Sur<\/title>\n<meta name=\"robots\" content=\"index, follow, max-snippet:-1, max-image-preview:large, max-video-preview:-1\" \/>\n<link rel=\"canonical\" href=\"https:\/\/fundacioncajaruraldelsur.com\/pt\/entregamos-a-las-hijas-de-la-caridad-de-sevilla-la-recaudacion-de-la-iniciativa-solidaria-del-grupo-caja-rural\/\" \/>\n<meta property=\"og:locale\" content=\"pt_PT\" \/>\n<meta property=\"og:type\" content=\"article\" \/>\n<meta property=\"og:title\" content=\"Entregamos a las Hijas de la Caridad de Sevilla la recaudaci\u00f3n de la \u201cIniciativa Solidaria\u201d del Grupo Caja Rural - Fundaci\u00f3n Caja Rural del Sur\" \/>\n<meta property=\"og:description\" content=\"La Fundaci\u00f3n Caja Rural del Sur refuerza su compromiso solidario en estas fechas navide\u00f1as, manteniendo una colaboraci\u00f3n activa con los m\u00e1s desfavorecidos a trav\u00e9s de su apoyo a instituciones ben\u00e9ficas. [&hellip;]\" \/>\n<meta property=\"og:url\" content=\"https:\/\/fundacioncajaruraldelsur.com\/pt\/entregamos-a-las-hijas-de-la-caridad-de-sevilla-la-recaudacion-de-la-iniciativa-solidaria-del-grupo-caja-rural\/\" \/>\n<meta property=\"og:site_name\" content=\"Fundaci\u00f3n Caja Rural del Sur\" \/>\n<meta property=\"article:published_time\" content=\"2023-12-27T12:30:29+00:00\" \/>\n<meta property=\"og:image\" content=\"https:\/\/fundacioncajaruraldelsur.com\/wp-content\/uploads\/2023\/12\/Entrega-de-la-donacion-a-las-Hijas-de-la-Caridad.jpg\" \/>\n\t<meta property=\"og:image:width\" content=\"1024\" \/>\n\t<meta property=\"og:image:height\" content=\"768\" \/>\n\t<meta property=\"og:image:type\" content=\"image\/jpeg\" \/>\n<meta name=\"author\" content=\"Comunicaci\u00f3n\" \/>\n<meta name=\"twitter:card\" content=\"summary_large_image\" \/>\n<meta name=\"twitter:label1\" content=\"Written by\" \/>\n\t<meta name=\"twitter:data1\" content=\"Comunicaci\u00f3n\" \/>\n\t<meta name=\"twitter:label2\" content=\"Est. reading time\" \/>\n\t<meta name=\"twitter:data2\" content=\"2 minutes\" \/>\n<script type=\"application\/ld+json\" class=\"yoast-schema-graph\">{\"@context\":\"https:\\\/\\\/schema.org\",\"@graph\":[{\"@type\":\"Article\",\"@id\":\"https:\\\/\\\/fundacioncajaruraldelsur.com\\\/entregamos-a-las-hijas-de-la-caridad-de-sevilla-la-recaudacion-de-la-iniciativa-solidaria-del-grupo-caja-rural\\\/#article\",\"isPartOf\":{\"@id\":\"https:\\\/\\\/fundacioncajaruraldelsur.com\\\/entregamos-a-las-hijas-de-la-caridad-de-sevilla-la-recaudacion-de-la-iniciativa-solidaria-del-grupo-caja-rural\\\/\"},\"author\":{\"name\":\"Comunicaci\u00f3n\",\"@id\":\"https:\\\/\\\/fundacioncajaruraldelsur.com\\\/#\\\/schema\\\/person\\\/f430da9fb783d505ff061ad8b3d44577\"},\"headline\":\"Entregamos a las Hijas de la Caridad de Sevilla la recaudaci\u00f3n de la \u201cIniciativa Solidaria\u201d del Grupo Caja Rural\",\"datePublished\":\"2023-12-27T12:30:29+00:00\",\"mainEntityOfPage\":{\"@id\":\"https:\\\/\\\/fundacioncajaruraldelsur.com\\\/entregamos-a-las-hijas-de-la-caridad-de-sevilla-la-recaudacion-de-la-iniciativa-solidaria-del-grupo-caja-rural\\\/\"},\"wordCount\":296,\"image\":{\"@id\":\"https:\\\/\\\/fundacioncajaruraldelsur.com\\\/entregamos-a-las-hijas-de-la-caridad-de-sevilla-la-recaudacion-de-la-iniciativa-solidaria-del-grupo-caja-rural\\\/#primaryimage\"},\"thumbnailUrl\":\"https:\\\/\\\/fundacioncajaruraldelsur.com\\\/wp-content\\\/uploads\\\/2023\\\/12\\\/Entrega-de-la-donacion-a-las-Hijas-de-la-Caridad.jpg\",\"articleSection\":[\"Convenios\"],\"inLanguage\":\"pt-PT\"},{\"@type\":\"WebPage\",\"@id\":\"https:\\\/\\\/fundacioncajaruraldelsur.com\\\/entregamos-a-las-hijas-de-la-caridad-de-sevilla-la-recaudacion-de-la-iniciativa-solidaria-del-grupo-caja-rural\\\/\",\"url\":\"https:\\\/\\\/fundacioncajaruraldelsur.com\\\/entregamos-a-las-hijas-de-la-caridad-de-sevilla-la-recaudacion-de-la-iniciativa-solidaria-del-grupo-caja-rural\\\/\",\"name\":\"Entregamos a las Hijas de la Caridad de Sevilla la recaudaci\u00f3n de la \u201cIniciativa Solidaria\u201d del Grupo Caja Rural - Fundaci\u00f3n Caja Rural del Sur\",\"isPartOf\":{\"@id\":\"https:\\\/\\\/fundacioncajaruraldelsur.com\\\/#website\"},\"primaryImageOfPage\":{\"@id\":\"https:\\\/\\\/fundacioncajaruraldelsur.com\\\/entregamos-a-las-hijas-de-la-caridad-de-sevilla-la-recaudacion-de-la-iniciativa-solidaria-del-grupo-caja-rural\\\/#primaryimage\"},\"image\":{\"@id\":\"https:\\\/\\\/fundacioncajaruraldelsur.com\\\/entregamos-a-las-hijas-de-la-caridad-de-sevilla-la-recaudacion-de-la-iniciativa-solidaria-del-grupo-caja-rural\\\/#primaryimage\"},\"thumbnailUrl\":\"https:\\\/\\\/fundacioncajaruraldelsur.com\\\/wp-content\\\/uploads\\\/2023\\\/12\\\/Entrega-de-la-donacion-a-las-Hijas-de-la-Caridad.jpg\",\"datePublished\":\"2023-12-27T12:30:29+00:00\",\"author\":{\"@id\":\"https:\\\/\\\/fundacioncajaruraldelsur.com\\\/#\\\/schema\\\/person\\\/f430da9fb783d505ff061ad8b3d44577\"},\"breadcrumb\":{\"@id\":\"https:\\\/\\\/fundacioncajaruraldelsur.com\\\/entregamos-a-las-hijas-de-la-caridad-de-sevilla-la-recaudacion-de-la-iniciativa-solidaria-del-grupo-caja-rural\\\/#breadcrumb\"},\"inLanguage\":\"pt-PT\",\"potentialAction\":[{\"@type\":\"ReadAction\",\"target\":[\"https:\\\/\\\/fundacioncajaruraldelsur.com\\\/entregamos-a-las-hijas-de-la-caridad-de-sevilla-la-recaudacion-de-la-iniciativa-solidaria-del-grupo-caja-rural\\\/\"]}]},{\"@type\":\"ImageObject\",\"inLanguage\":\"pt-PT\",\"@id\":\"https:\\\/\\\/fundacioncajaruraldelsur.com\\\/entregamos-a-las-hijas-de-la-caridad-de-sevilla-la-recaudacion-de-la-iniciativa-solidaria-del-grupo-caja-rural\\\/#primaryimage\",\"url\":\"https:\\\/\\\/fundacioncajaruraldelsur.com\\\/wp-content\\\/uploads\\\/2023\\\/12\\\/Entrega-de-la-donacion-a-las-Hijas-de-la-Caridad.jpg\",\"contentUrl\":\"https:\\\/\\\/fundacioncajaruraldelsur.com\\\/wp-content\\\/uploads\\\/2023\\\/12\\\/Entrega-de-la-donacion-a-las-Hijas-de-la-Caridad.jpg\",\"width\":1024,\"height\":768},{\"@type\":\"BreadcrumbList\",\"@id\":\"https:\\\/\\\/fundacioncajaruraldelsur.com\\\/entregamos-a-las-hijas-de-la-caridad-de-sevilla-la-recaudacion-de-la-iniciativa-solidaria-del-grupo-caja-rural\\\/#breadcrumb\",\"itemListElement\":[{\"@type\":\"ListItem\",\"position\":1,\"name\":\"Portada\",\"item\":\"https:\\\/\\\/fundacioncajaruraldelsur.com\\\/\"},{\"@type\":\"ListItem\",\"position\":2,\"name\":\"Entregamos a las Hijas de la Caridad de Sevilla la recaudaci\u00f3n de la \u201cIniciativa Solidaria\u201d del Grupo Caja Rural\"}]},{\"@type\":\"WebSite\",\"@id\":\"https:\\\/\\\/fundacioncajaruraldelsur.com\\\/#website\",\"url\":\"https:\\\/\\\/fundacioncajaruraldelsur.com\\\/\",\"name\":\"Fundaci\u00f3n Caja Rural del Sur\",\"description\":\"\",\"potentialAction\":[{\"@type\":\"SearchAction\",\"target\":{\"@type\":\"EntryPoint\",\"urlTemplate\":\"https:\\\/\\\/fundacioncajaruraldelsur.com\\\/?s={search_term_string}\"},\"query-input\":{\"@type\":\"PropertyValueSpecification\",\"valueRequired\":true,\"valueName\":\"search_term_string\"}}],\"inLanguage\":\"pt-PT\"},{\"@type\":\"Person\",\"@id\":\"https:\\\/\\\/fundacioncajaruraldelsur.com\\\/#\\\/schema\\\/person\\\/f430da9fb783d505ff061ad8b3d44577\",\"name\":\"Comunicaci\u00f3n\",\"image\":{\"@type\":\"ImageObject\",\"inLanguage\":\"pt-PT\",\"@id\":\"https:\\\/\\\/secure.gravatar.com\\\/avatar\\\/0dca239875993680bac4603ad2de7942da018f52cc3a244578e0b3b09314a8d8?s=96&d=blank&r=g\",\"url\":\"https:\\\/\\\/secure.gravatar.com\\\/avatar\\\/0dca239875993680bac4603ad2de7942da018f52cc3a244578e0b3b09314a8d8?s=96&d=blank&r=g\",\"contentUrl\":\"https:\\\/\\\/secure.gravatar.com\\\/avatar\\\/0dca239875993680bac4603ad2de7942da018f52cc3a244578e0b3b09314a8d8?s=96&d=blank&r=g\",\"caption\":\"Comunicaci\u00f3n\"}}]}<\/script>\n<!-- \/ Yoast SEO plugin. -->","yoast_head_json":{"title":"Entregamos a las Hijas de la Caridad de Sevilla la recaudaci\u00f3n de la \u201cIniciativa Solidaria\u201d del Grupo Caja Rural - Fundaci\u00f3n Caja Rural del Sur","robots":{"index":"index","follow":"follow","max-snippet":"max-snippet:-1","max-image-preview":"max-image-preview:large","max-video-preview":"max-video-preview:-1"},"canonical":"https:\/\/fundacioncajaruraldelsur.com\/pt\/entregamos-a-las-hijas-de-la-caridad-de-sevilla-la-recaudacion-de-la-iniciativa-solidaria-del-grupo-caja-rural\/","og_locale":"pt_PT","og_type":"article","og_title":"Entregamos a las Hijas de la Caridad de Sevilla la recaudaci\u00f3n de la \u201cIniciativa Solidaria\u201d del Grupo Caja Rural - Fundaci\u00f3n Caja Rural del Sur","og_description":"La Fundaci\u00f3n Caja Rural del Sur refuerza su compromiso solidario en estas fechas navide\u00f1as, manteniendo una colaboraci\u00f3n activa con los m\u00e1s desfavorecidos a trav\u00e9s de su apoyo a instituciones ben\u00e9ficas. [&hellip;]","og_url":"https:\/\/fundacioncajaruraldelsur.com\/pt\/entregamos-a-las-hijas-de-la-caridad-de-sevilla-la-recaudacion-de-la-iniciativa-solidaria-del-grupo-caja-rural\/","og_site_name":"Fundaci\u00f3n Caja Rural del Sur","article_published_time":"2023-12-27T12:30:29+00:00","og_image":[{"width":1024,"height":768,"url":"https:\/\/fundacioncajaruraldelsur.com\/wp-content\/uploads\/2023\/12\/Entrega-de-la-donacion-a-las-Hijas-de-la-Caridad.jpg","type":"image\/jpeg"}],"author":"Comunicaci\u00f3n","twitter_card":"summary_large_image","twitter_misc":{"Written by":"Comunicaci\u00f3n","Est. reading time":"2 minutes"},"schema":{"@context":"https:\/\/schema.org","@graph":[{"@type":"Article","@id":"https:\/\/fundacioncajaruraldelsur.com\/entregamos-a-las-hijas-de-la-caridad-de-sevilla-la-recaudacion-de-la-iniciativa-solidaria-del-grupo-caja-rural\/#article","isPartOf":{"@id":"https:\/\/fundacioncajaruraldelsur.com\/entregamos-a-las-hijas-de-la-caridad-de-sevilla-la-recaudacion-de-la-iniciativa-solidaria-del-grupo-caja-rural\/"},"author":{"name":"Comunicaci\u00f3n","@id":"https:\/\/fundacioncajaruraldelsur.com\/#\/schema\/person\/f430da9fb783d505ff061ad8b3d44577"},"headline":"Entregamos a las Hijas de la Caridad de Sevilla la recaudaci\u00f3n de la \u201cIniciativa Solidaria\u201d del Grupo Caja Rural","datePublished":"2023-12-27T12:30:29+00:00","mainEntityOfPage":{"@id":"https:\/\/fundacioncajaruraldelsur.com\/entregamos-a-las-hijas-de-la-caridad-de-sevilla-la-recaudacion-de-la-iniciativa-solidaria-del-grupo-caja-rural\/"},"wordCount":296,"image":{"@id":"https:\/\/fundacioncajaruraldelsur.com\/entregamos-a-las-hijas-de-la-caridad-de-sevilla-la-recaudacion-de-la-iniciativa-solidaria-del-grupo-caja-rural\/#primaryimage"},"thumbnailUrl":"https:\/\/fundacioncajaruraldelsur.com\/wp-content\/uploads\/2023\/12\/Entrega-de-la-donacion-a-las-Hijas-de-la-Caridad.jpg","articleSection":["Convenios"],"inLanguage":"pt-PT"},{"@type":"WebPage","@id":"https:\/\/fundacioncajaruraldelsur.com\/entregamos-a-las-hijas-de-la-caridad-de-sevilla-la-recaudacion-de-la-iniciativa-solidaria-del-grupo-caja-rural\/","url":"https:\/\/fundacioncajaruraldelsur.com\/entregamos-a-las-hijas-de-la-caridad-de-sevilla-la-recaudacion-de-la-iniciativa-solidaria-del-grupo-caja-rural\/","name":"Entregamos a las Hijas de la Caridad de Sevilla la recaudaci\u00f3n de la \u201cIniciativa Solidaria\u201d del Grupo Caja Rural - Fundaci\u00f3n Caja Rural del Sur","isPartOf":{"@id":"https:\/\/fundacioncajaruraldelsur.com\/#website"},"primaryImageOfPage":{"@id":"https:\/\/fundacioncajaruraldelsur.com\/entregamos-a-las-hijas-de-la-caridad-de-sevilla-la-recaudacion-de-la-iniciativa-solidaria-del-grupo-caja-rural\/#primaryimage"},"image":{"@id":"https:\/\/fundacioncajaruraldelsur.com\/entregamos-a-las-hijas-de-la-caridad-de-sevilla-la-recaudacion-de-la-iniciativa-solidaria-del-grupo-caja-rural\/#primaryimage"},"thumbnailUrl":"https:\/\/fundacioncajaruraldelsur.com\/wp-content\/uploads\/2023\/12\/Entrega-de-la-donacion-a-las-Hijas-de-la-Caridad.jpg","datePublished":"2023-12-27T12:30:29+00:00","author":{"@id":"https:\/\/fundacioncajaruraldelsur.com\/#\/schema\/person\/f430da9fb783d505ff061ad8b3d44577"},"breadcrumb":{"@id":"https:\/\/fundacioncajaruraldelsur.com\/entregamos-a-las-hijas-de-la-caridad-de-sevilla-la-recaudacion-de-la-iniciativa-solidaria-del-grupo-caja-rural\/#breadcrumb"},"inLanguage":"pt-PT","potentialAction":[{"@type":"ReadAction","target":["https:\/\/fundacioncajaruraldelsur.com\/entregamos-a-las-hijas-de-la-caridad-de-sevilla-la-recaudacion-de-la-iniciativa-solidaria-del-grupo-caja-rural\/"]}]},{"@type":"ImageObject","inLanguage":"pt-PT","@id":"https:\/\/fundacioncajaruraldelsur.com\/entregamos-a-las-hijas-de-la-caridad-de-sevilla-la-recaudacion-de-la-iniciativa-solidaria-del-grupo-caja-rural\/#primaryimage","url":"https:\/\/fundacioncajaruraldelsur.com\/wp-content\/uploads\/2023\/12\/Entrega-de-la-donacion-a-las-Hijas-de-la-Caridad.jpg","contentUrl":"https:\/\/fundacioncajaruraldelsur.com\/wp-content\/uploads\/2023\/12\/Entrega-de-la-donacion-a-las-Hijas-de-la-Caridad.jpg","width":1024,"height":768},{"@type":"BreadcrumbList","@id":"https:\/\/fundacioncajaruraldelsur.com\/entregamos-a-las-hijas-de-la-caridad-de-sevilla-la-recaudacion-de-la-iniciativa-solidaria-del-grupo-caja-rural\/#breadcrumb","itemListElement":[{"@type":"ListItem","position":1,"name":"Portada","item":"https:\/\/fundacioncajaruraldelsur.com\/"},{"@type":"ListItem","position":2,"name":"Entregamos a las Hijas de la Caridad de Sevilla la recaudaci\u00f3n de la \u201cIniciativa Solidaria\u201d del Grupo Caja Rural"}]},{"@type":"WebSite","@id":"https:\/\/fundacioncajaruraldelsur.com\/#website","url":"https:\/\/fundacioncajaruraldelsur.com\/","name":"Funda\u00e7\u00e3o Caja Rural del Sur","description":"","potentialAction":[{"@type":"SearchAction","target":{"@type":"EntryPoint","urlTemplate":"https:\/\/fundacioncajaruraldelsur.com\/?s={search_term_string}"},"query-input":{"@type":"PropertyValueSpecification","valueRequired":true,"valueName":"search_term_string"}}],"inLanguage":"pt-PT"},{"@type":"Person","@id":"https:\/\/fundacioncajaruraldelsur.com\/#\/schema\/person\/f430da9fb783d505ff061ad8b3d44577","name":"Comunicaci\u00f3n","image":{"@type":"ImageObject","inLanguage":"pt-PT","@id":"https:\/\/secure.gravatar.com\/avatar\/0dca239875993680bac4603ad2de7942da018f52cc3a244578e0b3b09314a8d8?s=96&d=blank&r=g","url":"https:\/\/secure.gravatar.com\/avatar\/0dca239875993680bac4603ad2de7942da018f52cc3a244578e0b3b09314a8d8?s=96&d=blank&r=g","contentUrl":"https:\/\/secure.gravatar.com\/avatar\/0dca239875993680bac4603ad2de7942da018f52cc3a244578e0b3b09314a8d8?s=96&d=blank&r=g","caption":"Comunicaci\u00f3n"}}]}},"rttpg_featured_image_url":{"full":["https:\/\/fundacioncajaruraldelsur.com\/wp-content\/uploads\/2023\/12\/Entrega-de-la-donacion-a-las-Hijas-de-la-Caridad.jpg",1024,768,false],"landscape":["https:\/\/fundacioncajaruraldelsur.com\/wp-content\/uploads\/2023\/12\/Entrega-de-la-donacion-a-las-Hijas-de-la-Caridad.jpg",1024,768,false],"portraits":["https:\/\/fundacioncajaruraldelsur.com\/wp-content\/uploads\/2023\/12\/Entrega-de-la-donacion-a-las-Hijas-de-la-Caridad.jpg",1024,768,false],"thumbnail":["https:\/\/fundacioncajaruraldelsur.com\/wp-content\/uploads\/2023\/12\/Entrega-de-la-donacion-a-las-Hijas-de-la-Caridad-150x150.jpg",150,150,true],"medium":["https:\/\/fundacioncajaruraldelsur.com\/wp-content\/uploads\/2023\/12\/Entrega-de-la-donacion-a-las-Hijas-de-la-Caridad-300x225.jpg",300,225,true],"large":["https:\/\/fundacioncajaruraldelsur.com\/wp-content\/uploads\/2023\/12\/Entrega-de-la-donacion-a-las-Hijas-de-la-Caridad.jpg",960,720,false],"1536x1536":["https:\/\/fundacioncajaruraldelsur.com\/wp-content\/uploads\/2023\/12\/Entrega-de-la-donacion-a-las-Hijas-de-la-Caridad.jpg",1024,768,false],"2048x2048":["https:\/\/fundacioncajaruraldelsur.com\/wp-content\/uploads\/2023\/12\/Entrega-de-la-donacion-a-las-Hijas-de-la-Caridad.jpg",1024,768,false],"trp-custom-language-flag":["https:\/\/fundacioncajaruraldelsur.com\/wp-content\/uploads\/2023\/12\/Entrega-de-la-donacion-a-las-Hijas-de-la-Caridad.jpg",16,12,false],"blog-thumbnail":["https:\/\/fundacioncajaruraldelsur.com\/wp-content\/uploads\/2023\/12\/Entrega-de-la-donacion-a-las-Hijas-de-la-Caridad-400x200.jpg",400,200,true]},"rttpg_author":{"display_name":"Comunicaci\u00f3n","author_link":"https:\/\/fundacioncajaruraldelsur.com\/pt\/author\/sevillaadmin\/"},"rttpg_comment":0,"rttpg_category":"<a href=\"https:\/\/fundacioncajaruraldelsur.com\/pt\/category\/convenios\/\" rel=\"category tag\">Convenios<\/a>","rttpg_excerpt":"La Fundaci\u00f3n Caja Rural del Sur refuerza su compromiso solidario en estas fechas navide\u00f1as, manteniendo una colaboraci\u00f3n activa con los m\u00e1s desfavorecidos a trav\u00e9s de su apoyo a instituciones ben\u00e9ficas. [&hellip;]","_links":{"self":[{"href":"https:\/\/fundacioncajaruraldelsur.com\/pt\/wp-json\/wp\/v2\/posts\/9545","targetHints":{"allow":["GET"]}}],"collection":[{"href":"https:\/\/fundacioncajaruraldelsur.com\/pt\/wp-json\/wp\/v2\/posts"}],"about":[{"href":"https:\/\/fundacioncajaruraldelsur.com\/pt\/wp-json\/wp\/v2\/types\/post"}],"author":[{"embeddable":true,"href":"https:\/\/fundacioncajaruraldelsur.com\/pt\/wp-json\/wp\/v2\/users\/6"}],"replies":[{"embeddable":true,"href":"https:\/\/fundacioncajaruraldelsur.com\/pt\/wp-json\/wp\/v2\/comments?post=9545"}],"version-history":[{"count":1,"href":"https:\/\/fundacioncajaruraldelsur.com\/pt\/wp-json\/wp\/v2\/posts\/9545\/revisions"}],"predecessor-version":[{"id":9547,"href":"https:\/\/fundacioncajaruraldelsur.com\/pt\/wp-json\/wp\/v2\/posts\/9545\/revisions\/9547"}],"wp:featuredmedia":[{"embeddable":true,"href":"https:\/\/fundacioncajaruraldelsur.com\/pt\/wp-json\/wp\/v2\/media\/9546"}],"wp:attachment":[{"href":"https:\/\/fundacioncajaruraldelsur.com\/pt\/wp-json\/wp\/v2\/media?parent=9545"}],"wp:term":[{"taxonomy":"category","embeddable":true,"href":"https:\/\/fundacioncajaruraldelsur.com\/pt\/wp-json\/wp\/v2\/categories?post=9545"},{"taxonomy":"post_tag","embeddable":true,"href":"https:\/\/fundacioncajaruraldelsur.com\/pt\/wp-json\/wp\/v2\/tags?post=9545"}],"curies":[{"name":"wp","href":"https:\/\/api.w.org\/{rel}","templated":true}]}}