{"id":9534,"date":"2023-12-25T20:50:22","date_gmt":"2023-12-25T19:50:22","guid":{"rendered":"\/?p=9534"},"modified":"2023-12-25T20:55:01","modified_gmt":"2023-12-25T19:55:01","slug":"fundacion-caja-rural-del-sur-falla-sus-xiii-premios-ricardo-lopez-crespo-para-iniciativas-de-cordoba-y-provincia","status":"publish","type":"post","link":"https:\/\/fundacioncajaruraldelsur.com\/pt\/fundacion-caja-rural-del-sur-falla-sus-xiii-premios-ricardo-lopez-crespo-para-iniciativas-de-cordoba-y-provincia\/","title":{"rendered":"Fundaci\u00f3n Caja Rural del Sur falla sus XIII Premios &#8216;Ricardo L\u00f3pez Crespo&#8217; para iniciativas de C\u00f3rdoba y provincia"},"content":{"rendered":"<p>Lavander\u00eda Posadas SLU; \u201cRestauraci\u00f3n, conservaci\u00f3n y mejora de la contaminaci\u00f3n visual en el Castillo de Priego de C\u00f3rdoba\u201d y a la trayectoria profesional del profesor Francisco de Paula Montes Tub\u00edo (premiados ex aequo); \u201cMejora de la calidad del lomo embuchado ib\u00e9rico del Valle de Los Pedroches mediante la inoculaci\u00f3n de levaduras aut\u00f3ctonas. Colaborando con el desarrollo socioecon\u00f3mico de la zona\u201d, presentada por Jos\u00e9 Ramos Ruiz, en nombre del Grupo PAIDI Bio-202 Microbiolog\u00eda Agr\u00edcola; Asociaci\u00f3n Autismo C\u00f3rdoba; y Laura Angulo Garc\u00eda han sido los elegidos por los distintos jurados para recibir los premios \u2018Ricardo L\u00f3pez Crespo\u2019 de Fundaci\u00f3n Caja Rural del Sur en su XIII edici\u00f3n. Asimismo, en esta convocatoria, se han otorgado un acc\u00e9sit a la Asociaci\u00f3n San Rafael de Alzheimer y otras demencias.<\/p>\n<p>&nbsp;<\/p>\n<p><strong>En todos los jurados ha estado presente Mar\u00eda Dolores Moreno, de Fundaci\u00f3n Caja Rural del Sur<\/strong>, actuando como secretaria, y los siguientes por categor\u00edas han estado compuestos por:<\/p>\n<p>&nbsp;<\/p>\n<ul>\n<li>El Premio \u2018Proyectos de I+D+i en el \u00e1mbito de la Actividad\u2019 ha sido para la \u201cMejora de la calidad del lomo embuchado ib\u00e9rico del Valle de Los Pedroches mediante la inoculaci\u00f3n de levaduras aut\u00f3ctonas. Colaborando con el desarrollo socioecon\u00f3mico de la zona\u201d, presentada por Jos\u00e9 Ramos Ruiz, en nombre del Grupo PAIDI Bio-202 Microbiolog\u00eda Agr\u00edcola y ha tenido como jurado a: Rosa Mar\u00eda Gallardo, (directora ETSIAM), Carmen del Campillo (directora de la C\u00e1tedra de Innovaci\u00f3n Agraria Fundaci\u00f3n Caja Rural del Sur \u2013 UCO), Juan Cano Ruano (presidente de Eurosemillas) y \u00a0Ricardo L\u00f3pez-Crespo Delgado (vicepresidente de Caja Rural del Sur).<\/li>\n<\/ul>\n<p>&nbsp;<\/p>\n<ul>\n<li>El Premio \u2018Hermano Bonifacio a la Acci\u00f3n Social Solidaria\u2019 que ha tenido como ganador a la Asociaci\u00f3n Autismo C\u00f3rdoba, con acc\u00e9sit para Asociaci\u00f3n San Rafael de Alzheimer y otras demencias estuvo fomado por Alfonso Fern\u00e1ndez Zamorano (presidente Emet Arco Iris), Tom\u00e1s Pajuelo (sacerdote y miembro del Cabildo Catedral de C\u00f3rdoba), Bernardo Jordano (delegado de Inclusi\u00f3n y Accesibilidad del Ayuntamiento de C\u00f3rdoba), Francisco S\u00e1nchez Zamorano (presidente de la Audiencia Provincial de C\u00f3rdoba) y Jos\u00e9 Mar\u00eda Calero Mu\u00f1oz (consejero de Caja Rural del Sur).<\/li>\n<\/ul>\n<p>&nbsp;<\/p>\n<ul>\n<li>El Premio a la Recuperaci\u00f3n del Patrimonio Hist\u00f3rico-Art\u00edstico Provincial\u2019, Premiados ex aequo, ha sido para: \u201cRestauraci\u00f3n, conservaci\u00f3n y mejora de la contaminaci\u00f3n visual en el Castillo de Priego de C\u00f3rdoba\u201d y a la trayectoria profesional del profesor Francisco de Paula Montes Tub\u00edo en la recuperaci\u00f3n, conservaci\u00f3n y divulgaci\u00f3n del Patrimonio Hist\u00f3rico-Art\u00edstico Cordob\u00e9s. El jurado estuvo compuesto por Fernando Lara (director general de Cultura de la Universidad de C\u00f3rdoba), Pedro L\u00f3pez Castillejo (presidente del Real C\u00edrculo de la Amistad de C\u00f3rdoba), Jos\u00e9 Mar\u00eda Domenech (director del Museo de BBAA C\u00f3rdoba), Mercedes Tirado (jefa de servicio de Cultura de la Diputaci\u00f3n de C\u00f3rdoba), Eva Delgado (directora general de Cultural del Ayto. C\u00f3rdoba), Eduardo Lucena (delegado de Cultura de la Junta de Andaluc\u00eda) y Jos\u00e9 Mar\u00eda Herrero (empresario y consejero suplente de Caja Rural del Sur).<\/li>\n<\/ul>\n<p>&nbsp;<\/p>\n<ul>\n<li>El Premio a Iniciativas Empresariales promovidas por J\u00f3venes Emprendedores ha sido par Lavander\u00eda Posadas SLU. La composici\u00f3n del jurado fue: Antonio D\u00edaz C\u00f3rdoba (presidente de CECO y C\u00e1mara de Comercio), Miguel \u00c1ngel Tamarit (presidente de Asfaco), Francisco Gil (vicepresidente de AJE C\u00f3rdoba) y F\u00e9lix Romero Carrillo (presidente del Iprodeco y delegado de desarrollo econ\u00f3mico, promoci\u00f3n y empleo de la Diputaci\u00f3n de C\u00f3rdoba).<\/li>\n<\/ul>\n<p>&nbsp;<\/p>\n<ul>\n<li>Y el \u2018Mejor expediente acad\u00e9mico de los alumnos de Grado de la Universidad de C\u00f3rdoba\u2019 para la graduada Laura Angulo Garc\u00eda, de la Facultad de Ciencias, y como finalista a Beatriz Comino del R\u00edo. El jurado lo formaron: En representaci\u00f3n del Rector, Jes\u00fas Mar\u00eda Dorado Mart\u00edn (vicerrector de estudios de grado, calidad e innovaci\u00f3n docente); Representante del \u00e1rea de Arte y Humanidades Ignacio Garc\u00eda Aguilar, titular de literatura espa\u00f1ola; Representante del \u00e1rea de Ciencias Sociales y Jur\u00eddicas, M\u00aa Carmen Jim\u00e9nez Salcedo, titular de Derecho Romano; Representante del \u00e1rea de Ciencias de la Salud, Alfonso Mart\u00ednez Galisteo, catedr\u00e1tico de anatom\u00eda y anatom\u00eda patol\u00f3gica comparadas; Representante del \u00e1rea de Ingenier\u00eda y Arquitectura, Javier Est\u00e9vez Gualda, catedr\u00e1tico de Proyectos de Ingenier\u00eda; Representante del \u00c1rea de Ciencias, M\u00aa Isabel Bur\u00f3n Romero, catedr\u00e1tica de Biolog\u00eda Celular.<\/li>\n<\/ul>\n<p>&nbsp;<\/p>\n<p>Estos premios est\u00e1n dotados econ\u00f3micamente con 4.000 \u20ac en cada una de las categor\u00edas, recibiendo cada premiado tambi\u00e9n una estatuilla aleg\u00f3rica de Fundaci\u00f3n Caja Rural del Sur, las cuales se entregar\u00e1n en un acto previsto celebrar en los primeros meses de 2024 en el Real C\u00edrculo de la Amistad de C\u00f3rdoba.<\/p>\n<p>&nbsp;<\/p>","protected":false},"excerpt":{"rendered":"<p>Lavander\u00eda Posadas SLU; \u201cRestauraci\u00f3n, conservaci\u00f3n y mejora de la contaminaci\u00f3n visual en el Castillo de Priego de C\u00f3rdoba\u201d y a la trayectoria profesional del profesor Francisco de Paula Montes Tub\u00edo [&hellip;]<\/p>\n","protected":false},"author":6,"featured_media":9535,"comment_status":"closed","ping_status":"closed","sticky":false,"template":"","format":"standard","meta":{"footnotes":""},"categories":[64],"tags":[],"class_list":["post-9534","post","type-post","status-publish","format-standard","has-post-thumbnail","hentry","category-premios"],"yoast_head":"<!-- This site is optimized with the Yoast SEO plugin v27.3 - https:\/\/yoast.com\/product\/yoast-seo-wordpress\/ -->\n<title>Fundaci\u00f3n Caja Rural del Sur falla sus XIII Premios &#039;Ricardo L\u00f3pez Crespo&#039; para iniciativas de C\u00f3rdoba y provincia - Fundaci\u00f3n Caja Rural del Sur<\/title>\n<meta name=\"robots\" content=\"index, follow, max-snippet:-1, max-image-preview:large, max-video-preview:-1\" \/>\n<link rel=\"canonical\" href=\"https:\/\/fundacioncajaruraldelsur.com\/pt\/fundacion-caja-rural-del-sur-falla-sus-xiii-premios-ricardo-lopez-crespo-para-iniciativas-de-cordoba-y-provincia\/\" \/>\n<meta property=\"og:locale\" content=\"pt_PT\" \/>\n<meta property=\"og:type\" content=\"article\" \/>\n<meta property=\"og:title\" content=\"Fundaci\u00f3n Caja Rural del Sur falla sus XIII Premios &#039;Ricardo L\u00f3pez Crespo&#039; para iniciativas de C\u00f3rdoba y provincia - Fundaci\u00f3n Caja Rural del Sur\" \/>\n<meta property=\"og:description\" content=\"Lavander\u00eda Posadas SLU; \u201cRestauraci\u00f3n, conservaci\u00f3n y mejora de la contaminaci\u00f3n visual en el Castillo de Priego de C\u00f3rdoba\u201d y a la trayectoria profesional del profesor Francisco de Paula Montes Tub\u00edo [&hellip;]\" \/>\n<meta property=\"og:url\" content=\"https:\/\/fundacioncajaruraldelsur.com\/pt\/fundacion-caja-rural-del-sur-falla-sus-xiii-premios-ricardo-lopez-crespo-para-iniciativas-de-cordoba-y-provincia\/\" \/>\n<meta property=\"og:site_name\" content=\"Fundaci\u00f3n Caja Rural del Sur\" \/>\n<meta property=\"article:published_time\" content=\"2023-12-25T19:50:22+00:00\" \/>\n<meta property=\"article:modified_time\" content=\"2023-12-25T19:55:01+00:00\" \/>\n<meta property=\"og:image\" content=\"https:\/\/fundacioncajaruraldelsur.com\/wp-content\/uploads\/2023\/12\/231225.-Miembros-del-Jurado-que-ha-decido-el-premio-de-Patrimonio-scaled.jpg\" \/>\n\t<meta property=\"og:image:width\" content=\"2560\" \/>\n\t<meta property=\"og:image:height\" content=\"1845\" \/>\n\t<meta property=\"og:image:type\" content=\"image\/jpeg\" \/>\n<meta name=\"author\" content=\"Comunicaci\u00f3n\" \/>\n<meta name=\"twitter:card\" content=\"summary_large_image\" \/>\n<meta name=\"twitter:label1\" content=\"Written by\" \/>\n\t<meta name=\"twitter:data1\" content=\"Comunicaci\u00f3n\" \/>\n\t<meta name=\"twitter:label2\" content=\"Est. reading time\" \/>\n\t<meta name=\"twitter:data2\" content=\"4 minutes\" \/>\n<script type=\"application\/ld+json\" class=\"yoast-schema-graph\">{\"@context\":\"https:\\\/\\\/schema.org\",\"@graph\":[{\"@type\":\"Article\",\"@id\":\"https:\\\/\\\/fundacioncajaruraldelsur.com\\\/fundacion-caja-rural-del-sur-falla-sus-xiii-premios-ricardo-lopez-crespo-para-iniciativas-de-cordoba-y-provincia\\\/#article\",\"isPartOf\":{\"@id\":\"https:\\\/\\\/fundacioncajaruraldelsur.com\\\/fundacion-caja-rural-del-sur-falla-sus-xiii-premios-ricardo-lopez-crespo-para-iniciativas-de-cordoba-y-provincia\\\/\"},\"author\":{\"name\":\"Comunicaci\u00f3n\",\"@id\":\"https:\\\/\\\/fundacioncajaruraldelsur.com\\\/#\\\/schema\\\/person\\\/f430da9fb783d505ff061ad8b3d44577\"},\"headline\":\"Fundaci\u00f3n Caja Rural del Sur falla sus XIII Premios &#8216;Ricardo L\u00f3pez Crespo&#8217; para iniciativas de C\u00f3rdoba y provincia\",\"datePublished\":\"2023-12-25T19:50:22+00:00\",\"dateModified\":\"2023-12-25T19:55:01+00:00\",\"mainEntityOfPage\":{\"@id\":\"https:\\\/\\\/fundacioncajaruraldelsur.com\\\/fundacion-caja-rural-del-sur-falla-sus-xiii-premios-ricardo-lopez-crespo-para-iniciativas-de-cordoba-y-provincia\\\/\"},\"wordCount\":856,\"image\":{\"@id\":\"https:\\\/\\\/fundacioncajaruraldelsur.com\\\/fundacion-caja-rural-del-sur-falla-sus-xiii-premios-ricardo-lopez-crespo-para-iniciativas-de-cordoba-y-provincia\\\/#primaryimage\"},\"thumbnailUrl\":\"https:\\\/\\\/fundacioncajaruraldelsur.com\\\/wp-content\\\/uploads\\\/2023\\\/12\\\/231225.-Miembros-del-Jurado-que-ha-decido-el-premio-de-Patrimonio-scaled.jpg\",\"articleSection\":[\"Premios\"],\"inLanguage\":\"pt-PT\"},{\"@type\":\"WebPage\",\"@id\":\"https:\\\/\\\/fundacioncajaruraldelsur.com\\\/fundacion-caja-rural-del-sur-falla-sus-xiii-premios-ricardo-lopez-crespo-para-iniciativas-de-cordoba-y-provincia\\\/\",\"url\":\"https:\\\/\\\/fundacioncajaruraldelsur.com\\\/fundacion-caja-rural-del-sur-falla-sus-xiii-premios-ricardo-lopez-crespo-para-iniciativas-de-cordoba-y-provincia\\\/\",\"name\":\"Fundaci\u00f3n Caja Rural del Sur falla sus XIII Premios 'Ricardo L\u00f3pez Crespo' para iniciativas de C\u00f3rdoba y provincia - Fundaci\u00f3n Caja Rural del Sur\",\"isPartOf\":{\"@id\":\"https:\\\/\\\/fundacioncajaruraldelsur.com\\\/#website\"},\"primaryImageOfPage\":{\"@id\":\"https:\\\/\\\/fundacioncajaruraldelsur.com\\\/fundacion-caja-rural-del-sur-falla-sus-xiii-premios-ricardo-lopez-crespo-para-iniciativas-de-cordoba-y-provincia\\\/#primaryimage\"},\"image\":{\"@id\":\"https:\\\/\\\/fundacioncajaruraldelsur.com\\\/fundacion-caja-rural-del-sur-falla-sus-xiii-premios-ricardo-lopez-crespo-para-iniciativas-de-cordoba-y-provincia\\\/#primaryimage\"},\"thumbnailUrl\":\"https:\\\/\\\/fundacioncajaruraldelsur.com\\\/wp-content\\\/uploads\\\/2023\\\/12\\\/231225.-Miembros-del-Jurado-que-ha-decido-el-premio-de-Patrimonio-scaled.jpg\",\"datePublished\":\"2023-12-25T19:50:22+00:00\",\"dateModified\":\"2023-12-25T19:55:01+00:00\",\"author\":{\"@id\":\"https:\\\/\\\/fundacioncajaruraldelsur.com\\\/#\\\/schema\\\/person\\\/f430da9fb783d505ff061ad8b3d44577\"},\"breadcrumb\":{\"@id\":\"https:\\\/\\\/fundacioncajaruraldelsur.com\\\/fundacion-caja-rural-del-sur-falla-sus-xiii-premios-ricardo-lopez-crespo-para-iniciativas-de-cordoba-y-provincia\\\/#breadcrumb\"},\"inLanguage\":\"pt-PT\",\"potentialAction\":[{\"@type\":\"ReadAction\",\"target\":[\"https:\\\/\\\/fundacioncajaruraldelsur.com\\\/fundacion-caja-rural-del-sur-falla-sus-xiii-premios-ricardo-lopez-crespo-para-iniciativas-de-cordoba-y-provincia\\\/\"]}]},{\"@type\":\"ImageObject\",\"inLanguage\":\"pt-PT\",\"@id\":\"https:\\\/\\\/fundacioncajaruraldelsur.com\\\/fundacion-caja-rural-del-sur-falla-sus-xiii-premios-ricardo-lopez-crespo-para-iniciativas-de-cordoba-y-provincia\\\/#primaryimage\",\"url\":\"https:\\\/\\\/fundacioncajaruraldelsur.com\\\/wp-content\\\/uploads\\\/2023\\\/12\\\/231225.-Miembros-del-Jurado-que-ha-decido-el-premio-de-Patrimonio-scaled.jpg\",\"contentUrl\":\"https:\\\/\\\/fundacioncajaruraldelsur.com\\\/wp-content\\\/uploads\\\/2023\\\/12\\\/231225.-Miembros-del-Jurado-que-ha-decido-el-premio-de-Patrimonio-scaled.jpg\",\"width\":2560,\"height\":1845},{\"@type\":\"BreadcrumbList\",\"@id\":\"https:\\\/\\\/fundacioncajaruraldelsur.com\\\/fundacion-caja-rural-del-sur-falla-sus-xiii-premios-ricardo-lopez-crespo-para-iniciativas-de-cordoba-y-provincia\\\/#breadcrumb\",\"itemListElement\":[{\"@type\":\"ListItem\",\"position\":1,\"name\":\"Portada\",\"item\":\"https:\\\/\\\/fundacioncajaruraldelsur.com\\\/\"},{\"@type\":\"ListItem\",\"position\":2,\"name\":\"Fundaci\u00f3n Caja Rural del Sur falla sus XIII Premios &#8216;Ricardo L\u00f3pez Crespo&#8217; para iniciativas de C\u00f3rdoba y provincia\"}]},{\"@type\":\"WebSite\",\"@id\":\"https:\\\/\\\/fundacioncajaruraldelsur.com\\\/#website\",\"url\":\"https:\\\/\\\/fundacioncajaruraldelsur.com\\\/\",\"name\":\"Fundaci\u00f3n Caja Rural del Sur\",\"description\":\"\",\"potentialAction\":[{\"@type\":\"SearchAction\",\"target\":{\"@type\":\"EntryPoint\",\"urlTemplate\":\"https:\\\/\\\/fundacioncajaruraldelsur.com\\\/?s={search_term_string}\"},\"query-input\":{\"@type\":\"PropertyValueSpecification\",\"valueRequired\":true,\"valueName\":\"search_term_string\"}}],\"inLanguage\":\"pt-PT\"},{\"@type\":\"Person\",\"@id\":\"https:\\\/\\\/fundacioncajaruraldelsur.com\\\/#\\\/schema\\\/person\\\/f430da9fb783d505ff061ad8b3d44577\",\"name\":\"Comunicaci\u00f3n\",\"image\":{\"@type\":\"ImageObject\",\"inLanguage\":\"pt-PT\",\"@id\":\"https:\\\/\\\/secure.gravatar.com\\\/avatar\\\/0dca239875993680bac4603ad2de7942da018f52cc3a244578e0b3b09314a8d8?s=96&d=blank&r=g\",\"url\":\"https:\\\/\\\/secure.gravatar.com\\\/avatar\\\/0dca239875993680bac4603ad2de7942da018f52cc3a244578e0b3b09314a8d8?s=96&d=blank&r=g\",\"contentUrl\":\"https:\\\/\\\/secure.gravatar.com\\\/avatar\\\/0dca239875993680bac4603ad2de7942da018f52cc3a244578e0b3b09314a8d8?s=96&d=blank&r=g\",\"caption\":\"Comunicaci\u00f3n\"}}]}<\/script>\n<!-- \/ Yoast SEO plugin. -->","yoast_head_json":{"title":"Fundaci\u00f3n Caja Rural del Sur falla sus XIII Premios 'Ricardo L\u00f3pez Crespo' para iniciativas de C\u00f3rdoba y provincia - Fundaci\u00f3n Caja Rural del Sur","robots":{"index":"index","follow":"follow","max-snippet":"max-snippet:-1","max-image-preview":"max-image-preview:large","max-video-preview":"max-video-preview:-1"},"canonical":"https:\/\/fundacioncajaruraldelsur.com\/pt\/fundacion-caja-rural-del-sur-falla-sus-xiii-premios-ricardo-lopez-crespo-para-iniciativas-de-cordoba-y-provincia\/","og_locale":"pt_PT","og_type":"article","og_title":"Fundaci\u00f3n Caja Rural del Sur falla sus XIII Premios 'Ricardo L\u00f3pez Crespo' para iniciativas de C\u00f3rdoba y provincia - Fundaci\u00f3n Caja Rural del Sur","og_description":"Lavander\u00eda Posadas SLU; \u201cRestauraci\u00f3n, conservaci\u00f3n y mejora de la contaminaci\u00f3n visual en el Castillo de Priego de C\u00f3rdoba\u201d y a la trayectoria profesional del profesor Francisco de Paula Montes Tub\u00edo [&hellip;]","og_url":"https:\/\/fundacioncajaruraldelsur.com\/pt\/fundacion-caja-rural-del-sur-falla-sus-xiii-premios-ricardo-lopez-crespo-para-iniciativas-de-cordoba-y-provincia\/","og_site_name":"Fundaci\u00f3n Caja Rural del Sur","article_published_time":"2023-12-25T19:50:22+00:00","article_modified_time":"2023-12-25T19:55:01+00:00","og_image":[{"width":2560,"height":1845,"url":"https:\/\/fundacioncajaruraldelsur.com\/wp-content\/uploads\/2023\/12\/231225.-Miembros-del-Jurado-que-ha-decido-el-premio-de-Patrimonio-scaled.jpg","type":"image\/jpeg"}],"author":"Comunicaci\u00f3n","twitter_card":"summary_large_image","twitter_misc":{"Written by":"Comunicaci\u00f3n","Est. reading time":"4 minutes"},"schema":{"@context":"https:\/\/schema.org","@graph":[{"@type":"Article","@id":"https:\/\/fundacioncajaruraldelsur.com\/fundacion-caja-rural-del-sur-falla-sus-xiii-premios-ricardo-lopez-crespo-para-iniciativas-de-cordoba-y-provincia\/#article","isPartOf":{"@id":"https:\/\/fundacioncajaruraldelsur.com\/fundacion-caja-rural-del-sur-falla-sus-xiii-premios-ricardo-lopez-crespo-para-iniciativas-de-cordoba-y-provincia\/"},"author":{"name":"Comunicaci\u00f3n","@id":"https:\/\/fundacioncajaruraldelsur.com\/#\/schema\/person\/f430da9fb783d505ff061ad8b3d44577"},"headline":"Fundaci\u00f3n Caja Rural del Sur falla sus XIII Premios &#8216;Ricardo L\u00f3pez Crespo&#8217; para iniciativas de C\u00f3rdoba y provincia","datePublished":"2023-12-25T19:50:22+00:00","dateModified":"2023-12-25T19:55:01+00:00","mainEntityOfPage":{"@id":"https:\/\/fundacioncajaruraldelsur.com\/fundacion-caja-rural-del-sur-falla-sus-xiii-premios-ricardo-lopez-crespo-para-iniciativas-de-cordoba-y-provincia\/"},"wordCount":856,"image":{"@id":"https:\/\/fundacioncajaruraldelsur.com\/fundacion-caja-rural-del-sur-falla-sus-xiii-premios-ricardo-lopez-crespo-para-iniciativas-de-cordoba-y-provincia\/#primaryimage"},"thumbnailUrl":"https:\/\/fundacioncajaruraldelsur.com\/wp-content\/uploads\/2023\/12\/231225.-Miembros-del-Jurado-que-ha-decido-el-premio-de-Patrimonio-scaled.jpg","articleSection":["Premios"],"inLanguage":"pt-PT"},{"@type":"WebPage","@id":"https:\/\/fundacioncajaruraldelsur.com\/fundacion-caja-rural-del-sur-falla-sus-xiii-premios-ricardo-lopez-crespo-para-iniciativas-de-cordoba-y-provincia\/","url":"https:\/\/fundacioncajaruraldelsur.com\/fundacion-caja-rural-del-sur-falla-sus-xiii-premios-ricardo-lopez-crespo-para-iniciativas-de-cordoba-y-provincia\/","name":"Fundaci\u00f3n Caja Rural del Sur falla sus XIII Premios 'Ricardo L\u00f3pez Crespo' para iniciativas de C\u00f3rdoba y provincia - Fundaci\u00f3n Caja Rural del Sur","isPartOf":{"@id":"https:\/\/fundacioncajaruraldelsur.com\/#website"},"primaryImageOfPage":{"@id":"https:\/\/fundacioncajaruraldelsur.com\/fundacion-caja-rural-del-sur-falla-sus-xiii-premios-ricardo-lopez-crespo-para-iniciativas-de-cordoba-y-provincia\/#primaryimage"},"image":{"@id":"https:\/\/fundacioncajaruraldelsur.com\/fundacion-caja-rural-del-sur-falla-sus-xiii-premios-ricardo-lopez-crespo-para-iniciativas-de-cordoba-y-provincia\/#primaryimage"},"thumbnailUrl":"https:\/\/fundacioncajaruraldelsur.com\/wp-content\/uploads\/2023\/12\/231225.-Miembros-del-Jurado-que-ha-decido-el-premio-de-Patrimonio-scaled.jpg","datePublished":"2023-12-25T19:50:22+00:00","dateModified":"2023-12-25T19:55:01+00:00","author":{"@id":"https:\/\/fundacioncajaruraldelsur.com\/#\/schema\/person\/f430da9fb783d505ff061ad8b3d44577"},"breadcrumb":{"@id":"https:\/\/fundacioncajaruraldelsur.com\/fundacion-caja-rural-del-sur-falla-sus-xiii-premios-ricardo-lopez-crespo-para-iniciativas-de-cordoba-y-provincia\/#breadcrumb"},"inLanguage":"pt-PT","potentialAction":[{"@type":"ReadAction","target":["https:\/\/fundacioncajaruraldelsur.com\/fundacion-caja-rural-del-sur-falla-sus-xiii-premios-ricardo-lopez-crespo-para-iniciativas-de-cordoba-y-provincia\/"]}]},{"@type":"ImageObject","inLanguage":"pt-PT","@id":"https:\/\/fundacioncajaruraldelsur.com\/fundacion-caja-rural-del-sur-falla-sus-xiii-premios-ricardo-lopez-crespo-para-iniciativas-de-cordoba-y-provincia\/#primaryimage","url":"https:\/\/fundacioncajaruraldelsur.com\/wp-content\/uploads\/2023\/12\/231225.-Miembros-del-Jurado-que-ha-decido-el-premio-de-Patrimonio-scaled.jpg","contentUrl":"https:\/\/fundacioncajaruraldelsur.com\/wp-content\/uploads\/2023\/12\/231225.-Miembros-del-Jurado-que-ha-decido-el-premio-de-Patrimonio-scaled.jpg","width":2560,"height":1845},{"@type":"BreadcrumbList","@id":"https:\/\/fundacioncajaruraldelsur.com\/fundacion-caja-rural-del-sur-falla-sus-xiii-premios-ricardo-lopez-crespo-para-iniciativas-de-cordoba-y-provincia\/#breadcrumb","itemListElement":[{"@type":"ListItem","position":1,"name":"Portada","item":"https:\/\/fundacioncajaruraldelsur.com\/"},{"@type":"ListItem","position":2,"name":"Fundaci\u00f3n Caja Rural del Sur falla sus XIII Premios &#8216;Ricardo L\u00f3pez Crespo&#8217; para iniciativas de C\u00f3rdoba y provincia"}]},{"@type":"WebSite","@id":"https:\/\/fundacioncajaruraldelsur.com\/#website","url":"https:\/\/fundacioncajaruraldelsur.com\/","name":"Funda\u00e7\u00e3o Caja Rural del Sur","description":"","potentialAction":[{"@type":"SearchAction","target":{"@type":"EntryPoint","urlTemplate":"https:\/\/fundacioncajaruraldelsur.com\/?s={search_term_string}"},"query-input":{"@type":"PropertyValueSpecification","valueRequired":true,"valueName":"search_term_string"}}],"inLanguage":"pt-PT"},{"@type":"Person","@id":"https:\/\/fundacioncajaruraldelsur.com\/#\/schema\/person\/f430da9fb783d505ff061ad8b3d44577","name":"Comunicaci\u00f3n","image":{"@type":"ImageObject","inLanguage":"pt-PT","@id":"https:\/\/secure.gravatar.com\/avatar\/0dca239875993680bac4603ad2de7942da018f52cc3a244578e0b3b09314a8d8?s=96&d=blank&r=g","url":"https:\/\/secure.gravatar.com\/avatar\/0dca239875993680bac4603ad2de7942da018f52cc3a244578e0b3b09314a8d8?s=96&d=blank&r=g","contentUrl":"https:\/\/secure.gravatar.com\/avatar\/0dca239875993680bac4603ad2de7942da018f52cc3a244578e0b3b09314a8d8?s=96&d=blank&r=g","caption":"Comunicaci\u00f3n"}}]}},"rttpg_featured_image_url":{"full":["https:\/\/fundacioncajaruraldelsur.com\/wp-content\/uploads\/2023\/12\/231225.-Miembros-del-Jurado-que-ha-decido-el-premio-de-Patrimonio-scaled.jpg",2560,1845,false],"landscape":["https:\/\/fundacioncajaruraldelsur.com\/wp-content\/uploads\/2023\/12\/231225.-Miembros-del-Jurado-que-ha-decido-el-premio-de-Patrimonio-scaled.jpg",2560,1845,false],"portraits":["https:\/\/fundacioncajaruraldelsur.com\/wp-content\/uploads\/2023\/12\/231225.-Miembros-del-Jurado-que-ha-decido-el-premio-de-Patrimonio-scaled.jpg",2560,1845,false],"thumbnail":["https:\/\/fundacioncajaruraldelsur.com\/wp-content\/uploads\/2023\/12\/231225.-Miembros-del-Jurado-que-ha-decido-el-premio-de-Patrimonio-150x150.jpg",150,150,true],"medium":["https:\/\/fundacioncajaruraldelsur.com\/wp-content\/uploads\/2023\/12\/231225.-Miembros-del-Jurado-que-ha-decido-el-premio-de-Patrimonio-300x216.jpg",300,216,true],"large":["https:\/\/fundacioncajaruraldelsur.com\/wp-content\/uploads\/2023\/12\/231225.-Miembros-del-Jurado-que-ha-decido-el-premio-de-Patrimonio-1024x738.jpg",960,692,true],"1536x1536":["https:\/\/fundacioncajaruraldelsur.com\/wp-content\/uploads\/2023\/12\/231225.-Miembros-del-Jurado-que-ha-decido-el-premio-de-Patrimonio-1536x1107.jpg",1536,1107,true],"2048x2048":["https:\/\/fundacioncajaruraldelsur.com\/wp-content\/uploads\/2023\/12\/231225.-Miembros-del-Jurado-que-ha-decido-el-premio-de-Patrimonio-2048x1476.jpg",2048,1476,true],"trp-custom-language-flag":["https:\/\/fundacioncajaruraldelsur.com\/wp-content\/uploads\/2023\/12\/231225.-Miembros-del-Jurado-que-ha-decido-el-premio-de-Patrimonio-scaled.jpg",18,12,false],"blog-thumbnail":["https:\/\/fundacioncajaruraldelsur.com\/wp-content\/uploads\/2023\/12\/231225.-Miembros-del-Jurado-que-ha-decido-el-premio-de-Patrimonio-400x200.jpg",400,200,true]},"rttpg_author":{"display_name":"Comunicaci\u00f3n","author_link":"https:\/\/fundacioncajaruraldelsur.com\/pt\/author\/sevillaadmin\/"},"rttpg_comment":0,"rttpg_category":"<a href=\"https:\/\/fundacioncajaruraldelsur.com\/pt\/category\/premios\/\" rel=\"category tag\">Premios<\/a>","rttpg_excerpt":"Lavander\u00eda Posadas SLU; \u201cRestauraci\u00f3n, conservaci\u00f3n y mejora de la contaminaci\u00f3n visual en el Castillo de Priego de C\u00f3rdoba\u201d y a la trayectoria profesional del profesor Francisco de Paula Montes Tub\u00edo [&hellip;]","_links":{"self":[{"href":"https:\/\/fundacioncajaruraldelsur.com\/pt\/wp-json\/wp\/v2\/posts\/9534","targetHints":{"allow":["GET"]}}],"collection":[{"href":"https:\/\/fundacioncajaruraldelsur.com\/pt\/wp-json\/wp\/v2\/posts"}],"about":[{"href":"https:\/\/fundacioncajaruraldelsur.com\/pt\/wp-json\/wp\/v2\/types\/post"}],"author":[{"embeddable":true,"href":"https:\/\/fundacioncajaruraldelsur.com\/pt\/wp-json\/wp\/v2\/users\/6"}],"replies":[{"embeddable":true,"href":"https:\/\/fundacioncajaruraldelsur.com\/pt\/wp-json\/wp\/v2\/comments?post=9534"}],"version-history":[{"count":3,"href":"https:\/\/fundacioncajaruraldelsur.com\/pt\/wp-json\/wp\/v2\/posts\/9534\/revisions"}],"predecessor-version":[{"id":9538,"href":"https:\/\/fundacioncajaruraldelsur.com\/pt\/wp-json\/wp\/v2\/posts\/9534\/revisions\/9538"}],"wp:featuredmedia":[{"embeddable":true,"href":"https:\/\/fundacioncajaruraldelsur.com\/pt\/wp-json\/wp\/v2\/media\/9535"}],"wp:attachment":[{"href":"https:\/\/fundacioncajaruraldelsur.com\/pt\/wp-json\/wp\/v2\/media?parent=9534"}],"wp:term":[{"taxonomy":"category","embeddable":true,"href":"https:\/\/fundacioncajaruraldelsur.com\/pt\/wp-json\/wp\/v2\/categories?post=9534"},{"taxonomy":"post_tag","embeddable":true,"href":"https:\/\/fundacioncajaruraldelsur.com\/pt\/wp-json\/wp\/v2\/tags?post=9534"}],"curies":[{"name":"wp","href":"https:\/\/api.w.org\/{rel}","templated":true}]}}