{"id":9501,"date":"2023-12-12T16:59:26","date_gmt":"2023-12-12T15:59:26","guid":{"rendered":"\/?p=9501"},"modified":"2023-12-12T19:22:42","modified_gmt":"2023-12-12T18:22:42","slug":"inauguracion-y-bendicion-del-nacimiento-de-la-alegria-en-caja-rural-del-sur","status":"publish","type":"post","link":"https:\/\/fundacioncajaruraldelsur.com\/pt\/inauguracion-y-bendicion-del-nacimiento-de-la-alegria-en-caja-rural-del-sur\/","title":{"rendered":"Inauguraci\u00f3n y bendici\u00f3n del Nacimiento de la Alegr\u00eda en Caja Rural del Sur"},"content":{"rendered":"<p class=\"voc-p\">Caja Rural del Sur de Sevilla ha acogido este martes, 12 de diciembre, la<strong> inauguraci\u00f3n y bendici\u00f3n del Nacimiento de la Alegr\u00eda<\/strong> que desde hace nueve a\u00f1os promueven\u00a0<strong>la Universidad CEU Fernando III<\/strong>, la cadena COPE Sevilla y la Fundaci\u00f3n Caja Rural del Sur, en colaboraci\u00f3n con la Asociaci\u00f3n de Belenistas de Sevilla.<\/p>\n<p class=\"voc-p\">En el acto han intervenido el presidente de Caja Rural del Sur, Jos\u00e9 Luis Garc\u00eda-Palacios, el Rector de la Universidad CEU Fernando III,\u00a0<b>Jos\u00e9 Alberto Parejo, y el Director de COPE Sevilla, Joaqu\u00edn L\u00f3pez S\u00e1enz.<\/b><\/p>\n<p class=\"voc-p\">Por parte de la entidad, el Presidente de Caja Rural del Sur fue el encargado de dar la bienvenida a este acto navide\u00f1o a los asistentes, familias y alumnos del Colegio CEU en Sevilla, destacando que \u00abcon este Nacimiento las instituciones que lo promueven quieren resaltar la importancia de nuestras tradiciones, contribuyendo a mantener en Sevilla la presencia en Navidad del Misterio de Bel\u00e9n\u00bb.<\/p>\n<p class=\"voc-p\">La bendici\u00f3n del Bel\u00e9n estuvo a cargo del director de Pastoral y Voluntariado de CEU Andaluc\u00eda, el Padre Leonardo S\u00e1nchez Acevedo.<\/p>\n<p class=\"voc-p\">En el acto particip\u00f3 la Escolan\u00eda del Colegio CEU San Pablo Sevilla, interpretando varios villancicos con la presencia de familiares de los alumnos que con este emotivo acto dieron el comienzo de la Navidad para toda la Comunidad educativa de este centro.<\/p>\n<p><a href=\"\/wp-content\/uploads\/2023\/12\/GBJxS6oWYAASCzo.jpg\" rel=\"lightbox-0\"><img loading=\"lazy\" decoding=\"async\" class=\"alignnone wp-image-9506 size-full\" src=\"\/wp-content\/uploads\/2023\/12\/GBJxS6oWYAASCzo.jpg\" alt=\"\" width=\"1600\" height=\"1200\" srcset=\"https:\/\/fundacioncajaruraldelsur.com\/wp-content\/uploads\/2023\/12\/GBJxS6oWYAASCzo.jpg 1600w, https:\/\/fundacioncajaruraldelsur.com\/wp-content\/uploads\/2023\/12\/GBJxS6oWYAASCzo-300x225.jpg 300w, https:\/\/fundacioncajaruraldelsur.com\/wp-content\/uploads\/2023\/12\/GBJxS6oWYAASCzo-1024x768.jpg 1024w, https:\/\/fundacioncajaruraldelsur.com\/wp-content\/uploads\/2023\/12\/GBJxS6oWYAASCzo-768x576.jpg 768w, https:\/\/fundacioncajaruraldelsur.com\/wp-content\/uploads\/2023\/12\/GBJxS6oWYAASCzo-1536x1152.jpg 1536w\" sizes=\"auto, (max-width: 1600px) 100vw, 1600px\" \/><\/a><\/p>\n<p><a href=\"\/wp-content\/uploads\/2023\/12\/GBJxTxDWMAAki4h.jpg\" rel=\"lightbox-1\"><img loading=\"lazy\" decoding=\"async\" class=\"alignnone wp-image-9507 size-full\" src=\"\/wp-content\/uploads\/2023\/12\/GBJxTxDWMAAki4h.jpg\" alt=\"\" width=\"1600\" height=\"1200\" srcset=\"https:\/\/fundacioncajaruraldelsur.com\/wp-content\/uploads\/2023\/12\/GBJxTxDWMAAki4h.jpg 1600w, https:\/\/fundacioncajaruraldelsur.com\/wp-content\/uploads\/2023\/12\/GBJxTxDWMAAki4h-300x225.jpg 300w, https:\/\/fundacioncajaruraldelsur.com\/wp-content\/uploads\/2023\/12\/GBJxTxDWMAAki4h-1024x768.jpg 1024w, https:\/\/fundacioncajaruraldelsur.com\/wp-content\/uploads\/2023\/12\/GBJxTxDWMAAki4h-768x576.jpg 768w, https:\/\/fundacioncajaruraldelsur.com\/wp-content\/uploads\/2023\/12\/GBJxTxDWMAAki4h-1536x1152.jpg 1536w\" sizes=\"auto, (max-width: 1600px) 100vw, 1600px\" \/><\/a><\/p>\n<p><a href=\"\/wp-content\/uploads\/2023\/12\/ok.jpg\" rel=\"lightbox-2\"><img loading=\"lazy\" decoding=\"async\" class=\"alignnone wp-image-9504 size-full\" src=\"\/wp-content\/uploads\/2023\/12\/ok.jpg\" alt=\"\" width=\"1024\" height=\"768\" srcset=\"https:\/\/fundacioncajaruraldelsur.com\/wp-content\/uploads\/2023\/12\/ok.jpg 1024w, https:\/\/fundacioncajaruraldelsur.com\/wp-content\/uploads\/2023\/12\/ok-300x225.jpg 300w, https:\/\/fundacioncajaruraldelsur.com\/wp-content\/uploads\/2023\/12\/ok-768x576.jpg 768w\" sizes=\"auto, (max-width: 1024px) 100vw, 1024px\" \/><\/a> <a href=\"\/wp-content\/uploads\/2023\/12\/WhatsApp-Image-2023-12-12-at-16.22.26-1.jpg\" rel=\"lightbox-3\"><img loading=\"lazy\" decoding=\"async\" class=\"alignnone wp-image-9503 size-full\" src=\"\/wp-content\/uploads\/2023\/12\/WhatsApp-Image-2023-12-12-at-16.22.26-1.jpg\" alt=\"\" width=\"1024\" height=\"768\" srcset=\"https:\/\/fundacioncajaruraldelsur.com\/wp-content\/uploads\/2023\/12\/WhatsApp-Image-2023-12-12-at-16.22.26-1.jpg 1024w, https:\/\/fundacioncajaruraldelsur.com\/wp-content\/uploads\/2023\/12\/WhatsApp-Image-2023-12-12-at-16.22.26-1-300x225.jpg 300w, https:\/\/fundacioncajaruraldelsur.com\/wp-content\/uploads\/2023\/12\/WhatsApp-Image-2023-12-12-at-16.22.26-1-768x576.jpg 768w\" sizes=\"auto, (max-width: 1024px) 100vw, 1024px\" \/><\/a><\/p>","protected":false},"excerpt":{"rendered":"<p>Caja Rural del Sur de Sevilla ha acogido este martes, 12 de diciembre, la inauguraci\u00f3n y bendici\u00f3n del Nacimiento de la Alegr\u00eda que desde hace nueve a\u00f1os promueven\u00a0la Universidad CEU [&hellip;]<\/p>\n","protected":false},"author":6,"featured_media":9502,"comment_status":"closed","ping_status":"closed","sticky":false,"template":"","format":"standard","meta":{"footnotes":""},"categories":[66],"tags":[],"class_list":["post-9501","post","type-post","status-publish","format-standard","has-post-thumbnail","hentry","category-actos"],"yoast_head":"<!-- This site is optimized with the Yoast SEO plugin v27.3 - https:\/\/yoast.com\/product\/yoast-seo-wordpress\/ -->\n<title>Inauguraci\u00f3n y bendici\u00f3n del Nacimiento de la Alegr\u00eda en Caja Rural del Sur - Fundaci\u00f3n Caja Rural del Sur<\/title>\n<meta name=\"robots\" content=\"index, follow, max-snippet:-1, max-image-preview:large, max-video-preview:-1\" \/>\n<link rel=\"canonical\" href=\"https:\/\/fundacioncajaruraldelsur.com\/pt\/inauguracion-y-bendicion-del-nacimiento-de-la-alegria-en-caja-rural-del-sur\/\" \/>\n<meta property=\"og:locale\" content=\"pt_PT\" \/>\n<meta property=\"og:type\" content=\"article\" \/>\n<meta property=\"og:title\" content=\"Inauguraci\u00f3n y bendici\u00f3n del Nacimiento de la Alegr\u00eda en Caja Rural del Sur - Fundaci\u00f3n Caja Rural del Sur\" \/>\n<meta property=\"og:description\" content=\"Caja Rural del Sur de Sevilla ha acogido este martes, 12 de diciembre, la inauguraci\u00f3n y bendici\u00f3n del Nacimiento de la Alegr\u00eda que desde hace nueve a\u00f1os promueven\u00a0la Universidad CEU [&hellip;]\" \/>\n<meta property=\"og:url\" content=\"https:\/\/fundacioncajaruraldelsur.com\/pt\/inauguracion-y-bendicion-del-nacimiento-de-la-alegria-en-caja-rural-del-sur\/\" \/>\n<meta property=\"og:site_name\" content=\"Fundaci\u00f3n Caja Rural del Sur\" \/>\n<meta property=\"article:published_time\" content=\"2023-12-12T15:59:26+00:00\" \/>\n<meta property=\"article:modified_time\" content=\"2023-12-12T18:22:42+00:00\" \/>\n<meta property=\"og:image\" content=\"https:\/\/fundacioncajaruraldelsur.com\/wp-content\/uploads\/2023\/12\/WhatsApp-Image-2023-12-12-at-16.22.05.jpg\" \/>\n\t<meta property=\"og:image:width\" content=\"1024\" \/>\n\t<meta property=\"og:image:height\" content=\"768\" \/>\n\t<meta property=\"og:image:type\" content=\"image\/jpeg\" \/>\n<meta name=\"author\" content=\"Comunicaci\u00f3n\" \/>\n<meta name=\"twitter:card\" content=\"summary_large_image\" \/>\n<meta name=\"twitter:label1\" content=\"Written by\" \/>\n\t<meta name=\"twitter:data1\" content=\"Comunicaci\u00f3n\" \/>\n\t<meta name=\"twitter:label2\" content=\"Est. reading time\" \/>\n\t<meta name=\"twitter:data2\" content=\"2 minutes\" \/>\n<script type=\"application\/ld+json\" class=\"yoast-schema-graph\">{\"@context\":\"https:\\\/\\\/schema.org\",\"@graph\":[{\"@type\":\"Article\",\"@id\":\"https:\\\/\\\/fundacioncajaruraldelsur.com\\\/inauguracion-y-bendicion-del-nacimiento-de-la-alegria-en-caja-rural-del-sur\\\/#article\",\"isPartOf\":{\"@id\":\"https:\\\/\\\/fundacioncajaruraldelsur.com\\\/inauguracion-y-bendicion-del-nacimiento-de-la-alegria-en-caja-rural-del-sur\\\/\"},\"author\":{\"name\":\"Comunicaci\u00f3n\",\"@id\":\"https:\\\/\\\/fundacioncajaruraldelsur.com\\\/#\\\/schema\\\/person\\\/f430da9fb783d505ff061ad8b3d44577\"},\"headline\":\"Inauguraci\u00f3n y bendici\u00f3n del Nacimiento de la Alegr\u00eda en Caja Rural del Sur\",\"datePublished\":\"2023-12-12T15:59:26+00:00\",\"dateModified\":\"2023-12-12T18:22:42+00:00\",\"mainEntityOfPage\":{\"@id\":\"https:\\\/\\\/fundacioncajaruraldelsur.com\\\/inauguracion-y-bendicion-del-nacimiento-de-la-alegria-en-caja-rural-del-sur\\\/\"},\"wordCount\":248,\"image\":{\"@id\":\"https:\\\/\\\/fundacioncajaruraldelsur.com\\\/inauguracion-y-bendicion-del-nacimiento-de-la-alegria-en-caja-rural-del-sur\\\/#primaryimage\"},\"thumbnailUrl\":\"https:\\\/\\\/fundacioncajaruraldelsur.com\\\/wp-content\\\/uploads\\\/2023\\\/12\\\/WhatsApp-Image-2023-12-12-at-16.22.05.jpg\",\"articleSection\":[\"Actos\"],\"inLanguage\":\"pt-PT\"},{\"@type\":\"WebPage\",\"@id\":\"https:\\\/\\\/fundacioncajaruraldelsur.com\\\/inauguracion-y-bendicion-del-nacimiento-de-la-alegria-en-caja-rural-del-sur\\\/\",\"url\":\"https:\\\/\\\/fundacioncajaruraldelsur.com\\\/inauguracion-y-bendicion-del-nacimiento-de-la-alegria-en-caja-rural-del-sur\\\/\",\"name\":\"Inauguraci\u00f3n y bendici\u00f3n del Nacimiento de la Alegr\u00eda en Caja Rural del Sur - Fundaci\u00f3n Caja Rural del Sur\",\"isPartOf\":{\"@id\":\"https:\\\/\\\/fundacioncajaruraldelsur.com\\\/#website\"},\"primaryImageOfPage\":{\"@id\":\"https:\\\/\\\/fundacioncajaruraldelsur.com\\\/inauguracion-y-bendicion-del-nacimiento-de-la-alegria-en-caja-rural-del-sur\\\/#primaryimage\"},\"image\":{\"@id\":\"https:\\\/\\\/fundacioncajaruraldelsur.com\\\/inauguracion-y-bendicion-del-nacimiento-de-la-alegria-en-caja-rural-del-sur\\\/#primaryimage\"},\"thumbnailUrl\":\"https:\\\/\\\/fundacioncajaruraldelsur.com\\\/wp-content\\\/uploads\\\/2023\\\/12\\\/WhatsApp-Image-2023-12-12-at-16.22.05.jpg\",\"datePublished\":\"2023-12-12T15:59:26+00:00\",\"dateModified\":\"2023-12-12T18:22:42+00:00\",\"author\":{\"@id\":\"https:\\\/\\\/fundacioncajaruraldelsur.com\\\/#\\\/schema\\\/person\\\/f430da9fb783d505ff061ad8b3d44577\"},\"breadcrumb\":{\"@id\":\"https:\\\/\\\/fundacioncajaruraldelsur.com\\\/inauguracion-y-bendicion-del-nacimiento-de-la-alegria-en-caja-rural-del-sur\\\/#breadcrumb\"},\"inLanguage\":\"pt-PT\",\"potentialAction\":[{\"@type\":\"ReadAction\",\"target\":[\"https:\\\/\\\/fundacioncajaruraldelsur.com\\\/inauguracion-y-bendicion-del-nacimiento-de-la-alegria-en-caja-rural-del-sur\\\/\"]}]},{\"@type\":\"ImageObject\",\"inLanguage\":\"pt-PT\",\"@id\":\"https:\\\/\\\/fundacioncajaruraldelsur.com\\\/inauguracion-y-bendicion-del-nacimiento-de-la-alegria-en-caja-rural-del-sur\\\/#primaryimage\",\"url\":\"https:\\\/\\\/fundacioncajaruraldelsur.com\\\/wp-content\\\/uploads\\\/2023\\\/12\\\/WhatsApp-Image-2023-12-12-at-16.22.05.jpg\",\"contentUrl\":\"https:\\\/\\\/fundacioncajaruraldelsur.com\\\/wp-content\\\/uploads\\\/2023\\\/12\\\/WhatsApp-Image-2023-12-12-at-16.22.05.jpg\",\"width\":1024,\"height\":768},{\"@type\":\"BreadcrumbList\",\"@id\":\"https:\\\/\\\/fundacioncajaruraldelsur.com\\\/inauguracion-y-bendicion-del-nacimiento-de-la-alegria-en-caja-rural-del-sur\\\/#breadcrumb\",\"itemListElement\":[{\"@type\":\"ListItem\",\"position\":1,\"name\":\"Portada\",\"item\":\"https:\\\/\\\/fundacioncajaruraldelsur.com\\\/\"},{\"@type\":\"ListItem\",\"position\":2,\"name\":\"Inauguraci\u00f3n y bendici\u00f3n del Nacimiento de la Alegr\u00eda en Caja Rural del Sur\"}]},{\"@type\":\"WebSite\",\"@id\":\"https:\\\/\\\/fundacioncajaruraldelsur.com\\\/#website\",\"url\":\"https:\\\/\\\/fundacioncajaruraldelsur.com\\\/\",\"name\":\"Fundaci\u00f3n Caja Rural del Sur\",\"description\":\"\",\"potentialAction\":[{\"@type\":\"SearchAction\",\"target\":{\"@type\":\"EntryPoint\",\"urlTemplate\":\"https:\\\/\\\/fundacioncajaruraldelsur.com\\\/?s={search_term_string}\"},\"query-input\":{\"@type\":\"PropertyValueSpecification\",\"valueRequired\":true,\"valueName\":\"search_term_string\"}}],\"inLanguage\":\"pt-PT\"},{\"@type\":\"Person\",\"@id\":\"https:\\\/\\\/fundacioncajaruraldelsur.com\\\/#\\\/schema\\\/person\\\/f430da9fb783d505ff061ad8b3d44577\",\"name\":\"Comunicaci\u00f3n\",\"image\":{\"@type\":\"ImageObject\",\"inLanguage\":\"pt-PT\",\"@id\":\"https:\\\/\\\/secure.gravatar.com\\\/avatar\\\/0dca239875993680bac4603ad2de7942da018f52cc3a244578e0b3b09314a8d8?s=96&d=blank&r=g\",\"url\":\"https:\\\/\\\/secure.gravatar.com\\\/avatar\\\/0dca239875993680bac4603ad2de7942da018f52cc3a244578e0b3b09314a8d8?s=96&d=blank&r=g\",\"contentUrl\":\"https:\\\/\\\/secure.gravatar.com\\\/avatar\\\/0dca239875993680bac4603ad2de7942da018f52cc3a244578e0b3b09314a8d8?s=96&d=blank&r=g\",\"caption\":\"Comunicaci\u00f3n\"}}]}<\/script>\n<!-- \/ Yoast SEO plugin. -->","yoast_head_json":{"title":"Inauguraci\u00f3n y bendici\u00f3n del Nacimiento de la Alegr\u00eda en Caja Rural del Sur - Fundaci\u00f3n Caja Rural del Sur","robots":{"index":"index","follow":"follow","max-snippet":"max-snippet:-1","max-image-preview":"max-image-preview:large","max-video-preview":"max-video-preview:-1"},"canonical":"https:\/\/fundacioncajaruraldelsur.com\/pt\/inauguracion-y-bendicion-del-nacimiento-de-la-alegria-en-caja-rural-del-sur\/","og_locale":"pt_PT","og_type":"article","og_title":"Inauguraci\u00f3n y bendici\u00f3n del Nacimiento de la Alegr\u00eda en Caja Rural del Sur - Fundaci\u00f3n Caja Rural del Sur","og_description":"Caja Rural del Sur de Sevilla ha acogido este martes, 12 de diciembre, la inauguraci\u00f3n y bendici\u00f3n del Nacimiento de la Alegr\u00eda que desde hace nueve a\u00f1os promueven\u00a0la Universidad CEU [&hellip;]","og_url":"https:\/\/fundacioncajaruraldelsur.com\/pt\/inauguracion-y-bendicion-del-nacimiento-de-la-alegria-en-caja-rural-del-sur\/","og_site_name":"Fundaci\u00f3n Caja Rural del Sur","article_published_time":"2023-12-12T15:59:26+00:00","article_modified_time":"2023-12-12T18:22:42+00:00","og_image":[{"width":1024,"height":768,"url":"https:\/\/fundacioncajaruraldelsur.com\/wp-content\/uploads\/2023\/12\/WhatsApp-Image-2023-12-12-at-16.22.05.jpg","type":"image\/jpeg"}],"author":"Comunicaci\u00f3n","twitter_card":"summary_large_image","twitter_misc":{"Written by":"Comunicaci\u00f3n","Est. reading time":"2 minutes"},"schema":{"@context":"https:\/\/schema.org","@graph":[{"@type":"Article","@id":"https:\/\/fundacioncajaruraldelsur.com\/inauguracion-y-bendicion-del-nacimiento-de-la-alegria-en-caja-rural-del-sur\/#article","isPartOf":{"@id":"https:\/\/fundacioncajaruraldelsur.com\/inauguracion-y-bendicion-del-nacimiento-de-la-alegria-en-caja-rural-del-sur\/"},"author":{"name":"Comunicaci\u00f3n","@id":"https:\/\/fundacioncajaruraldelsur.com\/#\/schema\/person\/f430da9fb783d505ff061ad8b3d44577"},"headline":"Inauguraci\u00f3n y bendici\u00f3n del Nacimiento de la Alegr\u00eda en Caja Rural del Sur","datePublished":"2023-12-12T15:59:26+00:00","dateModified":"2023-12-12T18:22:42+00:00","mainEntityOfPage":{"@id":"https:\/\/fundacioncajaruraldelsur.com\/inauguracion-y-bendicion-del-nacimiento-de-la-alegria-en-caja-rural-del-sur\/"},"wordCount":248,"image":{"@id":"https:\/\/fundacioncajaruraldelsur.com\/inauguracion-y-bendicion-del-nacimiento-de-la-alegria-en-caja-rural-del-sur\/#primaryimage"},"thumbnailUrl":"https:\/\/fundacioncajaruraldelsur.com\/wp-content\/uploads\/2023\/12\/WhatsApp-Image-2023-12-12-at-16.22.05.jpg","articleSection":["Actos"],"inLanguage":"pt-PT"},{"@type":"WebPage","@id":"https:\/\/fundacioncajaruraldelsur.com\/inauguracion-y-bendicion-del-nacimiento-de-la-alegria-en-caja-rural-del-sur\/","url":"https:\/\/fundacioncajaruraldelsur.com\/inauguracion-y-bendicion-del-nacimiento-de-la-alegria-en-caja-rural-del-sur\/","name":"Inauguraci\u00f3n y bendici\u00f3n del Nacimiento de la Alegr\u00eda en Caja Rural del Sur - Fundaci\u00f3n Caja Rural del Sur","isPartOf":{"@id":"https:\/\/fundacioncajaruraldelsur.com\/#website"},"primaryImageOfPage":{"@id":"https:\/\/fundacioncajaruraldelsur.com\/inauguracion-y-bendicion-del-nacimiento-de-la-alegria-en-caja-rural-del-sur\/#primaryimage"},"image":{"@id":"https:\/\/fundacioncajaruraldelsur.com\/inauguracion-y-bendicion-del-nacimiento-de-la-alegria-en-caja-rural-del-sur\/#primaryimage"},"thumbnailUrl":"https:\/\/fundacioncajaruraldelsur.com\/wp-content\/uploads\/2023\/12\/WhatsApp-Image-2023-12-12-at-16.22.05.jpg","datePublished":"2023-12-12T15:59:26+00:00","dateModified":"2023-12-12T18:22:42+00:00","author":{"@id":"https:\/\/fundacioncajaruraldelsur.com\/#\/schema\/person\/f430da9fb783d505ff061ad8b3d44577"},"breadcrumb":{"@id":"https:\/\/fundacioncajaruraldelsur.com\/inauguracion-y-bendicion-del-nacimiento-de-la-alegria-en-caja-rural-del-sur\/#breadcrumb"},"inLanguage":"pt-PT","potentialAction":[{"@type":"ReadAction","target":["https:\/\/fundacioncajaruraldelsur.com\/inauguracion-y-bendicion-del-nacimiento-de-la-alegria-en-caja-rural-del-sur\/"]}]},{"@type":"ImageObject","inLanguage":"pt-PT","@id":"https:\/\/fundacioncajaruraldelsur.com\/inauguracion-y-bendicion-del-nacimiento-de-la-alegria-en-caja-rural-del-sur\/#primaryimage","url":"https:\/\/fundacioncajaruraldelsur.com\/wp-content\/uploads\/2023\/12\/WhatsApp-Image-2023-12-12-at-16.22.05.jpg","contentUrl":"https:\/\/fundacioncajaruraldelsur.com\/wp-content\/uploads\/2023\/12\/WhatsApp-Image-2023-12-12-at-16.22.05.jpg","width":1024,"height":768},{"@type":"BreadcrumbList","@id":"https:\/\/fundacioncajaruraldelsur.com\/inauguracion-y-bendicion-del-nacimiento-de-la-alegria-en-caja-rural-del-sur\/#breadcrumb","itemListElement":[{"@type":"ListItem","position":1,"name":"Portada","item":"https:\/\/fundacioncajaruraldelsur.com\/"},{"@type":"ListItem","position":2,"name":"Inauguraci\u00f3n y bendici\u00f3n del Nacimiento de la Alegr\u00eda en Caja Rural del Sur"}]},{"@type":"WebSite","@id":"https:\/\/fundacioncajaruraldelsur.com\/#website","url":"https:\/\/fundacioncajaruraldelsur.com\/","name":"Funda\u00e7\u00e3o Caja Rural del Sur","description":"","potentialAction":[{"@type":"SearchAction","target":{"@type":"EntryPoint","urlTemplate":"https:\/\/fundacioncajaruraldelsur.com\/?s={search_term_string}"},"query-input":{"@type":"PropertyValueSpecification","valueRequired":true,"valueName":"search_term_string"}}],"inLanguage":"pt-PT"},{"@type":"Person","@id":"https:\/\/fundacioncajaruraldelsur.com\/#\/schema\/person\/f430da9fb783d505ff061ad8b3d44577","name":"Comunicaci\u00f3n","image":{"@type":"ImageObject","inLanguage":"pt-PT","@id":"https:\/\/secure.gravatar.com\/avatar\/0dca239875993680bac4603ad2de7942da018f52cc3a244578e0b3b09314a8d8?s=96&d=blank&r=g","url":"https:\/\/secure.gravatar.com\/avatar\/0dca239875993680bac4603ad2de7942da018f52cc3a244578e0b3b09314a8d8?s=96&d=blank&r=g","contentUrl":"https:\/\/secure.gravatar.com\/avatar\/0dca239875993680bac4603ad2de7942da018f52cc3a244578e0b3b09314a8d8?s=96&d=blank&r=g","caption":"Comunicaci\u00f3n"}}]}},"rttpg_featured_image_url":{"full":["https:\/\/fundacioncajaruraldelsur.com\/wp-content\/uploads\/2023\/12\/WhatsApp-Image-2023-12-12-at-16.22.05.jpg",1024,768,false],"landscape":["https:\/\/fundacioncajaruraldelsur.com\/wp-content\/uploads\/2023\/12\/WhatsApp-Image-2023-12-12-at-16.22.05.jpg",1024,768,false],"portraits":["https:\/\/fundacioncajaruraldelsur.com\/wp-content\/uploads\/2023\/12\/WhatsApp-Image-2023-12-12-at-16.22.05.jpg",1024,768,false],"thumbnail":["https:\/\/fundacioncajaruraldelsur.com\/wp-content\/uploads\/2023\/12\/WhatsApp-Image-2023-12-12-at-16.22.05-150x150.jpg",150,150,true],"medium":["https:\/\/fundacioncajaruraldelsur.com\/wp-content\/uploads\/2023\/12\/WhatsApp-Image-2023-12-12-at-16.22.05-300x225.jpg",300,225,true],"large":["https:\/\/fundacioncajaruraldelsur.com\/wp-content\/uploads\/2023\/12\/WhatsApp-Image-2023-12-12-at-16.22.05.jpg",960,720,false],"1536x1536":["https:\/\/fundacioncajaruraldelsur.com\/wp-content\/uploads\/2023\/12\/WhatsApp-Image-2023-12-12-at-16.22.05.jpg",1024,768,false],"2048x2048":["https:\/\/fundacioncajaruraldelsur.com\/wp-content\/uploads\/2023\/12\/WhatsApp-Image-2023-12-12-at-16.22.05.jpg",1024,768,false],"trp-custom-language-flag":["https:\/\/fundacioncajaruraldelsur.com\/wp-content\/uploads\/2023\/12\/WhatsApp-Image-2023-12-12-at-16.22.05.jpg",16,12,false],"blog-thumbnail":["https:\/\/fundacioncajaruraldelsur.com\/wp-content\/uploads\/2023\/12\/WhatsApp-Image-2023-12-12-at-16.22.05-400x200.jpg",400,200,true]},"rttpg_author":{"display_name":"Comunicaci\u00f3n","author_link":"https:\/\/fundacioncajaruraldelsur.com\/pt\/author\/sevillaadmin\/"},"rttpg_comment":0,"rttpg_category":"<a href=\"https:\/\/fundacioncajaruraldelsur.com\/pt\/category\/actos\/\" rel=\"category tag\">Actos<\/a>","rttpg_excerpt":"Caja Rural del Sur de Sevilla ha acogido este martes, 12 de diciembre, la inauguraci\u00f3n y bendici\u00f3n del Nacimiento de la Alegr\u00eda que desde hace nueve a\u00f1os promueven\u00a0la Universidad CEU [&hellip;]","_links":{"self":[{"href":"https:\/\/fundacioncajaruraldelsur.com\/pt\/wp-json\/wp\/v2\/posts\/9501","targetHints":{"allow":["GET"]}}],"collection":[{"href":"https:\/\/fundacioncajaruraldelsur.com\/pt\/wp-json\/wp\/v2\/posts"}],"about":[{"href":"https:\/\/fundacioncajaruraldelsur.com\/pt\/wp-json\/wp\/v2\/types\/post"}],"author":[{"embeddable":true,"href":"https:\/\/fundacioncajaruraldelsur.com\/pt\/wp-json\/wp\/v2\/users\/6"}],"replies":[{"embeddable":true,"href":"https:\/\/fundacioncajaruraldelsur.com\/pt\/wp-json\/wp\/v2\/comments?post=9501"}],"version-history":[{"count":3,"href":"https:\/\/fundacioncajaruraldelsur.com\/pt\/wp-json\/wp\/v2\/posts\/9501\/revisions"}],"predecessor-version":[{"id":9509,"href":"https:\/\/fundacioncajaruraldelsur.com\/pt\/wp-json\/wp\/v2\/posts\/9501\/revisions\/9509"}],"wp:featuredmedia":[{"embeddable":true,"href":"https:\/\/fundacioncajaruraldelsur.com\/pt\/wp-json\/wp\/v2\/media\/9502"}],"wp:attachment":[{"href":"https:\/\/fundacioncajaruraldelsur.com\/pt\/wp-json\/wp\/v2\/media?parent=9501"}],"wp:term":[{"taxonomy":"category","embeddable":true,"href":"https:\/\/fundacioncajaruraldelsur.com\/pt\/wp-json\/wp\/v2\/categories?post=9501"},{"taxonomy":"post_tag","embeddable":true,"href":"https:\/\/fundacioncajaruraldelsur.com\/pt\/wp-json\/wp\/v2\/tags?post=9501"}],"curies":[{"name":"wp","href":"https:\/\/api.w.org\/{rel}","templated":true}]}}