{"id":9460,"date":"2023-11-30T16:02:54","date_gmt":"2023-11-30T15:02:54","guid":{"rendered":"\/?p=9460"},"modified":"2023-11-30T16:02:54","modified_gmt":"2023-11-30T15:02:54","slug":"fundacion-caja-rural-del-sur-trae-a-huelva-el-documental-el-camino-interior-de-miguel-angel-tobias","status":"publish","type":"post","link":"https:\/\/fundacioncajaruraldelsur.com\/pt\/fundacion-caja-rural-del-sur-trae-a-huelva-el-documental-el-camino-interior-de-miguel-angel-tobias\/","title":{"rendered":"Fundaci\u00f3n Caja Rural del Sur trae a Huelva el documental \u2018El Camino interior\u2019 de Miguel \u00c1ngel Tob\u00edas"},"content":{"rendered":"<p>La Fundaci\u00f3n Caja Rural del Sur ha programado para el 19 de diciembre, en el auditorio de la Casa Col\u00f3n, la presentaci\u00f3n del documental llamado \u00abEl Camino Interior\u00bb realizado por el director de cine Miguel \u00c1ngel Tob\u00edas (creador de \u00abEspa\u00f1oles por el Mundo\u00bb) que trata el tema de la salud psico-social. Esta obra se present\u00f3 en Madrid con la presencia en la inauguraci\u00f3n de la Reina Letizia Ortiz,<\/p>\n<p>En este trabajo cinematogr\u00e1fico se recogen conversaciones que discurren por el Camino de Santiago entre Miguel \u00c1ngel Tob\u00edas y profesionales de la psicolog\u00eda y la medicina como Mario Alonso Puig, y varios deportistas de \u00e9lite, Edurne Pasab\u00e1n o David Meca, que han padecido algunos problemas de salud mental derivados de los altos niveles de autoexigencia propios del deporte de \u00e9lite, pero que se han trasladado en esta \u00e9poca a la juventud, convirti\u00e9ndose en un problema que cada vez se da con m\u00e1s profusi\u00f3n. La emisi\u00f3n del documental se completa con una conferencia a cargo del propio director de cine.<\/p>\n<p>Miguel \u00c1ngel Tob\u00edas es productor, director, guionista, actor y presentador. Creador de \u2018Espa\u00f1oles por el Mundo\u2019, que produce, dirige y presenta en su primera etapa (2003-2004). Con su productora Acca Media, y su particular estilo, Miguel \u00c1ngel lleva 15 a\u00f1os recorriendo el mundo con sus c\u00e1maras, mostrando experiencias, contando historias de vida a trav\u00e9s de sus programas, series documentales, documentales de cine y largometrajes.<\/p>\n<p>En 2015, Miguel \u00c1ngel recibi\u00f3 del presidente de la Rep\u00fablica de Italia la condecoraci\u00f3n de Caballero de la Orden de la Estrella de Italia, como reconocimiento a su labor profesional y su compromiso personal con los Derechos Humanos. En 2017 crea la fundaci\u00f3n \u2018Historias que deben ser contadas\u2019. Tambi\u00e9n es miembro del Consejo de Expertos de la Fundaci\u00f3n World Vision Internacional y Embajador de Honest Strategy. Adem\u00e1s de su trabajo como productor y director, imparte charlas y conferencias en Universidades, Escuelas de Negocio, Empresas, Fundaciones y Asociaciones, sobre derechos humanos, solidaridad, liderazgo, dignidad, creatividad y emprendimiento.<\/p>\n<p>&nbsp;<\/p>\n<p>&nbsp;<\/p>","protected":false},"excerpt":{"rendered":"<p>La Fundaci\u00f3n Caja Rural del Sur ha programado para el 19 de diciembre, en el auditorio de la Casa Col\u00f3n, la presentaci\u00f3n del documental llamado \u00abEl Camino Interior\u00bb realizado por [&hellip;]<\/p>\n","protected":false},"author":6,"featured_media":9461,"comment_status":"closed","ping_status":"closed","sticky":false,"template":"","format":"standard","meta":{"footnotes":""},"categories":[66],"tags":[],"class_list":["post-9460","post","type-post","status-publish","format-standard","has-post-thumbnail","hentry","category-actos"],"yoast_head":"<!-- This site is optimized with the Yoast SEO plugin v27.3 - https:\/\/yoast.com\/product\/yoast-seo-wordpress\/ -->\n<title>Fundaci\u00f3n Caja Rural del Sur trae a Huelva el documental \u2018El Camino interior\u2019 de Miguel \u00c1ngel Tob\u00edas - Fundaci\u00f3n Caja Rural del Sur<\/title>\n<meta name=\"robots\" content=\"index, follow, max-snippet:-1, max-image-preview:large, max-video-preview:-1\" \/>\n<link rel=\"canonical\" href=\"https:\/\/fundacioncajaruraldelsur.com\/pt\/fundacion-caja-rural-del-sur-trae-a-huelva-el-documental-el-camino-interior-de-miguel-angel-tobias\/\" \/>\n<meta property=\"og:locale\" content=\"pt_PT\" \/>\n<meta property=\"og:type\" content=\"article\" \/>\n<meta property=\"og:title\" content=\"Fundaci\u00f3n Caja Rural del Sur trae a Huelva el documental \u2018El Camino interior\u2019 de Miguel \u00c1ngel Tob\u00edas - Fundaci\u00f3n Caja Rural del Sur\" \/>\n<meta property=\"og:description\" content=\"La Fundaci\u00f3n Caja Rural del Sur ha programado para el 19 de diciembre, en el auditorio de la Casa Col\u00f3n, la presentaci\u00f3n del documental llamado \u00abEl Camino Interior\u00bb realizado por [&hellip;]\" \/>\n<meta property=\"og:url\" content=\"https:\/\/fundacioncajaruraldelsur.com\/pt\/fundacion-caja-rural-del-sur-trae-a-huelva-el-documental-el-camino-interior-de-miguel-angel-tobias\/\" \/>\n<meta property=\"og:site_name\" content=\"Fundaci\u00f3n Caja Rural del Sur\" \/>\n<meta property=\"article:published_time\" content=\"2023-11-30T15:02:54+00:00\" \/>\n<meta property=\"og:image\" content=\"https:\/\/fundacioncajaruraldelsur.com\/wp-content\/uploads\/2023\/11\/231130.-Miguel-Angel-Tobias.jpg\" \/>\n\t<meta property=\"og:image:width\" content=\"957\" \/>\n\t<meta property=\"og:image:height\" content=\"636\" \/>\n\t<meta property=\"og:image:type\" content=\"image\/jpeg\" \/>\n<meta name=\"author\" content=\"Comunicaci\u00f3n\" \/>\n<meta name=\"twitter:card\" content=\"summary_large_image\" \/>\n<meta name=\"twitter:label1\" content=\"Written by\" \/>\n\t<meta name=\"twitter:data1\" content=\"Comunicaci\u00f3n\" \/>\n\t<meta name=\"twitter:label2\" content=\"Est. reading time\" \/>\n\t<meta name=\"twitter:data2\" content=\"2 minutes\" \/>\n<script type=\"application\/ld+json\" class=\"yoast-schema-graph\">{\"@context\":\"https:\\\/\\\/schema.org\",\"@graph\":[{\"@type\":\"Article\",\"@id\":\"https:\\\/\\\/fundacioncajaruraldelsur.com\\\/fundacion-caja-rural-del-sur-trae-a-huelva-el-documental-el-camino-interior-de-miguel-angel-tobias\\\/#article\",\"isPartOf\":{\"@id\":\"https:\\\/\\\/fundacioncajaruraldelsur.com\\\/fundacion-caja-rural-del-sur-trae-a-huelva-el-documental-el-camino-interior-de-miguel-angel-tobias\\\/\"},\"author\":{\"name\":\"Comunicaci\u00f3n\",\"@id\":\"https:\\\/\\\/fundacioncajaruraldelsur.com\\\/#\\\/schema\\\/person\\\/f430da9fb783d505ff061ad8b3d44577\"},\"headline\":\"Fundaci\u00f3n Caja Rural del Sur trae a Huelva el documental \u2018El Camino interior\u2019 de Miguel \u00c1ngel Tob\u00edas\",\"datePublished\":\"2023-11-30T15:02:54+00:00\",\"mainEntityOfPage\":{\"@id\":\"https:\\\/\\\/fundacioncajaruraldelsur.com\\\/fundacion-caja-rural-del-sur-trae-a-huelva-el-documental-el-camino-interior-de-miguel-angel-tobias\\\/\"},\"wordCount\":369,\"image\":{\"@id\":\"https:\\\/\\\/fundacioncajaruraldelsur.com\\\/fundacion-caja-rural-del-sur-trae-a-huelva-el-documental-el-camino-interior-de-miguel-angel-tobias\\\/#primaryimage\"},\"thumbnailUrl\":\"https:\\\/\\\/fundacioncajaruraldelsur.com\\\/wp-content\\\/uploads\\\/2023\\\/11\\\/231130.-Miguel-Angel-Tobias.jpg\",\"articleSection\":[\"Actos\"],\"inLanguage\":\"pt-PT\"},{\"@type\":\"WebPage\",\"@id\":\"https:\\\/\\\/fundacioncajaruraldelsur.com\\\/fundacion-caja-rural-del-sur-trae-a-huelva-el-documental-el-camino-interior-de-miguel-angel-tobias\\\/\",\"url\":\"https:\\\/\\\/fundacioncajaruraldelsur.com\\\/fundacion-caja-rural-del-sur-trae-a-huelva-el-documental-el-camino-interior-de-miguel-angel-tobias\\\/\",\"name\":\"Fundaci\u00f3n Caja Rural del Sur trae a Huelva el documental \u2018El Camino interior\u2019 de Miguel \u00c1ngel Tob\u00edas - Fundaci\u00f3n Caja Rural del Sur\",\"isPartOf\":{\"@id\":\"https:\\\/\\\/fundacioncajaruraldelsur.com\\\/#website\"},\"primaryImageOfPage\":{\"@id\":\"https:\\\/\\\/fundacioncajaruraldelsur.com\\\/fundacion-caja-rural-del-sur-trae-a-huelva-el-documental-el-camino-interior-de-miguel-angel-tobias\\\/#primaryimage\"},\"image\":{\"@id\":\"https:\\\/\\\/fundacioncajaruraldelsur.com\\\/fundacion-caja-rural-del-sur-trae-a-huelva-el-documental-el-camino-interior-de-miguel-angel-tobias\\\/#primaryimage\"},\"thumbnailUrl\":\"https:\\\/\\\/fundacioncajaruraldelsur.com\\\/wp-content\\\/uploads\\\/2023\\\/11\\\/231130.-Miguel-Angel-Tobias.jpg\",\"datePublished\":\"2023-11-30T15:02:54+00:00\",\"author\":{\"@id\":\"https:\\\/\\\/fundacioncajaruraldelsur.com\\\/#\\\/schema\\\/person\\\/f430da9fb783d505ff061ad8b3d44577\"},\"breadcrumb\":{\"@id\":\"https:\\\/\\\/fundacioncajaruraldelsur.com\\\/fundacion-caja-rural-del-sur-trae-a-huelva-el-documental-el-camino-interior-de-miguel-angel-tobias\\\/#breadcrumb\"},\"inLanguage\":\"pt-PT\",\"potentialAction\":[{\"@type\":\"ReadAction\",\"target\":[\"https:\\\/\\\/fundacioncajaruraldelsur.com\\\/fundacion-caja-rural-del-sur-trae-a-huelva-el-documental-el-camino-interior-de-miguel-angel-tobias\\\/\"]}]},{\"@type\":\"ImageObject\",\"inLanguage\":\"pt-PT\",\"@id\":\"https:\\\/\\\/fundacioncajaruraldelsur.com\\\/fundacion-caja-rural-del-sur-trae-a-huelva-el-documental-el-camino-interior-de-miguel-angel-tobias\\\/#primaryimage\",\"url\":\"https:\\\/\\\/fundacioncajaruraldelsur.com\\\/wp-content\\\/uploads\\\/2023\\\/11\\\/231130.-Miguel-Angel-Tobias.jpg\",\"contentUrl\":\"https:\\\/\\\/fundacioncajaruraldelsur.com\\\/wp-content\\\/uploads\\\/2023\\\/11\\\/231130.-Miguel-Angel-Tobias.jpg\",\"width\":957,\"height\":636},{\"@type\":\"BreadcrumbList\",\"@id\":\"https:\\\/\\\/fundacioncajaruraldelsur.com\\\/fundacion-caja-rural-del-sur-trae-a-huelva-el-documental-el-camino-interior-de-miguel-angel-tobias\\\/#breadcrumb\",\"itemListElement\":[{\"@type\":\"ListItem\",\"position\":1,\"name\":\"Portada\",\"item\":\"https:\\\/\\\/fundacioncajaruraldelsur.com\\\/\"},{\"@type\":\"ListItem\",\"position\":2,\"name\":\"Fundaci\u00f3n Caja Rural del Sur trae a Huelva el documental \u2018El Camino interior\u2019 de Miguel \u00c1ngel Tob\u00edas\"}]},{\"@type\":\"WebSite\",\"@id\":\"https:\\\/\\\/fundacioncajaruraldelsur.com\\\/#website\",\"url\":\"https:\\\/\\\/fundacioncajaruraldelsur.com\\\/\",\"name\":\"Fundaci\u00f3n Caja Rural del Sur\",\"description\":\"\",\"potentialAction\":[{\"@type\":\"SearchAction\",\"target\":{\"@type\":\"EntryPoint\",\"urlTemplate\":\"https:\\\/\\\/fundacioncajaruraldelsur.com\\\/?s={search_term_string}\"},\"query-input\":{\"@type\":\"PropertyValueSpecification\",\"valueRequired\":true,\"valueName\":\"search_term_string\"}}],\"inLanguage\":\"pt-PT\"},{\"@type\":\"Person\",\"@id\":\"https:\\\/\\\/fundacioncajaruraldelsur.com\\\/#\\\/schema\\\/person\\\/f430da9fb783d505ff061ad8b3d44577\",\"name\":\"Comunicaci\u00f3n\",\"image\":{\"@type\":\"ImageObject\",\"inLanguage\":\"pt-PT\",\"@id\":\"https:\\\/\\\/secure.gravatar.com\\\/avatar\\\/0dca239875993680bac4603ad2de7942da018f52cc3a244578e0b3b09314a8d8?s=96&d=blank&r=g\",\"url\":\"https:\\\/\\\/secure.gravatar.com\\\/avatar\\\/0dca239875993680bac4603ad2de7942da018f52cc3a244578e0b3b09314a8d8?s=96&d=blank&r=g\",\"contentUrl\":\"https:\\\/\\\/secure.gravatar.com\\\/avatar\\\/0dca239875993680bac4603ad2de7942da018f52cc3a244578e0b3b09314a8d8?s=96&d=blank&r=g\",\"caption\":\"Comunicaci\u00f3n\"}}]}<\/script>\n<!-- \/ Yoast SEO plugin. -->","yoast_head_json":{"title":"Fundaci\u00f3n Caja Rural del Sur trae a Huelva el documental \u2018El Camino interior\u2019 de Miguel \u00c1ngel Tob\u00edas - Fundaci\u00f3n Caja Rural del Sur","robots":{"index":"index","follow":"follow","max-snippet":"max-snippet:-1","max-image-preview":"max-image-preview:large","max-video-preview":"max-video-preview:-1"},"canonical":"https:\/\/fundacioncajaruraldelsur.com\/pt\/fundacion-caja-rural-del-sur-trae-a-huelva-el-documental-el-camino-interior-de-miguel-angel-tobias\/","og_locale":"pt_PT","og_type":"article","og_title":"Fundaci\u00f3n Caja Rural del Sur trae a Huelva el documental \u2018El Camino interior\u2019 de Miguel \u00c1ngel Tob\u00edas - Fundaci\u00f3n Caja Rural del Sur","og_description":"La Fundaci\u00f3n Caja Rural del Sur ha programado para el 19 de diciembre, en el auditorio de la Casa Col\u00f3n, la presentaci\u00f3n del documental llamado \u00abEl Camino Interior\u00bb realizado por [&hellip;]","og_url":"https:\/\/fundacioncajaruraldelsur.com\/pt\/fundacion-caja-rural-del-sur-trae-a-huelva-el-documental-el-camino-interior-de-miguel-angel-tobias\/","og_site_name":"Fundaci\u00f3n Caja Rural del Sur","article_published_time":"2023-11-30T15:02:54+00:00","og_image":[{"width":957,"height":636,"url":"https:\/\/fundacioncajaruraldelsur.com\/wp-content\/uploads\/2023\/11\/231130.-Miguel-Angel-Tobias.jpg","type":"image\/jpeg"}],"author":"Comunicaci\u00f3n","twitter_card":"summary_large_image","twitter_misc":{"Written by":"Comunicaci\u00f3n","Est. reading time":"2 minutes"},"schema":{"@context":"https:\/\/schema.org","@graph":[{"@type":"Article","@id":"https:\/\/fundacioncajaruraldelsur.com\/fundacion-caja-rural-del-sur-trae-a-huelva-el-documental-el-camino-interior-de-miguel-angel-tobias\/#article","isPartOf":{"@id":"https:\/\/fundacioncajaruraldelsur.com\/fundacion-caja-rural-del-sur-trae-a-huelva-el-documental-el-camino-interior-de-miguel-angel-tobias\/"},"author":{"name":"Comunicaci\u00f3n","@id":"https:\/\/fundacioncajaruraldelsur.com\/#\/schema\/person\/f430da9fb783d505ff061ad8b3d44577"},"headline":"Fundaci\u00f3n Caja Rural del Sur trae a Huelva el documental \u2018El Camino interior\u2019 de Miguel \u00c1ngel Tob\u00edas","datePublished":"2023-11-30T15:02:54+00:00","mainEntityOfPage":{"@id":"https:\/\/fundacioncajaruraldelsur.com\/fundacion-caja-rural-del-sur-trae-a-huelva-el-documental-el-camino-interior-de-miguel-angel-tobias\/"},"wordCount":369,"image":{"@id":"https:\/\/fundacioncajaruraldelsur.com\/fundacion-caja-rural-del-sur-trae-a-huelva-el-documental-el-camino-interior-de-miguel-angel-tobias\/#primaryimage"},"thumbnailUrl":"https:\/\/fundacioncajaruraldelsur.com\/wp-content\/uploads\/2023\/11\/231130.-Miguel-Angel-Tobias.jpg","articleSection":["Actos"],"inLanguage":"pt-PT"},{"@type":"WebPage","@id":"https:\/\/fundacioncajaruraldelsur.com\/fundacion-caja-rural-del-sur-trae-a-huelva-el-documental-el-camino-interior-de-miguel-angel-tobias\/","url":"https:\/\/fundacioncajaruraldelsur.com\/fundacion-caja-rural-del-sur-trae-a-huelva-el-documental-el-camino-interior-de-miguel-angel-tobias\/","name":"Fundaci\u00f3n Caja Rural del Sur trae a Huelva el documental \u2018El Camino interior\u2019 de Miguel \u00c1ngel Tob\u00edas - Fundaci\u00f3n Caja Rural del Sur","isPartOf":{"@id":"https:\/\/fundacioncajaruraldelsur.com\/#website"},"primaryImageOfPage":{"@id":"https:\/\/fundacioncajaruraldelsur.com\/fundacion-caja-rural-del-sur-trae-a-huelva-el-documental-el-camino-interior-de-miguel-angel-tobias\/#primaryimage"},"image":{"@id":"https:\/\/fundacioncajaruraldelsur.com\/fundacion-caja-rural-del-sur-trae-a-huelva-el-documental-el-camino-interior-de-miguel-angel-tobias\/#primaryimage"},"thumbnailUrl":"https:\/\/fundacioncajaruraldelsur.com\/wp-content\/uploads\/2023\/11\/231130.-Miguel-Angel-Tobias.jpg","datePublished":"2023-11-30T15:02:54+00:00","author":{"@id":"https:\/\/fundacioncajaruraldelsur.com\/#\/schema\/person\/f430da9fb783d505ff061ad8b3d44577"},"breadcrumb":{"@id":"https:\/\/fundacioncajaruraldelsur.com\/fundacion-caja-rural-del-sur-trae-a-huelva-el-documental-el-camino-interior-de-miguel-angel-tobias\/#breadcrumb"},"inLanguage":"pt-PT","potentialAction":[{"@type":"ReadAction","target":["https:\/\/fundacioncajaruraldelsur.com\/fundacion-caja-rural-del-sur-trae-a-huelva-el-documental-el-camino-interior-de-miguel-angel-tobias\/"]}]},{"@type":"ImageObject","inLanguage":"pt-PT","@id":"https:\/\/fundacioncajaruraldelsur.com\/fundacion-caja-rural-del-sur-trae-a-huelva-el-documental-el-camino-interior-de-miguel-angel-tobias\/#primaryimage","url":"https:\/\/fundacioncajaruraldelsur.com\/wp-content\/uploads\/2023\/11\/231130.-Miguel-Angel-Tobias.jpg","contentUrl":"https:\/\/fundacioncajaruraldelsur.com\/wp-content\/uploads\/2023\/11\/231130.-Miguel-Angel-Tobias.jpg","width":957,"height":636},{"@type":"BreadcrumbList","@id":"https:\/\/fundacioncajaruraldelsur.com\/fundacion-caja-rural-del-sur-trae-a-huelva-el-documental-el-camino-interior-de-miguel-angel-tobias\/#breadcrumb","itemListElement":[{"@type":"ListItem","position":1,"name":"Portada","item":"https:\/\/fundacioncajaruraldelsur.com\/"},{"@type":"ListItem","position":2,"name":"Fundaci\u00f3n Caja Rural del Sur trae a Huelva el documental \u2018El Camino interior\u2019 de Miguel \u00c1ngel Tob\u00edas"}]},{"@type":"WebSite","@id":"https:\/\/fundacioncajaruraldelsur.com\/#website","url":"https:\/\/fundacioncajaruraldelsur.com\/","name":"Funda\u00e7\u00e3o Caja Rural del Sur","description":"","potentialAction":[{"@type":"SearchAction","target":{"@type":"EntryPoint","urlTemplate":"https:\/\/fundacioncajaruraldelsur.com\/?s={search_term_string}"},"query-input":{"@type":"PropertyValueSpecification","valueRequired":true,"valueName":"search_term_string"}}],"inLanguage":"pt-PT"},{"@type":"Person","@id":"https:\/\/fundacioncajaruraldelsur.com\/#\/schema\/person\/f430da9fb783d505ff061ad8b3d44577","name":"Comunicaci\u00f3n","image":{"@type":"ImageObject","inLanguage":"pt-PT","@id":"https:\/\/secure.gravatar.com\/avatar\/0dca239875993680bac4603ad2de7942da018f52cc3a244578e0b3b09314a8d8?s=96&d=blank&r=g","url":"https:\/\/secure.gravatar.com\/avatar\/0dca239875993680bac4603ad2de7942da018f52cc3a244578e0b3b09314a8d8?s=96&d=blank&r=g","contentUrl":"https:\/\/secure.gravatar.com\/avatar\/0dca239875993680bac4603ad2de7942da018f52cc3a244578e0b3b09314a8d8?s=96&d=blank&r=g","caption":"Comunicaci\u00f3n"}}]}},"rttpg_featured_image_url":{"full":["https:\/\/fundacioncajaruraldelsur.com\/wp-content\/uploads\/2023\/11\/231130.-Miguel-Angel-Tobias.jpg",957,636,false],"landscape":["https:\/\/fundacioncajaruraldelsur.com\/wp-content\/uploads\/2023\/11\/231130.-Miguel-Angel-Tobias.jpg",957,636,false],"portraits":["https:\/\/fundacioncajaruraldelsur.com\/wp-content\/uploads\/2023\/11\/231130.-Miguel-Angel-Tobias.jpg",957,636,false],"thumbnail":["https:\/\/fundacioncajaruraldelsur.com\/wp-content\/uploads\/2023\/11\/231130.-Miguel-Angel-Tobias-150x150.jpg",150,150,true],"medium":["https:\/\/fundacioncajaruraldelsur.com\/wp-content\/uploads\/2023\/11\/231130.-Miguel-Angel-Tobias-300x199.jpg",300,199,true],"large":["https:\/\/fundacioncajaruraldelsur.com\/wp-content\/uploads\/2023\/11\/231130.-Miguel-Angel-Tobias.jpg",957,636,false],"1536x1536":["https:\/\/fundacioncajaruraldelsur.com\/wp-content\/uploads\/2023\/11\/231130.-Miguel-Angel-Tobias.jpg",957,636,false],"2048x2048":["https:\/\/fundacioncajaruraldelsur.com\/wp-content\/uploads\/2023\/11\/231130.-Miguel-Angel-Tobias.jpg",957,636,false],"trp-custom-language-flag":["https:\/\/fundacioncajaruraldelsur.com\/wp-content\/uploads\/2023\/11\/231130.-Miguel-Angel-Tobias.jpg",18,12,false],"blog-thumbnail":["https:\/\/fundacioncajaruraldelsur.com\/wp-content\/uploads\/2023\/11\/231130.-Miguel-Angel-Tobias-400x200.jpg",400,200,true]},"rttpg_author":{"display_name":"Comunicaci\u00f3n","author_link":"https:\/\/fundacioncajaruraldelsur.com\/pt\/author\/sevillaadmin\/"},"rttpg_comment":0,"rttpg_category":"<a href=\"https:\/\/fundacioncajaruraldelsur.com\/pt\/category\/actos\/\" rel=\"category tag\">Actos<\/a>","rttpg_excerpt":"La Fundaci\u00f3n Caja Rural del Sur ha programado para el 19 de diciembre, en el auditorio de la Casa Col\u00f3n, la presentaci\u00f3n del documental llamado \u00abEl Camino Interior\u00bb realizado por [&hellip;]","_links":{"self":[{"href":"https:\/\/fundacioncajaruraldelsur.com\/pt\/wp-json\/wp\/v2\/posts\/9460","targetHints":{"allow":["GET"]}}],"collection":[{"href":"https:\/\/fundacioncajaruraldelsur.com\/pt\/wp-json\/wp\/v2\/posts"}],"about":[{"href":"https:\/\/fundacioncajaruraldelsur.com\/pt\/wp-json\/wp\/v2\/types\/post"}],"author":[{"embeddable":true,"href":"https:\/\/fundacioncajaruraldelsur.com\/pt\/wp-json\/wp\/v2\/users\/6"}],"replies":[{"embeddable":true,"href":"https:\/\/fundacioncajaruraldelsur.com\/pt\/wp-json\/wp\/v2\/comments?post=9460"}],"version-history":[{"count":1,"href":"https:\/\/fundacioncajaruraldelsur.com\/pt\/wp-json\/wp\/v2\/posts\/9460\/revisions"}],"predecessor-version":[{"id":9462,"href":"https:\/\/fundacioncajaruraldelsur.com\/pt\/wp-json\/wp\/v2\/posts\/9460\/revisions\/9462"}],"wp:featuredmedia":[{"embeddable":true,"href":"https:\/\/fundacioncajaruraldelsur.com\/pt\/wp-json\/wp\/v2\/media\/9461"}],"wp:attachment":[{"href":"https:\/\/fundacioncajaruraldelsur.com\/pt\/wp-json\/wp\/v2\/media?parent=9460"}],"wp:term":[{"taxonomy":"category","embeddable":true,"href":"https:\/\/fundacioncajaruraldelsur.com\/pt\/wp-json\/wp\/v2\/categories?post=9460"},{"taxonomy":"post_tag","embeddable":true,"href":"https:\/\/fundacioncajaruraldelsur.com\/pt\/wp-json\/wp\/v2\/tags?post=9460"}],"curies":[{"name":"wp","href":"https:\/\/api.w.org\/{rel}","templated":true}]}}