{"id":9421,"date":"2023-11-18T09:42:58","date_gmt":"2023-11-18T08:42:58","guid":{"rendered":"\/?p=9421"},"modified":"2023-11-18T09:42:58","modified_gmt":"2023-11-18T08:42:58","slug":"presentacion-del-cartel-que-anuncia-la-cabalgata-de-reyes-magos-de-sevilla-2024","status":"publish","type":"post","link":"https:\/\/fundacioncajaruraldelsur.com\/pt\/presentacion-del-cartel-que-anuncia-la-cabalgata-de-reyes-magos-de-sevilla-2024\/","title":{"rendered":"Presentaci\u00f3n del cartel que anuncia la Cabalgata de Reyes Magos de Sevilla 2024"},"content":{"rendered":"<p>La sede de la Fundaci\u00f3n Caja Rural del Sur, acogi\u00f3 el viernes, 17 de noviembre, la presentaci\u00f3n del <strong>cartel que anuncia<\/strong> <strong>la Cabalgata de Reyes Magos de 2024, <\/strong>junto con el presidente de Ateneo de Sevilla, Emilio Boja y del vocal de <strong>Bellas Artes del Ateneo, el tambi\u00e9n pintor<\/strong>\u00a0<strong class=\"mce\">Luis Rizo Haro<\/strong><\/p>\n<p><strong>El autor de la obra pict\u00f3rica, Javier Jim\u00e9nez S\u00e1nchez-Dalp<\/strong>, ha decidido rendir homenaje con el cartel a todos los menores que pasan las festividades navide\u00f1as en centros de salud. En el cartel, se puede observar a Sus Majestades de Oriente llevando regalos a un ni\u00f1o que los recibe con una sonrisa mientras se encuentra en una cama hospitalaria.<\/p>\n<p>El primer plano del cartel est\u00e1 dedicado a los Reyes Magos, quienes entregan sus presentes al ni\u00f1o en el hospital. En la s\u00e1bana de la cama se destaca el escudo de la orden de San Juan de Dios, ya que el autor ha recreado la habitaci\u00f3n del centro sanitario que esta entidad religiosa posee en Nervi\u00f3n. S\u00e1nchez-Dalp explic\u00f3 que este edificio tiene un significado especial para \u00e9l, debido a la reciente ampliaci\u00f3n que realizaron en colaboraci\u00f3n con la orden.<\/p>\n<p>La inclusi\u00f3n de esta imagen busca sensibilizar y recordar a la sociedad sobre la importancia de solidarizarse con aquellos ni\u00f1os que, por diversas razones, no pueden disfrutar de las festividades en sus hogares. El cartel se presenta como una expresi\u00f3n art\u00edstica que va m\u00e1s all\u00e1 de la tradici\u00f3n, invitando a reflexionar sobre la realidad de muchos menores durante las fechas navide\u00f1as.<\/p>\n<p>En un segundo plano, en color blanco, aparece la silueta de la Cabalgata, en la que se adivinan las carrozas de los tres Reyes Magos y de la\u00a0<strong class=\"mce\">Estrella de la Ilusi\u00f3n<\/strong>. Y en un tercero, con los colores del atardecer, una vista panor\u00e1mica de la ciudad, con sus torres y c\u00fapulas, destacando la Giralda, sobre la que se posa la Estrella que gu\u00eda a Sus Majestades.<\/p>\n<p>La obra est\u00e1 realizada con acuarela, grafito, acr\u00edlico y l\u00e1piz de color sobre papel encolado a tabla,\u00a0 quien agradeci\u00f3 la colaboraci\u00f3n de la orden de San Juan de Dios, a quienes hicieron de figurantes de la escena y a su <strong class=\"mce\">Hermandad de la Quinta Angustia<\/strong>, por el atrezo prestado para la vestimenta de los Reyes Magos.<\/p>\n<p><a href=\"\/wp-content\/uploads\/2023\/11\/cartel-2.jpg\" rel=\"lightbox-0\"><img loading=\"lazy\" decoding=\"async\" class=\"wp-image-9423 size-full aligncenter\" src=\"\/wp-content\/uploads\/2023\/11\/cartel-2.jpg\" alt=\"\" width=\"461\" height=\"615\" srcset=\"https:\/\/fundacioncajaruraldelsur.com\/wp-content\/uploads\/2023\/11\/cartel-2.jpg 461w, https:\/\/fundacioncajaruraldelsur.com\/wp-content\/uploads\/2023\/11\/cartel-2-225x300.jpg 225w\" sizes=\"auto, (max-width: 461px) 100vw, 461px\" \/><\/a><\/p>\n<p>&nbsp;<\/p>\n<p><a href=\"\/wp-content\/uploads\/2023\/11\/cartel-4.jpg\" rel=\"lightbox-1\"><img loading=\"lazy\" decoding=\"async\" class=\"alignnone wp-image-9424 size-full\" src=\"\/wp-content\/uploads\/2023\/11\/cartel-4.jpg\" alt=\"\" width=\"820\" height=\"615\" srcset=\"https:\/\/fundacioncajaruraldelsur.com\/wp-content\/uploads\/2023\/11\/cartel-4.jpg 820w, https:\/\/fundacioncajaruraldelsur.com\/wp-content\/uploads\/2023\/11\/cartel-4-300x225.jpg 300w, https:\/\/fundacioncajaruraldelsur.com\/wp-content\/uploads\/2023\/11\/cartel-4-768x576.jpg 768w\" sizes=\"auto, (max-width: 820px) 100vw, 820px\" \/><\/a><\/p>\n<p>&nbsp;<\/p>","protected":false},"excerpt":{"rendered":"<p>La sede de la Fundaci\u00f3n Caja Rural del Sur, acogi\u00f3 el viernes, 17 de noviembre, la presentaci\u00f3n del cartel que anuncia la Cabalgata de Reyes Magos de 2024, junto con [&hellip;]<\/p>\n","protected":false},"author":6,"featured_media":9422,"comment_status":"closed","ping_status":"closed","sticky":false,"template":"","format":"standard","meta":{"footnotes":""},"categories":[70,84],"tags":[],"class_list":["post-9421","post","type-post","status-publish","format-standard","has-post-thumbnail","hentry","category-accion-social","category-presentaciones"],"yoast_head":"<!-- This site is optimized with the Yoast SEO plugin v27.3 - https:\/\/yoast.com\/product\/yoast-seo-wordpress\/ -->\n<title>Presentaci\u00f3n del cartel que anuncia la Cabalgata de Reyes Magos de Sevilla 2024 - Fundaci\u00f3n Caja Rural del Sur<\/title>\n<meta name=\"robots\" content=\"index, follow, max-snippet:-1, max-image-preview:large, max-video-preview:-1\" \/>\n<link rel=\"canonical\" href=\"https:\/\/fundacioncajaruraldelsur.com\/pt\/presentacion-del-cartel-que-anuncia-la-cabalgata-de-reyes-magos-de-sevilla-2024\/\" \/>\n<meta property=\"og:locale\" content=\"pt_PT\" \/>\n<meta property=\"og:type\" content=\"article\" \/>\n<meta property=\"og:title\" content=\"Presentaci\u00f3n del cartel que anuncia la Cabalgata de Reyes Magos de Sevilla 2024 - Fundaci\u00f3n Caja Rural del Sur\" \/>\n<meta property=\"og:description\" content=\"La sede de la Fundaci\u00f3n Caja Rural del Sur, acogi\u00f3 el viernes, 17 de noviembre, la presentaci\u00f3n del cartel que anuncia la Cabalgata de Reyes Magos de 2024, junto con [&hellip;]\" \/>\n<meta property=\"og:url\" content=\"https:\/\/fundacioncajaruraldelsur.com\/pt\/presentacion-del-cartel-que-anuncia-la-cabalgata-de-reyes-magos-de-sevilla-2024\/\" \/>\n<meta property=\"og:site_name\" content=\"Fundaci\u00f3n Caja Rural del Sur\" \/>\n<meta property=\"article:published_time\" content=\"2023-11-18T08:42:58+00:00\" \/>\n<meta property=\"og:image\" content=\"https:\/\/fundacioncajaruraldelsur.com\/wp-content\/uploads\/2023\/11\/cartel-1.jpg\" \/>\n\t<meta property=\"og:image:width\" content=\"679\" \/>\n\t<meta property=\"og:image:height\" content=\"320\" \/>\n\t<meta property=\"og:image:type\" content=\"image\/jpeg\" \/>\n<meta name=\"author\" content=\"Comunicaci\u00f3n\" \/>\n<meta name=\"twitter:card\" content=\"summary_large_image\" \/>\n<meta name=\"twitter:label1\" content=\"Written by\" \/>\n\t<meta name=\"twitter:data1\" content=\"Comunicaci\u00f3n\" \/>\n\t<meta name=\"twitter:label2\" content=\"Est. reading time\" \/>\n\t<meta name=\"twitter:data2\" content=\"3 minutes\" \/>\n<script type=\"application\/ld+json\" class=\"yoast-schema-graph\">{\"@context\":\"https:\\\/\\\/schema.org\",\"@graph\":[{\"@type\":\"Article\",\"@id\":\"https:\\\/\\\/fundacioncajaruraldelsur.com\\\/presentacion-del-cartel-que-anuncia-la-cabalgata-de-reyes-magos-de-sevilla-2024\\\/#article\",\"isPartOf\":{\"@id\":\"https:\\\/\\\/fundacioncajaruraldelsur.com\\\/presentacion-del-cartel-que-anuncia-la-cabalgata-de-reyes-magos-de-sevilla-2024\\\/\"},\"author\":{\"name\":\"Comunicaci\u00f3n\",\"@id\":\"https:\\\/\\\/fundacioncajaruraldelsur.com\\\/#\\\/schema\\\/person\\\/f430da9fb783d505ff061ad8b3d44577\"},\"headline\":\"Presentaci\u00f3n del cartel que anuncia la Cabalgata de Reyes Magos de Sevilla 2024\",\"datePublished\":\"2023-11-18T08:42:58+00:00\",\"mainEntityOfPage\":{\"@id\":\"https:\\\/\\\/fundacioncajaruraldelsur.com\\\/presentacion-del-cartel-que-anuncia-la-cabalgata-de-reyes-magos-de-sevilla-2024\\\/\"},\"wordCount\":415,\"image\":{\"@id\":\"https:\\\/\\\/fundacioncajaruraldelsur.com\\\/presentacion-del-cartel-que-anuncia-la-cabalgata-de-reyes-magos-de-sevilla-2024\\\/#primaryimage\"},\"thumbnailUrl\":\"https:\\\/\\\/fundacioncajaruraldelsur.com\\\/wp-content\\\/uploads\\\/2023\\\/11\\\/cartel-1.jpg\",\"articleSection\":[\"Acci\u00f3n social\",\"Presentaciones\"],\"inLanguage\":\"pt-PT\"},{\"@type\":\"WebPage\",\"@id\":\"https:\\\/\\\/fundacioncajaruraldelsur.com\\\/presentacion-del-cartel-que-anuncia-la-cabalgata-de-reyes-magos-de-sevilla-2024\\\/\",\"url\":\"https:\\\/\\\/fundacioncajaruraldelsur.com\\\/presentacion-del-cartel-que-anuncia-la-cabalgata-de-reyes-magos-de-sevilla-2024\\\/\",\"name\":\"Presentaci\u00f3n del cartel que anuncia la Cabalgata de Reyes Magos de Sevilla 2024 - Fundaci\u00f3n Caja Rural del Sur\",\"isPartOf\":{\"@id\":\"https:\\\/\\\/fundacioncajaruraldelsur.com\\\/#website\"},\"primaryImageOfPage\":{\"@id\":\"https:\\\/\\\/fundacioncajaruraldelsur.com\\\/presentacion-del-cartel-que-anuncia-la-cabalgata-de-reyes-magos-de-sevilla-2024\\\/#primaryimage\"},\"image\":{\"@id\":\"https:\\\/\\\/fundacioncajaruraldelsur.com\\\/presentacion-del-cartel-que-anuncia-la-cabalgata-de-reyes-magos-de-sevilla-2024\\\/#primaryimage\"},\"thumbnailUrl\":\"https:\\\/\\\/fundacioncajaruraldelsur.com\\\/wp-content\\\/uploads\\\/2023\\\/11\\\/cartel-1.jpg\",\"datePublished\":\"2023-11-18T08:42:58+00:00\",\"author\":{\"@id\":\"https:\\\/\\\/fundacioncajaruraldelsur.com\\\/#\\\/schema\\\/person\\\/f430da9fb783d505ff061ad8b3d44577\"},\"breadcrumb\":{\"@id\":\"https:\\\/\\\/fundacioncajaruraldelsur.com\\\/presentacion-del-cartel-que-anuncia-la-cabalgata-de-reyes-magos-de-sevilla-2024\\\/#breadcrumb\"},\"inLanguage\":\"pt-PT\",\"potentialAction\":[{\"@type\":\"ReadAction\",\"target\":[\"https:\\\/\\\/fundacioncajaruraldelsur.com\\\/presentacion-del-cartel-que-anuncia-la-cabalgata-de-reyes-magos-de-sevilla-2024\\\/\"]}]},{\"@type\":\"ImageObject\",\"inLanguage\":\"pt-PT\",\"@id\":\"https:\\\/\\\/fundacioncajaruraldelsur.com\\\/presentacion-del-cartel-que-anuncia-la-cabalgata-de-reyes-magos-de-sevilla-2024\\\/#primaryimage\",\"url\":\"https:\\\/\\\/fundacioncajaruraldelsur.com\\\/wp-content\\\/uploads\\\/2023\\\/11\\\/cartel-1.jpg\",\"contentUrl\":\"https:\\\/\\\/fundacioncajaruraldelsur.com\\\/wp-content\\\/uploads\\\/2023\\\/11\\\/cartel-1.jpg\",\"width\":679,\"height\":320},{\"@type\":\"BreadcrumbList\",\"@id\":\"https:\\\/\\\/fundacioncajaruraldelsur.com\\\/presentacion-del-cartel-que-anuncia-la-cabalgata-de-reyes-magos-de-sevilla-2024\\\/#breadcrumb\",\"itemListElement\":[{\"@type\":\"ListItem\",\"position\":1,\"name\":\"Portada\",\"item\":\"https:\\\/\\\/fundacioncajaruraldelsur.com\\\/\"},{\"@type\":\"ListItem\",\"position\":2,\"name\":\"Presentaci\u00f3n del cartel que anuncia la Cabalgata de Reyes Magos de Sevilla 2024\"}]},{\"@type\":\"WebSite\",\"@id\":\"https:\\\/\\\/fundacioncajaruraldelsur.com\\\/#website\",\"url\":\"https:\\\/\\\/fundacioncajaruraldelsur.com\\\/\",\"name\":\"Fundaci\u00f3n Caja Rural del Sur\",\"description\":\"\",\"potentialAction\":[{\"@type\":\"SearchAction\",\"target\":{\"@type\":\"EntryPoint\",\"urlTemplate\":\"https:\\\/\\\/fundacioncajaruraldelsur.com\\\/?s={search_term_string}\"},\"query-input\":{\"@type\":\"PropertyValueSpecification\",\"valueRequired\":true,\"valueName\":\"search_term_string\"}}],\"inLanguage\":\"pt-PT\"},{\"@type\":\"Person\",\"@id\":\"https:\\\/\\\/fundacioncajaruraldelsur.com\\\/#\\\/schema\\\/person\\\/f430da9fb783d505ff061ad8b3d44577\",\"name\":\"Comunicaci\u00f3n\",\"image\":{\"@type\":\"ImageObject\",\"inLanguage\":\"pt-PT\",\"@id\":\"https:\\\/\\\/secure.gravatar.com\\\/avatar\\\/0dca239875993680bac4603ad2de7942da018f52cc3a244578e0b3b09314a8d8?s=96&d=blank&r=g\",\"url\":\"https:\\\/\\\/secure.gravatar.com\\\/avatar\\\/0dca239875993680bac4603ad2de7942da018f52cc3a244578e0b3b09314a8d8?s=96&d=blank&r=g\",\"contentUrl\":\"https:\\\/\\\/secure.gravatar.com\\\/avatar\\\/0dca239875993680bac4603ad2de7942da018f52cc3a244578e0b3b09314a8d8?s=96&d=blank&r=g\",\"caption\":\"Comunicaci\u00f3n\"}}]}<\/script>\n<!-- \/ Yoast SEO plugin. -->","yoast_head_json":{"title":"Presentaci\u00f3n del cartel que anuncia la Cabalgata de Reyes Magos de Sevilla 2024 - Fundaci\u00f3n Caja Rural del Sur","robots":{"index":"index","follow":"follow","max-snippet":"max-snippet:-1","max-image-preview":"max-image-preview:large","max-video-preview":"max-video-preview:-1"},"canonical":"https:\/\/fundacioncajaruraldelsur.com\/pt\/presentacion-del-cartel-que-anuncia-la-cabalgata-de-reyes-magos-de-sevilla-2024\/","og_locale":"pt_PT","og_type":"article","og_title":"Presentaci\u00f3n del cartel que anuncia la Cabalgata de Reyes Magos de Sevilla 2024 - Fundaci\u00f3n Caja Rural del Sur","og_description":"La sede de la Fundaci\u00f3n Caja Rural del Sur, acogi\u00f3 el viernes, 17 de noviembre, la presentaci\u00f3n del cartel que anuncia la Cabalgata de Reyes Magos de 2024, junto con [&hellip;]","og_url":"https:\/\/fundacioncajaruraldelsur.com\/pt\/presentacion-del-cartel-que-anuncia-la-cabalgata-de-reyes-magos-de-sevilla-2024\/","og_site_name":"Fundaci\u00f3n Caja Rural del Sur","article_published_time":"2023-11-18T08:42:58+00:00","og_image":[{"width":679,"height":320,"url":"https:\/\/fundacioncajaruraldelsur.com\/wp-content\/uploads\/2023\/11\/cartel-1.jpg","type":"image\/jpeg"}],"author":"Comunicaci\u00f3n","twitter_card":"summary_large_image","twitter_misc":{"Written by":"Comunicaci\u00f3n","Est. reading time":"3 minutes"},"schema":{"@context":"https:\/\/schema.org","@graph":[{"@type":"Article","@id":"https:\/\/fundacioncajaruraldelsur.com\/presentacion-del-cartel-que-anuncia-la-cabalgata-de-reyes-magos-de-sevilla-2024\/#article","isPartOf":{"@id":"https:\/\/fundacioncajaruraldelsur.com\/presentacion-del-cartel-que-anuncia-la-cabalgata-de-reyes-magos-de-sevilla-2024\/"},"author":{"name":"Comunicaci\u00f3n","@id":"https:\/\/fundacioncajaruraldelsur.com\/#\/schema\/person\/f430da9fb783d505ff061ad8b3d44577"},"headline":"Presentaci\u00f3n del cartel que anuncia la Cabalgata de Reyes Magos de Sevilla 2024","datePublished":"2023-11-18T08:42:58+00:00","mainEntityOfPage":{"@id":"https:\/\/fundacioncajaruraldelsur.com\/presentacion-del-cartel-que-anuncia-la-cabalgata-de-reyes-magos-de-sevilla-2024\/"},"wordCount":415,"image":{"@id":"https:\/\/fundacioncajaruraldelsur.com\/presentacion-del-cartel-que-anuncia-la-cabalgata-de-reyes-magos-de-sevilla-2024\/#primaryimage"},"thumbnailUrl":"https:\/\/fundacioncajaruraldelsur.com\/wp-content\/uploads\/2023\/11\/cartel-1.jpg","articleSection":["Acci\u00f3n social","Presentaciones"],"inLanguage":"pt-PT"},{"@type":"WebPage","@id":"https:\/\/fundacioncajaruraldelsur.com\/presentacion-del-cartel-que-anuncia-la-cabalgata-de-reyes-magos-de-sevilla-2024\/","url":"https:\/\/fundacioncajaruraldelsur.com\/presentacion-del-cartel-que-anuncia-la-cabalgata-de-reyes-magos-de-sevilla-2024\/","name":"Presentaci\u00f3n del cartel que anuncia la Cabalgata de Reyes Magos de Sevilla 2024 - Fundaci\u00f3n Caja Rural del Sur","isPartOf":{"@id":"https:\/\/fundacioncajaruraldelsur.com\/#website"},"primaryImageOfPage":{"@id":"https:\/\/fundacioncajaruraldelsur.com\/presentacion-del-cartel-que-anuncia-la-cabalgata-de-reyes-magos-de-sevilla-2024\/#primaryimage"},"image":{"@id":"https:\/\/fundacioncajaruraldelsur.com\/presentacion-del-cartel-que-anuncia-la-cabalgata-de-reyes-magos-de-sevilla-2024\/#primaryimage"},"thumbnailUrl":"https:\/\/fundacioncajaruraldelsur.com\/wp-content\/uploads\/2023\/11\/cartel-1.jpg","datePublished":"2023-11-18T08:42:58+00:00","author":{"@id":"https:\/\/fundacioncajaruraldelsur.com\/#\/schema\/person\/f430da9fb783d505ff061ad8b3d44577"},"breadcrumb":{"@id":"https:\/\/fundacioncajaruraldelsur.com\/presentacion-del-cartel-que-anuncia-la-cabalgata-de-reyes-magos-de-sevilla-2024\/#breadcrumb"},"inLanguage":"pt-PT","potentialAction":[{"@type":"ReadAction","target":["https:\/\/fundacioncajaruraldelsur.com\/presentacion-del-cartel-que-anuncia-la-cabalgata-de-reyes-magos-de-sevilla-2024\/"]}]},{"@type":"ImageObject","inLanguage":"pt-PT","@id":"https:\/\/fundacioncajaruraldelsur.com\/presentacion-del-cartel-que-anuncia-la-cabalgata-de-reyes-magos-de-sevilla-2024\/#primaryimage","url":"https:\/\/fundacioncajaruraldelsur.com\/wp-content\/uploads\/2023\/11\/cartel-1.jpg","contentUrl":"https:\/\/fundacioncajaruraldelsur.com\/wp-content\/uploads\/2023\/11\/cartel-1.jpg","width":679,"height":320},{"@type":"BreadcrumbList","@id":"https:\/\/fundacioncajaruraldelsur.com\/presentacion-del-cartel-que-anuncia-la-cabalgata-de-reyes-magos-de-sevilla-2024\/#breadcrumb","itemListElement":[{"@type":"ListItem","position":1,"name":"Portada","item":"https:\/\/fundacioncajaruraldelsur.com\/"},{"@type":"ListItem","position":2,"name":"Presentaci\u00f3n del cartel que anuncia la Cabalgata de Reyes Magos de Sevilla 2024"}]},{"@type":"WebSite","@id":"https:\/\/fundacioncajaruraldelsur.com\/#website","url":"https:\/\/fundacioncajaruraldelsur.com\/","name":"Funda\u00e7\u00e3o Caja Rural del Sur","description":"","potentialAction":[{"@type":"SearchAction","target":{"@type":"EntryPoint","urlTemplate":"https:\/\/fundacioncajaruraldelsur.com\/?s={search_term_string}"},"query-input":{"@type":"PropertyValueSpecification","valueRequired":true,"valueName":"search_term_string"}}],"inLanguage":"pt-PT"},{"@type":"Person","@id":"https:\/\/fundacioncajaruraldelsur.com\/#\/schema\/person\/f430da9fb783d505ff061ad8b3d44577","name":"Comunicaci\u00f3n","image":{"@type":"ImageObject","inLanguage":"pt-PT","@id":"https:\/\/secure.gravatar.com\/avatar\/0dca239875993680bac4603ad2de7942da018f52cc3a244578e0b3b09314a8d8?s=96&d=blank&r=g","url":"https:\/\/secure.gravatar.com\/avatar\/0dca239875993680bac4603ad2de7942da018f52cc3a244578e0b3b09314a8d8?s=96&d=blank&r=g","contentUrl":"https:\/\/secure.gravatar.com\/avatar\/0dca239875993680bac4603ad2de7942da018f52cc3a244578e0b3b09314a8d8?s=96&d=blank&r=g","caption":"Comunicaci\u00f3n"}}]}},"rttpg_featured_image_url":{"full":["https:\/\/fundacioncajaruraldelsur.com\/wp-content\/uploads\/2023\/11\/cartel-1.jpg",679,320,false],"landscape":["https:\/\/fundacioncajaruraldelsur.com\/wp-content\/uploads\/2023\/11\/cartel-1.jpg",679,320,false],"portraits":["https:\/\/fundacioncajaruraldelsur.com\/wp-content\/uploads\/2023\/11\/cartel-1.jpg",679,320,false],"thumbnail":["https:\/\/fundacioncajaruraldelsur.com\/wp-content\/uploads\/2023\/11\/cartel-1-150x150.jpg",150,150,true],"medium":["https:\/\/fundacioncajaruraldelsur.com\/wp-content\/uploads\/2023\/11\/cartel-1-300x141.jpg",300,141,true],"large":["https:\/\/fundacioncajaruraldelsur.com\/wp-content\/uploads\/2023\/11\/cartel-1.jpg",679,320,false],"1536x1536":["https:\/\/fundacioncajaruraldelsur.com\/wp-content\/uploads\/2023\/11\/cartel-1.jpg",679,320,false],"2048x2048":["https:\/\/fundacioncajaruraldelsur.com\/wp-content\/uploads\/2023\/11\/cartel-1.jpg",679,320,false],"trp-custom-language-flag":["https:\/\/fundacioncajaruraldelsur.com\/wp-content\/uploads\/2023\/11\/cartel-1.jpg",18,8,false],"blog-thumbnail":["https:\/\/fundacioncajaruraldelsur.com\/wp-content\/uploads\/2023\/11\/cartel-1-400x200.jpg",400,200,true]},"rttpg_author":{"display_name":"Comunicaci\u00f3n","author_link":"https:\/\/fundacioncajaruraldelsur.com\/pt\/author\/sevillaadmin\/"},"rttpg_comment":0,"rttpg_category":"<a href=\"https:\/\/fundacioncajaruraldelsur.com\/pt\/category\/accion-social\/\" rel=\"category tag\">Acci\u00f3n social<\/a> <a href=\"https:\/\/fundacioncajaruraldelsur.com\/pt\/category\/presentaciones\/\" rel=\"category tag\">Presentaciones<\/a>","rttpg_excerpt":"La sede de la Fundaci\u00f3n Caja Rural del Sur, acogi\u00f3 el viernes, 17 de noviembre, la presentaci\u00f3n del cartel que anuncia la Cabalgata de Reyes Magos de 2024, junto con [&hellip;]","_links":{"self":[{"href":"https:\/\/fundacioncajaruraldelsur.com\/pt\/wp-json\/wp\/v2\/posts\/9421","targetHints":{"allow":["GET"]}}],"collection":[{"href":"https:\/\/fundacioncajaruraldelsur.com\/pt\/wp-json\/wp\/v2\/posts"}],"about":[{"href":"https:\/\/fundacioncajaruraldelsur.com\/pt\/wp-json\/wp\/v2\/types\/post"}],"author":[{"embeddable":true,"href":"https:\/\/fundacioncajaruraldelsur.com\/pt\/wp-json\/wp\/v2\/users\/6"}],"replies":[{"embeddable":true,"href":"https:\/\/fundacioncajaruraldelsur.com\/pt\/wp-json\/wp\/v2\/comments?post=9421"}],"version-history":[{"count":1,"href":"https:\/\/fundacioncajaruraldelsur.com\/pt\/wp-json\/wp\/v2\/posts\/9421\/revisions"}],"predecessor-version":[{"id":9425,"href":"https:\/\/fundacioncajaruraldelsur.com\/pt\/wp-json\/wp\/v2\/posts\/9421\/revisions\/9425"}],"wp:featuredmedia":[{"embeddable":true,"href":"https:\/\/fundacioncajaruraldelsur.com\/pt\/wp-json\/wp\/v2\/media\/9422"}],"wp:attachment":[{"href":"https:\/\/fundacioncajaruraldelsur.com\/pt\/wp-json\/wp\/v2\/media?parent=9421"}],"wp:term":[{"taxonomy":"category","embeddable":true,"href":"https:\/\/fundacioncajaruraldelsur.com\/pt\/wp-json\/wp\/v2\/categories?post=9421"},{"taxonomy":"post_tag","embeddable":true,"href":"https:\/\/fundacioncajaruraldelsur.com\/pt\/wp-json\/wp\/v2\/tags?post=9421"}],"curies":[{"name":"wp","href":"https:\/\/api.w.org\/{rel}","templated":true}]}}