{"id":9387,"date":"2023-11-11T09:38:23","date_gmt":"2023-11-11T08:38:23","guid":{"rendered":"\/?p=9387"},"modified":"2023-11-11T09:38:48","modified_gmt":"2023-11-11T08:38:48","slug":"la-fundacion-caja-rural-del-sur-patrocina-la-catedra-del-vino-sociedad-y-sostenibilidad-de-la-uca-en-el-campus-de-jerez","status":"publish","type":"post","link":"https:\/\/fundacioncajaruraldelsur.com\/pt\/la-fundacion-caja-rural-del-sur-patrocina-la-catedra-del-vino-sociedad-y-sostenibilidad-de-la-uca-en-el-campus-de-jerez\/","title":{"rendered":"La Fundaci\u00f3n Caja Rural del Sur patrocina la C\u00e1tedra del Vino, Sociedad y Sostenibilidad de la UCA"},"content":{"rendered":"<div class=\"gdu u16 u-first\">\n<div class=\"pg-body\">\n<div class=\"mce-body\">\n<p class=\"mce\"><strong class=\"mce\">Emilio Ponce<\/strong>,\u00a0director de la\u00a0<strong class=\"mce\">Funda\u00e7\u00e3o Caja Rural del Sur<\/strong>, <a href=\"https:\/\/www.diariodejerez.es\/jerez\/implicado-comprometido-ambiente-cuidado-agricultor_0_1846915759.html?utm_source=whatsapp.com&amp;utm_medium=socialshare&amp;utm_campaign=mobile_web\">ha sido entrevistado por Diario de Jerez de Grupo Joly<\/a> sobre la colaboraci\u00f3n de la entidad con la C\u00e1tedra del Vino, Sociedad y Sostenibilidad, inaugurada en un acto que ha tenido lugar en el Campus de Jerez, en el Sal\u00f3n de Actos de la Facultad de Ciencias Sociales de la Universidad de C\u00e1diz. Ponce agradec\u00eda a la Facultad y a la Universidad \u00abla oportunidad de que la Fundaci\u00f3n Caja Rural del Sur forme parte\u00bb de la C\u00e1tedra.<\/p>\n<p class=\"mce\"><strong class=\"mce\">-\u00bfC\u00f3mo se articula la colaboraci\u00f3n de la Fundaci\u00f3n con la C\u00e1tedra?<\/strong><\/p>\n<div class=\"adv-intext\">\n<div id=\"sm-it-main-container-1699691635007\" class=\"sm-it-main-container\" data-it=\"ba7265c2-018a-40b9-b619-a4165d35623a\" data-device=\"desktop\" data-index=\"0\">\n<div id=\"sm-reference-1699691635007\" class=\"sm-reference\">-Desde la Fundaci\u00f3n Caja Rural del Sur uno de nuestros principales ejes estrat\u00e9gicos es la colaboraci\u00f3n con las universidades de nuestro entorno, y el veh\u00edculo esencial para participar con las universidades es la creaci\u00f3n de c\u00e1tedras y la participaci\u00f3n en ellas. En esta C\u00e1tedra del Vino se ha creado en torno a tres conceptos principales como son el vino, obviamente, la sociedad, desde el punto de vista de las actividades econ\u00f3micas que se han desarrollado en torno a ella, y la sostenibilidad. Est\u00e1 muy implicada con actividades de capacitaci\u00f3n y formaci\u00f3n, de divulgaci\u00f3n y de investigaci\u00f3n.<\/div>\n<\/div>\n<\/div>\n<div id=\"newsletter-box-teinteresasaber\" class=\"WIDGET-PROMETEO-BOX-ACTIVATOR prometeo-content\" data-prometeo-mediaid=\"403\" data-prometeo-widget=\"WIDGET-PROMETEO-BOX-ACTIVATOR\"><\/div>\n<p class=\"mce\"><strong class=\"mce\">-Con estas actividades la Fundaci\u00f3n no busca un retorno sino aportar a la sociedad&#8230;\u00a0<\/strong><\/p>\n<p class=\"mce\">-Correcto. La Caja Rural del Sur tiene una configuraci\u00f3n mercantil diferente a otras entidades de cr\u00e9dito, somos una cooperativa de cr\u00e9dito, y dentro de lo que son nuestros resultados, nuestro excedente cooperativo, una parte retorna a la sociedad. \u00bfC\u00f3mo? Con la Fundaci\u00f3n Caja Rural del Sur. Con estas actividades que nosotros hacemos devolvemos una parte de nuestros beneficios a la sociedad, que van dirigidos a cuatro fines, el principal y el que lleva la principal cantidad de recursos t\u00e9cnicos, econ\u00f3micos, de personal y de infraestructuras es el apoyo al sector agroalimentario, al desarrollo del cooperativismo agr\u00edcola y al asociacionismo empresarial y agroalimentario. Despu\u00e9s hay una pata muy importante que son las actividades culturales, otra son las actividades sociales y una cuarta pata que est\u00e1 cada vez m\u00e1s en boga como es nuestro apoyo al I+D+I, que lo hacemos a trav\u00e9s de la Corporaci\u00f3n Tecnol\u00f3gica de Andaluc\u00eda, a trav\u00e9s de los centros tecnol\u00f3gicos y principalmente, como aqu\u00ed, con las universidades de nuestro entorno.<\/p>\n<p class=\"mce\"><strong class=\"mce\">-El cooperativismo est\u00e1 muy relacionado con el sector vitivin\u00edcola&#8230;<\/strong><\/p>\n<p class=\"mce\">-Nosotros somos cooperativa, de cr\u00e9dito pero cooperativa. Y el origen de la Caja Rural del Sur como cooperativa de cr\u00e9dito es apoyar al sector cooperativo agroalimentario en un momento determinado de los a\u00f1os sesenta cuando las entidades financieras no estaban tan centradas en ese sector. Digamos que eso nos ha hecho permanecer en el tiempo y llevar como bandera que compartimos fines, valores, visi\u00f3n y misi\u00f3n.<\/p>\n<p class=\"mce\"><strong class=\"mce\">-Uno de los ejes de esta C\u00e1tedra es la sostenibilidad, tambi\u00e9n en las l\u00edneas maestras de la Fundaci\u00f3n&#8230;\u00a0<\/strong><\/p>\n<p class=\"mce\">-S\u00ed, y adem\u00e1s estamos centrados en el sector agroalimentario y no hay nadie m\u00e1s implicado, comprometido con que el medio ambiente siga cuidado que un agricultor. Porque es su medio, es su casa y es el pan de sus hijos. Y desde ese punto de vista llevamos muchos a\u00f1os trabajando, y actualmente m\u00e1s para cumplir por un lado con la Agenda 2030 y por otro haciendo m\u00e1s sostenible desde nuestras oficinas hasta todos los procesos que llevamos a cabo, la sostenibilidad forma parte de nosotros.<\/p>\n<p class=\"mce\"><strong class=\"mce\">-De ah\u00ed uno de los motivos de la participaci\u00f3n de la Fundaci\u00f3n en esta C\u00e1tedra de la Universidad de C\u00e1diz&#8230;<\/strong><\/p>\n<p class=\"mce\">-Las c\u00e1tedras son un veh\u00edculo esencial para la transferencia de conocimientos a la sociedad en general y a la empresa privada en particular. Vino, sociedad y sostenibilidad forman parte o tienen que ver con los bienes sociales que abarcamos en la Fundaci\u00f3n en un entorno real, de ah\u00ed que estemos muy agradecidos de poder formar parte de esta C\u00e1tedra que nace con vocaci\u00f3n de permanencia en el tiempo.<\/p>\n<\/div>\n<\/div>\n<\/div>","protected":false},"excerpt":{"rendered":"<p>Emilio Ponce,\u00a0director de la\u00a0Fundaci\u00f3n Caja Rural del Sur, ha sido entrevistado por Diario de Jerez de Grupo Joly sobre la colaboraci\u00f3n de la entidad con la C\u00e1tedra del Vino, Sociedad [&hellip;]<\/p>\n","protected":false},"author":6,"featured_media":9388,"comment_status":"closed","ping_status":"closed","sticky":false,"template":"","format":"standard","meta":{"footnotes":""},"categories":[67],"tags":[],"class_list":["post-9387","post","type-post","status-publish","format-standard","has-post-thumbnail","hentry","category-convenios"],"yoast_head":"<!-- This site is optimized with the Yoast SEO plugin v27.3 - https:\/\/yoast.com\/product\/yoast-seo-wordpress\/ -->\n<title>La Fundaci\u00f3n Caja Rural del Sur patrocina la C\u00e1tedra del Vino, Sociedad y Sostenibilidad de la UCA - Fundaci\u00f3n Caja Rural del Sur<\/title>\n<meta name=\"robots\" content=\"index, follow, max-snippet:-1, max-image-preview:large, max-video-preview:-1\" \/>\n<link rel=\"canonical\" href=\"https:\/\/fundacioncajaruraldelsur.com\/pt\/la-fundacion-caja-rural-del-sur-patrocina-la-catedra-del-vino-sociedad-y-sostenibilidad-de-la-uca-en-el-campus-de-jerez\/\" \/>\n<meta property=\"og:locale\" content=\"pt_PT\" \/>\n<meta property=\"og:type\" content=\"article\" \/>\n<meta property=\"og:title\" content=\"La Fundaci\u00f3n Caja Rural del Sur patrocina la C\u00e1tedra del Vino, Sociedad y Sostenibilidad de la UCA - Fundaci\u00f3n Caja Rural del Sur\" \/>\n<meta property=\"og:description\" content=\"Emilio Ponce,\u00a0director de la\u00a0Fundaci\u00f3n Caja Rural del Sur, ha sido entrevistado por Diario de Jerez de Grupo Joly sobre la colaboraci\u00f3n de la entidad con la C\u00e1tedra del Vino, Sociedad [&hellip;]\" \/>\n<meta property=\"og:url\" content=\"https:\/\/fundacioncajaruraldelsur.com\/pt\/la-fundacion-caja-rural-del-sur-patrocina-la-catedra-del-vino-sociedad-y-sostenibilidad-de-la-uca-en-el-campus-de-jerez\/\" \/>\n<meta property=\"og:site_name\" content=\"Fundaci\u00f3n Caja Rural del Sur\" \/>\n<meta property=\"article:published_time\" content=\"2023-11-11T08:38:23+00:00\" \/>\n<meta property=\"article:modified_time\" content=\"2023-11-11T08:38:48+00:00\" \/>\n<meta property=\"og:image\" content=\"https:\/\/fundacioncajaruraldelsur.com\/wp-content\/uploads\/2023\/11\/Ponce-catedra.jpg\" \/>\n\t<meta property=\"og:image:width\" content=\"667\" \/>\n\t<meta property=\"og:image:height\" content=\"375\" \/>\n\t<meta property=\"og:image:type\" content=\"image\/jpeg\" \/>\n<meta name=\"author\" content=\"Comunicaci\u00f3n\" \/>\n<meta name=\"twitter:card\" content=\"summary_large_image\" \/>\n<meta name=\"twitter:label1\" content=\"Written by\" \/>\n\t<meta name=\"twitter:data1\" content=\"Comunicaci\u00f3n\" \/>\n\t<meta name=\"twitter:label2\" content=\"Est. reading time\" \/>\n\t<meta name=\"twitter:data2\" content=\"3 minutes\" \/>\n<script type=\"application\/ld+json\" class=\"yoast-schema-graph\">{\"@context\":\"https:\\\/\\\/schema.org\",\"@graph\":[{\"@type\":\"Article\",\"@id\":\"https:\\\/\\\/fundacioncajaruraldelsur.com\\\/la-fundacion-caja-rural-del-sur-patrocina-la-catedra-del-vino-sociedad-y-sostenibilidad-de-la-uca-en-el-campus-de-jerez\\\/#article\",\"isPartOf\":{\"@id\":\"https:\\\/\\\/fundacioncajaruraldelsur.com\\\/la-fundacion-caja-rural-del-sur-patrocina-la-catedra-del-vino-sociedad-y-sostenibilidad-de-la-uca-en-el-campus-de-jerez\\\/\"},\"author\":{\"name\":\"Comunicaci\u00f3n\",\"@id\":\"https:\\\/\\\/fundacioncajaruraldelsur.com\\\/#\\\/schema\\\/person\\\/f430da9fb783d505ff061ad8b3d44577\"},\"headline\":\"La Fundaci\u00f3n Caja Rural del Sur patrocina la C\u00e1tedra del Vino, Sociedad y Sostenibilidad de la UCA\",\"datePublished\":\"2023-11-11T08:38:23+00:00\",\"dateModified\":\"2023-11-11T08:38:48+00:00\",\"mainEntityOfPage\":{\"@id\":\"https:\\\/\\\/fundacioncajaruraldelsur.com\\\/la-fundacion-caja-rural-del-sur-patrocina-la-catedra-del-vino-sociedad-y-sostenibilidad-de-la-uca-en-el-campus-de-jerez\\\/\"},\"wordCount\":723,\"image\":{\"@id\":\"https:\\\/\\\/fundacioncajaruraldelsur.com\\\/la-fundacion-caja-rural-del-sur-patrocina-la-catedra-del-vino-sociedad-y-sostenibilidad-de-la-uca-en-el-campus-de-jerez\\\/#primaryimage\"},\"thumbnailUrl\":\"https:\\\/\\\/fundacioncajaruraldelsur.com\\\/wp-content\\\/uploads\\\/2023\\\/11\\\/Ponce-catedra.jpg\",\"articleSection\":[\"Convenios\"],\"inLanguage\":\"pt-PT\"},{\"@type\":\"WebPage\",\"@id\":\"https:\\\/\\\/fundacioncajaruraldelsur.com\\\/la-fundacion-caja-rural-del-sur-patrocina-la-catedra-del-vino-sociedad-y-sostenibilidad-de-la-uca-en-el-campus-de-jerez\\\/\",\"url\":\"https:\\\/\\\/fundacioncajaruraldelsur.com\\\/la-fundacion-caja-rural-del-sur-patrocina-la-catedra-del-vino-sociedad-y-sostenibilidad-de-la-uca-en-el-campus-de-jerez\\\/\",\"name\":\"La Fundaci\u00f3n Caja Rural del Sur patrocina la C\u00e1tedra del Vino, Sociedad y Sostenibilidad de la UCA - Fundaci\u00f3n Caja Rural del Sur\",\"isPartOf\":{\"@id\":\"https:\\\/\\\/fundacioncajaruraldelsur.com\\\/#website\"},\"primaryImageOfPage\":{\"@id\":\"https:\\\/\\\/fundacioncajaruraldelsur.com\\\/la-fundacion-caja-rural-del-sur-patrocina-la-catedra-del-vino-sociedad-y-sostenibilidad-de-la-uca-en-el-campus-de-jerez\\\/#primaryimage\"},\"image\":{\"@id\":\"https:\\\/\\\/fundacioncajaruraldelsur.com\\\/la-fundacion-caja-rural-del-sur-patrocina-la-catedra-del-vino-sociedad-y-sostenibilidad-de-la-uca-en-el-campus-de-jerez\\\/#primaryimage\"},\"thumbnailUrl\":\"https:\\\/\\\/fundacioncajaruraldelsur.com\\\/wp-content\\\/uploads\\\/2023\\\/11\\\/Ponce-catedra.jpg\",\"datePublished\":\"2023-11-11T08:38:23+00:00\",\"dateModified\":\"2023-11-11T08:38:48+00:00\",\"author\":{\"@id\":\"https:\\\/\\\/fundacioncajaruraldelsur.com\\\/#\\\/schema\\\/person\\\/f430da9fb783d505ff061ad8b3d44577\"},\"breadcrumb\":{\"@id\":\"https:\\\/\\\/fundacioncajaruraldelsur.com\\\/la-fundacion-caja-rural-del-sur-patrocina-la-catedra-del-vino-sociedad-y-sostenibilidad-de-la-uca-en-el-campus-de-jerez\\\/#breadcrumb\"},\"inLanguage\":\"pt-PT\",\"potentialAction\":[{\"@type\":\"ReadAction\",\"target\":[\"https:\\\/\\\/fundacioncajaruraldelsur.com\\\/la-fundacion-caja-rural-del-sur-patrocina-la-catedra-del-vino-sociedad-y-sostenibilidad-de-la-uca-en-el-campus-de-jerez\\\/\"]}]},{\"@type\":\"ImageObject\",\"inLanguage\":\"pt-PT\",\"@id\":\"https:\\\/\\\/fundacioncajaruraldelsur.com\\\/la-fundacion-caja-rural-del-sur-patrocina-la-catedra-del-vino-sociedad-y-sostenibilidad-de-la-uca-en-el-campus-de-jerez\\\/#primaryimage\",\"url\":\"https:\\\/\\\/fundacioncajaruraldelsur.com\\\/wp-content\\\/uploads\\\/2023\\\/11\\\/Ponce-catedra.jpg\",\"contentUrl\":\"https:\\\/\\\/fundacioncajaruraldelsur.com\\\/wp-content\\\/uploads\\\/2023\\\/11\\\/Ponce-catedra.jpg\",\"width\":667,\"height\":375},{\"@type\":\"BreadcrumbList\",\"@id\":\"https:\\\/\\\/fundacioncajaruraldelsur.com\\\/la-fundacion-caja-rural-del-sur-patrocina-la-catedra-del-vino-sociedad-y-sostenibilidad-de-la-uca-en-el-campus-de-jerez\\\/#breadcrumb\",\"itemListElement\":[{\"@type\":\"ListItem\",\"position\":1,\"name\":\"Portada\",\"item\":\"https:\\\/\\\/fundacioncajaruraldelsur.com\\\/\"},{\"@type\":\"ListItem\",\"position\":2,\"name\":\"La Fundaci\u00f3n Caja Rural del Sur patrocina la C\u00e1tedra del Vino, Sociedad y Sostenibilidad de la UCA\"}]},{\"@type\":\"WebSite\",\"@id\":\"https:\\\/\\\/fundacioncajaruraldelsur.com\\\/#website\",\"url\":\"https:\\\/\\\/fundacioncajaruraldelsur.com\\\/\",\"name\":\"Fundaci\u00f3n Caja Rural del Sur\",\"description\":\"\",\"potentialAction\":[{\"@type\":\"SearchAction\",\"target\":{\"@type\":\"EntryPoint\",\"urlTemplate\":\"https:\\\/\\\/fundacioncajaruraldelsur.com\\\/?s={search_term_string}\"},\"query-input\":{\"@type\":\"PropertyValueSpecification\",\"valueRequired\":true,\"valueName\":\"search_term_string\"}}],\"inLanguage\":\"pt-PT\"},{\"@type\":\"Person\",\"@id\":\"https:\\\/\\\/fundacioncajaruraldelsur.com\\\/#\\\/schema\\\/person\\\/f430da9fb783d505ff061ad8b3d44577\",\"name\":\"Comunicaci\u00f3n\",\"image\":{\"@type\":\"ImageObject\",\"inLanguage\":\"pt-PT\",\"@id\":\"https:\\\/\\\/secure.gravatar.com\\\/avatar\\\/0dca239875993680bac4603ad2de7942da018f52cc3a244578e0b3b09314a8d8?s=96&d=blank&r=g\",\"url\":\"https:\\\/\\\/secure.gravatar.com\\\/avatar\\\/0dca239875993680bac4603ad2de7942da018f52cc3a244578e0b3b09314a8d8?s=96&d=blank&r=g\",\"contentUrl\":\"https:\\\/\\\/secure.gravatar.com\\\/avatar\\\/0dca239875993680bac4603ad2de7942da018f52cc3a244578e0b3b09314a8d8?s=96&d=blank&r=g\",\"caption\":\"Comunicaci\u00f3n\"}}]}<\/script>\n<!-- \/ Yoast SEO plugin. -->","yoast_head_json":{"title":"La Fundaci\u00f3n Caja Rural del Sur patrocina la C\u00e1tedra del Vino, Sociedad y Sostenibilidad de la UCA - Fundaci\u00f3n Caja Rural del Sur","robots":{"index":"index","follow":"follow","max-snippet":"max-snippet:-1","max-image-preview":"max-image-preview:large","max-video-preview":"max-video-preview:-1"},"canonical":"https:\/\/fundacioncajaruraldelsur.com\/pt\/la-fundacion-caja-rural-del-sur-patrocina-la-catedra-del-vino-sociedad-y-sostenibilidad-de-la-uca-en-el-campus-de-jerez\/","og_locale":"pt_PT","og_type":"article","og_title":"La Fundaci\u00f3n Caja Rural del Sur patrocina la C\u00e1tedra del Vino, Sociedad y Sostenibilidad de la UCA - Fundaci\u00f3n Caja Rural del Sur","og_description":"Emilio Ponce,\u00a0director de la\u00a0Fundaci\u00f3n Caja Rural del Sur, ha sido entrevistado por Diario de Jerez de Grupo Joly sobre la colaboraci\u00f3n de la entidad con la C\u00e1tedra del Vino, Sociedad [&hellip;]","og_url":"https:\/\/fundacioncajaruraldelsur.com\/pt\/la-fundacion-caja-rural-del-sur-patrocina-la-catedra-del-vino-sociedad-y-sostenibilidad-de-la-uca-en-el-campus-de-jerez\/","og_site_name":"Fundaci\u00f3n Caja Rural del Sur","article_published_time":"2023-11-11T08:38:23+00:00","article_modified_time":"2023-11-11T08:38:48+00:00","og_image":[{"width":667,"height":375,"url":"https:\/\/fundacioncajaruraldelsur.com\/wp-content\/uploads\/2023\/11\/Ponce-catedra.jpg","type":"image\/jpeg"}],"author":"Comunicaci\u00f3n","twitter_card":"summary_large_image","twitter_misc":{"Written by":"Comunicaci\u00f3n","Est. reading time":"3 minutes"},"schema":{"@context":"https:\/\/schema.org","@graph":[{"@type":"Article","@id":"https:\/\/fundacioncajaruraldelsur.com\/la-fundacion-caja-rural-del-sur-patrocina-la-catedra-del-vino-sociedad-y-sostenibilidad-de-la-uca-en-el-campus-de-jerez\/#article","isPartOf":{"@id":"https:\/\/fundacioncajaruraldelsur.com\/la-fundacion-caja-rural-del-sur-patrocina-la-catedra-del-vino-sociedad-y-sostenibilidad-de-la-uca-en-el-campus-de-jerez\/"},"author":{"name":"Comunicaci\u00f3n","@id":"https:\/\/fundacioncajaruraldelsur.com\/#\/schema\/person\/f430da9fb783d505ff061ad8b3d44577"},"headline":"La Fundaci\u00f3n Caja Rural del Sur patrocina la C\u00e1tedra del Vino, Sociedad y Sostenibilidad de la UCA","datePublished":"2023-11-11T08:38:23+00:00","dateModified":"2023-11-11T08:38:48+00:00","mainEntityOfPage":{"@id":"https:\/\/fundacioncajaruraldelsur.com\/la-fundacion-caja-rural-del-sur-patrocina-la-catedra-del-vino-sociedad-y-sostenibilidad-de-la-uca-en-el-campus-de-jerez\/"},"wordCount":723,"image":{"@id":"https:\/\/fundacioncajaruraldelsur.com\/la-fundacion-caja-rural-del-sur-patrocina-la-catedra-del-vino-sociedad-y-sostenibilidad-de-la-uca-en-el-campus-de-jerez\/#primaryimage"},"thumbnailUrl":"https:\/\/fundacioncajaruraldelsur.com\/wp-content\/uploads\/2023\/11\/Ponce-catedra.jpg","articleSection":["Convenios"],"inLanguage":"pt-PT"},{"@type":"WebPage","@id":"https:\/\/fundacioncajaruraldelsur.com\/la-fundacion-caja-rural-del-sur-patrocina-la-catedra-del-vino-sociedad-y-sostenibilidad-de-la-uca-en-el-campus-de-jerez\/","url":"https:\/\/fundacioncajaruraldelsur.com\/la-fundacion-caja-rural-del-sur-patrocina-la-catedra-del-vino-sociedad-y-sostenibilidad-de-la-uca-en-el-campus-de-jerez\/","name":"La Fundaci\u00f3n Caja Rural del Sur patrocina la C\u00e1tedra del Vino, Sociedad y Sostenibilidad de la UCA - Fundaci\u00f3n Caja Rural del Sur","isPartOf":{"@id":"https:\/\/fundacioncajaruraldelsur.com\/#website"},"primaryImageOfPage":{"@id":"https:\/\/fundacioncajaruraldelsur.com\/la-fundacion-caja-rural-del-sur-patrocina-la-catedra-del-vino-sociedad-y-sostenibilidad-de-la-uca-en-el-campus-de-jerez\/#primaryimage"},"image":{"@id":"https:\/\/fundacioncajaruraldelsur.com\/la-fundacion-caja-rural-del-sur-patrocina-la-catedra-del-vino-sociedad-y-sostenibilidad-de-la-uca-en-el-campus-de-jerez\/#primaryimage"},"thumbnailUrl":"https:\/\/fundacioncajaruraldelsur.com\/wp-content\/uploads\/2023\/11\/Ponce-catedra.jpg","datePublished":"2023-11-11T08:38:23+00:00","dateModified":"2023-11-11T08:38:48+00:00","author":{"@id":"https:\/\/fundacioncajaruraldelsur.com\/#\/schema\/person\/f430da9fb783d505ff061ad8b3d44577"},"breadcrumb":{"@id":"https:\/\/fundacioncajaruraldelsur.com\/la-fundacion-caja-rural-del-sur-patrocina-la-catedra-del-vino-sociedad-y-sostenibilidad-de-la-uca-en-el-campus-de-jerez\/#breadcrumb"},"inLanguage":"pt-PT","potentialAction":[{"@type":"ReadAction","target":["https:\/\/fundacioncajaruraldelsur.com\/la-fundacion-caja-rural-del-sur-patrocina-la-catedra-del-vino-sociedad-y-sostenibilidad-de-la-uca-en-el-campus-de-jerez\/"]}]},{"@type":"ImageObject","inLanguage":"pt-PT","@id":"https:\/\/fundacioncajaruraldelsur.com\/la-fundacion-caja-rural-del-sur-patrocina-la-catedra-del-vino-sociedad-y-sostenibilidad-de-la-uca-en-el-campus-de-jerez\/#primaryimage","url":"https:\/\/fundacioncajaruraldelsur.com\/wp-content\/uploads\/2023\/11\/Ponce-catedra.jpg","contentUrl":"https:\/\/fundacioncajaruraldelsur.com\/wp-content\/uploads\/2023\/11\/Ponce-catedra.jpg","width":667,"height":375},{"@type":"BreadcrumbList","@id":"https:\/\/fundacioncajaruraldelsur.com\/la-fundacion-caja-rural-del-sur-patrocina-la-catedra-del-vino-sociedad-y-sostenibilidad-de-la-uca-en-el-campus-de-jerez\/#breadcrumb","itemListElement":[{"@type":"ListItem","position":1,"name":"Portada","item":"https:\/\/fundacioncajaruraldelsur.com\/"},{"@type":"ListItem","position":2,"name":"La Fundaci\u00f3n Caja Rural del Sur patrocina la C\u00e1tedra del Vino, Sociedad y Sostenibilidad de la UCA"}]},{"@type":"WebSite","@id":"https:\/\/fundacioncajaruraldelsur.com\/#website","url":"https:\/\/fundacioncajaruraldelsur.com\/","name":"Funda\u00e7\u00e3o Caja Rural del Sur","description":"","potentialAction":[{"@type":"SearchAction","target":{"@type":"EntryPoint","urlTemplate":"https:\/\/fundacioncajaruraldelsur.com\/?s={search_term_string}"},"query-input":{"@type":"PropertyValueSpecification","valueRequired":true,"valueName":"search_term_string"}}],"inLanguage":"pt-PT"},{"@type":"Person","@id":"https:\/\/fundacioncajaruraldelsur.com\/#\/schema\/person\/f430da9fb783d505ff061ad8b3d44577","name":"Comunicaci\u00f3n","image":{"@type":"ImageObject","inLanguage":"pt-PT","@id":"https:\/\/secure.gravatar.com\/avatar\/0dca239875993680bac4603ad2de7942da018f52cc3a244578e0b3b09314a8d8?s=96&d=blank&r=g","url":"https:\/\/secure.gravatar.com\/avatar\/0dca239875993680bac4603ad2de7942da018f52cc3a244578e0b3b09314a8d8?s=96&d=blank&r=g","contentUrl":"https:\/\/secure.gravatar.com\/avatar\/0dca239875993680bac4603ad2de7942da018f52cc3a244578e0b3b09314a8d8?s=96&d=blank&r=g","caption":"Comunicaci\u00f3n"}}]}},"rttpg_featured_image_url":{"full":["https:\/\/fundacioncajaruraldelsur.com\/wp-content\/uploads\/2023\/11\/Ponce-catedra.jpg",667,375,false],"landscape":["https:\/\/fundacioncajaruraldelsur.com\/wp-content\/uploads\/2023\/11\/Ponce-catedra.jpg",667,375,false],"portraits":["https:\/\/fundacioncajaruraldelsur.com\/wp-content\/uploads\/2023\/11\/Ponce-catedra.jpg",667,375,false],"thumbnail":["https:\/\/fundacioncajaruraldelsur.com\/wp-content\/uploads\/2023\/11\/Ponce-catedra-150x150.jpg",150,150,true],"medium":["https:\/\/fundacioncajaruraldelsur.com\/wp-content\/uploads\/2023\/11\/Ponce-catedra-300x169.jpg",300,169,true],"large":["https:\/\/fundacioncajaruraldelsur.com\/wp-content\/uploads\/2023\/11\/Ponce-catedra.jpg",667,375,false],"1536x1536":["https:\/\/fundacioncajaruraldelsur.com\/wp-content\/uploads\/2023\/11\/Ponce-catedra.jpg",667,375,false],"2048x2048":["https:\/\/fundacioncajaruraldelsur.com\/wp-content\/uploads\/2023\/11\/Ponce-catedra.jpg",667,375,false],"trp-custom-language-flag":["https:\/\/fundacioncajaruraldelsur.com\/wp-content\/uploads\/2023\/11\/Ponce-catedra.jpg",18,10,false],"blog-thumbnail":["https:\/\/fundacioncajaruraldelsur.com\/wp-content\/uploads\/2023\/11\/Ponce-catedra-400x200.jpg",400,200,true]},"rttpg_author":{"display_name":"Comunicaci\u00f3n","author_link":"https:\/\/fundacioncajaruraldelsur.com\/pt\/author\/sevillaadmin\/"},"rttpg_comment":0,"rttpg_category":"<a href=\"https:\/\/fundacioncajaruraldelsur.com\/pt\/category\/convenios\/\" rel=\"category tag\">Convenios<\/a>","rttpg_excerpt":"Emilio Ponce,\u00a0director de la\u00a0Fundaci\u00f3n Caja Rural del Sur, ha sido entrevistado por Diario de Jerez de Grupo Joly sobre la colaboraci\u00f3n de la entidad con la C\u00e1tedra del Vino, Sociedad [&hellip;]","_links":{"self":[{"href":"https:\/\/fundacioncajaruraldelsur.com\/pt\/wp-json\/wp\/v2\/posts\/9387","targetHints":{"allow":["GET"]}}],"collection":[{"href":"https:\/\/fundacioncajaruraldelsur.com\/pt\/wp-json\/wp\/v2\/posts"}],"about":[{"href":"https:\/\/fundacioncajaruraldelsur.com\/pt\/wp-json\/wp\/v2\/types\/post"}],"author":[{"embeddable":true,"href":"https:\/\/fundacioncajaruraldelsur.com\/pt\/wp-json\/wp\/v2\/users\/6"}],"replies":[{"embeddable":true,"href":"https:\/\/fundacioncajaruraldelsur.com\/pt\/wp-json\/wp\/v2\/comments?post=9387"}],"version-history":[{"count":2,"href":"https:\/\/fundacioncajaruraldelsur.com\/pt\/wp-json\/wp\/v2\/posts\/9387\/revisions"}],"predecessor-version":[{"id":9390,"href":"https:\/\/fundacioncajaruraldelsur.com\/pt\/wp-json\/wp\/v2\/posts\/9387\/revisions\/9390"}],"wp:featuredmedia":[{"embeddable":true,"href":"https:\/\/fundacioncajaruraldelsur.com\/pt\/wp-json\/wp\/v2\/media\/9388"}],"wp:attachment":[{"href":"https:\/\/fundacioncajaruraldelsur.com\/pt\/wp-json\/wp\/v2\/media?parent=9387"}],"wp:term":[{"taxonomy":"category","embeddable":true,"href":"https:\/\/fundacioncajaruraldelsur.com\/pt\/wp-json\/wp\/v2\/categories?post=9387"},{"taxonomy":"post_tag","embeddable":true,"href":"https:\/\/fundacioncajaruraldelsur.com\/pt\/wp-json\/wp\/v2\/tags?post=9387"}],"curies":[{"name":"wp","href":"https:\/\/api.w.org\/{rel}","templated":true}]}}