{"id":9245,"date":"2023-10-17T07:03:37","date_gmt":"2023-10-17T06:03:37","guid":{"rendered":"\/?p=9245"},"modified":"2023-10-17T07:05:40","modified_gmt":"2023-10-17T06:05:40","slug":"inicio-del-ano-cofrade-de-sevilla-en-la-fundacion-caja-rural-del-sur","status":"publish","type":"post","link":"https:\/\/fundacioncajaruraldelsur.com\/pt\/inicio-del-ano-cofrade-de-sevilla-en-la-fundacion-caja-rural-del-sur\/","title":{"rendered":"Inicio del Curso Cofrade 23\/24 de Sevilla en la Fundaci\u00f3n Caja Rural del Sur"},"content":{"rendered":"<p class=\"x_ContentPasted0 mce\" data-ogsc=\"\"><strong>El arzobispo de Sevilla, monse\u00f1or Jos\u00e9 \u00c1ngel Saiz Meneses,<\/strong> ha presidido el acto de inicio del Curso Cofrade 23\/24 celebrado en el Centro Cultural Jos\u00e9 Luis Garc\u00eda Palacios de la Fundaci\u00f3n Caja Rural del Sur, con la asistencia de numerosos cofrades de las hermandades sevillanas junto con el <strong>presidente\u00a0del Consejo de\u00a0Hermandades\u00a0y Cofrad\u00edas de\u00a0Sevilla, Francisco V\u00e9lez de Luna.\u00a0<\/strong><\/p>\n<p data-ogsc=\"\">Este acto ha sido de gran importancia este a\u00f1o ya que en el mismo el Arzobispo de Sevilla ha anunciado las principales devociones de la ciudad y la provincia que participar\u00e1n en la Procesi\u00f3n Magna que tendr\u00e1 lugar el <strong>8 de diciembre de 2024<\/strong>\u00a0como <strong>colof\u00f3n<\/strong> al <strong>Congreso de Hermandades y Cofrad\u00edas<\/strong> que se celebrar\u00e1 durante el puente de la Inmaculada del pr\u00f3ximo a\u00f1o.<\/p>\n<p data-ogsc=\"\">Estas im\u00e1genes ser\u00e1n la Virgen de los Reyes, patrona de la ciudad y su Archidi\u00f3cesis, el Se\u00f1or del Gran Poder, la Esperanza Macarena, la Esperanza de Triana, el Cristo del Cachorro, la Virgen de Valme, protectora de Dos Hermanas, la Virgen de Consolaci\u00f3n, patrona de Utrera y la Virgen de Setefilla, patrona de Lora del R\u00edo formar\u00e1n parte de la procesi\u00f3n con la que se clausurar\u00e1 el segundo Congreso Internacional de Hermandades y Religiosidad Popular.<\/p>\n<p data-ogsc=\"\"><span class=\"paywall\">La comisi\u00f3n organizadora valora que esta procesi\u00f3n de ocho pasos tenga un recorrido com\u00fan a lo largo de la<strong> Avenida de la Constituci\u00f3n<\/strong> ya que su centro ser\u00e1 la Catedral de Sevilla, donde habr\u00e1 una celebraci\u00f3n eucar\u00edstica. Delante de la puerta de San Miguel se plantea colocar un <strong>palco de honor<\/strong> en el que estar\u00e1n representadas las principales autoridades que concurran al acto que ha ideado el propio arzobispo,<strong> monse\u00f1or Jos\u00e9 \u00c1ngel Saiz Meneses. <\/strong><\/span><\/p>\n<p data-ogsc=\"\"><span class=\"paywall\"><strong>La esperada noticia se ha producido tras la conferencia del inicio del curso cofradiero que cont\u00f3 con la representaci\u00f3n de Manuel Ruiz Rojas por parte de la Fundaci\u00f3n Caja Rural del Sur.<\/strong><\/span><\/p>\n<p data-ogsc=\"\"><span class=\"paywall\"><strong> <a href=\"\/wp-content\/uploads\/2023\/10\/arzobispo.jpg\" rel=\"lightbox-0\"><img loading=\"lazy\" decoding=\"async\" class=\"wp-image-9247 size-full aligncenter\" src=\"\/wp-content\/uploads\/2023\/10\/arzobispo.jpg\" alt=\"\" width=\"750\" height=\"352\" srcset=\"https:\/\/fundacioncajaruraldelsur.com\/wp-content\/uploads\/2023\/10\/arzobispo.jpg 750w, https:\/\/fundacioncajaruraldelsur.com\/wp-content\/uploads\/2023\/10\/arzobispo-300x141.jpg 300w\" sizes=\"auto, (max-width: 750px) 100vw, 750px\" \/><\/a><\/strong><\/span><\/p>\n<div class=\"adv-intext\">\n<div id=\"sm-it-main-container-1697522056474\" class=\"sm-it-main-container\" data-it=\"c95d9c69-8591-4631-b0a7-8cdb85275d14\" data-device=\"desktop\" data-index=\"0\"><\/div>\n<\/div>","protected":false},"excerpt":{"rendered":"<p>El arzobispo de Sevilla, monse\u00f1or Jos\u00e9 \u00c1ngel Saiz Meneses, ha presidido el acto de inicio del Curso Cofrade 23\/24 celebrado en el Centro Cultural Jos\u00e9 Luis Garc\u00eda Palacios de la [&hellip;]<\/p>\n","protected":false},"author":6,"featured_media":9246,"comment_status":"closed","ping_status":"closed","sticky":false,"template":"","format":"standard","meta":{"footnotes":""},"categories":[66],"tags":[],"class_list":["post-9245","post","type-post","status-publish","format-standard","has-post-thumbnail","hentry","category-actos"],"yoast_head":"<!-- This site is optimized with the Yoast SEO plugin v27.3 - https:\/\/yoast.com\/product\/yoast-seo-wordpress\/ -->\n<title>Inicio del Curso Cofrade 23\/24 de Sevilla en la Fundaci\u00f3n Caja Rural del Sur - Fundaci\u00f3n Caja Rural del Sur<\/title>\n<meta name=\"robots\" content=\"index, follow, max-snippet:-1, max-image-preview:large, max-video-preview:-1\" \/>\n<link rel=\"canonical\" href=\"https:\/\/fundacioncajaruraldelsur.com\/pt\/inicio-del-ano-cofrade-de-sevilla-en-la-fundacion-caja-rural-del-sur\/\" \/>\n<meta property=\"og:locale\" content=\"pt_PT\" \/>\n<meta property=\"og:type\" content=\"article\" \/>\n<meta property=\"og:title\" content=\"Inicio del Curso Cofrade 23\/24 de Sevilla en la Fundaci\u00f3n Caja Rural del Sur - Fundaci\u00f3n Caja Rural del Sur\" \/>\n<meta property=\"og:description\" content=\"El arzobispo de Sevilla, monse\u00f1or Jos\u00e9 \u00c1ngel Saiz Meneses, ha presidido el acto de inicio del Curso Cofrade 23\/24 celebrado en el Centro Cultural Jos\u00e9 Luis Garc\u00eda Palacios de la [&hellip;]\" \/>\n<meta property=\"og:url\" content=\"https:\/\/fundacioncajaruraldelsur.com\/pt\/inicio-del-ano-cofrade-de-sevilla-en-la-fundacion-caja-rural-del-sur\/\" \/>\n<meta property=\"og:site_name\" content=\"Fundaci\u00f3n Caja Rural del Sur\" \/>\n<meta property=\"article:published_time\" content=\"2023-10-17T06:03:37+00:00\" \/>\n<meta property=\"article:modified_time\" content=\"2023-10-17T06:05:40+00:00\" \/>\n<meta property=\"og:image\" content=\"https:\/\/fundacioncajaruraldelsur.com\/wp-content\/uploads\/2023\/10\/cofradias.png\" \/>\n\t<meta property=\"og:image:width\" content=\"695\" \/>\n\t<meta property=\"og:image:height\" content=\"329\" \/>\n\t<meta property=\"og:image:type\" content=\"image\/png\" \/>\n<meta name=\"author\" content=\"Comunicaci\u00f3n\" \/>\n<meta name=\"twitter:card\" content=\"summary_large_image\" \/>\n<meta name=\"twitter:label1\" content=\"Written by\" \/>\n\t<meta name=\"twitter:data1\" content=\"Comunicaci\u00f3n\" \/>\n\t<meta name=\"twitter:label2\" content=\"Est. reading time\" \/>\n\t<meta name=\"twitter:data2\" content=\"2 minutes\" \/>\n<script type=\"application\/ld+json\" class=\"yoast-schema-graph\">{\"@context\":\"https:\\\/\\\/schema.org\",\"@graph\":[{\"@type\":\"Article\",\"@id\":\"https:\\\/\\\/fundacioncajaruraldelsur.com\\\/inicio-del-ano-cofrade-de-sevilla-en-la-fundacion-caja-rural-del-sur\\\/#article\",\"isPartOf\":{\"@id\":\"https:\\\/\\\/fundacioncajaruraldelsur.com\\\/inicio-del-ano-cofrade-de-sevilla-en-la-fundacion-caja-rural-del-sur\\\/\"},\"author\":{\"name\":\"Comunicaci\u00f3n\",\"@id\":\"https:\\\/\\\/fundacioncajaruraldelsur.com\\\/#\\\/schema\\\/person\\\/f430da9fb783d505ff061ad8b3d44577\"},\"headline\":\"Inicio del Curso Cofrade 23\\\/24 de Sevilla en la Fundaci\u00f3n Caja Rural del Sur\",\"datePublished\":\"2023-10-17T06:03:37+00:00\",\"dateModified\":\"2023-10-17T06:05:40+00:00\",\"mainEntityOfPage\":{\"@id\":\"https:\\\/\\\/fundacioncajaruraldelsur.com\\\/inicio-del-ano-cofrade-de-sevilla-en-la-fundacion-caja-rural-del-sur\\\/\"},\"wordCount\":347,\"image\":{\"@id\":\"https:\\\/\\\/fundacioncajaruraldelsur.com\\\/inicio-del-ano-cofrade-de-sevilla-en-la-fundacion-caja-rural-del-sur\\\/#primaryimage\"},\"thumbnailUrl\":\"https:\\\/\\\/fundacioncajaruraldelsur.com\\\/wp-content\\\/uploads\\\/2023\\\/10\\\/cofradias.png\",\"articleSection\":[\"Actos\"],\"inLanguage\":\"pt-PT\"},{\"@type\":\"WebPage\",\"@id\":\"https:\\\/\\\/fundacioncajaruraldelsur.com\\\/inicio-del-ano-cofrade-de-sevilla-en-la-fundacion-caja-rural-del-sur\\\/\",\"url\":\"https:\\\/\\\/fundacioncajaruraldelsur.com\\\/inicio-del-ano-cofrade-de-sevilla-en-la-fundacion-caja-rural-del-sur\\\/\",\"name\":\"Inicio del Curso Cofrade 23\\\/24 de Sevilla en la Fundaci\u00f3n Caja Rural del Sur - Fundaci\u00f3n Caja Rural del Sur\",\"isPartOf\":{\"@id\":\"https:\\\/\\\/fundacioncajaruraldelsur.com\\\/#website\"},\"primaryImageOfPage\":{\"@id\":\"https:\\\/\\\/fundacioncajaruraldelsur.com\\\/inicio-del-ano-cofrade-de-sevilla-en-la-fundacion-caja-rural-del-sur\\\/#primaryimage\"},\"image\":{\"@id\":\"https:\\\/\\\/fundacioncajaruraldelsur.com\\\/inicio-del-ano-cofrade-de-sevilla-en-la-fundacion-caja-rural-del-sur\\\/#primaryimage\"},\"thumbnailUrl\":\"https:\\\/\\\/fundacioncajaruraldelsur.com\\\/wp-content\\\/uploads\\\/2023\\\/10\\\/cofradias.png\",\"datePublished\":\"2023-10-17T06:03:37+00:00\",\"dateModified\":\"2023-10-17T06:05:40+00:00\",\"author\":{\"@id\":\"https:\\\/\\\/fundacioncajaruraldelsur.com\\\/#\\\/schema\\\/person\\\/f430da9fb783d505ff061ad8b3d44577\"},\"breadcrumb\":{\"@id\":\"https:\\\/\\\/fundacioncajaruraldelsur.com\\\/inicio-del-ano-cofrade-de-sevilla-en-la-fundacion-caja-rural-del-sur\\\/#breadcrumb\"},\"inLanguage\":\"pt-PT\",\"potentialAction\":[{\"@type\":\"ReadAction\",\"target\":[\"https:\\\/\\\/fundacioncajaruraldelsur.com\\\/inicio-del-ano-cofrade-de-sevilla-en-la-fundacion-caja-rural-del-sur\\\/\"]}]},{\"@type\":\"ImageObject\",\"inLanguage\":\"pt-PT\",\"@id\":\"https:\\\/\\\/fundacioncajaruraldelsur.com\\\/inicio-del-ano-cofrade-de-sevilla-en-la-fundacion-caja-rural-del-sur\\\/#primaryimage\",\"url\":\"https:\\\/\\\/fundacioncajaruraldelsur.com\\\/wp-content\\\/uploads\\\/2023\\\/10\\\/cofradias.png\",\"contentUrl\":\"https:\\\/\\\/fundacioncajaruraldelsur.com\\\/wp-content\\\/uploads\\\/2023\\\/10\\\/cofradias.png\",\"width\":695,\"height\":329},{\"@type\":\"BreadcrumbList\",\"@id\":\"https:\\\/\\\/fundacioncajaruraldelsur.com\\\/inicio-del-ano-cofrade-de-sevilla-en-la-fundacion-caja-rural-del-sur\\\/#breadcrumb\",\"itemListElement\":[{\"@type\":\"ListItem\",\"position\":1,\"name\":\"Portada\",\"item\":\"https:\\\/\\\/fundacioncajaruraldelsur.com\\\/\"},{\"@type\":\"ListItem\",\"position\":2,\"name\":\"Inicio del Curso Cofrade 23\\\/24 de Sevilla en la Fundaci\u00f3n Caja Rural del Sur\"}]},{\"@type\":\"WebSite\",\"@id\":\"https:\\\/\\\/fundacioncajaruraldelsur.com\\\/#website\",\"url\":\"https:\\\/\\\/fundacioncajaruraldelsur.com\\\/\",\"name\":\"Fundaci\u00f3n Caja Rural del Sur\",\"description\":\"\",\"potentialAction\":[{\"@type\":\"SearchAction\",\"target\":{\"@type\":\"EntryPoint\",\"urlTemplate\":\"https:\\\/\\\/fundacioncajaruraldelsur.com\\\/?s={search_term_string}\"},\"query-input\":{\"@type\":\"PropertyValueSpecification\",\"valueRequired\":true,\"valueName\":\"search_term_string\"}}],\"inLanguage\":\"pt-PT\"},{\"@type\":\"Person\",\"@id\":\"https:\\\/\\\/fundacioncajaruraldelsur.com\\\/#\\\/schema\\\/person\\\/f430da9fb783d505ff061ad8b3d44577\",\"name\":\"Comunicaci\u00f3n\",\"image\":{\"@type\":\"ImageObject\",\"inLanguage\":\"pt-PT\",\"@id\":\"https:\\\/\\\/secure.gravatar.com\\\/avatar\\\/0dca239875993680bac4603ad2de7942da018f52cc3a244578e0b3b09314a8d8?s=96&d=blank&r=g\",\"url\":\"https:\\\/\\\/secure.gravatar.com\\\/avatar\\\/0dca239875993680bac4603ad2de7942da018f52cc3a244578e0b3b09314a8d8?s=96&d=blank&r=g\",\"contentUrl\":\"https:\\\/\\\/secure.gravatar.com\\\/avatar\\\/0dca239875993680bac4603ad2de7942da018f52cc3a244578e0b3b09314a8d8?s=96&d=blank&r=g\",\"caption\":\"Comunicaci\u00f3n\"}}]}<\/script>\n<!-- \/ Yoast SEO plugin. -->","yoast_head_json":{"title":"Inicio del Curso Cofrade 23\/24 de Sevilla en la Fundaci\u00f3n Caja Rural del Sur - Fundaci\u00f3n Caja Rural del Sur","robots":{"index":"index","follow":"follow","max-snippet":"max-snippet:-1","max-image-preview":"max-image-preview:large","max-video-preview":"max-video-preview:-1"},"canonical":"https:\/\/fundacioncajaruraldelsur.com\/pt\/inicio-del-ano-cofrade-de-sevilla-en-la-fundacion-caja-rural-del-sur\/","og_locale":"pt_PT","og_type":"article","og_title":"Inicio del Curso Cofrade 23\/24 de Sevilla en la Fundaci\u00f3n Caja Rural del Sur - Fundaci\u00f3n Caja Rural del Sur","og_description":"El arzobispo de Sevilla, monse\u00f1or Jos\u00e9 \u00c1ngel Saiz Meneses, ha presidido el acto de inicio del Curso Cofrade 23\/24 celebrado en el Centro Cultural Jos\u00e9 Luis Garc\u00eda Palacios de la [&hellip;]","og_url":"https:\/\/fundacioncajaruraldelsur.com\/pt\/inicio-del-ano-cofrade-de-sevilla-en-la-fundacion-caja-rural-del-sur\/","og_site_name":"Fundaci\u00f3n Caja Rural del Sur","article_published_time":"2023-10-17T06:03:37+00:00","article_modified_time":"2023-10-17T06:05:40+00:00","og_image":[{"width":695,"height":329,"url":"https:\/\/fundacioncajaruraldelsur.com\/wp-content\/uploads\/2023\/10\/cofradias.png","type":"image\/png"}],"author":"Comunicaci\u00f3n","twitter_card":"summary_large_image","twitter_misc":{"Written by":"Comunicaci\u00f3n","Est. reading time":"2 minutes"},"schema":{"@context":"https:\/\/schema.org","@graph":[{"@type":"Article","@id":"https:\/\/fundacioncajaruraldelsur.com\/inicio-del-ano-cofrade-de-sevilla-en-la-fundacion-caja-rural-del-sur\/#article","isPartOf":{"@id":"https:\/\/fundacioncajaruraldelsur.com\/inicio-del-ano-cofrade-de-sevilla-en-la-fundacion-caja-rural-del-sur\/"},"author":{"name":"Comunicaci\u00f3n","@id":"https:\/\/fundacioncajaruraldelsur.com\/#\/schema\/person\/f430da9fb783d505ff061ad8b3d44577"},"headline":"Inicio del Curso Cofrade 23\/24 de Sevilla en la Fundaci\u00f3n Caja Rural del Sur","datePublished":"2023-10-17T06:03:37+00:00","dateModified":"2023-10-17T06:05:40+00:00","mainEntityOfPage":{"@id":"https:\/\/fundacioncajaruraldelsur.com\/inicio-del-ano-cofrade-de-sevilla-en-la-fundacion-caja-rural-del-sur\/"},"wordCount":347,"image":{"@id":"https:\/\/fundacioncajaruraldelsur.com\/inicio-del-ano-cofrade-de-sevilla-en-la-fundacion-caja-rural-del-sur\/#primaryimage"},"thumbnailUrl":"https:\/\/fundacioncajaruraldelsur.com\/wp-content\/uploads\/2023\/10\/cofradias.png","articleSection":["Actos"],"inLanguage":"pt-PT"},{"@type":"WebPage","@id":"https:\/\/fundacioncajaruraldelsur.com\/inicio-del-ano-cofrade-de-sevilla-en-la-fundacion-caja-rural-del-sur\/","url":"https:\/\/fundacioncajaruraldelsur.com\/inicio-del-ano-cofrade-de-sevilla-en-la-fundacion-caja-rural-del-sur\/","name":"Inicio del Curso Cofrade 23\/24 de Sevilla en la Fundaci\u00f3n Caja Rural del Sur - Fundaci\u00f3n Caja Rural del Sur","isPartOf":{"@id":"https:\/\/fundacioncajaruraldelsur.com\/#website"},"primaryImageOfPage":{"@id":"https:\/\/fundacioncajaruraldelsur.com\/inicio-del-ano-cofrade-de-sevilla-en-la-fundacion-caja-rural-del-sur\/#primaryimage"},"image":{"@id":"https:\/\/fundacioncajaruraldelsur.com\/inicio-del-ano-cofrade-de-sevilla-en-la-fundacion-caja-rural-del-sur\/#primaryimage"},"thumbnailUrl":"https:\/\/fundacioncajaruraldelsur.com\/wp-content\/uploads\/2023\/10\/cofradias.png","datePublished":"2023-10-17T06:03:37+00:00","dateModified":"2023-10-17T06:05:40+00:00","author":{"@id":"https:\/\/fundacioncajaruraldelsur.com\/#\/schema\/person\/f430da9fb783d505ff061ad8b3d44577"},"breadcrumb":{"@id":"https:\/\/fundacioncajaruraldelsur.com\/inicio-del-ano-cofrade-de-sevilla-en-la-fundacion-caja-rural-del-sur\/#breadcrumb"},"inLanguage":"pt-PT","potentialAction":[{"@type":"ReadAction","target":["https:\/\/fundacioncajaruraldelsur.com\/inicio-del-ano-cofrade-de-sevilla-en-la-fundacion-caja-rural-del-sur\/"]}]},{"@type":"ImageObject","inLanguage":"pt-PT","@id":"https:\/\/fundacioncajaruraldelsur.com\/inicio-del-ano-cofrade-de-sevilla-en-la-fundacion-caja-rural-del-sur\/#primaryimage","url":"https:\/\/fundacioncajaruraldelsur.com\/wp-content\/uploads\/2023\/10\/cofradias.png","contentUrl":"https:\/\/fundacioncajaruraldelsur.com\/wp-content\/uploads\/2023\/10\/cofradias.png","width":695,"height":329},{"@type":"BreadcrumbList","@id":"https:\/\/fundacioncajaruraldelsur.com\/inicio-del-ano-cofrade-de-sevilla-en-la-fundacion-caja-rural-del-sur\/#breadcrumb","itemListElement":[{"@type":"ListItem","position":1,"name":"Portada","item":"https:\/\/fundacioncajaruraldelsur.com\/"},{"@type":"ListItem","position":2,"name":"Inicio del Curso Cofrade 23\/24 de Sevilla en la Fundaci\u00f3n Caja Rural del Sur"}]},{"@type":"WebSite","@id":"https:\/\/fundacioncajaruraldelsur.com\/#website","url":"https:\/\/fundacioncajaruraldelsur.com\/","name":"Funda\u00e7\u00e3o Caja Rural del Sur","description":"","potentialAction":[{"@type":"SearchAction","target":{"@type":"EntryPoint","urlTemplate":"https:\/\/fundacioncajaruraldelsur.com\/?s={search_term_string}"},"query-input":{"@type":"PropertyValueSpecification","valueRequired":true,"valueName":"search_term_string"}}],"inLanguage":"pt-PT"},{"@type":"Person","@id":"https:\/\/fundacioncajaruraldelsur.com\/#\/schema\/person\/f430da9fb783d505ff061ad8b3d44577","name":"Comunicaci\u00f3n","image":{"@type":"ImageObject","inLanguage":"pt-PT","@id":"https:\/\/secure.gravatar.com\/avatar\/0dca239875993680bac4603ad2de7942da018f52cc3a244578e0b3b09314a8d8?s=96&d=blank&r=g","url":"https:\/\/secure.gravatar.com\/avatar\/0dca239875993680bac4603ad2de7942da018f52cc3a244578e0b3b09314a8d8?s=96&d=blank&r=g","contentUrl":"https:\/\/secure.gravatar.com\/avatar\/0dca239875993680bac4603ad2de7942da018f52cc3a244578e0b3b09314a8d8?s=96&d=blank&r=g","caption":"Comunicaci\u00f3n"}}]}},"rttpg_featured_image_url":{"full":["https:\/\/fundacioncajaruraldelsur.com\/wp-content\/uploads\/2023\/10\/cofradias.png",695,329,false],"landscape":["https:\/\/fundacioncajaruraldelsur.com\/wp-content\/uploads\/2023\/10\/cofradias.png",695,329,false],"portraits":["https:\/\/fundacioncajaruraldelsur.com\/wp-content\/uploads\/2023\/10\/cofradias.png",695,329,false],"thumbnail":["https:\/\/fundacioncajaruraldelsur.com\/wp-content\/uploads\/2023\/10\/cofradias-150x150.png",150,150,true],"medium":["https:\/\/fundacioncajaruraldelsur.com\/wp-content\/uploads\/2023\/10\/cofradias-300x142.png",300,142,true],"large":["https:\/\/fundacioncajaruraldelsur.com\/wp-content\/uploads\/2023\/10\/cofradias.png",695,329,false],"1536x1536":["https:\/\/fundacioncajaruraldelsur.com\/wp-content\/uploads\/2023\/10\/cofradias.png",695,329,false],"2048x2048":["https:\/\/fundacioncajaruraldelsur.com\/wp-content\/uploads\/2023\/10\/cofradias.png",695,329,false],"trp-custom-language-flag":["https:\/\/fundacioncajaruraldelsur.com\/wp-content\/uploads\/2023\/10\/cofradias.png",18,9,false],"blog-thumbnail":["https:\/\/fundacioncajaruraldelsur.com\/wp-content\/uploads\/2023\/10\/cofradias-400x200.png",400,200,true]},"rttpg_author":{"display_name":"Comunicaci\u00f3n","author_link":"https:\/\/fundacioncajaruraldelsur.com\/pt\/author\/sevillaadmin\/"},"rttpg_comment":0,"rttpg_category":"<a href=\"https:\/\/fundacioncajaruraldelsur.com\/pt\/category\/actos\/\" rel=\"category tag\">Actos<\/a>","rttpg_excerpt":"El arzobispo de Sevilla, monse\u00f1or Jos\u00e9 \u00c1ngel Saiz Meneses, ha presidido el acto de inicio del Curso Cofrade 23\/24 celebrado en el Centro Cultural Jos\u00e9 Luis Garc\u00eda Palacios de la [&hellip;]","_links":{"self":[{"href":"https:\/\/fundacioncajaruraldelsur.com\/pt\/wp-json\/wp\/v2\/posts\/9245","targetHints":{"allow":["GET"]}}],"collection":[{"href":"https:\/\/fundacioncajaruraldelsur.com\/pt\/wp-json\/wp\/v2\/posts"}],"about":[{"href":"https:\/\/fundacioncajaruraldelsur.com\/pt\/wp-json\/wp\/v2\/types\/post"}],"author":[{"embeddable":true,"href":"https:\/\/fundacioncajaruraldelsur.com\/pt\/wp-json\/wp\/v2\/users\/6"}],"replies":[{"embeddable":true,"href":"https:\/\/fundacioncajaruraldelsur.com\/pt\/wp-json\/wp\/v2\/comments?post=9245"}],"version-history":[{"count":3,"href":"https:\/\/fundacioncajaruraldelsur.com\/pt\/wp-json\/wp\/v2\/posts\/9245\/revisions"}],"predecessor-version":[{"id":9250,"href":"https:\/\/fundacioncajaruraldelsur.com\/pt\/wp-json\/wp\/v2\/posts\/9245\/revisions\/9250"}],"wp:featuredmedia":[{"embeddable":true,"href":"https:\/\/fundacioncajaruraldelsur.com\/pt\/wp-json\/wp\/v2\/media\/9246"}],"wp:attachment":[{"href":"https:\/\/fundacioncajaruraldelsur.com\/pt\/wp-json\/wp\/v2\/media?parent=9245"}],"wp:term":[{"taxonomy":"category","embeddable":true,"href":"https:\/\/fundacioncajaruraldelsur.com\/pt\/wp-json\/wp\/v2\/categories?post=9245"},{"taxonomy":"post_tag","embeddable":true,"href":"https:\/\/fundacioncajaruraldelsur.com\/pt\/wp-json\/wp\/v2\/tags?post=9245"}],"curies":[{"name":"wp","href":"https:\/\/api.w.org\/{rel}","templated":true}]}}