{"id":9198,"date":"2023-10-04T11:22:38","date_gmt":"2023-10-04T10:22:38","guid":{"rendered":"\/?p=9198"},"modified":"2023-10-04T11:32:27","modified_gmt":"2023-10-04T10:32:27","slug":"exposicion-colectiva-de-rocio-aguado-javier-grandes-y-pelayo-domeq-la-fotografia-pintura-y-escultura-se-dan-cita-en-la-fundacion-caja-rural-del-sur-en-sevilla","status":"publish","type":"post","link":"https:\/\/fundacioncajaruraldelsur.com\/pt\/exposicion-colectiva-de-rocio-aguado-javier-grandes-y-pelayo-domeq-la-fotografia-pintura-y-escultura-se-dan-cita-en-la-fundacion-caja-rural-del-sur-en-sevilla\/","title":{"rendered":"Exposici\u00f3n colectiva de Roc\u00edo Aguado, Javier Grandes y Pelayo Domeq: la fotograf\u00eda, pintura y escultura se dan cita en la Fundaci\u00f3n Caja Rural del Sur en Sevilla"},"content":{"rendered":"<p><strong>Hasta el 27 de octubre la Fundaci\u00f3n Caja Rural del Sur presenta en el Centro Cultural Jos\u00e9 Luis Garc\u00eda Palacios en Sevilla (C\/ Murillo, 2) la exposici\u00f3n colectiva<\/strong> que re\u00fane trabajos de tres reconocidos artistas de la fotograf\u00eda, la pintura y la escultura como son Roc\u00edo Aguado, Javier Grandes y Pelayo Domeq.<\/p>\n<p>La exposici\u00f3n, que fue inaugurada este martes, 3 de octubre, por la <strong>responsable de los Centros Culturales de la Fundaci\u00f3n Caja Rural del Sur, Mar\u00eda Luisa Garc\u00eda-Palacios<\/strong>, con la asistencia de Manuel Ruiz Rojas, Director financiero de la Fundaci\u00f3n, se puede visitar en horario de lunes a viernes de 10 a 14 horas y de 18 a 21 horas, en el Centro Cultural de la entidad en Sevilla.<\/p>\n<p><a href=\"\/wp-content\/uploads\/2023\/10\/WhatsApp-Image-2023-10-04-at-09.49.53.jpeg\" rel=\"lightbox-0\"><img loading=\"lazy\" decoding=\"async\" class=\"alignnone wp-image-9203 size-full\" src=\"\/wp-content\/uploads\/2023\/10\/WhatsApp-Image-2023-10-04-at-09.49.53.jpeg\" alt=\"\" width=\"2040\" height=\"918\" srcset=\"https:\/\/fundacioncajaruraldelsur.com\/wp-content\/uploads\/2023\/10\/WhatsApp-Image-2023-10-04-at-09.49.53.jpeg 2040w, https:\/\/fundacioncajaruraldelsur.com\/wp-content\/uploads\/2023\/10\/WhatsApp-Image-2023-10-04-at-09.49.53-300x135.jpeg 300w, https:\/\/fundacioncajaruraldelsur.com\/wp-content\/uploads\/2023\/10\/WhatsApp-Image-2023-10-04-at-09.49.53-1024x461.jpeg 1024w, https:\/\/fundacioncajaruraldelsur.com\/wp-content\/uploads\/2023\/10\/WhatsApp-Image-2023-10-04-at-09.49.53-768x346.jpeg 768w, https:\/\/fundacioncajaruraldelsur.com\/wp-content\/uploads\/2023\/10\/WhatsApp-Image-2023-10-04-at-09.49.53-1536x691.jpeg 1536w\" sizes=\"auto, (max-width: 2040px) 100vw, 2040px\" \/><\/a><\/p>\n<p><strong>Roc\u00edo Aguado es una destacada fot\u00f3grafa creativa que busca producir im\u00e1genes que sean sensibles al espectador y capten su inter\u00e9s.<\/strong> Ha fundado la agencia de comunicaci\u00f3n Pureza, que se encarga de la comunicaci\u00f3n digital de empresas. Adem\u00e1s crea campa\u00f1as de publicidad , para clientes como son la revista Hola, Cruzcampo, y tiene una gran especialidad de trabajos de moda con firmas como TheFirst, Mde Juanes, Noon , Do\u00f1ana , Flamenca PolNu\u00f1ez, entre otras.<\/p>\n<p><a href=\"\/wp-content\/uploads\/2023\/10\/WhatsApp-Image-2023-10-04-at-09.51.02.jpeg\" rel=\"lightbox-1\"><img loading=\"lazy\" decoding=\"async\" class=\"alignnone wp-image-9205 size-full\" src=\"\/wp-content\/uploads\/2023\/10\/WhatsApp-Image-2023-10-04-at-09.51.02.jpeg\" alt=\"\" width=\"2040\" height=\"918\" srcset=\"https:\/\/fundacioncajaruraldelsur.com\/wp-content\/uploads\/2023\/10\/WhatsApp-Image-2023-10-04-at-09.51.02.jpeg 2040w, https:\/\/fundacioncajaruraldelsur.com\/wp-content\/uploads\/2023\/10\/WhatsApp-Image-2023-10-04-at-09.51.02-300x135.jpeg 300w, https:\/\/fundacioncajaruraldelsur.com\/wp-content\/uploads\/2023\/10\/WhatsApp-Image-2023-10-04-at-09.51.02-1024x461.jpeg 1024w, https:\/\/fundacioncajaruraldelsur.com\/wp-content\/uploads\/2023\/10\/WhatsApp-Image-2023-10-04-at-09.51.02-768x346.jpeg 768w, https:\/\/fundacioncajaruraldelsur.com\/wp-content\/uploads\/2023\/10\/WhatsApp-Image-2023-10-04-at-09.51.02-1536x691.jpeg 1536w\" sizes=\"auto, (max-width: 2040px) 100vw, 2040px\" \/><\/a><\/p>\n<p><a href=\"\/wp-content\/uploads\/2023\/10\/WhatsApp-Image-2023-10-04-at-09.52.15-1.jpeg\" rel=\"lightbox-2\"><img loading=\"lazy\" decoding=\"async\" class=\"alignnone wp-image-9207 size-full\" src=\"\/wp-content\/uploads\/2023\/10\/WhatsApp-Image-2023-10-04-at-09.52.15-1.jpeg\" alt=\"\" width=\"2048\" height=\"1536\" srcset=\"https:\/\/fundacioncajaruraldelsur.com\/wp-content\/uploads\/2023\/10\/WhatsApp-Image-2023-10-04-at-09.52.15-1.jpeg 2048w, https:\/\/fundacioncajaruraldelsur.com\/wp-content\/uploads\/2023\/10\/WhatsApp-Image-2023-10-04-at-09.52.15-1-300x225.jpeg 300w, https:\/\/fundacioncajaruraldelsur.com\/wp-content\/uploads\/2023\/10\/WhatsApp-Image-2023-10-04-at-09.52.15-1-1024x768.jpeg 1024w, https:\/\/fundacioncajaruraldelsur.com\/wp-content\/uploads\/2023\/10\/WhatsApp-Image-2023-10-04-at-09.52.15-1-768x576.jpeg 768w, https:\/\/fundacioncajaruraldelsur.com\/wp-content\/uploads\/2023\/10\/WhatsApp-Image-2023-10-04-at-09.52.15-1-1536x1152.jpeg 1536w\" sizes=\"auto, (max-width: 2048px) 100vw, 2048px\" \/><\/a><\/p>\n<p><a href=\"\/wp-content\/uploads\/2023\/10\/WhatsApp-Image-2023-10-04-at-09.52.17.jpeg\" rel=\"lightbox-3\"><img loading=\"lazy\" decoding=\"async\" class=\"alignnone wp-image-9212 size-full\" src=\"\/wp-content\/uploads\/2023\/10\/WhatsApp-Image-2023-10-04-at-09.52.17.jpeg\" alt=\"\" width=\"2048\" height=\"1536\" srcset=\"https:\/\/fundacioncajaruraldelsur.com\/wp-content\/uploads\/2023\/10\/WhatsApp-Image-2023-10-04-at-09.52.17.jpeg 2048w, https:\/\/fundacioncajaruraldelsur.com\/wp-content\/uploads\/2023\/10\/WhatsApp-Image-2023-10-04-at-09.52.17-300x225.jpeg 300w, https:\/\/fundacioncajaruraldelsur.com\/wp-content\/uploads\/2023\/10\/WhatsApp-Image-2023-10-04-at-09.52.17-1024x768.jpeg 1024w, https:\/\/fundacioncajaruraldelsur.com\/wp-content\/uploads\/2023\/10\/WhatsApp-Image-2023-10-04-at-09.52.17-768x576.jpeg 768w, https:\/\/fundacioncajaruraldelsur.com\/wp-content\/uploads\/2023\/10\/WhatsApp-Image-2023-10-04-at-09.52.17-1536x1152.jpeg 1536w\" sizes=\"auto, (max-width: 2048px) 100vw, 2048px\" \/><\/a><\/p>\n<p><a href=\"\/wp-content\/uploads\/2023\/10\/WhatsApp-Image-2023-10-04-at-09.52.19.jpeg\" rel=\"lightbox-4\"><img loading=\"lazy\" decoding=\"async\" class=\"alignnone wp-image-9215 size-full\" src=\"\/wp-content\/uploads\/2023\/10\/WhatsApp-Image-2023-10-04-at-09.52.19.jpeg\" alt=\"\" width=\"2048\" height=\"1536\" srcset=\"https:\/\/fundacioncajaruraldelsur.com\/wp-content\/uploads\/2023\/10\/WhatsApp-Image-2023-10-04-at-09.52.19.jpeg 2048w, https:\/\/fundacioncajaruraldelsur.com\/wp-content\/uploads\/2023\/10\/WhatsApp-Image-2023-10-04-at-09.52.19-300x225.jpeg 300w, https:\/\/fundacioncajaruraldelsur.com\/wp-content\/uploads\/2023\/10\/WhatsApp-Image-2023-10-04-at-09.52.19-1024x768.jpeg 1024w, https:\/\/fundacioncajaruraldelsur.com\/wp-content\/uploads\/2023\/10\/WhatsApp-Image-2023-10-04-at-09.52.19-768x576.jpeg 768w, https:\/\/fundacioncajaruraldelsur.com\/wp-content\/uploads\/2023\/10\/WhatsApp-Image-2023-10-04-at-09.52.19-1536x1152.jpeg 1536w\" sizes=\"auto, (max-width: 2048px) 100vw, 2048px\" \/><\/a><\/p>\n<p><strong>El escultor Pelayo Domecq expone tambi\u00e9n en Sevilla tras una amplia trayectoria en esta actividad.<\/strong> El artista jerezano siendo un ni\u00f1o disfrutaba haciendo figuras de plastilina y con el paso de los a\u00f1os ese hobby de infancia se ha terminado convirtiendo en su segunda profesi\u00f3n. Adem\u00e1s de dedicar tiempo a su afici\u00f3n y deberse a los encargos que le hacen tiene su oficio principal en Jerez , donde trabaja en Agricosur, la empresa familiar. Adem\u00e1s tambi\u00e9n se dedica a gestionar una finca propiedad de su familia. Antes de instalarse definitivamente a vivir en su tierra, Pelayo ha vivido en diferentes ciudades que le han permitido formarse como el profesional que es hoy. Inici\u00f3 sus estudios de administraci\u00f3n y direcci\u00f3n de empresas en Madrid, para posteriormente terminarlos en la capital irlandesa de Dubl\u00edn. Al finalizar su etapa formativa tuvo la oportunidad de irse a trabajar a Reino Unido con la compa\u00f1\u00eda bodeguera Gonz\u00e1lez Byass. Fue tras este periodo fuera de nuestro pa\u00eds que decidi\u00f3 volver a casa para poner todos sus aprendizajes en el negocio familiar.<\/p>\n<p><a href=\"\/wp-content\/uploads\/2023\/10\/WhatsApp-Image-2023-10-04-at-09.52.17-1.jpeg\" rel=\"lightbox-5\"><img loading=\"lazy\" decoding=\"async\" class=\"alignnone wp-image-9210 size-full\" src=\"\/wp-content\/uploads\/2023\/10\/WhatsApp-Image-2023-10-04-at-09.52.17-1.jpeg\" alt=\"\" width=\"2048\" height=\"1536\" srcset=\"https:\/\/fundacioncajaruraldelsur.com\/wp-content\/uploads\/2023\/10\/WhatsApp-Image-2023-10-04-at-09.52.17-1.jpeg 2048w, https:\/\/fundacioncajaruraldelsur.com\/wp-content\/uploads\/2023\/10\/WhatsApp-Image-2023-10-04-at-09.52.17-1-300x225.jpeg 300w, https:\/\/fundacioncajaruraldelsur.com\/wp-content\/uploads\/2023\/10\/WhatsApp-Image-2023-10-04-at-09.52.17-1-1024x768.jpeg 1024w, https:\/\/fundacioncajaruraldelsur.com\/wp-content\/uploads\/2023\/10\/WhatsApp-Image-2023-10-04-at-09.52.17-1-768x576.jpeg 768w, https:\/\/fundacioncajaruraldelsur.com\/wp-content\/uploads\/2023\/10\/WhatsApp-Image-2023-10-04-at-09.52.17-1-1536x1152.jpeg 1536w\" sizes=\"auto, (max-width: 2048px) 100vw, 2048px\" \/><\/a><\/p>\n<p><a href=\"\/wp-content\/uploads\/2023\/10\/WhatsApp-Image-2023-10-04-at-09.52.15.jpeg\" rel=\"lightbox-6\"><img loading=\"lazy\" decoding=\"async\" class=\"alignnone wp-image-9209 size-full\" src=\"\/wp-content\/uploads\/2023\/10\/WhatsApp-Image-2023-10-04-at-09.52.15.jpeg\" alt=\"\" width=\"2048\" height=\"1536\" srcset=\"https:\/\/fundacioncajaruraldelsur.com\/wp-content\/uploads\/2023\/10\/WhatsApp-Image-2023-10-04-at-09.52.15.jpeg 2048w, https:\/\/fundacioncajaruraldelsur.com\/wp-content\/uploads\/2023\/10\/WhatsApp-Image-2023-10-04-at-09.52.15-300x225.jpeg 300w, https:\/\/fundacioncajaruraldelsur.com\/wp-content\/uploads\/2023\/10\/WhatsApp-Image-2023-10-04-at-09.52.15-1024x768.jpeg 1024w, https:\/\/fundacioncajaruraldelsur.com\/wp-content\/uploads\/2023\/10\/WhatsApp-Image-2023-10-04-at-09.52.15-768x576.jpeg 768w, https:\/\/fundacioncajaruraldelsur.com\/wp-content\/uploads\/2023\/10\/WhatsApp-Image-2023-10-04-at-09.52.15-1536x1152.jpeg 1536w\" sizes=\"auto, (max-width: 2048px) 100vw, 2048px\" \/><\/a><\/p>\n<p><a href=\"\/wp-content\/uploads\/2023\/10\/WhatsApp-Image-2023-10-04-at-09.52.14.jpeg\" rel=\"lightbox-7\"><img loading=\"lazy\" decoding=\"async\" class=\"alignnone wp-image-9206 size-full\" src=\"\/wp-content\/uploads\/2023\/10\/WhatsApp-Image-2023-10-04-at-09.52.14.jpeg\" alt=\"\" width=\"2048\" height=\"1536\" srcset=\"https:\/\/fundacioncajaruraldelsur.com\/wp-content\/uploads\/2023\/10\/WhatsApp-Image-2023-10-04-at-09.52.14.jpeg 2048w, https:\/\/fundacioncajaruraldelsur.com\/wp-content\/uploads\/2023\/10\/WhatsApp-Image-2023-10-04-at-09.52.14-300x225.jpeg 300w, https:\/\/fundacioncajaruraldelsur.com\/wp-content\/uploads\/2023\/10\/WhatsApp-Image-2023-10-04-at-09.52.14-1024x768.jpeg 1024w, https:\/\/fundacioncajaruraldelsur.com\/wp-content\/uploads\/2023\/10\/WhatsApp-Image-2023-10-04-at-09.52.14-768x576.jpeg 768w, https:\/\/fundacioncajaruraldelsur.com\/wp-content\/uploads\/2023\/10\/WhatsApp-Image-2023-10-04-at-09.52.14-1536x1152.jpeg 1536w\" sizes=\"auto, (max-width: 2048px) 100vw, 2048px\" \/><\/a><\/p>\n<p><strong>La pintura de Javier Grandes tambi\u00e9n tiene cabida en esta exposici\u00f3n colectiva.<\/strong> El artista jerezano comenz\u00f3 a pintar a muy temprana edad y complet\u00f3 su formaci\u00f3n en los estudios de Mar\u00eda Luisa Pem\u00e1n y de Paco Broca, con quien pudo trabajar la pintura al natural en los Jardines del Real Alc\u00e1zar de Sevilla. De tem\u00e1tica paisaj\u00edstica, es en el marco de Jerez, entre la campi\u00f1a y el mar, donde aprende a admirar el paisaje. Expone una colecci\u00f3n compuesta por 8 cuadros en pintura acr\u00edlica y \u00f3leo, destacan el campo y la arquitectura. Dota a sus obras de una atm\u00f3sfera muy especial, donde destacan sus bellas composiciones y encuadres. Hace uso de las luminancias con suaves pinceladas, donde consigue captar los juegos de luces y arm\u00f3nicas perspectivas. Ha expuesto en varias ocasiones en La Galer\u00eda del Virrey en Jerez de la Frontera, en el Real Clubde Golf de Vistahermosa, en Osborne Fundarte y en la Galer\u00eda 18 de Puerto Sherry.<\/p>\n<p><a href=\"\/wp-content\/uploads\/2023\/10\/WhatsApp-Image-2023-10-04-at-09.32.35-1.jpeg\" rel=\"lightbox-8\"><img loading=\"lazy\" decoding=\"async\" class=\"alignnone wp-image-9200 size-full\" src=\"\/wp-content\/uploads\/2023\/10\/WhatsApp-Image-2023-10-04-at-09.32.35-1.jpeg\" alt=\"\" width=\"2040\" height=\"918\" srcset=\"https:\/\/fundacioncajaruraldelsur.com\/wp-content\/uploads\/2023\/10\/WhatsApp-Image-2023-10-04-at-09.32.35-1.jpeg 2040w, https:\/\/fundacioncajaruraldelsur.com\/wp-content\/uploads\/2023\/10\/WhatsApp-Image-2023-10-04-at-09.32.35-1-300x135.jpeg 300w, https:\/\/fundacioncajaruraldelsur.com\/wp-content\/uploads\/2023\/10\/WhatsApp-Image-2023-10-04-at-09.32.35-1-1024x461.jpeg 1024w, https:\/\/fundacioncajaruraldelsur.com\/wp-content\/uploads\/2023\/10\/WhatsApp-Image-2023-10-04-at-09.32.35-1-768x346.jpeg 768w, https:\/\/fundacioncajaruraldelsur.com\/wp-content\/uploads\/2023\/10\/WhatsApp-Image-2023-10-04-at-09.32.35-1-1536x691.jpeg 1536w\" sizes=\"auto, (max-width: 2040px) 100vw, 2040px\" \/><\/a><\/p>\n<p><a href=\"\/wp-content\/uploads\/2023\/10\/WhatsApp-Image-2023-10-04-at-09.52.17-2.jpeg\" rel=\"lightbox-9\"><img loading=\"lazy\" decoding=\"async\" class=\"alignnone wp-image-9211 size-full\" src=\"\/wp-content\/uploads\/2023\/10\/WhatsApp-Image-2023-10-04-at-09.52.17-2.jpeg\" alt=\"\" width=\"2048\" height=\"1536\" srcset=\"https:\/\/fundacioncajaruraldelsur.com\/wp-content\/uploads\/2023\/10\/WhatsApp-Image-2023-10-04-at-09.52.17-2.jpeg 2048w, https:\/\/fundacioncajaruraldelsur.com\/wp-content\/uploads\/2023\/10\/WhatsApp-Image-2023-10-04-at-09.52.17-2-300x225.jpeg 300w, https:\/\/fundacioncajaruraldelsur.com\/wp-content\/uploads\/2023\/10\/WhatsApp-Image-2023-10-04-at-09.52.17-2-1024x768.jpeg 1024w, https:\/\/fundacioncajaruraldelsur.com\/wp-content\/uploads\/2023\/10\/WhatsApp-Image-2023-10-04-at-09.52.17-2-768x576.jpeg 768w, https:\/\/fundacioncajaruraldelsur.com\/wp-content\/uploads\/2023\/10\/WhatsApp-Image-2023-10-04-at-09.52.17-2-1536x1152.jpeg 1536w\" sizes=\"auto, (max-width: 2048px) 100vw, 2048px\" \/><\/a><\/p>\n<p><a href=\"\/wp-content\/uploads\/2023\/10\/WhatsApp-Image-2023-10-04-at-09.49.53.jpeg\" rel=\"lightbox-0\"><img loading=\"lazy\" decoding=\"async\" class=\"alignnone wp-image-9203 size-full\" src=\"\/wp-content\/uploads\/2023\/10\/WhatsApp-Image-2023-10-04-at-09.49.53.jpeg\" alt=\"\" width=\"2040\" height=\"918\" srcset=\"https:\/\/fundacioncajaruraldelsur.com\/wp-content\/uploads\/2023\/10\/WhatsApp-Image-2023-10-04-at-09.49.53.jpeg 2040w, https:\/\/fundacioncajaruraldelsur.com\/wp-content\/uploads\/2023\/10\/WhatsApp-Image-2023-10-04-at-09.49.53-300x135.jpeg 300w, https:\/\/fundacioncajaruraldelsur.com\/wp-content\/uploads\/2023\/10\/WhatsApp-Image-2023-10-04-at-09.49.53-1024x461.jpeg 1024w, https:\/\/fundacioncajaruraldelsur.com\/wp-content\/uploads\/2023\/10\/WhatsApp-Image-2023-10-04-at-09.49.53-768x346.jpeg 768w, https:\/\/fundacioncajaruraldelsur.com\/wp-content\/uploads\/2023\/10\/WhatsApp-Image-2023-10-04-at-09.49.53-1536x691.jpeg 1536w\" sizes=\"auto, (max-width: 2040px) 100vw, 2040px\" \/><\/a><\/p>","protected":false},"excerpt":{"rendered":"<p>Hasta el 27 de octubre la Fundaci\u00f3n Caja Rural del Sur presenta en el Centro Cultural Jos\u00e9 Luis Garc\u00eda Palacios en Sevilla (C\/ Murillo, 2) la exposici\u00f3n colectiva que re\u00fane [&hellip;]<\/p>\n","protected":false},"author":6,"featured_media":9199,"comment_status":"closed","ping_status":"closed","sticky":false,"template":"","format":"standard","meta":{"footnotes":""},"categories":[82],"tags":[],"class_list":["post-9198","post","type-post","status-publish","format-standard","has-post-thumbnail","hentry","category-exposiciones"],"yoast_head":"<!-- This site is optimized with the Yoast SEO plugin v27.3 - https:\/\/yoast.com\/product\/yoast-seo-wordpress\/ -->\n<title>Exposici\u00f3n colectiva de Roc\u00edo Aguado, Javier Grandes y Pelayo Domeq: la fotograf\u00eda, pintura y escultura se dan cita en la Fundaci\u00f3n Caja Rural del Sur en Sevilla - Fundaci\u00f3n Caja Rural del Sur<\/title>\n<meta name=\"robots\" content=\"index, follow, max-snippet:-1, max-image-preview:large, max-video-preview:-1\" \/>\n<link rel=\"canonical\" href=\"https:\/\/fundacioncajaruraldelsur.com\/pt\/exposicion-colectiva-de-rocio-aguado-javier-grandes-y-pelayo-domeq-la-fotografia-pintura-y-escultura-se-dan-cita-en-la-fundacion-caja-rural-del-sur-en-sevilla\/\" \/>\n<meta property=\"og:locale\" content=\"pt_PT\" \/>\n<meta property=\"og:type\" content=\"article\" \/>\n<meta property=\"og:title\" content=\"Exposici\u00f3n colectiva de Roc\u00edo Aguado, Javier Grandes y Pelayo Domeq: la fotograf\u00eda, pintura y escultura se dan cita en la Fundaci\u00f3n Caja Rural del Sur en Sevilla - Fundaci\u00f3n Caja Rural del Sur\" \/>\n<meta property=\"og:description\" content=\"Hasta el 27 de octubre la Fundaci\u00f3n Caja Rural del Sur presenta en el Centro Cultural Jos\u00e9 Luis Garc\u00eda Palacios en Sevilla (C\/ Murillo, 2) la exposici\u00f3n colectiva que re\u00fane [&hellip;]\" \/>\n<meta property=\"og:url\" content=\"https:\/\/fundacioncajaruraldelsur.com\/pt\/exposicion-colectiva-de-rocio-aguado-javier-grandes-y-pelayo-domeq-la-fotografia-pintura-y-escultura-se-dan-cita-en-la-fundacion-caja-rural-del-sur-en-sevilla\/\" \/>\n<meta property=\"og:site_name\" content=\"Fundaci\u00f3n Caja Rural del Sur\" \/>\n<meta property=\"article:published_time\" content=\"2023-10-04T10:22:38+00:00\" \/>\n<meta property=\"article:modified_time\" content=\"2023-10-04T10:32:27+00:00\" \/>\n<meta property=\"og:image\" content=\"https:\/\/fundacioncajaruraldelsur.com\/wp-content\/uploads\/2023\/10\/WhatsApp-Image-2023-10-04-at-09.50.10.jpeg\" \/>\n\t<meta property=\"og:image:width\" content=\"2040\" \/>\n\t<meta property=\"og:image:height\" content=\"918\" \/>\n\t<meta property=\"og:image:type\" content=\"image\/jpeg\" \/>\n<meta name=\"author\" content=\"Comunicaci\u00f3n\" \/>\n<meta name=\"twitter:card\" content=\"summary_large_image\" \/>\n<meta name=\"twitter:label1\" content=\"Written by\" \/>\n\t<meta name=\"twitter:data1\" content=\"Comunicaci\u00f3n\" \/>\n\t<meta name=\"twitter:label2\" content=\"Est. reading time\" \/>\n\t<meta name=\"twitter:data2\" content=\"5 minutes\" \/>\n<script type=\"application\/ld+json\" class=\"yoast-schema-graph\">{\"@context\":\"https:\\\/\\\/schema.org\",\"@graph\":[{\"@type\":\"Article\",\"@id\":\"https:\\\/\\\/fundacioncajaruraldelsur.com\\\/exposicion-colectiva-de-rocio-aguado-javier-grandes-y-pelayo-domeq-la-fotografia-pintura-y-escultura-se-dan-cita-en-la-fundacion-caja-rural-del-sur-en-sevilla\\\/#article\",\"isPartOf\":{\"@id\":\"https:\\\/\\\/fundacioncajaruraldelsur.com\\\/exposicion-colectiva-de-rocio-aguado-javier-grandes-y-pelayo-domeq-la-fotografia-pintura-y-escultura-se-dan-cita-en-la-fundacion-caja-rural-del-sur-en-sevilla\\\/\"},\"author\":{\"name\":\"Comunicaci\u00f3n\",\"@id\":\"https:\\\/\\\/fundacioncajaruraldelsur.com\\\/#\\\/schema\\\/person\\\/f430da9fb783d505ff061ad8b3d44577\"},\"headline\":\"Exposici\u00f3n colectiva de Roc\u00edo Aguado, Javier Grandes y Pelayo Domeq: la fotograf\u00eda, pintura y escultura se dan cita en la Fundaci\u00f3n Caja Rural del Sur en Sevilla\",\"datePublished\":\"2023-10-04T10:22:38+00:00\",\"dateModified\":\"2023-10-04T10:32:27+00:00\",\"mainEntityOfPage\":{\"@id\":\"https:\\\/\\\/fundacioncajaruraldelsur.com\\\/exposicion-colectiva-de-rocio-aguado-javier-grandes-y-pelayo-domeq-la-fotografia-pintura-y-escultura-se-dan-cita-en-la-fundacion-caja-rural-del-sur-en-sevilla\\\/\"},\"wordCount\":595,\"image\":{\"@id\":\"https:\\\/\\\/fundacioncajaruraldelsur.com\\\/exposicion-colectiva-de-rocio-aguado-javier-grandes-y-pelayo-domeq-la-fotografia-pintura-y-escultura-se-dan-cita-en-la-fundacion-caja-rural-del-sur-en-sevilla\\\/#primaryimage\"},\"thumbnailUrl\":\"https:\\\/\\\/fundacioncajaruraldelsur.com\\\/wp-content\\\/uploads\\\/2023\\\/10\\\/WhatsApp-Image-2023-10-04-at-09.50.10.jpeg\",\"articleSection\":[\"Exposiciones\"],\"inLanguage\":\"pt-PT\"},{\"@type\":\"WebPage\",\"@id\":\"https:\\\/\\\/fundacioncajaruraldelsur.com\\\/exposicion-colectiva-de-rocio-aguado-javier-grandes-y-pelayo-domeq-la-fotografia-pintura-y-escultura-se-dan-cita-en-la-fundacion-caja-rural-del-sur-en-sevilla\\\/\",\"url\":\"https:\\\/\\\/fundacioncajaruraldelsur.com\\\/exposicion-colectiva-de-rocio-aguado-javier-grandes-y-pelayo-domeq-la-fotografia-pintura-y-escultura-se-dan-cita-en-la-fundacion-caja-rural-del-sur-en-sevilla\\\/\",\"name\":\"Exposici\u00f3n colectiva de Roc\u00edo Aguado, Javier Grandes y Pelayo Domeq: la fotograf\u00eda, pintura y escultura se dan cita en la Fundaci\u00f3n Caja Rural del Sur en Sevilla - Fundaci\u00f3n Caja Rural del Sur\",\"isPartOf\":{\"@id\":\"https:\\\/\\\/fundacioncajaruraldelsur.com\\\/#website\"},\"primaryImageOfPage\":{\"@id\":\"https:\\\/\\\/fundacioncajaruraldelsur.com\\\/exposicion-colectiva-de-rocio-aguado-javier-grandes-y-pelayo-domeq-la-fotografia-pintura-y-escultura-se-dan-cita-en-la-fundacion-caja-rural-del-sur-en-sevilla\\\/#primaryimage\"},\"image\":{\"@id\":\"https:\\\/\\\/fundacioncajaruraldelsur.com\\\/exposicion-colectiva-de-rocio-aguado-javier-grandes-y-pelayo-domeq-la-fotografia-pintura-y-escultura-se-dan-cita-en-la-fundacion-caja-rural-del-sur-en-sevilla\\\/#primaryimage\"},\"thumbnailUrl\":\"https:\\\/\\\/fundacioncajaruraldelsur.com\\\/wp-content\\\/uploads\\\/2023\\\/10\\\/WhatsApp-Image-2023-10-04-at-09.50.10.jpeg\",\"datePublished\":\"2023-10-04T10:22:38+00:00\",\"dateModified\":\"2023-10-04T10:32:27+00:00\",\"author\":{\"@id\":\"https:\\\/\\\/fundacioncajaruraldelsur.com\\\/#\\\/schema\\\/person\\\/f430da9fb783d505ff061ad8b3d44577\"},\"breadcrumb\":{\"@id\":\"https:\\\/\\\/fundacioncajaruraldelsur.com\\\/exposicion-colectiva-de-rocio-aguado-javier-grandes-y-pelayo-domeq-la-fotografia-pintura-y-escultura-se-dan-cita-en-la-fundacion-caja-rural-del-sur-en-sevilla\\\/#breadcrumb\"},\"inLanguage\":\"pt-PT\",\"potentialAction\":[{\"@type\":\"ReadAction\",\"target\":[\"https:\\\/\\\/fundacioncajaruraldelsur.com\\\/exposicion-colectiva-de-rocio-aguado-javier-grandes-y-pelayo-domeq-la-fotografia-pintura-y-escultura-se-dan-cita-en-la-fundacion-caja-rural-del-sur-en-sevilla\\\/\"]}]},{\"@type\":\"ImageObject\",\"inLanguage\":\"pt-PT\",\"@id\":\"https:\\\/\\\/fundacioncajaruraldelsur.com\\\/exposicion-colectiva-de-rocio-aguado-javier-grandes-y-pelayo-domeq-la-fotografia-pintura-y-escultura-se-dan-cita-en-la-fundacion-caja-rural-del-sur-en-sevilla\\\/#primaryimage\",\"url\":\"https:\\\/\\\/fundacioncajaruraldelsur.com\\\/wp-content\\\/uploads\\\/2023\\\/10\\\/WhatsApp-Image-2023-10-04-at-09.50.10.jpeg\",\"contentUrl\":\"https:\\\/\\\/fundacioncajaruraldelsur.com\\\/wp-content\\\/uploads\\\/2023\\\/10\\\/WhatsApp-Image-2023-10-04-at-09.50.10.jpeg\",\"width\":2040,\"height\":918},{\"@type\":\"BreadcrumbList\",\"@id\":\"https:\\\/\\\/fundacioncajaruraldelsur.com\\\/exposicion-colectiva-de-rocio-aguado-javier-grandes-y-pelayo-domeq-la-fotografia-pintura-y-escultura-se-dan-cita-en-la-fundacion-caja-rural-del-sur-en-sevilla\\\/#breadcrumb\",\"itemListElement\":[{\"@type\":\"ListItem\",\"position\":1,\"name\":\"Portada\",\"item\":\"https:\\\/\\\/fundacioncajaruraldelsur.com\\\/\"},{\"@type\":\"ListItem\",\"position\":2,\"name\":\"Exposici\u00f3n colectiva de Roc\u00edo Aguado, Javier Grandes y Pelayo Domeq: la fotograf\u00eda, pintura y escultura se dan cita en la Fundaci\u00f3n Caja Rural del Sur en Sevilla\"}]},{\"@type\":\"WebSite\",\"@id\":\"https:\\\/\\\/fundacioncajaruraldelsur.com\\\/#website\",\"url\":\"https:\\\/\\\/fundacioncajaruraldelsur.com\\\/\",\"name\":\"Fundaci\u00f3n Caja Rural del Sur\",\"description\":\"\",\"potentialAction\":[{\"@type\":\"SearchAction\",\"target\":{\"@type\":\"EntryPoint\",\"urlTemplate\":\"https:\\\/\\\/fundacioncajaruraldelsur.com\\\/?s={search_term_string}\"},\"query-input\":{\"@type\":\"PropertyValueSpecification\",\"valueRequired\":true,\"valueName\":\"search_term_string\"}}],\"inLanguage\":\"pt-PT\"},{\"@type\":\"Person\",\"@id\":\"https:\\\/\\\/fundacioncajaruraldelsur.com\\\/#\\\/schema\\\/person\\\/f430da9fb783d505ff061ad8b3d44577\",\"name\":\"Comunicaci\u00f3n\",\"image\":{\"@type\":\"ImageObject\",\"inLanguage\":\"pt-PT\",\"@id\":\"https:\\\/\\\/secure.gravatar.com\\\/avatar\\\/0dca239875993680bac4603ad2de7942da018f52cc3a244578e0b3b09314a8d8?s=96&d=blank&r=g\",\"url\":\"https:\\\/\\\/secure.gravatar.com\\\/avatar\\\/0dca239875993680bac4603ad2de7942da018f52cc3a244578e0b3b09314a8d8?s=96&d=blank&r=g\",\"contentUrl\":\"https:\\\/\\\/secure.gravatar.com\\\/avatar\\\/0dca239875993680bac4603ad2de7942da018f52cc3a244578e0b3b09314a8d8?s=96&d=blank&r=g\",\"caption\":\"Comunicaci\u00f3n\"}}]}<\/script>\n<!-- \/ Yoast SEO plugin. -->","yoast_head_json":{"title":"Exposici\u00f3n colectiva de Roc\u00edo Aguado, Javier Grandes y Pelayo Domeq: la fotograf\u00eda, pintura y escultura se dan cita en la Fundaci\u00f3n Caja Rural del Sur en Sevilla - Fundaci\u00f3n Caja Rural del Sur","robots":{"index":"index","follow":"follow","max-snippet":"max-snippet:-1","max-image-preview":"max-image-preview:large","max-video-preview":"max-video-preview:-1"},"canonical":"https:\/\/fundacioncajaruraldelsur.com\/pt\/exposicion-colectiva-de-rocio-aguado-javier-grandes-y-pelayo-domeq-la-fotografia-pintura-y-escultura-se-dan-cita-en-la-fundacion-caja-rural-del-sur-en-sevilla\/","og_locale":"pt_PT","og_type":"article","og_title":"Exposici\u00f3n colectiva de Roc\u00edo Aguado, Javier Grandes y Pelayo Domeq: la fotograf\u00eda, pintura y escultura se dan cita en la Fundaci\u00f3n Caja Rural del Sur en Sevilla - Fundaci\u00f3n Caja Rural del Sur","og_description":"Hasta el 27 de octubre la Fundaci\u00f3n Caja Rural del Sur presenta en el Centro Cultural Jos\u00e9 Luis Garc\u00eda Palacios en Sevilla (C\/ Murillo, 2) la exposici\u00f3n colectiva que re\u00fane [&hellip;]","og_url":"https:\/\/fundacioncajaruraldelsur.com\/pt\/exposicion-colectiva-de-rocio-aguado-javier-grandes-y-pelayo-domeq-la-fotografia-pintura-y-escultura-se-dan-cita-en-la-fundacion-caja-rural-del-sur-en-sevilla\/","og_site_name":"Fundaci\u00f3n Caja Rural del Sur","article_published_time":"2023-10-04T10:22:38+00:00","article_modified_time":"2023-10-04T10:32:27+00:00","og_image":[{"width":2040,"height":918,"url":"https:\/\/fundacioncajaruraldelsur.com\/wp-content\/uploads\/2023\/10\/WhatsApp-Image-2023-10-04-at-09.50.10.jpeg","type":"image\/jpeg"}],"author":"Comunicaci\u00f3n","twitter_card":"summary_large_image","twitter_misc":{"Written by":"Comunicaci\u00f3n","Est. reading time":"5 minutes"},"schema":{"@context":"https:\/\/schema.org","@graph":[{"@type":"Article","@id":"https:\/\/fundacioncajaruraldelsur.com\/exposicion-colectiva-de-rocio-aguado-javier-grandes-y-pelayo-domeq-la-fotografia-pintura-y-escultura-se-dan-cita-en-la-fundacion-caja-rural-del-sur-en-sevilla\/#article","isPartOf":{"@id":"https:\/\/fundacioncajaruraldelsur.com\/exposicion-colectiva-de-rocio-aguado-javier-grandes-y-pelayo-domeq-la-fotografia-pintura-y-escultura-se-dan-cita-en-la-fundacion-caja-rural-del-sur-en-sevilla\/"},"author":{"name":"Comunicaci\u00f3n","@id":"https:\/\/fundacioncajaruraldelsur.com\/#\/schema\/person\/f430da9fb783d505ff061ad8b3d44577"},"headline":"Exposici\u00f3n colectiva de Roc\u00edo Aguado, Javier Grandes y Pelayo Domeq: la fotograf\u00eda, pintura y escultura se dan cita en la Fundaci\u00f3n Caja Rural del Sur en Sevilla","datePublished":"2023-10-04T10:22:38+00:00","dateModified":"2023-10-04T10:32:27+00:00","mainEntityOfPage":{"@id":"https:\/\/fundacioncajaruraldelsur.com\/exposicion-colectiva-de-rocio-aguado-javier-grandes-y-pelayo-domeq-la-fotografia-pintura-y-escultura-se-dan-cita-en-la-fundacion-caja-rural-del-sur-en-sevilla\/"},"wordCount":595,"image":{"@id":"https:\/\/fundacioncajaruraldelsur.com\/exposicion-colectiva-de-rocio-aguado-javier-grandes-y-pelayo-domeq-la-fotografia-pintura-y-escultura-se-dan-cita-en-la-fundacion-caja-rural-del-sur-en-sevilla\/#primaryimage"},"thumbnailUrl":"https:\/\/fundacioncajaruraldelsur.com\/wp-content\/uploads\/2023\/10\/WhatsApp-Image-2023-10-04-at-09.50.10.jpeg","articleSection":["Exposiciones"],"inLanguage":"pt-PT"},{"@type":"WebPage","@id":"https:\/\/fundacioncajaruraldelsur.com\/exposicion-colectiva-de-rocio-aguado-javier-grandes-y-pelayo-domeq-la-fotografia-pintura-y-escultura-se-dan-cita-en-la-fundacion-caja-rural-del-sur-en-sevilla\/","url":"https:\/\/fundacioncajaruraldelsur.com\/exposicion-colectiva-de-rocio-aguado-javier-grandes-y-pelayo-domeq-la-fotografia-pintura-y-escultura-se-dan-cita-en-la-fundacion-caja-rural-del-sur-en-sevilla\/","name":"Exposici\u00f3n colectiva de Roc\u00edo Aguado, Javier Grandes y Pelayo Domeq: la fotograf\u00eda, pintura y escultura se dan cita en la Fundaci\u00f3n Caja Rural del Sur en Sevilla - Fundaci\u00f3n Caja Rural del Sur","isPartOf":{"@id":"https:\/\/fundacioncajaruraldelsur.com\/#website"},"primaryImageOfPage":{"@id":"https:\/\/fundacioncajaruraldelsur.com\/exposicion-colectiva-de-rocio-aguado-javier-grandes-y-pelayo-domeq-la-fotografia-pintura-y-escultura-se-dan-cita-en-la-fundacion-caja-rural-del-sur-en-sevilla\/#primaryimage"},"image":{"@id":"https:\/\/fundacioncajaruraldelsur.com\/exposicion-colectiva-de-rocio-aguado-javier-grandes-y-pelayo-domeq-la-fotografia-pintura-y-escultura-se-dan-cita-en-la-fundacion-caja-rural-del-sur-en-sevilla\/#primaryimage"},"thumbnailUrl":"https:\/\/fundacioncajaruraldelsur.com\/wp-content\/uploads\/2023\/10\/WhatsApp-Image-2023-10-04-at-09.50.10.jpeg","datePublished":"2023-10-04T10:22:38+00:00","dateModified":"2023-10-04T10:32:27+00:00","author":{"@id":"https:\/\/fundacioncajaruraldelsur.com\/#\/schema\/person\/f430da9fb783d505ff061ad8b3d44577"},"breadcrumb":{"@id":"https:\/\/fundacioncajaruraldelsur.com\/exposicion-colectiva-de-rocio-aguado-javier-grandes-y-pelayo-domeq-la-fotografia-pintura-y-escultura-se-dan-cita-en-la-fundacion-caja-rural-del-sur-en-sevilla\/#breadcrumb"},"inLanguage":"pt-PT","potentialAction":[{"@type":"ReadAction","target":["https:\/\/fundacioncajaruraldelsur.com\/exposicion-colectiva-de-rocio-aguado-javier-grandes-y-pelayo-domeq-la-fotografia-pintura-y-escultura-se-dan-cita-en-la-fundacion-caja-rural-del-sur-en-sevilla\/"]}]},{"@type":"ImageObject","inLanguage":"pt-PT","@id":"https:\/\/fundacioncajaruraldelsur.com\/exposicion-colectiva-de-rocio-aguado-javier-grandes-y-pelayo-domeq-la-fotografia-pintura-y-escultura-se-dan-cita-en-la-fundacion-caja-rural-del-sur-en-sevilla\/#primaryimage","url":"https:\/\/fundacioncajaruraldelsur.com\/wp-content\/uploads\/2023\/10\/WhatsApp-Image-2023-10-04-at-09.50.10.jpeg","contentUrl":"https:\/\/fundacioncajaruraldelsur.com\/wp-content\/uploads\/2023\/10\/WhatsApp-Image-2023-10-04-at-09.50.10.jpeg","width":2040,"height":918},{"@type":"BreadcrumbList","@id":"https:\/\/fundacioncajaruraldelsur.com\/exposicion-colectiva-de-rocio-aguado-javier-grandes-y-pelayo-domeq-la-fotografia-pintura-y-escultura-se-dan-cita-en-la-fundacion-caja-rural-del-sur-en-sevilla\/#breadcrumb","itemListElement":[{"@type":"ListItem","position":1,"name":"Portada","item":"https:\/\/fundacioncajaruraldelsur.com\/"},{"@type":"ListItem","position":2,"name":"Exposici\u00f3n colectiva de Roc\u00edo Aguado, Javier Grandes y Pelayo Domeq: la fotograf\u00eda, pintura y escultura se dan cita en la Fundaci\u00f3n Caja Rural del Sur en Sevilla"}]},{"@type":"WebSite","@id":"https:\/\/fundacioncajaruraldelsur.com\/#website","url":"https:\/\/fundacioncajaruraldelsur.com\/","name":"Funda\u00e7\u00e3o Caja Rural del Sur","description":"","potentialAction":[{"@type":"SearchAction","target":{"@type":"EntryPoint","urlTemplate":"https:\/\/fundacioncajaruraldelsur.com\/?s={search_term_string}"},"query-input":{"@type":"PropertyValueSpecification","valueRequired":true,"valueName":"search_term_string"}}],"inLanguage":"pt-PT"},{"@type":"Person","@id":"https:\/\/fundacioncajaruraldelsur.com\/#\/schema\/person\/f430da9fb783d505ff061ad8b3d44577","name":"Comunicaci\u00f3n","image":{"@type":"ImageObject","inLanguage":"pt-PT","@id":"https:\/\/secure.gravatar.com\/avatar\/0dca239875993680bac4603ad2de7942da018f52cc3a244578e0b3b09314a8d8?s=96&d=blank&r=g","url":"https:\/\/secure.gravatar.com\/avatar\/0dca239875993680bac4603ad2de7942da018f52cc3a244578e0b3b09314a8d8?s=96&d=blank&r=g","contentUrl":"https:\/\/secure.gravatar.com\/avatar\/0dca239875993680bac4603ad2de7942da018f52cc3a244578e0b3b09314a8d8?s=96&d=blank&r=g","caption":"Comunicaci\u00f3n"}}]}},"rttpg_featured_image_url":{"full":["https:\/\/fundacioncajaruraldelsur.com\/wp-content\/uploads\/2023\/10\/WhatsApp-Image-2023-10-04-at-09.50.10.jpeg",2040,918,false],"landscape":["https:\/\/fundacioncajaruraldelsur.com\/wp-content\/uploads\/2023\/10\/WhatsApp-Image-2023-10-04-at-09.50.10.jpeg",2040,918,false],"portraits":["https:\/\/fundacioncajaruraldelsur.com\/wp-content\/uploads\/2023\/10\/WhatsApp-Image-2023-10-04-at-09.50.10.jpeg",2040,918,false],"thumbnail":["https:\/\/fundacioncajaruraldelsur.com\/wp-content\/uploads\/2023\/10\/WhatsApp-Image-2023-10-04-at-09.50.10-150x150.jpeg",150,150,true],"medium":["https:\/\/fundacioncajaruraldelsur.com\/wp-content\/uploads\/2023\/10\/WhatsApp-Image-2023-10-04-at-09.50.10-300x135.jpeg",300,135,true],"large":["https:\/\/fundacioncajaruraldelsur.com\/wp-content\/uploads\/2023\/10\/WhatsApp-Image-2023-10-04-at-09.50.10-1024x461.jpeg",960,432,true],"1536x1536":["https:\/\/fundacioncajaruraldelsur.com\/wp-content\/uploads\/2023\/10\/WhatsApp-Image-2023-10-04-at-09.50.10-1536x691.jpeg",1536,691,true],"2048x2048":["https:\/\/fundacioncajaruraldelsur.com\/wp-content\/uploads\/2023\/10\/WhatsApp-Image-2023-10-04-at-09.50.10.jpeg",2040,918,false],"trp-custom-language-flag":["https:\/\/fundacioncajaruraldelsur.com\/wp-content\/uploads\/2023\/10\/WhatsApp-Image-2023-10-04-at-09.50.10.jpeg",18,8,false],"blog-thumbnail":["https:\/\/fundacioncajaruraldelsur.com\/wp-content\/uploads\/2023\/10\/WhatsApp-Image-2023-10-04-at-09.50.10-400x200.jpeg",400,200,true]},"rttpg_author":{"display_name":"Comunicaci\u00f3n","author_link":"https:\/\/fundacioncajaruraldelsur.com\/pt\/author\/sevillaadmin\/"},"rttpg_comment":0,"rttpg_category":"<a href=\"https:\/\/fundacioncajaruraldelsur.com\/pt\/category\/exposiciones\/\" rel=\"category tag\">Exposiciones<\/a>","rttpg_excerpt":"Hasta el 27 de octubre la Fundaci\u00f3n Caja Rural del Sur presenta en el Centro Cultural Jos\u00e9 Luis Garc\u00eda Palacios en Sevilla (C\/ Murillo, 2) la exposici\u00f3n colectiva que re\u00fane [&hellip;]","_links":{"self":[{"href":"https:\/\/fundacioncajaruraldelsur.com\/pt\/wp-json\/wp\/v2\/posts\/9198","targetHints":{"allow":["GET"]}}],"collection":[{"href":"https:\/\/fundacioncajaruraldelsur.com\/pt\/wp-json\/wp\/v2\/posts"}],"about":[{"href":"https:\/\/fundacioncajaruraldelsur.com\/pt\/wp-json\/wp\/v2\/types\/post"}],"author":[{"embeddable":true,"href":"https:\/\/fundacioncajaruraldelsur.com\/pt\/wp-json\/wp\/v2\/users\/6"}],"replies":[{"embeddable":true,"href":"https:\/\/fundacioncajaruraldelsur.com\/pt\/wp-json\/wp\/v2\/comments?post=9198"}],"version-history":[{"count":2,"href":"https:\/\/fundacioncajaruraldelsur.com\/pt\/wp-json\/wp\/v2\/posts\/9198\/revisions"}],"predecessor-version":[{"id":9217,"href":"https:\/\/fundacioncajaruraldelsur.com\/pt\/wp-json\/wp\/v2\/posts\/9198\/revisions\/9217"}],"wp:featuredmedia":[{"embeddable":true,"href":"https:\/\/fundacioncajaruraldelsur.com\/pt\/wp-json\/wp\/v2\/media\/9199"}],"wp:attachment":[{"href":"https:\/\/fundacioncajaruraldelsur.com\/pt\/wp-json\/wp\/v2\/media?parent=9198"}],"wp:term":[{"taxonomy":"category","embeddable":true,"href":"https:\/\/fundacioncajaruraldelsur.com\/pt\/wp-json\/wp\/v2\/categories?post=9198"},{"taxonomy":"post_tag","embeddable":true,"href":"https:\/\/fundacioncajaruraldelsur.com\/pt\/wp-json\/wp\/v2\/tags?post=9198"}],"curies":[{"name":"wp","href":"https:\/\/api.w.org\/{rel}","templated":true}]}}