{"id":9146,"date":"2023-09-12T15:44:17","date_gmt":"2023-09-12T14:44:17","guid":{"rendered":"\/?p=9146"},"modified":"2023-09-12T15:44:17","modified_gmt":"2023-09-12T14:44:17","slug":"la-fundacion-en-cordoba-acogera-un-curso-sobre-conservacion-del-patrimonio-de-las-hermandades","status":"publish","type":"post","link":"https:\/\/fundacioncajaruraldelsur.com\/pt\/la-fundacion-en-cordoba-acogera-un-curso-sobre-conservacion-del-patrimonio-de-las-hermandades\/","title":{"rendered":"La Fundaci\u00f3n en C\u00f3rdoba acoger\u00e1 un curso sobre conservaci\u00f3n del patrimonio de las hermandades"},"content":{"rendered":"<p>La sede de la Fundaci\u00f3n Caja Rural del Sur en C\u00f3rdoba, en el sal\u00f3n Jos\u00e9 Luis Garc\u00eda Palacios de la entidad, va a acoger <strong>la impartici\u00f3n del curso<\/strong> <em><strong>El Instituto Andaluz del Patrimonio Hist\u00f3rico ante la conservaci\u00f3n del patrimonio de las cofrad\u00edas <\/strong><\/em><strong>sobre la conservaci\u00f3n del legado art\u00edstico<\/strong>\u00a0y cultural que atesoran las\u00a0<strong>hermandades cordobesas y ante la <\/strong>necesidad de contribuir a la\u00a0<strong>formaci\u00f3n y concienciaci\u00f3n<\/strong>\u00a0de la sociedad sobre su preservaci\u00f3n.<\/p>\n<p>As\u00ed, desde el 4 de octubre todos los interesados en este \u00e1mbito art\u00edstico pueden realizar este curso gratuito, previa inscripci\u00f3n, abierta este mismo lunes, \u00a0a trav\u00e9s de las p\u00e1ginas web del Instituto Andaluz del Patrimonio Hist\u00f3rico (IAPH) y la Agrupaci\u00f3n de Cofrad\u00edas.<\/p>\n<p>Esta iniciativa, que consta de ocho sesiones hasta el 26 de octubre, \u00a0ha sido auspiciada por la\u00a0Agrupaci\u00f3n de Hermandades y Cofrad\u00edas de C\u00f3rdoba, que ha contado con la colaboraci\u00f3n del Instituto Municiapl de Desarrollo Econ\u00f3mico (Imdeec), que financia el curso, y el IAPH, dependiente de la Consejer\u00eda de Turismo, Cultura y Deporte de la\u00a0Junta de Andaluc\u00eda, cuyos profesionales ser\u00e1n los encargados de impartir las distintas materias.<\/p>\n<p>A la presentaci\u00f3n del curso acudi\u00f3 Mar\u00eda Dolores Guerrero, de la Fundaci\u00f3n Caja Rura del Sur en C\u00f3rdoba.<\/p>","protected":false},"excerpt":{"rendered":"<p>La sede de la Fundaci\u00f3n Caja Rural del Sur en C\u00f3rdoba, en el sal\u00f3n Jos\u00e9 Luis Garc\u00eda Palacios de la entidad, va a acoger la impartici\u00f3n del curso El Instituto [&hellip;]<\/p>\n","protected":false},"author":6,"featured_media":9147,"comment_status":"closed","ping_status":"closed","sticky":false,"template":"","format":"standard","meta":{"footnotes":""},"categories":[67,84],"tags":[],"class_list":["post-9146","post","type-post","status-publish","format-standard","has-post-thumbnail","hentry","category-convenios","category-presentaciones"],"yoast_head":"<!-- This site is optimized with the Yoast SEO plugin v27.3 - https:\/\/yoast.com\/product\/yoast-seo-wordpress\/ -->\n<title>La Fundaci\u00f3n en C\u00f3rdoba acoger\u00e1 un curso sobre conservaci\u00f3n del patrimonio de las hermandades - Fundaci\u00f3n Caja Rural del Sur<\/title>\n<meta name=\"robots\" content=\"index, follow, max-snippet:-1, max-image-preview:large, max-video-preview:-1\" \/>\n<link rel=\"canonical\" href=\"https:\/\/fundacioncajaruraldelsur.com\/pt\/la-fundacion-en-cordoba-acogera-un-curso-sobre-conservacion-del-patrimonio-de-las-hermandades\/\" \/>\n<meta property=\"og:locale\" content=\"pt_PT\" \/>\n<meta property=\"og:type\" content=\"article\" \/>\n<meta property=\"og:title\" content=\"La Fundaci\u00f3n en C\u00f3rdoba acoger\u00e1 un curso sobre conservaci\u00f3n del patrimonio de las hermandades - Fundaci\u00f3n Caja Rural del Sur\" \/>\n<meta property=\"og:description\" content=\"La sede de la Fundaci\u00f3n Caja Rural del Sur en C\u00f3rdoba, en el sal\u00f3n Jos\u00e9 Luis Garc\u00eda Palacios de la entidad, va a acoger la impartici\u00f3n del curso El Instituto [&hellip;]\" \/>\n<meta property=\"og:url\" content=\"https:\/\/fundacioncajaruraldelsur.com\/pt\/la-fundacion-en-cordoba-acogera-un-curso-sobre-conservacion-del-patrimonio-de-las-hermandades\/\" \/>\n<meta property=\"og:site_name\" content=\"Fundaci\u00f3n Caja Rural del Sur\" \/>\n<meta property=\"article:published_time\" content=\"2023-09-12T14:44:17+00:00\" \/>\n<meta property=\"og:image\" content=\"https:\/\/fundacioncajaruraldelsur.com\/wp-content\/uploads\/2023\/09\/curso.jpg\" \/>\n\t<meta property=\"og:image:width\" content=\"1200\" \/>\n\t<meta property=\"og:image:height\" content=\"675\" \/>\n\t<meta property=\"og:image:type\" content=\"image\/jpeg\" \/>\n<meta name=\"author\" content=\"Comunicaci\u00f3n\" \/>\n<meta name=\"twitter:card\" content=\"summary_large_image\" \/>\n<meta name=\"twitter:label1\" content=\"Written by\" \/>\n\t<meta name=\"twitter:data1\" content=\"Comunicaci\u00f3n\" \/>\n\t<meta name=\"twitter:label2\" content=\"Est. reading time\" \/>\n\t<meta name=\"twitter:data2\" content=\"1 minute\" \/>\n<script type=\"application\/ld+json\" class=\"yoast-schema-graph\">{\"@context\":\"https:\\\/\\\/schema.org\",\"@graph\":[{\"@type\":\"Article\",\"@id\":\"https:\\\/\\\/fundacioncajaruraldelsur.com\\\/la-fundacion-en-cordoba-acogera-un-curso-sobre-conservacion-del-patrimonio-de-las-hermandades\\\/#article\",\"isPartOf\":{\"@id\":\"https:\\\/\\\/fundacioncajaruraldelsur.com\\\/la-fundacion-en-cordoba-acogera-un-curso-sobre-conservacion-del-patrimonio-de-las-hermandades\\\/\"},\"author\":{\"name\":\"Comunicaci\u00f3n\",\"@id\":\"https:\\\/\\\/fundacioncajaruraldelsur.com\\\/#\\\/schema\\\/person\\\/f430da9fb783d505ff061ad8b3d44577\"},\"headline\":\"La Fundaci\u00f3n en C\u00f3rdoba acoger\u00e1 un curso sobre conservaci\u00f3n del patrimonio de las hermandades\",\"datePublished\":\"2023-09-12T14:44:17+00:00\",\"mainEntityOfPage\":{\"@id\":\"https:\\\/\\\/fundacioncajaruraldelsur.com\\\/la-fundacion-en-cordoba-acogera-un-curso-sobre-conservacion-del-patrimonio-de-las-hermandades\\\/\"},\"wordCount\":247,\"image\":{\"@id\":\"https:\\\/\\\/fundacioncajaruraldelsur.com\\\/la-fundacion-en-cordoba-acogera-un-curso-sobre-conservacion-del-patrimonio-de-las-hermandades\\\/#primaryimage\"},\"thumbnailUrl\":\"https:\\\/\\\/fundacioncajaruraldelsur.com\\\/wp-content\\\/uploads\\\/2023\\\/09\\\/curso.jpg\",\"articleSection\":[\"Convenios\",\"Presentaciones\"],\"inLanguage\":\"pt-PT\"},{\"@type\":\"WebPage\",\"@id\":\"https:\\\/\\\/fundacioncajaruraldelsur.com\\\/la-fundacion-en-cordoba-acogera-un-curso-sobre-conservacion-del-patrimonio-de-las-hermandades\\\/\",\"url\":\"https:\\\/\\\/fundacioncajaruraldelsur.com\\\/la-fundacion-en-cordoba-acogera-un-curso-sobre-conservacion-del-patrimonio-de-las-hermandades\\\/\",\"name\":\"La Fundaci\u00f3n en C\u00f3rdoba acoger\u00e1 un curso sobre conservaci\u00f3n del patrimonio de las hermandades - Fundaci\u00f3n Caja Rural del Sur\",\"isPartOf\":{\"@id\":\"https:\\\/\\\/fundacioncajaruraldelsur.com\\\/#website\"},\"primaryImageOfPage\":{\"@id\":\"https:\\\/\\\/fundacioncajaruraldelsur.com\\\/la-fundacion-en-cordoba-acogera-un-curso-sobre-conservacion-del-patrimonio-de-las-hermandades\\\/#primaryimage\"},\"image\":{\"@id\":\"https:\\\/\\\/fundacioncajaruraldelsur.com\\\/la-fundacion-en-cordoba-acogera-un-curso-sobre-conservacion-del-patrimonio-de-las-hermandades\\\/#primaryimage\"},\"thumbnailUrl\":\"https:\\\/\\\/fundacioncajaruraldelsur.com\\\/wp-content\\\/uploads\\\/2023\\\/09\\\/curso.jpg\",\"datePublished\":\"2023-09-12T14:44:17+00:00\",\"author\":{\"@id\":\"https:\\\/\\\/fundacioncajaruraldelsur.com\\\/#\\\/schema\\\/person\\\/f430da9fb783d505ff061ad8b3d44577\"},\"breadcrumb\":{\"@id\":\"https:\\\/\\\/fundacioncajaruraldelsur.com\\\/la-fundacion-en-cordoba-acogera-un-curso-sobre-conservacion-del-patrimonio-de-las-hermandades\\\/#breadcrumb\"},\"inLanguage\":\"pt-PT\",\"potentialAction\":[{\"@type\":\"ReadAction\",\"target\":[\"https:\\\/\\\/fundacioncajaruraldelsur.com\\\/la-fundacion-en-cordoba-acogera-un-curso-sobre-conservacion-del-patrimonio-de-las-hermandades\\\/\"]}]},{\"@type\":\"ImageObject\",\"inLanguage\":\"pt-PT\",\"@id\":\"https:\\\/\\\/fundacioncajaruraldelsur.com\\\/la-fundacion-en-cordoba-acogera-un-curso-sobre-conservacion-del-patrimonio-de-las-hermandades\\\/#primaryimage\",\"url\":\"https:\\\/\\\/fundacioncajaruraldelsur.com\\\/wp-content\\\/uploads\\\/2023\\\/09\\\/curso.jpg\",\"contentUrl\":\"https:\\\/\\\/fundacioncajaruraldelsur.com\\\/wp-content\\\/uploads\\\/2023\\\/09\\\/curso.jpg\",\"width\":1200,\"height\":675},{\"@type\":\"BreadcrumbList\",\"@id\":\"https:\\\/\\\/fundacioncajaruraldelsur.com\\\/la-fundacion-en-cordoba-acogera-un-curso-sobre-conservacion-del-patrimonio-de-las-hermandades\\\/#breadcrumb\",\"itemListElement\":[{\"@type\":\"ListItem\",\"position\":1,\"name\":\"Portada\",\"item\":\"https:\\\/\\\/fundacioncajaruraldelsur.com\\\/\"},{\"@type\":\"ListItem\",\"position\":2,\"name\":\"La Fundaci\u00f3n en C\u00f3rdoba acoger\u00e1 un curso sobre conservaci\u00f3n del patrimonio de las hermandades\"}]},{\"@type\":\"WebSite\",\"@id\":\"https:\\\/\\\/fundacioncajaruraldelsur.com\\\/#website\",\"url\":\"https:\\\/\\\/fundacioncajaruraldelsur.com\\\/\",\"name\":\"Fundaci\u00f3n Caja Rural del Sur\",\"description\":\"\",\"potentialAction\":[{\"@type\":\"SearchAction\",\"target\":{\"@type\":\"EntryPoint\",\"urlTemplate\":\"https:\\\/\\\/fundacioncajaruraldelsur.com\\\/?s={search_term_string}\"},\"query-input\":{\"@type\":\"PropertyValueSpecification\",\"valueRequired\":true,\"valueName\":\"search_term_string\"}}],\"inLanguage\":\"pt-PT\"},{\"@type\":\"Person\",\"@id\":\"https:\\\/\\\/fundacioncajaruraldelsur.com\\\/#\\\/schema\\\/person\\\/f430da9fb783d505ff061ad8b3d44577\",\"name\":\"Comunicaci\u00f3n\",\"image\":{\"@type\":\"ImageObject\",\"inLanguage\":\"pt-PT\",\"@id\":\"https:\\\/\\\/secure.gravatar.com\\\/avatar\\\/0dca239875993680bac4603ad2de7942da018f52cc3a244578e0b3b09314a8d8?s=96&d=blank&r=g\",\"url\":\"https:\\\/\\\/secure.gravatar.com\\\/avatar\\\/0dca239875993680bac4603ad2de7942da018f52cc3a244578e0b3b09314a8d8?s=96&d=blank&r=g\",\"contentUrl\":\"https:\\\/\\\/secure.gravatar.com\\\/avatar\\\/0dca239875993680bac4603ad2de7942da018f52cc3a244578e0b3b09314a8d8?s=96&d=blank&r=g\",\"caption\":\"Comunicaci\u00f3n\"}}]}<\/script>\n<!-- \/ Yoast SEO plugin. -->","yoast_head_json":{"title":"La Fundaci\u00f3n en C\u00f3rdoba acoger\u00e1 un curso sobre conservaci\u00f3n del patrimonio de las hermandades - Fundaci\u00f3n Caja Rural del Sur","robots":{"index":"index","follow":"follow","max-snippet":"max-snippet:-1","max-image-preview":"max-image-preview:large","max-video-preview":"max-video-preview:-1"},"canonical":"https:\/\/fundacioncajaruraldelsur.com\/pt\/la-fundacion-en-cordoba-acogera-un-curso-sobre-conservacion-del-patrimonio-de-las-hermandades\/","og_locale":"pt_PT","og_type":"article","og_title":"La Fundaci\u00f3n en C\u00f3rdoba acoger\u00e1 un curso sobre conservaci\u00f3n del patrimonio de las hermandades - Fundaci\u00f3n Caja Rural del Sur","og_description":"La sede de la Fundaci\u00f3n Caja Rural del Sur en C\u00f3rdoba, en el sal\u00f3n Jos\u00e9 Luis Garc\u00eda Palacios de la entidad, va a acoger la impartici\u00f3n del curso El Instituto [&hellip;]","og_url":"https:\/\/fundacioncajaruraldelsur.com\/pt\/la-fundacion-en-cordoba-acogera-un-curso-sobre-conservacion-del-patrimonio-de-las-hermandades\/","og_site_name":"Fundaci\u00f3n Caja Rural del Sur","article_published_time":"2023-09-12T14:44:17+00:00","og_image":[{"width":1200,"height":675,"url":"https:\/\/fundacioncajaruraldelsur.com\/wp-content\/uploads\/2023\/09\/curso.jpg","type":"image\/jpeg"}],"author":"Comunicaci\u00f3n","twitter_card":"summary_large_image","twitter_misc":{"Written by":"Comunicaci\u00f3n","Est. reading time":"1 minute"},"schema":{"@context":"https:\/\/schema.org","@graph":[{"@type":"Article","@id":"https:\/\/fundacioncajaruraldelsur.com\/la-fundacion-en-cordoba-acogera-un-curso-sobre-conservacion-del-patrimonio-de-las-hermandades\/#article","isPartOf":{"@id":"https:\/\/fundacioncajaruraldelsur.com\/la-fundacion-en-cordoba-acogera-un-curso-sobre-conservacion-del-patrimonio-de-las-hermandades\/"},"author":{"name":"Comunicaci\u00f3n","@id":"https:\/\/fundacioncajaruraldelsur.com\/#\/schema\/person\/f430da9fb783d505ff061ad8b3d44577"},"headline":"La Fundaci\u00f3n en C\u00f3rdoba acoger\u00e1 un curso sobre conservaci\u00f3n del patrimonio de las hermandades","datePublished":"2023-09-12T14:44:17+00:00","mainEntityOfPage":{"@id":"https:\/\/fundacioncajaruraldelsur.com\/la-fundacion-en-cordoba-acogera-un-curso-sobre-conservacion-del-patrimonio-de-las-hermandades\/"},"wordCount":247,"image":{"@id":"https:\/\/fundacioncajaruraldelsur.com\/la-fundacion-en-cordoba-acogera-un-curso-sobre-conservacion-del-patrimonio-de-las-hermandades\/#primaryimage"},"thumbnailUrl":"https:\/\/fundacioncajaruraldelsur.com\/wp-content\/uploads\/2023\/09\/curso.jpg","articleSection":["Convenios","Presentaciones"],"inLanguage":"pt-PT"},{"@type":"WebPage","@id":"https:\/\/fundacioncajaruraldelsur.com\/la-fundacion-en-cordoba-acogera-un-curso-sobre-conservacion-del-patrimonio-de-las-hermandades\/","url":"https:\/\/fundacioncajaruraldelsur.com\/la-fundacion-en-cordoba-acogera-un-curso-sobre-conservacion-del-patrimonio-de-las-hermandades\/","name":"La Fundaci\u00f3n en C\u00f3rdoba acoger\u00e1 un curso sobre conservaci\u00f3n del patrimonio de las hermandades - Fundaci\u00f3n Caja Rural del Sur","isPartOf":{"@id":"https:\/\/fundacioncajaruraldelsur.com\/#website"},"primaryImageOfPage":{"@id":"https:\/\/fundacioncajaruraldelsur.com\/la-fundacion-en-cordoba-acogera-un-curso-sobre-conservacion-del-patrimonio-de-las-hermandades\/#primaryimage"},"image":{"@id":"https:\/\/fundacioncajaruraldelsur.com\/la-fundacion-en-cordoba-acogera-un-curso-sobre-conservacion-del-patrimonio-de-las-hermandades\/#primaryimage"},"thumbnailUrl":"https:\/\/fundacioncajaruraldelsur.com\/wp-content\/uploads\/2023\/09\/curso.jpg","datePublished":"2023-09-12T14:44:17+00:00","author":{"@id":"https:\/\/fundacioncajaruraldelsur.com\/#\/schema\/person\/f430da9fb783d505ff061ad8b3d44577"},"breadcrumb":{"@id":"https:\/\/fundacioncajaruraldelsur.com\/la-fundacion-en-cordoba-acogera-un-curso-sobre-conservacion-del-patrimonio-de-las-hermandades\/#breadcrumb"},"inLanguage":"pt-PT","potentialAction":[{"@type":"ReadAction","target":["https:\/\/fundacioncajaruraldelsur.com\/la-fundacion-en-cordoba-acogera-un-curso-sobre-conservacion-del-patrimonio-de-las-hermandades\/"]}]},{"@type":"ImageObject","inLanguage":"pt-PT","@id":"https:\/\/fundacioncajaruraldelsur.com\/la-fundacion-en-cordoba-acogera-un-curso-sobre-conservacion-del-patrimonio-de-las-hermandades\/#primaryimage","url":"https:\/\/fundacioncajaruraldelsur.com\/wp-content\/uploads\/2023\/09\/curso.jpg","contentUrl":"https:\/\/fundacioncajaruraldelsur.com\/wp-content\/uploads\/2023\/09\/curso.jpg","width":1200,"height":675},{"@type":"BreadcrumbList","@id":"https:\/\/fundacioncajaruraldelsur.com\/la-fundacion-en-cordoba-acogera-un-curso-sobre-conservacion-del-patrimonio-de-las-hermandades\/#breadcrumb","itemListElement":[{"@type":"ListItem","position":1,"name":"Portada","item":"https:\/\/fundacioncajaruraldelsur.com\/"},{"@type":"ListItem","position":2,"name":"La Fundaci\u00f3n en C\u00f3rdoba acoger\u00e1 un curso sobre conservaci\u00f3n del patrimonio de las hermandades"}]},{"@type":"WebSite","@id":"https:\/\/fundacioncajaruraldelsur.com\/#website","url":"https:\/\/fundacioncajaruraldelsur.com\/","name":"Funda\u00e7\u00e3o Caja Rural del Sur","description":"","potentialAction":[{"@type":"SearchAction","target":{"@type":"EntryPoint","urlTemplate":"https:\/\/fundacioncajaruraldelsur.com\/?s={search_term_string}"},"query-input":{"@type":"PropertyValueSpecification","valueRequired":true,"valueName":"search_term_string"}}],"inLanguage":"pt-PT"},{"@type":"Person","@id":"https:\/\/fundacioncajaruraldelsur.com\/#\/schema\/person\/f430da9fb783d505ff061ad8b3d44577","name":"Comunicaci\u00f3n","image":{"@type":"ImageObject","inLanguage":"pt-PT","@id":"https:\/\/secure.gravatar.com\/avatar\/0dca239875993680bac4603ad2de7942da018f52cc3a244578e0b3b09314a8d8?s=96&d=blank&r=g","url":"https:\/\/secure.gravatar.com\/avatar\/0dca239875993680bac4603ad2de7942da018f52cc3a244578e0b3b09314a8d8?s=96&d=blank&r=g","contentUrl":"https:\/\/secure.gravatar.com\/avatar\/0dca239875993680bac4603ad2de7942da018f52cc3a244578e0b3b09314a8d8?s=96&d=blank&r=g","caption":"Comunicaci\u00f3n"}}]}},"rttpg_featured_image_url":{"full":["https:\/\/fundacioncajaruraldelsur.com\/wp-content\/uploads\/2023\/09\/curso.jpg",1200,675,false],"landscape":["https:\/\/fundacioncajaruraldelsur.com\/wp-content\/uploads\/2023\/09\/curso.jpg",1200,675,false],"portraits":["https:\/\/fundacioncajaruraldelsur.com\/wp-content\/uploads\/2023\/09\/curso.jpg",1200,675,false],"thumbnail":["https:\/\/fundacioncajaruraldelsur.com\/wp-content\/uploads\/2023\/09\/curso-150x150.jpg",150,150,true],"medium":["https:\/\/fundacioncajaruraldelsur.com\/wp-content\/uploads\/2023\/09\/curso-300x169.jpg",300,169,true],"large":["https:\/\/fundacioncajaruraldelsur.com\/wp-content\/uploads\/2023\/09\/curso-1024x576.jpg",960,540,true],"1536x1536":["https:\/\/fundacioncajaruraldelsur.com\/wp-content\/uploads\/2023\/09\/curso.jpg",1200,675,false],"2048x2048":["https:\/\/fundacioncajaruraldelsur.com\/wp-content\/uploads\/2023\/09\/curso.jpg",1200,675,false],"trp-custom-language-flag":["https:\/\/fundacioncajaruraldelsur.com\/wp-content\/uploads\/2023\/09\/curso.jpg",18,10,false],"blog-thumbnail":["https:\/\/fundacioncajaruraldelsur.com\/wp-content\/uploads\/2023\/09\/curso-400x200.jpg",400,200,true]},"rttpg_author":{"display_name":"Comunicaci\u00f3n","author_link":"https:\/\/fundacioncajaruraldelsur.com\/pt\/author\/sevillaadmin\/"},"rttpg_comment":0,"rttpg_category":"<a href=\"https:\/\/fundacioncajaruraldelsur.com\/pt\/category\/convenios\/\" rel=\"category tag\">Convenios<\/a> <a href=\"https:\/\/fundacioncajaruraldelsur.com\/pt\/category\/presentaciones\/\" rel=\"category tag\">Presentaciones<\/a>","rttpg_excerpt":"La sede de la Fundaci\u00f3n Caja Rural del Sur en C\u00f3rdoba, en el sal\u00f3n Jos\u00e9 Luis Garc\u00eda Palacios de la entidad, va a acoger la impartici\u00f3n del curso El Instituto [&hellip;]","_links":{"self":[{"href":"https:\/\/fundacioncajaruraldelsur.com\/pt\/wp-json\/wp\/v2\/posts\/9146","targetHints":{"allow":["GET"]}}],"collection":[{"href":"https:\/\/fundacioncajaruraldelsur.com\/pt\/wp-json\/wp\/v2\/posts"}],"about":[{"href":"https:\/\/fundacioncajaruraldelsur.com\/pt\/wp-json\/wp\/v2\/types\/post"}],"author":[{"embeddable":true,"href":"https:\/\/fundacioncajaruraldelsur.com\/pt\/wp-json\/wp\/v2\/users\/6"}],"replies":[{"embeddable":true,"href":"https:\/\/fundacioncajaruraldelsur.com\/pt\/wp-json\/wp\/v2\/comments?post=9146"}],"version-history":[{"count":1,"href":"https:\/\/fundacioncajaruraldelsur.com\/pt\/wp-json\/wp\/v2\/posts\/9146\/revisions"}],"predecessor-version":[{"id":9148,"href":"https:\/\/fundacioncajaruraldelsur.com\/pt\/wp-json\/wp\/v2\/posts\/9146\/revisions\/9148"}],"wp:featuredmedia":[{"embeddable":true,"href":"https:\/\/fundacioncajaruraldelsur.com\/pt\/wp-json\/wp\/v2\/media\/9147"}],"wp:attachment":[{"href":"https:\/\/fundacioncajaruraldelsur.com\/pt\/wp-json\/wp\/v2\/media?parent=9146"}],"wp:term":[{"taxonomy":"category","embeddable":true,"href":"https:\/\/fundacioncajaruraldelsur.com\/pt\/wp-json\/wp\/v2\/categories?post=9146"},{"taxonomy":"post_tag","embeddable":true,"href":"https:\/\/fundacioncajaruraldelsur.com\/pt\/wp-json\/wp\/v2\/tags?post=9146"}],"curies":[{"name":"wp","href":"https:\/\/api.w.org\/{rel}","templated":true}]}}