{"id":9124,"date":"2023-09-06T13:53:06","date_gmt":"2023-09-06T12:53:06","guid":{"rendered":"\/?p=9124"},"modified":"2023-09-08T19:49:34","modified_gmt":"2023-09-08T18:49:34","slug":"convocatoria-de-la-vi-edicion-del-premio-al-mejor-expediente-academico-de-grado-de-la-uco","status":"publish","type":"post","link":"https:\/\/fundacioncajaruraldelsur.com\/pt\/convocatoria-de-la-vi-edicion-del-premio-al-mejor-expediente-academico-de-grado-de-la-uco\/","title":{"rendered":"Convocatoria de la VI edici\u00f3n del premio al mejor expediente acad\u00e9mico de Grado de la UCO"},"content":{"rendered":"<p>A <strong>Fundaci\u00f3n Caja Rural del Sur y la Universidad de C\u00f3rdoba<\/strong> han lanzado la convocatoria de la VI edici\u00f3n del premio al mejor expediente acad\u00e9mico de Grado de la UCO para alumnos que hayan cursado su Grado en la Universidad cordobesa el curso 2022\/23. El plazo de admisi\u00f3n de solicitudes permanecer\u00e1 abierto hasta el 20 de octubre de este a\u00f1o 2023.<\/p>\n<p>El premio tiene por objeto reconocer al mejor y m\u00e1s completo expediente acad\u00e9mico. Se valorar\u00e1n, entre otros m\u00e9ritos: Nota media del expediente seg\u00fan percentiles para cada titulaci\u00f3n establecidos por La Universidad. Se tendr\u00e1n en cuenta expedientes con nota media de 7 o superior; Periodos de pr\u00e1cticas externas extracurriculares o curriculares optativas en funci\u00f3n de La duraci\u00f3n de estas. Se podr\u00e1n contabilizar varios periodos de pr\u00e1cticas distintos siempre que no sean en La misma empresa; Estancias en el extranjero realizadas dentro del programa ERASMUS+ o programas propios de La Universidad de C\u00f3rdoba; Acreditaci\u00f3n oficial de Lengua extranjera, seg\u00fan los certificados admitidos por el Sistema Universitario Andaluz.<\/p>\n<p>La inscripci\u00f3n de propuesta de expediente deber\u00e1 ser presentada por los mismos aspirantes a t\u00edtulo individual que deber\u00e1n adjuntar a la solicitud la certificaci\u00f3n oficial de los m\u00e9ritos a evaluar en la convocatoria.<\/p>\n<p>Las solicitudes se podr\u00e1n remitir por medio de correo electr\u00f3nico a <a href=\"mailto:mariadolores_moreno@crsur.es\">mariadolores_moreno@crsur.es<\/a> o por correo ordinario, con referencia en el exterior al \u00abPremio Fundaci\u00f3n Caja Rural del Sur al Mejor Expediente Acad\u00e9mico por Centros, a la siguiente direcci\u00f3n: Fundaci\u00f3n Caja Rural del Sur, avenida Ronda de Los Tejares n.\u00ba 36 local Caja Rural del Sur, 14008 C\u00f3rdoba. Las solicitudes deber\u00e1n ser presentadas antes de las 23:59 h, si es por correo electr\u00f3nico, o 14:15 h, si se realiza f\u00edsicamente, del 20 de octubre de 2023.<\/p>\n<p>EL Premio estar\u00e1 dotado econ\u00f3micamente con 1.500 euros para cada uno de los premiados, a excepci\u00f3n del correspondiente al mejor de ellos que ser\u00e1 premiado con el XIII Premio Ricardo L\u00f3pez Crespo al Mejor Expediente de Los Alumnos de Grado, dotado con 4.000 euros.<\/p>\n<p>La documentaci\u00f3n relativa a estos premios puede consultarse en la p\u00e1gina web <a href=\"\">www.fundacioncajaruraldelsur.com<\/a><\/p>\n<h4>DESCARGA AQU\u00cd LAS BASES:<\/h4>\n<p><a href=\"\/wp-content\/uploads\/2023\/09\/VI-DIptico-Expediente-por-Centros-1.pdf\">VI DIptico Expediente por Centros<\/a><\/p>\n<h4>DESCARGA AQU\u00cd EL FORMULARIO:<\/h4>\n<p><a href=\"\/wp-content\/uploads\/2023\/09\/Formulario-VI-Premio-Expediente-por-Centros-2023.doc\">Formulario VI Premio Expediente por Centros 2023<\/a><\/p>","protected":false},"excerpt":{"rendered":"<p>La Fundaci\u00f3n Caja Rural del Sur y la Universidad de C\u00f3rdoba han lanzado la convocatoria de la VI edici\u00f3n del premio al mejor expediente acad\u00e9mico de Grado de la UCO [&hellip;]<\/p>\n","protected":false},"author":6,"featured_media":9125,"comment_status":"closed","ping_status":"closed","sticky":false,"template":"","format":"standard","meta":{"footnotes":""},"categories":[64],"tags":[],"class_list":["post-9124","post","type-post","status-publish","format-standard","has-post-thumbnail","hentry","category-premios"],"yoast_head":"<!-- This site is optimized with the Yoast SEO plugin v27.3 - https:\/\/yoast.com\/product\/yoast-seo-wordpress\/ -->\n<title>Convocatoria de la VI edici\u00f3n del premio al mejor expediente acad\u00e9mico de Grado de la UCO - Fundaci\u00f3n Caja Rural del Sur<\/title>\n<meta name=\"robots\" content=\"index, follow, max-snippet:-1, max-image-preview:large, max-video-preview:-1\" \/>\n<link rel=\"canonical\" href=\"https:\/\/fundacioncajaruraldelsur.com\/pt\/convocatoria-de-la-vi-edicion-del-premio-al-mejor-expediente-academico-de-grado-de-la-uco\/\" \/>\n<meta property=\"og:locale\" content=\"pt_PT\" \/>\n<meta property=\"og:type\" content=\"article\" \/>\n<meta property=\"og:title\" content=\"Convocatoria de la VI edici\u00f3n del premio al mejor expediente acad\u00e9mico de Grado de la UCO - Fundaci\u00f3n Caja Rural del Sur\" \/>\n<meta property=\"og:description\" content=\"La Fundaci\u00f3n Caja Rural del Sur y la Universidad de C\u00f3rdoba han lanzado la convocatoria de la VI edici\u00f3n del premio al mejor expediente acad\u00e9mico de Grado de la UCO [&hellip;]\" \/>\n<meta property=\"og:url\" content=\"https:\/\/fundacioncajaruraldelsur.com\/pt\/convocatoria-de-la-vi-edicion-del-premio-al-mejor-expediente-academico-de-grado-de-la-uco\/\" \/>\n<meta property=\"og:site_name\" content=\"Fundaci\u00f3n Caja Rural del Sur\" \/>\n<meta property=\"article:published_time\" content=\"2023-09-06T12:53:06+00:00\" \/>\n<meta property=\"article:modified_time\" content=\"2023-09-08T18:49:34+00:00\" \/>\n<meta property=\"og:image\" content=\"https:\/\/fundacioncajaruraldelsur.com\/wp-content\/uploads\/2023\/09\/230906.-Foto-de-la-entrega-de-los-premios-del-curso-2021-2022-scaled.jpg\" \/>\n\t<meta property=\"og:image:width\" content=\"2560\" \/>\n\t<meta property=\"og:image:height\" content=\"1707\" \/>\n\t<meta property=\"og:image:type\" content=\"image\/jpeg\" \/>\n<meta name=\"author\" content=\"Comunicaci\u00f3n\" \/>\n<meta name=\"twitter:card\" content=\"summary_large_image\" \/>\n<meta name=\"twitter:label1\" content=\"Written by\" \/>\n\t<meta name=\"twitter:data1\" content=\"Comunicaci\u00f3n\" \/>\n\t<meta name=\"twitter:label2\" content=\"Est. reading time\" \/>\n\t<meta name=\"twitter:data2\" content=\"2 minutes\" \/>\n<script type=\"application\/ld+json\" class=\"yoast-schema-graph\">{\"@context\":\"https:\\\/\\\/schema.org\",\"@graph\":[{\"@type\":\"Article\",\"@id\":\"https:\\\/\\\/fundacioncajaruraldelsur.com\\\/convocatoria-de-la-vi-edicion-del-premio-al-mejor-expediente-academico-de-grado-de-la-uco\\\/#article\",\"isPartOf\":{\"@id\":\"https:\\\/\\\/fundacioncajaruraldelsur.com\\\/convocatoria-de-la-vi-edicion-del-premio-al-mejor-expediente-academico-de-grado-de-la-uco\\\/\"},\"author\":{\"name\":\"Comunicaci\u00f3n\",\"@id\":\"https:\\\/\\\/fundacioncajaruraldelsur.com\\\/#\\\/schema\\\/person\\\/f430da9fb783d505ff061ad8b3d44577\"},\"headline\":\"Convocatoria de la VI edici\u00f3n del premio al mejor expediente acad\u00e9mico de Grado de la UCO\",\"datePublished\":\"2023-09-06T12:53:06+00:00\",\"dateModified\":\"2023-09-08T18:49:34+00:00\",\"mainEntityOfPage\":{\"@id\":\"https:\\\/\\\/fundacioncajaruraldelsur.com\\\/convocatoria-de-la-vi-edicion-del-premio-al-mejor-expediente-academico-de-grado-de-la-uco\\\/\"},\"wordCount\":412,\"image\":{\"@id\":\"https:\\\/\\\/fundacioncajaruraldelsur.com\\\/convocatoria-de-la-vi-edicion-del-premio-al-mejor-expediente-academico-de-grado-de-la-uco\\\/#primaryimage\"},\"thumbnailUrl\":\"https:\\\/\\\/fundacioncajaruraldelsur.com\\\/wp-content\\\/uploads\\\/2023\\\/09\\\/230906.-Foto-de-la-entrega-de-los-premios-del-curso-2021-2022-scaled.jpg\",\"articleSection\":[\"Premios\"],\"inLanguage\":\"pt-PT\"},{\"@type\":\"WebPage\",\"@id\":\"https:\\\/\\\/fundacioncajaruraldelsur.com\\\/convocatoria-de-la-vi-edicion-del-premio-al-mejor-expediente-academico-de-grado-de-la-uco\\\/\",\"url\":\"https:\\\/\\\/fundacioncajaruraldelsur.com\\\/convocatoria-de-la-vi-edicion-del-premio-al-mejor-expediente-academico-de-grado-de-la-uco\\\/\",\"name\":\"Convocatoria de la VI edici\u00f3n del premio al mejor expediente acad\u00e9mico de Grado de la UCO - Fundaci\u00f3n Caja Rural del Sur\",\"isPartOf\":{\"@id\":\"https:\\\/\\\/fundacioncajaruraldelsur.com\\\/#website\"},\"primaryImageOfPage\":{\"@id\":\"https:\\\/\\\/fundacioncajaruraldelsur.com\\\/convocatoria-de-la-vi-edicion-del-premio-al-mejor-expediente-academico-de-grado-de-la-uco\\\/#primaryimage\"},\"image\":{\"@id\":\"https:\\\/\\\/fundacioncajaruraldelsur.com\\\/convocatoria-de-la-vi-edicion-del-premio-al-mejor-expediente-academico-de-grado-de-la-uco\\\/#primaryimage\"},\"thumbnailUrl\":\"https:\\\/\\\/fundacioncajaruraldelsur.com\\\/wp-content\\\/uploads\\\/2023\\\/09\\\/230906.-Foto-de-la-entrega-de-los-premios-del-curso-2021-2022-scaled.jpg\",\"datePublished\":\"2023-09-06T12:53:06+00:00\",\"dateModified\":\"2023-09-08T18:49:34+00:00\",\"author\":{\"@id\":\"https:\\\/\\\/fundacioncajaruraldelsur.com\\\/#\\\/schema\\\/person\\\/f430da9fb783d505ff061ad8b3d44577\"},\"breadcrumb\":{\"@id\":\"https:\\\/\\\/fundacioncajaruraldelsur.com\\\/convocatoria-de-la-vi-edicion-del-premio-al-mejor-expediente-academico-de-grado-de-la-uco\\\/#breadcrumb\"},\"inLanguage\":\"pt-PT\",\"potentialAction\":[{\"@type\":\"ReadAction\",\"target\":[\"https:\\\/\\\/fundacioncajaruraldelsur.com\\\/convocatoria-de-la-vi-edicion-del-premio-al-mejor-expediente-academico-de-grado-de-la-uco\\\/\"]}]},{\"@type\":\"ImageObject\",\"inLanguage\":\"pt-PT\",\"@id\":\"https:\\\/\\\/fundacioncajaruraldelsur.com\\\/convocatoria-de-la-vi-edicion-del-premio-al-mejor-expediente-academico-de-grado-de-la-uco\\\/#primaryimage\",\"url\":\"https:\\\/\\\/fundacioncajaruraldelsur.com\\\/wp-content\\\/uploads\\\/2023\\\/09\\\/230906.-Foto-de-la-entrega-de-los-premios-del-curso-2021-2022-scaled.jpg\",\"contentUrl\":\"https:\\\/\\\/fundacioncajaruraldelsur.com\\\/wp-content\\\/uploads\\\/2023\\\/09\\\/230906.-Foto-de-la-entrega-de-los-premios-del-curso-2021-2022-scaled.jpg\",\"width\":2560,\"height\":1707},{\"@type\":\"BreadcrumbList\",\"@id\":\"https:\\\/\\\/fundacioncajaruraldelsur.com\\\/convocatoria-de-la-vi-edicion-del-premio-al-mejor-expediente-academico-de-grado-de-la-uco\\\/#breadcrumb\",\"itemListElement\":[{\"@type\":\"ListItem\",\"position\":1,\"name\":\"Portada\",\"item\":\"https:\\\/\\\/fundacioncajaruraldelsur.com\\\/\"},{\"@type\":\"ListItem\",\"position\":2,\"name\":\"Convocatoria de la VI edici\u00f3n del premio al mejor expediente acad\u00e9mico de Grado de la UCO\"}]},{\"@type\":\"WebSite\",\"@id\":\"https:\\\/\\\/fundacioncajaruraldelsur.com\\\/#website\",\"url\":\"https:\\\/\\\/fundacioncajaruraldelsur.com\\\/\",\"name\":\"Fundaci\u00f3n Caja Rural del Sur\",\"description\":\"\",\"potentialAction\":[{\"@type\":\"SearchAction\",\"target\":{\"@type\":\"EntryPoint\",\"urlTemplate\":\"https:\\\/\\\/fundacioncajaruraldelsur.com\\\/?s={search_term_string}\"},\"query-input\":{\"@type\":\"PropertyValueSpecification\",\"valueRequired\":true,\"valueName\":\"search_term_string\"}}],\"inLanguage\":\"pt-PT\"},{\"@type\":\"Person\",\"@id\":\"https:\\\/\\\/fundacioncajaruraldelsur.com\\\/#\\\/schema\\\/person\\\/f430da9fb783d505ff061ad8b3d44577\",\"name\":\"Comunicaci\u00f3n\",\"image\":{\"@type\":\"ImageObject\",\"inLanguage\":\"pt-PT\",\"@id\":\"https:\\\/\\\/secure.gravatar.com\\\/avatar\\\/0dca239875993680bac4603ad2de7942da018f52cc3a244578e0b3b09314a8d8?s=96&d=blank&r=g\",\"url\":\"https:\\\/\\\/secure.gravatar.com\\\/avatar\\\/0dca239875993680bac4603ad2de7942da018f52cc3a244578e0b3b09314a8d8?s=96&d=blank&r=g\",\"contentUrl\":\"https:\\\/\\\/secure.gravatar.com\\\/avatar\\\/0dca239875993680bac4603ad2de7942da018f52cc3a244578e0b3b09314a8d8?s=96&d=blank&r=g\",\"caption\":\"Comunicaci\u00f3n\"}}]}<\/script>\n<!-- \/ Yoast SEO plugin. -->","yoast_head_json":{"title":"Convocatoria de la VI edici\u00f3n del premio al mejor expediente acad\u00e9mico de Grado de la UCO - Fundaci\u00f3n Caja Rural del Sur","robots":{"index":"index","follow":"follow","max-snippet":"max-snippet:-1","max-image-preview":"max-image-preview:large","max-video-preview":"max-video-preview:-1"},"canonical":"https:\/\/fundacioncajaruraldelsur.com\/pt\/convocatoria-de-la-vi-edicion-del-premio-al-mejor-expediente-academico-de-grado-de-la-uco\/","og_locale":"pt_PT","og_type":"article","og_title":"Convocatoria de la VI edici\u00f3n del premio al mejor expediente acad\u00e9mico de Grado de la UCO - Fundaci\u00f3n Caja Rural del Sur","og_description":"La Fundaci\u00f3n Caja Rural del Sur y la Universidad de C\u00f3rdoba han lanzado la convocatoria de la VI edici\u00f3n del premio al mejor expediente acad\u00e9mico de Grado de la UCO [&hellip;]","og_url":"https:\/\/fundacioncajaruraldelsur.com\/pt\/convocatoria-de-la-vi-edicion-del-premio-al-mejor-expediente-academico-de-grado-de-la-uco\/","og_site_name":"Fundaci\u00f3n Caja Rural del Sur","article_published_time":"2023-09-06T12:53:06+00:00","article_modified_time":"2023-09-08T18:49:34+00:00","og_image":[{"width":2560,"height":1707,"url":"https:\/\/fundacioncajaruraldelsur.com\/wp-content\/uploads\/2023\/09\/230906.-Foto-de-la-entrega-de-los-premios-del-curso-2021-2022-scaled.jpg","type":"image\/jpeg"}],"author":"Comunicaci\u00f3n","twitter_card":"summary_large_image","twitter_misc":{"Written by":"Comunicaci\u00f3n","Est. reading time":"2 minutes"},"schema":{"@context":"https:\/\/schema.org","@graph":[{"@type":"Article","@id":"https:\/\/fundacioncajaruraldelsur.com\/convocatoria-de-la-vi-edicion-del-premio-al-mejor-expediente-academico-de-grado-de-la-uco\/#article","isPartOf":{"@id":"https:\/\/fundacioncajaruraldelsur.com\/convocatoria-de-la-vi-edicion-del-premio-al-mejor-expediente-academico-de-grado-de-la-uco\/"},"author":{"name":"Comunicaci\u00f3n","@id":"https:\/\/fundacioncajaruraldelsur.com\/#\/schema\/person\/f430da9fb783d505ff061ad8b3d44577"},"headline":"Convocatoria de la VI edici\u00f3n del premio al mejor expediente acad\u00e9mico de Grado de la UCO","datePublished":"2023-09-06T12:53:06+00:00","dateModified":"2023-09-08T18:49:34+00:00","mainEntityOfPage":{"@id":"https:\/\/fundacioncajaruraldelsur.com\/convocatoria-de-la-vi-edicion-del-premio-al-mejor-expediente-academico-de-grado-de-la-uco\/"},"wordCount":412,"image":{"@id":"https:\/\/fundacioncajaruraldelsur.com\/convocatoria-de-la-vi-edicion-del-premio-al-mejor-expediente-academico-de-grado-de-la-uco\/#primaryimage"},"thumbnailUrl":"https:\/\/fundacioncajaruraldelsur.com\/wp-content\/uploads\/2023\/09\/230906.-Foto-de-la-entrega-de-los-premios-del-curso-2021-2022-scaled.jpg","articleSection":["Premios"],"inLanguage":"pt-PT"},{"@type":"WebPage","@id":"https:\/\/fundacioncajaruraldelsur.com\/convocatoria-de-la-vi-edicion-del-premio-al-mejor-expediente-academico-de-grado-de-la-uco\/","url":"https:\/\/fundacioncajaruraldelsur.com\/convocatoria-de-la-vi-edicion-del-premio-al-mejor-expediente-academico-de-grado-de-la-uco\/","name":"Convocatoria de la VI edici\u00f3n del premio al mejor expediente acad\u00e9mico de Grado de la UCO - Fundaci\u00f3n Caja Rural del Sur","isPartOf":{"@id":"https:\/\/fundacioncajaruraldelsur.com\/#website"},"primaryImageOfPage":{"@id":"https:\/\/fundacioncajaruraldelsur.com\/convocatoria-de-la-vi-edicion-del-premio-al-mejor-expediente-academico-de-grado-de-la-uco\/#primaryimage"},"image":{"@id":"https:\/\/fundacioncajaruraldelsur.com\/convocatoria-de-la-vi-edicion-del-premio-al-mejor-expediente-academico-de-grado-de-la-uco\/#primaryimage"},"thumbnailUrl":"https:\/\/fundacioncajaruraldelsur.com\/wp-content\/uploads\/2023\/09\/230906.-Foto-de-la-entrega-de-los-premios-del-curso-2021-2022-scaled.jpg","datePublished":"2023-09-06T12:53:06+00:00","dateModified":"2023-09-08T18:49:34+00:00","author":{"@id":"https:\/\/fundacioncajaruraldelsur.com\/#\/schema\/person\/f430da9fb783d505ff061ad8b3d44577"},"breadcrumb":{"@id":"https:\/\/fundacioncajaruraldelsur.com\/convocatoria-de-la-vi-edicion-del-premio-al-mejor-expediente-academico-de-grado-de-la-uco\/#breadcrumb"},"inLanguage":"pt-PT","potentialAction":[{"@type":"ReadAction","target":["https:\/\/fundacioncajaruraldelsur.com\/convocatoria-de-la-vi-edicion-del-premio-al-mejor-expediente-academico-de-grado-de-la-uco\/"]}]},{"@type":"ImageObject","inLanguage":"pt-PT","@id":"https:\/\/fundacioncajaruraldelsur.com\/convocatoria-de-la-vi-edicion-del-premio-al-mejor-expediente-academico-de-grado-de-la-uco\/#primaryimage","url":"https:\/\/fundacioncajaruraldelsur.com\/wp-content\/uploads\/2023\/09\/230906.-Foto-de-la-entrega-de-los-premios-del-curso-2021-2022-scaled.jpg","contentUrl":"https:\/\/fundacioncajaruraldelsur.com\/wp-content\/uploads\/2023\/09\/230906.-Foto-de-la-entrega-de-los-premios-del-curso-2021-2022-scaled.jpg","width":2560,"height":1707},{"@type":"BreadcrumbList","@id":"https:\/\/fundacioncajaruraldelsur.com\/convocatoria-de-la-vi-edicion-del-premio-al-mejor-expediente-academico-de-grado-de-la-uco\/#breadcrumb","itemListElement":[{"@type":"ListItem","position":1,"name":"Portada","item":"https:\/\/fundacioncajaruraldelsur.com\/"},{"@type":"ListItem","position":2,"name":"Convocatoria de la VI edici\u00f3n del premio al mejor expediente acad\u00e9mico de Grado de la UCO"}]},{"@type":"WebSite","@id":"https:\/\/fundacioncajaruraldelsur.com\/#website","url":"https:\/\/fundacioncajaruraldelsur.com\/","name":"Funda\u00e7\u00e3o Caja Rural del Sur","description":"","potentialAction":[{"@type":"SearchAction","target":{"@type":"EntryPoint","urlTemplate":"https:\/\/fundacioncajaruraldelsur.com\/?s={search_term_string}"},"query-input":{"@type":"PropertyValueSpecification","valueRequired":true,"valueName":"search_term_string"}}],"inLanguage":"pt-PT"},{"@type":"Person","@id":"https:\/\/fundacioncajaruraldelsur.com\/#\/schema\/person\/f430da9fb783d505ff061ad8b3d44577","name":"Comunicaci\u00f3n","image":{"@type":"ImageObject","inLanguage":"pt-PT","@id":"https:\/\/secure.gravatar.com\/avatar\/0dca239875993680bac4603ad2de7942da018f52cc3a244578e0b3b09314a8d8?s=96&d=blank&r=g","url":"https:\/\/secure.gravatar.com\/avatar\/0dca239875993680bac4603ad2de7942da018f52cc3a244578e0b3b09314a8d8?s=96&d=blank&r=g","contentUrl":"https:\/\/secure.gravatar.com\/avatar\/0dca239875993680bac4603ad2de7942da018f52cc3a244578e0b3b09314a8d8?s=96&d=blank&r=g","caption":"Comunicaci\u00f3n"}}]}},"rttpg_featured_image_url":{"full":["https:\/\/fundacioncajaruraldelsur.com\/wp-content\/uploads\/2023\/09\/230906.-Foto-de-la-entrega-de-los-premios-del-curso-2021-2022-scaled.jpg",2560,1707,false],"landscape":["https:\/\/fundacioncajaruraldelsur.com\/wp-content\/uploads\/2023\/09\/230906.-Foto-de-la-entrega-de-los-premios-del-curso-2021-2022-scaled.jpg",2560,1707,false],"portraits":["https:\/\/fundacioncajaruraldelsur.com\/wp-content\/uploads\/2023\/09\/230906.-Foto-de-la-entrega-de-los-premios-del-curso-2021-2022-scaled.jpg",2560,1707,false],"thumbnail":["https:\/\/fundacioncajaruraldelsur.com\/wp-content\/uploads\/2023\/09\/230906.-Foto-de-la-entrega-de-los-premios-del-curso-2021-2022-150x150.jpg",150,150,true],"medium":["https:\/\/fundacioncajaruraldelsur.com\/wp-content\/uploads\/2023\/09\/230906.-Foto-de-la-entrega-de-los-premios-del-curso-2021-2022-300x200.jpg",300,200,true],"large":["https:\/\/fundacioncajaruraldelsur.com\/wp-content\/uploads\/2023\/09\/230906.-Foto-de-la-entrega-de-los-premios-del-curso-2021-2022-1024x683.jpg",960,640,true],"1536x1536":["https:\/\/fundacioncajaruraldelsur.com\/wp-content\/uploads\/2023\/09\/230906.-Foto-de-la-entrega-de-los-premios-del-curso-2021-2022-1536x1024.jpg",1536,1024,true],"2048x2048":["https:\/\/fundacioncajaruraldelsur.com\/wp-content\/uploads\/2023\/09\/230906.-Foto-de-la-entrega-de-los-premios-del-curso-2021-2022-2048x1365.jpg",2048,1365,true],"trp-custom-language-flag":["https:\/\/fundacioncajaruraldelsur.com\/wp-content\/uploads\/2023\/09\/230906.-Foto-de-la-entrega-de-los-premios-del-curso-2021-2022-scaled.jpg",18,12,false],"blog-thumbnail":["https:\/\/fundacioncajaruraldelsur.com\/wp-content\/uploads\/2023\/09\/230906.-Foto-de-la-entrega-de-los-premios-del-curso-2021-2022-400x200.jpg",400,200,true]},"rttpg_author":{"display_name":"Comunicaci\u00f3n","author_link":"https:\/\/fundacioncajaruraldelsur.com\/pt\/author\/sevillaadmin\/"},"rttpg_comment":0,"rttpg_category":"<a href=\"https:\/\/fundacioncajaruraldelsur.com\/pt\/category\/premios\/\" rel=\"category tag\">Premios<\/a>","rttpg_excerpt":"La Fundaci\u00f3n Caja Rural del Sur y la Universidad de C\u00f3rdoba han lanzado la convocatoria de la VI edici\u00f3n del premio al mejor expediente acad\u00e9mico de Grado de la UCO [&hellip;]","_links":{"self":[{"href":"https:\/\/fundacioncajaruraldelsur.com\/pt\/wp-json\/wp\/v2\/posts\/9124","targetHints":{"allow":["GET"]}}],"collection":[{"href":"https:\/\/fundacioncajaruraldelsur.com\/pt\/wp-json\/wp\/v2\/posts"}],"about":[{"href":"https:\/\/fundacioncajaruraldelsur.com\/pt\/wp-json\/wp\/v2\/types\/post"}],"author":[{"embeddable":true,"href":"https:\/\/fundacioncajaruraldelsur.com\/pt\/wp-json\/wp\/v2\/users\/6"}],"replies":[{"embeddable":true,"href":"https:\/\/fundacioncajaruraldelsur.com\/pt\/wp-json\/wp\/v2\/comments?post=9124"}],"version-history":[{"count":3,"href":"https:\/\/fundacioncajaruraldelsur.com\/pt\/wp-json\/wp\/v2\/posts\/9124\/revisions"}],"predecessor-version":[{"id":9131,"href":"https:\/\/fundacioncajaruraldelsur.com\/pt\/wp-json\/wp\/v2\/posts\/9124\/revisions\/9131"}],"wp:featuredmedia":[{"embeddable":true,"href":"https:\/\/fundacioncajaruraldelsur.com\/pt\/wp-json\/wp\/v2\/media\/9125"}],"wp:attachment":[{"href":"https:\/\/fundacioncajaruraldelsur.com\/pt\/wp-json\/wp\/v2\/media?parent=9124"}],"wp:term":[{"taxonomy":"category","embeddable":true,"href":"https:\/\/fundacioncajaruraldelsur.com\/pt\/wp-json\/wp\/v2\/categories?post=9124"},{"taxonomy":"post_tag","embeddable":true,"href":"https:\/\/fundacioncajaruraldelsur.com\/pt\/wp-json\/wp\/v2\/tags?post=9124"}],"curies":[{"name":"wp","href":"https:\/\/api.w.org\/{rel}","templated":true}]}}