{"id":9119,"date":"2023-08-28T08:20:12","date_gmt":"2023-08-28T07:20:12","guid":{"rendered":"\/?p=9119"},"modified":"2023-08-28T08:24:52","modified_gmt":"2023-08-28T07:24:52","slug":"caja-rural-del-sur-vuelve-a-estar-presente-en-la-178-edicion-de-las-carreras-de-caballos-de-sanlucar-de-barrameda","status":"publish","type":"post","link":"https:\/\/fundacioncajaruraldelsur.com\/pt\/caja-rural-del-sur-vuelve-a-estar-presente-en-la-178-edicion-de-las-carreras-de-caballos-de-sanlucar-de-barrameda\/","title":{"rendered":"Caja Rural del Sur vuelve a estar presente en la 178 edici\u00f3n de las Carreras de Caballos de Sanl\u00facar de Barrameda"},"content":{"rendered":"<p><strong>El Presidente de Caja Rural del Sur y su Fundaci\u00f3n, Jos\u00e9 Luis Garc\u00eda-Palacios \u00c1lvarez, ha participado en la entrega del \u00abPremio Caja Rural del Sur\u00bb al ganador de la carrera que ha patrocinado un a\u00f1o m\u00e1s<\/strong> en la que ha sido la 178 edici\u00f3n de las tradicionales carreras de de caballos de SanL\u00facar de Barrameda, con las que un a\u00f1o m\u00e1s ha colaborado como patrocinador la entidad financiera. Con un gran n\u00famero de asistentes en esta nueva edici\u00f3n de las carreras, Garc\u00eda-Palacios hizo\u00a0entrega del premio Caja Rural del Sur.<\/p>\n<p><b>Caja Rural del Sur viene entregando dicho premio desde hace 28 a\u00f1os<\/b>\u00a0como apoyo de este gran evento de referencia de Andaluc\u00eda a nivel nacional e internacional.<\/p>\n<p>En la primera carrera, Premio Caja Rural del Sur, con una distancia de 1.800 metros, y 8 participantes, el ganador fue <strong>el caballo &#8216;Cromatic&#8217;, montado por la Amazona, Roc\u00edo Rela\u00f1o de la cuadra de Zacar\u00edas Sarmiento.<\/strong><\/p>\n<p>La entrega del premio se lleva a cabo gracias al convenio de colaboraci\u00f3n de Fundaci\u00f3n Caja Rural del Sur con la Real Sociedad de Carreras de Caballos de Sanl\u00facar, firmado por los presidentes de ambas entidades. Jos\u00e9 Luis Garc\u00eda-Palacios \u00c1lvarez, quien en nombre de Caja Rural del Sur, destac\u00f3 la importante relevancia nacional e internacional en el mundo del caballo de las carreras de Sanl\u00facar e incidi\u00f3 en el impacto econ\u00f3mico y empresarial que supone para esta localidad gaditana y Andaluc\u00eda.<\/p>\n<p>El Comit\u00e9 Directivo de la Sociedad de Carreras de Caballos de Sanl\u00facar ha vuelto a mostrar su agradecimiento a Caja Rural del Sur por el apoyo y el compromiso de la entidad con este gran acontecimiento deportivo y social.<\/p>","protected":false},"excerpt":{"rendered":"<p>El Presidente de Caja Rural del Sur y su Fundaci\u00f3n, Jos\u00e9 Luis Garc\u00eda-Palacios \u00c1lvarez, ha participado en la entrega del \u00abPremio Caja Rural del Sur\u00bb al ganador de la carrera [&hellip;]<\/p>\n","protected":false},"author":6,"featured_media":9120,"comment_status":"closed","ping_status":"closed","sticky":false,"template":"","format":"standard","meta":{"footnotes":""},"categories":[67,64],"tags":[],"class_list":["post-9119","post","type-post","status-publish","format-standard","has-post-thumbnail","hentry","category-convenios","category-premios"],"yoast_head":"<!-- This site is optimized with the Yoast SEO plugin v27.3 - https:\/\/yoast.com\/product\/yoast-seo-wordpress\/ -->\n<title>Caja Rural del Sur vuelve a estar presente en la 178 edici\u00f3n de las Carreras de Caballos de Sanl\u00facar de Barrameda - Fundaci\u00f3n Caja Rural del Sur<\/title>\n<meta name=\"robots\" content=\"index, follow, max-snippet:-1, max-image-preview:large, max-video-preview:-1\" \/>\n<link rel=\"canonical\" href=\"https:\/\/fundacioncajaruraldelsur.com\/pt\/caja-rural-del-sur-vuelve-a-estar-presente-en-la-178-edicion-de-las-carreras-de-caballos-de-sanlucar-de-barrameda\/\" \/>\n<meta property=\"og:locale\" content=\"pt_PT\" \/>\n<meta property=\"og:type\" content=\"article\" \/>\n<meta property=\"og:title\" content=\"Caja Rural del Sur vuelve a estar presente en la 178 edici\u00f3n de las Carreras de Caballos de Sanl\u00facar de Barrameda - Fundaci\u00f3n Caja Rural del Sur\" \/>\n<meta property=\"og:description\" content=\"El Presidente de Caja Rural del Sur y su Fundaci\u00f3n, Jos\u00e9 Luis Garc\u00eda-Palacios \u00c1lvarez, ha participado en la entrega del \u00abPremio Caja Rural del Sur\u00bb al ganador de la carrera [&hellip;]\" \/>\n<meta property=\"og:url\" content=\"https:\/\/fundacioncajaruraldelsur.com\/pt\/caja-rural-del-sur-vuelve-a-estar-presente-en-la-178-edicion-de-las-carreras-de-caballos-de-sanlucar-de-barrameda\/\" \/>\n<meta property=\"og:site_name\" content=\"Fundaci\u00f3n Caja Rural del Sur\" \/>\n<meta property=\"article:published_time\" content=\"2023-08-28T07:20:12+00:00\" \/>\n<meta property=\"article:modified_time\" content=\"2023-08-28T07:24:52+00:00\" \/>\n<meta property=\"og:image\" content=\"https:\/\/fundacioncajaruraldelsur.com\/wp-content\/uploads\/2023\/08\/foto-San-Lucar-carreras.jpg\" \/>\n\t<meta property=\"og:image:width\" content=\"1024\" \/>\n\t<meta property=\"og:image:height\" content=\"845\" \/>\n\t<meta property=\"og:image:type\" content=\"image\/jpeg\" \/>\n<meta name=\"author\" content=\"Comunicaci\u00f3n\" \/>\n<meta name=\"twitter:card\" content=\"summary_large_image\" \/>\n<meta name=\"twitter:label1\" content=\"Written by\" \/>\n\t<meta name=\"twitter:data1\" content=\"Comunicaci\u00f3n\" \/>\n\t<meta name=\"twitter:label2\" content=\"Est. reading time\" \/>\n\t<meta name=\"twitter:data2\" content=\"2 minutes\" \/>\n<script type=\"application\/ld+json\" class=\"yoast-schema-graph\">{\"@context\":\"https:\\\/\\\/schema.org\",\"@graph\":[{\"@type\":\"Article\",\"@id\":\"https:\\\/\\\/fundacioncajaruraldelsur.com\\\/caja-rural-del-sur-vuelve-a-estar-presente-en-la-178-edicion-de-las-carreras-de-caballos-de-sanlucar-de-barrameda\\\/#article\",\"isPartOf\":{\"@id\":\"https:\\\/\\\/fundacioncajaruraldelsur.com\\\/caja-rural-del-sur-vuelve-a-estar-presente-en-la-178-edicion-de-las-carreras-de-caballos-de-sanlucar-de-barrameda\\\/\"},\"author\":{\"name\":\"Comunicaci\u00f3n\",\"@id\":\"https:\\\/\\\/fundacioncajaruraldelsur.com\\\/#\\\/schema\\\/person\\\/f430da9fb783d505ff061ad8b3d44577\"},\"headline\":\"Caja Rural del Sur vuelve a estar presente en la 178 edici\u00f3n de las Carreras de Caballos de Sanl\u00facar de Barrameda\",\"datePublished\":\"2023-08-28T07:20:12+00:00\",\"dateModified\":\"2023-08-28T07:24:52+00:00\",\"mainEntityOfPage\":{\"@id\":\"https:\\\/\\\/fundacioncajaruraldelsur.com\\\/caja-rural-del-sur-vuelve-a-estar-presente-en-la-178-edicion-de-las-carreras-de-caballos-de-sanlucar-de-barrameda\\\/\"},\"wordCount\":315,\"image\":{\"@id\":\"https:\\\/\\\/fundacioncajaruraldelsur.com\\\/caja-rural-del-sur-vuelve-a-estar-presente-en-la-178-edicion-de-las-carreras-de-caballos-de-sanlucar-de-barrameda\\\/#primaryimage\"},\"thumbnailUrl\":\"https:\\\/\\\/fundacioncajaruraldelsur.com\\\/wp-content\\\/uploads\\\/2023\\\/08\\\/foto-San-Lucar-carreras.jpg\",\"articleSection\":[\"Convenios\",\"Premios\"],\"inLanguage\":\"pt-PT\"},{\"@type\":\"WebPage\",\"@id\":\"https:\\\/\\\/fundacioncajaruraldelsur.com\\\/caja-rural-del-sur-vuelve-a-estar-presente-en-la-178-edicion-de-las-carreras-de-caballos-de-sanlucar-de-barrameda\\\/\",\"url\":\"https:\\\/\\\/fundacioncajaruraldelsur.com\\\/caja-rural-del-sur-vuelve-a-estar-presente-en-la-178-edicion-de-las-carreras-de-caballos-de-sanlucar-de-barrameda\\\/\",\"name\":\"Caja Rural del Sur vuelve a estar presente en la 178 edici\u00f3n de las Carreras de Caballos de Sanl\u00facar de Barrameda - Fundaci\u00f3n Caja Rural del Sur\",\"isPartOf\":{\"@id\":\"https:\\\/\\\/fundacioncajaruraldelsur.com\\\/#website\"},\"primaryImageOfPage\":{\"@id\":\"https:\\\/\\\/fundacioncajaruraldelsur.com\\\/caja-rural-del-sur-vuelve-a-estar-presente-en-la-178-edicion-de-las-carreras-de-caballos-de-sanlucar-de-barrameda\\\/#primaryimage\"},\"image\":{\"@id\":\"https:\\\/\\\/fundacioncajaruraldelsur.com\\\/caja-rural-del-sur-vuelve-a-estar-presente-en-la-178-edicion-de-las-carreras-de-caballos-de-sanlucar-de-barrameda\\\/#primaryimage\"},\"thumbnailUrl\":\"https:\\\/\\\/fundacioncajaruraldelsur.com\\\/wp-content\\\/uploads\\\/2023\\\/08\\\/foto-San-Lucar-carreras.jpg\",\"datePublished\":\"2023-08-28T07:20:12+00:00\",\"dateModified\":\"2023-08-28T07:24:52+00:00\",\"author\":{\"@id\":\"https:\\\/\\\/fundacioncajaruraldelsur.com\\\/#\\\/schema\\\/person\\\/f430da9fb783d505ff061ad8b3d44577\"},\"breadcrumb\":{\"@id\":\"https:\\\/\\\/fundacioncajaruraldelsur.com\\\/caja-rural-del-sur-vuelve-a-estar-presente-en-la-178-edicion-de-las-carreras-de-caballos-de-sanlucar-de-barrameda\\\/#breadcrumb\"},\"inLanguage\":\"pt-PT\",\"potentialAction\":[{\"@type\":\"ReadAction\",\"target\":[\"https:\\\/\\\/fundacioncajaruraldelsur.com\\\/caja-rural-del-sur-vuelve-a-estar-presente-en-la-178-edicion-de-las-carreras-de-caballos-de-sanlucar-de-barrameda\\\/\"]}]},{\"@type\":\"ImageObject\",\"inLanguage\":\"pt-PT\",\"@id\":\"https:\\\/\\\/fundacioncajaruraldelsur.com\\\/caja-rural-del-sur-vuelve-a-estar-presente-en-la-178-edicion-de-las-carreras-de-caballos-de-sanlucar-de-barrameda\\\/#primaryimage\",\"url\":\"https:\\\/\\\/fundacioncajaruraldelsur.com\\\/wp-content\\\/uploads\\\/2023\\\/08\\\/foto-San-Lucar-carreras.jpg\",\"contentUrl\":\"https:\\\/\\\/fundacioncajaruraldelsur.com\\\/wp-content\\\/uploads\\\/2023\\\/08\\\/foto-San-Lucar-carreras.jpg\",\"width\":1024,\"height\":845},{\"@type\":\"BreadcrumbList\",\"@id\":\"https:\\\/\\\/fundacioncajaruraldelsur.com\\\/caja-rural-del-sur-vuelve-a-estar-presente-en-la-178-edicion-de-las-carreras-de-caballos-de-sanlucar-de-barrameda\\\/#breadcrumb\",\"itemListElement\":[{\"@type\":\"ListItem\",\"position\":1,\"name\":\"Portada\",\"item\":\"https:\\\/\\\/fundacioncajaruraldelsur.com\\\/\"},{\"@type\":\"ListItem\",\"position\":2,\"name\":\"Caja Rural del Sur vuelve a estar presente en la 178 edici\u00f3n de las Carreras de Caballos de Sanl\u00facar de Barrameda\"}]},{\"@type\":\"WebSite\",\"@id\":\"https:\\\/\\\/fundacioncajaruraldelsur.com\\\/#website\",\"url\":\"https:\\\/\\\/fundacioncajaruraldelsur.com\\\/\",\"name\":\"Fundaci\u00f3n Caja Rural del Sur\",\"description\":\"\",\"potentialAction\":[{\"@type\":\"SearchAction\",\"target\":{\"@type\":\"EntryPoint\",\"urlTemplate\":\"https:\\\/\\\/fundacioncajaruraldelsur.com\\\/?s={search_term_string}\"},\"query-input\":{\"@type\":\"PropertyValueSpecification\",\"valueRequired\":true,\"valueName\":\"search_term_string\"}}],\"inLanguage\":\"pt-PT\"},{\"@type\":\"Person\",\"@id\":\"https:\\\/\\\/fundacioncajaruraldelsur.com\\\/#\\\/schema\\\/person\\\/f430da9fb783d505ff061ad8b3d44577\",\"name\":\"Comunicaci\u00f3n\",\"image\":{\"@type\":\"ImageObject\",\"inLanguage\":\"pt-PT\",\"@id\":\"https:\\\/\\\/secure.gravatar.com\\\/avatar\\\/0dca239875993680bac4603ad2de7942da018f52cc3a244578e0b3b09314a8d8?s=96&d=blank&r=g\",\"url\":\"https:\\\/\\\/secure.gravatar.com\\\/avatar\\\/0dca239875993680bac4603ad2de7942da018f52cc3a244578e0b3b09314a8d8?s=96&d=blank&r=g\",\"contentUrl\":\"https:\\\/\\\/secure.gravatar.com\\\/avatar\\\/0dca239875993680bac4603ad2de7942da018f52cc3a244578e0b3b09314a8d8?s=96&d=blank&r=g\",\"caption\":\"Comunicaci\u00f3n\"}}]}<\/script>\n<!-- \/ Yoast SEO plugin. -->","yoast_head_json":{"title":"Caja Rural del Sur vuelve a estar presente en la 178 edici\u00f3n de las Carreras de Caballos de Sanl\u00facar de Barrameda - Fundaci\u00f3n Caja Rural del Sur","robots":{"index":"index","follow":"follow","max-snippet":"max-snippet:-1","max-image-preview":"max-image-preview:large","max-video-preview":"max-video-preview:-1"},"canonical":"https:\/\/fundacioncajaruraldelsur.com\/pt\/caja-rural-del-sur-vuelve-a-estar-presente-en-la-178-edicion-de-las-carreras-de-caballos-de-sanlucar-de-barrameda\/","og_locale":"pt_PT","og_type":"article","og_title":"Caja Rural del Sur vuelve a estar presente en la 178 edici\u00f3n de las Carreras de Caballos de Sanl\u00facar de Barrameda - Fundaci\u00f3n Caja Rural del Sur","og_description":"El Presidente de Caja Rural del Sur y su Fundaci\u00f3n, Jos\u00e9 Luis Garc\u00eda-Palacios \u00c1lvarez, ha participado en la entrega del \u00abPremio Caja Rural del Sur\u00bb al ganador de la carrera [&hellip;]","og_url":"https:\/\/fundacioncajaruraldelsur.com\/pt\/caja-rural-del-sur-vuelve-a-estar-presente-en-la-178-edicion-de-las-carreras-de-caballos-de-sanlucar-de-barrameda\/","og_site_name":"Fundaci\u00f3n Caja Rural del Sur","article_published_time":"2023-08-28T07:20:12+00:00","article_modified_time":"2023-08-28T07:24:52+00:00","og_image":[{"width":1024,"height":845,"url":"https:\/\/fundacioncajaruraldelsur.com\/wp-content\/uploads\/2023\/08\/foto-San-Lucar-carreras.jpg","type":"image\/jpeg"}],"author":"Comunicaci\u00f3n","twitter_card":"summary_large_image","twitter_misc":{"Written by":"Comunicaci\u00f3n","Est. reading time":"2 minutes"},"schema":{"@context":"https:\/\/schema.org","@graph":[{"@type":"Article","@id":"https:\/\/fundacioncajaruraldelsur.com\/caja-rural-del-sur-vuelve-a-estar-presente-en-la-178-edicion-de-las-carreras-de-caballos-de-sanlucar-de-barrameda\/#article","isPartOf":{"@id":"https:\/\/fundacioncajaruraldelsur.com\/caja-rural-del-sur-vuelve-a-estar-presente-en-la-178-edicion-de-las-carreras-de-caballos-de-sanlucar-de-barrameda\/"},"author":{"name":"Comunicaci\u00f3n","@id":"https:\/\/fundacioncajaruraldelsur.com\/#\/schema\/person\/f430da9fb783d505ff061ad8b3d44577"},"headline":"Caja Rural del Sur vuelve a estar presente en la 178 edici\u00f3n de las Carreras de Caballos de Sanl\u00facar de Barrameda","datePublished":"2023-08-28T07:20:12+00:00","dateModified":"2023-08-28T07:24:52+00:00","mainEntityOfPage":{"@id":"https:\/\/fundacioncajaruraldelsur.com\/caja-rural-del-sur-vuelve-a-estar-presente-en-la-178-edicion-de-las-carreras-de-caballos-de-sanlucar-de-barrameda\/"},"wordCount":315,"image":{"@id":"https:\/\/fundacioncajaruraldelsur.com\/caja-rural-del-sur-vuelve-a-estar-presente-en-la-178-edicion-de-las-carreras-de-caballos-de-sanlucar-de-barrameda\/#primaryimage"},"thumbnailUrl":"https:\/\/fundacioncajaruraldelsur.com\/wp-content\/uploads\/2023\/08\/foto-San-Lucar-carreras.jpg","articleSection":["Convenios","Premios"],"inLanguage":"pt-PT"},{"@type":"WebPage","@id":"https:\/\/fundacioncajaruraldelsur.com\/caja-rural-del-sur-vuelve-a-estar-presente-en-la-178-edicion-de-las-carreras-de-caballos-de-sanlucar-de-barrameda\/","url":"https:\/\/fundacioncajaruraldelsur.com\/caja-rural-del-sur-vuelve-a-estar-presente-en-la-178-edicion-de-las-carreras-de-caballos-de-sanlucar-de-barrameda\/","name":"Caja Rural del Sur vuelve a estar presente en la 178 edici\u00f3n de las Carreras de Caballos de Sanl\u00facar de Barrameda - Fundaci\u00f3n Caja Rural del Sur","isPartOf":{"@id":"https:\/\/fundacioncajaruraldelsur.com\/#website"},"primaryImageOfPage":{"@id":"https:\/\/fundacioncajaruraldelsur.com\/caja-rural-del-sur-vuelve-a-estar-presente-en-la-178-edicion-de-las-carreras-de-caballos-de-sanlucar-de-barrameda\/#primaryimage"},"image":{"@id":"https:\/\/fundacioncajaruraldelsur.com\/caja-rural-del-sur-vuelve-a-estar-presente-en-la-178-edicion-de-las-carreras-de-caballos-de-sanlucar-de-barrameda\/#primaryimage"},"thumbnailUrl":"https:\/\/fundacioncajaruraldelsur.com\/wp-content\/uploads\/2023\/08\/foto-San-Lucar-carreras.jpg","datePublished":"2023-08-28T07:20:12+00:00","dateModified":"2023-08-28T07:24:52+00:00","author":{"@id":"https:\/\/fundacioncajaruraldelsur.com\/#\/schema\/person\/f430da9fb783d505ff061ad8b3d44577"},"breadcrumb":{"@id":"https:\/\/fundacioncajaruraldelsur.com\/caja-rural-del-sur-vuelve-a-estar-presente-en-la-178-edicion-de-las-carreras-de-caballos-de-sanlucar-de-barrameda\/#breadcrumb"},"inLanguage":"pt-PT","potentialAction":[{"@type":"ReadAction","target":["https:\/\/fundacioncajaruraldelsur.com\/caja-rural-del-sur-vuelve-a-estar-presente-en-la-178-edicion-de-las-carreras-de-caballos-de-sanlucar-de-barrameda\/"]}]},{"@type":"ImageObject","inLanguage":"pt-PT","@id":"https:\/\/fundacioncajaruraldelsur.com\/caja-rural-del-sur-vuelve-a-estar-presente-en-la-178-edicion-de-las-carreras-de-caballos-de-sanlucar-de-barrameda\/#primaryimage","url":"https:\/\/fundacioncajaruraldelsur.com\/wp-content\/uploads\/2023\/08\/foto-San-Lucar-carreras.jpg","contentUrl":"https:\/\/fundacioncajaruraldelsur.com\/wp-content\/uploads\/2023\/08\/foto-San-Lucar-carreras.jpg","width":1024,"height":845},{"@type":"BreadcrumbList","@id":"https:\/\/fundacioncajaruraldelsur.com\/caja-rural-del-sur-vuelve-a-estar-presente-en-la-178-edicion-de-las-carreras-de-caballos-de-sanlucar-de-barrameda\/#breadcrumb","itemListElement":[{"@type":"ListItem","position":1,"name":"Portada","item":"https:\/\/fundacioncajaruraldelsur.com\/"},{"@type":"ListItem","position":2,"name":"Caja Rural del Sur vuelve a estar presente en la 178 edici\u00f3n de las Carreras de Caballos de Sanl\u00facar de Barrameda"}]},{"@type":"WebSite","@id":"https:\/\/fundacioncajaruraldelsur.com\/#website","url":"https:\/\/fundacioncajaruraldelsur.com\/","name":"Funda\u00e7\u00e3o Caja Rural del Sur","description":"","potentialAction":[{"@type":"SearchAction","target":{"@type":"EntryPoint","urlTemplate":"https:\/\/fundacioncajaruraldelsur.com\/?s={search_term_string}"},"query-input":{"@type":"PropertyValueSpecification","valueRequired":true,"valueName":"search_term_string"}}],"inLanguage":"pt-PT"},{"@type":"Person","@id":"https:\/\/fundacioncajaruraldelsur.com\/#\/schema\/person\/f430da9fb783d505ff061ad8b3d44577","name":"Comunicaci\u00f3n","image":{"@type":"ImageObject","inLanguage":"pt-PT","@id":"https:\/\/secure.gravatar.com\/avatar\/0dca239875993680bac4603ad2de7942da018f52cc3a244578e0b3b09314a8d8?s=96&d=blank&r=g","url":"https:\/\/secure.gravatar.com\/avatar\/0dca239875993680bac4603ad2de7942da018f52cc3a244578e0b3b09314a8d8?s=96&d=blank&r=g","contentUrl":"https:\/\/secure.gravatar.com\/avatar\/0dca239875993680bac4603ad2de7942da018f52cc3a244578e0b3b09314a8d8?s=96&d=blank&r=g","caption":"Comunicaci\u00f3n"}}]}},"rttpg_featured_image_url":{"full":["https:\/\/fundacioncajaruraldelsur.com\/wp-content\/uploads\/2023\/08\/foto-San-Lucar-carreras.jpg",1024,845,false],"landscape":["https:\/\/fundacioncajaruraldelsur.com\/wp-content\/uploads\/2023\/08\/foto-San-Lucar-carreras.jpg",1024,845,false],"portraits":["https:\/\/fundacioncajaruraldelsur.com\/wp-content\/uploads\/2023\/08\/foto-San-Lucar-carreras.jpg",1024,845,false],"thumbnail":["https:\/\/fundacioncajaruraldelsur.com\/wp-content\/uploads\/2023\/08\/foto-San-Lucar-carreras-150x150.jpg",150,150,true],"medium":["https:\/\/fundacioncajaruraldelsur.com\/wp-content\/uploads\/2023\/08\/foto-San-Lucar-carreras-300x248.jpg",300,248,true],"large":["https:\/\/fundacioncajaruraldelsur.com\/wp-content\/uploads\/2023\/08\/foto-San-Lucar-carreras.jpg",960,792,false],"1536x1536":["https:\/\/fundacioncajaruraldelsur.com\/wp-content\/uploads\/2023\/08\/foto-San-Lucar-carreras.jpg",1024,845,false],"2048x2048":["https:\/\/fundacioncajaruraldelsur.com\/wp-content\/uploads\/2023\/08\/foto-San-Lucar-carreras.jpg",1024,845,false],"trp-custom-language-flag":["https:\/\/fundacioncajaruraldelsur.com\/wp-content\/uploads\/2023\/08\/foto-San-Lucar-carreras.jpg",15,12,false],"blog-thumbnail":["https:\/\/fundacioncajaruraldelsur.com\/wp-content\/uploads\/2023\/08\/foto-San-Lucar-carreras-400x200.jpg",400,200,true]},"rttpg_author":{"display_name":"Comunicaci\u00f3n","author_link":"https:\/\/fundacioncajaruraldelsur.com\/pt\/author\/sevillaadmin\/"},"rttpg_comment":0,"rttpg_category":"<a href=\"https:\/\/fundacioncajaruraldelsur.com\/pt\/category\/convenios\/\" rel=\"category tag\">Convenios<\/a> <a href=\"https:\/\/fundacioncajaruraldelsur.com\/pt\/category\/premios\/\" rel=\"category tag\">Premios<\/a>","rttpg_excerpt":"El Presidente de Caja Rural del Sur y su Fundaci\u00f3n, Jos\u00e9 Luis Garc\u00eda-Palacios \u00c1lvarez, ha participado en la entrega del \u00abPremio Caja Rural del Sur\u00bb al ganador de la carrera [&hellip;]","_links":{"self":[{"href":"https:\/\/fundacioncajaruraldelsur.com\/pt\/wp-json\/wp\/v2\/posts\/9119","targetHints":{"allow":["GET"]}}],"collection":[{"href":"https:\/\/fundacioncajaruraldelsur.com\/pt\/wp-json\/wp\/v2\/posts"}],"about":[{"href":"https:\/\/fundacioncajaruraldelsur.com\/pt\/wp-json\/wp\/v2\/types\/post"}],"author":[{"embeddable":true,"href":"https:\/\/fundacioncajaruraldelsur.com\/pt\/wp-json\/wp\/v2\/users\/6"}],"replies":[{"embeddable":true,"href":"https:\/\/fundacioncajaruraldelsur.com\/pt\/wp-json\/wp\/v2\/comments?post=9119"}],"version-history":[{"count":2,"href":"https:\/\/fundacioncajaruraldelsur.com\/pt\/wp-json\/wp\/v2\/posts\/9119\/revisions"}],"predecessor-version":[{"id":9122,"href":"https:\/\/fundacioncajaruraldelsur.com\/pt\/wp-json\/wp\/v2\/posts\/9119\/revisions\/9122"}],"wp:featuredmedia":[{"embeddable":true,"href":"https:\/\/fundacioncajaruraldelsur.com\/pt\/wp-json\/wp\/v2\/media\/9120"}],"wp:attachment":[{"href":"https:\/\/fundacioncajaruraldelsur.com\/pt\/wp-json\/wp\/v2\/media?parent=9119"}],"wp:term":[{"taxonomy":"category","embeddable":true,"href":"https:\/\/fundacioncajaruraldelsur.com\/pt\/wp-json\/wp\/v2\/categories?post=9119"},{"taxonomy":"post_tag","embeddable":true,"href":"https:\/\/fundacioncajaruraldelsur.com\/pt\/wp-json\/wp\/v2\/tags?post=9119"}],"curies":[{"name":"wp","href":"https:\/\/api.w.org\/{rel}","templated":true}]}}