{"id":9110,"date":"2023-08-25T13:02:35","date_gmt":"2023-08-25T12:02:35","guid":{"rendered":"\/?p=9110"},"modified":"2023-08-26T08:16:30","modified_gmt":"2023-08-26T07:16:30","slug":"fundacion-caja-rural-del-sur-presenta-en-sanlucar-de-barrameda-un-libro-sobre-el-papel-historico-de-la-condesa-de-lebrija","status":"publish","type":"post","link":"https:\/\/fundacioncajaruraldelsur.com\/pt\/fundacion-caja-rural-del-sur-presenta-en-sanlucar-de-barrameda-un-libro-sobre-el-papel-historico-de-la-condesa-de-lebrija\/","title":{"rendered":"Fundaci\u00f3n Caja Rural del Sur presenta en Sanl\u00facar de Barrameda un libro sobre el papel hist\u00f3rico de la Condesa de Lebrija, Regla Manj\u00f3n"},"content":{"rendered":"<p>La Fundaci\u00f3n Caja Rural del Sur ha presentado este viernes, 25 de agosto, en Sanl\u00facar de Barrameda (C\u00e1diz) el libro &#8216;Regla Manj\u00f3n Mergelina, la Condesa de Lebrija. Arte. Filantrop\u00eda y poder en Sevilla (1851-1938)&#8217;, de las que son autoras Mar\u00eda Mercedes Fern\u00e1ndez Mart\u00edn y Magdalena Ill\u00e1n Mart\u00edn.<\/p>\n<p class=\"voc-p\">Las Bodegas Hidalgo La Gitana de Sanl\u00facar han acogido la presentaci\u00f3n del libro que impulsa la Fundaci\u00f3n Caja Rural del Sur, y cuya presentaci\u00f3n cont\u00f3 con la asistencia del presidente de la entidad, Jos\u00e9 Luis Garc\u00eda-Palacios \u00c1lvarez.<\/p>\n<p class=\"voc-p\">Con una gran presencia de p\u00fablico y coincidiendo con el inicio del segundo ciclo de las Carreras de Caballos en la playa, las autoras han expuesto algunos de los <strong>rasgos humanos de una mujer que rompi\u00f3 techos de cristal<\/strong>\u00a0en sectores muy masculinizados durante el siglo XIX como el arte o la empresa.<\/p>\n<p class=\"voc-p\">Jos\u00e9 Luis Garc\u00eda-Palacios \u00c1lvarez, presidente de la Fundaci\u00f3n, elogi\u00f3 la obra, de la que dijo que merece m\u00e1s de una lectura, y ha anunciado que trasladar\u00e1 al Ayuntamiento de Sevilla la<strong>\u00a0petici\u00f3n de dedicar una calle destacada de la ciudad hispalense a Regla Manj\u00f3n Mergelina,<\/strong> tal y como ya sucede en Sanl\u00facar, lugar de nacimiento de la condesa de Lebrija. \u00ab<strong>Artista, poeta, pintora e incluso musa<\/strong>\u00a0de algunos pintores como Sorolla\u00bb, ha dicho Garc\u00eda-Palacios sobre una mujer que pose\u00eda \u00abvalores criticados por aquel entonces pero con los que el tiempo ha acabado d\u00e1ndole la raz\u00f3n\u00bb.<\/p>\n<p class=\"voc-p\">Adem\u00e1s, Isabel de Le\u00f3n, sobrina bisnieta de la condesa, mostr\u00f3 el agradecimiento por sacar a la luz las virtudes \u00abde <strong>una mujer excepcional en todos los sentidos<\/strong>, sanluque\u00f1a de nacimiento y sevillana de adopci\u00f3n\u00bb, seg\u00fan indic\u00f3.<\/p>\n<div id=\"_wmass_7383000000119209\">\n<div id=\"jw-1920919209\">La figura de Regla Manj\u00f3n, la Condesa de Lebrija, jug\u00f3 un papel muy importante en los primeros a\u00f1os del siglo XX. Fue nombrada hija adoptiva y predilecta de Sevilla (1916), fue la primera mujer acad\u00e9mica de n\u00famero de la Real Academia de Bellas Artes de Santa Isabel de Hungr\u00eda (1918), acad\u00e9mica correspondiente de la Real Academia de Bellas Artes de San Fernando (1920) y miembro de la Comisi\u00f3n de Monumentos de Sevilla (1922).<\/div>\n<div>\n<div class=\"voc-c-container\">\n<h3 class=\"voc-d-c__s-title\">Una mujer vanguardista<\/h3>\n<\/div>\n<p class=\"voc-p\"><strong>Seg\u00fan expresaron las autoras, su forma de pensar era impropia del siglo XIX<\/strong>, centrada en un humanismo que a ojos actuales parece de absoluta l\u00f3gica, ya que apelaba por la abolici\u00f3n de la esclavitud. Impuls\u00f3 adem\u00e1s importante tertulias literarias en Sanl\u00facar y Sevilla.<\/p>\n<p class=\"voc-p\">Contrajo\u00a0<strong>matrimonio con Federico S\u00e1nchez Bedoya<\/strong>, un pol\u00edtico muy admirado que favoreci\u00f3 la popularidad de la condesa, que lleg\u00f3 a ser una mujer muy poderosa que, tal y como suele suceder en esos casos, acumul\u00f3 muchos amigos y enemigos.<\/p>\n<p class=\"voc-p\">En una Sevilla de finales de siglo XIX que sufri\u00f3 una gran crisis econ\u00f3mica y sanitaria, fue una persona destacada por su labor social, llegando a\u00a0<strong>presidir la Casa de Exp\u00f3sitos y luchando muy activamente contra la tuberculosis<\/strong>.<\/p>\n<p class=\"voc-p\">Y por si fuera poco, tambi\u00e9n demostr\u00f3 importantes dotes para los negocios, retomando la actividad de<strong>\u00a0las Bodegas de la Viuda de Manj\u00f3n<\/strong>\u00a0una vez que su madre falleci\u00f3, que le dej\u00f3 una sustancia herencia que la condesa administr\u00f3 haciendo gala de su filantrop\u00eda.<\/p>\n<div class=\"voc-c-container\">\n<h3 class=\"voc-d-c__s-title\">Una vida dedicada al arte<\/h3>\n<\/div>\n<p class=\"voc-p\">Mar\u00eda Mercedes Fern\u00e1ndez ha ensalzado la<strong>\u00a0importancia de Manj\u00f3n en la cultura y el arte de Sevilla<\/strong>, siendo una referencia para muchos anticuarios que avisaban a la condesa cuando llegaban a sus talleres obras que pod\u00edan ser de inter\u00e9s.<\/p>\n<p class=\"voc-p\">Adem\u00e1s de su amor por las obras,\u00a0<strong>defendi\u00f3 la divulgaci\u00f3n y el aprendizaje en aras de la cultura<\/strong>, por lo que siempre tuvo su casa abierta a todos los investigadores y estudiosos. De su car\u00e1cter benefactor para impulsar el arte pudieron dar buena cuenta, por ejemplo, los hermanos Bilbao, Gonzalo y Joaqu\u00edn, a los que les encarg\u00f3 retratos de su marido ya difunto.<\/p>\n<p class=\"voc-p\">Al ser esta circunstancia conocida, muchas personalidades acudieron a ella y colabor\u00f3 en diversas iniciativas como en la coronaci\u00f3n de v\u00edrgenes, la construcci\u00f3n del\u00a0<strong>monumento a San Fernando o incluso el de Crist\u00f3bal Col\u00f3n en los Jardines de Murillo<\/strong>.<\/p>\n<\/div>\n<\/div>\n<p class=\"paragraph\" data-gtm-element-container=\"modulo-texto-link\"><strong>En su Casa Palacio de la calle Cuna, en Sevilla,<\/strong> realiz\u00f3 obras adaptando las distintas estancias a su gusto y necesidades, destacando en la planta alta el espacio dedicado a la biblioteca, en la que lleg\u00f3 a reunir m\u00e1s de 6.000 vol\u00famenes, mientras que la planta baja la acondicion\u00f3 como una casa romana, que pas\u00f3 a conocerse con el sobrenombre de Museo Italicense por la profusi\u00f3n de mosaicos procedentes del yacimiento que adornaban sus suelos.<\/p>\n<p class=\"paragraph\" data-gtm-element-container=\"modulo-texto-link\">(Con informaci\u00f3n de<a href=\"https:\/\/www.lavozdigital.es\/provincia\/vida-obra-condesa-lebrija-mujer-adelantada-tiempo-20230825192246-ntv.html\"> La Voz de C\u00e1diz<\/a> &#8211; Foto: Antonio V\u00e1zquez).<\/p>","protected":false},"excerpt":{"rendered":"<p>La Fundaci\u00f3n Caja Rural del Sur ha presentado este viernes, 25 de agosto, en Sanl\u00facar de Barrameda (C\u00e1diz) el libro &#8216;Regla Manj\u00f3n Mergelina, la Condesa de Lebrija. Arte. Filantrop\u00eda y [&hellip;]<\/p>\n","protected":false},"author":6,"featured_media":9116,"comment_status":"closed","ping_status":"closed","sticky":false,"template":"","format":"standard","meta":{"footnotes":""},"categories":[84],"tags":[],"class_list":["post-9110","post","type-post","status-publish","format-standard","has-post-thumbnail","hentry","category-presentaciones"],"yoast_head":"<!-- This site is optimized with the Yoast SEO plugin v27.3 - https:\/\/yoast.com\/product\/yoast-seo-wordpress\/ -->\n<title>Fundaci\u00f3n Caja Rural del Sur presenta en Sanl\u00facar de Barrameda un libro sobre el papel hist\u00f3rico de la Condesa de Lebrija, Regla Manj\u00f3n - Fundaci\u00f3n Caja Rural del Sur<\/title>\n<meta name=\"robots\" content=\"index, follow, max-snippet:-1, max-image-preview:large, max-video-preview:-1\" \/>\n<link rel=\"canonical\" href=\"https:\/\/fundacioncajaruraldelsur.com\/pt\/fundacion-caja-rural-del-sur-presenta-en-sanlucar-de-barrameda-un-libro-sobre-el-papel-historico-de-la-condesa-de-lebrija\/\" \/>\n<meta property=\"og:locale\" content=\"pt_PT\" \/>\n<meta property=\"og:type\" content=\"article\" \/>\n<meta property=\"og:title\" content=\"Fundaci\u00f3n Caja Rural del Sur presenta en Sanl\u00facar de Barrameda un libro sobre el papel hist\u00f3rico de la Condesa de Lebrija, Regla Manj\u00f3n - Fundaci\u00f3n Caja Rural del Sur\" \/>\n<meta property=\"og:description\" content=\"La Fundaci\u00f3n Caja Rural del Sur ha presentado este viernes, 25 de agosto, en Sanl\u00facar de Barrameda (C\u00e1diz) el libro &#8216;Regla Manj\u00f3n Mergelina, la Condesa de Lebrija. Arte. Filantrop\u00eda y [&hellip;]\" \/>\n<meta property=\"og:url\" content=\"https:\/\/fundacioncajaruraldelsur.com\/pt\/fundacion-caja-rural-del-sur-presenta-en-sanlucar-de-barrameda-un-libro-sobre-el-papel-historico-de-la-condesa-de-lebrija\/\" \/>\n<meta property=\"og:site_name\" content=\"Fundaci\u00f3n Caja Rural del Sur\" \/>\n<meta property=\"article:published_time\" content=\"2023-08-25T12:02:35+00:00\" \/>\n<meta property=\"article:modified_time\" content=\"2023-08-26T07:16:30+00:00\" \/>\n<meta property=\"og:image\" content=\"https:\/\/fundacioncajaruraldelsur.com\/wp-content\/uploads\/2023\/08\/IMG-20230825-WA0043-Ry3Kt0XoQbr3A5nGvGYavLJ-758x531@abc.jpg\" \/>\n\t<meta property=\"og:image:width\" content=\"758\" \/>\n\t<meta property=\"og:image:height\" content=\"531\" \/>\n\t<meta property=\"og:image:type\" content=\"image\/jpeg\" \/>\n<meta name=\"author\" content=\"Comunicaci\u00f3n\" \/>\n<meta name=\"twitter:card\" content=\"summary_large_image\" \/>\n<meta name=\"twitter:label1\" content=\"Written by\" \/>\n\t<meta name=\"twitter:data1\" content=\"Comunicaci\u00f3n\" \/>\n\t<meta name=\"twitter:label2\" content=\"Est. reading time\" \/>\n\t<meta name=\"twitter:data2\" content=\"4 minutes\" \/>\n<script type=\"application\/ld+json\" class=\"yoast-schema-graph\">{\"@context\":\"https:\\\/\\\/schema.org\",\"@graph\":[{\"@type\":\"Article\",\"@id\":\"https:\\\/\\\/fundacioncajaruraldelsur.com\\\/fundacion-caja-rural-del-sur-presenta-en-sanlucar-de-barrameda-un-libro-sobre-el-papel-historico-de-la-condesa-de-lebrija\\\/#article\",\"isPartOf\":{\"@id\":\"https:\\\/\\\/fundacioncajaruraldelsur.com\\\/fundacion-caja-rural-del-sur-presenta-en-sanlucar-de-barrameda-un-libro-sobre-el-papel-historico-de-la-condesa-de-lebrija\\\/\"},\"author\":{\"name\":\"Comunicaci\u00f3n\",\"@id\":\"https:\\\/\\\/fundacioncajaruraldelsur.com\\\/#\\\/schema\\\/person\\\/f430da9fb783d505ff061ad8b3d44577\"},\"headline\":\"Fundaci\u00f3n Caja Rural del Sur presenta en Sanl\u00facar de Barrameda un libro sobre el papel hist\u00f3rico de la Condesa de Lebrija, Regla Manj\u00f3n\",\"datePublished\":\"2023-08-25T12:02:35+00:00\",\"dateModified\":\"2023-08-26T07:16:30+00:00\",\"mainEntityOfPage\":{\"@id\":\"https:\\\/\\\/fundacioncajaruraldelsur.com\\\/fundacion-caja-rural-del-sur-presenta-en-sanlucar-de-barrameda-un-libro-sobre-el-papel-historico-de-la-condesa-de-lebrija\\\/\"},\"wordCount\":831,\"image\":{\"@id\":\"https:\\\/\\\/fundacioncajaruraldelsur.com\\\/fundacion-caja-rural-del-sur-presenta-en-sanlucar-de-barrameda-un-libro-sobre-el-papel-historico-de-la-condesa-de-lebrija\\\/#primaryimage\"},\"thumbnailUrl\":\"https:\\\/\\\/fundacioncajaruraldelsur.com\\\/wp-content\\\/uploads\\\/2023\\\/08\\\/IMG-20230825-WA0043-Ry3Kt0XoQbr3A5nGvGYavLJ-758x531@abc.jpg\",\"articleSection\":[\"Presentaciones\"],\"inLanguage\":\"pt-PT\"},{\"@type\":\"WebPage\",\"@id\":\"https:\\\/\\\/fundacioncajaruraldelsur.com\\\/fundacion-caja-rural-del-sur-presenta-en-sanlucar-de-barrameda-un-libro-sobre-el-papel-historico-de-la-condesa-de-lebrija\\\/\",\"url\":\"https:\\\/\\\/fundacioncajaruraldelsur.com\\\/fundacion-caja-rural-del-sur-presenta-en-sanlucar-de-barrameda-un-libro-sobre-el-papel-historico-de-la-condesa-de-lebrija\\\/\",\"name\":\"Fundaci\u00f3n Caja Rural del Sur presenta en Sanl\u00facar de Barrameda un libro sobre el papel hist\u00f3rico de la Condesa de Lebrija, Regla Manj\u00f3n - Fundaci\u00f3n Caja Rural del Sur\",\"isPartOf\":{\"@id\":\"https:\\\/\\\/fundacioncajaruraldelsur.com\\\/#website\"},\"primaryImageOfPage\":{\"@id\":\"https:\\\/\\\/fundacioncajaruraldelsur.com\\\/fundacion-caja-rural-del-sur-presenta-en-sanlucar-de-barrameda-un-libro-sobre-el-papel-historico-de-la-condesa-de-lebrija\\\/#primaryimage\"},\"image\":{\"@id\":\"https:\\\/\\\/fundacioncajaruraldelsur.com\\\/fundacion-caja-rural-del-sur-presenta-en-sanlucar-de-barrameda-un-libro-sobre-el-papel-historico-de-la-condesa-de-lebrija\\\/#primaryimage\"},\"thumbnailUrl\":\"https:\\\/\\\/fundacioncajaruraldelsur.com\\\/wp-content\\\/uploads\\\/2023\\\/08\\\/IMG-20230825-WA0043-Ry3Kt0XoQbr3A5nGvGYavLJ-758x531@abc.jpg\",\"datePublished\":\"2023-08-25T12:02:35+00:00\",\"dateModified\":\"2023-08-26T07:16:30+00:00\",\"author\":{\"@id\":\"https:\\\/\\\/fundacioncajaruraldelsur.com\\\/#\\\/schema\\\/person\\\/f430da9fb783d505ff061ad8b3d44577\"},\"breadcrumb\":{\"@id\":\"https:\\\/\\\/fundacioncajaruraldelsur.com\\\/fundacion-caja-rural-del-sur-presenta-en-sanlucar-de-barrameda-un-libro-sobre-el-papel-historico-de-la-condesa-de-lebrija\\\/#breadcrumb\"},\"inLanguage\":\"pt-PT\",\"potentialAction\":[{\"@type\":\"ReadAction\",\"target\":[\"https:\\\/\\\/fundacioncajaruraldelsur.com\\\/fundacion-caja-rural-del-sur-presenta-en-sanlucar-de-barrameda-un-libro-sobre-el-papel-historico-de-la-condesa-de-lebrija\\\/\"]}]},{\"@type\":\"ImageObject\",\"inLanguage\":\"pt-PT\",\"@id\":\"https:\\\/\\\/fundacioncajaruraldelsur.com\\\/fundacion-caja-rural-del-sur-presenta-en-sanlucar-de-barrameda-un-libro-sobre-el-papel-historico-de-la-condesa-de-lebrija\\\/#primaryimage\",\"url\":\"https:\\\/\\\/fundacioncajaruraldelsur.com\\\/wp-content\\\/uploads\\\/2023\\\/08\\\/IMG-20230825-WA0043-Ry3Kt0XoQbr3A5nGvGYavLJ-758x531@abc.jpg\",\"contentUrl\":\"https:\\\/\\\/fundacioncajaruraldelsur.com\\\/wp-content\\\/uploads\\\/2023\\\/08\\\/IMG-20230825-WA0043-Ry3Kt0XoQbr3A5nGvGYavLJ-758x531@abc.jpg\",\"width\":758,\"height\":531},{\"@type\":\"BreadcrumbList\",\"@id\":\"https:\\\/\\\/fundacioncajaruraldelsur.com\\\/fundacion-caja-rural-del-sur-presenta-en-sanlucar-de-barrameda-un-libro-sobre-el-papel-historico-de-la-condesa-de-lebrija\\\/#breadcrumb\",\"itemListElement\":[{\"@type\":\"ListItem\",\"position\":1,\"name\":\"Portada\",\"item\":\"https:\\\/\\\/fundacioncajaruraldelsur.com\\\/\"},{\"@type\":\"ListItem\",\"position\":2,\"name\":\"Fundaci\u00f3n Caja Rural del Sur presenta en Sanl\u00facar de Barrameda un libro sobre el papel hist\u00f3rico de la Condesa de Lebrija, Regla Manj\u00f3n\"}]},{\"@type\":\"WebSite\",\"@id\":\"https:\\\/\\\/fundacioncajaruraldelsur.com\\\/#website\",\"url\":\"https:\\\/\\\/fundacioncajaruraldelsur.com\\\/\",\"name\":\"Fundaci\u00f3n Caja Rural del Sur\",\"description\":\"\",\"potentialAction\":[{\"@type\":\"SearchAction\",\"target\":{\"@type\":\"EntryPoint\",\"urlTemplate\":\"https:\\\/\\\/fundacioncajaruraldelsur.com\\\/?s={search_term_string}\"},\"query-input\":{\"@type\":\"PropertyValueSpecification\",\"valueRequired\":true,\"valueName\":\"search_term_string\"}}],\"inLanguage\":\"pt-PT\"},{\"@type\":\"Person\",\"@id\":\"https:\\\/\\\/fundacioncajaruraldelsur.com\\\/#\\\/schema\\\/person\\\/f430da9fb783d505ff061ad8b3d44577\",\"name\":\"Comunicaci\u00f3n\",\"image\":{\"@type\":\"ImageObject\",\"inLanguage\":\"pt-PT\",\"@id\":\"https:\\\/\\\/secure.gravatar.com\\\/avatar\\\/0dca239875993680bac4603ad2de7942da018f52cc3a244578e0b3b09314a8d8?s=96&d=blank&r=g\",\"url\":\"https:\\\/\\\/secure.gravatar.com\\\/avatar\\\/0dca239875993680bac4603ad2de7942da018f52cc3a244578e0b3b09314a8d8?s=96&d=blank&r=g\",\"contentUrl\":\"https:\\\/\\\/secure.gravatar.com\\\/avatar\\\/0dca239875993680bac4603ad2de7942da018f52cc3a244578e0b3b09314a8d8?s=96&d=blank&r=g\",\"caption\":\"Comunicaci\u00f3n\"}}]}<\/script>\n<!-- \/ Yoast SEO plugin. -->","yoast_head_json":{"title":"Fundaci\u00f3n Caja Rural del Sur presenta en Sanl\u00facar de Barrameda un libro sobre el papel hist\u00f3rico de la Condesa de Lebrija, Regla Manj\u00f3n - Fundaci\u00f3n Caja Rural del Sur","robots":{"index":"index","follow":"follow","max-snippet":"max-snippet:-1","max-image-preview":"max-image-preview:large","max-video-preview":"max-video-preview:-1"},"canonical":"https:\/\/fundacioncajaruraldelsur.com\/pt\/fundacion-caja-rural-del-sur-presenta-en-sanlucar-de-barrameda-un-libro-sobre-el-papel-historico-de-la-condesa-de-lebrija\/","og_locale":"pt_PT","og_type":"article","og_title":"Fundaci\u00f3n Caja Rural del Sur presenta en Sanl\u00facar de Barrameda un libro sobre el papel hist\u00f3rico de la Condesa de Lebrija, Regla Manj\u00f3n - Fundaci\u00f3n Caja Rural del Sur","og_description":"La Fundaci\u00f3n Caja Rural del Sur ha presentado este viernes, 25 de agosto, en Sanl\u00facar de Barrameda (C\u00e1diz) el libro &#8216;Regla Manj\u00f3n Mergelina, la Condesa de Lebrija. Arte. Filantrop\u00eda y [&hellip;]","og_url":"https:\/\/fundacioncajaruraldelsur.com\/pt\/fundacion-caja-rural-del-sur-presenta-en-sanlucar-de-barrameda-un-libro-sobre-el-papel-historico-de-la-condesa-de-lebrija\/","og_site_name":"Fundaci\u00f3n Caja Rural del Sur","article_published_time":"2023-08-25T12:02:35+00:00","article_modified_time":"2023-08-26T07:16:30+00:00","og_image":[{"width":758,"height":531,"url":"https:\/\/fundacioncajaruraldelsur.com\/wp-content\/uploads\/2023\/08\/IMG-20230825-WA0043-Ry3Kt0XoQbr3A5nGvGYavLJ-758x531@abc.jpg","type":"image\/jpeg"}],"author":"Comunicaci\u00f3n","twitter_card":"summary_large_image","twitter_misc":{"Written by":"Comunicaci\u00f3n","Est. reading time":"4 minutes"},"schema":{"@context":"https:\/\/schema.org","@graph":[{"@type":"Article","@id":"https:\/\/fundacioncajaruraldelsur.com\/fundacion-caja-rural-del-sur-presenta-en-sanlucar-de-barrameda-un-libro-sobre-el-papel-historico-de-la-condesa-de-lebrija\/#article","isPartOf":{"@id":"https:\/\/fundacioncajaruraldelsur.com\/fundacion-caja-rural-del-sur-presenta-en-sanlucar-de-barrameda-un-libro-sobre-el-papel-historico-de-la-condesa-de-lebrija\/"},"author":{"name":"Comunicaci\u00f3n","@id":"https:\/\/fundacioncajaruraldelsur.com\/#\/schema\/person\/f430da9fb783d505ff061ad8b3d44577"},"headline":"Fundaci\u00f3n Caja Rural del Sur presenta en Sanl\u00facar de Barrameda un libro sobre el papel hist\u00f3rico de la Condesa de Lebrija, Regla Manj\u00f3n","datePublished":"2023-08-25T12:02:35+00:00","dateModified":"2023-08-26T07:16:30+00:00","mainEntityOfPage":{"@id":"https:\/\/fundacioncajaruraldelsur.com\/fundacion-caja-rural-del-sur-presenta-en-sanlucar-de-barrameda-un-libro-sobre-el-papel-historico-de-la-condesa-de-lebrija\/"},"wordCount":831,"image":{"@id":"https:\/\/fundacioncajaruraldelsur.com\/fundacion-caja-rural-del-sur-presenta-en-sanlucar-de-barrameda-un-libro-sobre-el-papel-historico-de-la-condesa-de-lebrija\/#primaryimage"},"thumbnailUrl":"https:\/\/fundacioncajaruraldelsur.com\/wp-content\/uploads\/2023\/08\/IMG-20230825-WA0043-Ry3Kt0XoQbr3A5nGvGYavLJ-758x531@abc.jpg","articleSection":["Presentaciones"],"inLanguage":"pt-PT"},{"@type":"WebPage","@id":"https:\/\/fundacioncajaruraldelsur.com\/fundacion-caja-rural-del-sur-presenta-en-sanlucar-de-barrameda-un-libro-sobre-el-papel-historico-de-la-condesa-de-lebrija\/","url":"https:\/\/fundacioncajaruraldelsur.com\/fundacion-caja-rural-del-sur-presenta-en-sanlucar-de-barrameda-un-libro-sobre-el-papel-historico-de-la-condesa-de-lebrija\/","name":"Fundaci\u00f3n Caja Rural del Sur presenta en Sanl\u00facar de Barrameda un libro sobre el papel hist\u00f3rico de la Condesa de Lebrija, Regla Manj\u00f3n - Fundaci\u00f3n Caja Rural del Sur","isPartOf":{"@id":"https:\/\/fundacioncajaruraldelsur.com\/#website"},"primaryImageOfPage":{"@id":"https:\/\/fundacioncajaruraldelsur.com\/fundacion-caja-rural-del-sur-presenta-en-sanlucar-de-barrameda-un-libro-sobre-el-papel-historico-de-la-condesa-de-lebrija\/#primaryimage"},"image":{"@id":"https:\/\/fundacioncajaruraldelsur.com\/fundacion-caja-rural-del-sur-presenta-en-sanlucar-de-barrameda-un-libro-sobre-el-papel-historico-de-la-condesa-de-lebrija\/#primaryimage"},"thumbnailUrl":"https:\/\/fundacioncajaruraldelsur.com\/wp-content\/uploads\/2023\/08\/IMG-20230825-WA0043-Ry3Kt0XoQbr3A5nGvGYavLJ-758x531@abc.jpg","datePublished":"2023-08-25T12:02:35+00:00","dateModified":"2023-08-26T07:16:30+00:00","author":{"@id":"https:\/\/fundacioncajaruraldelsur.com\/#\/schema\/person\/f430da9fb783d505ff061ad8b3d44577"},"breadcrumb":{"@id":"https:\/\/fundacioncajaruraldelsur.com\/fundacion-caja-rural-del-sur-presenta-en-sanlucar-de-barrameda-un-libro-sobre-el-papel-historico-de-la-condesa-de-lebrija\/#breadcrumb"},"inLanguage":"pt-PT","potentialAction":[{"@type":"ReadAction","target":["https:\/\/fundacioncajaruraldelsur.com\/fundacion-caja-rural-del-sur-presenta-en-sanlucar-de-barrameda-un-libro-sobre-el-papel-historico-de-la-condesa-de-lebrija\/"]}]},{"@type":"ImageObject","inLanguage":"pt-PT","@id":"https:\/\/fundacioncajaruraldelsur.com\/fundacion-caja-rural-del-sur-presenta-en-sanlucar-de-barrameda-un-libro-sobre-el-papel-historico-de-la-condesa-de-lebrija\/#primaryimage","url":"https:\/\/fundacioncajaruraldelsur.com\/wp-content\/uploads\/2023\/08\/IMG-20230825-WA0043-Ry3Kt0XoQbr3A5nGvGYavLJ-758x531@abc.jpg","contentUrl":"https:\/\/fundacioncajaruraldelsur.com\/wp-content\/uploads\/2023\/08\/IMG-20230825-WA0043-Ry3Kt0XoQbr3A5nGvGYavLJ-758x531@abc.jpg","width":758,"height":531},{"@type":"BreadcrumbList","@id":"https:\/\/fundacioncajaruraldelsur.com\/fundacion-caja-rural-del-sur-presenta-en-sanlucar-de-barrameda-un-libro-sobre-el-papel-historico-de-la-condesa-de-lebrija\/#breadcrumb","itemListElement":[{"@type":"ListItem","position":1,"name":"Portada","item":"https:\/\/fundacioncajaruraldelsur.com\/"},{"@type":"ListItem","position":2,"name":"Fundaci\u00f3n Caja Rural del Sur presenta en Sanl\u00facar de Barrameda un libro sobre el papel hist\u00f3rico de la Condesa de Lebrija, Regla Manj\u00f3n"}]},{"@type":"WebSite","@id":"https:\/\/fundacioncajaruraldelsur.com\/#website","url":"https:\/\/fundacioncajaruraldelsur.com\/","name":"Funda\u00e7\u00e3o Caja Rural del Sur","description":"","potentialAction":[{"@type":"SearchAction","target":{"@type":"EntryPoint","urlTemplate":"https:\/\/fundacioncajaruraldelsur.com\/?s={search_term_string}"},"query-input":{"@type":"PropertyValueSpecification","valueRequired":true,"valueName":"search_term_string"}}],"inLanguage":"pt-PT"},{"@type":"Person","@id":"https:\/\/fundacioncajaruraldelsur.com\/#\/schema\/person\/f430da9fb783d505ff061ad8b3d44577","name":"Comunicaci\u00f3n","image":{"@type":"ImageObject","inLanguage":"pt-PT","@id":"https:\/\/secure.gravatar.com\/avatar\/0dca239875993680bac4603ad2de7942da018f52cc3a244578e0b3b09314a8d8?s=96&d=blank&r=g","url":"https:\/\/secure.gravatar.com\/avatar\/0dca239875993680bac4603ad2de7942da018f52cc3a244578e0b3b09314a8d8?s=96&d=blank&r=g","contentUrl":"https:\/\/secure.gravatar.com\/avatar\/0dca239875993680bac4603ad2de7942da018f52cc3a244578e0b3b09314a8d8?s=96&d=blank&r=g","caption":"Comunicaci\u00f3n"}}]}},"rttpg_featured_image_url":{"full":["https:\/\/fundacioncajaruraldelsur.com\/wp-content\/uploads\/2023\/08\/IMG-20230825-WA0043-Ry3Kt0XoQbr3A5nGvGYavLJ-758x531@abc.jpg",758,531,false],"landscape":["https:\/\/fundacioncajaruraldelsur.com\/wp-content\/uploads\/2023\/08\/IMG-20230825-WA0043-Ry3Kt0XoQbr3A5nGvGYavLJ-758x531@abc.jpg",758,531,false],"portraits":["https:\/\/fundacioncajaruraldelsur.com\/wp-content\/uploads\/2023\/08\/IMG-20230825-WA0043-Ry3Kt0XoQbr3A5nGvGYavLJ-758x531@abc.jpg",758,531,false],"thumbnail":["https:\/\/fundacioncajaruraldelsur.com\/wp-content\/uploads\/2023\/08\/IMG-20230825-WA0043-Ry3Kt0XoQbr3A5nGvGYavLJ-758x531@abc-150x150.jpg",150,150,true],"medium":["https:\/\/fundacioncajaruraldelsur.com\/wp-content\/uploads\/2023\/08\/IMG-20230825-WA0043-Ry3Kt0XoQbr3A5nGvGYavLJ-758x531@abc-300x210.jpg",300,210,true],"large":["https:\/\/fundacioncajaruraldelsur.com\/wp-content\/uploads\/2023\/08\/IMG-20230825-WA0043-Ry3Kt0XoQbr3A5nGvGYavLJ-758x531@abc.jpg",758,531,false],"1536x1536":["https:\/\/fundacioncajaruraldelsur.com\/wp-content\/uploads\/2023\/08\/IMG-20230825-WA0043-Ry3Kt0XoQbr3A5nGvGYavLJ-758x531@abc.jpg",758,531,false],"2048x2048":["https:\/\/fundacioncajaruraldelsur.com\/wp-content\/uploads\/2023\/08\/IMG-20230825-WA0043-Ry3Kt0XoQbr3A5nGvGYavLJ-758x531@abc.jpg",758,531,false],"trp-custom-language-flag":["https:\/\/fundacioncajaruraldelsur.com\/wp-content\/uploads\/2023\/08\/IMG-20230825-WA0043-Ry3Kt0XoQbr3A5nGvGYavLJ-758x531@abc.jpg",18,12,false],"blog-thumbnail":["https:\/\/fundacioncajaruraldelsur.com\/wp-content\/uploads\/2023\/08\/IMG-20230825-WA0043-Ry3Kt0XoQbr3A5nGvGYavLJ-758x531@abc-400x200.jpg",400,200,true]},"rttpg_author":{"display_name":"Comunicaci\u00f3n","author_link":"https:\/\/fundacioncajaruraldelsur.com\/pt\/author\/sevillaadmin\/"},"rttpg_comment":0,"rttpg_category":"<a href=\"https:\/\/fundacioncajaruraldelsur.com\/pt\/category\/presentaciones\/\" rel=\"category tag\">Presentaciones<\/a>","rttpg_excerpt":"La Fundaci\u00f3n Caja Rural del Sur ha presentado este viernes, 25 de agosto, en Sanl\u00facar de Barrameda (C\u00e1diz) el libro &#8216;Regla Manj\u00f3n Mergelina, la Condesa de Lebrija. Arte. Filantrop\u00eda y [&hellip;]","_links":{"self":[{"href":"https:\/\/fundacioncajaruraldelsur.com\/pt\/wp-json\/wp\/v2\/posts\/9110","targetHints":{"allow":["GET"]}}],"collection":[{"href":"https:\/\/fundacioncajaruraldelsur.com\/pt\/wp-json\/wp\/v2\/posts"}],"about":[{"href":"https:\/\/fundacioncajaruraldelsur.com\/pt\/wp-json\/wp\/v2\/types\/post"}],"author":[{"embeddable":true,"href":"https:\/\/fundacioncajaruraldelsur.com\/pt\/wp-json\/wp\/v2\/users\/6"}],"replies":[{"embeddable":true,"href":"https:\/\/fundacioncajaruraldelsur.com\/pt\/wp-json\/wp\/v2\/comments?post=9110"}],"version-history":[{"count":4,"href":"https:\/\/fundacioncajaruraldelsur.com\/pt\/wp-json\/wp\/v2\/posts\/9110\/revisions"}],"predecessor-version":[{"id":9117,"href":"https:\/\/fundacioncajaruraldelsur.com\/pt\/wp-json\/wp\/v2\/posts\/9110\/revisions\/9117"}],"wp:featuredmedia":[{"embeddable":true,"href":"https:\/\/fundacioncajaruraldelsur.com\/pt\/wp-json\/wp\/v2\/media\/9116"}],"wp:attachment":[{"href":"https:\/\/fundacioncajaruraldelsur.com\/pt\/wp-json\/wp\/v2\/media?parent=9110"}],"wp:term":[{"taxonomy":"category","embeddable":true,"href":"https:\/\/fundacioncajaruraldelsur.com\/pt\/wp-json\/wp\/v2\/categories?post=9110"},{"taxonomy":"post_tag","embeddable":true,"href":"https:\/\/fundacioncajaruraldelsur.com\/pt\/wp-json\/wp\/v2\/tags?post=9110"}],"curies":[{"name":"wp","href":"https:\/\/api.w.org\/{rel}","templated":true}]}}