{"id":9106,"date":"2023-08-02T07:00:25","date_gmt":"2023-08-02T06:00:25","guid":{"rendered":"\/?p=9106"},"modified":"2023-07-31T21:16:46","modified_gmt":"2023-07-31T20:16:46","slug":"la-fundacion-caja-rural-del-sur-patrocinara-los-premios-cordoba-de-arte-flamenco-de-la-catedra-de-flamencologia","status":"publish","type":"post","link":"https:\/\/fundacioncajaruraldelsur.com\/pt\/la-fundacion-caja-rural-del-sur-patrocinara-los-premios-cordoba-de-arte-flamenco-de-la-catedra-de-flamencologia\/","title":{"rendered":"La Fundaci\u00f3n Caja Rural del Sur patrocinar\u00e1 los Premios C\u00f3rdoba de Arte Flamenco de la C\u00e1tedra de Flamencolog\u00eda"},"content":{"rendered":"<p>La Fundaci\u00f3n Caja Rural del Sur patrocinar\u00e1 la primera edici\u00f3n de los Premios C\u00f3rdoba de Arte Flamenco de la C\u00e1tedra de Flamencolog\u00eda de la Universidad de C\u00f3rdoba. As\u00ed lo han acordado las dos instituciones mediante un convenio espec\u00edfico rubricado por el rector de la UCO, Manuel Torralbo Rodr\u00edguez, y el vicepresidente de la Fundaci\u00f3n Caja Rural del Sur, Ricardo L\u00f3pez-Crespo Delgado. A la firma del convenio asisti\u00f3 adem\u00e1s, Mar\u00eda Dolores Moreno de la Fundaci\u00f3n de la entidad en C\u00f3rdoba.<\/p>\n<p>Este premio tiene como objeto reconocer a aquellas personas o entidades p\u00fablicas o privadas destacadas en el \u00e1mbito de la investigaci\u00f3n, promoci\u00f3n, estudio y difusi\u00f3n del arte flamenco. Para ello, se establecer\u00e1n cinco premios anuales que tendr\u00e1n car\u00e1cter internacional: tres en la categor\u00eda Premio C\u00f3rdoba de Arte Flamenco <em>Docentia<\/em> al cante, toque y baile; y dos en la categor\u00eda Premio C\u00f3rdoba de Arte Flamenco <em>Scientia<\/em> a la investigaci\u00f3n y a la divulgaci\u00f3n. La Fundaci\u00f3n aportar\u00e1 seis mil euros para el patrocinio de estos galardones.<\/p>\n<p>La ciudadan\u00eda podr\u00e1 proponer sus candidaturas a la C\u00e1tedra de Flamencolog\u00eda de la UCO. El comit\u00e9 de selecci\u00f3n estar\u00e1 formado por seis miembros, incluidos el rector y el director de la C\u00e1tedra, junto a otro representante de la UCO, y otros tantos de la Fundaci\u00f3n Caja Rural del Sur, Ayuntamiento y Diputaci\u00f3n.<\/p>\n<p>El convenio tendr\u00e1 una vigencia de un a\u00f1o, pudiendo ser prorrogado por otros tres a\u00f1os adicionales.<\/p>","protected":false},"excerpt":{"rendered":"<p>La Fundaci\u00f3n Caja Rural del Sur patrocinar\u00e1 la primera edici\u00f3n de los Premios C\u00f3rdoba de Arte Flamenco de la C\u00e1tedra de Flamencolog\u00eda de la Universidad de C\u00f3rdoba. As\u00ed lo han [&hellip;]<\/p>\n","protected":false},"author":6,"featured_media":9107,"comment_status":"closed","ping_status":"closed","sticky":false,"template":"","format":"standard","meta":{"footnotes":""},"categories":[67],"tags":[],"class_list":["post-9106","post","type-post","status-publish","format-standard","has-post-thumbnail","hentry","category-convenios"],"yoast_head":"<!-- This site is optimized with the Yoast SEO plugin v27.3 - https:\/\/yoast.com\/product\/yoast-seo-wordpress\/ -->\n<title>La Fundaci\u00f3n Caja Rural del Sur patrocinar\u00e1 los Premios C\u00f3rdoba de Arte Flamenco de la C\u00e1tedra de Flamencolog\u00eda - Fundaci\u00f3n Caja Rural del Sur<\/title>\n<meta name=\"robots\" content=\"index, follow, max-snippet:-1, max-image-preview:large, max-video-preview:-1\" \/>\n<link rel=\"canonical\" href=\"https:\/\/fundacioncajaruraldelsur.com\/pt\/la-fundacion-caja-rural-del-sur-patrocinara-los-premios-cordoba-de-arte-flamenco-de-la-catedra-de-flamencologia\/\" \/>\n<meta property=\"og:locale\" content=\"pt_PT\" \/>\n<meta property=\"og:type\" content=\"article\" \/>\n<meta property=\"og:title\" content=\"La Fundaci\u00f3n Caja Rural del Sur patrocinar\u00e1 los Premios C\u00f3rdoba de Arte Flamenco de la C\u00e1tedra de Flamencolog\u00eda - Fundaci\u00f3n Caja Rural del Sur\" \/>\n<meta property=\"og:description\" content=\"La Fundaci\u00f3n Caja Rural del Sur patrocinar\u00e1 la primera edici\u00f3n de los Premios C\u00f3rdoba de Arte Flamenco de la C\u00e1tedra de Flamencolog\u00eda de la Universidad de C\u00f3rdoba. As\u00ed lo han [&hellip;]\" \/>\n<meta property=\"og:url\" content=\"https:\/\/fundacioncajaruraldelsur.com\/pt\/la-fundacion-caja-rural-del-sur-patrocinara-los-premios-cordoba-de-arte-flamenco-de-la-catedra-de-flamencologia\/\" \/>\n<meta property=\"og:site_name\" content=\"Fundaci\u00f3n Caja Rural del Sur\" \/>\n<meta property=\"article:published_time\" content=\"2023-08-02T06:00:25+00:00\" \/>\n<meta property=\"og:image\" content=\"https:\/\/fundacioncajaruraldelsur.com\/wp-content\/uploads\/2023\/07\/SM__0566-1.jpg\" \/>\n\t<meta property=\"og:image:width\" content=\"925\" \/>\n\t<meta property=\"og:image:height\" content=\"616\" \/>\n\t<meta property=\"og:image:type\" content=\"image\/jpeg\" \/>\n<meta name=\"author\" content=\"Comunicaci\u00f3n\" \/>\n<meta name=\"twitter:card\" content=\"summary_large_image\" \/>\n<meta name=\"twitter:label1\" content=\"Written by\" \/>\n\t<meta name=\"twitter:data1\" content=\"Comunicaci\u00f3n\" \/>\n\t<meta name=\"twitter:label2\" content=\"Est. reading time\" \/>\n\t<meta name=\"twitter:data2\" content=\"2 minutes\" \/>\n<script type=\"application\/ld+json\" class=\"yoast-schema-graph\">{\"@context\":\"https:\\\/\\\/schema.org\",\"@graph\":[{\"@type\":\"Article\",\"@id\":\"https:\\\/\\\/fundacioncajaruraldelsur.com\\\/la-fundacion-caja-rural-del-sur-patrocinara-los-premios-cordoba-de-arte-flamenco-de-la-catedra-de-flamencologia\\\/#article\",\"isPartOf\":{\"@id\":\"https:\\\/\\\/fundacioncajaruraldelsur.com\\\/la-fundacion-caja-rural-del-sur-patrocinara-los-premios-cordoba-de-arte-flamenco-de-la-catedra-de-flamencologia\\\/\"},\"author\":{\"name\":\"Comunicaci\u00f3n\",\"@id\":\"https:\\\/\\\/fundacioncajaruraldelsur.com\\\/#\\\/schema\\\/person\\\/f430da9fb783d505ff061ad8b3d44577\"},\"headline\":\"La Fundaci\u00f3n Caja Rural del Sur patrocinar\u00e1 los Premios C\u00f3rdoba de Arte Flamenco de la C\u00e1tedra de Flamencolog\u00eda\",\"datePublished\":\"2023-08-02T06:00:25+00:00\",\"mainEntityOfPage\":{\"@id\":\"https:\\\/\\\/fundacioncajaruraldelsur.com\\\/la-fundacion-caja-rural-del-sur-patrocinara-los-premios-cordoba-de-arte-flamenco-de-la-catedra-de-flamencologia\\\/\"},\"wordCount\":290,\"image\":{\"@id\":\"https:\\\/\\\/fundacioncajaruraldelsur.com\\\/la-fundacion-caja-rural-del-sur-patrocinara-los-premios-cordoba-de-arte-flamenco-de-la-catedra-de-flamencologia\\\/#primaryimage\"},\"thumbnailUrl\":\"https:\\\/\\\/fundacioncajaruraldelsur.com\\\/wp-content\\\/uploads\\\/2023\\\/07\\\/SM__0566-1.jpg\",\"articleSection\":[\"Convenios\"],\"inLanguage\":\"pt-PT\"},{\"@type\":\"WebPage\",\"@id\":\"https:\\\/\\\/fundacioncajaruraldelsur.com\\\/la-fundacion-caja-rural-del-sur-patrocinara-los-premios-cordoba-de-arte-flamenco-de-la-catedra-de-flamencologia\\\/\",\"url\":\"https:\\\/\\\/fundacioncajaruraldelsur.com\\\/la-fundacion-caja-rural-del-sur-patrocinara-los-premios-cordoba-de-arte-flamenco-de-la-catedra-de-flamencologia\\\/\",\"name\":\"La Fundaci\u00f3n Caja Rural del Sur patrocinar\u00e1 los Premios C\u00f3rdoba de Arte Flamenco de la C\u00e1tedra de Flamencolog\u00eda - Fundaci\u00f3n Caja Rural del Sur\",\"isPartOf\":{\"@id\":\"https:\\\/\\\/fundacioncajaruraldelsur.com\\\/#website\"},\"primaryImageOfPage\":{\"@id\":\"https:\\\/\\\/fundacioncajaruraldelsur.com\\\/la-fundacion-caja-rural-del-sur-patrocinara-los-premios-cordoba-de-arte-flamenco-de-la-catedra-de-flamencologia\\\/#primaryimage\"},\"image\":{\"@id\":\"https:\\\/\\\/fundacioncajaruraldelsur.com\\\/la-fundacion-caja-rural-del-sur-patrocinara-los-premios-cordoba-de-arte-flamenco-de-la-catedra-de-flamencologia\\\/#primaryimage\"},\"thumbnailUrl\":\"https:\\\/\\\/fundacioncajaruraldelsur.com\\\/wp-content\\\/uploads\\\/2023\\\/07\\\/SM__0566-1.jpg\",\"datePublished\":\"2023-08-02T06:00:25+00:00\",\"author\":{\"@id\":\"https:\\\/\\\/fundacioncajaruraldelsur.com\\\/#\\\/schema\\\/person\\\/f430da9fb783d505ff061ad8b3d44577\"},\"breadcrumb\":{\"@id\":\"https:\\\/\\\/fundacioncajaruraldelsur.com\\\/la-fundacion-caja-rural-del-sur-patrocinara-los-premios-cordoba-de-arte-flamenco-de-la-catedra-de-flamencologia\\\/#breadcrumb\"},\"inLanguage\":\"pt-PT\",\"potentialAction\":[{\"@type\":\"ReadAction\",\"target\":[\"https:\\\/\\\/fundacioncajaruraldelsur.com\\\/la-fundacion-caja-rural-del-sur-patrocinara-los-premios-cordoba-de-arte-flamenco-de-la-catedra-de-flamencologia\\\/\"]}]},{\"@type\":\"ImageObject\",\"inLanguage\":\"pt-PT\",\"@id\":\"https:\\\/\\\/fundacioncajaruraldelsur.com\\\/la-fundacion-caja-rural-del-sur-patrocinara-los-premios-cordoba-de-arte-flamenco-de-la-catedra-de-flamencologia\\\/#primaryimage\",\"url\":\"https:\\\/\\\/fundacioncajaruraldelsur.com\\\/wp-content\\\/uploads\\\/2023\\\/07\\\/SM__0566-1.jpg\",\"contentUrl\":\"https:\\\/\\\/fundacioncajaruraldelsur.com\\\/wp-content\\\/uploads\\\/2023\\\/07\\\/SM__0566-1.jpg\",\"width\":925,\"height\":616},{\"@type\":\"BreadcrumbList\",\"@id\":\"https:\\\/\\\/fundacioncajaruraldelsur.com\\\/la-fundacion-caja-rural-del-sur-patrocinara-los-premios-cordoba-de-arte-flamenco-de-la-catedra-de-flamencologia\\\/#breadcrumb\",\"itemListElement\":[{\"@type\":\"ListItem\",\"position\":1,\"name\":\"Portada\",\"item\":\"https:\\\/\\\/fundacioncajaruraldelsur.com\\\/\"},{\"@type\":\"ListItem\",\"position\":2,\"name\":\"La Fundaci\u00f3n Caja Rural del Sur patrocinar\u00e1 los Premios C\u00f3rdoba de Arte Flamenco de la C\u00e1tedra de Flamencolog\u00eda\"}]},{\"@type\":\"WebSite\",\"@id\":\"https:\\\/\\\/fundacioncajaruraldelsur.com\\\/#website\",\"url\":\"https:\\\/\\\/fundacioncajaruraldelsur.com\\\/\",\"name\":\"Fundaci\u00f3n Caja Rural del Sur\",\"description\":\"\",\"potentialAction\":[{\"@type\":\"SearchAction\",\"target\":{\"@type\":\"EntryPoint\",\"urlTemplate\":\"https:\\\/\\\/fundacioncajaruraldelsur.com\\\/?s={search_term_string}\"},\"query-input\":{\"@type\":\"PropertyValueSpecification\",\"valueRequired\":true,\"valueName\":\"search_term_string\"}}],\"inLanguage\":\"pt-PT\"},{\"@type\":\"Person\",\"@id\":\"https:\\\/\\\/fundacioncajaruraldelsur.com\\\/#\\\/schema\\\/person\\\/f430da9fb783d505ff061ad8b3d44577\",\"name\":\"Comunicaci\u00f3n\",\"image\":{\"@type\":\"ImageObject\",\"inLanguage\":\"pt-PT\",\"@id\":\"https:\\\/\\\/secure.gravatar.com\\\/avatar\\\/0dca239875993680bac4603ad2de7942da018f52cc3a244578e0b3b09314a8d8?s=96&d=blank&r=g\",\"url\":\"https:\\\/\\\/secure.gravatar.com\\\/avatar\\\/0dca239875993680bac4603ad2de7942da018f52cc3a244578e0b3b09314a8d8?s=96&d=blank&r=g\",\"contentUrl\":\"https:\\\/\\\/secure.gravatar.com\\\/avatar\\\/0dca239875993680bac4603ad2de7942da018f52cc3a244578e0b3b09314a8d8?s=96&d=blank&r=g\",\"caption\":\"Comunicaci\u00f3n\"}}]}<\/script>\n<!-- \/ Yoast SEO plugin. -->","yoast_head_json":{"title":"La Fundaci\u00f3n Caja Rural del Sur patrocinar\u00e1 los Premios C\u00f3rdoba de Arte Flamenco de la C\u00e1tedra de Flamencolog\u00eda - Fundaci\u00f3n Caja Rural del Sur","robots":{"index":"index","follow":"follow","max-snippet":"max-snippet:-1","max-image-preview":"max-image-preview:large","max-video-preview":"max-video-preview:-1"},"canonical":"https:\/\/fundacioncajaruraldelsur.com\/pt\/la-fundacion-caja-rural-del-sur-patrocinara-los-premios-cordoba-de-arte-flamenco-de-la-catedra-de-flamencologia\/","og_locale":"pt_PT","og_type":"article","og_title":"La Fundaci\u00f3n Caja Rural del Sur patrocinar\u00e1 los Premios C\u00f3rdoba de Arte Flamenco de la C\u00e1tedra de Flamencolog\u00eda - Fundaci\u00f3n Caja Rural del Sur","og_description":"La Fundaci\u00f3n Caja Rural del Sur patrocinar\u00e1 la primera edici\u00f3n de los Premios C\u00f3rdoba de Arte Flamenco de la C\u00e1tedra de Flamencolog\u00eda de la Universidad de C\u00f3rdoba. As\u00ed lo han [&hellip;]","og_url":"https:\/\/fundacioncajaruraldelsur.com\/pt\/la-fundacion-caja-rural-del-sur-patrocinara-los-premios-cordoba-de-arte-flamenco-de-la-catedra-de-flamencologia\/","og_site_name":"Fundaci\u00f3n Caja Rural del Sur","article_published_time":"2023-08-02T06:00:25+00:00","og_image":[{"width":925,"height":616,"url":"https:\/\/fundacioncajaruraldelsur.com\/wp-content\/uploads\/2023\/07\/SM__0566-1.jpg","type":"image\/jpeg"}],"author":"Comunicaci\u00f3n","twitter_card":"summary_large_image","twitter_misc":{"Written by":"Comunicaci\u00f3n","Est. reading time":"2 minutes"},"schema":{"@context":"https:\/\/schema.org","@graph":[{"@type":"Article","@id":"https:\/\/fundacioncajaruraldelsur.com\/la-fundacion-caja-rural-del-sur-patrocinara-los-premios-cordoba-de-arte-flamenco-de-la-catedra-de-flamencologia\/#article","isPartOf":{"@id":"https:\/\/fundacioncajaruraldelsur.com\/la-fundacion-caja-rural-del-sur-patrocinara-los-premios-cordoba-de-arte-flamenco-de-la-catedra-de-flamencologia\/"},"author":{"name":"Comunicaci\u00f3n","@id":"https:\/\/fundacioncajaruraldelsur.com\/#\/schema\/person\/f430da9fb783d505ff061ad8b3d44577"},"headline":"La Fundaci\u00f3n Caja Rural del Sur patrocinar\u00e1 los Premios C\u00f3rdoba de Arte Flamenco de la C\u00e1tedra de Flamencolog\u00eda","datePublished":"2023-08-02T06:00:25+00:00","mainEntityOfPage":{"@id":"https:\/\/fundacioncajaruraldelsur.com\/la-fundacion-caja-rural-del-sur-patrocinara-los-premios-cordoba-de-arte-flamenco-de-la-catedra-de-flamencologia\/"},"wordCount":290,"image":{"@id":"https:\/\/fundacioncajaruraldelsur.com\/la-fundacion-caja-rural-del-sur-patrocinara-los-premios-cordoba-de-arte-flamenco-de-la-catedra-de-flamencologia\/#primaryimage"},"thumbnailUrl":"https:\/\/fundacioncajaruraldelsur.com\/wp-content\/uploads\/2023\/07\/SM__0566-1.jpg","articleSection":["Convenios"],"inLanguage":"pt-PT"},{"@type":"WebPage","@id":"https:\/\/fundacioncajaruraldelsur.com\/la-fundacion-caja-rural-del-sur-patrocinara-los-premios-cordoba-de-arte-flamenco-de-la-catedra-de-flamencologia\/","url":"https:\/\/fundacioncajaruraldelsur.com\/la-fundacion-caja-rural-del-sur-patrocinara-los-premios-cordoba-de-arte-flamenco-de-la-catedra-de-flamencologia\/","name":"La Fundaci\u00f3n Caja Rural del Sur patrocinar\u00e1 los Premios C\u00f3rdoba de Arte Flamenco de la C\u00e1tedra de Flamencolog\u00eda - Fundaci\u00f3n Caja Rural del Sur","isPartOf":{"@id":"https:\/\/fundacioncajaruraldelsur.com\/#website"},"primaryImageOfPage":{"@id":"https:\/\/fundacioncajaruraldelsur.com\/la-fundacion-caja-rural-del-sur-patrocinara-los-premios-cordoba-de-arte-flamenco-de-la-catedra-de-flamencologia\/#primaryimage"},"image":{"@id":"https:\/\/fundacioncajaruraldelsur.com\/la-fundacion-caja-rural-del-sur-patrocinara-los-premios-cordoba-de-arte-flamenco-de-la-catedra-de-flamencologia\/#primaryimage"},"thumbnailUrl":"https:\/\/fundacioncajaruraldelsur.com\/wp-content\/uploads\/2023\/07\/SM__0566-1.jpg","datePublished":"2023-08-02T06:00:25+00:00","author":{"@id":"https:\/\/fundacioncajaruraldelsur.com\/#\/schema\/person\/f430da9fb783d505ff061ad8b3d44577"},"breadcrumb":{"@id":"https:\/\/fundacioncajaruraldelsur.com\/la-fundacion-caja-rural-del-sur-patrocinara-los-premios-cordoba-de-arte-flamenco-de-la-catedra-de-flamencologia\/#breadcrumb"},"inLanguage":"pt-PT","potentialAction":[{"@type":"ReadAction","target":["https:\/\/fundacioncajaruraldelsur.com\/la-fundacion-caja-rural-del-sur-patrocinara-los-premios-cordoba-de-arte-flamenco-de-la-catedra-de-flamencologia\/"]}]},{"@type":"ImageObject","inLanguage":"pt-PT","@id":"https:\/\/fundacioncajaruraldelsur.com\/la-fundacion-caja-rural-del-sur-patrocinara-los-premios-cordoba-de-arte-flamenco-de-la-catedra-de-flamencologia\/#primaryimage","url":"https:\/\/fundacioncajaruraldelsur.com\/wp-content\/uploads\/2023\/07\/SM__0566-1.jpg","contentUrl":"https:\/\/fundacioncajaruraldelsur.com\/wp-content\/uploads\/2023\/07\/SM__0566-1.jpg","width":925,"height":616},{"@type":"BreadcrumbList","@id":"https:\/\/fundacioncajaruraldelsur.com\/la-fundacion-caja-rural-del-sur-patrocinara-los-premios-cordoba-de-arte-flamenco-de-la-catedra-de-flamencologia\/#breadcrumb","itemListElement":[{"@type":"ListItem","position":1,"name":"Portada","item":"https:\/\/fundacioncajaruraldelsur.com\/"},{"@type":"ListItem","position":2,"name":"La Fundaci\u00f3n Caja Rural del Sur patrocinar\u00e1 los Premios C\u00f3rdoba de Arte Flamenco de la C\u00e1tedra de Flamencolog\u00eda"}]},{"@type":"WebSite","@id":"https:\/\/fundacioncajaruraldelsur.com\/#website","url":"https:\/\/fundacioncajaruraldelsur.com\/","name":"Funda\u00e7\u00e3o Caja Rural del Sur","description":"","potentialAction":[{"@type":"SearchAction","target":{"@type":"EntryPoint","urlTemplate":"https:\/\/fundacioncajaruraldelsur.com\/?s={search_term_string}"},"query-input":{"@type":"PropertyValueSpecification","valueRequired":true,"valueName":"search_term_string"}}],"inLanguage":"pt-PT"},{"@type":"Person","@id":"https:\/\/fundacioncajaruraldelsur.com\/#\/schema\/person\/f430da9fb783d505ff061ad8b3d44577","name":"Comunicaci\u00f3n","image":{"@type":"ImageObject","inLanguage":"pt-PT","@id":"https:\/\/secure.gravatar.com\/avatar\/0dca239875993680bac4603ad2de7942da018f52cc3a244578e0b3b09314a8d8?s=96&d=blank&r=g","url":"https:\/\/secure.gravatar.com\/avatar\/0dca239875993680bac4603ad2de7942da018f52cc3a244578e0b3b09314a8d8?s=96&d=blank&r=g","contentUrl":"https:\/\/secure.gravatar.com\/avatar\/0dca239875993680bac4603ad2de7942da018f52cc3a244578e0b3b09314a8d8?s=96&d=blank&r=g","caption":"Comunicaci\u00f3n"}}]}},"rttpg_featured_image_url":{"full":["https:\/\/fundacioncajaruraldelsur.com\/wp-content\/uploads\/2023\/07\/SM__0566-1.jpg",925,616,false],"landscape":["https:\/\/fundacioncajaruraldelsur.com\/wp-content\/uploads\/2023\/07\/SM__0566-1.jpg",925,616,false],"portraits":["https:\/\/fundacioncajaruraldelsur.com\/wp-content\/uploads\/2023\/07\/SM__0566-1.jpg",925,616,false],"thumbnail":["https:\/\/fundacioncajaruraldelsur.com\/wp-content\/uploads\/2023\/07\/SM__0566-1-150x150.jpg",150,150,true],"medium":["https:\/\/fundacioncajaruraldelsur.com\/wp-content\/uploads\/2023\/07\/SM__0566-1-300x200.jpg",300,200,true],"large":["https:\/\/fundacioncajaruraldelsur.com\/wp-content\/uploads\/2023\/07\/SM__0566-1.jpg",925,616,false],"1536x1536":["https:\/\/fundacioncajaruraldelsur.com\/wp-content\/uploads\/2023\/07\/SM__0566-1.jpg",925,616,false],"2048x2048":["https:\/\/fundacioncajaruraldelsur.com\/wp-content\/uploads\/2023\/07\/SM__0566-1.jpg",925,616,false],"trp-custom-language-flag":["https:\/\/fundacioncajaruraldelsur.com\/wp-content\/uploads\/2023\/07\/SM__0566-1.jpg",18,12,false],"blog-thumbnail":["https:\/\/fundacioncajaruraldelsur.com\/wp-content\/uploads\/2023\/07\/SM__0566-1-400x200.jpg",400,200,true]},"rttpg_author":{"display_name":"Comunicaci\u00f3n","author_link":"https:\/\/fundacioncajaruraldelsur.com\/pt\/author\/sevillaadmin\/"},"rttpg_comment":0,"rttpg_category":"<a href=\"https:\/\/fundacioncajaruraldelsur.com\/pt\/category\/convenios\/\" rel=\"category tag\">Convenios<\/a>","rttpg_excerpt":"La Fundaci\u00f3n Caja Rural del Sur patrocinar\u00e1 la primera edici\u00f3n de los Premios C\u00f3rdoba de Arte Flamenco de la C\u00e1tedra de Flamencolog\u00eda de la Universidad de C\u00f3rdoba. As\u00ed lo han [&hellip;]","_links":{"self":[{"href":"https:\/\/fundacioncajaruraldelsur.com\/pt\/wp-json\/wp\/v2\/posts\/9106","targetHints":{"allow":["GET"]}}],"collection":[{"href":"https:\/\/fundacioncajaruraldelsur.com\/pt\/wp-json\/wp\/v2\/posts"}],"about":[{"href":"https:\/\/fundacioncajaruraldelsur.com\/pt\/wp-json\/wp\/v2\/types\/post"}],"author":[{"embeddable":true,"href":"https:\/\/fundacioncajaruraldelsur.com\/pt\/wp-json\/wp\/v2\/users\/6"}],"replies":[{"embeddable":true,"href":"https:\/\/fundacioncajaruraldelsur.com\/pt\/wp-json\/wp\/v2\/comments?post=9106"}],"version-history":[{"count":1,"href":"https:\/\/fundacioncajaruraldelsur.com\/pt\/wp-json\/wp\/v2\/posts\/9106\/revisions"}],"predecessor-version":[{"id":9108,"href":"https:\/\/fundacioncajaruraldelsur.com\/pt\/wp-json\/wp\/v2\/posts\/9106\/revisions\/9108"}],"wp:featuredmedia":[{"embeddable":true,"href":"https:\/\/fundacioncajaruraldelsur.com\/pt\/wp-json\/wp\/v2\/media\/9107"}],"wp:attachment":[{"href":"https:\/\/fundacioncajaruraldelsur.com\/pt\/wp-json\/wp\/v2\/media?parent=9106"}],"wp:term":[{"taxonomy":"category","embeddable":true,"href":"https:\/\/fundacioncajaruraldelsur.com\/pt\/wp-json\/wp\/v2\/categories?post=9106"},{"taxonomy":"post_tag","embeddable":true,"href":"https:\/\/fundacioncajaruraldelsur.com\/pt\/wp-json\/wp\/v2\/tags?post=9106"}],"curies":[{"name":"wp","href":"https:\/\/api.w.org\/{rel}","templated":true}]}}