{"id":9093,"date":"2023-07-05T21:06:13","date_gmt":"2023-07-05T20:06:13","guid":{"rendered":"\/?p=9093"},"modified":"2023-07-05T21:06:23","modified_gmt":"2023-07-05T20:06:23","slug":"la-fundacion-caja-rural-del-sur-y-alumni-huelva-colaboraran-por-cuarto-ano-consecutivo","status":"publish","type":"post","link":"https:\/\/fundacioncajaruraldelsur.com\/pt\/la-fundacion-caja-rural-del-sur-y-alumni-huelva-colaboraran-por-cuarto-ano-consecutivo\/","title":{"rendered":"La Fundaci\u00f3n Caja Rural del Sur y Alumni Huelva colaborar\u00e1n por cuarto a\u00f1o consecutivo"},"content":{"rendered":"<div class=\"content-body inner-article-data\">\n<div id=\"body001-275645\" class=\"body huelva\">\n<p>O\u00a0<strong>director de la Fundaci\u00f3n Social y Cultural de la Caja Rural del Sur, Emilio Ponce<\/strong>\u00a0y el\u00a0<strong>presidente de la Asociaci\u00f3n de Antiguos Alumnos \u201c3 de Marzo\u201d (ALUMNI Huelva) Antonio Jos\u00e9 Redondo,\u00a0<\/strong>se han reunido para la\u00a0<strong>firma de un convenio<\/strong>\u00a0que pretende impulsar un plan de actuaci\u00f3n conjunta que refuerce a\u00fan m\u00e1s las relaciones de ambas instituciones.<\/p>\n<p>A\u00a0<strong>Funda\u00e7\u00e3o Caja Rural del Sur<\/strong>\u00a0tiene entre sus fines la<strong>\u00a0promoci\u00f3n cultural, profesional y asistencial de la sociedad onubense\u00a0<\/strong>y un a\u00f1o m\u00e1s, dada su\u00a0<strong>gran vinculaci\u00f3n con la Universidad y con su Asociaci\u00f3n de Antiguos Alumnos,\u00a0<\/strong>que el pr\u00f3ximo a\u00f1o celebra su\u00a0<strong>25 aniversario,<\/strong>\u00a0no ha dudado en patrocinar los eventos que se realicen en el pr\u00f3ximo a\u00f1o y que refuercen la vinculaci\u00f3n de los antiguos alumnos con su universidad.<\/p>\n<p><a href=\"\/wp-content\/uploads\/2023\/07\/2023070510533257896.jpg\" rel=\"lightbox-0\"><img loading=\"lazy\" decoding=\"async\" class=\"alignnone wp-image-9095 size-full\" src=\"\/wp-content\/uploads\/2023\/07\/2023070510533257896.jpg\" alt=\"\" width=\"960\" height=\"720\" srcset=\"https:\/\/fundacioncajaruraldelsur.com\/wp-content\/uploads\/2023\/07\/2023070510533257896.jpg 960w, https:\/\/fundacioncajaruraldelsur.com\/wp-content\/uploads\/2023\/07\/2023070510533257896-300x225.jpg 300w, https:\/\/fundacioncajaruraldelsur.com\/wp-content\/uploads\/2023\/07\/2023070510533257896-768x576.jpg 768w\" sizes=\"auto, (max-width: 960px) 100vw, 960px\" \/><\/a><br \/>\n<strong>Alumni Huelva\u00a0<\/strong>tiene como objetivo, para el pr\u00f3ximo a\u00f1o,<strong>\u00a0desarrollar las actividades programadas\u00a0<\/strong>para el 25 aniversario de su creaci\u00f3n, entre las que destacan<strong>\u00a0actividades deportivas, ciclo de conferencias, promoci\u00f3n del voluntariado<\/strong>\u00a0y como todos los a\u00f1os la\u00a0<strong>gran gala del Dia del Antiguo Alumno<\/strong>\u00a0y agradece a la Fundaci\u00f3n Caja Rural del Sur, su incondicional disponibilidad en colaborar con los proyectos que se est\u00e1n programando.<\/p>\n<p>Tanto Emilio Ponce como Antonio Jos\u00e9 Redondo, se encuentran\u00a0<strong>muy satisfechos de los resultados obtenidos en la colaboraci\u00f3n<\/strong>\u00a0de estos \u00faltimos cuatro a\u00f1os y muestran su convencimiento que esta continuar\u00e1 en el futuro con los proyectos programados u otros que puedan ir surgiendo.<\/p>\n<\/div>\n<\/div>\n<div class=\"ads ad-inner\">\n<div class=\"ad-slot oat oat-visible oat-top\" data-mark=\"Publicidad\"><\/div>\n<\/div>","protected":false},"excerpt":{"rendered":"<p>El\u00a0director de la Fundaci\u00f3n Social y Cultural de la Caja Rural del Sur, Emilio Ponce\u00a0y el\u00a0presidente de la Asociaci\u00f3n de Antiguos Alumnos \u201c3 de Marzo\u201d (ALUMNI Huelva) Antonio Jos\u00e9 Redondo,\u00a0se [&hellip;]<\/p>\n","protected":false},"author":6,"featured_media":9094,"comment_status":"closed","ping_status":"closed","sticky":false,"template":"","format":"standard","meta":{"footnotes":""},"categories":[67,1],"tags":[],"class_list":["post-9093","post","type-post","status-publish","format-standard","has-post-thumbnail","hentry","category-convenios","category-sin-categoria"],"yoast_head":"<!-- This site is optimized with the Yoast SEO plugin v27.3 - https:\/\/yoast.com\/product\/yoast-seo-wordpress\/ -->\n<title>La Fundaci\u00f3n Caja Rural del Sur y Alumni Huelva colaborar\u00e1n por cuarto a\u00f1o consecutivo - Fundaci\u00f3n Caja Rural del Sur<\/title>\n<meta name=\"robots\" content=\"index, follow, max-snippet:-1, max-image-preview:large, max-video-preview:-1\" \/>\n<link rel=\"canonical\" href=\"https:\/\/fundacioncajaruraldelsur.com\/pt\/la-fundacion-caja-rural-del-sur-y-alumni-huelva-colaboraran-por-cuarto-ano-consecutivo\/\" \/>\n<meta property=\"og:locale\" content=\"pt_PT\" \/>\n<meta property=\"og:type\" content=\"article\" \/>\n<meta property=\"og:title\" content=\"La Fundaci\u00f3n Caja Rural del Sur y Alumni Huelva colaborar\u00e1n por cuarto a\u00f1o consecutivo - Fundaci\u00f3n Caja Rural del Sur\" \/>\n<meta property=\"og:description\" content=\"El\u00a0director de la Fundaci\u00f3n Social y Cultural de la Caja Rural del Sur, Emilio Ponce\u00a0y el\u00a0presidente de la Asociaci\u00f3n de Antiguos Alumnos \u201c3 de Marzo\u201d (ALUMNI Huelva) Antonio Jos\u00e9 Redondo,\u00a0se [&hellip;]\" \/>\n<meta property=\"og:url\" content=\"https:\/\/fundacioncajaruraldelsur.com\/pt\/la-fundacion-caja-rural-del-sur-y-alumni-huelva-colaboraran-por-cuarto-ano-consecutivo\/\" \/>\n<meta property=\"og:site_name\" content=\"Fundaci\u00f3n Caja Rural del Sur\" \/>\n<meta property=\"article:published_time\" content=\"2023-07-05T20:06:13+00:00\" \/>\n<meta property=\"article:modified_time\" content=\"2023-07-05T20:06:23+00:00\" \/>\n<meta property=\"og:image\" content=\"https:\/\/fundacioncajaruraldelsur.com\/wp-content\/uploads\/2023\/07\/2023070510533097139.jpg\" \/>\n\t<meta property=\"og:image:width\" content=\"1440\" \/>\n\t<meta property=\"og:image:height\" content=\"1080\" \/>\n\t<meta property=\"og:image:type\" content=\"image\/jpeg\" \/>\n<meta name=\"author\" content=\"Comunicaci\u00f3n\" \/>\n<meta name=\"twitter:card\" content=\"summary_large_image\" \/>\n<meta name=\"twitter:label1\" content=\"Written by\" \/>\n\t<meta name=\"twitter:data1\" content=\"Comunicaci\u00f3n\" \/>\n\t<meta name=\"twitter:label2\" content=\"Est. reading time\" \/>\n\t<meta name=\"twitter:data2\" content=\"2 minutes\" \/>\n<script type=\"application\/ld+json\" class=\"yoast-schema-graph\">{\"@context\":\"https:\\\/\\\/schema.org\",\"@graph\":[{\"@type\":\"Article\",\"@id\":\"https:\\\/\\\/fundacioncajaruraldelsur.com\\\/la-fundacion-caja-rural-del-sur-y-alumni-huelva-colaboraran-por-cuarto-ano-consecutivo\\\/#article\",\"isPartOf\":{\"@id\":\"https:\\\/\\\/fundacioncajaruraldelsur.com\\\/la-fundacion-caja-rural-del-sur-y-alumni-huelva-colaboraran-por-cuarto-ano-consecutivo\\\/\"},\"author\":{\"name\":\"Comunicaci\u00f3n\",\"@id\":\"https:\\\/\\\/fundacioncajaruraldelsur.com\\\/#\\\/schema\\\/person\\\/f430da9fb783d505ff061ad8b3d44577\"},\"headline\":\"La Fundaci\u00f3n Caja Rural del Sur y Alumni Huelva colaborar\u00e1n por cuarto a\u00f1o consecutivo\",\"datePublished\":\"2023-07-05T20:06:13+00:00\",\"dateModified\":\"2023-07-05T20:06:23+00:00\",\"mainEntityOfPage\":{\"@id\":\"https:\\\/\\\/fundacioncajaruraldelsur.com\\\/la-fundacion-caja-rural-del-sur-y-alumni-huelva-colaboraran-por-cuarto-ano-consecutivo\\\/\"},\"wordCount\":279,\"image\":{\"@id\":\"https:\\\/\\\/fundacioncajaruraldelsur.com\\\/la-fundacion-caja-rural-del-sur-y-alumni-huelva-colaboraran-por-cuarto-ano-consecutivo\\\/#primaryimage\"},\"thumbnailUrl\":\"https:\\\/\\\/fundacioncajaruraldelsur.com\\\/wp-content\\\/uploads\\\/2023\\\/07\\\/2023070510533097139.jpg\",\"articleSection\":[\"Convenios\",\"Sin categor\u00eda\"],\"inLanguage\":\"pt-PT\"},{\"@type\":\"WebPage\",\"@id\":\"https:\\\/\\\/fundacioncajaruraldelsur.com\\\/la-fundacion-caja-rural-del-sur-y-alumni-huelva-colaboraran-por-cuarto-ano-consecutivo\\\/\",\"url\":\"https:\\\/\\\/fundacioncajaruraldelsur.com\\\/la-fundacion-caja-rural-del-sur-y-alumni-huelva-colaboraran-por-cuarto-ano-consecutivo\\\/\",\"name\":\"La Fundaci\u00f3n Caja Rural del Sur y Alumni Huelva colaborar\u00e1n por cuarto a\u00f1o consecutivo - Fundaci\u00f3n Caja Rural del Sur\",\"isPartOf\":{\"@id\":\"https:\\\/\\\/fundacioncajaruraldelsur.com\\\/#website\"},\"primaryImageOfPage\":{\"@id\":\"https:\\\/\\\/fundacioncajaruraldelsur.com\\\/la-fundacion-caja-rural-del-sur-y-alumni-huelva-colaboraran-por-cuarto-ano-consecutivo\\\/#primaryimage\"},\"image\":{\"@id\":\"https:\\\/\\\/fundacioncajaruraldelsur.com\\\/la-fundacion-caja-rural-del-sur-y-alumni-huelva-colaboraran-por-cuarto-ano-consecutivo\\\/#primaryimage\"},\"thumbnailUrl\":\"https:\\\/\\\/fundacioncajaruraldelsur.com\\\/wp-content\\\/uploads\\\/2023\\\/07\\\/2023070510533097139.jpg\",\"datePublished\":\"2023-07-05T20:06:13+00:00\",\"dateModified\":\"2023-07-05T20:06:23+00:00\",\"author\":{\"@id\":\"https:\\\/\\\/fundacioncajaruraldelsur.com\\\/#\\\/schema\\\/person\\\/f430da9fb783d505ff061ad8b3d44577\"},\"breadcrumb\":{\"@id\":\"https:\\\/\\\/fundacioncajaruraldelsur.com\\\/la-fundacion-caja-rural-del-sur-y-alumni-huelva-colaboraran-por-cuarto-ano-consecutivo\\\/#breadcrumb\"},\"inLanguage\":\"pt-PT\",\"potentialAction\":[{\"@type\":\"ReadAction\",\"target\":[\"https:\\\/\\\/fundacioncajaruraldelsur.com\\\/la-fundacion-caja-rural-del-sur-y-alumni-huelva-colaboraran-por-cuarto-ano-consecutivo\\\/\"]}]},{\"@type\":\"ImageObject\",\"inLanguage\":\"pt-PT\",\"@id\":\"https:\\\/\\\/fundacioncajaruraldelsur.com\\\/la-fundacion-caja-rural-del-sur-y-alumni-huelva-colaboraran-por-cuarto-ano-consecutivo\\\/#primaryimage\",\"url\":\"https:\\\/\\\/fundacioncajaruraldelsur.com\\\/wp-content\\\/uploads\\\/2023\\\/07\\\/2023070510533097139.jpg\",\"contentUrl\":\"https:\\\/\\\/fundacioncajaruraldelsur.com\\\/wp-content\\\/uploads\\\/2023\\\/07\\\/2023070510533097139.jpg\",\"width\":1440,\"height\":1080},{\"@type\":\"BreadcrumbList\",\"@id\":\"https:\\\/\\\/fundacioncajaruraldelsur.com\\\/la-fundacion-caja-rural-del-sur-y-alumni-huelva-colaboraran-por-cuarto-ano-consecutivo\\\/#breadcrumb\",\"itemListElement\":[{\"@type\":\"ListItem\",\"position\":1,\"name\":\"Portada\",\"item\":\"https:\\\/\\\/fundacioncajaruraldelsur.com\\\/\"},{\"@type\":\"ListItem\",\"position\":2,\"name\":\"La Fundaci\u00f3n Caja Rural del Sur y Alumni Huelva colaborar\u00e1n por cuarto a\u00f1o consecutivo\"}]},{\"@type\":\"WebSite\",\"@id\":\"https:\\\/\\\/fundacioncajaruraldelsur.com\\\/#website\",\"url\":\"https:\\\/\\\/fundacioncajaruraldelsur.com\\\/\",\"name\":\"Fundaci\u00f3n Caja Rural del Sur\",\"description\":\"\",\"potentialAction\":[{\"@type\":\"SearchAction\",\"target\":{\"@type\":\"EntryPoint\",\"urlTemplate\":\"https:\\\/\\\/fundacioncajaruraldelsur.com\\\/?s={search_term_string}\"},\"query-input\":{\"@type\":\"PropertyValueSpecification\",\"valueRequired\":true,\"valueName\":\"search_term_string\"}}],\"inLanguage\":\"pt-PT\"},{\"@type\":\"Person\",\"@id\":\"https:\\\/\\\/fundacioncajaruraldelsur.com\\\/#\\\/schema\\\/person\\\/f430da9fb783d505ff061ad8b3d44577\",\"name\":\"Comunicaci\u00f3n\",\"image\":{\"@type\":\"ImageObject\",\"inLanguage\":\"pt-PT\",\"@id\":\"https:\\\/\\\/secure.gravatar.com\\\/avatar\\\/0dca239875993680bac4603ad2de7942da018f52cc3a244578e0b3b09314a8d8?s=96&d=blank&r=g\",\"url\":\"https:\\\/\\\/secure.gravatar.com\\\/avatar\\\/0dca239875993680bac4603ad2de7942da018f52cc3a244578e0b3b09314a8d8?s=96&d=blank&r=g\",\"contentUrl\":\"https:\\\/\\\/secure.gravatar.com\\\/avatar\\\/0dca239875993680bac4603ad2de7942da018f52cc3a244578e0b3b09314a8d8?s=96&d=blank&r=g\",\"caption\":\"Comunicaci\u00f3n\"}}]}<\/script>\n<!-- \/ Yoast SEO plugin. -->","yoast_head_json":{"title":"La Fundaci\u00f3n Caja Rural del Sur y Alumni Huelva colaborar\u00e1n por cuarto a\u00f1o consecutivo - Fundaci\u00f3n Caja Rural del Sur","robots":{"index":"index","follow":"follow","max-snippet":"max-snippet:-1","max-image-preview":"max-image-preview:large","max-video-preview":"max-video-preview:-1"},"canonical":"https:\/\/fundacioncajaruraldelsur.com\/pt\/la-fundacion-caja-rural-del-sur-y-alumni-huelva-colaboraran-por-cuarto-ano-consecutivo\/","og_locale":"pt_PT","og_type":"article","og_title":"La Fundaci\u00f3n Caja Rural del Sur y Alumni Huelva colaborar\u00e1n por cuarto a\u00f1o consecutivo - Fundaci\u00f3n Caja Rural del Sur","og_description":"El\u00a0director de la Fundaci\u00f3n Social y Cultural de la Caja Rural del Sur, Emilio Ponce\u00a0y el\u00a0presidente de la Asociaci\u00f3n de Antiguos Alumnos \u201c3 de Marzo\u201d (ALUMNI Huelva) Antonio Jos\u00e9 Redondo,\u00a0se [&hellip;]","og_url":"https:\/\/fundacioncajaruraldelsur.com\/pt\/la-fundacion-caja-rural-del-sur-y-alumni-huelva-colaboraran-por-cuarto-ano-consecutivo\/","og_site_name":"Fundaci\u00f3n Caja Rural del Sur","article_published_time":"2023-07-05T20:06:13+00:00","article_modified_time":"2023-07-05T20:06:23+00:00","og_image":[{"width":1440,"height":1080,"url":"https:\/\/fundacioncajaruraldelsur.com\/wp-content\/uploads\/2023\/07\/2023070510533097139.jpg","type":"image\/jpeg"}],"author":"Comunicaci\u00f3n","twitter_card":"summary_large_image","twitter_misc":{"Written by":"Comunicaci\u00f3n","Est. reading time":"2 minutes"},"schema":{"@context":"https:\/\/schema.org","@graph":[{"@type":"Article","@id":"https:\/\/fundacioncajaruraldelsur.com\/la-fundacion-caja-rural-del-sur-y-alumni-huelva-colaboraran-por-cuarto-ano-consecutivo\/#article","isPartOf":{"@id":"https:\/\/fundacioncajaruraldelsur.com\/la-fundacion-caja-rural-del-sur-y-alumni-huelva-colaboraran-por-cuarto-ano-consecutivo\/"},"author":{"name":"Comunicaci\u00f3n","@id":"https:\/\/fundacioncajaruraldelsur.com\/#\/schema\/person\/f430da9fb783d505ff061ad8b3d44577"},"headline":"La Fundaci\u00f3n Caja Rural del Sur y Alumni Huelva colaborar\u00e1n por cuarto a\u00f1o consecutivo","datePublished":"2023-07-05T20:06:13+00:00","dateModified":"2023-07-05T20:06:23+00:00","mainEntityOfPage":{"@id":"https:\/\/fundacioncajaruraldelsur.com\/la-fundacion-caja-rural-del-sur-y-alumni-huelva-colaboraran-por-cuarto-ano-consecutivo\/"},"wordCount":279,"image":{"@id":"https:\/\/fundacioncajaruraldelsur.com\/la-fundacion-caja-rural-del-sur-y-alumni-huelva-colaboraran-por-cuarto-ano-consecutivo\/#primaryimage"},"thumbnailUrl":"https:\/\/fundacioncajaruraldelsur.com\/wp-content\/uploads\/2023\/07\/2023070510533097139.jpg","articleSection":["Convenios","Sin categor\u00eda"],"inLanguage":"pt-PT"},{"@type":"WebPage","@id":"https:\/\/fundacioncajaruraldelsur.com\/la-fundacion-caja-rural-del-sur-y-alumni-huelva-colaboraran-por-cuarto-ano-consecutivo\/","url":"https:\/\/fundacioncajaruraldelsur.com\/la-fundacion-caja-rural-del-sur-y-alumni-huelva-colaboraran-por-cuarto-ano-consecutivo\/","name":"La Fundaci\u00f3n Caja Rural del Sur y Alumni Huelva colaborar\u00e1n por cuarto a\u00f1o consecutivo - Fundaci\u00f3n Caja Rural del Sur","isPartOf":{"@id":"https:\/\/fundacioncajaruraldelsur.com\/#website"},"primaryImageOfPage":{"@id":"https:\/\/fundacioncajaruraldelsur.com\/la-fundacion-caja-rural-del-sur-y-alumni-huelva-colaboraran-por-cuarto-ano-consecutivo\/#primaryimage"},"image":{"@id":"https:\/\/fundacioncajaruraldelsur.com\/la-fundacion-caja-rural-del-sur-y-alumni-huelva-colaboraran-por-cuarto-ano-consecutivo\/#primaryimage"},"thumbnailUrl":"https:\/\/fundacioncajaruraldelsur.com\/wp-content\/uploads\/2023\/07\/2023070510533097139.jpg","datePublished":"2023-07-05T20:06:13+00:00","dateModified":"2023-07-05T20:06:23+00:00","author":{"@id":"https:\/\/fundacioncajaruraldelsur.com\/#\/schema\/person\/f430da9fb783d505ff061ad8b3d44577"},"breadcrumb":{"@id":"https:\/\/fundacioncajaruraldelsur.com\/la-fundacion-caja-rural-del-sur-y-alumni-huelva-colaboraran-por-cuarto-ano-consecutivo\/#breadcrumb"},"inLanguage":"pt-PT","potentialAction":[{"@type":"ReadAction","target":["https:\/\/fundacioncajaruraldelsur.com\/la-fundacion-caja-rural-del-sur-y-alumni-huelva-colaboraran-por-cuarto-ano-consecutivo\/"]}]},{"@type":"ImageObject","inLanguage":"pt-PT","@id":"https:\/\/fundacioncajaruraldelsur.com\/la-fundacion-caja-rural-del-sur-y-alumni-huelva-colaboraran-por-cuarto-ano-consecutivo\/#primaryimage","url":"https:\/\/fundacioncajaruraldelsur.com\/wp-content\/uploads\/2023\/07\/2023070510533097139.jpg","contentUrl":"https:\/\/fundacioncajaruraldelsur.com\/wp-content\/uploads\/2023\/07\/2023070510533097139.jpg","width":1440,"height":1080},{"@type":"BreadcrumbList","@id":"https:\/\/fundacioncajaruraldelsur.com\/la-fundacion-caja-rural-del-sur-y-alumni-huelva-colaboraran-por-cuarto-ano-consecutivo\/#breadcrumb","itemListElement":[{"@type":"ListItem","position":1,"name":"Portada","item":"https:\/\/fundacioncajaruraldelsur.com\/"},{"@type":"ListItem","position":2,"name":"La Fundaci\u00f3n Caja Rural del Sur y Alumni Huelva colaborar\u00e1n por cuarto a\u00f1o consecutivo"}]},{"@type":"WebSite","@id":"https:\/\/fundacioncajaruraldelsur.com\/#website","url":"https:\/\/fundacioncajaruraldelsur.com\/","name":"Funda\u00e7\u00e3o Caja Rural del Sur","description":"","potentialAction":[{"@type":"SearchAction","target":{"@type":"EntryPoint","urlTemplate":"https:\/\/fundacioncajaruraldelsur.com\/?s={search_term_string}"},"query-input":{"@type":"PropertyValueSpecification","valueRequired":true,"valueName":"search_term_string"}}],"inLanguage":"pt-PT"},{"@type":"Person","@id":"https:\/\/fundacioncajaruraldelsur.com\/#\/schema\/person\/f430da9fb783d505ff061ad8b3d44577","name":"Comunicaci\u00f3n","image":{"@type":"ImageObject","inLanguage":"pt-PT","@id":"https:\/\/secure.gravatar.com\/avatar\/0dca239875993680bac4603ad2de7942da018f52cc3a244578e0b3b09314a8d8?s=96&d=blank&r=g","url":"https:\/\/secure.gravatar.com\/avatar\/0dca239875993680bac4603ad2de7942da018f52cc3a244578e0b3b09314a8d8?s=96&d=blank&r=g","contentUrl":"https:\/\/secure.gravatar.com\/avatar\/0dca239875993680bac4603ad2de7942da018f52cc3a244578e0b3b09314a8d8?s=96&d=blank&r=g","caption":"Comunicaci\u00f3n"}}]}},"rttpg_featured_image_url":{"full":["https:\/\/fundacioncajaruraldelsur.com\/wp-content\/uploads\/2023\/07\/2023070510533097139.jpg",1440,1080,false],"landscape":["https:\/\/fundacioncajaruraldelsur.com\/wp-content\/uploads\/2023\/07\/2023070510533097139.jpg",1440,1080,false],"portraits":["https:\/\/fundacioncajaruraldelsur.com\/wp-content\/uploads\/2023\/07\/2023070510533097139.jpg",1440,1080,false],"thumbnail":["https:\/\/fundacioncajaruraldelsur.com\/wp-content\/uploads\/2023\/07\/2023070510533097139-150x150.jpg",150,150,true],"medium":["https:\/\/fundacioncajaruraldelsur.com\/wp-content\/uploads\/2023\/07\/2023070510533097139-300x225.jpg",300,225,true],"large":["https:\/\/fundacioncajaruraldelsur.com\/wp-content\/uploads\/2023\/07\/2023070510533097139-1024x768.jpg",960,720,true],"1536x1536":["https:\/\/fundacioncajaruraldelsur.com\/wp-content\/uploads\/2023\/07\/2023070510533097139.jpg",1440,1080,false],"2048x2048":["https:\/\/fundacioncajaruraldelsur.com\/wp-content\/uploads\/2023\/07\/2023070510533097139.jpg",1440,1080,false],"trp-custom-language-flag":["https:\/\/fundacioncajaruraldelsur.com\/wp-content\/uploads\/2023\/07\/2023070510533097139.jpg",16,12,false],"blog-thumbnail":["https:\/\/fundacioncajaruraldelsur.com\/wp-content\/uploads\/2023\/07\/2023070510533097139-400x200.jpg",400,200,true]},"rttpg_author":{"display_name":"Comunicaci\u00f3n","author_link":"https:\/\/fundacioncajaruraldelsur.com\/pt\/author\/sevillaadmin\/"},"rttpg_comment":0,"rttpg_category":"<a href=\"https:\/\/fundacioncajaruraldelsur.com\/pt\/category\/convenios\/\" rel=\"category tag\">Convenios<\/a> <a href=\"https:\/\/fundacioncajaruraldelsur.com\/pt\/category\/sin-categoria\/\" rel=\"category tag\">Sin categor\u00eda<\/a>","rttpg_excerpt":"El\u00a0director de la Fundaci\u00f3n Social y Cultural de la Caja Rural del Sur, Emilio Ponce\u00a0y el\u00a0presidente de la Asociaci\u00f3n de Antiguos Alumnos \u201c3 de Marzo\u201d (ALUMNI Huelva) Antonio Jos\u00e9 Redondo,\u00a0se [&hellip;]","_links":{"self":[{"href":"https:\/\/fundacioncajaruraldelsur.com\/pt\/wp-json\/wp\/v2\/posts\/9093","targetHints":{"allow":["GET"]}}],"collection":[{"href":"https:\/\/fundacioncajaruraldelsur.com\/pt\/wp-json\/wp\/v2\/posts"}],"about":[{"href":"https:\/\/fundacioncajaruraldelsur.com\/pt\/wp-json\/wp\/v2\/types\/post"}],"author":[{"embeddable":true,"href":"https:\/\/fundacioncajaruraldelsur.com\/pt\/wp-json\/wp\/v2\/users\/6"}],"replies":[{"embeddable":true,"href":"https:\/\/fundacioncajaruraldelsur.com\/pt\/wp-json\/wp\/v2\/comments?post=9093"}],"version-history":[{"count":1,"href":"https:\/\/fundacioncajaruraldelsur.com\/pt\/wp-json\/wp\/v2\/posts\/9093\/revisions"}],"predecessor-version":[{"id":9096,"href":"https:\/\/fundacioncajaruraldelsur.com\/pt\/wp-json\/wp\/v2\/posts\/9093\/revisions\/9096"}],"wp:featuredmedia":[{"embeddable":true,"href":"https:\/\/fundacioncajaruraldelsur.com\/pt\/wp-json\/wp\/v2\/media\/9094"}],"wp:attachment":[{"href":"https:\/\/fundacioncajaruraldelsur.com\/pt\/wp-json\/wp\/v2\/media?parent=9093"}],"wp:term":[{"taxonomy":"category","embeddable":true,"href":"https:\/\/fundacioncajaruraldelsur.com\/pt\/wp-json\/wp\/v2\/categories?post=9093"},{"taxonomy":"post_tag","embeddable":true,"href":"https:\/\/fundacioncajaruraldelsur.com\/pt\/wp-json\/wp\/v2\/tags?post=9093"}],"curies":[{"name":"wp","href":"https:\/\/api.w.org\/{rel}","templated":true}]}}