{"id":9035,"date":"2023-06-19T16:17:41","date_gmt":"2023-06-19T15:17:41","guid":{"rendered":"\/?p=9035"},"modified":"2023-06-19T16:24:20","modified_gmt":"2023-06-19T15:24:20","slug":"presentacion-del-libro-grandes-gestas-del-soldado-espanol-con-la-colaboracion-de-la-fundacion-caja-rural-del-sur","status":"publish","type":"post","link":"https:\/\/fundacioncajaruraldelsur.com\/pt\/presentacion-del-libro-grandes-gestas-del-soldado-espanol-con-la-colaboracion-de-la-fundacion-caja-rural-del-sur\/","title":{"rendered":"Presentaci\u00f3n del libro \u201cGrandes gestas del soldado espa\u00f1ol\u201d con la colaboraci\u00f3n de la Fundaci\u00f3n Caja Rural del Sur"},"content":{"rendered":"<p>Este lunes, 19 de junio, ha tenido lugar la presentaci\u00f3n de la publicaci\u00f3n \u201cGrandes gestas del soldado espa\u00f1ol\u201d, obra iniciativa de la Asociaci\u00f3n Nacional de Soldados Espa\u00f1oles, con el patrocinio de la Fundaci\u00f3n Caja Rural del Sur en el marco de la C\u00e1tedra General Casta\u00f1os, en cuyo Consejo Directivo est\u00e1 representada.<\/p>\n<p><a href=\"\/wp-content\/uploads\/2023\/06\/general-castano-5.jpg\" rel=\"lightbox-0\"><img loading=\"lazy\" decoding=\"async\" class=\"alignnone wp-image-9040 size-full\" src=\"\/wp-content\/uploads\/2023\/06\/general-castano-5.jpg\" alt=\"\" width=\"1024\" height=\"768\" srcset=\"https:\/\/fundacioncajaruraldelsur.com\/wp-content\/uploads\/2023\/06\/general-castano-5.jpg 1024w, https:\/\/fundacioncajaruraldelsur.com\/wp-content\/uploads\/2023\/06\/general-castano-5-300x225.jpg 300w, https:\/\/fundacioncajaruraldelsur.com\/wp-content\/uploads\/2023\/06\/general-castano-5-768x576.jpg 768w\" sizes=\"auto, (max-width: 1024px) 100vw, 1024px\" \/><\/a><\/p>\n<p>Con esta actividad, que se ha celebrado en el Cuartel General de la Fuerza Terrestre de Sevilla, se pretende fomentar la divulgaci\u00f3n del patrimonio hist\u00f3rico de nuestras Fuerzas Armadas, uno de los fines de esta plataforma c\u00edvico-militar.<\/p>\n<p><a href=\"\/wp-content\/uploads\/2023\/06\/general-castano-1.jpg\" rel=\"lightbox-1\"><img loading=\"lazy\" decoding=\"async\" class=\"alignnone wp-image-9042 size-full\" src=\"\/wp-content\/uploads\/2023\/06\/general-castano-1.jpg\" alt=\"\" width=\"1024\" height=\"768\" srcset=\"https:\/\/fundacioncajaruraldelsur.com\/wp-content\/uploads\/2023\/06\/general-castano-1.jpg 1024w, https:\/\/fundacioncajaruraldelsur.com\/wp-content\/uploads\/2023\/06\/general-castano-1-300x225.jpg 300w, https:\/\/fundacioncajaruraldelsur.com\/wp-content\/uploads\/2023\/06\/general-castano-1-768x576.jpg 768w\" sizes=\"auto, (max-width: 1024px) 100vw, 1024px\" \/><\/a><\/p>\n<p>En el acto han intervenido Antonio Cuesta L\u00f3pez, Director Editorial de Almuzara, Antonio Rodr\u00edguez de la Borbolla V\u00e1zquez, Presidente de la Asociaci\u00f3n Nacional de Soldados Espa\u00f1oles, Jose Luis Garc\u00eda-Palacios \u00c1lvarez, Presidente de la Fundaci\u00f3n de la Caja Rural del Sur, y el teniente general Carlos Melero Claudio, jefe de la Fuerza Terrestre y Presidente de la C\u00e1tedra General Casta\u00f1os, que ha cerrado el acto.<\/p>\n<p><a href=\"\/wp-content\/uploads\/2023\/06\/genral-castano-3.jpg\" rel=\"lightbox-2\"><img loading=\"lazy\" decoding=\"async\" class=\"alignnone wp-image-9041 size-full\" src=\"\/wp-content\/uploads\/2023\/06\/genral-castano-3.jpg\" alt=\"\" width=\"1024\" height=\"768\" srcset=\"https:\/\/fundacioncajaruraldelsur.com\/wp-content\/uploads\/2023\/06\/genral-castano-3.jpg 1024w, https:\/\/fundacioncajaruraldelsur.com\/wp-content\/uploads\/2023\/06\/genral-castano-3-300x225.jpg 300w, https:\/\/fundacioncajaruraldelsur.com\/wp-content\/uploads\/2023\/06\/genral-castano-3-768x576.jpg 768w\" sizes=\"auto, (max-width: 1024px) 100vw, 1024px\" \/><\/a><\/p>\n<p style=\"text-align: left;\">\n<p>&nbsp;<\/p>\n<p style=\"text-align: center;\"><a href=\"\/wp-content\/uploads\/2023\/06\/gestas-soldado.jpg\" rel=\"lightbox-3\"><img loading=\"lazy\" decoding=\"async\" class=\"alignnone size-full wp-image-9037 alignleft\" src=\"\/wp-content\/uploads\/2023\/06\/gestas-soldado.jpg\" alt=\"\" width=\"175\" height=\"288\" \/><\/a><\/p>\n<p>En la obra se narran nueve batallas ordenadas cronol\u00f3gicamente por cap\u00edtulos, que son los siguientes y autor:<\/p>\n<p>1.- Batalla de Las Navas de Tolosa (Juan Jos\u00e9 Primo Jurado).<br \/>\n2.- Batalla de Ceri\u00f1ola (Juan Jos\u00e9 Primo Jurado).<br \/>\n3.- Pav\u00eda 1525, algo m\u00e1s que una batalla (Antonio Ruiz Ben\u00edtez).<br \/>\n4.- La batalla de Lepanto: m\u00e1s all\u00e1 de la leyenda (Juan Rodr\u00edguez Garat).<br \/>\n5.- La batalla de N\u00f6rdlingen (Antonio Avenda\u00f1o Sanjuan).<br \/>\n6.- La batalla de Cartagena de Indias (Francisco Membrillo Becerra).<br \/>\n7.- Batalla de Pensacola (Antonio Ruib\u00e9rriz de Torres S\u00e1nchez).<br \/>\n8.- La batalla de Santa Cruz de Tenerife (Antonio Ruib\u00e9rriz de Torres S\u00e1nchez).<br \/>\n9.- Bail\u00e9n (Francisco J. Bocero de la Rosa).<\/p>","protected":false},"excerpt":{"rendered":"<p>Este lunes, 19 de junio, ha tenido lugar la presentaci\u00f3n de la publicaci\u00f3n \u201cGrandes gestas del soldado espa\u00f1ol\u201d, obra iniciativa de la Asociaci\u00f3n Nacional de Soldados Espa\u00f1oles, con el patrocinio [&hellip;]<\/p>\n","protected":false},"author":6,"featured_media":9042,"comment_status":"closed","ping_status":"closed","sticky":false,"template":"","format":"standard","meta":{"footnotes":""},"categories":[84],"tags":[],"class_list":["post-9035","post","type-post","status-publish","format-standard","has-post-thumbnail","hentry","category-presentaciones"],"yoast_head":"<!-- This site is optimized with the Yoast SEO plugin v27.3 - https:\/\/yoast.com\/product\/yoast-seo-wordpress\/ -->\n<title>Presentaci\u00f3n del libro \u201cGrandes gestas del soldado espa\u00f1ol\u201d con la colaboraci\u00f3n de la Fundaci\u00f3n Caja Rural del Sur - Fundaci\u00f3n Caja Rural del Sur<\/title>\n<meta name=\"robots\" content=\"index, follow, max-snippet:-1, max-image-preview:large, max-video-preview:-1\" \/>\n<link rel=\"canonical\" href=\"https:\/\/fundacioncajaruraldelsur.com\/pt\/presentacion-del-libro-grandes-gestas-del-soldado-espanol-con-la-colaboracion-de-la-fundacion-caja-rural-del-sur\/\" \/>\n<meta property=\"og:locale\" content=\"pt_PT\" \/>\n<meta property=\"og:type\" content=\"article\" \/>\n<meta property=\"og:title\" content=\"Presentaci\u00f3n del libro \u201cGrandes gestas del soldado espa\u00f1ol\u201d con la colaboraci\u00f3n de la Fundaci\u00f3n Caja Rural del Sur - Fundaci\u00f3n Caja Rural del Sur\" \/>\n<meta property=\"og:description\" content=\"Este lunes, 19 de junio, ha tenido lugar la presentaci\u00f3n de la publicaci\u00f3n \u201cGrandes gestas del soldado espa\u00f1ol\u201d, obra iniciativa de la Asociaci\u00f3n Nacional de Soldados Espa\u00f1oles, con el patrocinio [&hellip;]\" \/>\n<meta property=\"og:url\" content=\"https:\/\/fundacioncajaruraldelsur.com\/pt\/presentacion-del-libro-grandes-gestas-del-soldado-espanol-con-la-colaboracion-de-la-fundacion-caja-rural-del-sur\/\" \/>\n<meta property=\"og:site_name\" content=\"Fundaci\u00f3n Caja Rural del Sur\" \/>\n<meta property=\"article:published_time\" content=\"2023-06-19T15:17:41+00:00\" \/>\n<meta property=\"article:modified_time\" content=\"2023-06-19T15:24:20+00:00\" \/>\n<meta property=\"og:image\" content=\"https:\/\/fundacioncajaruraldelsur.com\/wp-content\/uploads\/2023\/06\/general-castano-1.jpg\" \/>\n\t<meta property=\"og:image:width\" content=\"1024\" \/>\n\t<meta property=\"og:image:height\" content=\"768\" \/>\n\t<meta property=\"og:image:type\" content=\"image\/jpeg\" \/>\n<meta name=\"author\" content=\"Comunicaci\u00f3n\" \/>\n<meta name=\"twitter:card\" content=\"summary_large_image\" \/>\n<meta name=\"twitter:label1\" content=\"Written by\" \/>\n\t<meta name=\"twitter:data1\" content=\"Comunicaci\u00f3n\" \/>\n\t<meta name=\"twitter:label2\" content=\"Est. reading time\" \/>\n\t<meta name=\"twitter:data2\" content=\"2 minutes\" \/>\n<script type=\"application\/ld+json\" class=\"yoast-schema-graph\">{\"@context\":\"https:\\\/\\\/schema.org\",\"@graph\":[{\"@type\":\"Article\",\"@id\":\"https:\\\/\\\/fundacioncajaruraldelsur.com\\\/presentacion-del-libro-grandes-gestas-del-soldado-espanol-con-la-colaboracion-de-la-fundacion-caja-rural-del-sur\\\/#article\",\"isPartOf\":{\"@id\":\"https:\\\/\\\/fundacioncajaruraldelsur.com\\\/presentacion-del-libro-grandes-gestas-del-soldado-espanol-con-la-colaboracion-de-la-fundacion-caja-rural-del-sur\\\/\"},\"author\":{\"name\":\"Comunicaci\u00f3n\",\"@id\":\"https:\\\/\\\/fundacioncajaruraldelsur.com\\\/#\\\/schema\\\/person\\\/f430da9fb783d505ff061ad8b3d44577\"},\"headline\":\"Presentaci\u00f3n del libro \u201cGrandes gestas del soldado espa\u00f1ol\u201d con la colaboraci\u00f3n de la Fundaci\u00f3n Caja Rural del Sur\",\"datePublished\":\"2023-06-19T15:17:41+00:00\",\"dateModified\":\"2023-06-19T15:24:20+00:00\",\"mainEntityOfPage\":{\"@id\":\"https:\\\/\\\/fundacioncajaruraldelsur.com\\\/presentacion-del-libro-grandes-gestas-del-soldado-espanol-con-la-colaboracion-de-la-fundacion-caja-rural-del-sur\\\/\"},\"wordCount\":316,\"image\":{\"@id\":\"https:\\\/\\\/fundacioncajaruraldelsur.com\\\/presentacion-del-libro-grandes-gestas-del-soldado-espanol-con-la-colaboracion-de-la-fundacion-caja-rural-del-sur\\\/#primaryimage\"},\"thumbnailUrl\":\"https:\\\/\\\/fundacioncajaruraldelsur.com\\\/wp-content\\\/uploads\\\/2023\\\/06\\\/general-castano-1.jpg\",\"articleSection\":[\"Presentaciones\"],\"inLanguage\":\"pt-PT\"},{\"@type\":\"WebPage\",\"@id\":\"https:\\\/\\\/fundacioncajaruraldelsur.com\\\/presentacion-del-libro-grandes-gestas-del-soldado-espanol-con-la-colaboracion-de-la-fundacion-caja-rural-del-sur\\\/\",\"url\":\"https:\\\/\\\/fundacioncajaruraldelsur.com\\\/presentacion-del-libro-grandes-gestas-del-soldado-espanol-con-la-colaboracion-de-la-fundacion-caja-rural-del-sur\\\/\",\"name\":\"Presentaci\u00f3n del libro \u201cGrandes gestas del soldado espa\u00f1ol\u201d con la colaboraci\u00f3n de la Fundaci\u00f3n Caja Rural del Sur - Fundaci\u00f3n Caja Rural del Sur\",\"isPartOf\":{\"@id\":\"https:\\\/\\\/fundacioncajaruraldelsur.com\\\/#website\"},\"primaryImageOfPage\":{\"@id\":\"https:\\\/\\\/fundacioncajaruraldelsur.com\\\/presentacion-del-libro-grandes-gestas-del-soldado-espanol-con-la-colaboracion-de-la-fundacion-caja-rural-del-sur\\\/#primaryimage\"},\"image\":{\"@id\":\"https:\\\/\\\/fundacioncajaruraldelsur.com\\\/presentacion-del-libro-grandes-gestas-del-soldado-espanol-con-la-colaboracion-de-la-fundacion-caja-rural-del-sur\\\/#primaryimage\"},\"thumbnailUrl\":\"https:\\\/\\\/fundacioncajaruraldelsur.com\\\/wp-content\\\/uploads\\\/2023\\\/06\\\/general-castano-1.jpg\",\"datePublished\":\"2023-06-19T15:17:41+00:00\",\"dateModified\":\"2023-06-19T15:24:20+00:00\",\"author\":{\"@id\":\"https:\\\/\\\/fundacioncajaruraldelsur.com\\\/#\\\/schema\\\/person\\\/f430da9fb783d505ff061ad8b3d44577\"},\"breadcrumb\":{\"@id\":\"https:\\\/\\\/fundacioncajaruraldelsur.com\\\/presentacion-del-libro-grandes-gestas-del-soldado-espanol-con-la-colaboracion-de-la-fundacion-caja-rural-del-sur\\\/#breadcrumb\"},\"inLanguage\":\"pt-PT\",\"potentialAction\":[{\"@type\":\"ReadAction\",\"target\":[\"https:\\\/\\\/fundacioncajaruraldelsur.com\\\/presentacion-del-libro-grandes-gestas-del-soldado-espanol-con-la-colaboracion-de-la-fundacion-caja-rural-del-sur\\\/\"]}]},{\"@type\":\"ImageObject\",\"inLanguage\":\"pt-PT\",\"@id\":\"https:\\\/\\\/fundacioncajaruraldelsur.com\\\/presentacion-del-libro-grandes-gestas-del-soldado-espanol-con-la-colaboracion-de-la-fundacion-caja-rural-del-sur\\\/#primaryimage\",\"url\":\"https:\\\/\\\/fundacioncajaruraldelsur.com\\\/wp-content\\\/uploads\\\/2023\\\/06\\\/general-castano-1.jpg\",\"contentUrl\":\"https:\\\/\\\/fundacioncajaruraldelsur.com\\\/wp-content\\\/uploads\\\/2023\\\/06\\\/general-castano-1.jpg\",\"width\":1024,\"height\":768},{\"@type\":\"BreadcrumbList\",\"@id\":\"https:\\\/\\\/fundacioncajaruraldelsur.com\\\/presentacion-del-libro-grandes-gestas-del-soldado-espanol-con-la-colaboracion-de-la-fundacion-caja-rural-del-sur\\\/#breadcrumb\",\"itemListElement\":[{\"@type\":\"ListItem\",\"position\":1,\"name\":\"Portada\",\"item\":\"https:\\\/\\\/fundacioncajaruraldelsur.com\\\/\"},{\"@type\":\"ListItem\",\"position\":2,\"name\":\"Presentaci\u00f3n del libro \u201cGrandes gestas del soldado espa\u00f1ol\u201d con la colaboraci\u00f3n de la Fundaci\u00f3n Caja Rural del Sur\"}]},{\"@type\":\"WebSite\",\"@id\":\"https:\\\/\\\/fundacioncajaruraldelsur.com\\\/#website\",\"url\":\"https:\\\/\\\/fundacioncajaruraldelsur.com\\\/\",\"name\":\"Fundaci\u00f3n Caja Rural del Sur\",\"description\":\"\",\"potentialAction\":[{\"@type\":\"SearchAction\",\"target\":{\"@type\":\"EntryPoint\",\"urlTemplate\":\"https:\\\/\\\/fundacioncajaruraldelsur.com\\\/?s={search_term_string}\"},\"query-input\":{\"@type\":\"PropertyValueSpecification\",\"valueRequired\":true,\"valueName\":\"search_term_string\"}}],\"inLanguage\":\"pt-PT\"},{\"@type\":\"Person\",\"@id\":\"https:\\\/\\\/fundacioncajaruraldelsur.com\\\/#\\\/schema\\\/person\\\/f430da9fb783d505ff061ad8b3d44577\",\"name\":\"Comunicaci\u00f3n\",\"image\":{\"@type\":\"ImageObject\",\"inLanguage\":\"pt-PT\",\"@id\":\"https:\\\/\\\/secure.gravatar.com\\\/avatar\\\/0dca239875993680bac4603ad2de7942da018f52cc3a244578e0b3b09314a8d8?s=96&d=blank&r=g\",\"url\":\"https:\\\/\\\/secure.gravatar.com\\\/avatar\\\/0dca239875993680bac4603ad2de7942da018f52cc3a244578e0b3b09314a8d8?s=96&d=blank&r=g\",\"contentUrl\":\"https:\\\/\\\/secure.gravatar.com\\\/avatar\\\/0dca239875993680bac4603ad2de7942da018f52cc3a244578e0b3b09314a8d8?s=96&d=blank&r=g\",\"caption\":\"Comunicaci\u00f3n\"}}]}<\/script>\n<!-- \/ Yoast SEO plugin. -->","yoast_head_json":{"title":"Presentaci\u00f3n del libro \u201cGrandes gestas del soldado espa\u00f1ol\u201d con la colaboraci\u00f3n de la Fundaci\u00f3n Caja Rural del Sur - Fundaci\u00f3n Caja Rural del Sur","robots":{"index":"index","follow":"follow","max-snippet":"max-snippet:-1","max-image-preview":"max-image-preview:large","max-video-preview":"max-video-preview:-1"},"canonical":"https:\/\/fundacioncajaruraldelsur.com\/pt\/presentacion-del-libro-grandes-gestas-del-soldado-espanol-con-la-colaboracion-de-la-fundacion-caja-rural-del-sur\/","og_locale":"pt_PT","og_type":"article","og_title":"Presentaci\u00f3n del libro \u201cGrandes gestas del soldado espa\u00f1ol\u201d con la colaboraci\u00f3n de la Fundaci\u00f3n Caja Rural del Sur - Fundaci\u00f3n Caja Rural del Sur","og_description":"Este lunes, 19 de junio, ha tenido lugar la presentaci\u00f3n de la publicaci\u00f3n \u201cGrandes gestas del soldado espa\u00f1ol\u201d, obra iniciativa de la Asociaci\u00f3n Nacional de Soldados Espa\u00f1oles, con el patrocinio [&hellip;]","og_url":"https:\/\/fundacioncajaruraldelsur.com\/pt\/presentacion-del-libro-grandes-gestas-del-soldado-espanol-con-la-colaboracion-de-la-fundacion-caja-rural-del-sur\/","og_site_name":"Fundaci\u00f3n Caja Rural del Sur","article_published_time":"2023-06-19T15:17:41+00:00","article_modified_time":"2023-06-19T15:24:20+00:00","og_image":[{"width":1024,"height":768,"url":"https:\/\/fundacioncajaruraldelsur.com\/wp-content\/uploads\/2023\/06\/general-castano-1.jpg","type":"image\/jpeg"}],"author":"Comunicaci\u00f3n","twitter_card":"summary_large_image","twitter_misc":{"Written by":"Comunicaci\u00f3n","Est. reading time":"2 minutes"},"schema":{"@context":"https:\/\/schema.org","@graph":[{"@type":"Article","@id":"https:\/\/fundacioncajaruraldelsur.com\/presentacion-del-libro-grandes-gestas-del-soldado-espanol-con-la-colaboracion-de-la-fundacion-caja-rural-del-sur\/#article","isPartOf":{"@id":"https:\/\/fundacioncajaruraldelsur.com\/presentacion-del-libro-grandes-gestas-del-soldado-espanol-con-la-colaboracion-de-la-fundacion-caja-rural-del-sur\/"},"author":{"name":"Comunicaci\u00f3n","@id":"https:\/\/fundacioncajaruraldelsur.com\/#\/schema\/person\/f430da9fb783d505ff061ad8b3d44577"},"headline":"Presentaci\u00f3n del libro \u201cGrandes gestas del soldado espa\u00f1ol\u201d con la colaboraci\u00f3n de la Fundaci\u00f3n Caja Rural del Sur","datePublished":"2023-06-19T15:17:41+00:00","dateModified":"2023-06-19T15:24:20+00:00","mainEntityOfPage":{"@id":"https:\/\/fundacioncajaruraldelsur.com\/presentacion-del-libro-grandes-gestas-del-soldado-espanol-con-la-colaboracion-de-la-fundacion-caja-rural-del-sur\/"},"wordCount":316,"image":{"@id":"https:\/\/fundacioncajaruraldelsur.com\/presentacion-del-libro-grandes-gestas-del-soldado-espanol-con-la-colaboracion-de-la-fundacion-caja-rural-del-sur\/#primaryimage"},"thumbnailUrl":"https:\/\/fundacioncajaruraldelsur.com\/wp-content\/uploads\/2023\/06\/general-castano-1.jpg","articleSection":["Presentaciones"],"inLanguage":"pt-PT"},{"@type":"WebPage","@id":"https:\/\/fundacioncajaruraldelsur.com\/presentacion-del-libro-grandes-gestas-del-soldado-espanol-con-la-colaboracion-de-la-fundacion-caja-rural-del-sur\/","url":"https:\/\/fundacioncajaruraldelsur.com\/presentacion-del-libro-grandes-gestas-del-soldado-espanol-con-la-colaboracion-de-la-fundacion-caja-rural-del-sur\/","name":"Presentaci\u00f3n del libro \u201cGrandes gestas del soldado espa\u00f1ol\u201d con la colaboraci\u00f3n de la Fundaci\u00f3n Caja Rural del Sur - Fundaci\u00f3n Caja Rural del Sur","isPartOf":{"@id":"https:\/\/fundacioncajaruraldelsur.com\/#website"},"primaryImageOfPage":{"@id":"https:\/\/fundacioncajaruraldelsur.com\/presentacion-del-libro-grandes-gestas-del-soldado-espanol-con-la-colaboracion-de-la-fundacion-caja-rural-del-sur\/#primaryimage"},"image":{"@id":"https:\/\/fundacioncajaruraldelsur.com\/presentacion-del-libro-grandes-gestas-del-soldado-espanol-con-la-colaboracion-de-la-fundacion-caja-rural-del-sur\/#primaryimage"},"thumbnailUrl":"https:\/\/fundacioncajaruraldelsur.com\/wp-content\/uploads\/2023\/06\/general-castano-1.jpg","datePublished":"2023-06-19T15:17:41+00:00","dateModified":"2023-06-19T15:24:20+00:00","author":{"@id":"https:\/\/fundacioncajaruraldelsur.com\/#\/schema\/person\/f430da9fb783d505ff061ad8b3d44577"},"breadcrumb":{"@id":"https:\/\/fundacioncajaruraldelsur.com\/presentacion-del-libro-grandes-gestas-del-soldado-espanol-con-la-colaboracion-de-la-fundacion-caja-rural-del-sur\/#breadcrumb"},"inLanguage":"pt-PT","potentialAction":[{"@type":"ReadAction","target":["https:\/\/fundacioncajaruraldelsur.com\/presentacion-del-libro-grandes-gestas-del-soldado-espanol-con-la-colaboracion-de-la-fundacion-caja-rural-del-sur\/"]}]},{"@type":"ImageObject","inLanguage":"pt-PT","@id":"https:\/\/fundacioncajaruraldelsur.com\/presentacion-del-libro-grandes-gestas-del-soldado-espanol-con-la-colaboracion-de-la-fundacion-caja-rural-del-sur\/#primaryimage","url":"https:\/\/fundacioncajaruraldelsur.com\/wp-content\/uploads\/2023\/06\/general-castano-1.jpg","contentUrl":"https:\/\/fundacioncajaruraldelsur.com\/wp-content\/uploads\/2023\/06\/general-castano-1.jpg","width":1024,"height":768},{"@type":"BreadcrumbList","@id":"https:\/\/fundacioncajaruraldelsur.com\/presentacion-del-libro-grandes-gestas-del-soldado-espanol-con-la-colaboracion-de-la-fundacion-caja-rural-del-sur\/#breadcrumb","itemListElement":[{"@type":"ListItem","position":1,"name":"Portada","item":"https:\/\/fundacioncajaruraldelsur.com\/"},{"@type":"ListItem","position":2,"name":"Presentaci\u00f3n del libro \u201cGrandes gestas del soldado espa\u00f1ol\u201d con la colaboraci\u00f3n de la Fundaci\u00f3n Caja Rural del Sur"}]},{"@type":"WebSite","@id":"https:\/\/fundacioncajaruraldelsur.com\/#website","url":"https:\/\/fundacioncajaruraldelsur.com\/","name":"Funda\u00e7\u00e3o Caja Rural del Sur","description":"","potentialAction":[{"@type":"SearchAction","target":{"@type":"EntryPoint","urlTemplate":"https:\/\/fundacioncajaruraldelsur.com\/?s={search_term_string}"},"query-input":{"@type":"PropertyValueSpecification","valueRequired":true,"valueName":"search_term_string"}}],"inLanguage":"pt-PT"},{"@type":"Person","@id":"https:\/\/fundacioncajaruraldelsur.com\/#\/schema\/person\/f430da9fb783d505ff061ad8b3d44577","name":"Comunicaci\u00f3n","image":{"@type":"ImageObject","inLanguage":"pt-PT","@id":"https:\/\/secure.gravatar.com\/avatar\/0dca239875993680bac4603ad2de7942da018f52cc3a244578e0b3b09314a8d8?s=96&d=blank&r=g","url":"https:\/\/secure.gravatar.com\/avatar\/0dca239875993680bac4603ad2de7942da018f52cc3a244578e0b3b09314a8d8?s=96&d=blank&r=g","contentUrl":"https:\/\/secure.gravatar.com\/avatar\/0dca239875993680bac4603ad2de7942da018f52cc3a244578e0b3b09314a8d8?s=96&d=blank&r=g","caption":"Comunicaci\u00f3n"}}]}},"rttpg_featured_image_url":{"full":["https:\/\/fundacioncajaruraldelsur.com\/wp-content\/uploads\/2023\/06\/general-castano-1.jpg",1024,768,false],"landscape":["https:\/\/fundacioncajaruraldelsur.com\/wp-content\/uploads\/2023\/06\/general-castano-1.jpg",1024,768,false],"portraits":["https:\/\/fundacioncajaruraldelsur.com\/wp-content\/uploads\/2023\/06\/general-castano-1.jpg",1024,768,false],"thumbnail":["https:\/\/fundacioncajaruraldelsur.com\/wp-content\/uploads\/2023\/06\/general-castano-1-150x150.jpg",150,150,true],"medium":["https:\/\/fundacioncajaruraldelsur.com\/wp-content\/uploads\/2023\/06\/general-castano-1-300x225.jpg",300,225,true],"large":["https:\/\/fundacioncajaruraldelsur.com\/wp-content\/uploads\/2023\/06\/general-castano-1.jpg",960,720,false],"1536x1536":["https:\/\/fundacioncajaruraldelsur.com\/wp-content\/uploads\/2023\/06\/general-castano-1.jpg",1024,768,false],"2048x2048":["https:\/\/fundacioncajaruraldelsur.com\/wp-content\/uploads\/2023\/06\/general-castano-1.jpg",1024,768,false],"trp-custom-language-flag":["https:\/\/fundacioncajaruraldelsur.com\/wp-content\/uploads\/2023\/06\/general-castano-1.jpg",16,12,false],"blog-thumbnail":["https:\/\/fundacioncajaruraldelsur.com\/wp-content\/uploads\/2023\/06\/general-castano-1-400x200.jpg",400,200,true]},"rttpg_author":{"display_name":"Comunicaci\u00f3n","author_link":"https:\/\/fundacioncajaruraldelsur.com\/pt\/author\/sevillaadmin\/"},"rttpg_comment":0,"rttpg_category":"<a href=\"https:\/\/fundacioncajaruraldelsur.com\/pt\/category\/presentaciones\/\" rel=\"category tag\">Presentaciones<\/a>","rttpg_excerpt":"Este lunes, 19 de junio, ha tenido lugar la presentaci\u00f3n de la publicaci\u00f3n \u201cGrandes gestas del soldado espa\u00f1ol\u201d, obra iniciativa de la Asociaci\u00f3n Nacional de Soldados Espa\u00f1oles, con el patrocinio [&hellip;]","_links":{"self":[{"href":"https:\/\/fundacioncajaruraldelsur.com\/pt\/wp-json\/wp\/v2\/posts\/9035","targetHints":{"allow":["GET"]}}],"collection":[{"href":"https:\/\/fundacioncajaruraldelsur.com\/pt\/wp-json\/wp\/v2\/posts"}],"about":[{"href":"https:\/\/fundacioncajaruraldelsur.com\/pt\/wp-json\/wp\/v2\/types\/post"}],"author":[{"embeddable":true,"href":"https:\/\/fundacioncajaruraldelsur.com\/pt\/wp-json\/wp\/v2\/users\/6"}],"replies":[{"embeddable":true,"href":"https:\/\/fundacioncajaruraldelsur.com\/pt\/wp-json\/wp\/v2\/comments?post=9035"}],"version-history":[{"count":9,"href":"https:\/\/fundacioncajaruraldelsur.com\/pt\/wp-json\/wp\/v2\/posts\/9035\/revisions"}],"predecessor-version":[{"id":9049,"href":"https:\/\/fundacioncajaruraldelsur.com\/pt\/wp-json\/wp\/v2\/posts\/9035\/revisions\/9049"}],"wp:featuredmedia":[{"embeddable":true,"href":"https:\/\/fundacioncajaruraldelsur.com\/pt\/wp-json\/wp\/v2\/media\/9042"}],"wp:attachment":[{"href":"https:\/\/fundacioncajaruraldelsur.com\/pt\/wp-json\/wp\/v2\/media?parent=9035"}],"wp:term":[{"taxonomy":"category","embeddable":true,"href":"https:\/\/fundacioncajaruraldelsur.com\/pt\/wp-json\/wp\/v2\/categories?post=9035"},{"taxonomy":"post_tag","embeddable":true,"href":"https:\/\/fundacioncajaruraldelsur.com\/pt\/wp-json\/wp\/v2\/tags?post=9035"}],"curies":[{"name":"wp","href":"https:\/\/api.w.org\/{rel}","templated":true}]}}