{"id":8918,"date":"2023-05-02T16:07:56","date_gmt":"2023-05-02T15:07:56","guid":{"rendered":"\/?p=8918"},"modified":"2023-05-02T16:07:56","modified_gmt":"2023-05-02T15:07:56","slug":"entregados-en-cordoba-los-premios-mildiu-pedro-cabezuelo-de-fundacion-caja-rural-del-sur","status":"publish","type":"post","link":"https:\/\/fundacioncajaruraldelsur.com\/pt\/entregados-en-cordoba-los-premios-mildiu-pedro-cabezuelo-de-fundacion-caja-rural-del-sur\/","title":{"rendered":"Entregados en C\u00f3rdoba los premios Mildiu \u2018Pedro Cabezuelo\u2019 de Fundaci\u00f3n Caja Rural del Sur"},"content":{"rendered":"<p>Los viticultores Rafael Carmona Moreno (Montemayor), Antonia Requena Alcaide (Montemayor), Juan Urbano Mesa (Montilla), Antonio Miguel P\u00e9rez Garrido (Aguilar de la Frontera), Jos\u00e9 Antonio S\u00e1nchez L\u00f3pez (Montemayor), Antonio P\u00e9rez Garrido (Aguilar de la Frontera) y Juan Urbano Mesa (Montilla) han sido los premiados en el concurso \u2018Pedro Cabezuelo\u2019, que promueve en la provincia de C\u00f3rdoba Fundaci\u00f3n Caja Rural del Sur, con el objetivo de fomentar la localizaci\u00f3n precoz de las primeras manchas de mildiu en los vi\u00f1edos del marco Montilla-Moriles.<\/p>\n<p>Estos premios Mildiu, como com\u00fanmente son llamados, se denominan \u2018Pedro Cabezuelo\u2019 porque fue el promotor de la idea hace ahora 28 a\u00f1os, siendo en esos a\u00f1os Jefe de Sanidad Vegetal de la provincia de C\u00f3rdoba y desde entonces lo ha estado patrocinando la Caja Rural. Con la actuaci\u00f3n vigilante de los viticultores detectando la mancha de la enfermedad se puede comunicar a tiempo a la Delegaci\u00f3n Provincial de Agricultura y \u00e9sta da el aviso de la existencia del hongo al resto de vi\u00f1edos para que sea a partir de ese momento cuando se hagan los tratamientos, que a veces hasta se han logrado evitar.<\/p>\n<p>El acto de entrega de premios cont\u00f3 con la participaci\u00f3n del Francisco Acosta Rosa, delegado Territorial de Agricultura, Pesca, Agua y Desarrollo Rural en la provincia de C\u00f3rdoba de la Junta de Andaluc\u00eda; Pedro Mart\u00ednez Almoguera, director Unidad de Negocio. de Caja Rural del Sur; \u00c1ngela Portero Bellido, Ingeniera Agr\u00f3noma. T\u00e9cnico del Aula de Viticultura del Consejo Regulador de las D.O.P. Montilla-Moriles; y, finalmente, Enrique Garrido Gim\u00e9nez, director Gerente del Consejo Regulador de las D.O.P. Montilla-Moriles.<\/p>\n<p><a href=\"\/wp-content\/uploads\/2023\/05\/230502.-Entrega-de-los-premios.jpg\" rel=\"lightbox-0\"><img loading=\"lazy\" decoding=\"async\" class=\"alignnone wp-image-8919 size-full\" src=\"\/wp-content\/uploads\/2023\/05\/230502.-Entrega-de-los-premios.jpg\" alt=\"\" width=\"1024\" height=\"768\" srcset=\"https:\/\/fundacioncajaruraldelsur.com\/wp-content\/uploads\/2023\/05\/230502.-Entrega-de-los-premios.jpg 1024w, https:\/\/fundacioncajaruraldelsur.com\/wp-content\/uploads\/2023\/05\/230502.-Entrega-de-los-premios-300x225.jpg 300w, https:\/\/fundacioncajaruraldelsur.com\/wp-content\/uploads\/2023\/05\/230502.-Entrega-de-los-premios-768x576.jpg 768w\" sizes=\"auto, (max-width: 1024px) 100vw, 1024px\" \/><\/a><\/p>","protected":false},"excerpt":{"rendered":"<p>Los viticultores Rafael Carmona Moreno (Montemayor), Antonia Requena Alcaide (Montemayor), Juan Urbano Mesa (Montilla), Antonio Miguel P\u00e9rez Garrido (Aguilar de la Frontera), Jos\u00e9 Antonio S\u00e1nchez L\u00f3pez (Montemayor), Antonio P\u00e9rez Garrido [&hellip;]<\/p>\n","protected":false},"author":6,"featured_media":8920,"comment_status":"closed","ping_status":"closed","sticky":false,"template":"","format":"standard","meta":{"footnotes":""},"categories":[64],"tags":[],"class_list":["post-8918","post","type-post","status-publish","format-standard","has-post-thumbnail","hentry","category-premios"],"yoast_head":"<!-- This site is optimized with the Yoast SEO plugin v27.3 - https:\/\/yoast.com\/product\/yoast-seo-wordpress\/ -->\n<title>Entregados en C\u00f3rdoba los premios Mildiu \u2018Pedro Cabezuelo\u2019 de Fundaci\u00f3n Caja Rural del Sur - Fundaci\u00f3n Caja Rural del Sur<\/title>\n<meta name=\"robots\" content=\"index, follow, max-snippet:-1, max-image-preview:large, max-video-preview:-1\" \/>\n<link rel=\"canonical\" href=\"https:\/\/fundacioncajaruraldelsur.com\/pt\/entregados-en-cordoba-los-premios-mildiu-pedro-cabezuelo-de-fundacion-caja-rural-del-sur\/\" \/>\n<meta property=\"og:locale\" content=\"pt_PT\" \/>\n<meta property=\"og:type\" content=\"article\" \/>\n<meta property=\"og:title\" content=\"Entregados en C\u00f3rdoba los premios Mildiu \u2018Pedro Cabezuelo\u2019 de Fundaci\u00f3n Caja Rural del Sur - Fundaci\u00f3n Caja Rural del Sur\" \/>\n<meta property=\"og:description\" content=\"Los viticultores Rafael Carmona Moreno (Montemayor), Antonia Requena Alcaide (Montemayor), Juan Urbano Mesa (Montilla), Antonio Miguel P\u00e9rez Garrido (Aguilar de la Frontera), Jos\u00e9 Antonio S\u00e1nchez L\u00f3pez (Montemayor), Antonio P\u00e9rez Garrido [&hellip;]\" \/>\n<meta property=\"og:url\" content=\"https:\/\/fundacioncajaruraldelsur.com\/pt\/entregados-en-cordoba-los-premios-mildiu-pedro-cabezuelo-de-fundacion-caja-rural-del-sur\/\" \/>\n<meta property=\"og:site_name\" content=\"Fundaci\u00f3n Caja Rural del Sur\" \/>\n<meta property=\"article:published_time\" content=\"2023-05-02T15:07:56+00:00\" \/>\n<meta property=\"og:image\" content=\"https:\/\/fundacioncajaruraldelsur.com\/wp-content\/uploads\/2023\/05\/230502.-En-la-foto-todos-los-premiados.jpg\" \/>\n\t<meta property=\"og:image:width\" content=\"1024\" \/>\n\t<meta property=\"og:image:height\" content=\"768\" \/>\n\t<meta property=\"og:image:type\" content=\"image\/jpeg\" \/>\n<meta name=\"author\" content=\"Comunicaci\u00f3n\" \/>\n<meta name=\"twitter:card\" content=\"summary_large_image\" \/>\n<meta name=\"twitter:label1\" content=\"Written by\" \/>\n\t<meta name=\"twitter:data1\" content=\"Comunicaci\u00f3n\" \/>\n\t<meta name=\"twitter:label2\" content=\"Est. reading time\" \/>\n\t<meta name=\"twitter:data2\" content=\"2 minutes\" \/>\n<script type=\"application\/ld+json\" class=\"yoast-schema-graph\">{\"@context\":\"https:\\\/\\\/schema.org\",\"@graph\":[{\"@type\":\"Article\",\"@id\":\"https:\\\/\\\/fundacioncajaruraldelsur.com\\\/entregados-en-cordoba-los-premios-mildiu-pedro-cabezuelo-de-fundacion-caja-rural-del-sur\\\/#article\",\"isPartOf\":{\"@id\":\"https:\\\/\\\/fundacioncajaruraldelsur.com\\\/entregados-en-cordoba-los-premios-mildiu-pedro-cabezuelo-de-fundacion-caja-rural-del-sur\\\/\"},\"author\":{\"name\":\"Comunicaci\u00f3n\",\"@id\":\"https:\\\/\\\/fundacioncajaruraldelsur.com\\\/#\\\/schema\\\/person\\\/f430da9fb783d505ff061ad8b3d44577\"},\"headline\":\"Entregados en C\u00f3rdoba los premios Mildiu \u2018Pedro Cabezuelo\u2019 de Fundaci\u00f3n Caja Rural del Sur\",\"datePublished\":\"2023-05-02T15:07:56+00:00\",\"mainEntityOfPage\":{\"@id\":\"https:\\\/\\\/fundacioncajaruraldelsur.com\\\/entregados-en-cordoba-los-premios-mildiu-pedro-cabezuelo-de-fundacion-caja-rural-del-sur\\\/\"},\"wordCount\":301,\"image\":{\"@id\":\"https:\\\/\\\/fundacioncajaruraldelsur.com\\\/entregados-en-cordoba-los-premios-mildiu-pedro-cabezuelo-de-fundacion-caja-rural-del-sur\\\/#primaryimage\"},\"thumbnailUrl\":\"https:\\\/\\\/fundacioncajaruraldelsur.com\\\/wp-content\\\/uploads\\\/2023\\\/05\\\/230502.-En-la-foto-todos-los-premiados.jpg\",\"articleSection\":[\"Premios\"],\"inLanguage\":\"pt-PT\"},{\"@type\":\"WebPage\",\"@id\":\"https:\\\/\\\/fundacioncajaruraldelsur.com\\\/entregados-en-cordoba-los-premios-mildiu-pedro-cabezuelo-de-fundacion-caja-rural-del-sur\\\/\",\"url\":\"https:\\\/\\\/fundacioncajaruraldelsur.com\\\/entregados-en-cordoba-los-premios-mildiu-pedro-cabezuelo-de-fundacion-caja-rural-del-sur\\\/\",\"name\":\"Entregados en C\u00f3rdoba los premios Mildiu \u2018Pedro Cabezuelo\u2019 de Fundaci\u00f3n Caja Rural del Sur - Fundaci\u00f3n Caja Rural del Sur\",\"isPartOf\":{\"@id\":\"https:\\\/\\\/fundacioncajaruraldelsur.com\\\/#website\"},\"primaryImageOfPage\":{\"@id\":\"https:\\\/\\\/fundacioncajaruraldelsur.com\\\/entregados-en-cordoba-los-premios-mildiu-pedro-cabezuelo-de-fundacion-caja-rural-del-sur\\\/#primaryimage\"},\"image\":{\"@id\":\"https:\\\/\\\/fundacioncajaruraldelsur.com\\\/entregados-en-cordoba-los-premios-mildiu-pedro-cabezuelo-de-fundacion-caja-rural-del-sur\\\/#primaryimage\"},\"thumbnailUrl\":\"https:\\\/\\\/fundacioncajaruraldelsur.com\\\/wp-content\\\/uploads\\\/2023\\\/05\\\/230502.-En-la-foto-todos-los-premiados.jpg\",\"datePublished\":\"2023-05-02T15:07:56+00:00\",\"author\":{\"@id\":\"https:\\\/\\\/fundacioncajaruraldelsur.com\\\/#\\\/schema\\\/person\\\/f430da9fb783d505ff061ad8b3d44577\"},\"breadcrumb\":{\"@id\":\"https:\\\/\\\/fundacioncajaruraldelsur.com\\\/entregados-en-cordoba-los-premios-mildiu-pedro-cabezuelo-de-fundacion-caja-rural-del-sur\\\/#breadcrumb\"},\"inLanguage\":\"pt-PT\",\"potentialAction\":[{\"@type\":\"ReadAction\",\"target\":[\"https:\\\/\\\/fundacioncajaruraldelsur.com\\\/entregados-en-cordoba-los-premios-mildiu-pedro-cabezuelo-de-fundacion-caja-rural-del-sur\\\/\"]}]},{\"@type\":\"ImageObject\",\"inLanguage\":\"pt-PT\",\"@id\":\"https:\\\/\\\/fundacioncajaruraldelsur.com\\\/entregados-en-cordoba-los-premios-mildiu-pedro-cabezuelo-de-fundacion-caja-rural-del-sur\\\/#primaryimage\",\"url\":\"https:\\\/\\\/fundacioncajaruraldelsur.com\\\/wp-content\\\/uploads\\\/2023\\\/05\\\/230502.-En-la-foto-todos-los-premiados.jpg\",\"contentUrl\":\"https:\\\/\\\/fundacioncajaruraldelsur.com\\\/wp-content\\\/uploads\\\/2023\\\/05\\\/230502.-En-la-foto-todos-los-premiados.jpg\",\"width\":1024,\"height\":768},{\"@type\":\"BreadcrumbList\",\"@id\":\"https:\\\/\\\/fundacioncajaruraldelsur.com\\\/entregados-en-cordoba-los-premios-mildiu-pedro-cabezuelo-de-fundacion-caja-rural-del-sur\\\/#breadcrumb\",\"itemListElement\":[{\"@type\":\"ListItem\",\"position\":1,\"name\":\"Portada\",\"item\":\"https:\\\/\\\/fundacioncajaruraldelsur.com\\\/\"},{\"@type\":\"ListItem\",\"position\":2,\"name\":\"Entregados en C\u00f3rdoba los premios Mildiu \u2018Pedro Cabezuelo\u2019 de Fundaci\u00f3n Caja Rural del Sur\"}]},{\"@type\":\"WebSite\",\"@id\":\"https:\\\/\\\/fundacioncajaruraldelsur.com\\\/#website\",\"url\":\"https:\\\/\\\/fundacioncajaruraldelsur.com\\\/\",\"name\":\"Fundaci\u00f3n Caja Rural del Sur\",\"description\":\"\",\"potentialAction\":[{\"@type\":\"SearchAction\",\"target\":{\"@type\":\"EntryPoint\",\"urlTemplate\":\"https:\\\/\\\/fundacioncajaruraldelsur.com\\\/?s={search_term_string}\"},\"query-input\":{\"@type\":\"PropertyValueSpecification\",\"valueRequired\":true,\"valueName\":\"search_term_string\"}}],\"inLanguage\":\"pt-PT\"},{\"@type\":\"Person\",\"@id\":\"https:\\\/\\\/fundacioncajaruraldelsur.com\\\/#\\\/schema\\\/person\\\/f430da9fb783d505ff061ad8b3d44577\",\"name\":\"Comunicaci\u00f3n\",\"image\":{\"@type\":\"ImageObject\",\"inLanguage\":\"pt-PT\",\"@id\":\"https:\\\/\\\/secure.gravatar.com\\\/avatar\\\/0dca239875993680bac4603ad2de7942da018f52cc3a244578e0b3b09314a8d8?s=96&d=blank&r=g\",\"url\":\"https:\\\/\\\/secure.gravatar.com\\\/avatar\\\/0dca239875993680bac4603ad2de7942da018f52cc3a244578e0b3b09314a8d8?s=96&d=blank&r=g\",\"contentUrl\":\"https:\\\/\\\/secure.gravatar.com\\\/avatar\\\/0dca239875993680bac4603ad2de7942da018f52cc3a244578e0b3b09314a8d8?s=96&d=blank&r=g\",\"caption\":\"Comunicaci\u00f3n\"}}]}<\/script>\n<!-- \/ Yoast SEO plugin. -->","yoast_head_json":{"title":"Entregados en C\u00f3rdoba los premios Mildiu \u2018Pedro Cabezuelo\u2019 de Fundaci\u00f3n Caja Rural del Sur - Fundaci\u00f3n Caja Rural del Sur","robots":{"index":"index","follow":"follow","max-snippet":"max-snippet:-1","max-image-preview":"max-image-preview:large","max-video-preview":"max-video-preview:-1"},"canonical":"https:\/\/fundacioncajaruraldelsur.com\/pt\/entregados-en-cordoba-los-premios-mildiu-pedro-cabezuelo-de-fundacion-caja-rural-del-sur\/","og_locale":"pt_PT","og_type":"article","og_title":"Entregados en C\u00f3rdoba los premios Mildiu \u2018Pedro Cabezuelo\u2019 de Fundaci\u00f3n Caja Rural del Sur - Fundaci\u00f3n Caja Rural del Sur","og_description":"Los viticultores Rafael Carmona Moreno (Montemayor), Antonia Requena Alcaide (Montemayor), Juan Urbano Mesa (Montilla), Antonio Miguel P\u00e9rez Garrido (Aguilar de la Frontera), Jos\u00e9 Antonio S\u00e1nchez L\u00f3pez (Montemayor), Antonio P\u00e9rez Garrido [&hellip;]","og_url":"https:\/\/fundacioncajaruraldelsur.com\/pt\/entregados-en-cordoba-los-premios-mildiu-pedro-cabezuelo-de-fundacion-caja-rural-del-sur\/","og_site_name":"Fundaci\u00f3n Caja Rural del Sur","article_published_time":"2023-05-02T15:07:56+00:00","og_image":[{"width":1024,"height":768,"url":"https:\/\/fundacioncajaruraldelsur.com\/wp-content\/uploads\/2023\/05\/230502.-En-la-foto-todos-los-premiados.jpg","type":"image\/jpeg"}],"author":"Comunicaci\u00f3n","twitter_card":"summary_large_image","twitter_misc":{"Written by":"Comunicaci\u00f3n","Est. reading time":"2 minutes"},"schema":{"@context":"https:\/\/schema.org","@graph":[{"@type":"Article","@id":"https:\/\/fundacioncajaruraldelsur.com\/entregados-en-cordoba-los-premios-mildiu-pedro-cabezuelo-de-fundacion-caja-rural-del-sur\/#article","isPartOf":{"@id":"https:\/\/fundacioncajaruraldelsur.com\/entregados-en-cordoba-los-premios-mildiu-pedro-cabezuelo-de-fundacion-caja-rural-del-sur\/"},"author":{"name":"Comunicaci\u00f3n","@id":"https:\/\/fundacioncajaruraldelsur.com\/#\/schema\/person\/f430da9fb783d505ff061ad8b3d44577"},"headline":"Entregados en C\u00f3rdoba los premios Mildiu \u2018Pedro Cabezuelo\u2019 de Fundaci\u00f3n Caja Rural del Sur","datePublished":"2023-05-02T15:07:56+00:00","mainEntityOfPage":{"@id":"https:\/\/fundacioncajaruraldelsur.com\/entregados-en-cordoba-los-premios-mildiu-pedro-cabezuelo-de-fundacion-caja-rural-del-sur\/"},"wordCount":301,"image":{"@id":"https:\/\/fundacioncajaruraldelsur.com\/entregados-en-cordoba-los-premios-mildiu-pedro-cabezuelo-de-fundacion-caja-rural-del-sur\/#primaryimage"},"thumbnailUrl":"https:\/\/fundacioncajaruraldelsur.com\/wp-content\/uploads\/2023\/05\/230502.-En-la-foto-todos-los-premiados.jpg","articleSection":["Premios"],"inLanguage":"pt-PT"},{"@type":"WebPage","@id":"https:\/\/fundacioncajaruraldelsur.com\/entregados-en-cordoba-los-premios-mildiu-pedro-cabezuelo-de-fundacion-caja-rural-del-sur\/","url":"https:\/\/fundacioncajaruraldelsur.com\/entregados-en-cordoba-los-premios-mildiu-pedro-cabezuelo-de-fundacion-caja-rural-del-sur\/","name":"Entregados en C\u00f3rdoba los premios Mildiu \u2018Pedro Cabezuelo\u2019 de Fundaci\u00f3n Caja Rural del Sur - Fundaci\u00f3n Caja Rural del Sur","isPartOf":{"@id":"https:\/\/fundacioncajaruraldelsur.com\/#website"},"primaryImageOfPage":{"@id":"https:\/\/fundacioncajaruraldelsur.com\/entregados-en-cordoba-los-premios-mildiu-pedro-cabezuelo-de-fundacion-caja-rural-del-sur\/#primaryimage"},"image":{"@id":"https:\/\/fundacioncajaruraldelsur.com\/entregados-en-cordoba-los-premios-mildiu-pedro-cabezuelo-de-fundacion-caja-rural-del-sur\/#primaryimage"},"thumbnailUrl":"https:\/\/fundacioncajaruraldelsur.com\/wp-content\/uploads\/2023\/05\/230502.-En-la-foto-todos-los-premiados.jpg","datePublished":"2023-05-02T15:07:56+00:00","author":{"@id":"https:\/\/fundacioncajaruraldelsur.com\/#\/schema\/person\/f430da9fb783d505ff061ad8b3d44577"},"breadcrumb":{"@id":"https:\/\/fundacioncajaruraldelsur.com\/entregados-en-cordoba-los-premios-mildiu-pedro-cabezuelo-de-fundacion-caja-rural-del-sur\/#breadcrumb"},"inLanguage":"pt-PT","potentialAction":[{"@type":"ReadAction","target":["https:\/\/fundacioncajaruraldelsur.com\/entregados-en-cordoba-los-premios-mildiu-pedro-cabezuelo-de-fundacion-caja-rural-del-sur\/"]}]},{"@type":"ImageObject","inLanguage":"pt-PT","@id":"https:\/\/fundacioncajaruraldelsur.com\/entregados-en-cordoba-los-premios-mildiu-pedro-cabezuelo-de-fundacion-caja-rural-del-sur\/#primaryimage","url":"https:\/\/fundacioncajaruraldelsur.com\/wp-content\/uploads\/2023\/05\/230502.-En-la-foto-todos-los-premiados.jpg","contentUrl":"https:\/\/fundacioncajaruraldelsur.com\/wp-content\/uploads\/2023\/05\/230502.-En-la-foto-todos-los-premiados.jpg","width":1024,"height":768},{"@type":"BreadcrumbList","@id":"https:\/\/fundacioncajaruraldelsur.com\/entregados-en-cordoba-los-premios-mildiu-pedro-cabezuelo-de-fundacion-caja-rural-del-sur\/#breadcrumb","itemListElement":[{"@type":"ListItem","position":1,"name":"Portada","item":"https:\/\/fundacioncajaruraldelsur.com\/"},{"@type":"ListItem","position":2,"name":"Entregados en C\u00f3rdoba los premios Mildiu \u2018Pedro Cabezuelo\u2019 de Fundaci\u00f3n Caja Rural del Sur"}]},{"@type":"WebSite","@id":"https:\/\/fundacioncajaruraldelsur.com\/#website","url":"https:\/\/fundacioncajaruraldelsur.com\/","name":"Funda\u00e7\u00e3o Caja Rural del Sur","description":"","potentialAction":[{"@type":"SearchAction","target":{"@type":"EntryPoint","urlTemplate":"https:\/\/fundacioncajaruraldelsur.com\/?s={search_term_string}"},"query-input":{"@type":"PropertyValueSpecification","valueRequired":true,"valueName":"search_term_string"}}],"inLanguage":"pt-PT"},{"@type":"Person","@id":"https:\/\/fundacioncajaruraldelsur.com\/#\/schema\/person\/f430da9fb783d505ff061ad8b3d44577","name":"Comunicaci\u00f3n","image":{"@type":"ImageObject","inLanguage":"pt-PT","@id":"https:\/\/secure.gravatar.com\/avatar\/0dca239875993680bac4603ad2de7942da018f52cc3a244578e0b3b09314a8d8?s=96&d=blank&r=g","url":"https:\/\/secure.gravatar.com\/avatar\/0dca239875993680bac4603ad2de7942da018f52cc3a244578e0b3b09314a8d8?s=96&d=blank&r=g","contentUrl":"https:\/\/secure.gravatar.com\/avatar\/0dca239875993680bac4603ad2de7942da018f52cc3a244578e0b3b09314a8d8?s=96&d=blank&r=g","caption":"Comunicaci\u00f3n"}}]}},"rttpg_featured_image_url":{"full":["https:\/\/fundacioncajaruraldelsur.com\/wp-content\/uploads\/2023\/05\/230502.-En-la-foto-todos-los-premiados.jpg",1024,768,false],"landscape":["https:\/\/fundacioncajaruraldelsur.com\/wp-content\/uploads\/2023\/05\/230502.-En-la-foto-todos-los-premiados.jpg",1024,768,false],"portraits":["https:\/\/fundacioncajaruraldelsur.com\/wp-content\/uploads\/2023\/05\/230502.-En-la-foto-todos-los-premiados.jpg",1024,768,false],"thumbnail":["https:\/\/fundacioncajaruraldelsur.com\/wp-content\/uploads\/2023\/05\/230502.-En-la-foto-todos-los-premiados-150x150.jpg",150,150,true],"medium":["https:\/\/fundacioncajaruraldelsur.com\/wp-content\/uploads\/2023\/05\/230502.-En-la-foto-todos-los-premiados-300x225.jpg",300,225,true],"large":["https:\/\/fundacioncajaruraldelsur.com\/wp-content\/uploads\/2023\/05\/230502.-En-la-foto-todos-los-premiados.jpg",960,720,false],"1536x1536":["https:\/\/fundacioncajaruraldelsur.com\/wp-content\/uploads\/2023\/05\/230502.-En-la-foto-todos-los-premiados.jpg",1024,768,false],"2048x2048":["https:\/\/fundacioncajaruraldelsur.com\/wp-content\/uploads\/2023\/05\/230502.-En-la-foto-todos-los-premiados.jpg",1024,768,false],"trp-custom-language-flag":["https:\/\/fundacioncajaruraldelsur.com\/wp-content\/uploads\/2023\/05\/230502.-En-la-foto-todos-los-premiados.jpg",16,12,false],"blog-thumbnail":["https:\/\/fundacioncajaruraldelsur.com\/wp-content\/uploads\/2023\/05\/230502.-En-la-foto-todos-los-premiados-400x200.jpg",400,200,true]},"rttpg_author":{"display_name":"Comunicaci\u00f3n","author_link":"https:\/\/fundacioncajaruraldelsur.com\/pt\/author\/sevillaadmin\/"},"rttpg_comment":0,"rttpg_category":"<a href=\"https:\/\/fundacioncajaruraldelsur.com\/pt\/category\/premios\/\" rel=\"category tag\">Premios<\/a>","rttpg_excerpt":"Los viticultores Rafael Carmona Moreno (Montemayor), Antonia Requena Alcaide (Montemayor), Juan Urbano Mesa (Montilla), Antonio Miguel P\u00e9rez Garrido (Aguilar de la Frontera), Jos\u00e9 Antonio S\u00e1nchez L\u00f3pez (Montemayor), Antonio P\u00e9rez Garrido [&hellip;]","_links":{"self":[{"href":"https:\/\/fundacioncajaruraldelsur.com\/pt\/wp-json\/wp\/v2\/posts\/8918","targetHints":{"allow":["GET"]}}],"collection":[{"href":"https:\/\/fundacioncajaruraldelsur.com\/pt\/wp-json\/wp\/v2\/posts"}],"about":[{"href":"https:\/\/fundacioncajaruraldelsur.com\/pt\/wp-json\/wp\/v2\/types\/post"}],"author":[{"embeddable":true,"href":"https:\/\/fundacioncajaruraldelsur.com\/pt\/wp-json\/wp\/v2\/users\/6"}],"replies":[{"embeddable":true,"href":"https:\/\/fundacioncajaruraldelsur.com\/pt\/wp-json\/wp\/v2\/comments?post=8918"}],"version-history":[{"count":1,"href":"https:\/\/fundacioncajaruraldelsur.com\/pt\/wp-json\/wp\/v2\/posts\/8918\/revisions"}],"predecessor-version":[{"id":8921,"href":"https:\/\/fundacioncajaruraldelsur.com\/pt\/wp-json\/wp\/v2\/posts\/8918\/revisions\/8921"}],"wp:featuredmedia":[{"embeddable":true,"href":"https:\/\/fundacioncajaruraldelsur.com\/pt\/wp-json\/wp\/v2\/media\/8920"}],"wp:attachment":[{"href":"https:\/\/fundacioncajaruraldelsur.com\/pt\/wp-json\/wp\/v2\/media?parent=8918"}],"wp:term":[{"taxonomy":"category","embeddable":true,"href":"https:\/\/fundacioncajaruraldelsur.com\/pt\/wp-json\/wp\/v2\/categories?post=8918"},{"taxonomy":"post_tag","embeddable":true,"href":"https:\/\/fundacioncajaruraldelsur.com\/pt\/wp-json\/wp\/v2\/tags?post=8918"}],"curies":[{"name":"wp","href":"https:\/\/api.w.org\/{rel}","templated":true}]}}