{"id":8828,"date":"2023-04-11T22:31:19","date_gmt":"2023-04-11T21:31:19","guid":{"rendered":"\/?p=8828"},"modified":"2023-04-11T22:31:19","modified_gmt":"2023-04-11T21:31:19","slug":"el-pintor-pedro-serna-expone-en-la-fundacion-caja-rural-del-sur-de-sevilla-con-una-recopilacion-de-su-mejor-pintura-taurina","status":"publish","type":"post","link":"https:\/\/fundacioncajaruraldelsur.com\/pt\/el-pintor-pedro-serna-expone-en-la-fundacion-caja-rural-del-sur-de-sevilla-con-una-recopilacion-de-su-mejor-pintura-taurina\/","title":{"rendered":"El pintor Pedro Serna expone en la Fundaci\u00f3n Caja Rural del Sur de Sevilla con una recopilaci\u00f3n de su mejor \u201cPintura Taurina\u201d"},"content":{"rendered":"<p>El pintor murciano, Pedro Serna, orient\u00f3 desde sus inicios en el mundo art\u00edstico su actividad hacia la \u201cPintura Taurina\u201d. Y ese es el t\u00edtulo precisamente que ha elegido para su muestra en la sede del Centro Cultural de la Fundaci\u00f3n Caja Rural del Sur, en la Calle Murillo,2\u00a0 de Sevilla.<\/p>\n<p>La responsable de Gesti\u00f3n Cultural de la Fundaci\u00f3n Caja Rural del Sur, Mar\u00eda Luisa Garc\u00eda-Palacios \u00c1lvarez, asisti\u00f3 e inaugur\u00f3 la exposici\u00f3n que se podr\u00e1 visitar hasta el 28 de abril, en horario de lunes a viernes de 10 a 14 horas y de 18 a 21 horas.<\/p>\n<p><a href=\"\/wp-content\/uploads\/2023\/04\/WhatsApp-Image-2023-04-11-at-23.13.28.jpeg\" rel=\"lightbox-0\"><img loading=\"lazy\" decoding=\"async\" class=\"alignnone wp-image-8836 size-large\" src=\"\/wp-content\/uploads\/2023\/04\/WhatsApp-Image-2023-04-11-at-23.13.28-1024x768.jpeg\" alt=\"\" width=\"960\" height=\"720\" srcset=\"https:\/\/fundacioncajaruraldelsur.com\/wp-content\/uploads\/2023\/04\/WhatsApp-Image-2023-04-11-at-23.13.28-1024x768.jpeg 1024w, https:\/\/fundacioncajaruraldelsur.com\/wp-content\/uploads\/2023\/04\/WhatsApp-Image-2023-04-11-at-23.13.28-300x225.jpeg 300w, https:\/\/fundacioncajaruraldelsur.com\/wp-content\/uploads\/2023\/04\/WhatsApp-Image-2023-04-11-at-23.13.28-768x576.jpeg 768w, https:\/\/fundacioncajaruraldelsur.com\/wp-content\/uploads\/2023\/04\/WhatsApp-Image-2023-04-11-at-23.13.28-1536x1152.jpeg 1536w, https:\/\/fundacioncajaruraldelsur.com\/wp-content\/uploads\/2023\/04\/WhatsApp-Image-2023-04-11-at-23.13.28.jpeg 2048w\" sizes=\"auto, (max-width: 960px) 100vw, 960px\" \/><\/a><\/p>\n<p>Su pintura, dedicada b\u00e1sicamente a lo largo de su trayectoria al paisaje, toca en la mayor\u00eda de las ocasiones la tem\u00e1tica taurina en la que se centra la exposici\u00f3n que presenta en la Fundaci\u00f3n Caja Rural del Sur que recoge una veintena de obras que reflejan escenas taurinas en distintos momentos de la lidia.<\/p>\n<p>As\u00ed la tauromaquia, la figura del torero y el toro centran la muestra de Pedro Serna, nacido en las Torres de Cotillas (Murcia), en 1944, artista que siente desde muy peque\u00f1o la atracci\u00f3n por la pintura.<\/p>\n<p>Artista singular, Pedro Serna es considerado por una buena parte de la cr\u00edtica (Fernando Ortiz, Juan Manuel Bonet, Aquilino Duque, Enrique Andr\u00e9s Ruiz, Andr\u00e9s Trapiello, etc.) como el mejor acuarelista vivo de la actualidad.<\/p>\n<p><a href=\"\/wp-content\/uploads\/2023\/04\/WhatsApp-Image-2023-04-11-at-23.13.27.jpeg\" rel=\"lightbox-1\"><img loading=\"lazy\" decoding=\"async\" class=\"alignnone wp-image-8837 size-full\" src=\"\/wp-content\/uploads\/2023\/04\/WhatsApp-Image-2023-04-11-at-23.13.27.jpeg\" alt=\"\" width=\"2048\" height=\"1536\" srcset=\"https:\/\/fundacioncajaruraldelsur.com\/wp-content\/uploads\/2023\/04\/WhatsApp-Image-2023-04-11-at-23.13.27.jpeg 2048w, https:\/\/fundacioncajaruraldelsur.com\/wp-content\/uploads\/2023\/04\/WhatsApp-Image-2023-04-11-at-23.13.27-300x225.jpeg 300w, https:\/\/fundacioncajaruraldelsur.com\/wp-content\/uploads\/2023\/04\/WhatsApp-Image-2023-04-11-at-23.13.27-1024x768.jpeg 1024w, https:\/\/fundacioncajaruraldelsur.com\/wp-content\/uploads\/2023\/04\/WhatsApp-Image-2023-04-11-at-23.13.27-768x576.jpeg 768w, https:\/\/fundacioncajaruraldelsur.com\/wp-content\/uploads\/2023\/04\/WhatsApp-Image-2023-04-11-at-23.13.27-1536x1152.jpeg 1536w\" sizes=\"auto, (max-width: 2048px) 100vw, 2048px\" \/><\/a><\/p>\n<p><strong>Pasi\u00f3n por la fiesta de los toros<\/strong><\/p>\n<p>Pedro Serna es un reconocido amante de la fiesta de los toros. Se anim\u00f3 a inmortalizar la misma al vivir el fenomenal ambiente taurino en la despedida del torero Manuel Cascales: \u201cMe viene a la memoria que la primera vez que pint\u00e9 un dibujo taurino fue en la corrida en la que se retir\u00f3 Manuel Cascales, con la presencia de Rafael de Paula y Emilio Mu\u00f1oz. El ambiente vivido me anim\u00f3 a hacer aquellos dibujos\u201d.<\/p>\n<p>Las acuarelas ilustran tanto el momento del pase\u00edllo como el de dirigir la lidia con el capote de brega. \u201cLa tauromaquia tiene un inter\u00e9s muy grande para m\u00ed desde el principio, y sobre todo a ra\u00edz de conocer personalmente a algunos de los mejores toreros que ha habido\u201d, expresa Serna que se declara seguidor de Rafael de Paula.<\/p>\n<p><a href=\"\/wp-content\/uploads\/2023\/04\/WhatsApp-Image-2023-04-11-at-23.13.29.jpeg\" rel=\"lightbox-2\"><img loading=\"lazy\" decoding=\"async\" class=\"alignnone wp-image-8835 size-full\" src=\"\/wp-content\/uploads\/2023\/04\/WhatsApp-Image-2023-04-11-at-23.13.29.jpeg\" alt=\"\" width=\"2048\" height=\"1536\" srcset=\"https:\/\/fundacioncajaruraldelsur.com\/wp-content\/uploads\/2023\/04\/WhatsApp-Image-2023-04-11-at-23.13.29.jpeg 2048w, https:\/\/fundacioncajaruraldelsur.com\/wp-content\/uploads\/2023\/04\/WhatsApp-Image-2023-04-11-at-23.13.29-300x225.jpeg 300w, https:\/\/fundacioncajaruraldelsur.com\/wp-content\/uploads\/2023\/04\/WhatsApp-Image-2023-04-11-at-23.13.29-1024x768.jpeg 1024w, https:\/\/fundacioncajaruraldelsur.com\/wp-content\/uploads\/2023\/04\/WhatsApp-Image-2023-04-11-at-23.13.29-768x576.jpeg 768w, https:\/\/fundacioncajaruraldelsur.com\/wp-content\/uploads\/2023\/04\/WhatsApp-Image-2023-04-11-at-23.13.29-1536x1152.jpeg 1536w\" sizes=\"auto, (max-width: 2048px) 100vw, 2048px\" \/><\/a><\/p>\n<p>En 1968 realiza la que ser\u00eda su primera exposici\u00f3n individual en el Centro Art\u00edstico de Granada y a partir de entonces participa en numerosas salas, principalmente en Murcia, Barcelona, Valencia y Madrid.<\/p>\n<p>Entre las muchas exposiciones realizadas a lo largo de su trayectoria se podr\u00edan destacar la realizada en 1980 en la Galer\u00eda Arte 16 de Madrid, en 1994 en la Galer\u00eda Mar\u00eda Salvat de Barcelona, sus Tauromaquias en el Palacio Almahud\u00ed de Murcia, la exposici\u00f3n Mar menoren el Museo Ram\u00f3n Gaya en 2023 o en la Feria internacional de Arte\u00a0 de Gante (B\u00e9lgica), entre otras muchas. Particip\u00f3 tambi\u00e9n en la Feria de Arte Contempor\u00e1neo, Arco 86, y en la Exposici\u00f3n Universal de Sevilla en 1992, en el pabell\u00f3n de Murcia.<\/p>\n<p><a href=\"\/wp-content\/uploads\/2023\/04\/WhatsApp-Image-2023-04-11-at-23.13.29-1.jpeg\" rel=\"lightbox-3\"><img loading=\"lazy\" decoding=\"async\" class=\"alignnone wp-image-8834 size-full\" src=\"\/wp-content\/uploads\/2023\/04\/WhatsApp-Image-2023-04-11-at-23.13.29-1.jpeg\" alt=\"\" width=\"2048\" height=\"1536\" srcset=\"https:\/\/fundacioncajaruraldelsur.com\/wp-content\/uploads\/2023\/04\/WhatsApp-Image-2023-04-11-at-23.13.29-1.jpeg 2048w, https:\/\/fundacioncajaruraldelsur.com\/wp-content\/uploads\/2023\/04\/WhatsApp-Image-2023-04-11-at-23.13.29-1-300x225.jpeg 300w, https:\/\/fundacioncajaruraldelsur.com\/wp-content\/uploads\/2023\/04\/WhatsApp-Image-2023-04-11-at-23.13.29-1-1024x768.jpeg 1024w, https:\/\/fundacioncajaruraldelsur.com\/wp-content\/uploads\/2023\/04\/WhatsApp-Image-2023-04-11-at-23.13.29-1-768x576.jpeg 768w, https:\/\/fundacioncajaruraldelsur.com\/wp-content\/uploads\/2023\/04\/WhatsApp-Image-2023-04-11-at-23.13.29-1-1536x1152.jpeg 1536w\" sizes=\"auto, (max-width: 2048px) 100vw, 2048px\" \/><\/a> <a href=\"\/wp-content\/uploads\/2023\/04\/WhatsApp-Image-2023-04-11-at-23.13.30.jpeg\" rel=\"lightbox-4\"><img loading=\"lazy\" decoding=\"async\" class=\"alignnone wp-image-8833 size-full\" src=\"\/wp-content\/uploads\/2023\/04\/WhatsApp-Image-2023-04-11-at-23.13.30.jpeg\" alt=\"\" width=\"2048\" height=\"1536\" srcset=\"https:\/\/fundacioncajaruraldelsur.com\/wp-content\/uploads\/2023\/04\/WhatsApp-Image-2023-04-11-at-23.13.30.jpeg 2048w, https:\/\/fundacioncajaruraldelsur.com\/wp-content\/uploads\/2023\/04\/WhatsApp-Image-2023-04-11-at-23.13.30-300x225.jpeg 300w, https:\/\/fundacioncajaruraldelsur.com\/wp-content\/uploads\/2023\/04\/WhatsApp-Image-2023-04-11-at-23.13.30-1024x768.jpeg 1024w, https:\/\/fundacioncajaruraldelsur.com\/wp-content\/uploads\/2023\/04\/WhatsApp-Image-2023-04-11-at-23.13.30-768x576.jpeg 768w, https:\/\/fundacioncajaruraldelsur.com\/wp-content\/uploads\/2023\/04\/WhatsApp-Image-2023-04-11-at-23.13.30-1536x1152.jpeg 1536w\" sizes=\"auto, (max-width: 2048px) 100vw, 2048px\" \/><\/a> <a href=\"\/wp-content\/uploads\/2023\/04\/WhatsApp-Image-2023-04-11-at-23.13.30-1.jpeg\" rel=\"lightbox-5\"><img loading=\"lazy\" decoding=\"async\" class=\"alignnone wp-image-8832 size-full\" src=\"\/wp-content\/uploads\/2023\/04\/WhatsApp-Image-2023-04-11-at-23.13.30-1.jpeg\" alt=\"\" width=\"2048\" height=\"1536\" srcset=\"https:\/\/fundacioncajaruraldelsur.com\/wp-content\/uploads\/2023\/04\/WhatsApp-Image-2023-04-11-at-23.13.30-1.jpeg 2048w, https:\/\/fundacioncajaruraldelsur.com\/wp-content\/uploads\/2023\/04\/WhatsApp-Image-2023-04-11-at-23.13.30-1-300x225.jpeg 300w, https:\/\/fundacioncajaruraldelsur.com\/wp-content\/uploads\/2023\/04\/WhatsApp-Image-2023-04-11-at-23.13.30-1-1024x768.jpeg 1024w, https:\/\/fundacioncajaruraldelsur.com\/wp-content\/uploads\/2023\/04\/WhatsApp-Image-2023-04-11-at-23.13.30-1-768x576.jpeg 768w, https:\/\/fundacioncajaruraldelsur.com\/wp-content\/uploads\/2023\/04\/WhatsApp-Image-2023-04-11-at-23.13.30-1-1536x1152.jpeg 1536w\" sizes=\"auto, (max-width: 2048px) 100vw, 2048px\" \/><\/a> <a href=\"\/wp-content\/uploads\/2023\/04\/WhatsApp-Image-2023-04-11-at-23.13.31.jpeg\" rel=\"lightbox-6\"><img loading=\"lazy\" decoding=\"async\" class=\"alignnone wp-image-8831 size-full\" src=\"\/wp-content\/uploads\/2023\/04\/WhatsApp-Image-2023-04-11-at-23.13.31.jpeg\" alt=\"\" width=\"2048\" height=\"1536\" srcset=\"https:\/\/fundacioncajaruraldelsur.com\/wp-content\/uploads\/2023\/04\/WhatsApp-Image-2023-04-11-at-23.13.31.jpeg 2048w, https:\/\/fundacioncajaruraldelsur.com\/wp-content\/uploads\/2023\/04\/WhatsApp-Image-2023-04-11-at-23.13.31-300x225.jpeg 300w, https:\/\/fundacioncajaruraldelsur.com\/wp-content\/uploads\/2023\/04\/WhatsApp-Image-2023-04-11-at-23.13.31-1024x768.jpeg 1024w, https:\/\/fundacioncajaruraldelsur.com\/wp-content\/uploads\/2023\/04\/WhatsApp-Image-2023-04-11-at-23.13.31-768x576.jpeg 768w, https:\/\/fundacioncajaruraldelsur.com\/wp-content\/uploads\/2023\/04\/WhatsApp-Image-2023-04-11-at-23.13.31-1536x1152.jpeg 1536w\" sizes=\"auto, (max-width: 2048px) 100vw, 2048px\" \/><\/a> <a href=\"\/wp-content\/uploads\/2023\/04\/WhatsApp-Image-2023-04-11-at-23.13.31-1.jpeg\" rel=\"lightbox-7\"><img loading=\"lazy\" decoding=\"async\" class=\"alignnone wp-image-8830 size-full\" src=\"\/wp-content\/uploads\/2023\/04\/WhatsApp-Image-2023-04-11-at-23.13.31-1.jpeg\" alt=\"\" width=\"1536\" height=\"2048\" srcset=\"https:\/\/fundacioncajaruraldelsur.com\/wp-content\/uploads\/2023\/04\/WhatsApp-Image-2023-04-11-at-23.13.31-1.jpeg 1536w, https:\/\/fundacioncajaruraldelsur.com\/wp-content\/uploads\/2023\/04\/WhatsApp-Image-2023-04-11-at-23.13.31-1-225x300.jpeg 225w, https:\/\/fundacioncajaruraldelsur.com\/wp-content\/uploads\/2023\/04\/WhatsApp-Image-2023-04-11-at-23.13.31-1-768x1024.jpeg 768w, https:\/\/fundacioncajaruraldelsur.com\/wp-content\/uploads\/2023\/04\/WhatsApp-Image-2023-04-11-at-23.13.31-1-1152x1536.jpeg 1152w\" sizes=\"auto, (max-width: 1536px) 100vw, 1536px\" \/><\/a><\/p>","protected":false},"excerpt":{"rendered":"<p>El pintor murciano, Pedro Serna, orient\u00f3 desde sus inicios en el mundo art\u00edstico su actividad hacia la \u201cPintura Taurina\u201d. Y ese es el t\u00edtulo precisamente que ha elegido para su [&hellip;]<\/p>\n","protected":false},"author":6,"featured_media":8838,"comment_status":"closed","ping_status":"closed","sticky":false,"template":"","format":"standard","meta":{"footnotes":""},"categories":[82],"tags":[],"class_list":["post-8828","post","type-post","status-publish","format-standard","has-post-thumbnail","hentry","category-exposiciones"],"yoast_head":"<!-- This site is optimized with the Yoast SEO plugin v27.3 - https:\/\/yoast.com\/product\/yoast-seo-wordpress\/ -->\n<title>El pintor Pedro Serna expone en la Fundaci\u00f3n Caja Rural del Sur de Sevilla con una recopilaci\u00f3n de su mejor \u201cPintura Taurina\u201d - Fundaci\u00f3n Caja Rural del Sur<\/title>\n<meta name=\"robots\" content=\"index, follow, max-snippet:-1, max-image-preview:large, max-video-preview:-1\" \/>\n<link rel=\"canonical\" href=\"https:\/\/fundacioncajaruraldelsur.com\/pt\/el-pintor-pedro-serna-expone-en-la-fundacion-caja-rural-del-sur-de-sevilla-con-una-recopilacion-de-su-mejor-pintura-taurina\/\" \/>\n<meta property=\"og:locale\" content=\"pt_PT\" \/>\n<meta property=\"og:type\" content=\"article\" \/>\n<meta property=\"og:title\" content=\"El pintor Pedro Serna expone en la Fundaci\u00f3n Caja Rural del Sur de Sevilla con una recopilaci\u00f3n de su mejor \u201cPintura Taurina\u201d - Fundaci\u00f3n Caja Rural del Sur\" \/>\n<meta property=\"og:description\" content=\"El pintor murciano, Pedro Serna, orient\u00f3 desde sus inicios en el mundo art\u00edstico su actividad hacia la \u201cPintura Taurina\u201d. Y ese es el t\u00edtulo precisamente que ha elegido para su [&hellip;]\" \/>\n<meta property=\"og:url\" content=\"https:\/\/fundacioncajaruraldelsur.com\/pt\/el-pintor-pedro-serna-expone-en-la-fundacion-caja-rural-del-sur-de-sevilla-con-una-recopilacion-de-su-mejor-pintura-taurina\/\" \/>\n<meta property=\"og:site_name\" content=\"Fundaci\u00f3n Caja Rural del Sur\" \/>\n<meta property=\"article:published_time\" content=\"2023-04-11T21:31:19+00:00\" \/>\n<meta property=\"og:image\" content=\"https:\/\/fundacioncajaruraldelsur.com\/wp-content\/uploads\/2023\/04\/WhatsApp-Image-2023-04-11-at-23.12.55.jpeg\" \/>\n\t<meta property=\"og:image:width\" content=\"2048\" \/>\n\t<meta property=\"og:image:height\" content=\"1536\" \/>\n\t<meta property=\"og:image:type\" content=\"image\/jpeg\" \/>\n<meta name=\"author\" content=\"Comunicaci\u00f3n\" \/>\n<meta name=\"twitter:card\" content=\"summary_large_image\" \/>\n<meta name=\"twitter:label1\" content=\"Written by\" \/>\n\t<meta name=\"twitter:data1\" content=\"Comunicaci\u00f3n\" \/>\n\t<meta name=\"twitter:label2\" content=\"Est. reading time\" \/>\n\t<meta name=\"twitter:data2\" content=\"4 minutes\" \/>\n<script type=\"application\/ld+json\" class=\"yoast-schema-graph\">{\"@context\":\"https:\\\/\\\/schema.org\",\"@graph\":[{\"@type\":\"Article\",\"@id\":\"https:\\\/\\\/fundacioncajaruraldelsur.com\\\/el-pintor-pedro-serna-expone-en-la-fundacion-caja-rural-del-sur-de-sevilla-con-una-recopilacion-de-su-mejor-pintura-taurina\\\/#article\",\"isPartOf\":{\"@id\":\"https:\\\/\\\/fundacioncajaruraldelsur.com\\\/el-pintor-pedro-serna-expone-en-la-fundacion-caja-rural-del-sur-de-sevilla-con-una-recopilacion-de-su-mejor-pintura-taurina\\\/\"},\"author\":{\"name\":\"Comunicaci\u00f3n\",\"@id\":\"https:\\\/\\\/fundacioncajaruraldelsur.com\\\/#\\\/schema\\\/person\\\/f430da9fb783d505ff061ad8b3d44577\"},\"headline\":\"El pintor Pedro Serna expone en la Fundaci\u00f3n Caja Rural del Sur de Sevilla con una recopilaci\u00f3n de su mejor \u201cPintura Taurina\u201d\",\"datePublished\":\"2023-04-11T21:31:19+00:00\",\"mainEntityOfPage\":{\"@id\":\"https:\\\/\\\/fundacioncajaruraldelsur.com\\\/el-pintor-pedro-serna-expone-en-la-fundacion-caja-rural-del-sur-de-sevilla-con-una-recopilacion-de-su-mejor-pintura-taurina\\\/\"},\"wordCount\":530,\"image\":{\"@id\":\"https:\\\/\\\/fundacioncajaruraldelsur.com\\\/el-pintor-pedro-serna-expone-en-la-fundacion-caja-rural-del-sur-de-sevilla-con-una-recopilacion-de-su-mejor-pintura-taurina\\\/#primaryimage\"},\"thumbnailUrl\":\"https:\\\/\\\/fundacioncajaruraldelsur.com\\\/wp-content\\\/uploads\\\/2023\\\/04\\\/WhatsApp-Image-2023-04-11-at-23.12.55.jpeg\",\"articleSection\":[\"Exposiciones\"],\"inLanguage\":\"pt-PT\"},{\"@type\":\"WebPage\",\"@id\":\"https:\\\/\\\/fundacioncajaruraldelsur.com\\\/el-pintor-pedro-serna-expone-en-la-fundacion-caja-rural-del-sur-de-sevilla-con-una-recopilacion-de-su-mejor-pintura-taurina\\\/\",\"url\":\"https:\\\/\\\/fundacioncajaruraldelsur.com\\\/el-pintor-pedro-serna-expone-en-la-fundacion-caja-rural-del-sur-de-sevilla-con-una-recopilacion-de-su-mejor-pintura-taurina\\\/\",\"name\":\"El pintor Pedro Serna expone en la Fundaci\u00f3n Caja Rural del Sur de Sevilla con una recopilaci\u00f3n de su mejor \u201cPintura Taurina\u201d - Fundaci\u00f3n Caja Rural del Sur\",\"isPartOf\":{\"@id\":\"https:\\\/\\\/fundacioncajaruraldelsur.com\\\/#website\"},\"primaryImageOfPage\":{\"@id\":\"https:\\\/\\\/fundacioncajaruraldelsur.com\\\/el-pintor-pedro-serna-expone-en-la-fundacion-caja-rural-del-sur-de-sevilla-con-una-recopilacion-de-su-mejor-pintura-taurina\\\/#primaryimage\"},\"image\":{\"@id\":\"https:\\\/\\\/fundacioncajaruraldelsur.com\\\/el-pintor-pedro-serna-expone-en-la-fundacion-caja-rural-del-sur-de-sevilla-con-una-recopilacion-de-su-mejor-pintura-taurina\\\/#primaryimage\"},\"thumbnailUrl\":\"https:\\\/\\\/fundacioncajaruraldelsur.com\\\/wp-content\\\/uploads\\\/2023\\\/04\\\/WhatsApp-Image-2023-04-11-at-23.12.55.jpeg\",\"datePublished\":\"2023-04-11T21:31:19+00:00\",\"author\":{\"@id\":\"https:\\\/\\\/fundacioncajaruraldelsur.com\\\/#\\\/schema\\\/person\\\/f430da9fb783d505ff061ad8b3d44577\"},\"breadcrumb\":{\"@id\":\"https:\\\/\\\/fundacioncajaruraldelsur.com\\\/el-pintor-pedro-serna-expone-en-la-fundacion-caja-rural-del-sur-de-sevilla-con-una-recopilacion-de-su-mejor-pintura-taurina\\\/#breadcrumb\"},\"inLanguage\":\"pt-PT\",\"potentialAction\":[{\"@type\":\"ReadAction\",\"target\":[\"https:\\\/\\\/fundacioncajaruraldelsur.com\\\/el-pintor-pedro-serna-expone-en-la-fundacion-caja-rural-del-sur-de-sevilla-con-una-recopilacion-de-su-mejor-pintura-taurina\\\/\"]}]},{\"@type\":\"ImageObject\",\"inLanguage\":\"pt-PT\",\"@id\":\"https:\\\/\\\/fundacioncajaruraldelsur.com\\\/el-pintor-pedro-serna-expone-en-la-fundacion-caja-rural-del-sur-de-sevilla-con-una-recopilacion-de-su-mejor-pintura-taurina\\\/#primaryimage\",\"url\":\"https:\\\/\\\/fundacioncajaruraldelsur.com\\\/wp-content\\\/uploads\\\/2023\\\/04\\\/WhatsApp-Image-2023-04-11-at-23.12.55.jpeg\",\"contentUrl\":\"https:\\\/\\\/fundacioncajaruraldelsur.com\\\/wp-content\\\/uploads\\\/2023\\\/04\\\/WhatsApp-Image-2023-04-11-at-23.12.55.jpeg\",\"width\":2048,\"height\":1536},{\"@type\":\"BreadcrumbList\",\"@id\":\"https:\\\/\\\/fundacioncajaruraldelsur.com\\\/el-pintor-pedro-serna-expone-en-la-fundacion-caja-rural-del-sur-de-sevilla-con-una-recopilacion-de-su-mejor-pintura-taurina\\\/#breadcrumb\",\"itemListElement\":[{\"@type\":\"ListItem\",\"position\":1,\"name\":\"Portada\",\"item\":\"https:\\\/\\\/fundacioncajaruraldelsur.com\\\/\"},{\"@type\":\"ListItem\",\"position\":2,\"name\":\"El pintor Pedro Serna expone en la Fundaci\u00f3n Caja Rural del Sur de Sevilla con una recopilaci\u00f3n de su mejor \u201cPintura Taurina\u201d\"}]},{\"@type\":\"WebSite\",\"@id\":\"https:\\\/\\\/fundacioncajaruraldelsur.com\\\/#website\",\"url\":\"https:\\\/\\\/fundacioncajaruraldelsur.com\\\/\",\"name\":\"Fundaci\u00f3n Caja Rural del Sur\",\"description\":\"\",\"potentialAction\":[{\"@type\":\"SearchAction\",\"target\":{\"@type\":\"EntryPoint\",\"urlTemplate\":\"https:\\\/\\\/fundacioncajaruraldelsur.com\\\/?s={search_term_string}\"},\"query-input\":{\"@type\":\"PropertyValueSpecification\",\"valueRequired\":true,\"valueName\":\"search_term_string\"}}],\"inLanguage\":\"pt-PT\"},{\"@type\":\"Person\",\"@id\":\"https:\\\/\\\/fundacioncajaruraldelsur.com\\\/#\\\/schema\\\/person\\\/f430da9fb783d505ff061ad8b3d44577\",\"name\":\"Comunicaci\u00f3n\",\"image\":{\"@type\":\"ImageObject\",\"inLanguage\":\"pt-PT\",\"@id\":\"https:\\\/\\\/secure.gravatar.com\\\/avatar\\\/0dca239875993680bac4603ad2de7942da018f52cc3a244578e0b3b09314a8d8?s=96&d=blank&r=g\",\"url\":\"https:\\\/\\\/secure.gravatar.com\\\/avatar\\\/0dca239875993680bac4603ad2de7942da018f52cc3a244578e0b3b09314a8d8?s=96&d=blank&r=g\",\"contentUrl\":\"https:\\\/\\\/secure.gravatar.com\\\/avatar\\\/0dca239875993680bac4603ad2de7942da018f52cc3a244578e0b3b09314a8d8?s=96&d=blank&r=g\",\"caption\":\"Comunicaci\u00f3n\"}}]}<\/script>\n<!-- \/ Yoast SEO plugin. -->","yoast_head_json":{"title":"El pintor Pedro Serna expone en la Fundaci\u00f3n Caja Rural del Sur de Sevilla con una recopilaci\u00f3n de su mejor \u201cPintura Taurina\u201d - Fundaci\u00f3n Caja Rural del Sur","robots":{"index":"index","follow":"follow","max-snippet":"max-snippet:-1","max-image-preview":"max-image-preview:large","max-video-preview":"max-video-preview:-1"},"canonical":"https:\/\/fundacioncajaruraldelsur.com\/pt\/el-pintor-pedro-serna-expone-en-la-fundacion-caja-rural-del-sur-de-sevilla-con-una-recopilacion-de-su-mejor-pintura-taurina\/","og_locale":"pt_PT","og_type":"article","og_title":"El pintor Pedro Serna expone en la Fundaci\u00f3n Caja Rural del Sur de Sevilla con una recopilaci\u00f3n de su mejor \u201cPintura Taurina\u201d - Fundaci\u00f3n Caja Rural del Sur","og_description":"El pintor murciano, Pedro Serna, orient\u00f3 desde sus inicios en el mundo art\u00edstico su actividad hacia la \u201cPintura Taurina\u201d. Y ese es el t\u00edtulo precisamente que ha elegido para su [&hellip;]","og_url":"https:\/\/fundacioncajaruraldelsur.com\/pt\/el-pintor-pedro-serna-expone-en-la-fundacion-caja-rural-del-sur-de-sevilla-con-una-recopilacion-de-su-mejor-pintura-taurina\/","og_site_name":"Fundaci\u00f3n Caja Rural del Sur","article_published_time":"2023-04-11T21:31:19+00:00","og_image":[{"width":2048,"height":1536,"url":"https:\/\/fundacioncajaruraldelsur.com\/wp-content\/uploads\/2023\/04\/WhatsApp-Image-2023-04-11-at-23.12.55.jpeg","type":"image\/jpeg"}],"author":"Comunicaci\u00f3n","twitter_card":"summary_large_image","twitter_misc":{"Written by":"Comunicaci\u00f3n","Est. reading time":"4 minutes"},"schema":{"@context":"https:\/\/schema.org","@graph":[{"@type":"Article","@id":"https:\/\/fundacioncajaruraldelsur.com\/el-pintor-pedro-serna-expone-en-la-fundacion-caja-rural-del-sur-de-sevilla-con-una-recopilacion-de-su-mejor-pintura-taurina\/#article","isPartOf":{"@id":"https:\/\/fundacioncajaruraldelsur.com\/el-pintor-pedro-serna-expone-en-la-fundacion-caja-rural-del-sur-de-sevilla-con-una-recopilacion-de-su-mejor-pintura-taurina\/"},"author":{"name":"Comunicaci\u00f3n","@id":"https:\/\/fundacioncajaruraldelsur.com\/#\/schema\/person\/f430da9fb783d505ff061ad8b3d44577"},"headline":"El pintor Pedro Serna expone en la Fundaci\u00f3n Caja Rural del Sur de Sevilla con una recopilaci\u00f3n de su mejor \u201cPintura Taurina\u201d","datePublished":"2023-04-11T21:31:19+00:00","mainEntityOfPage":{"@id":"https:\/\/fundacioncajaruraldelsur.com\/el-pintor-pedro-serna-expone-en-la-fundacion-caja-rural-del-sur-de-sevilla-con-una-recopilacion-de-su-mejor-pintura-taurina\/"},"wordCount":530,"image":{"@id":"https:\/\/fundacioncajaruraldelsur.com\/el-pintor-pedro-serna-expone-en-la-fundacion-caja-rural-del-sur-de-sevilla-con-una-recopilacion-de-su-mejor-pintura-taurina\/#primaryimage"},"thumbnailUrl":"https:\/\/fundacioncajaruraldelsur.com\/wp-content\/uploads\/2023\/04\/WhatsApp-Image-2023-04-11-at-23.12.55.jpeg","articleSection":["Exposiciones"],"inLanguage":"pt-PT"},{"@type":"WebPage","@id":"https:\/\/fundacioncajaruraldelsur.com\/el-pintor-pedro-serna-expone-en-la-fundacion-caja-rural-del-sur-de-sevilla-con-una-recopilacion-de-su-mejor-pintura-taurina\/","url":"https:\/\/fundacioncajaruraldelsur.com\/el-pintor-pedro-serna-expone-en-la-fundacion-caja-rural-del-sur-de-sevilla-con-una-recopilacion-de-su-mejor-pintura-taurina\/","name":"El pintor Pedro Serna expone en la Fundaci\u00f3n Caja Rural del Sur de Sevilla con una recopilaci\u00f3n de su mejor \u201cPintura Taurina\u201d - Fundaci\u00f3n Caja Rural del Sur","isPartOf":{"@id":"https:\/\/fundacioncajaruraldelsur.com\/#website"},"primaryImageOfPage":{"@id":"https:\/\/fundacioncajaruraldelsur.com\/el-pintor-pedro-serna-expone-en-la-fundacion-caja-rural-del-sur-de-sevilla-con-una-recopilacion-de-su-mejor-pintura-taurina\/#primaryimage"},"image":{"@id":"https:\/\/fundacioncajaruraldelsur.com\/el-pintor-pedro-serna-expone-en-la-fundacion-caja-rural-del-sur-de-sevilla-con-una-recopilacion-de-su-mejor-pintura-taurina\/#primaryimage"},"thumbnailUrl":"https:\/\/fundacioncajaruraldelsur.com\/wp-content\/uploads\/2023\/04\/WhatsApp-Image-2023-04-11-at-23.12.55.jpeg","datePublished":"2023-04-11T21:31:19+00:00","author":{"@id":"https:\/\/fundacioncajaruraldelsur.com\/#\/schema\/person\/f430da9fb783d505ff061ad8b3d44577"},"breadcrumb":{"@id":"https:\/\/fundacioncajaruraldelsur.com\/el-pintor-pedro-serna-expone-en-la-fundacion-caja-rural-del-sur-de-sevilla-con-una-recopilacion-de-su-mejor-pintura-taurina\/#breadcrumb"},"inLanguage":"pt-PT","potentialAction":[{"@type":"ReadAction","target":["https:\/\/fundacioncajaruraldelsur.com\/el-pintor-pedro-serna-expone-en-la-fundacion-caja-rural-del-sur-de-sevilla-con-una-recopilacion-de-su-mejor-pintura-taurina\/"]}]},{"@type":"ImageObject","inLanguage":"pt-PT","@id":"https:\/\/fundacioncajaruraldelsur.com\/el-pintor-pedro-serna-expone-en-la-fundacion-caja-rural-del-sur-de-sevilla-con-una-recopilacion-de-su-mejor-pintura-taurina\/#primaryimage","url":"https:\/\/fundacioncajaruraldelsur.com\/wp-content\/uploads\/2023\/04\/WhatsApp-Image-2023-04-11-at-23.12.55.jpeg","contentUrl":"https:\/\/fundacioncajaruraldelsur.com\/wp-content\/uploads\/2023\/04\/WhatsApp-Image-2023-04-11-at-23.12.55.jpeg","width":2048,"height":1536},{"@type":"BreadcrumbList","@id":"https:\/\/fundacioncajaruraldelsur.com\/el-pintor-pedro-serna-expone-en-la-fundacion-caja-rural-del-sur-de-sevilla-con-una-recopilacion-de-su-mejor-pintura-taurina\/#breadcrumb","itemListElement":[{"@type":"ListItem","position":1,"name":"Portada","item":"https:\/\/fundacioncajaruraldelsur.com\/"},{"@type":"ListItem","position":2,"name":"El pintor Pedro Serna expone en la Fundaci\u00f3n Caja Rural del Sur de Sevilla con una recopilaci\u00f3n de su mejor \u201cPintura Taurina\u201d"}]},{"@type":"WebSite","@id":"https:\/\/fundacioncajaruraldelsur.com\/#website","url":"https:\/\/fundacioncajaruraldelsur.com\/","name":"Funda\u00e7\u00e3o Caja Rural del Sur","description":"","potentialAction":[{"@type":"SearchAction","target":{"@type":"EntryPoint","urlTemplate":"https:\/\/fundacioncajaruraldelsur.com\/?s={search_term_string}"},"query-input":{"@type":"PropertyValueSpecification","valueRequired":true,"valueName":"search_term_string"}}],"inLanguage":"pt-PT"},{"@type":"Person","@id":"https:\/\/fundacioncajaruraldelsur.com\/#\/schema\/person\/f430da9fb783d505ff061ad8b3d44577","name":"Comunicaci\u00f3n","image":{"@type":"ImageObject","inLanguage":"pt-PT","@id":"https:\/\/secure.gravatar.com\/avatar\/0dca239875993680bac4603ad2de7942da018f52cc3a244578e0b3b09314a8d8?s=96&d=blank&r=g","url":"https:\/\/secure.gravatar.com\/avatar\/0dca239875993680bac4603ad2de7942da018f52cc3a244578e0b3b09314a8d8?s=96&d=blank&r=g","contentUrl":"https:\/\/secure.gravatar.com\/avatar\/0dca239875993680bac4603ad2de7942da018f52cc3a244578e0b3b09314a8d8?s=96&d=blank&r=g","caption":"Comunicaci\u00f3n"}}]}},"rttpg_featured_image_url":{"full":["https:\/\/fundacioncajaruraldelsur.com\/wp-content\/uploads\/2023\/04\/WhatsApp-Image-2023-04-11-at-23.12.55.jpeg",2048,1536,false],"landscape":["https:\/\/fundacioncajaruraldelsur.com\/wp-content\/uploads\/2023\/04\/WhatsApp-Image-2023-04-11-at-23.12.55.jpeg",2048,1536,false],"portraits":["https:\/\/fundacioncajaruraldelsur.com\/wp-content\/uploads\/2023\/04\/WhatsApp-Image-2023-04-11-at-23.12.55.jpeg",2048,1536,false],"thumbnail":["https:\/\/fundacioncajaruraldelsur.com\/wp-content\/uploads\/2023\/04\/WhatsApp-Image-2023-04-11-at-23.12.55-150x150.jpeg",150,150,true],"medium":["https:\/\/fundacioncajaruraldelsur.com\/wp-content\/uploads\/2023\/04\/WhatsApp-Image-2023-04-11-at-23.12.55-300x225.jpeg",300,225,true],"large":["https:\/\/fundacioncajaruraldelsur.com\/wp-content\/uploads\/2023\/04\/WhatsApp-Image-2023-04-11-at-23.12.55-1024x768.jpeg",960,720,true],"1536x1536":["https:\/\/fundacioncajaruraldelsur.com\/wp-content\/uploads\/2023\/04\/WhatsApp-Image-2023-04-11-at-23.12.55-1536x1152.jpeg",1536,1152,true],"2048x2048":["https:\/\/fundacioncajaruraldelsur.com\/wp-content\/uploads\/2023\/04\/WhatsApp-Image-2023-04-11-at-23.12.55.jpeg",2048,1536,false],"trp-custom-language-flag":["https:\/\/fundacioncajaruraldelsur.com\/wp-content\/uploads\/2023\/04\/WhatsApp-Image-2023-04-11-at-23.12.55.jpeg",16,12,false],"blog-thumbnail":["https:\/\/fundacioncajaruraldelsur.com\/wp-content\/uploads\/2023\/04\/WhatsApp-Image-2023-04-11-at-23.12.55-400x200.jpeg",400,200,true]},"rttpg_author":{"display_name":"Comunicaci\u00f3n","author_link":"https:\/\/fundacioncajaruraldelsur.com\/pt\/author\/sevillaadmin\/"},"rttpg_comment":0,"rttpg_category":"<a href=\"https:\/\/fundacioncajaruraldelsur.com\/pt\/category\/exposiciones\/\" rel=\"category tag\">Exposiciones<\/a>","rttpg_excerpt":"El pintor murciano, Pedro Serna, orient\u00f3 desde sus inicios en el mundo art\u00edstico su actividad hacia la \u201cPintura Taurina\u201d. Y ese es el t\u00edtulo precisamente que ha elegido para su [&hellip;]","_links":{"self":[{"href":"https:\/\/fundacioncajaruraldelsur.com\/pt\/wp-json\/wp\/v2\/posts\/8828","targetHints":{"allow":["GET"]}}],"collection":[{"href":"https:\/\/fundacioncajaruraldelsur.com\/pt\/wp-json\/wp\/v2\/posts"}],"about":[{"href":"https:\/\/fundacioncajaruraldelsur.com\/pt\/wp-json\/wp\/v2\/types\/post"}],"author":[{"embeddable":true,"href":"https:\/\/fundacioncajaruraldelsur.com\/pt\/wp-json\/wp\/v2\/users\/6"}],"replies":[{"embeddable":true,"href":"https:\/\/fundacioncajaruraldelsur.com\/pt\/wp-json\/wp\/v2\/comments?post=8828"}],"version-history":[{"count":1,"href":"https:\/\/fundacioncajaruraldelsur.com\/pt\/wp-json\/wp\/v2\/posts\/8828\/revisions"}],"predecessor-version":[{"id":8839,"href":"https:\/\/fundacioncajaruraldelsur.com\/pt\/wp-json\/wp\/v2\/posts\/8828\/revisions\/8839"}],"wp:featuredmedia":[{"embeddable":true,"href":"https:\/\/fundacioncajaruraldelsur.com\/pt\/wp-json\/wp\/v2\/media\/8838"}],"wp:attachment":[{"href":"https:\/\/fundacioncajaruraldelsur.com\/pt\/wp-json\/wp\/v2\/media?parent=8828"}],"wp:term":[{"taxonomy":"category","embeddable":true,"href":"https:\/\/fundacioncajaruraldelsur.com\/pt\/wp-json\/wp\/v2\/categories?post=8828"},{"taxonomy":"post_tag","embeddable":true,"href":"https:\/\/fundacioncajaruraldelsur.com\/pt\/wp-json\/wp\/v2\/tags?post=8828"}],"curies":[{"name":"wp","href":"https:\/\/api.w.org\/{rel}","templated":true}]}}