{"id":8808,"date":"2023-03-31T09:32:27","date_gmt":"2023-03-31T08:32:27","guid":{"rendered":"\/?p=8808"},"modified":"2023-03-31T09:32:27","modified_gmt":"2023-03-31T08:32:27","slug":"presentacion-del-foro-mujer-y-sociedad-e-intervencion-de-maria-calvo-sobre-la-belleza-de-ser-mujer","status":"publish","type":"post","link":"https:\/\/fundacioncajaruraldelsur.com\/pt\/presentacion-del-foro-mujer-y-sociedad-e-intervencion-de-maria-calvo-sobre-la-belleza-de-ser-mujer\/","title":{"rendered":"Presentaci\u00f3n del Foro Mujer y Sociedad e intervenci\u00f3n de Mar\u00eda Calvo sobre \u00abLa belleza de ser mujer\u00bb"},"content":{"rendered":"<p><strong>El Foro Mujer y Sociedad<\/strong> se ha presentado en Sevilla, este jueves 30 de marzo, en la sede del Centro Cultural Jos\u00e9 Luis Garc\u00eda Palacios de la Fundaci\u00f3n Caja Rural del Sur con la charla-coloquio \u00abLa belleza de ser mujer\u00bb de Mar\u00eda Calvo, jurista profesora de la Universidad Carlos III y autora del libro la mujer femenina.<\/p>\n<p><strong>La jornada ha sido clausurada<\/strong> por Ana Mato, secretaria general de Familias, Igualdad, Violencia y Diversidad de la Junta de Andaluc\u00eda qui\u00e9n ha apostado, por la conciliaci\u00f3n de la vida familiar y laboral para la mejora de la calidad de vida de las familias junto con Maria Jos\u00e9 \u00c1vila presidenta de la Federaci\u00f3n Andaluza Foro Mujer Sociedad, para concienciarnos de que la mujer puede ser agentes de cambio y transformar desde dentro las estructuras sociales.<\/p>\n<p>O\u00a0<strong>Foro Mujer Sociedad<\/strong>\u00a0naci\u00f3 en Almer\u00eda en el a\u00f1o 2012 con el apoyo, impulso y asesoramiento de las profesoras del Centro Internacional Trabajo y Familia del IESE, Nuria Chinchilla y Maruja Moragas, creadoras del movimiento Women\u2019s Lobby, actualmente IESE Women in Leadership (I-WiL). Se ha ido extendiendo por toda Andaluc\u00eda y, tras diez a\u00f1os, hemos constituido una\u00a0<strong>red de mujeres profesionales y directivas<\/strong>\u00a0en Almer\u00eda, Granada, M\u00e1laga, Ja\u00e9n y \u00dabeda y Sevilla que participar\u00e1n tambi\u00e9n en una mesa redonda sobre los retos y desaf\u00edos de los Foros de cada ciudad para los pr\u00f3ximos diez a\u00f1os.<\/p>\n<p><strong>Mar\u00eda Calvo &#8211; \u00abLa Belleza de ser mujer\u00bb<\/strong><\/p>\n<p style=\"text-align: left;\"><a href=\"\/wp-content\/uploads\/2023\/03\/WhatsApp-Image-2023-03-30-at-20.30.49.jpeg\" rel=\"lightbox-0\"><img loading=\"lazy\" decoding=\"async\" class=\"aligncenter wp-image-8812 size-full\" src=\"\/wp-content\/uploads\/2023\/03\/WhatsApp-Image-2023-03-30-at-20.30.49.jpeg\" alt=\"\" width=\"2048\" height=\"1536\" srcset=\"https:\/\/fundacioncajaruraldelsur.com\/wp-content\/uploads\/2023\/03\/WhatsApp-Image-2023-03-30-at-20.30.49.jpeg 2048w, https:\/\/fundacioncajaruraldelsur.com\/wp-content\/uploads\/2023\/03\/WhatsApp-Image-2023-03-30-at-20.30.49-300x225.jpeg 300w, https:\/\/fundacioncajaruraldelsur.com\/wp-content\/uploads\/2023\/03\/WhatsApp-Image-2023-03-30-at-20.30.49-1024x768.jpeg 1024w, https:\/\/fundacioncajaruraldelsur.com\/wp-content\/uploads\/2023\/03\/WhatsApp-Image-2023-03-30-at-20.30.49-768x576.jpeg 768w, https:\/\/fundacioncajaruraldelsur.com\/wp-content\/uploads\/2023\/03\/WhatsApp-Image-2023-03-30-at-20.30.49-1536x1152.jpeg 1536w\" sizes=\"auto, (max-width: 2048px) 100vw, 2048px\" \/><\/a><\/p>\n<p style=\"text-align: left;\">En la inauguraci\u00f3n del Foro se ha presentado la jurista Mar\u00eda Calvo con <strong>su charla-coloquio La belleza de ser mujer\u201d, <\/strong>describiendo el nacimiento de un nuevo feminismo. Mujeres que han demostrado sobradamente que son tan capaces como cualquier var\u00f3n de llegar a lo m\u00e1s alto de la carrera profesional con brillantez y eficacia, y que no quieren disfrazarse de hombres, asumir roles masculinos, ni emular sus actitudes y conductas; sino ser ellas mismas.<\/p>\n<p>La ponente ha respondido en la charla coloquio a preguntas como \u00bfQu\u00e9 significa ser mujer en el siglo XXI? Es una pregunta que, aunque nos resulte desconcertante, no recibe actualmente una respuesta clara y contundente. Existe una crisis de identidad personal que est\u00e1 afectando tanto al var\u00f3n como a la mujer; pero en relaci\u00f3n con \u00e9sta tiene una especial trascendencia puesto que la mujer es quien tiene la capacidad de traer vida al mundo y, en consecuencia, de transformar sin retorno la faz de la tierra. Siempre hay asuntos que pueden mejorar, pero el \u00e9xito femenino en el \u00e1mbito p\u00fablico en los pa\u00edses desarrollados es incuestionable.<\/p>\n<p>Sin embargo, en el \u00e1mbito privado, en la intimidad del hogar \u00bfsomos felices? La mujer de \u00e9xito parece ser aquella que busca a toda costa su realizaci\u00f3n personal y que rechaza los v\u00ednculos por miedo a perder su libertad, su tiempo y espacio para ella misma. La maternidad o los v\u00ednculos familiares, como el matrimonio, se perciben como cadenas que no nos permiten progresar. \u00bfEs feliz la mujer en estas circunstancias?<\/p>\n<p><a href=\"\/wp-content\/uploads\/2023\/03\/WhatsApp-Image-2023-03-30-at-20.30.43.jpeg\" rel=\"lightbox-1\"><img loading=\"lazy\" decoding=\"async\" class=\"alignnone wp-image-8813 size-full\" src=\"\/wp-content\/uploads\/2023\/03\/WhatsApp-Image-2023-03-30-at-20.30.43.jpeg\" alt=\"\" width=\"2048\" height=\"1536\" srcset=\"https:\/\/fundacioncajaruraldelsur.com\/wp-content\/uploads\/2023\/03\/WhatsApp-Image-2023-03-30-at-20.30.43.jpeg 2048w, https:\/\/fundacioncajaruraldelsur.com\/wp-content\/uploads\/2023\/03\/WhatsApp-Image-2023-03-30-at-20.30.43-300x225.jpeg 300w, https:\/\/fundacioncajaruraldelsur.com\/wp-content\/uploads\/2023\/03\/WhatsApp-Image-2023-03-30-at-20.30.43-1024x768.jpeg 1024w, https:\/\/fundacioncajaruraldelsur.com\/wp-content\/uploads\/2023\/03\/WhatsApp-Image-2023-03-30-at-20.30.43-768x576.jpeg 768w, https:\/\/fundacioncajaruraldelsur.com\/wp-content\/uploads\/2023\/03\/WhatsApp-Image-2023-03-30-at-20.30.43-1536x1152.jpeg 1536w\" sizes=\"auto, (max-width: 2048px) 100vw, 2048px\" \/><\/a>La realidad es que hay muchas mujeres que en este contexto se sienten fragmentadas, con sensaci\u00f3n de haberse \u201cperdido algo\u201d. Merece la pena plantearnos la pregunta \u00bfqui\u00e9n soy yo? y buscar, tanto en nuestra naturaleza, como en nuestra cultura, una respuesta que sea fiel a nuestra esencia femenina, porque solo as\u00ed podremos ser realmente due\u00f1as de nuestro destino.<\/p>\n<p><a href=\"https:\/\/www.linkedin.com\/in\/mar%C3%ADa-calvo-charro-45a23212\/?originalSubdomain=es\">Mar\u00eda Calvo Charro<\/a>, est\u00e1 casada desde hace 30 a\u00f1os y es madre de 4 hijos. Profesora Titular de Derecho Administrativo en la Universidad Carlos III y profesora del M\u00e1ster de Cristianismo y Cultura Contempor\u00e1nea en la Universidad de Navarra. Escritora de libros jur\u00eddicos y de divulgaci\u00f3n cient\u00edfica centrados en la educaci\u00f3n, familia, masculinidad y feminidad. Sus \u00faltimas publicaciones en esta l\u00ednea han sido: PATERNIDAD ROBADA (ed. Almuzara, 2021) y LA MUJER FEMENINA (ed. Rialp, 2022).<\/p>\n<p><a href=\"\/wp-content\/uploads\/2023\/03\/WhatsApp-Image-2023-03-30-at-21.16.52.jpeg\" rel=\"lightbox-2\"><img loading=\"lazy\" decoding=\"async\" class=\"alignnone wp-image-8811 size-full\" src=\"\/wp-content\/uploads\/2023\/03\/WhatsApp-Image-2023-03-30-at-21.16.52.jpeg\" alt=\"\" width=\"2048\" height=\"1106\" srcset=\"https:\/\/fundacioncajaruraldelsur.com\/wp-content\/uploads\/2023\/03\/WhatsApp-Image-2023-03-30-at-21.16.52.jpeg 2048w, https:\/\/fundacioncajaruraldelsur.com\/wp-content\/uploads\/2023\/03\/WhatsApp-Image-2023-03-30-at-21.16.52-300x162.jpeg 300w, https:\/\/fundacioncajaruraldelsur.com\/wp-content\/uploads\/2023\/03\/WhatsApp-Image-2023-03-30-at-21.16.52-1024x553.jpeg 1024w, https:\/\/fundacioncajaruraldelsur.com\/wp-content\/uploads\/2023\/03\/WhatsApp-Image-2023-03-30-at-21.16.52-768x415.jpeg 768w, https:\/\/fundacioncajaruraldelsur.com\/wp-content\/uploads\/2023\/03\/WhatsApp-Image-2023-03-30-at-21.16.52-1536x830.jpeg 1536w\" sizes=\"auto, (max-width: 2048px) 100vw, 2048px\" \/><\/a><\/p>","protected":false},"excerpt":{"rendered":"<p>El Foro Mujer y Sociedad se ha presentado en Sevilla, este jueves 30 de marzo, en la sede del Centro Cultural Jos\u00e9 Luis Garc\u00eda Palacios de la Fundaci\u00f3n Caja Rural [&hellip;]<\/p>\n","protected":false},"author":6,"featured_media":8809,"comment_status":"closed","ping_status":"closed","sticky":false,"template":"","format":"standard","meta":{"footnotes":""},"categories":[84],"tags":[],"class_list":["post-8808","post","type-post","status-publish","format-standard","has-post-thumbnail","hentry","category-presentaciones"],"yoast_head":"<!-- This site is optimized with the Yoast SEO plugin v27.3 - https:\/\/yoast.com\/product\/yoast-seo-wordpress\/ -->\n<title>Presentaci\u00f3n del Foro Mujer y Sociedad e intervenci\u00f3n de Mar\u00eda Calvo sobre &quot;La belleza de ser mujer&quot; - Fundaci\u00f3n Caja Rural del Sur<\/title>\n<meta name=\"robots\" content=\"index, follow, max-snippet:-1, max-image-preview:large, max-video-preview:-1\" \/>\n<link rel=\"canonical\" href=\"https:\/\/fundacioncajaruraldelsur.com\/pt\/presentacion-del-foro-mujer-y-sociedad-e-intervencion-de-maria-calvo-sobre-la-belleza-de-ser-mujer\/\" \/>\n<meta property=\"og:locale\" content=\"pt_PT\" \/>\n<meta property=\"og:type\" content=\"article\" \/>\n<meta property=\"og:title\" content=\"Presentaci\u00f3n del Foro Mujer y Sociedad e intervenci\u00f3n de Mar\u00eda Calvo sobre &quot;La belleza de ser mujer&quot; - Fundaci\u00f3n Caja Rural del Sur\" \/>\n<meta property=\"og:description\" content=\"El Foro Mujer y Sociedad se ha presentado en Sevilla, este jueves 30 de marzo, en la sede del Centro Cultural Jos\u00e9 Luis Garc\u00eda Palacios de la Fundaci\u00f3n Caja Rural [&hellip;]\" \/>\n<meta property=\"og:url\" content=\"https:\/\/fundacioncajaruraldelsur.com\/pt\/presentacion-del-foro-mujer-y-sociedad-e-intervencion-de-maria-calvo-sobre-la-belleza-de-ser-mujer\/\" \/>\n<meta property=\"og:site_name\" content=\"Fundaci\u00f3n Caja Rural del Sur\" \/>\n<meta property=\"article:published_time\" content=\"2023-03-31T08:32:27+00:00\" \/>\n<meta property=\"og:image\" content=\"https:\/\/fundacioncajaruraldelsur.com\/wp-content\/uploads\/2023\/03\/WhatsApp-Image-2023-03-30-at-19.48.52.jpeg\" \/>\n\t<meta property=\"og:image:width\" content=\"2048\" \/>\n\t<meta property=\"og:image:height\" content=\"1536\" \/>\n\t<meta property=\"og:image:type\" content=\"image\/jpeg\" \/>\n<meta name=\"author\" content=\"Comunicaci\u00f3n\" \/>\n<meta name=\"twitter:card\" content=\"summary_large_image\" \/>\n<meta name=\"twitter:label1\" content=\"Written by\" \/>\n\t<meta name=\"twitter:data1\" content=\"Comunicaci\u00f3n\" \/>\n\t<meta name=\"twitter:label2\" content=\"Est. reading time\" \/>\n\t<meta name=\"twitter:data2\" content=\"4 minutes\" \/>\n<script type=\"application\/ld+json\" class=\"yoast-schema-graph\">{\"@context\":\"https:\\\/\\\/schema.org\",\"@graph\":[{\"@type\":\"Article\",\"@id\":\"https:\\\/\\\/fundacioncajaruraldelsur.com\\\/presentacion-del-foro-mujer-y-sociedad-e-intervencion-de-maria-calvo-sobre-la-belleza-de-ser-mujer\\\/#article\",\"isPartOf\":{\"@id\":\"https:\\\/\\\/fundacioncajaruraldelsur.com\\\/presentacion-del-foro-mujer-y-sociedad-e-intervencion-de-maria-calvo-sobre-la-belleza-de-ser-mujer\\\/\"},\"author\":{\"name\":\"Comunicaci\u00f3n\",\"@id\":\"https:\\\/\\\/fundacioncajaruraldelsur.com\\\/#\\\/schema\\\/person\\\/f430da9fb783d505ff061ad8b3d44577\"},\"headline\":\"Presentaci\u00f3n del Foro Mujer y Sociedad e intervenci\u00f3n de Mar\u00eda Calvo sobre \u00abLa belleza de ser mujer\u00bb\",\"datePublished\":\"2023-03-31T08:32:27+00:00\",\"mainEntityOfPage\":{\"@id\":\"https:\\\/\\\/fundacioncajaruraldelsur.com\\\/presentacion-del-foro-mujer-y-sociedad-e-intervencion-de-maria-calvo-sobre-la-belleza-de-ser-mujer\\\/\"},\"wordCount\":677,\"image\":{\"@id\":\"https:\\\/\\\/fundacioncajaruraldelsur.com\\\/presentacion-del-foro-mujer-y-sociedad-e-intervencion-de-maria-calvo-sobre-la-belleza-de-ser-mujer\\\/#primaryimage\"},\"thumbnailUrl\":\"https:\\\/\\\/fundacioncajaruraldelsur.com\\\/wp-content\\\/uploads\\\/2023\\\/03\\\/WhatsApp-Image-2023-03-30-at-19.48.52.jpeg\",\"articleSection\":[\"Presentaciones\"],\"inLanguage\":\"pt-PT\"},{\"@type\":\"WebPage\",\"@id\":\"https:\\\/\\\/fundacioncajaruraldelsur.com\\\/presentacion-del-foro-mujer-y-sociedad-e-intervencion-de-maria-calvo-sobre-la-belleza-de-ser-mujer\\\/\",\"url\":\"https:\\\/\\\/fundacioncajaruraldelsur.com\\\/presentacion-del-foro-mujer-y-sociedad-e-intervencion-de-maria-calvo-sobre-la-belleza-de-ser-mujer\\\/\",\"name\":\"Presentaci\u00f3n del Foro Mujer y Sociedad e intervenci\u00f3n de Mar\u00eda Calvo sobre \\\"La belleza de ser mujer\\\" - Fundaci\u00f3n Caja Rural del Sur\",\"isPartOf\":{\"@id\":\"https:\\\/\\\/fundacioncajaruraldelsur.com\\\/#website\"},\"primaryImageOfPage\":{\"@id\":\"https:\\\/\\\/fundacioncajaruraldelsur.com\\\/presentacion-del-foro-mujer-y-sociedad-e-intervencion-de-maria-calvo-sobre-la-belleza-de-ser-mujer\\\/#primaryimage\"},\"image\":{\"@id\":\"https:\\\/\\\/fundacioncajaruraldelsur.com\\\/presentacion-del-foro-mujer-y-sociedad-e-intervencion-de-maria-calvo-sobre-la-belleza-de-ser-mujer\\\/#primaryimage\"},\"thumbnailUrl\":\"https:\\\/\\\/fundacioncajaruraldelsur.com\\\/wp-content\\\/uploads\\\/2023\\\/03\\\/WhatsApp-Image-2023-03-30-at-19.48.52.jpeg\",\"datePublished\":\"2023-03-31T08:32:27+00:00\",\"author\":{\"@id\":\"https:\\\/\\\/fundacioncajaruraldelsur.com\\\/#\\\/schema\\\/person\\\/f430da9fb783d505ff061ad8b3d44577\"},\"breadcrumb\":{\"@id\":\"https:\\\/\\\/fundacioncajaruraldelsur.com\\\/presentacion-del-foro-mujer-y-sociedad-e-intervencion-de-maria-calvo-sobre-la-belleza-de-ser-mujer\\\/#breadcrumb\"},\"inLanguage\":\"pt-PT\",\"potentialAction\":[{\"@type\":\"ReadAction\",\"target\":[\"https:\\\/\\\/fundacioncajaruraldelsur.com\\\/presentacion-del-foro-mujer-y-sociedad-e-intervencion-de-maria-calvo-sobre-la-belleza-de-ser-mujer\\\/\"]}]},{\"@type\":\"ImageObject\",\"inLanguage\":\"pt-PT\",\"@id\":\"https:\\\/\\\/fundacioncajaruraldelsur.com\\\/presentacion-del-foro-mujer-y-sociedad-e-intervencion-de-maria-calvo-sobre-la-belleza-de-ser-mujer\\\/#primaryimage\",\"url\":\"https:\\\/\\\/fundacioncajaruraldelsur.com\\\/wp-content\\\/uploads\\\/2023\\\/03\\\/WhatsApp-Image-2023-03-30-at-19.48.52.jpeg\",\"contentUrl\":\"https:\\\/\\\/fundacioncajaruraldelsur.com\\\/wp-content\\\/uploads\\\/2023\\\/03\\\/WhatsApp-Image-2023-03-30-at-19.48.52.jpeg\",\"width\":2048,\"height\":1536},{\"@type\":\"BreadcrumbList\",\"@id\":\"https:\\\/\\\/fundacioncajaruraldelsur.com\\\/presentacion-del-foro-mujer-y-sociedad-e-intervencion-de-maria-calvo-sobre-la-belleza-de-ser-mujer\\\/#breadcrumb\",\"itemListElement\":[{\"@type\":\"ListItem\",\"position\":1,\"name\":\"Portada\",\"item\":\"https:\\\/\\\/fundacioncajaruraldelsur.com\\\/\"},{\"@type\":\"ListItem\",\"position\":2,\"name\":\"Presentaci\u00f3n del Foro Mujer y Sociedad e intervenci\u00f3n de Mar\u00eda Calvo sobre \u00abLa belleza de ser mujer\u00bb\"}]},{\"@type\":\"WebSite\",\"@id\":\"https:\\\/\\\/fundacioncajaruraldelsur.com\\\/#website\",\"url\":\"https:\\\/\\\/fundacioncajaruraldelsur.com\\\/\",\"name\":\"Fundaci\u00f3n Caja Rural del Sur\",\"description\":\"\",\"potentialAction\":[{\"@type\":\"SearchAction\",\"target\":{\"@type\":\"EntryPoint\",\"urlTemplate\":\"https:\\\/\\\/fundacioncajaruraldelsur.com\\\/?s={search_term_string}\"},\"query-input\":{\"@type\":\"PropertyValueSpecification\",\"valueRequired\":true,\"valueName\":\"search_term_string\"}}],\"inLanguage\":\"pt-PT\"},{\"@type\":\"Person\",\"@id\":\"https:\\\/\\\/fundacioncajaruraldelsur.com\\\/#\\\/schema\\\/person\\\/f430da9fb783d505ff061ad8b3d44577\",\"name\":\"Comunicaci\u00f3n\",\"image\":{\"@type\":\"ImageObject\",\"inLanguage\":\"pt-PT\",\"@id\":\"https:\\\/\\\/secure.gravatar.com\\\/avatar\\\/0dca239875993680bac4603ad2de7942da018f52cc3a244578e0b3b09314a8d8?s=96&d=blank&r=g\",\"url\":\"https:\\\/\\\/secure.gravatar.com\\\/avatar\\\/0dca239875993680bac4603ad2de7942da018f52cc3a244578e0b3b09314a8d8?s=96&d=blank&r=g\",\"contentUrl\":\"https:\\\/\\\/secure.gravatar.com\\\/avatar\\\/0dca239875993680bac4603ad2de7942da018f52cc3a244578e0b3b09314a8d8?s=96&d=blank&r=g\",\"caption\":\"Comunicaci\u00f3n\"}}]}<\/script>\n<!-- \/ Yoast SEO plugin. -->","yoast_head_json":{"title":"Presentaci\u00f3n del Foro Mujer y Sociedad e intervenci\u00f3n de Mar\u00eda Calvo sobre \"La belleza de ser mujer\" - Fundaci\u00f3n Caja Rural del Sur","robots":{"index":"index","follow":"follow","max-snippet":"max-snippet:-1","max-image-preview":"max-image-preview:large","max-video-preview":"max-video-preview:-1"},"canonical":"https:\/\/fundacioncajaruraldelsur.com\/pt\/presentacion-del-foro-mujer-y-sociedad-e-intervencion-de-maria-calvo-sobre-la-belleza-de-ser-mujer\/","og_locale":"pt_PT","og_type":"article","og_title":"Presentaci\u00f3n del Foro Mujer y Sociedad e intervenci\u00f3n de Mar\u00eda Calvo sobre \"La belleza de ser mujer\" - Fundaci\u00f3n Caja Rural del Sur","og_description":"El Foro Mujer y Sociedad se ha presentado en Sevilla, este jueves 30 de marzo, en la sede del Centro Cultural Jos\u00e9 Luis Garc\u00eda Palacios de la Fundaci\u00f3n Caja Rural [&hellip;]","og_url":"https:\/\/fundacioncajaruraldelsur.com\/pt\/presentacion-del-foro-mujer-y-sociedad-e-intervencion-de-maria-calvo-sobre-la-belleza-de-ser-mujer\/","og_site_name":"Fundaci\u00f3n Caja Rural del Sur","article_published_time":"2023-03-31T08:32:27+00:00","og_image":[{"width":2048,"height":1536,"url":"https:\/\/fundacioncajaruraldelsur.com\/wp-content\/uploads\/2023\/03\/WhatsApp-Image-2023-03-30-at-19.48.52.jpeg","type":"image\/jpeg"}],"author":"Comunicaci\u00f3n","twitter_card":"summary_large_image","twitter_misc":{"Written by":"Comunicaci\u00f3n","Est. reading time":"4 minutes"},"schema":{"@context":"https:\/\/schema.org","@graph":[{"@type":"Article","@id":"https:\/\/fundacioncajaruraldelsur.com\/presentacion-del-foro-mujer-y-sociedad-e-intervencion-de-maria-calvo-sobre-la-belleza-de-ser-mujer\/#article","isPartOf":{"@id":"https:\/\/fundacioncajaruraldelsur.com\/presentacion-del-foro-mujer-y-sociedad-e-intervencion-de-maria-calvo-sobre-la-belleza-de-ser-mujer\/"},"author":{"name":"Comunicaci\u00f3n","@id":"https:\/\/fundacioncajaruraldelsur.com\/#\/schema\/person\/f430da9fb783d505ff061ad8b3d44577"},"headline":"Presentaci\u00f3n del Foro Mujer y Sociedad e intervenci\u00f3n de Mar\u00eda Calvo sobre \u00abLa belleza de ser mujer\u00bb","datePublished":"2023-03-31T08:32:27+00:00","mainEntityOfPage":{"@id":"https:\/\/fundacioncajaruraldelsur.com\/presentacion-del-foro-mujer-y-sociedad-e-intervencion-de-maria-calvo-sobre-la-belleza-de-ser-mujer\/"},"wordCount":677,"image":{"@id":"https:\/\/fundacioncajaruraldelsur.com\/presentacion-del-foro-mujer-y-sociedad-e-intervencion-de-maria-calvo-sobre-la-belleza-de-ser-mujer\/#primaryimage"},"thumbnailUrl":"https:\/\/fundacioncajaruraldelsur.com\/wp-content\/uploads\/2023\/03\/WhatsApp-Image-2023-03-30-at-19.48.52.jpeg","articleSection":["Presentaciones"],"inLanguage":"pt-PT"},{"@type":"WebPage","@id":"https:\/\/fundacioncajaruraldelsur.com\/presentacion-del-foro-mujer-y-sociedad-e-intervencion-de-maria-calvo-sobre-la-belleza-de-ser-mujer\/","url":"https:\/\/fundacioncajaruraldelsur.com\/presentacion-del-foro-mujer-y-sociedad-e-intervencion-de-maria-calvo-sobre-la-belleza-de-ser-mujer\/","name":"Presentaci\u00f3n del Foro Mujer y Sociedad e intervenci\u00f3n de Mar\u00eda Calvo sobre \"La belleza de ser mujer\" - Fundaci\u00f3n Caja Rural del Sur","isPartOf":{"@id":"https:\/\/fundacioncajaruraldelsur.com\/#website"},"primaryImageOfPage":{"@id":"https:\/\/fundacioncajaruraldelsur.com\/presentacion-del-foro-mujer-y-sociedad-e-intervencion-de-maria-calvo-sobre-la-belleza-de-ser-mujer\/#primaryimage"},"image":{"@id":"https:\/\/fundacioncajaruraldelsur.com\/presentacion-del-foro-mujer-y-sociedad-e-intervencion-de-maria-calvo-sobre-la-belleza-de-ser-mujer\/#primaryimage"},"thumbnailUrl":"https:\/\/fundacioncajaruraldelsur.com\/wp-content\/uploads\/2023\/03\/WhatsApp-Image-2023-03-30-at-19.48.52.jpeg","datePublished":"2023-03-31T08:32:27+00:00","author":{"@id":"https:\/\/fundacioncajaruraldelsur.com\/#\/schema\/person\/f430da9fb783d505ff061ad8b3d44577"},"breadcrumb":{"@id":"https:\/\/fundacioncajaruraldelsur.com\/presentacion-del-foro-mujer-y-sociedad-e-intervencion-de-maria-calvo-sobre-la-belleza-de-ser-mujer\/#breadcrumb"},"inLanguage":"pt-PT","potentialAction":[{"@type":"ReadAction","target":["https:\/\/fundacioncajaruraldelsur.com\/presentacion-del-foro-mujer-y-sociedad-e-intervencion-de-maria-calvo-sobre-la-belleza-de-ser-mujer\/"]}]},{"@type":"ImageObject","inLanguage":"pt-PT","@id":"https:\/\/fundacioncajaruraldelsur.com\/presentacion-del-foro-mujer-y-sociedad-e-intervencion-de-maria-calvo-sobre-la-belleza-de-ser-mujer\/#primaryimage","url":"https:\/\/fundacioncajaruraldelsur.com\/wp-content\/uploads\/2023\/03\/WhatsApp-Image-2023-03-30-at-19.48.52.jpeg","contentUrl":"https:\/\/fundacioncajaruraldelsur.com\/wp-content\/uploads\/2023\/03\/WhatsApp-Image-2023-03-30-at-19.48.52.jpeg","width":2048,"height":1536},{"@type":"BreadcrumbList","@id":"https:\/\/fundacioncajaruraldelsur.com\/presentacion-del-foro-mujer-y-sociedad-e-intervencion-de-maria-calvo-sobre-la-belleza-de-ser-mujer\/#breadcrumb","itemListElement":[{"@type":"ListItem","position":1,"name":"Portada","item":"https:\/\/fundacioncajaruraldelsur.com\/"},{"@type":"ListItem","position":2,"name":"Presentaci\u00f3n del Foro Mujer y Sociedad e intervenci\u00f3n de Mar\u00eda Calvo sobre \u00abLa belleza de ser mujer\u00bb"}]},{"@type":"WebSite","@id":"https:\/\/fundacioncajaruraldelsur.com\/#website","url":"https:\/\/fundacioncajaruraldelsur.com\/","name":"Funda\u00e7\u00e3o Caja Rural del Sur","description":"","potentialAction":[{"@type":"SearchAction","target":{"@type":"EntryPoint","urlTemplate":"https:\/\/fundacioncajaruraldelsur.com\/?s={search_term_string}"},"query-input":{"@type":"PropertyValueSpecification","valueRequired":true,"valueName":"search_term_string"}}],"inLanguage":"pt-PT"},{"@type":"Person","@id":"https:\/\/fundacioncajaruraldelsur.com\/#\/schema\/person\/f430da9fb783d505ff061ad8b3d44577","name":"Comunicaci\u00f3n","image":{"@type":"ImageObject","inLanguage":"pt-PT","@id":"https:\/\/secure.gravatar.com\/avatar\/0dca239875993680bac4603ad2de7942da018f52cc3a244578e0b3b09314a8d8?s=96&d=blank&r=g","url":"https:\/\/secure.gravatar.com\/avatar\/0dca239875993680bac4603ad2de7942da018f52cc3a244578e0b3b09314a8d8?s=96&d=blank&r=g","contentUrl":"https:\/\/secure.gravatar.com\/avatar\/0dca239875993680bac4603ad2de7942da018f52cc3a244578e0b3b09314a8d8?s=96&d=blank&r=g","caption":"Comunicaci\u00f3n"}}]}},"rttpg_featured_image_url":{"full":["https:\/\/fundacioncajaruraldelsur.com\/wp-content\/uploads\/2023\/03\/WhatsApp-Image-2023-03-30-at-19.48.52.jpeg",2048,1536,false],"landscape":["https:\/\/fundacioncajaruraldelsur.com\/wp-content\/uploads\/2023\/03\/WhatsApp-Image-2023-03-30-at-19.48.52.jpeg",2048,1536,false],"portraits":["https:\/\/fundacioncajaruraldelsur.com\/wp-content\/uploads\/2023\/03\/WhatsApp-Image-2023-03-30-at-19.48.52.jpeg",2048,1536,false],"thumbnail":["https:\/\/fundacioncajaruraldelsur.com\/wp-content\/uploads\/2023\/03\/WhatsApp-Image-2023-03-30-at-19.48.52-150x150.jpeg",150,150,true],"medium":["https:\/\/fundacioncajaruraldelsur.com\/wp-content\/uploads\/2023\/03\/WhatsApp-Image-2023-03-30-at-19.48.52-300x225.jpeg",300,225,true],"large":["https:\/\/fundacioncajaruraldelsur.com\/wp-content\/uploads\/2023\/03\/WhatsApp-Image-2023-03-30-at-19.48.52-1024x768.jpeg",960,720,true],"1536x1536":["https:\/\/fundacioncajaruraldelsur.com\/wp-content\/uploads\/2023\/03\/WhatsApp-Image-2023-03-30-at-19.48.52-1536x1152.jpeg",1536,1152,true],"2048x2048":["https:\/\/fundacioncajaruraldelsur.com\/wp-content\/uploads\/2023\/03\/WhatsApp-Image-2023-03-30-at-19.48.52.jpeg",2048,1536,false],"trp-custom-language-flag":["https:\/\/fundacioncajaruraldelsur.com\/wp-content\/uploads\/2023\/03\/WhatsApp-Image-2023-03-30-at-19.48.52.jpeg",16,12,false],"blog-thumbnail":["https:\/\/fundacioncajaruraldelsur.com\/wp-content\/uploads\/2023\/03\/WhatsApp-Image-2023-03-30-at-19.48.52-400x200.jpeg",400,200,true]},"rttpg_author":{"display_name":"Comunicaci\u00f3n","author_link":"https:\/\/fundacioncajaruraldelsur.com\/pt\/author\/sevillaadmin\/"},"rttpg_comment":0,"rttpg_category":"<a href=\"https:\/\/fundacioncajaruraldelsur.com\/pt\/category\/presentaciones\/\" rel=\"category tag\">Presentaciones<\/a>","rttpg_excerpt":"El Foro Mujer y Sociedad se ha presentado en Sevilla, este jueves 30 de marzo, en la sede del Centro Cultural Jos\u00e9 Luis Garc\u00eda Palacios de la Fundaci\u00f3n Caja Rural [&hellip;]","_links":{"self":[{"href":"https:\/\/fundacioncajaruraldelsur.com\/pt\/wp-json\/wp\/v2\/posts\/8808","targetHints":{"allow":["GET"]}}],"collection":[{"href":"https:\/\/fundacioncajaruraldelsur.com\/pt\/wp-json\/wp\/v2\/posts"}],"about":[{"href":"https:\/\/fundacioncajaruraldelsur.com\/pt\/wp-json\/wp\/v2\/types\/post"}],"author":[{"embeddable":true,"href":"https:\/\/fundacioncajaruraldelsur.com\/pt\/wp-json\/wp\/v2\/users\/6"}],"replies":[{"embeddable":true,"href":"https:\/\/fundacioncajaruraldelsur.com\/pt\/wp-json\/wp\/v2\/comments?post=8808"}],"version-history":[{"count":1,"href":"https:\/\/fundacioncajaruraldelsur.com\/pt\/wp-json\/wp\/v2\/posts\/8808\/revisions"}],"predecessor-version":[{"id":8814,"href":"https:\/\/fundacioncajaruraldelsur.com\/pt\/wp-json\/wp\/v2\/posts\/8808\/revisions\/8814"}],"wp:featuredmedia":[{"embeddable":true,"href":"https:\/\/fundacioncajaruraldelsur.com\/pt\/wp-json\/wp\/v2\/media\/8809"}],"wp:attachment":[{"href":"https:\/\/fundacioncajaruraldelsur.com\/pt\/wp-json\/wp\/v2\/media?parent=8808"}],"wp:term":[{"taxonomy":"category","embeddable":true,"href":"https:\/\/fundacioncajaruraldelsur.com\/pt\/wp-json\/wp\/v2\/categories?post=8808"},{"taxonomy":"post_tag","embeddable":true,"href":"https:\/\/fundacioncajaruraldelsur.com\/pt\/wp-json\/wp\/v2\/tags?post=8808"}],"curies":[{"name":"wp","href":"https:\/\/api.w.org\/{rel}","templated":true}]}}