{"id":8790,"date":"2023-03-30T17:18:30","date_gmt":"2023-03-30T16:18:30","guid":{"rendered":"\/?p=8790"},"modified":"2023-03-30T17:18:30","modified_gmt":"2023-03-30T16:18:30","slug":"la-fundacion-caja-rural-del-sur-premiada-por-el-iii-certamen-de-tentaderos-utrera-cuna-del-toro-bravo","status":"publish","type":"post","link":"https:\/\/fundacioncajaruraldelsur.com\/pt\/la-fundacion-caja-rural-del-sur-premiada-por-el-iii-certamen-de-tentaderos-utrera-cuna-del-toro-bravo\/","title":{"rendered":"La Fundaci\u00f3n Caja Rural del Sur premiada por el III Certamen de Tentaderos \u201cUtrera, cuna del toro bravo\u201d"},"content":{"rendered":"<p>O\u00a0<strong>Centro Cultural \u201cJos\u00e9 Luis Garc\u00eda Palacios\u201d<\/strong>\u00a0de la Fundaci\u00f3n Caja Rural del Sur en Sevilla acogi\u00f3 el mi\u00e9rcoles 29 de marzo la presentaci\u00f3n de cartel anunciador de\u00a0III Certamen de Tentaderos \u201cUtrera, cuna del toro bravo\u201d\u00a0que se celebrar\u00e1 en la plaza de toros de Utrera durante los d\u00edas 16, 17 y 18 de junio. Festejos que tendr\u00e1n car\u00e1cter gratuito.<\/p>\n<p>En el transcurso del acto se hizo entrega del <strong>galard\u00f3n \u201cCuna del Toro Bravo\u201d, instituido por la entidad de Utrera, al director de la\u00a0Fundaci\u00f3n Caja Rural del Sur, Emilio Ponce,<\/strong> que tuvo palabras de agradecimiento para la asociaci\u00f3n y dej\u00f3 muy claro el apoyo incondicional a la tauromaquia de la Fundaci\u00f3n que dirige.<\/p>\n<p>El certamen plantea sendas eliminatorias, a celebrar en horario nocturno, en las que concurrir\u00e1n la<strong>\u00a0Escuela Taurina \u201cCurro Guill\u00e9n\u201d de Utrera y otras escuelas de la provincia<\/strong>. Se dividir\u00e1n en dos grupos de participaci\u00f3n con reses de Guadaira y Herederos de Salvador Guardiola, respectivamente. Los cuatro destacados con mayor puntuaci\u00f3n pasar\u00e1n a la final prevista para el 18 de junio para lidiar reses de la ganader\u00eda de\u00a0<strong>Diego Curiel<\/strong>.<\/p>\n<p>Esta tercera edici\u00f3n de tentaderos redir\u00e1 homenaje de reconocimiento al ganadero recientemente fallecido,\u00a0<strong>Jaime Guardiola Dom\u00ednguez<\/strong>, pilar fundamental en la preparaci\u00f3n de todos aquellos que han so\u00f1ado con el toreo. Su casa de El Toru\u00f1o ha sido cita obligada de matadores de toros y novilleros utreranos, un hombre respetado y muy querido en Utrera.<\/p>\n<p>El acto, presentado por el cr\u00edtico e informador taurino utrerano,\u00a0<strong>Manolo Viera<\/strong>, cont\u00f3 con la presencia del delegado de Gobierno de la Junta de Andaluc\u00eda,\u00a0<strong>Ricardo S\u00e1nchez<\/strong>, de la delegada de Fiestas Mayores, Turismo y Cultura del ayuntamiento de Utrera, Mar\u00eda del Carmen Cabra, del Director de la Fundaci\u00f3n Caja Rural del Sur, Emilio Ponce, los presidentes de las escuelas taurinas de Utrera y Sevilla, de los ganaderos Jaime Guardiola Villamar\u00edn y Diego Curiel, del autor del cartel Gonzalo Quesada y de los matadores de toros Alberto de la Pe\u00f1a, Alfonso Cadaval y Manuel Carbonell entre otros aficionados.<\/p>\n<p>&nbsp;<\/p>\n<aside class=\"add add-300 centeradv\">\n<div id=\"Left4\" data-google-query-id=\"CN6sqOeEhP4CFRMGBgAdgmkLbw\">\n<p>Cerr\u00f3 el acto, la delegada de Fiestas Mayores, Turismo y Cultura de Utrera, agradeciendo la gran labor y trabajo de la Asociaci\u00f3n \u201cCurro Guillen\u201d, expresando la participaci\u00f3n del consistorio utrerano con la tauromaquia y, de modo especial, todo lo que implique\u00a0<strong>la cultura del toro, que es ra\u00edz de nuestra tierra<\/strong>. Cogi\u00f3 el \u201cguante\u201d que le tir\u00f3 el delegado de Gobierno de la Junta, asegur\u00e1ndole que \u201cah\u00ed estaremos\u201d.<\/p>\n<p><a href=\"\/wp-content\/uploads\/2023\/03\/toros.jpg\" rel=\"lightbox-0\"><img loading=\"lazy\" decoding=\"async\" class=\"alignnone wp-image-8791 size-full\" src=\"\/wp-content\/uploads\/2023\/03\/toros.jpg\" alt=\"\" width=\"976\" height=\"549\" srcset=\"https:\/\/fundacioncajaruraldelsur.com\/wp-content\/uploads\/2023\/03\/toros.jpg 976w, https:\/\/fundacioncajaruraldelsur.com\/wp-content\/uploads\/2023\/03\/toros-300x169.jpg 300w, https:\/\/fundacioncajaruraldelsur.com\/wp-content\/uploads\/2023\/03\/toros-768x432.jpg 768w\" sizes=\"auto, (max-width: 976px) 100vw, 976px\" \/><\/a> <a href=\"\/wp-content\/uploads\/2023\/03\/certamen-toro-2.jpg\" rel=\"lightbox-1\"><img loading=\"lazy\" decoding=\"async\" class=\"wp-image-8792 size-full aligncenter\" src=\"\/wp-content\/uploads\/2023\/03\/certamen-toro-2.jpg\" alt=\"\" width=\"512\" height=\"1024\" srcset=\"https:\/\/fundacioncajaruraldelsur.com\/wp-content\/uploads\/2023\/03\/certamen-toro-2.jpg 512w, https:\/\/fundacioncajaruraldelsur.com\/wp-content\/uploads\/2023\/03\/certamen-toro-2-150x300.jpg 150w\" sizes=\"auto, (max-width: 512px) 100vw, 512px\" \/><\/a><\/p>\n<\/div>\n<\/aside>","protected":false},"excerpt":{"rendered":"<p>El\u00a0Centro Cultural \u201cJos\u00e9 Luis Garc\u00eda Palacios\u201d\u00a0de la Fundaci\u00f3n Caja Rural del Sur en Sevilla acogi\u00f3 el mi\u00e9rcoles 29 de marzo la presentaci\u00f3n de cartel anunciador de\u00a0III Certamen de Tentaderos \u201cUtrera, [&hellip;]<\/p>\n","protected":false},"author":6,"featured_media":8793,"comment_status":"closed","ping_status":"closed","sticky":false,"template":"","format":"standard","meta":{"footnotes":""},"categories":[64],"tags":[],"class_list":["post-8790","post","type-post","status-publish","format-standard","has-post-thumbnail","hentry","category-premios"],"yoast_head":"<!-- This site is optimized with the Yoast SEO plugin v27.3 - https:\/\/yoast.com\/product\/yoast-seo-wordpress\/ -->\n<title>La Fundaci\u00f3n Caja Rural del Sur premiada por el III Certamen de Tentaderos \u201cUtrera, cuna del toro bravo\u201d - Fundaci\u00f3n Caja Rural del Sur<\/title>\n<meta name=\"robots\" content=\"index, follow, max-snippet:-1, max-image-preview:large, max-video-preview:-1\" \/>\n<link rel=\"canonical\" href=\"https:\/\/fundacioncajaruraldelsur.com\/pt\/la-fundacion-caja-rural-del-sur-premiada-por-el-iii-certamen-de-tentaderos-utrera-cuna-del-toro-bravo\/\" \/>\n<meta property=\"og:locale\" content=\"pt_PT\" \/>\n<meta property=\"og:type\" content=\"article\" \/>\n<meta property=\"og:title\" content=\"La Fundaci\u00f3n Caja Rural del Sur premiada por el III Certamen de Tentaderos \u201cUtrera, cuna del toro bravo\u201d - Fundaci\u00f3n Caja Rural del Sur\" \/>\n<meta property=\"og:description\" content=\"El\u00a0Centro Cultural \u201cJos\u00e9 Luis Garc\u00eda Palacios\u201d\u00a0de la Fundaci\u00f3n Caja Rural del Sur en Sevilla acogi\u00f3 el mi\u00e9rcoles 29 de marzo la presentaci\u00f3n de cartel anunciador de\u00a0III Certamen de Tentaderos \u201cUtrera, [&hellip;]\" \/>\n<meta property=\"og:url\" content=\"https:\/\/fundacioncajaruraldelsur.com\/pt\/la-fundacion-caja-rural-del-sur-premiada-por-el-iii-certamen-de-tentaderos-utrera-cuna-del-toro-bravo\/\" \/>\n<meta property=\"og:site_name\" content=\"Fundaci\u00f3n Caja Rural del Sur\" \/>\n<meta property=\"article:published_time\" content=\"2023-03-30T16:18:30+00:00\" \/>\n<meta property=\"og:image\" content=\"https:\/\/fundacioncajaruraldelsur.com\/wp-content\/uploads\/2023\/03\/certamen-toro.jpg\" \/>\n\t<meta property=\"og:image:width\" content=\"1600\" \/>\n\t<meta property=\"og:image:height\" content=\"720\" \/>\n\t<meta property=\"og:image:type\" content=\"image\/jpeg\" \/>\n<meta name=\"author\" content=\"Comunicaci\u00f3n\" \/>\n<meta name=\"twitter:card\" content=\"summary_large_image\" \/>\n<meta name=\"twitter:label1\" content=\"Written by\" \/>\n\t<meta name=\"twitter:data1\" content=\"Comunicaci\u00f3n\" \/>\n\t<meta name=\"twitter:label2\" content=\"Est. reading time\" \/>\n\t<meta name=\"twitter:data2\" content=\"3 minutes\" \/>\n<script type=\"application\/ld+json\" class=\"yoast-schema-graph\">{\"@context\":\"https:\\\/\\\/schema.org\",\"@graph\":[{\"@type\":\"Article\",\"@id\":\"https:\\\/\\\/fundacioncajaruraldelsur.com\\\/la-fundacion-caja-rural-del-sur-premiada-por-el-iii-certamen-de-tentaderos-utrera-cuna-del-toro-bravo\\\/#article\",\"isPartOf\":{\"@id\":\"https:\\\/\\\/fundacioncajaruraldelsur.com\\\/la-fundacion-caja-rural-del-sur-premiada-por-el-iii-certamen-de-tentaderos-utrera-cuna-del-toro-bravo\\\/\"},\"author\":{\"name\":\"Comunicaci\u00f3n\",\"@id\":\"https:\\\/\\\/fundacioncajaruraldelsur.com\\\/#\\\/schema\\\/person\\\/f430da9fb783d505ff061ad8b3d44577\"},\"headline\":\"La Fundaci\u00f3n Caja Rural del Sur premiada por el III Certamen de Tentaderos \u201cUtrera, cuna del toro bravo\u201d\",\"datePublished\":\"2023-03-30T16:18:30+00:00\",\"mainEntityOfPage\":{\"@id\":\"https:\\\/\\\/fundacioncajaruraldelsur.com\\\/la-fundacion-caja-rural-del-sur-premiada-por-el-iii-certamen-de-tentaderos-utrera-cuna-del-toro-bravo\\\/\"},\"wordCount\":453,\"image\":{\"@id\":\"https:\\\/\\\/fundacioncajaruraldelsur.com\\\/la-fundacion-caja-rural-del-sur-premiada-por-el-iii-certamen-de-tentaderos-utrera-cuna-del-toro-bravo\\\/#primaryimage\"},\"thumbnailUrl\":\"https:\\\/\\\/fundacioncajaruraldelsur.com\\\/wp-content\\\/uploads\\\/2023\\\/03\\\/certamen-toro.jpg\",\"articleSection\":[\"Premios\"],\"inLanguage\":\"pt-PT\"},{\"@type\":\"WebPage\",\"@id\":\"https:\\\/\\\/fundacioncajaruraldelsur.com\\\/la-fundacion-caja-rural-del-sur-premiada-por-el-iii-certamen-de-tentaderos-utrera-cuna-del-toro-bravo\\\/\",\"url\":\"https:\\\/\\\/fundacioncajaruraldelsur.com\\\/la-fundacion-caja-rural-del-sur-premiada-por-el-iii-certamen-de-tentaderos-utrera-cuna-del-toro-bravo\\\/\",\"name\":\"La Fundaci\u00f3n Caja Rural del Sur premiada por el III Certamen de Tentaderos \u201cUtrera, cuna del toro bravo\u201d - Fundaci\u00f3n Caja Rural del Sur\",\"isPartOf\":{\"@id\":\"https:\\\/\\\/fundacioncajaruraldelsur.com\\\/#website\"},\"primaryImageOfPage\":{\"@id\":\"https:\\\/\\\/fundacioncajaruraldelsur.com\\\/la-fundacion-caja-rural-del-sur-premiada-por-el-iii-certamen-de-tentaderos-utrera-cuna-del-toro-bravo\\\/#primaryimage\"},\"image\":{\"@id\":\"https:\\\/\\\/fundacioncajaruraldelsur.com\\\/la-fundacion-caja-rural-del-sur-premiada-por-el-iii-certamen-de-tentaderos-utrera-cuna-del-toro-bravo\\\/#primaryimage\"},\"thumbnailUrl\":\"https:\\\/\\\/fundacioncajaruraldelsur.com\\\/wp-content\\\/uploads\\\/2023\\\/03\\\/certamen-toro.jpg\",\"datePublished\":\"2023-03-30T16:18:30+00:00\",\"author\":{\"@id\":\"https:\\\/\\\/fundacioncajaruraldelsur.com\\\/#\\\/schema\\\/person\\\/f430da9fb783d505ff061ad8b3d44577\"},\"breadcrumb\":{\"@id\":\"https:\\\/\\\/fundacioncajaruraldelsur.com\\\/la-fundacion-caja-rural-del-sur-premiada-por-el-iii-certamen-de-tentaderos-utrera-cuna-del-toro-bravo\\\/#breadcrumb\"},\"inLanguage\":\"pt-PT\",\"potentialAction\":[{\"@type\":\"ReadAction\",\"target\":[\"https:\\\/\\\/fundacioncajaruraldelsur.com\\\/la-fundacion-caja-rural-del-sur-premiada-por-el-iii-certamen-de-tentaderos-utrera-cuna-del-toro-bravo\\\/\"]}]},{\"@type\":\"ImageObject\",\"inLanguage\":\"pt-PT\",\"@id\":\"https:\\\/\\\/fundacioncajaruraldelsur.com\\\/la-fundacion-caja-rural-del-sur-premiada-por-el-iii-certamen-de-tentaderos-utrera-cuna-del-toro-bravo\\\/#primaryimage\",\"url\":\"https:\\\/\\\/fundacioncajaruraldelsur.com\\\/wp-content\\\/uploads\\\/2023\\\/03\\\/certamen-toro.jpg\",\"contentUrl\":\"https:\\\/\\\/fundacioncajaruraldelsur.com\\\/wp-content\\\/uploads\\\/2023\\\/03\\\/certamen-toro.jpg\",\"width\":1600,\"height\":720},{\"@type\":\"BreadcrumbList\",\"@id\":\"https:\\\/\\\/fundacioncajaruraldelsur.com\\\/la-fundacion-caja-rural-del-sur-premiada-por-el-iii-certamen-de-tentaderos-utrera-cuna-del-toro-bravo\\\/#breadcrumb\",\"itemListElement\":[{\"@type\":\"ListItem\",\"position\":1,\"name\":\"Portada\",\"item\":\"https:\\\/\\\/fundacioncajaruraldelsur.com\\\/\"},{\"@type\":\"ListItem\",\"position\":2,\"name\":\"La Fundaci\u00f3n Caja Rural del Sur premiada por el III Certamen de Tentaderos \u201cUtrera, cuna del toro bravo\u201d\"}]},{\"@type\":\"WebSite\",\"@id\":\"https:\\\/\\\/fundacioncajaruraldelsur.com\\\/#website\",\"url\":\"https:\\\/\\\/fundacioncajaruraldelsur.com\\\/\",\"name\":\"Fundaci\u00f3n Caja Rural del Sur\",\"description\":\"\",\"potentialAction\":[{\"@type\":\"SearchAction\",\"target\":{\"@type\":\"EntryPoint\",\"urlTemplate\":\"https:\\\/\\\/fundacioncajaruraldelsur.com\\\/?s={search_term_string}\"},\"query-input\":{\"@type\":\"PropertyValueSpecification\",\"valueRequired\":true,\"valueName\":\"search_term_string\"}}],\"inLanguage\":\"pt-PT\"},{\"@type\":\"Person\",\"@id\":\"https:\\\/\\\/fundacioncajaruraldelsur.com\\\/#\\\/schema\\\/person\\\/f430da9fb783d505ff061ad8b3d44577\",\"name\":\"Comunicaci\u00f3n\",\"image\":{\"@type\":\"ImageObject\",\"inLanguage\":\"pt-PT\",\"@id\":\"https:\\\/\\\/secure.gravatar.com\\\/avatar\\\/0dca239875993680bac4603ad2de7942da018f52cc3a244578e0b3b09314a8d8?s=96&d=blank&r=g\",\"url\":\"https:\\\/\\\/secure.gravatar.com\\\/avatar\\\/0dca239875993680bac4603ad2de7942da018f52cc3a244578e0b3b09314a8d8?s=96&d=blank&r=g\",\"contentUrl\":\"https:\\\/\\\/secure.gravatar.com\\\/avatar\\\/0dca239875993680bac4603ad2de7942da018f52cc3a244578e0b3b09314a8d8?s=96&d=blank&r=g\",\"caption\":\"Comunicaci\u00f3n\"}}]}<\/script>\n<!-- \/ Yoast SEO plugin. -->","yoast_head_json":{"title":"La Fundaci\u00f3n Caja Rural del Sur premiada por el III Certamen de Tentaderos \u201cUtrera, cuna del toro bravo\u201d - Fundaci\u00f3n Caja Rural del Sur","robots":{"index":"index","follow":"follow","max-snippet":"max-snippet:-1","max-image-preview":"max-image-preview:large","max-video-preview":"max-video-preview:-1"},"canonical":"https:\/\/fundacioncajaruraldelsur.com\/pt\/la-fundacion-caja-rural-del-sur-premiada-por-el-iii-certamen-de-tentaderos-utrera-cuna-del-toro-bravo\/","og_locale":"pt_PT","og_type":"article","og_title":"La Fundaci\u00f3n Caja Rural del Sur premiada por el III Certamen de Tentaderos \u201cUtrera, cuna del toro bravo\u201d - Fundaci\u00f3n Caja Rural del Sur","og_description":"El\u00a0Centro Cultural \u201cJos\u00e9 Luis Garc\u00eda Palacios\u201d\u00a0de la Fundaci\u00f3n Caja Rural del Sur en Sevilla acogi\u00f3 el mi\u00e9rcoles 29 de marzo la presentaci\u00f3n de cartel anunciador de\u00a0III Certamen de Tentaderos \u201cUtrera, [&hellip;]","og_url":"https:\/\/fundacioncajaruraldelsur.com\/pt\/la-fundacion-caja-rural-del-sur-premiada-por-el-iii-certamen-de-tentaderos-utrera-cuna-del-toro-bravo\/","og_site_name":"Fundaci\u00f3n Caja Rural del Sur","article_published_time":"2023-03-30T16:18:30+00:00","og_image":[{"width":1600,"height":720,"url":"https:\/\/fundacioncajaruraldelsur.com\/wp-content\/uploads\/2023\/03\/certamen-toro.jpg","type":"image\/jpeg"}],"author":"Comunicaci\u00f3n","twitter_card":"summary_large_image","twitter_misc":{"Written by":"Comunicaci\u00f3n","Est. reading time":"3 minutes"},"schema":{"@context":"https:\/\/schema.org","@graph":[{"@type":"Article","@id":"https:\/\/fundacioncajaruraldelsur.com\/la-fundacion-caja-rural-del-sur-premiada-por-el-iii-certamen-de-tentaderos-utrera-cuna-del-toro-bravo\/#article","isPartOf":{"@id":"https:\/\/fundacioncajaruraldelsur.com\/la-fundacion-caja-rural-del-sur-premiada-por-el-iii-certamen-de-tentaderos-utrera-cuna-del-toro-bravo\/"},"author":{"name":"Comunicaci\u00f3n","@id":"https:\/\/fundacioncajaruraldelsur.com\/#\/schema\/person\/f430da9fb783d505ff061ad8b3d44577"},"headline":"La Fundaci\u00f3n Caja Rural del Sur premiada por el III Certamen de Tentaderos \u201cUtrera, cuna del toro bravo\u201d","datePublished":"2023-03-30T16:18:30+00:00","mainEntityOfPage":{"@id":"https:\/\/fundacioncajaruraldelsur.com\/la-fundacion-caja-rural-del-sur-premiada-por-el-iii-certamen-de-tentaderos-utrera-cuna-del-toro-bravo\/"},"wordCount":453,"image":{"@id":"https:\/\/fundacioncajaruraldelsur.com\/la-fundacion-caja-rural-del-sur-premiada-por-el-iii-certamen-de-tentaderos-utrera-cuna-del-toro-bravo\/#primaryimage"},"thumbnailUrl":"https:\/\/fundacioncajaruraldelsur.com\/wp-content\/uploads\/2023\/03\/certamen-toro.jpg","articleSection":["Premios"],"inLanguage":"pt-PT"},{"@type":"WebPage","@id":"https:\/\/fundacioncajaruraldelsur.com\/la-fundacion-caja-rural-del-sur-premiada-por-el-iii-certamen-de-tentaderos-utrera-cuna-del-toro-bravo\/","url":"https:\/\/fundacioncajaruraldelsur.com\/la-fundacion-caja-rural-del-sur-premiada-por-el-iii-certamen-de-tentaderos-utrera-cuna-del-toro-bravo\/","name":"La Fundaci\u00f3n Caja Rural del Sur premiada por el III Certamen de Tentaderos \u201cUtrera, cuna del toro bravo\u201d - Fundaci\u00f3n Caja Rural del Sur","isPartOf":{"@id":"https:\/\/fundacioncajaruraldelsur.com\/#website"},"primaryImageOfPage":{"@id":"https:\/\/fundacioncajaruraldelsur.com\/la-fundacion-caja-rural-del-sur-premiada-por-el-iii-certamen-de-tentaderos-utrera-cuna-del-toro-bravo\/#primaryimage"},"image":{"@id":"https:\/\/fundacioncajaruraldelsur.com\/la-fundacion-caja-rural-del-sur-premiada-por-el-iii-certamen-de-tentaderos-utrera-cuna-del-toro-bravo\/#primaryimage"},"thumbnailUrl":"https:\/\/fundacioncajaruraldelsur.com\/wp-content\/uploads\/2023\/03\/certamen-toro.jpg","datePublished":"2023-03-30T16:18:30+00:00","author":{"@id":"https:\/\/fundacioncajaruraldelsur.com\/#\/schema\/person\/f430da9fb783d505ff061ad8b3d44577"},"breadcrumb":{"@id":"https:\/\/fundacioncajaruraldelsur.com\/la-fundacion-caja-rural-del-sur-premiada-por-el-iii-certamen-de-tentaderos-utrera-cuna-del-toro-bravo\/#breadcrumb"},"inLanguage":"pt-PT","potentialAction":[{"@type":"ReadAction","target":["https:\/\/fundacioncajaruraldelsur.com\/la-fundacion-caja-rural-del-sur-premiada-por-el-iii-certamen-de-tentaderos-utrera-cuna-del-toro-bravo\/"]}]},{"@type":"ImageObject","inLanguage":"pt-PT","@id":"https:\/\/fundacioncajaruraldelsur.com\/la-fundacion-caja-rural-del-sur-premiada-por-el-iii-certamen-de-tentaderos-utrera-cuna-del-toro-bravo\/#primaryimage","url":"https:\/\/fundacioncajaruraldelsur.com\/wp-content\/uploads\/2023\/03\/certamen-toro.jpg","contentUrl":"https:\/\/fundacioncajaruraldelsur.com\/wp-content\/uploads\/2023\/03\/certamen-toro.jpg","width":1600,"height":720},{"@type":"BreadcrumbList","@id":"https:\/\/fundacioncajaruraldelsur.com\/la-fundacion-caja-rural-del-sur-premiada-por-el-iii-certamen-de-tentaderos-utrera-cuna-del-toro-bravo\/#breadcrumb","itemListElement":[{"@type":"ListItem","position":1,"name":"Portada","item":"https:\/\/fundacioncajaruraldelsur.com\/"},{"@type":"ListItem","position":2,"name":"La Fundaci\u00f3n Caja Rural del Sur premiada por el III Certamen de Tentaderos \u201cUtrera, cuna del toro bravo\u201d"}]},{"@type":"WebSite","@id":"https:\/\/fundacioncajaruraldelsur.com\/#website","url":"https:\/\/fundacioncajaruraldelsur.com\/","name":"Funda\u00e7\u00e3o Caja Rural del Sur","description":"","potentialAction":[{"@type":"SearchAction","target":{"@type":"EntryPoint","urlTemplate":"https:\/\/fundacioncajaruraldelsur.com\/?s={search_term_string}"},"query-input":{"@type":"PropertyValueSpecification","valueRequired":true,"valueName":"search_term_string"}}],"inLanguage":"pt-PT"},{"@type":"Person","@id":"https:\/\/fundacioncajaruraldelsur.com\/#\/schema\/person\/f430da9fb783d505ff061ad8b3d44577","name":"Comunicaci\u00f3n","image":{"@type":"ImageObject","inLanguage":"pt-PT","@id":"https:\/\/secure.gravatar.com\/avatar\/0dca239875993680bac4603ad2de7942da018f52cc3a244578e0b3b09314a8d8?s=96&d=blank&r=g","url":"https:\/\/secure.gravatar.com\/avatar\/0dca239875993680bac4603ad2de7942da018f52cc3a244578e0b3b09314a8d8?s=96&d=blank&r=g","contentUrl":"https:\/\/secure.gravatar.com\/avatar\/0dca239875993680bac4603ad2de7942da018f52cc3a244578e0b3b09314a8d8?s=96&d=blank&r=g","caption":"Comunicaci\u00f3n"}}]}},"rttpg_featured_image_url":{"full":["https:\/\/fundacioncajaruraldelsur.com\/wp-content\/uploads\/2023\/03\/certamen-toro.jpg",1600,720,false],"landscape":["https:\/\/fundacioncajaruraldelsur.com\/wp-content\/uploads\/2023\/03\/certamen-toro.jpg",1600,720,false],"portraits":["https:\/\/fundacioncajaruraldelsur.com\/wp-content\/uploads\/2023\/03\/certamen-toro.jpg",1600,720,false],"thumbnail":["https:\/\/fundacioncajaruraldelsur.com\/wp-content\/uploads\/2023\/03\/certamen-toro-150x150.jpg",150,150,true],"medium":["https:\/\/fundacioncajaruraldelsur.com\/wp-content\/uploads\/2023\/03\/certamen-toro-300x135.jpg",300,135,true],"large":["https:\/\/fundacioncajaruraldelsur.com\/wp-content\/uploads\/2023\/03\/certamen-toro-1024x461.jpg",960,432,true],"1536x1536":["https:\/\/fundacioncajaruraldelsur.com\/wp-content\/uploads\/2023\/03\/certamen-toro-1536x691.jpg",1536,691,true],"2048x2048":["https:\/\/fundacioncajaruraldelsur.com\/wp-content\/uploads\/2023\/03\/certamen-toro.jpg",1600,720,false],"trp-custom-language-flag":["https:\/\/fundacioncajaruraldelsur.com\/wp-content\/uploads\/2023\/03\/certamen-toro.jpg",18,8,false],"blog-thumbnail":["https:\/\/fundacioncajaruraldelsur.com\/wp-content\/uploads\/2023\/03\/certamen-toro-400x200.jpg",400,200,true]},"rttpg_author":{"display_name":"Comunicaci\u00f3n","author_link":"https:\/\/fundacioncajaruraldelsur.com\/pt\/author\/sevillaadmin\/"},"rttpg_comment":0,"rttpg_category":"<a href=\"https:\/\/fundacioncajaruraldelsur.com\/pt\/category\/premios\/\" rel=\"category tag\">Premios<\/a>","rttpg_excerpt":"El\u00a0Centro Cultural \u201cJos\u00e9 Luis Garc\u00eda Palacios\u201d\u00a0de la Fundaci\u00f3n Caja Rural del Sur en Sevilla acogi\u00f3 el mi\u00e9rcoles 29 de marzo la presentaci\u00f3n de cartel anunciador de\u00a0III Certamen de Tentaderos \u201cUtrera, [&hellip;]","_links":{"self":[{"href":"https:\/\/fundacioncajaruraldelsur.com\/pt\/wp-json\/wp\/v2\/posts\/8790","targetHints":{"allow":["GET"]}}],"collection":[{"href":"https:\/\/fundacioncajaruraldelsur.com\/pt\/wp-json\/wp\/v2\/posts"}],"about":[{"href":"https:\/\/fundacioncajaruraldelsur.com\/pt\/wp-json\/wp\/v2\/types\/post"}],"author":[{"embeddable":true,"href":"https:\/\/fundacioncajaruraldelsur.com\/pt\/wp-json\/wp\/v2\/users\/6"}],"replies":[{"embeddable":true,"href":"https:\/\/fundacioncajaruraldelsur.com\/pt\/wp-json\/wp\/v2\/comments?post=8790"}],"version-history":[{"count":1,"href":"https:\/\/fundacioncajaruraldelsur.com\/pt\/wp-json\/wp\/v2\/posts\/8790\/revisions"}],"predecessor-version":[{"id":8794,"href":"https:\/\/fundacioncajaruraldelsur.com\/pt\/wp-json\/wp\/v2\/posts\/8790\/revisions\/8794"}],"wp:featuredmedia":[{"embeddable":true,"href":"https:\/\/fundacioncajaruraldelsur.com\/pt\/wp-json\/wp\/v2\/media\/8793"}],"wp:attachment":[{"href":"https:\/\/fundacioncajaruraldelsur.com\/pt\/wp-json\/wp\/v2\/media?parent=8790"}],"wp:term":[{"taxonomy":"category","embeddable":true,"href":"https:\/\/fundacioncajaruraldelsur.com\/pt\/wp-json\/wp\/v2\/categories?post=8790"},{"taxonomy":"post_tag","embeddable":true,"href":"https:\/\/fundacioncajaruraldelsur.com\/pt\/wp-json\/wp\/v2\/tags?post=8790"}],"curies":[{"name":"wp","href":"https:\/\/api.w.org\/{rel}","templated":true}]}}