{"id":8775,"date":"2023-03-22T18:40:57","date_gmt":"2023-03-22T17:40:57","guid":{"rendered":"\/?p=8775"},"modified":"2023-03-22T18:40:57","modified_gmt":"2023-03-22T17:40:57","slug":"antonio-perez-presenta-en-fundacion-caja-rural-del-sur-en-huelva-el-libro-el-vampiro-vegano","status":"publish","type":"post","link":"https:\/\/fundacioncajaruraldelsur.com\/pt\/antonio-perez-presenta-en-fundacion-caja-rural-del-sur-en-huelva-el-libro-el-vampiro-vegano\/","title":{"rendered":"Antonio P\u00e9rez presenta en Fundaci\u00f3n Caja Rural del Sur en Huelva el libro \u2018El vampiro vegano\u2019"},"content":{"rendered":"<p>El Centro Cultural \u2018Jos\u00e9 Luis Garc\u00eda Palacios\u2019 de la Fundaci\u00f3n Caja Rural del Sur en Huelva acoge este jueves, d\u00eda 23 de marzo, a las 19:00 horas, la presentaci\u00f3n de libro \u2018El vampiro Vegano\u2019, del autor Antonio P\u00e9rez.<\/p>\n<p>El escrito, nacido en La Palma (Huelva) ha desarrollado una carrera cient\u00edfica internacional desde que terminase sus estudios de Ingenier\u00eda Qu\u00edmica en la Universidad de Huelva hasta la actualidad, donde es Gerente de Innovaci\u00f3n y Tecnolog\u00eda en Repsol.\u00a0 Antonio (Nino) siempre se sinti\u00f3 igualmente atra\u00eddo por las Humanidades y por las Ciencias: \u201cNo somos simplemente lo que hemos estudiado o lo que ejercemos en horario laboral; somos todo aquello que nos motiva, incluso cuando so\u00f1amos\u201d. La Danza, la M\u00fasica, el Cine, los Idiomas, la Creatividad y la Literatura son pasiones que Nino obliga d\u00eda tras d\u00eda a convivir con el m\u00e9todo cient\u00edfico. Tras su debut literario con `Miroir. La danza prohibida\u00b4, dentro del g\u00e9nero de thriller de misterio, nos presenta ahora, bajo el sello editorial Rubric, una exquisita edici\u00f3n biling\u00fce espa\u00f1ol-ingl\u00e9s \u201cen espejo\u201d (p\u00e1ginas encontradas) del libro: `Vincent. El vampiro vegano. The vegan vampire\u00b4.<\/p>\n<p>La historia narra las aventuras de Vincent, el hijo de Dr\u00e1cula, quien decide no hacer da\u00f1o a ning\u00fan ser vivo para alimentarse y resuelve convertirse en el primer vampiro vegano de la historia. \u00a0`Vincent. El vampiro vegano. The vegan Vampire\u00b4 es un cuento lleno de aventuras, humor, misterio\u2026, pero tambi\u00e9n de sue\u00f1os, rebeld\u00eda, tes\u00f3n y amistad verdadera.<\/p>\n<p>Una selecci\u00f3n de piezas musicales cl\u00e1sicas, de corte terror\u00edfico, componen una banda sonora asociada al libro ofrecida a los lectores como una experiencia de lectura envolvente e inmersiva. Compositores desde Bach a Paganini, pasando por Wagner, ayudar\u00e1n al lector a sumergirse en un entorno misterioso y vamp\u00edrico.<\/p>\n<p>El libro est\u00e1 dirigido a un p\u00fablico infantil y juvenil, a partir de 7 a\u00f1os, con un trasfondo tan apasionante que har\u00e1 tambi\u00e9n que los mayores quieran \u201chincarle el diente\u201d.<\/p>\n<p>&nbsp;<\/p>","protected":false},"excerpt":{"rendered":"<p>El Centro Cultural \u2018Jos\u00e9 Luis Garc\u00eda Palacios\u2019 de la Fundaci\u00f3n Caja Rural del Sur en Huelva acoge este jueves, d\u00eda 23 de marzo, a las 19:00 horas, la presentaci\u00f3n de [&hellip;]<\/p>\n","protected":false},"author":6,"featured_media":8776,"comment_status":"closed","ping_status":"closed","sticky":false,"template":"","format":"standard","meta":{"footnotes":""},"categories":[84],"tags":[],"class_list":["post-8775","post","type-post","status-publish","format-standard","has-post-thumbnail","hentry","category-presentaciones"],"yoast_head":"<!-- This site is optimized with the Yoast SEO plugin v27.3 - https:\/\/yoast.com\/product\/yoast-seo-wordpress\/ -->\n<title>Antonio P\u00e9rez presenta en Fundaci\u00f3n Caja Rural del Sur en Huelva el libro \u2018El vampiro vegano\u2019 - Fundaci\u00f3n Caja Rural del Sur<\/title>\n<meta name=\"robots\" content=\"index, follow, max-snippet:-1, max-image-preview:large, max-video-preview:-1\" \/>\n<link rel=\"canonical\" href=\"https:\/\/fundacioncajaruraldelsur.com\/pt\/antonio-perez-presenta-en-fundacion-caja-rural-del-sur-en-huelva-el-libro-el-vampiro-vegano\/\" \/>\n<meta property=\"og:locale\" content=\"pt_PT\" \/>\n<meta property=\"og:type\" content=\"article\" \/>\n<meta property=\"og:title\" content=\"Antonio P\u00e9rez presenta en Fundaci\u00f3n Caja Rural del Sur en Huelva el libro \u2018El vampiro vegano\u2019 - Fundaci\u00f3n Caja Rural del Sur\" \/>\n<meta property=\"og:description\" content=\"El Centro Cultural \u2018Jos\u00e9 Luis Garc\u00eda Palacios\u2019 de la Fundaci\u00f3n Caja Rural del Sur en Huelva acoge este jueves, d\u00eda 23 de marzo, a las 19:00 horas, la presentaci\u00f3n de [&hellip;]\" \/>\n<meta property=\"og:url\" content=\"https:\/\/fundacioncajaruraldelsur.com\/pt\/antonio-perez-presenta-en-fundacion-caja-rural-del-sur-en-huelva-el-libro-el-vampiro-vegano\/\" \/>\n<meta property=\"og:site_name\" content=\"Fundaci\u00f3n Caja Rural del Sur\" \/>\n<meta property=\"article:published_time\" content=\"2023-03-22T17:40:57+00:00\" \/>\n<meta property=\"og:image\" content=\"https:\/\/fundacioncajaruraldelsur.com\/wp-content\/uploads\/2023\/03\/vampiro-vegano.jpg\" \/>\n\t<meta property=\"og:image:width\" content=\"712\" \/>\n\t<meta property=\"og:image:height\" content=\"480\" \/>\n\t<meta property=\"og:image:type\" content=\"image\/jpeg\" \/>\n<meta name=\"author\" content=\"Comunicaci\u00f3n\" \/>\n<meta name=\"twitter:card\" content=\"summary_large_image\" \/>\n<meta name=\"twitter:label1\" content=\"Written by\" \/>\n\t<meta name=\"twitter:data1\" content=\"Comunicaci\u00f3n\" \/>\n\t<meta name=\"twitter:label2\" content=\"Est. reading time\" \/>\n\t<meta name=\"twitter:data2\" content=\"2 minutes\" \/>\n<script type=\"application\/ld+json\" class=\"yoast-schema-graph\">{\"@context\":\"https:\\\/\\\/schema.org\",\"@graph\":[{\"@type\":\"Article\",\"@id\":\"https:\\\/\\\/fundacioncajaruraldelsur.com\\\/antonio-perez-presenta-en-fundacion-caja-rural-del-sur-en-huelva-el-libro-el-vampiro-vegano\\\/#article\",\"isPartOf\":{\"@id\":\"https:\\\/\\\/fundacioncajaruraldelsur.com\\\/antonio-perez-presenta-en-fundacion-caja-rural-del-sur-en-huelva-el-libro-el-vampiro-vegano\\\/\"},\"author\":{\"name\":\"Comunicaci\u00f3n\",\"@id\":\"https:\\\/\\\/fundacioncajaruraldelsur.com\\\/#\\\/schema\\\/person\\\/f430da9fb783d505ff061ad8b3d44577\"},\"headline\":\"Antonio P\u00e9rez presenta en Fundaci\u00f3n Caja Rural del Sur en Huelva el libro \u2018El vampiro vegano\u2019\",\"datePublished\":\"2023-03-22T17:40:57+00:00\",\"mainEntityOfPage\":{\"@id\":\"https:\\\/\\\/fundacioncajaruraldelsur.com\\\/antonio-perez-presenta-en-fundacion-caja-rural-del-sur-en-huelva-el-libro-el-vampiro-vegano\\\/\"},\"wordCount\":370,\"image\":{\"@id\":\"https:\\\/\\\/fundacioncajaruraldelsur.com\\\/antonio-perez-presenta-en-fundacion-caja-rural-del-sur-en-huelva-el-libro-el-vampiro-vegano\\\/#primaryimage\"},\"thumbnailUrl\":\"https:\\\/\\\/fundacioncajaruraldelsur.com\\\/wp-content\\\/uploads\\\/2023\\\/03\\\/vampiro-vegano.jpg\",\"articleSection\":[\"Presentaciones\"],\"inLanguage\":\"pt-PT\"},{\"@type\":\"WebPage\",\"@id\":\"https:\\\/\\\/fundacioncajaruraldelsur.com\\\/antonio-perez-presenta-en-fundacion-caja-rural-del-sur-en-huelva-el-libro-el-vampiro-vegano\\\/\",\"url\":\"https:\\\/\\\/fundacioncajaruraldelsur.com\\\/antonio-perez-presenta-en-fundacion-caja-rural-del-sur-en-huelva-el-libro-el-vampiro-vegano\\\/\",\"name\":\"Antonio P\u00e9rez presenta en Fundaci\u00f3n Caja Rural del Sur en Huelva el libro \u2018El vampiro vegano\u2019 - Fundaci\u00f3n Caja Rural del Sur\",\"isPartOf\":{\"@id\":\"https:\\\/\\\/fundacioncajaruraldelsur.com\\\/#website\"},\"primaryImageOfPage\":{\"@id\":\"https:\\\/\\\/fundacioncajaruraldelsur.com\\\/antonio-perez-presenta-en-fundacion-caja-rural-del-sur-en-huelva-el-libro-el-vampiro-vegano\\\/#primaryimage\"},\"image\":{\"@id\":\"https:\\\/\\\/fundacioncajaruraldelsur.com\\\/antonio-perez-presenta-en-fundacion-caja-rural-del-sur-en-huelva-el-libro-el-vampiro-vegano\\\/#primaryimage\"},\"thumbnailUrl\":\"https:\\\/\\\/fundacioncajaruraldelsur.com\\\/wp-content\\\/uploads\\\/2023\\\/03\\\/vampiro-vegano.jpg\",\"datePublished\":\"2023-03-22T17:40:57+00:00\",\"author\":{\"@id\":\"https:\\\/\\\/fundacioncajaruraldelsur.com\\\/#\\\/schema\\\/person\\\/f430da9fb783d505ff061ad8b3d44577\"},\"breadcrumb\":{\"@id\":\"https:\\\/\\\/fundacioncajaruraldelsur.com\\\/antonio-perez-presenta-en-fundacion-caja-rural-del-sur-en-huelva-el-libro-el-vampiro-vegano\\\/#breadcrumb\"},\"inLanguage\":\"pt-PT\",\"potentialAction\":[{\"@type\":\"ReadAction\",\"target\":[\"https:\\\/\\\/fundacioncajaruraldelsur.com\\\/antonio-perez-presenta-en-fundacion-caja-rural-del-sur-en-huelva-el-libro-el-vampiro-vegano\\\/\"]}]},{\"@type\":\"ImageObject\",\"inLanguage\":\"pt-PT\",\"@id\":\"https:\\\/\\\/fundacioncajaruraldelsur.com\\\/antonio-perez-presenta-en-fundacion-caja-rural-del-sur-en-huelva-el-libro-el-vampiro-vegano\\\/#primaryimage\",\"url\":\"https:\\\/\\\/fundacioncajaruraldelsur.com\\\/wp-content\\\/uploads\\\/2023\\\/03\\\/vampiro-vegano.jpg\",\"contentUrl\":\"https:\\\/\\\/fundacioncajaruraldelsur.com\\\/wp-content\\\/uploads\\\/2023\\\/03\\\/vampiro-vegano.jpg\",\"width\":712,\"height\":480},{\"@type\":\"BreadcrumbList\",\"@id\":\"https:\\\/\\\/fundacioncajaruraldelsur.com\\\/antonio-perez-presenta-en-fundacion-caja-rural-del-sur-en-huelva-el-libro-el-vampiro-vegano\\\/#breadcrumb\",\"itemListElement\":[{\"@type\":\"ListItem\",\"position\":1,\"name\":\"Portada\",\"item\":\"https:\\\/\\\/fundacioncajaruraldelsur.com\\\/\"},{\"@type\":\"ListItem\",\"position\":2,\"name\":\"Antonio P\u00e9rez presenta en Fundaci\u00f3n Caja Rural del Sur en Huelva el libro \u2018El vampiro vegano\u2019\"}]},{\"@type\":\"WebSite\",\"@id\":\"https:\\\/\\\/fundacioncajaruraldelsur.com\\\/#website\",\"url\":\"https:\\\/\\\/fundacioncajaruraldelsur.com\\\/\",\"name\":\"Fundaci\u00f3n Caja Rural del Sur\",\"description\":\"\",\"potentialAction\":[{\"@type\":\"SearchAction\",\"target\":{\"@type\":\"EntryPoint\",\"urlTemplate\":\"https:\\\/\\\/fundacioncajaruraldelsur.com\\\/?s={search_term_string}\"},\"query-input\":{\"@type\":\"PropertyValueSpecification\",\"valueRequired\":true,\"valueName\":\"search_term_string\"}}],\"inLanguage\":\"pt-PT\"},{\"@type\":\"Person\",\"@id\":\"https:\\\/\\\/fundacioncajaruraldelsur.com\\\/#\\\/schema\\\/person\\\/f430da9fb783d505ff061ad8b3d44577\",\"name\":\"Comunicaci\u00f3n\",\"image\":{\"@type\":\"ImageObject\",\"inLanguage\":\"pt-PT\",\"@id\":\"https:\\\/\\\/secure.gravatar.com\\\/avatar\\\/0dca239875993680bac4603ad2de7942da018f52cc3a244578e0b3b09314a8d8?s=96&d=blank&r=g\",\"url\":\"https:\\\/\\\/secure.gravatar.com\\\/avatar\\\/0dca239875993680bac4603ad2de7942da018f52cc3a244578e0b3b09314a8d8?s=96&d=blank&r=g\",\"contentUrl\":\"https:\\\/\\\/secure.gravatar.com\\\/avatar\\\/0dca239875993680bac4603ad2de7942da018f52cc3a244578e0b3b09314a8d8?s=96&d=blank&r=g\",\"caption\":\"Comunicaci\u00f3n\"}}]}<\/script>\n<!-- \/ Yoast SEO plugin. -->","yoast_head_json":{"title":"Antonio P\u00e9rez presenta en Fundaci\u00f3n Caja Rural del Sur en Huelva el libro \u2018El vampiro vegano\u2019 - Fundaci\u00f3n Caja Rural del Sur","robots":{"index":"index","follow":"follow","max-snippet":"max-snippet:-1","max-image-preview":"max-image-preview:large","max-video-preview":"max-video-preview:-1"},"canonical":"https:\/\/fundacioncajaruraldelsur.com\/pt\/antonio-perez-presenta-en-fundacion-caja-rural-del-sur-en-huelva-el-libro-el-vampiro-vegano\/","og_locale":"pt_PT","og_type":"article","og_title":"Antonio P\u00e9rez presenta en Fundaci\u00f3n Caja Rural del Sur en Huelva el libro \u2018El vampiro vegano\u2019 - Fundaci\u00f3n Caja Rural del Sur","og_description":"El Centro Cultural \u2018Jos\u00e9 Luis Garc\u00eda Palacios\u2019 de la Fundaci\u00f3n Caja Rural del Sur en Huelva acoge este jueves, d\u00eda 23 de marzo, a las 19:00 horas, la presentaci\u00f3n de [&hellip;]","og_url":"https:\/\/fundacioncajaruraldelsur.com\/pt\/antonio-perez-presenta-en-fundacion-caja-rural-del-sur-en-huelva-el-libro-el-vampiro-vegano\/","og_site_name":"Fundaci\u00f3n Caja Rural del Sur","article_published_time":"2023-03-22T17:40:57+00:00","og_image":[{"width":712,"height":480,"url":"https:\/\/fundacioncajaruraldelsur.com\/wp-content\/uploads\/2023\/03\/vampiro-vegano.jpg","type":"image\/jpeg"}],"author":"Comunicaci\u00f3n","twitter_card":"summary_large_image","twitter_misc":{"Written by":"Comunicaci\u00f3n","Est. reading time":"2 minutes"},"schema":{"@context":"https:\/\/schema.org","@graph":[{"@type":"Article","@id":"https:\/\/fundacioncajaruraldelsur.com\/antonio-perez-presenta-en-fundacion-caja-rural-del-sur-en-huelva-el-libro-el-vampiro-vegano\/#article","isPartOf":{"@id":"https:\/\/fundacioncajaruraldelsur.com\/antonio-perez-presenta-en-fundacion-caja-rural-del-sur-en-huelva-el-libro-el-vampiro-vegano\/"},"author":{"name":"Comunicaci\u00f3n","@id":"https:\/\/fundacioncajaruraldelsur.com\/#\/schema\/person\/f430da9fb783d505ff061ad8b3d44577"},"headline":"Antonio P\u00e9rez presenta en Fundaci\u00f3n Caja Rural del Sur en Huelva el libro \u2018El vampiro vegano\u2019","datePublished":"2023-03-22T17:40:57+00:00","mainEntityOfPage":{"@id":"https:\/\/fundacioncajaruraldelsur.com\/antonio-perez-presenta-en-fundacion-caja-rural-del-sur-en-huelva-el-libro-el-vampiro-vegano\/"},"wordCount":370,"image":{"@id":"https:\/\/fundacioncajaruraldelsur.com\/antonio-perez-presenta-en-fundacion-caja-rural-del-sur-en-huelva-el-libro-el-vampiro-vegano\/#primaryimage"},"thumbnailUrl":"https:\/\/fundacioncajaruraldelsur.com\/wp-content\/uploads\/2023\/03\/vampiro-vegano.jpg","articleSection":["Presentaciones"],"inLanguage":"pt-PT"},{"@type":"WebPage","@id":"https:\/\/fundacioncajaruraldelsur.com\/antonio-perez-presenta-en-fundacion-caja-rural-del-sur-en-huelva-el-libro-el-vampiro-vegano\/","url":"https:\/\/fundacioncajaruraldelsur.com\/antonio-perez-presenta-en-fundacion-caja-rural-del-sur-en-huelva-el-libro-el-vampiro-vegano\/","name":"Antonio P\u00e9rez presenta en Fundaci\u00f3n Caja Rural del Sur en Huelva el libro \u2018El vampiro vegano\u2019 - Fundaci\u00f3n Caja Rural del Sur","isPartOf":{"@id":"https:\/\/fundacioncajaruraldelsur.com\/#website"},"primaryImageOfPage":{"@id":"https:\/\/fundacioncajaruraldelsur.com\/antonio-perez-presenta-en-fundacion-caja-rural-del-sur-en-huelva-el-libro-el-vampiro-vegano\/#primaryimage"},"image":{"@id":"https:\/\/fundacioncajaruraldelsur.com\/antonio-perez-presenta-en-fundacion-caja-rural-del-sur-en-huelva-el-libro-el-vampiro-vegano\/#primaryimage"},"thumbnailUrl":"https:\/\/fundacioncajaruraldelsur.com\/wp-content\/uploads\/2023\/03\/vampiro-vegano.jpg","datePublished":"2023-03-22T17:40:57+00:00","author":{"@id":"https:\/\/fundacioncajaruraldelsur.com\/#\/schema\/person\/f430da9fb783d505ff061ad8b3d44577"},"breadcrumb":{"@id":"https:\/\/fundacioncajaruraldelsur.com\/antonio-perez-presenta-en-fundacion-caja-rural-del-sur-en-huelva-el-libro-el-vampiro-vegano\/#breadcrumb"},"inLanguage":"pt-PT","potentialAction":[{"@type":"ReadAction","target":["https:\/\/fundacioncajaruraldelsur.com\/antonio-perez-presenta-en-fundacion-caja-rural-del-sur-en-huelva-el-libro-el-vampiro-vegano\/"]}]},{"@type":"ImageObject","inLanguage":"pt-PT","@id":"https:\/\/fundacioncajaruraldelsur.com\/antonio-perez-presenta-en-fundacion-caja-rural-del-sur-en-huelva-el-libro-el-vampiro-vegano\/#primaryimage","url":"https:\/\/fundacioncajaruraldelsur.com\/wp-content\/uploads\/2023\/03\/vampiro-vegano.jpg","contentUrl":"https:\/\/fundacioncajaruraldelsur.com\/wp-content\/uploads\/2023\/03\/vampiro-vegano.jpg","width":712,"height":480},{"@type":"BreadcrumbList","@id":"https:\/\/fundacioncajaruraldelsur.com\/antonio-perez-presenta-en-fundacion-caja-rural-del-sur-en-huelva-el-libro-el-vampiro-vegano\/#breadcrumb","itemListElement":[{"@type":"ListItem","position":1,"name":"Portada","item":"https:\/\/fundacioncajaruraldelsur.com\/"},{"@type":"ListItem","position":2,"name":"Antonio P\u00e9rez presenta en Fundaci\u00f3n Caja Rural del Sur en Huelva el libro \u2018El vampiro vegano\u2019"}]},{"@type":"WebSite","@id":"https:\/\/fundacioncajaruraldelsur.com\/#website","url":"https:\/\/fundacioncajaruraldelsur.com\/","name":"Funda\u00e7\u00e3o Caja Rural del Sur","description":"","potentialAction":[{"@type":"SearchAction","target":{"@type":"EntryPoint","urlTemplate":"https:\/\/fundacioncajaruraldelsur.com\/?s={search_term_string}"},"query-input":{"@type":"PropertyValueSpecification","valueRequired":true,"valueName":"search_term_string"}}],"inLanguage":"pt-PT"},{"@type":"Person","@id":"https:\/\/fundacioncajaruraldelsur.com\/#\/schema\/person\/f430da9fb783d505ff061ad8b3d44577","name":"Comunicaci\u00f3n","image":{"@type":"ImageObject","inLanguage":"pt-PT","@id":"https:\/\/secure.gravatar.com\/avatar\/0dca239875993680bac4603ad2de7942da018f52cc3a244578e0b3b09314a8d8?s=96&d=blank&r=g","url":"https:\/\/secure.gravatar.com\/avatar\/0dca239875993680bac4603ad2de7942da018f52cc3a244578e0b3b09314a8d8?s=96&d=blank&r=g","contentUrl":"https:\/\/secure.gravatar.com\/avatar\/0dca239875993680bac4603ad2de7942da018f52cc3a244578e0b3b09314a8d8?s=96&d=blank&r=g","caption":"Comunicaci\u00f3n"}}]}},"rttpg_featured_image_url":{"full":["https:\/\/fundacioncajaruraldelsur.com\/wp-content\/uploads\/2023\/03\/vampiro-vegano.jpg",712,480,false],"landscape":["https:\/\/fundacioncajaruraldelsur.com\/wp-content\/uploads\/2023\/03\/vampiro-vegano.jpg",712,480,false],"portraits":["https:\/\/fundacioncajaruraldelsur.com\/wp-content\/uploads\/2023\/03\/vampiro-vegano.jpg",712,480,false],"thumbnail":["https:\/\/fundacioncajaruraldelsur.com\/wp-content\/uploads\/2023\/03\/vampiro-vegano-150x150.jpg",150,150,true],"medium":["https:\/\/fundacioncajaruraldelsur.com\/wp-content\/uploads\/2023\/03\/vampiro-vegano-300x202.jpg",300,202,true],"large":["https:\/\/fundacioncajaruraldelsur.com\/wp-content\/uploads\/2023\/03\/vampiro-vegano.jpg",712,480,false],"1536x1536":["https:\/\/fundacioncajaruraldelsur.com\/wp-content\/uploads\/2023\/03\/vampiro-vegano.jpg",712,480,false],"2048x2048":["https:\/\/fundacioncajaruraldelsur.com\/wp-content\/uploads\/2023\/03\/vampiro-vegano.jpg",712,480,false],"trp-custom-language-flag":["https:\/\/fundacioncajaruraldelsur.com\/wp-content\/uploads\/2023\/03\/vampiro-vegano.jpg",18,12,false],"blog-thumbnail":["https:\/\/fundacioncajaruraldelsur.com\/wp-content\/uploads\/2023\/03\/vampiro-vegano-400x200.jpg",400,200,true]},"rttpg_author":{"display_name":"Comunicaci\u00f3n","author_link":"https:\/\/fundacioncajaruraldelsur.com\/pt\/author\/sevillaadmin\/"},"rttpg_comment":0,"rttpg_category":"<a href=\"https:\/\/fundacioncajaruraldelsur.com\/pt\/category\/presentaciones\/\" rel=\"category tag\">Presentaciones<\/a>","rttpg_excerpt":"El Centro Cultural \u2018Jos\u00e9 Luis Garc\u00eda Palacios\u2019 de la Fundaci\u00f3n Caja Rural del Sur en Huelva acoge este jueves, d\u00eda 23 de marzo, a las 19:00 horas, la presentaci\u00f3n de [&hellip;]","_links":{"self":[{"href":"https:\/\/fundacioncajaruraldelsur.com\/pt\/wp-json\/wp\/v2\/posts\/8775","targetHints":{"allow":["GET"]}}],"collection":[{"href":"https:\/\/fundacioncajaruraldelsur.com\/pt\/wp-json\/wp\/v2\/posts"}],"about":[{"href":"https:\/\/fundacioncajaruraldelsur.com\/pt\/wp-json\/wp\/v2\/types\/post"}],"author":[{"embeddable":true,"href":"https:\/\/fundacioncajaruraldelsur.com\/pt\/wp-json\/wp\/v2\/users\/6"}],"replies":[{"embeddable":true,"href":"https:\/\/fundacioncajaruraldelsur.com\/pt\/wp-json\/wp\/v2\/comments?post=8775"}],"version-history":[{"count":1,"href":"https:\/\/fundacioncajaruraldelsur.com\/pt\/wp-json\/wp\/v2\/posts\/8775\/revisions"}],"predecessor-version":[{"id":8777,"href":"https:\/\/fundacioncajaruraldelsur.com\/pt\/wp-json\/wp\/v2\/posts\/8775\/revisions\/8777"}],"wp:featuredmedia":[{"embeddable":true,"href":"https:\/\/fundacioncajaruraldelsur.com\/pt\/wp-json\/wp\/v2\/media\/8776"}],"wp:attachment":[{"href":"https:\/\/fundacioncajaruraldelsur.com\/pt\/wp-json\/wp\/v2\/media?parent=8775"}],"wp:term":[{"taxonomy":"category","embeddable":true,"href":"https:\/\/fundacioncajaruraldelsur.com\/pt\/wp-json\/wp\/v2\/categories?post=8775"},{"taxonomy":"post_tag","embeddable":true,"href":"https:\/\/fundacioncajaruraldelsur.com\/pt\/wp-json\/wp\/v2\/tags?post=8775"}],"curies":[{"name":"wp","href":"https:\/\/api.w.org\/{rel}","templated":true}]}}