{"id":8755,"date":"2023-03-20T18:44:14","date_gmt":"2023-03-20T17:44:14","guid":{"rendered":"\/?p=8755"},"modified":"2023-03-20T18:44:14","modified_gmt":"2023-03-20T17:44:14","slug":"caja-rural-del-sur-y-la-empresa-pages-renuevan-su-acuerdo-de-colaboracion-para-la-temporada-taurina-de-la-plaza-de-toros-de-la-maestranza","status":"publish","type":"post","link":"https:\/\/fundacioncajaruraldelsur.com\/pt\/caja-rural-del-sur-y-la-empresa-pages-renuevan-su-acuerdo-de-colaboracion-para-la-temporada-taurina-de-la-plaza-de-toros-de-la-maestranza\/","title":{"rendered":"Caja Rural del Sur y la empresa Pag\u00e9s renuevan su acuerdo de colaboraci\u00f3n para la temporada taurina de la Plaza de Toros de la Maestranza"},"content":{"rendered":"<p>Caja Rural del Sur continuar\u00e1 en 2023 colaborando con la empresa Sevilla Pag\u00e9s, responsable de la gesti\u00f3n y explotaci\u00f3n de la Plaza de Toros de la Maestranza, alianza que lleva desarrollando desde el a\u00f1o 2019, mediante la que la entidad apuesta por el patrocinio de todos los eventos taurinos que se lleven a cabo en el coso sevillano.<\/p>\n<p>Jos\u00e9 Luis Garc\u00eda-Palacios \u00c1lvarez, presidente de Caja Rural del Sur, y Ram\u00f3n Valencia, gerente de la empresa Sevilla Pag\u00e9s, han firmado la renovaci\u00f3n del convenio de colaboraci\u00f3n para el desarrollo de estas acciones con la finalidad de contribuir adem\u00e1s a la divulgaci\u00f3n y puesta en valor de la cultura taurina.<\/p>\n<p>De este modo, Caja Rural del Sur respalda a la empresa Pag\u00e9s como uno de los principales referentes del mundo del toro, \u00e1mbito con el que la entidad se siente comprometida como parte importante de la cultura de nuestro pa\u00eds y como un sector generador de econom\u00eda.<\/p>","protected":false},"excerpt":{"rendered":"<p>Caja Rural del Sur continuar\u00e1 en 2023 colaborando con la empresa Sevilla Pag\u00e9s, responsable de la gesti\u00f3n y explotaci\u00f3n de la Plaza de Toros de la Maestranza, alianza que lleva [&hellip;]<\/p>\n","protected":false},"author":6,"featured_media":8756,"comment_status":"closed","ping_status":"closed","sticky":false,"template":"","format":"standard","meta":{"footnotes":""},"categories":[67],"tags":[],"class_list":["post-8755","post","type-post","status-publish","format-standard","has-post-thumbnail","hentry","category-convenios"],"yoast_head":"<!-- This site is optimized with the Yoast SEO plugin v27.3 - https:\/\/yoast.com\/product\/yoast-seo-wordpress\/ -->\n<title>Caja Rural del Sur y la empresa Pag\u00e9s renuevan su acuerdo de colaboraci\u00f3n para la temporada taurina de la Plaza de Toros de la Maestranza - Fundaci\u00f3n Caja Rural del Sur<\/title>\n<meta name=\"robots\" content=\"index, follow, max-snippet:-1, max-image-preview:large, max-video-preview:-1\" \/>\n<link rel=\"canonical\" href=\"https:\/\/fundacioncajaruraldelsur.com\/pt\/caja-rural-del-sur-y-la-empresa-pages-renuevan-su-acuerdo-de-colaboracion-para-la-temporada-taurina-de-la-plaza-de-toros-de-la-maestranza\/\" \/>\n<meta property=\"og:locale\" content=\"pt_PT\" \/>\n<meta property=\"og:type\" content=\"article\" \/>\n<meta property=\"og:title\" content=\"Caja Rural del Sur y la empresa Pag\u00e9s renuevan su acuerdo de colaboraci\u00f3n para la temporada taurina de la Plaza de Toros de la Maestranza - Fundaci\u00f3n Caja Rural del Sur\" \/>\n<meta property=\"og:description\" content=\"Caja Rural del Sur continuar\u00e1 en 2023 colaborando con la empresa Sevilla Pag\u00e9s, responsable de la gesti\u00f3n y explotaci\u00f3n de la Plaza de Toros de la Maestranza, alianza que lleva [&hellip;]\" \/>\n<meta property=\"og:url\" content=\"https:\/\/fundacioncajaruraldelsur.com\/pt\/caja-rural-del-sur-y-la-empresa-pages-renuevan-su-acuerdo-de-colaboracion-para-la-temporada-taurina-de-la-plaza-de-toros-de-la-maestranza\/\" \/>\n<meta property=\"og:site_name\" content=\"Fundaci\u00f3n Caja Rural del Sur\" \/>\n<meta property=\"article:published_time\" content=\"2023-03-20T17:44:14+00:00\" \/>\n<meta property=\"og:image\" content=\"https:\/\/fundacioncajaruraldelsur.com\/wp-content\/uploads\/2023\/03\/Convenio-CRSUR-y-empresa-Pages-1.jpg\" \/>\n\t<meta property=\"og:image:width\" content=\"1024\" \/>\n\t<meta property=\"og:image:height\" content=\"768\" \/>\n\t<meta property=\"og:image:type\" content=\"image\/jpeg\" \/>\n<meta name=\"author\" content=\"Comunicaci\u00f3n\" \/>\n<meta name=\"twitter:card\" content=\"summary_large_image\" \/>\n<meta name=\"twitter:label1\" content=\"Written by\" \/>\n\t<meta name=\"twitter:data1\" content=\"Comunicaci\u00f3n\" \/>\n\t<meta name=\"twitter:label2\" content=\"Est. reading time\" \/>\n\t<meta name=\"twitter:data2\" content=\"1 minute\" \/>\n<script type=\"application\/ld+json\" class=\"yoast-schema-graph\">{\"@context\":\"https:\\\/\\\/schema.org\",\"@graph\":[{\"@type\":\"Article\",\"@id\":\"https:\\\/\\\/fundacioncajaruraldelsur.com\\\/caja-rural-del-sur-y-la-empresa-pages-renuevan-su-acuerdo-de-colaboracion-para-la-temporada-taurina-de-la-plaza-de-toros-de-la-maestranza\\\/#article\",\"isPartOf\":{\"@id\":\"https:\\\/\\\/fundacioncajaruraldelsur.com\\\/caja-rural-del-sur-y-la-empresa-pages-renuevan-su-acuerdo-de-colaboracion-para-la-temporada-taurina-de-la-plaza-de-toros-de-la-maestranza\\\/\"},\"author\":{\"name\":\"Comunicaci\u00f3n\",\"@id\":\"https:\\\/\\\/fundacioncajaruraldelsur.com\\\/#\\\/schema\\\/person\\\/f430da9fb783d505ff061ad8b3d44577\"},\"headline\":\"Caja Rural del Sur y la empresa Pag\u00e9s renuevan su acuerdo de colaboraci\u00f3n para la temporada taurina de la Plaza de Toros de la Maestranza\",\"datePublished\":\"2023-03-20T17:44:14+00:00\",\"mainEntityOfPage\":{\"@id\":\"https:\\\/\\\/fundacioncajaruraldelsur.com\\\/caja-rural-del-sur-y-la-empresa-pages-renuevan-su-acuerdo-de-colaboracion-para-la-temporada-taurina-de-la-plaza-de-toros-de-la-maestranza\\\/\"},\"wordCount\":194,\"image\":{\"@id\":\"https:\\\/\\\/fundacioncajaruraldelsur.com\\\/caja-rural-del-sur-y-la-empresa-pages-renuevan-su-acuerdo-de-colaboracion-para-la-temporada-taurina-de-la-plaza-de-toros-de-la-maestranza\\\/#primaryimage\"},\"thumbnailUrl\":\"https:\\\/\\\/fundacioncajaruraldelsur.com\\\/wp-content\\\/uploads\\\/2023\\\/03\\\/Convenio-CRSUR-y-empresa-Pages-1.jpg\",\"articleSection\":[\"Convenios\"],\"inLanguage\":\"pt-PT\"},{\"@type\":\"WebPage\",\"@id\":\"https:\\\/\\\/fundacioncajaruraldelsur.com\\\/caja-rural-del-sur-y-la-empresa-pages-renuevan-su-acuerdo-de-colaboracion-para-la-temporada-taurina-de-la-plaza-de-toros-de-la-maestranza\\\/\",\"url\":\"https:\\\/\\\/fundacioncajaruraldelsur.com\\\/caja-rural-del-sur-y-la-empresa-pages-renuevan-su-acuerdo-de-colaboracion-para-la-temporada-taurina-de-la-plaza-de-toros-de-la-maestranza\\\/\",\"name\":\"Caja Rural del Sur y la empresa Pag\u00e9s renuevan su acuerdo de colaboraci\u00f3n para la temporada taurina de la Plaza de Toros de la Maestranza - Fundaci\u00f3n Caja Rural del Sur\",\"isPartOf\":{\"@id\":\"https:\\\/\\\/fundacioncajaruraldelsur.com\\\/#website\"},\"primaryImageOfPage\":{\"@id\":\"https:\\\/\\\/fundacioncajaruraldelsur.com\\\/caja-rural-del-sur-y-la-empresa-pages-renuevan-su-acuerdo-de-colaboracion-para-la-temporada-taurina-de-la-plaza-de-toros-de-la-maestranza\\\/#primaryimage\"},\"image\":{\"@id\":\"https:\\\/\\\/fundacioncajaruraldelsur.com\\\/caja-rural-del-sur-y-la-empresa-pages-renuevan-su-acuerdo-de-colaboracion-para-la-temporada-taurina-de-la-plaza-de-toros-de-la-maestranza\\\/#primaryimage\"},\"thumbnailUrl\":\"https:\\\/\\\/fundacioncajaruraldelsur.com\\\/wp-content\\\/uploads\\\/2023\\\/03\\\/Convenio-CRSUR-y-empresa-Pages-1.jpg\",\"datePublished\":\"2023-03-20T17:44:14+00:00\",\"author\":{\"@id\":\"https:\\\/\\\/fundacioncajaruraldelsur.com\\\/#\\\/schema\\\/person\\\/f430da9fb783d505ff061ad8b3d44577\"},\"breadcrumb\":{\"@id\":\"https:\\\/\\\/fundacioncajaruraldelsur.com\\\/caja-rural-del-sur-y-la-empresa-pages-renuevan-su-acuerdo-de-colaboracion-para-la-temporada-taurina-de-la-plaza-de-toros-de-la-maestranza\\\/#breadcrumb\"},\"inLanguage\":\"pt-PT\",\"potentialAction\":[{\"@type\":\"ReadAction\",\"target\":[\"https:\\\/\\\/fundacioncajaruraldelsur.com\\\/caja-rural-del-sur-y-la-empresa-pages-renuevan-su-acuerdo-de-colaboracion-para-la-temporada-taurina-de-la-plaza-de-toros-de-la-maestranza\\\/\"]}]},{\"@type\":\"ImageObject\",\"inLanguage\":\"pt-PT\",\"@id\":\"https:\\\/\\\/fundacioncajaruraldelsur.com\\\/caja-rural-del-sur-y-la-empresa-pages-renuevan-su-acuerdo-de-colaboracion-para-la-temporada-taurina-de-la-plaza-de-toros-de-la-maestranza\\\/#primaryimage\",\"url\":\"https:\\\/\\\/fundacioncajaruraldelsur.com\\\/wp-content\\\/uploads\\\/2023\\\/03\\\/Convenio-CRSUR-y-empresa-Pages-1.jpg\",\"contentUrl\":\"https:\\\/\\\/fundacioncajaruraldelsur.com\\\/wp-content\\\/uploads\\\/2023\\\/03\\\/Convenio-CRSUR-y-empresa-Pages-1.jpg\",\"width\":1024,\"height\":768},{\"@type\":\"BreadcrumbList\",\"@id\":\"https:\\\/\\\/fundacioncajaruraldelsur.com\\\/caja-rural-del-sur-y-la-empresa-pages-renuevan-su-acuerdo-de-colaboracion-para-la-temporada-taurina-de-la-plaza-de-toros-de-la-maestranza\\\/#breadcrumb\",\"itemListElement\":[{\"@type\":\"ListItem\",\"position\":1,\"name\":\"Portada\",\"item\":\"https:\\\/\\\/fundacioncajaruraldelsur.com\\\/\"},{\"@type\":\"ListItem\",\"position\":2,\"name\":\"Caja Rural del Sur y la empresa Pag\u00e9s renuevan su acuerdo de colaboraci\u00f3n para la temporada taurina de la Plaza de Toros de la Maestranza\"}]},{\"@type\":\"WebSite\",\"@id\":\"https:\\\/\\\/fundacioncajaruraldelsur.com\\\/#website\",\"url\":\"https:\\\/\\\/fundacioncajaruraldelsur.com\\\/\",\"name\":\"Fundaci\u00f3n Caja Rural del Sur\",\"description\":\"\",\"potentialAction\":[{\"@type\":\"SearchAction\",\"target\":{\"@type\":\"EntryPoint\",\"urlTemplate\":\"https:\\\/\\\/fundacioncajaruraldelsur.com\\\/?s={search_term_string}\"},\"query-input\":{\"@type\":\"PropertyValueSpecification\",\"valueRequired\":true,\"valueName\":\"search_term_string\"}}],\"inLanguage\":\"pt-PT\"},{\"@type\":\"Person\",\"@id\":\"https:\\\/\\\/fundacioncajaruraldelsur.com\\\/#\\\/schema\\\/person\\\/f430da9fb783d505ff061ad8b3d44577\",\"name\":\"Comunicaci\u00f3n\",\"image\":{\"@type\":\"ImageObject\",\"inLanguage\":\"pt-PT\",\"@id\":\"https:\\\/\\\/secure.gravatar.com\\\/avatar\\\/0dca239875993680bac4603ad2de7942da018f52cc3a244578e0b3b09314a8d8?s=96&d=blank&r=g\",\"url\":\"https:\\\/\\\/secure.gravatar.com\\\/avatar\\\/0dca239875993680bac4603ad2de7942da018f52cc3a244578e0b3b09314a8d8?s=96&d=blank&r=g\",\"contentUrl\":\"https:\\\/\\\/secure.gravatar.com\\\/avatar\\\/0dca239875993680bac4603ad2de7942da018f52cc3a244578e0b3b09314a8d8?s=96&d=blank&r=g\",\"caption\":\"Comunicaci\u00f3n\"}}]}<\/script>\n<!-- \/ Yoast SEO plugin. -->","yoast_head_json":{"title":"Caja Rural del Sur y la empresa Pag\u00e9s renuevan su acuerdo de colaboraci\u00f3n para la temporada taurina de la Plaza de Toros de la Maestranza - Fundaci\u00f3n Caja Rural del Sur","robots":{"index":"index","follow":"follow","max-snippet":"max-snippet:-1","max-image-preview":"max-image-preview:large","max-video-preview":"max-video-preview:-1"},"canonical":"https:\/\/fundacioncajaruraldelsur.com\/pt\/caja-rural-del-sur-y-la-empresa-pages-renuevan-su-acuerdo-de-colaboracion-para-la-temporada-taurina-de-la-plaza-de-toros-de-la-maestranza\/","og_locale":"pt_PT","og_type":"article","og_title":"Caja Rural del Sur y la empresa Pag\u00e9s renuevan su acuerdo de colaboraci\u00f3n para la temporada taurina de la Plaza de Toros de la Maestranza - Fundaci\u00f3n Caja Rural del Sur","og_description":"Caja Rural del Sur continuar\u00e1 en 2023 colaborando con la empresa Sevilla Pag\u00e9s, responsable de la gesti\u00f3n y explotaci\u00f3n de la Plaza de Toros de la Maestranza, alianza que lleva [&hellip;]","og_url":"https:\/\/fundacioncajaruraldelsur.com\/pt\/caja-rural-del-sur-y-la-empresa-pages-renuevan-su-acuerdo-de-colaboracion-para-la-temporada-taurina-de-la-plaza-de-toros-de-la-maestranza\/","og_site_name":"Fundaci\u00f3n Caja Rural del Sur","article_published_time":"2023-03-20T17:44:14+00:00","og_image":[{"width":1024,"height":768,"url":"https:\/\/fundacioncajaruraldelsur.com\/wp-content\/uploads\/2023\/03\/Convenio-CRSUR-y-empresa-Pages-1.jpg","type":"image\/jpeg"}],"author":"Comunicaci\u00f3n","twitter_card":"summary_large_image","twitter_misc":{"Written by":"Comunicaci\u00f3n","Est. reading time":"1 minute"},"schema":{"@context":"https:\/\/schema.org","@graph":[{"@type":"Article","@id":"https:\/\/fundacioncajaruraldelsur.com\/caja-rural-del-sur-y-la-empresa-pages-renuevan-su-acuerdo-de-colaboracion-para-la-temporada-taurina-de-la-plaza-de-toros-de-la-maestranza\/#article","isPartOf":{"@id":"https:\/\/fundacioncajaruraldelsur.com\/caja-rural-del-sur-y-la-empresa-pages-renuevan-su-acuerdo-de-colaboracion-para-la-temporada-taurina-de-la-plaza-de-toros-de-la-maestranza\/"},"author":{"name":"Comunicaci\u00f3n","@id":"https:\/\/fundacioncajaruraldelsur.com\/#\/schema\/person\/f430da9fb783d505ff061ad8b3d44577"},"headline":"Caja Rural del Sur y la empresa Pag\u00e9s renuevan su acuerdo de colaboraci\u00f3n para la temporada taurina de la Plaza de Toros de la Maestranza","datePublished":"2023-03-20T17:44:14+00:00","mainEntityOfPage":{"@id":"https:\/\/fundacioncajaruraldelsur.com\/caja-rural-del-sur-y-la-empresa-pages-renuevan-su-acuerdo-de-colaboracion-para-la-temporada-taurina-de-la-plaza-de-toros-de-la-maestranza\/"},"wordCount":194,"image":{"@id":"https:\/\/fundacioncajaruraldelsur.com\/caja-rural-del-sur-y-la-empresa-pages-renuevan-su-acuerdo-de-colaboracion-para-la-temporada-taurina-de-la-plaza-de-toros-de-la-maestranza\/#primaryimage"},"thumbnailUrl":"https:\/\/fundacioncajaruraldelsur.com\/wp-content\/uploads\/2023\/03\/Convenio-CRSUR-y-empresa-Pages-1.jpg","articleSection":["Convenios"],"inLanguage":"pt-PT"},{"@type":"WebPage","@id":"https:\/\/fundacioncajaruraldelsur.com\/caja-rural-del-sur-y-la-empresa-pages-renuevan-su-acuerdo-de-colaboracion-para-la-temporada-taurina-de-la-plaza-de-toros-de-la-maestranza\/","url":"https:\/\/fundacioncajaruraldelsur.com\/caja-rural-del-sur-y-la-empresa-pages-renuevan-su-acuerdo-de-colaboracion-para-la-temporada-taurina-de-la-plaza-de-toros-de-la-maestranza\/","name":"Caja Rural del Sur y la empresa Pag\u00e9s renuevan su acuerdo de colaboraci\u00f3n para la temporada taurina de la Plaza de Toros de la Maestranza - Fundaci\u00f3n Caja Rural del Sur","isPartOf":{"@id":"https:\/\/fundacioncajaruraldelsur.com\/#website"},"primaryImageOfPage":{"@id":"https:\/\/fundacioncajaruraldelsur.com\/caja-rural-del-sur-y-la-empresa-pages-renuevan-su-acuerdo-de-colaboracion-para-la-temporada-taurina-de-la-plaza-de-toros-de-la-maestranza\/#primaryimage"},"image":{"@id":"https:\/\/fundacioncajaruraldelsur.com\/caja-rural-del-sur-y-la-empresa-pages-renuevan-su-acuerdo-de-colaboracion-para-la-temporada-taurina-de-la-plaza-de-toros-de-la-maestranza\/#primaryimage"},"thumbnailUrl":"https:\/\/fundacioncajaruraldelsur.com\/wp-content\/uploads\/2023\/03\/Convenio-CRSUR-y-empresa-Pages-1.jpg","datePublished":"2023-03-20T17:44:14+00:00","author":{"@id":"https:\/\/fundacioncajaruraldelsur.com\/#\/schema\/person\/f430da9fb783d505ff061ad8b3d44577"},"breadcrumb":{"@id":"https:\/\/fundacioncajaruraldelsur.com\/caja-rural-del-sur-y-la-empresa-pages-renuevan-su-acuerdo-de-colaboracion-para-la-temporada-taurina-de-la-plaza-de-toros-de-la-maestranza\/#breadcrumb"},"inLanguage":"pt-PT","potentialAction":[{"@type":"ReadAction","target":["https:\/\/fundacioncajaruraldelsur.com\/caja-rural-del-sur-y-la-empresa-pages-renuevan-su-acuerdo-de-colaboracion-para-la-temporada-taurina-de-la-plaza-de-toros-de-la-maestranza\/"]}]},{"@type":"ImageObject","inLanguage":"pt-PT","@id":"https:\/\/fundacioncajaruraldelsur.com\/caja-rural-del-sur-y-la-empresa-pages-renuevan-su-acuerdo-de-colaboracion-para-la-temporada-taurina-de-la-plaza-de-toros-de-la-maestranza\/#primaryimage","url":"https:\/\/fundacioncajaruraldelsur.com\/wp-content\/uploads\/2023\/03\/Convenio-CRSUR-y-empresa-Pages-1.jpg","contentUrl":"https:\/\/fundacioncajaruraldelsur.com\/wp-content\/uploads\/2023\/03\/Convenio-CRSUR-y-empresa-Pages-1.jpg","width":1024,"height":768},{"@type":"BreadcrumbList","@id":"https:\/\/fundacioncajaruraldelsur.com\/caja-rural-del-sur-y-la-empresa-pages-renuevan-su-acuerdo-de-colaboracion-para-la-temporada-taurina-de-la-plaza-de-toros-de-la-maestranza\/#breadcrumb","itemListElement":[{"@type":"ListItem","position":1,"name":"Portada","item":"https:\/\/fundacioncajaruraldelsur.com\/"},{"@type":"ListItem","position":2,"name":"Caja Rural del Sur y la empresa Pag\u00e9s renuevan su acuerdo de colaboraci\u00f3n para la temporada taurina de la Plaza de Toros de la Maestranza"}]},{"@type":"WebSite","@id":"https:\/\/fundacioncajaruraldelsur.com\/#website","url":"https:\/\/fundacioncajaruraldelsur.com\/","name":"Funda\u00e7\u00e3o Caja Rural del Sur","description":"","potentialAction":[{"@type":"SearchAction","target":{"@type":"EntryPoint","urlTemplate":"https:\/\/fundacioncajaruraldelsur.com\/?s={search_term_string}"},"query-input":{"@type":"PropertyValueSpecification","valueRequired":true,"valueName":"search_term_string"}}],"inLanguage":"pt-PT"},{"@type":"Person","@id":"https:\/\/fundacioncajaruraldelsur.com\/#\/schema\/person\/f430da9fb783d505ff061ad8b3d44577","name":"Comunicaci\u00f3n","image":{"@type":"ImageObject","inLanguage":"pt-PT","@id":"https:\/\/secure.gravatar.com\/avatar\/0dca239875993680bac4603ad2de7942da018f52cc3a244578e0b3b09314a8d8?s=96&d=blank&r=g","url":"https:\/\/secure.gravatar.com\/avatar\/0dca239875993680bac4603ad2de7942da018f52cc3a244578e0b3b09314a8d8?s=96&d=blank&r=g","contentUrl":"https:\/\/secure.gravatar.com\/avatar\/0dca239875993680bac4603ad2de7942da018f52cc3a244578e0b3b09314a8d8?s=96&d=blank&r=g","caption":"Comunicaci\u00f3n"}}]}},"rttpg_featured_image_url":{"full":["https:\/\/fundacioncajaruraldelsur.com\/wp-content\/uploads\/2023\/03\/Convenio-CRSUR-y-empresa-Pages-1.jpg",1024,768,false],"landscape":["https:\/\/fundacioncajaruraldelsur.com\/wp-content\/uploads\/2023\/03\/Convenio-CRSUR-y-empresa-Pages-1.jpg",1024,768,false],"portraits":["https:\/\/fundacioncajaruraldelsur.com\/wp-content\/uploads\/2023\/03\/Convenio-CRSUR-y-empresa-Pages-1.jpg",1024,768,false],"thumbnail":["https:\/\/fundacioncajaruraldelsur.com\/wp-content\/uploads\/2023\/03\/Convenio-CRSUR-y-empresa-Pages-1-150x150.jpg",150,150,true],"medium":["https:\/\/fundacioncajaruraldelsur.com\/wp-content\/uploads\/2023\/03\/Convenio-CRSUR-y-empresa-Pages-1-300x225.jpg",300,225,true],"large":["https:\/\/fundacioncajaruraldelsur.com\/wp-content\/uploads\/2023\/03\/Convenio-CRSUR-y-empresa-Pages-1.jpg",960,720,false],"1536x1536":["https:\/\/fundacioncajaruraldelsur.com\/wp-content\/uploads\/2023\/03\/Convenio-CRSUR-y-empresa-Pages-1.jpg",1024,768,false],"2048x2048":["https:\/\/fundacioncajaruraldelsur.com\/wp-content\/uploads\/2023\/03\/Convenio-CRSUR-y-empresa-Pages-1.jpg",1024,768,false],"trp-custom-language-flag":["https:\/\/fundacioncajaruraldelsur.com\/wp-content\/uploads\/2023\/03\/Convenio-CRSUR-y-empresa-Pages-1.jpg",16,12,false],"blog-thumbnail":["https:\/\/fundacioncajaruraldelsur.com\/wp-content\/uploads\/2023\/03\/Convenio-CRSUR-y-empresa-Pages-1-400x200.jpg",400,200,true]},"rttpg_author":{"display_name":"Comunicaci\u00f3n","author_link":"https:\/\/fundacioncajaruraldelsur.com\/pt\/author\/sevillaadmin\/"},"rttpg_comment":0,"rttpg_category":"<a href=\"https:\/\/fundacioncajaruraldelsur.com\/pt\/category\/convenios\/\" rel=\"category tag\">Convenios<\/a>","rttpg_excerpt":"Caja Rural del Sur continuar\u00e1 en 2023 colaborando con la empresa Sevilla Pag\u00e9s, responsable de la gesti\u00f3n y explotaci\u00f3n de la Plaza de Toros de la Maestranza, alianza que lleva [&hellip;]","_links":{"self":[{"href":"https:\/\/fundacioncajaruraldelsur.com\/pt\/wp-json\/wp\/v2\/posts\/8755","targetHints":{"allow":["GET"]}}],"collection":[{"href":"https:\/\/fundacioncajaruraldelsur.com\/pt\/wp-json\/wp\/v2\/posts"}],"about":[{"href":"https:\/\/fundacioncajaruraldelsur.com\/pt\/wp-json\/wp\/v2\/types\/post"}],"author":[{"embeddable":true,"href":"https:\/\/fundacioncajaruraldelsur.com\/pt\/wp-json\/wp\/v2\/users\/6"}],"replies":[{"embeddable":true,"href":"https:\/\/fundacioncajaruraldelsur.com\/pt\/wp-json\/wp\/v2\/comments?post=8755"}],"version-history":[{"count":1,"href":"https:\/\/fundacioncajaruraldelsur.com\/pt\/wp-json\/wp\/v2\/posts\/8755\/revisions"}],"predecessor-version":[{"id":8757,"href":"https:\/\/fundacioncajaruraldelsur.com\/pt\/wp-json\/wp\/v2\/posts\/8755\/revisions\/8757"}],"wp:featuredmedia":[{"embeddable":true,"href":"https:\/\/fundacioncajaruraldelsur.com\/pt\/wp-json\/wp\/v2\/media\/8756"}],"wp:attachment":[{"href":"https:\/\/fundacioncajaruraldelsur.com\/pt\/wp-json\/wp\/v2\/media?parent=8755"}],"wp:term":[{"taxonomy":"category","embeddable":true,"href":"https:\/\/fundacioncajaruraldelsur.com\/pt\/wp-json\/wp\/v2\/categories?post=8755"},{"taxonomy":"post_tag","embeddable":true,"href":"https:\/\/fundacioncajaruraldelsur.com\/pt\/wp-json\/wp\/v2\/tags?post=8755"}],"curies":[{"name":"wp","href":"https:\/\/api.w.org\/{rel}","templated":true}]}}