{"id":8747,"date":"2023-03-20T14:20:23","date_gmt":"2023-03-20T13:20:23","guid":{"rendered":"\/?p=8747"},"modified":"2023-03-20T14:22:33","modified_gmt":"2023-03-20T13:22:33","slug":"fundacion-caja-rural-del-sur-apoya-a-asaja-huelva-para-fortalecer-al-sector-agrario-ganadero-y-forestal-2","status":"publish","type":"post","link":"https:\/\/fundacioncajaruraldelsur.com\/pt\/fundacion-caja-rural-del-sur-apoya-a-asaja-huelva-para-fortalecer-al-sector-agrario-ganadero-y-forestal-2\/","title":{"rendered":"Fundaci\u00f3n Caja Rural del Sur apoya a ASAJA Huelva para fortalecer al sector agrario, ganadero y forestal"},"content":{"rendered":"<p>Fundaci\u00f3n Caja Rural del Sur y ASAJA-Huelva han renovado su convenio de colaboraci\u00f3n con el fin de sumar fuerzas y dinamizar el sector agrario de esta provincia a lo largo de este a\u00f1o 2023.<\/p>\n<p>Fruto del convenio para el presente a\u00f1o, firmado por el director de la Fundaci\u00f3n, Emilio Ponce, y el secretario general de ASAJA Huelva, F\u00e9lix Sanz de Frutos Dom\u00ednguez-Roqueta, se van a desarrollar diversas actividades formativas y divulgativas que favorezcan la promoci\u00f3n y expansi\u00f3n de nuevos mercados a los productos onubenses, fomentando la producci\u00f3n, transformaci\u00f3n, comercializaci\u00f3n y el consumo de estos, tanto en Andaluc\u00eda, como en los escenarios nacionales e internacionales.<\/p>\n<p>Para el director de la Fundaci\u00f3n Caja Rural del Sur, Emilio Ponce, este convenio es \u201cuna apuesta clara y decidida para que el sector siga consolid\u00e1ndose como uno de los cimientos claves en el desarrollo agroalimentario que ha experimentado la provincia como lo acredita el aumento constante de las exportaciones de los productos de Huelva en los mercados internacionales\u201d.<\/p>\n<p>F\u00e9lix Sanz, secretario general de ASAJA Huelva ha agradecido a la Fundaci\u00f3n este respaldo que vuelve a dar un a\u00f1o m\u00e1s a la organizaci\u00f3n, que es, a la vez, un apoyo a los miles de productores onubenses que integran la misma y que desarrollan su actividad tanto en los municipios m\u00e1s poblados, pero tambi\u00e9n en esa Huelva rural de las comarcas m\u00e1s desfavorecidas\u201d.<\/p>","protected":false},"excerpt":{"rendered":"<p>Fundaci\u00f3n Caja Rural del Sur y ASAJA-Huelva han renovado su convenio de colaboraci\u00f3n con el fin de sumar fuerzas y dinamizar el sector agrario de esta provincia a lo largo [&hellip;]<\/p>\n","protected":false},"author":6,"featured_media":8748,"comment_status":"closed","ping_status":"closed","sticky":false,"template":"","format":"standard","meta":{"footnotes":""},"categories":[67],"tags":[],"class_list":["post-8747","post","type-post","status-publish","format-standard","has-post-thumbnail","hentry","category-convenios"],"yoast_head":"<!-- This site is optimized with the Yoast SEO plugin v27.3 - https:\/\/yoast.com\/product\/yoast-seo-wordpress\/ -->\n<title>Fundaci\u00f3n Caja Rural del Sur apoya a ASAJA Huelva para fortalecer al sector agrario, ganadero y forestal - Fundaci\u00f3n Caja Rural del Sur<\/title>\n<meta name=\"robots\" content=\"index, follow, max-snippet:-1, max-image-preview:large, max-video-preview:-1\" \/>\n<link rel=\"canonical\" href=\"https:\/\/fundacioncajaruraldelsur.com\/pt\/fundacion-caja-rural-del-sur-apoya-a-asaja-huelva-para-fortalecer-al-sector-agrario-ganadero-y-forestal-2\/\" \/>\n<meta property=\"og:locale\" content=\"pt_PT\" \/>\n<meta property=\"og:type\" content=\"article\" \/>\n<meta property=\"og:title\" content=\"Fundaci\u00f3n Caja Rural del Sur apoya a ASAJA Huelva para fortalecer al sector agrario, ganadero y forestal - Fundaci\u00f3n Caja Rural del Sur\" \/>\n<meta property=\"og:description\" content=\"Fundaci\u00f3n Caja Rural del Sur y ASAJA-Huelva han renovado su convenio de colaboraci\u00f3n con el fin de sumar fuerzas y dinamizar el sector agrario de esta provincia a lo largo [&hellip;]\" \/>\n<meta property=\"og:url\" content=\"https:\/\/fundacioncajaruraldelsur.com\/pt\/fundacion-caja-rural-del-sur-apoya-a-asaja-huelva-para-fortalecer-al-sector-agrario-ganadero-y-forestal-2\/\" \/>\n<meta property=\"og:site_name\" content=\"Fundaci\u00f3n Caja Rural del Sur\" \/>\n<meta property=\"article:published_time\" content=\"2023-03-20T13:20:23+00:00\" \/>\n<meta property=\"article:modified_time\" content=\"2023-03-20T13:22:33+00:00\" \/>\n<meta property=\"og:image\" content=\"https:\/\/fundacioncajaruraldelsur.com\/wp-content\/uploads\/2023\/03\/230320.-Firma-del-convenio-por-parte-del-director-de-la-Fundacion-Caja-Rural-del-Sur-y-el-secretario-general-de-Asaja-Huelva.jpg\" \/>\n\t<meta property=\"og:image:width\" content=\"1600\" \/>\n\t<meta property=\"og:image:height\" content=\"720\" \/>\n\t<meta property=\"og:image:type\" content=\"image\/jpeg\" \/>\n<meta name=\"author\" content=\"Comunicaci\u00f3n\" \/>\n<meta name=\"twitter:card\" content=\"summary_large_image\" \/>\n<meta name=\"twitter:label1\" content=\"Written by\" \/>\n\t<meta name=\"twitter:data1\" content=\"Comunicaci\u00f3n\" \/>\n\t<meta name=\"twitter:label2\" content=\"Est. reading time\" \/>\n\t<meta name=\"twitter:data2\" content=\"2 minutes\" \/>\n<script type=\"application\/ld+json\" class=\"yoast-schema-graph\">{\"@context\":\"https:\\\/\\\/schema.org\",\"@graph\":[{\"@type\":\"Article\",\"@id\":\"https:\\\/\\\/fundacioncajaruraldelsur.com\\\/fundacion-caja-rural-del-sur-apoya-a-asaja-huelva-para-fortalecer-al-sector-agrario-ganadero-y-forestal-2\\\/#article\",\"isPartOf\":{\"@id\":\"https:\\\/\\\/fundacioncajaruraldelsur.com\\\/fundacion-caja-rural-del-sur-apoya-a-asaja-huelva-para-fortalecer-al-sector-agrario-ganadero-y-forestal-2\\\/\"},\"author\":{\"name\":\"Comunicaci\u00f3n\",\"@id\":\"https:\\\/\\\/fundacioncajaruraldelsur.com\\\/#\\\/schema\\\/person\\\/f430da9fb783d505ff061ad8b3d44577\"},\"headline\":\"Fundaci\u00f3n Caja Rural del Sur apoya a ASAJA Huelva para fortalecer al sector agrario, ganadero y forestal\",\"datePublished\":\"2023-03-20T13:20:23+00:00\",\"dateModified\":\"2023-03-20T13:22:33+00:00\",\"mainEntityOfPage\":{\"@id\":\"https:\\\/\\\/fundacioncajaruraldelsur.com\\\/fundacion-caja-rural-del-sur-apoya-a-asaja-huelva-para-fortalecer-al-sector-agrario-ganadero-y-forestal-2\\\/\"},\"wordCount\":266,\"image\":{\"@id\":\"https:\\\/\\\/fundacioncajaruraldelsur.com\\\/fundacion-caja-rural-del-sur-apoya-a-asaja-huelva-para-fortalecer-al-sector-agrario-ganadero-y-forestal-2\\\/#primaryimage\"},\"thumbnailUrl\":\"https:\\\/\\\/fundacioncajaruraldelsur.com\\\/wp-content\\\/uploads\\\/2023\\\/03\\\/230320.-Firma-del-convenio-por-parte-del-director-de-la-Fundacion-Caja-Rural-del-Sur-y-el-secretario-general-de-Asaja-Huelva.jpg\",\"articleSection\":[\"Convenios\"],\"inLanguage\":\"pt-PT\"},{\"@type\":\"WebPage\",\"@id\":\"https:\\\/\\\/fundacioncajaruraldelsur.com\\\/fundacion-caja-rural-del-sur-apoya-a-asaja-huelva-para-fortalecer-al-sector-agrario-ganadero-y-forestal-2\\\/\",\"url\":\"https:\\\/\\\/fundacioncajaruraldelsur.com\\\/fundacion-caja-rural-del-sur-apoya-a-asaja-huelva-para-fortalecer-al-sector-agrario-ganadero-y-forestal-2\\\/\",\"name\":\"Fundaci\u00f3n Caja Rural del Sur apoya a ASAJA Huelva para fortalecer al sector agrario, ganadero y forestal - Fundaci\u00f3n Caja Rural del Sur\",\"isPartOf\":{\"@id\":\"https:\\\/\\\/fundacioncajaruraldelsur.com\\\/#website\"},\"primaryImageOfPage\":{\"@id\":\"https:\\\/\\\/fundacioncajaruraldelsur.com\\\/fundacion-caja-rural-del-sur-apoya-a-asaja-huelva-para-fortalecer-al-sector-agrario-ganadero-y-forestal-2\\\/#primaryimage\"},\"image\":{\"@id\":\"https:\\\/\\\/fundacioncajaruraldelsur.com\\\/fundacion-caja-rural-del-sur-apoya-a-asaja-huelva-para-fortalecer-al-sector-agrario-ganadero-y-forestal-2\\\/#primaryimage\"},\"thumbnailUrl\":\"https:\\\/\\\/fundacioncajaruraldelsur.com\\\/wp-content\\\/uploads\\\/2023\\\/03\\\/230320.-Firma-del-convenio-por-parte-del-director-de-la-Fundacion-Caja-Rural-del-Sur-y-el-secretario-general-de-Asaja-Huelva.jpg\",\"datePublished\":\"2023-03-20T13:20:23+00:00\",\"dateModified\":\"2023-03-20T13:22:33+00:00\",\"author\":{\"@id\":\"https:\\\/\\\/fundacioncajaruraldelsur.com\\\/#\\\/schema\\\/person\\\/f430da9fb783d505ff061ad8b3d44577\"},\"breadcrumb\":{\"@id\":\"https:\\\/\\\/fundacioncajaruraldelsur.com\\\/fundacion-caja-rural-del-sur-apoya-a-asaja-huelva-para-fortalecer-al-sector-agrario-ganadero-y-forestal-2\\\/#breadcrumb\"},\"inLanguage\":\"pt-PT\",\"potentialAction\":[{\"@type\":\"ReadAction\",\"target\":[\"https:\\\/\\\/fundacioncajaruraldelsur.com\\\/fundacion-caja-rural-del-sur-apoya-a-asaja-huelva-para-fortalecer-al-sector-agrario-ganadero-y-forestal-2\\\/\"]}]},{\"@type\":\"ImageObject\",\"inLanguage\":\"pt-PT\",\"@id\":\"https:\\\/\\\/fundacioncajaruraldelsur.com\\\/fundacion-caja-rural-del-sur-apoya-a-asaja-huelva-para-fortalecer-al-sector-agrario-ganadero-y-forestal-2\\\/#primaryimage\",\"url\":\"https:\\\/\\\/fundacioncajaruraldelsur.com\\\/wp-content\\\/uploads\\\/2023\\\/03\\\/230320.-Firma-del-convenio-por-parte-del-director-de-la-Fundacion-Caja-Rural-del-Sur-y-el-secretario-general-de-Asaja-Huelva.jpg\",\"contentUrl\":\"https:\\\/\\\/fundacioncajaruraldelsur.com\\\/wp-content\\\/uploads\\\/2023\\\/03\\\/230320.-Firma-del-convenio-por-parte-del-director-de-la-Fundacion-Caja-Rural-del-Sur-y-el-secretario-general-de-Asaja-Huelva.jpg\",\"width\":1600,\"height\":720},{\"@type\":\"BreadcrumbList\",\"@id\":\"https:\\\/\\\/fundacioncajaruraldelsur.com\\\/fundacion-caja-rural-del-sur-apoya-a-asaja-huelva-para-fortalecer-al-sector-agrario-ganadero-y-forestal-2\\\/#breadcrumb\",\"itemListElement\":[{\"@type\":\"ListItem\",\"position\":1,\"name\":\"Portada\",\"item\":\"https:\\\/\\\/fundacioncajaruraldelsur.com\\\/\"},{\"@type\":\"ListItem\",\"position\":2,\"name\":\"Fundaci\u00f3n Caja Rural del Sur apoya a ASAJA Huelva para fortalecer al sector agrario, ganadero y forestal\"}]},{\"@type\":\"WebSite\",\"@id\":\"https:\\\/\\\/fundacioncajaruraldelsur.com\\\/#website\",\"url\":\"https:\\\/\\\/fundacioncajaruraldelsur.com\\\/\",\"name\":\"Fundaci\u00f3n Caja Rural del Sur\",\"description\":\"\",\"potentialAction\":[{\"@type\":\"SearchAction\",\"target\":{\"@type\":\"EntryPoint\",\"urlTemplate\":\"https:\\\/\\\/fundacioncajaruraldelsur.com\\\/?s={search_term_string}\"},\"query-input\":{\"@type\":\"PropertyValueSpecification\",\"valueRequired\":true,\"valueName\":\"search_term_string\"}}],\"inLanguage\":\"pt-PT\"},{\"@type\":\"Person\",\"@id\":\"https:\\\/\\\/fundacioncajaruraldelsur.com\\\/#\\\/schema\\\/person\\\/f430da9fb783d505ff061ad8b3d44577\",\"name\":\"Comunicaci\u00f3n\",\"image\":{\"@type\":\"ImageObject\",\"inLanguage\":\"pt-PT\",\"@id\":\"https:\\\/\\\/secure.gravatar.com\\\/avatar\\\/0dca239875993680bac4603ad2de7942da018f52cc3a244578e0b3b09314a8d8?s=96&d=blank&r=g\",\"url\":\"https:\\\/\\\/secure.gravatar.com\\\/avatar\\\/0dca239875993680bac4603ad2de7942da018f52cc3a244578e0b3b09314a8d8?s=96&d=blank&r=g\",\"contentUrl\":\"https:\\\/\\\/secure.gravatar.com\\\/avatar\\\/0dca239875993680bac4603ad2de7942da018f52cc3a244578e0b3b09314a8d8?s=96&d=blank&r=g\",\"caption\":\"Comunicaci\u00f3n\"}}]}<\/script>\n<!-- \/ Yoast SEO plugin. -->","yoast_head_json":{"title":"Fundaci\u00f3n Caja Rural del Sur apoya a ASAJA Huelva para fortalecer al sector agrario, ganadero y forestal - Fundaci\u00f3n Caja Rural del Sur","robots":{"index":"index","follow":"follow","max-snippet":"max-snippet:-1","max-image-preview":"max-image-preview:large","max-video-preview":"max-video-preview:-1"},"canonical":"https:\/\/fundacioncajaruraldelsur.com\/pt\/fundacion-caja-rural-del-sur-apoya-a-asaja-huelva-para-fortalecer-al-sector-agrario-ganadero-y-forestal-2\/","og_locale":"pt_PT","og_type":"article","og_title":"Fundaci\u00f3n Caja Rural del Sur apoya a ASAJA Huelva para fortalecer al sector agrario, ganadero y forestal - Fundaci\u00f3n Caja Rural del Sur","og_description":"Fundaci\u00f3n Caja Rural del Sur y ASAJA-Huelva han renovado su convenio de colaboraci\u00f3n con el fin de sumar fuerzas y dinamizar el sector agrario de esta provincia a lo largo [&hellip;]","og_url":"https:\/\/fundacioncajaruraldelsur.com\/pt\/fundacion-caja-rural-del-sur-apoya-a-asaja-huelva-para-fortalecer-al-sector-agrario-ganadero-y-forestal-2\/","og_site_name":"Fundaci\u00f3n Caja Rural del Sur","article_published_time":"2023-03-20T13:20:23+00:00","article_modified_time":"2023-03-20T13:22:33+00:00","og_image":[{"width":1600,"height":720,"url":"https:\/\/fundacioncajaruraldelsur.com\/wp-content\/uploads\/2023\/03\/230320.-Firma-del-convenio-por-parte-del-director-de-la-Fundacion-Caja-Rural-del-Sur-y-el-secretario-general-de-Asaja-Huelva.jpg","type":"image\/jpeg"}],"author":"Comunicaci\u00f3n","twitter_card":"summary_large_image","twitter_misc":{"Written by":"Comunicaci\u00f3n","Est. reading time":"2 minutes"},"schema":{"@context":"https:\/\/schema.org","@graph":[{"@type":"Article","@id":"https:\/\/fundacioncajaruraldelsur.com\/fundacion-caja-rural-del-sur-apoya-a-asaja-huelva-para-fortalecer-al-sector-agrario-ganadero-y-forestal-2\/#article","isPartOf":{"@id":"https:\/\/fundacioncajaruraldelsur.com\/fundacion-caja-rural-del-sur-apoya-a-asaja-huelva-para-fortalecer-al-sector-agrario-ganadero-y-forestal-2\/"},"author":{"name":"Comunicaci\u00f3n","@id":"https:\/\/fundacioncajaruraldelsur.com\/#\/schema\/person\/f430da9fb783d505ff061ad8b3d44577"},"headline":"Fundaci\u00f3n Caja Rural del Sur apoya a ASAJA Huelva para fortalecer al sector agrario, ganadero y forestal","datePublished":"2023-03-20T13:20:23+00:00","dateModified":"2023-03-20T13:22:33+00:00","mainEntityOfPage":{"@id":"https:\/\/fundacioncajaruraldelsur.com\/fundacion-caja-rural-del-sur-apoya-a-asaja-huelva-para-fortalecer-al-sector-agrario-ganadero-y-forestal-2\/"},"wordCount":266,"image":{"@id":"https:\/\/fundacioncajaruraldelsur.com\/fundacion-caja-rural-del-sur-apoya-a-asaja-huelva-para-fortalecer-al-sector-agrario-ganadero-y-forestal-2\/#primaryimage"},"thumbnailUrl":"https:\/\/fundacioncajaruraldelsur.com\/wp-content\/uploads\/2023\/03\/230320.-Firma-del-convenio-por-parte-del-director-de-la-Fundacion-Caja-Rural-del-Sur-y-el-secretario-general-de-Asaja-Huelva.jpg","articleSection":["Convenios"],"inLanguage":"pt-PT"},{"@type":"WebPage","@id":"https:\/\/fundacioncajaruraldelsur.com\/fundacion-caja-rural-del-sur-apoya-a-asaja-huelva-para-fortalecer-al-sector-agrario-ganadero-y-forestal-2\/","url":"https:\/\/fundacioncajaruraldelsur.com\/fundacion-caja-rural-del-sur-apoya-a-asaja-huelva-para-fortalecer-al-sector-agrario-ganadero-y-forestal-2\/","name":"Fundaci\u00f3n Caja Rural del Sur apoya a ASAJA Huelva para fortalecer al sector agrario, ganadero y forestal - Fundaci\u00f3n Caja Rural del Sur","isPartOf":{"@id":"https:\/\/fundacioncajaruraldelsur.com\/#website"},"primaryImageOfPage":{"@id":"https:\/\/fundacioncajaruraldelsur.com\/fundacion-caja-rural-del-sur-apoya-a-asaja-huelva-para-fortalecer-al-sector-agrario-ganadero-y-forestal-2\/#primaryimage"},"image":{"@id":"https:\/\/fundacioncajaruraldelsur.com\/fundacion-caja-rural-del-sur-apoya-a-asaja-huelva-para-fortalecer-al-sector-agrario-ganadero-y-forestal-2\/#primaryimage"},"thumbnailUrl":"https:\/\/fundacioncajaruraldelsur.com\/wp-content\/uploads\/2023\/03\/230320.-Firma-del-convenio-por-parte-del-director-de-la-Fundacion-Caja-Rural-del-Sur-y-el-secretario-general-de-Asaja-Huelva.jpg","datePublished":"2023-03-20T13:20:23+00:00","dateModified":"2023-03-20T13:22:33+00:00","author":{"@id":"https:\/\/fundacioncajaruraldelsur.com\/#\/schema\/person\/f430da9fb783d505ff061ad8b3d44577"},"breadcrumb":{"@id":"https:\/\/fundacioncajaruraldelsur.com\/fundacion-caja-rural-del-sur-apoya-a-asaja-huelva-para-fortalecer-al-sector-agrario-ganadero-y-forestal-2\/#breadcrumb"},"inLanguage":"pt-PT","potentialAction":[{"@type":"ReadAction","target":["https:\/\/fundacioncajaruraldelsur.com\/fundacion-caja-rural-del-sur-apoya-a-asaja-huelva-para-fortalecer-al-sector-agrario-ganadero-y-forestal-2\/"]}]},{"@type":"ImageObject","inLanguage":"pt-PT","@id":"https:\/\/fundacioncajaruraldelsur.com\/fundacion-caja-rural-del-sur-apoya-a-asaja-huelva-para-fortalecer-al-sector-agrario-ganadero-y-forestal-2\/#primaryimage","url":"https:\/\/fundacioncajaruraldelsur.com\/wp-content\/uploads\/2023\/03\/230320.-Firma-del-convenio-por-parte-del-director-de-la-Fundacion-Caja-Rural-del-Sur-y-el-secretario-general-de-Asaja-Huelva.jpg","contentUrl":"https:\/\/fundacioncajaruraldelsur.com\/wp-content\/uploads\/2023\/03\/230320.-Firma-del-convenio-por-parte-del-director-de-la-Fundacion-Caja-Rural-del-Sur-y-el-secretario-general-de-Asaja-Huelva.jpg","width":1600,"height":720},{"@type":"BreadcrumbList","@id":"https:\/\/fundacioncajaruraldelsur.com\/fundacion-caja-rural-del-sur-apoya-a-asaja-huelva-para-fortalecer-al-sector-agrario-ganadero-y-forestal-2\/#breadcrumb","itemListElement":[{"@type":"ListItem","position":1,"name":"Portada","item":"https:\/\/fundacioncajaruraldelsur.com\/"},{"@type":"ListItem","position":2,"name":"Fundaci\u00f3n Caja Rural del Sur apoya a ASAJA Huelva para fortalecer al sector agrario, ganadero y forestal"}]},{"@type":"WebSite","@id":"https:\/\/fundacioncajaruraldelsur.com\/#website","url":"https:\/\/fundacioncajaruraldelsur.com\/","name":"Funda\u00e7\u00e3o Caja Rural del Sur","description":"","potentialAction":[{"@type":"SearchAction","target":{"@type":"EntryPoint","urlTemplate":"https:\/\/fundacioncajaruraldelsur.com\/?s={search_term_string}"},"query-input":{"@type":"PropertyValueSpecification","valueRequired":true,"valueName":"search_term_string"}}],"inLanguage":"pt-PT"},{"@type":"Person","@id":"https:\/\/fundacioncajaruraldelsur.com\/#\/schema\/person\/f430da9fb783d505ff061ad8b3d44577","name":"Comunicaci\u00f3n","image":{"@type":"ImageObject","inLanguage":"pt-PT","@id":"https:\/\/secure.gravatar.com\/avatar\/0dca239875993680bac4603ad2de7942da018f52cc3a244578e0b3b09314a8d8?s=96&d=blank&r=g","url":"https:\/\/secure.gravatar.com\/avatar\/0dca239875993680bac4603ad2de7942da018f52cc3a244578e0b3b09314a8d8?s=96&d=blank&r=g","contentUrl":"https:\/\/secure.gravatar.com\/avatar\/0dca239875993680bac4603ad2de7942da018f52cc3a244578e0b3b09314a8d8?s=96&d=blank&r=g","caption":"Comunicaci\u00f3n"}}]}},"rttpg_featured_image_url":{"full":["https:\/\/fundacioncajaruraldelsur.com\/wp-content\/uploads\/2023\/03\/230320.-Firma-del-convenio-por-parte-del-director-de-la-Fundacion-Caja-Rural-del-Sur-y-el-secretario-general-de-Asaja-Huelva.jpg",1600,720,false],"landscape":["https:\/\/fundacioncajaruraldelsur.com\/wp-content\/uploads\/2023\/03\/230320.-Firma-del-convenio-por-parte-del-director-de-la-Fundacion-Caja-Rural-del-Sur-y-el-secretario-general-de-Asaja-Huelva.jpg",1600,720,false],"portraits":["https:\/\/fundacioncajaruraldelsur.com\/wp-content\/uploads\/2023\/03\/230320.-Firma-del-convenio-por-parte-del-director-de-la-Fundacion-Caja-Rural-del-Sur-y-el-secretario-general-de-Asaja-Huelva.jpg",1600,720,false],"thumbnail":["https:\/\/fundacioncajaruraldelsur.com\/wp-content\/uploads\/2023\/03\/230320.-Firma-del-convenio-por-parte-del-director-de-la-Fundacion-Caja-Rural-del-Sur-y-el-secretario-general-de-Asaja-Huelva-150x150.jpg",150,150,true],"medium":["https:\/\/fundacioncajaruraldelsur.com\/wp-content\/uploads\/2023\/03\/230320.-Firma-del-convenio-por-parte-del-director-de-la-Fundacion-Caja-Rural-del-Sur-y-el-secretario-general-de-Asaja-Huelva-300x135.jpg",300,135,true],"large":["https:\/\/fundacioncajaruraldelsur.com\/wp-content\/uploads\/2023\/03\/230320.-Firma-del-convenio-por-parte-del-director-de-la-Fundacion-Caja-Rural-del-Sur-y-el-secretario-general-de-Asaja-Huelva-1024x461.jpg",960,432,true],"1536x1536":["https:\/\/fundacioncajaruraldelsur.com\/wp-content\/uploads\/2023\/03\/230320.-Firma-del-convenio-por-parte-del-director-de-la-Fundacion-Caja-Rural-del-Sur-y-el-secretario-general-de-Asaja-Huelva-1536x691.jpg",1536,691,true],"2048x2048":["https:\/\/fundacioncajaruraldelsur.com\/wp-content\/uploads\/2023\/03\/230320.-Firma-del-convenio-por-parte-del-director-de-la-Fundacion-Caja-Rural-del-Sur-y-el-secretario-general-de-Asaja-Huelva.jpg",1600,720,false],"trp-custom-language-flag":["https:\/\/fundacioncajaruraldelsur.com\/wp-content\/uploads\/2023\/03\/230320.-Firma-del-convenio-por-parte-del-director-de-la-Fundacion-Caja-Rural-del-Sur-y-el-secretario-general-de-Asaja-Huelva.jpg",18,8,false],"blog-thumbnail":["https:\/\/fundacioncajaruraldelsur.com\/wp-content\/uploads\/2023\/03\/230320.-Firma-del-convenio-por-parte-del-director-de-la-Fundacion-Caja-Rural-del-Sur-y-el-secretario-general-de-Asaja-Huelva-400x200.jpg",400,200,true]},"rttpg_author":{"display_name":"Comunicaci\u00f3n","author_link":"https:\/\/fundacioncajaruraldelsur.com\/pt\/author\/sevillaadmin\/"},"rttpg_comment":0,"rttpg_category":"<a href=\"https:\/\/fundacioncajaruraldelsur.com\/pt\/category\/convenios\/\" rel=\"category tag\">Convenios<\/a>","rttpg_excerpt":"Fundaci\u00f3n Caja Rural del Sur y ASAJA-Huelva han renovado su convenio de colaboraci\u00f3n con el fin de sumar fuerzas y dinamizar el sector agrario de esta provincia a lo largo [&hellip;]","_links":{"self":[{"href":"https:\/\/fundacioncajaruraldelsur.com\/pt\/wp-json\/wp\/v2\/posts\/8747","targetHints":{"allow":["GET"]}}],"collection":[{"href":"https:\/\/fundacioncajaruraldelsur.com\/pt\/wp-json\/wp\/v2\/posts"}],"about":[{"href":"https:\/\/fundacioncajaruraldelsur.com\/pt\/wp-json\/wp\/v2\/types\/post"}],"author":[{"embeddable":true,"href":"https:\/\/fundacioncajaruraldelsur.com\/pt\/wp-json\/wp\/v2\/users\/6"}],"replies":[{"embeddable":true,"href":"https:\/\/fundacioncajaruraldelsur.com\/pt\/wp-json\/wp\/v2\/comments?post=8747"}],"version-history":[{"count":3,"href":"https:\/\/fundacioncajaruraldelsur.com\/pt\/wp-json\/wp\/v2\/posts\/8747\/revisions"}],"predecessor-version":[{"id":8751,"href":"https:\/\/fundacioncajaruraldelsur.com\/pt\/wp-json\/wp\/v2\/posts\/8747\/revisions\/8751"}],"wp:featuredmedia":[{"embeddable":true,"href":"https:\/\/fundacioncajaruraldelsur.com\/pt\/wp-json\/wp\/v2\/media\/8748"}],"wp:attachment":[{"href":"https:\/\/fundacioncajaruraldelsur.com\/pt\/wp-json\/wp\/v2\/media?parent=8747"}],"wp:term":[{"taxonomy":"category","embeddable":true,"href":"https:\/\/fundacioncajaruraldelsur.com\/pt\/wp-json\/wp\/v2\/categories?post=8747"},{"taxonomy":"post_tag","embeddable":true,"href":"https:\/\/fundacioncajaruraldelsur.com\/pt\/wp-json\/wp\/v2\/tags?post=8747"}],"curies":[{"name":"wp","href":"https:\/\/api.w.org\/{rel}","templated":true}]}}