{"id":8662,"date":"2023-03-02T10:53:49","date_gmt":"2023-03-02T09:53:49","guid":{"rendered":"\/?p=8662"},"modified":"2023-03-02T10:53:49","modified_gmt":"2023-03-02T09:53:49","slug":"la-coleccion-pictorica-de-la-catedral-de-sevilla-conferencia-del-cabildo-alfonso-x-el-sabio","status":"publish","type":"post","link":"https:\/\/fundacioncajaruraldelsur.com\/pt\/la-coleccion-pictorica-de-la-catedral-de-sevilla-conferencia-del-cabildo-alfonso-x-el-sabio\/","title":{"rendered":"\u00abLa colecci\u00f3n pict\u00f3rica de la Catedral de Sevilla\u00bb conferencia del Cabildo Alfonso X El Sabio"},"content":{"rendered":"<p>La Fundaci\u00f3n Caja Rural del Sur en Sevilla acogi\u00f3 el pasado jueves, 23 de febrero, la celebraci\u00f3n \u00abLa colecci\u00f3n pict\u00f3rica de la Catedral de Sevilla\u00bb conferencia del Cabildo Alfonso X El Sabio a cargo del profesor Fernando Gabald\u00f3n de la Banda, profesor de historia del CEU-San Pablo.<\/p>\n<p>Esta conferencia se enmarc\u00f3 dentro del ciclo que viene organizando esta instituci\u00f3n sobre \u00abHistoria y Arte Hispalensis\u00bb.<\/p>\n<p>La conferencia congreg\u00f3 a numerosos asistentes que pudieron conocer de la mano del profesor Gabald\u00f3n un recorrido amplio por el rico patrimonio art\u00edstico con el que cuenta la Catedral sevillana. <a href=\"\/wp-content\/uploads\/2023\/03\/IMG-20230224-WA0002.jpg\" rel=\"lightbox-0\"><img loading=\"lazy\" decoding=\"async\" class=\"alignnone wp-image-8663 size-full\" src=\"\/wp-content\/uploads\/2023\/03\/IMG-20230224-WA0002.jpg\" alt=\"\" width=\"1600\" height=\"738\" srcset=\"https:\/\/fundacioncajaruraldelsur.com\/wp-content\/uploads\/2023\/03\/IMG-20230224-WA0002.jpg 1600w, https:\/\/fundacioncajaruraldelsur.com\/wp-content\/uploads\/2023\/03\/IMG-20230224-WA0002-300x138.jpg 300w, https:\/\/fundacioncajaruraldelsur.com\/wp-content\/uploads\/2023\/03\/IMG-20230224-WA0002-1024x472.jpg 1024w, https:\/\/fundacioncajaruraldelsur.com\/wp-content\/uploads\/2023\/03\/IMG-20230224-WA0002-768x354.jpg 768w, https:\/\/fundacioncajaruraldelsur.com\/wp-content\/uploads\/2023\/03\/IMG-20230224-WA0002-1536x708.jpg 1536w\" sizes=\"auto, (max-width: 1600px) 100vw, 1600px\" \/><\/a> <a href=\"\/wp-content\/uploads\/2023\/03\/IMG-20230223-WA0010.jpg\" rel=\"lightbox-1\"><img loading=\"lazy\" decoding=\"async\" class=\"alignnone wp-image-8664 size-full\" src=\"\/wp-content\/uploads\/2023\/03\/IMG-20230223-WA0010.jpg\" alt=\"\" width=\"2048\" height=\"970\" srcset=\"https:\/\/fundacioncajaruraldelsur.com\/wp-content\/uploads\/2023\/03\/IMG-20230223-WA0010.jpg 2048w, https:\/\/fundacioncajaruraldelsur.com\/wp-content\/uploads\/2023\/03\/IMG-20230223-WA0010-300x142.jpg 300w, https:\/\/fundacioncajaruraldelsur.com\/wp-content\/uploads\/2023\/03\/IMG-20230223-WA0010-1024x485.jpg 1024w, https:\/\/fundacioncajaruraldelsur.com\/wp-content\/uploads\/2023\/03\/IMG-20230223-WA0010-768x364.jpg 768w, https:\/\/fundacioncajaruraldelsur.com\/wp-content\/uploads\/2023\/03\/IMG-20230223-WA0010-1536x728.jpg 1536w\" sizes=\"auto, (max-width: 2048px) 100vw, 2048px\" \/><\/a> <a href=\"\/wp-content\/uploads\/2023\/03\/IMG-20230223-WA0009.jpg\" rel=\"lightbox-2\"><img loading=\"lazy\" decoding=\"async\" class=\"alignnone wp-image-8665 size-full\" src=\"\/wp-content\/uploads\/2023\/03\/IMG-20230223-WA0009.jpg\" alt=\"\" width=\"956\" height=\"940\" srcset=\"https:\/\/fundacioncajaruraldelsur.com\/wp-content\/uploads\/2023\/03\/IMG-20230223-WA0009.jpg 956w, https:\/\/fundacioncajaruraldelsur.com\/wp-content\/uploads\/2023\/03\/IMG-20230223-WA0009-300x295.jpg 300w, https:\/\/fundacioncajaruraldelsur.com\/wp-content\/uploads\/2023\/03\/IMG-20230223-WA0009-768x755.jpg 768w\" sizes=\"auto, (max-width: 956px) 100vw, 956px\" \/><\/a><\/p>\n<p>&nbsp;<\/p>","protected":false},"excerpt":{"rendered":"<p>La Fundaci\u00f3n Caja Rural del Sur en Sevilla acogi\u00f3 el pasado jueves, 23 de febrero, la celebraci\u00f3n \u00abLa colecci\u00f3n pict\u00f3rica de la Catedral de Sevilla\u00bb conferencia del Cabildo Alfonso X [&hellip;]<\/p>\n","protected":false},"author":6,"featured_media":8666,"comment_status":"closed","ping_status":"closed","sticky":false,"template":"","format":"standard","meta":{"footnotes":""},"categories":[66],"tags":[],"class_list":["post-8662","post","type-post","status-publish","format-standard","has-post-thumbnail","hentry","category-actos"],"yoast_head":"<!-- This site is optimized with the Yoast SEO plugin v27.3 - https:\/\/yoast.com\/product\/yoast-seo-wordpress\/ -->\n<title>&quot;La colecci\u00f3n pict\u00f3rica de la Catedral de Sevilla&quot; conferencia del Cabildo Alfonso X El Sabio - Fundaci\u00f3n Caja Rural del Sur<\/title>\n<meta name=\"robots\" content=\"index, follow, max-snippet:-1, max-image-preview:large, max-video-preview:-1\" \/>\n<link rel=\"canonical\" href=\"https:\/\/fundacioncajaruraldelsur.com\/pt\/la-coleccion-pictorica-de-la-catedral-de-sevilla-conferencia-del-cabildo-alfonso-x-el-sabio\/\" \/>\n<meta property=\"og:locale\" content=\"pt_PT\" \/>\n<meta property=\"og:type\" content=\"article\" \/>\n<meta property=\"og:title\" content=\"&quot;La colecci\u00f3n pict\u00f3rica de la Catedral de Sevilla&quot; conferencia del Cabildo Alfonso X El Sabio - Fundaci\u00f3n Caja Rural del Sur\" \/>\n<meta property=\"og:description\" content=\"La Fundaci\u00f3n Caja Rural del Sur en Sevilla acogi\u00f3 el pasado jueves, 23 de febrero, la celebraci\u00f3n \u00abLa colecci\u00f3n pict\u00f3rica de la Catedral de Sevilla\u00bb conferencia del Cabildo Alfonso X [&hellip;]\" \/>\n<meta property=\"og:url\" content=\"https:\/\/fundacioncajaruraldelsur.com\/pt\/la-coleccion-pictorica-de-la-catedral-de-sevilla-conferencia-del-cabildo-alfonso-x-el-sabio\/\" \/>\n<meta property=\"og:site_name\" content=\"Fundaci\u00f3n Caja Rural del Sur\" \/>\n<meta property=\"article:published_time\" content=\"2023-03-02T09:53:49+00:00\" \/>\n<meta property=\"og:image\" content=\"https:\/\/fundacioncajaruraldelsur.com\/wp-content\/uploads\/2023\/03\/IMG-20230223-WA0005.jpg\" \/>\n\t<meta property=\"og:image:width\" content=\"1080\" \/>\n\t<meta property=\"og:image:height\" content=\"933\" \/>\n\t<meta property=\"og:image:type\" content=\"image\/jpeg\" \/>\n<meta name=\"author\" content=\"Comunicaci\u00f3n\" \/>\n<meta name=\"twitter:card\" content=\"summary_large_image\" \/>\n<meta name=\"twitter:label1\" content=\"Written by\" \/>\n\t<meta name=\"twitter:data1\" content=\"Comunicaci\u00f3n\" \/>\n\t<meta name=\"twitter:label2\" content=\"Est. reading time\" \/>\n\t<meta name=\"twitter:data2\" content=\"2 minutes\" \/>\n<script type=\"application\/ld+json\" class=\"yoast-schema-graph\">{\"@context\":\"https:\\\/\\\/schema.org\",\"@graph\":[{\"@type\":\"Article\",\"@id\":\"https:\\\/\\\/fundacioncajaruraldelsur.com\\\/la-coleccion-pictorica-de-la-catedral-de-sevilla-conferencia-del-cabildo-alfonso-x-el-sabio\\\/#article\",\"isPartOf\":{\"@id\":\"https:\\\/\\\/fundacioncajaruraldelsur.com\\\/la-coleccion-pictorica-de-la-catedral-de-sevilla-conferencia-del-cabildo-alfonso-x-el-sabio\\\/\"},\"author\":{\"name\":\"Comunicaci\u00f3n\",\"@id\":\"https:\\\/\\\/fundacioncajaruraldelsur.com\\\/#\\\/schema\\\/person\\\/f430da9fb783d505ff061ad8b3d44577\"},\"headline\":\"\u00abLa colecci\u00f3n pict\u00f3rica de la Catedral de Sevilla\u00bb conferencia del Cabildo Alfonso X El Sabio\",\"datePublished\":\"2023-03-02T09:53:49+00:00\",\"mainEntityOfPage\":{\"@id\":\"https:\\\/\\\/fundacioncajaruraldelsur.com\\\/la-coleccion-pictorica-de-la-catedral-de-sevilla-conferencia-del-cabildo-alfonso-x-el-sabio\\\/\"},\"wordCount\":119,\"image\":{\"@id\":\"https:\\\/\\\/fundacioncajaruraldelsur.com\\\/la-coleccion-pictorica-de-la-catedral-de-sevilla-conferencia-del-cabildo-alfonso-x-el-sabio\\\/#primaryimage\"},\"thumbnailUrl\":\"https:\\\/\\\/fundacioncajaruraldelsur.com\\\/wp-content\\\/uploads\\\/2023\\\/03\\\/IMG-20230223-WA0005.jpg\",\"articleSection\":[\"Actos\"],\"inLanguage\":\"pt-PT\"},{\"@type\":\"WebPage\",\"@id\":\"https:\\\/\\\/fundacioncajaruraldelsur.com\\\/la-coleccion-pictorica-de-la-catedral-de-sevilla-conferencia-del-cabildo-alfonso-x-el-sabio\\\/\",\"url\":\"https:\\\/\\\/fundacioncajaruraldelsur.com\\\/la-coleccion-pictorica-de-la-catedral-de-sevilla-conferencia-del-cabildo-alfonso-x-el-sabio\\\/\",\"name\":\"\\\"La colecci\u00f3n pict\u00f3rica de la Catedral de Sevilla\\\" conferencia del Cabildo Alfonso X El Sabio - Fundaci\u00f3n Caja Rural del Sur\",\"isPartOf\":{\"@id\":\"https:\\\/\\\/fundacioncajaruraldelsur.com\\\/#website\"},\"primaryImageOfPage\":{\"@id\":\"https:\\\/\\\/fundacioncajaruraldelsur.com\\\/la-coleccion-pictorica-de-la-catedral-de-sevilla-conferencia-del-cabildo-alfonso-x-el-sabio\\\/#primaryimage\"},\"image\":{\"@id\":\"https:\\\/\\\/fundacioncajaruraldelsur.com\\\/la-coleccion-pictorica-de-la-catedral-de-sevilla-conferencia-del-cabildo-alfonso-x-el-sabio\\\/#primaryimage\"},\"thumbnailUrl\":\"https:\\\/\\\/fundacioncajaruraldelsur.com\\\/wp-content\\\/uploads\\\/2023\\\/03\\\/IMG-20230223-WA0005.jpg\",\"datePublished\":\"2023-03-02T09:53:49+00:00\",\"author\":{\"@id\":\"https:\\\/\\\/fundacioncajaruraldelsur.com\\\/#\\\/schema\\\/person\\\/f430da9fb783d505ff061ad8b3d44577\"},\"breadcrumb\":{\"@id\":\"https:\\\/\\\/fundacioncajaruraldelsur.com\\\/la-coleccion-pictorica-de-la-catedral-de-sevilla-conferencia-del-cabildo-alfonso-x-el-sabio\\\/#breadcrumb\"},\"inLanguage\":\"pt-PT\",\"potentialAction\":[{\"@type\":\"ReadAction\",\"target\":[\"https:\\\/\\\/fundacioncajaruraldelsur.com\\\/la-coleccion-pictorica-de-la-catedral-de-sevilla-conferencia-del-cabildo-alfonso-x-el-sabio\\\/\"]}]},{\"@type\":\"ImageObject\",\"inLanguage\":\"pt-PT\",\"@id\":\"https:\\\/\\\/fundacioncajaruraldelsur.com\\\/la-coleccion-pictorica-de-la-catedral-de-sevilla-conferencia-del-cabildo-alfonso-x-el-sabio\\\/#primaryimage\",\"url\":\"https:\\\/\\\/fundacioncajaruraldelsur.com\\\/wp-content\\\/uploads\\\/2023\\\/03\\\/IMG-20230223-WA0005.jpg\",\"contentUrl\":\"https:\\\/\\\/fundacioncajaruraldelsur.com\\\/wp-content\\\/uploads\\\/2023\\\/03\\\/IMG-20230223-WA0005.jpg\",\"width\":1080,\"height\":933},{\"@type\":\"BreadcrumbList\",\"@id\":\"https:\\\/\\\/fundacioncajaruraldelsur.com\\\/la-coleccion-pictorica-de-la-catedral-de-sevilla-conferencia-del-cabildo-alfonso-x-el-sabio\\\/#breadcrumb\",\"itemListElement\":[{\"@type\":\"ListItem\",\"position\":1,\"name\":\"Portada\",\"item\":\"https:\\\/\\\/fundacioncajaruraldelsur.com\\\/\"},{\"@type\":\"ListItem\",\"position\":2,\"name\":\"\u00abLa colecci\u00f3n pict\u00f3rica de la Catedral de Sevilla\u00bb conferencia del Cabildo Alfonso X El Sabio\"}]},{\"@type\":\"WebSite\",\"@id\":\"https:\\\/\\\/fundacioncajaruraldelsur.com\\\/#website\",\"url\":\"https:\\\/\\\/fundacioncajaruraldelsur.com\\\/\",\"name\":\"Fundaci\u00f3n Caja Rural del Sur\",\"description\":\"\",\"potentialAction\":[{\"@type\":\"SearchAction\",\"target\":{\"@type\":\"EntryPoint\",\"urlTemplate\":\"https:\\\/\\\/fundacioncajaruraldelsur.com\\\/?s={search_term_string}\"},\"query-input\":{\"@type\":\"PropertyValueSpecification\",\"valueRequired\":true,\"valueName\":\"search_term_string\"}}],\"inLanguage\":\"pt-PT\"},{\"@type\":\"Person\",\"@id\":\"https:\\\/\\\/fundacioncajaruraldelsur.com\\\/#\\\/schema\\\/person\\\/f430da9fb783d505ff061ad8b3d44577\",\"name\":\"Comunicaci\u00f3n\",\"image\":{\"@type\":\"ImageObject\",\"inLanguage\":\"pt-PT\",\"@id\":\"https:\\\/\\\/secure.gravatar.com\\\/avatar\\\/0dca239875993680bac4603ad2de7942da018f52cc3a244578e0b3b09314a8d8?s=96&d=blank&r=g\",\"url\":\"https:\\\/\\\/secure.gravatar.com\\\/avatar\\\/0dca239875993680bac4603ad2de7942da018f52cc3a244578e0b3b09314a8d8?s=96&d=blank&r=g\",\"contentUrl\":\"https:\\\/\\\/secure.gravatar.com\\\/avatar\\\/0dca239875993680bac4603ad2de7942da018f52cc3a244578e0b3b09314a8d8?s=96&d=blank&r=g\",\"caption\":\"Comunicaci\u00f3n\"}}]}<\/script>\n<!-- \/ Yoast SEO plugin. -->","yoast_head_json":{"title":"\"La colecci\u00f3n pict\u00f3rica de la Catedral de Sevilla\" conferencia del Cabildo Alfonso X El Sabio - Fundaci\u00f3n Caja Rural del Sur","robots":{"index":"index","follow":"follow","max-snippet":"max-snippet:-1","max-image-preview":"max-image-preview:large","max-video-preview":"max-video-preview:-1"},"canonical":"https:\/\/fundacioncajaruraldelsur.com\/pt\/la-coleccion-pictorica-de-la-catedral-de-sevilla-conferencia-del-cabildo-alfonso-x-el-sabio\/","og_locale":"pt_PT","og_type":"article","og_title":"\"La colecci\u00f3n pict\u00f3rica de la Catedral de Sevilla\" conferencia del Cabildo Alfonso X El Sabio - Fundaci\u00f3n Caja Rural del Sur","og_description":"La Fundaci\u00f3n Caja Rural del Sur en Sevilla acogi\u00f3 el pasado jueves, 23 de febrero, la celebraci\u00f3n \u00abLa colecci\u00f3n pict\u00f3rica de la Catedral de Sevilla\u00bb conferencia del Cabildo Alfonso X [&hellip;]","og_url":"https:\/\/fundacioncajaruraldelsur.com\/pt\/la-coleccion-pictorica-de-la-catedral-de-sevilla-conferencia-del-cabildo-alfonso-x-el-sabio\/","og_site_name":"Fundaci\u00f3n Caja Rural del Sur","article_published_time":"2023-03-02T09:53:49+00:00","og_image":[{"width":1080,"height":933,"url":"https:\/\/fundacioncajaruraldelsur.com\/wp-content\/uploads\/2023\/03\/IMG-20230223-WA0005.jpg","type":"image\/jpeg"}],"author":"Comunicaci\u00f3n","twitter_card":"summary_large_image","twitter_misc":{"Written by":"Comunicaci\u00f3n","Est. reading time":"2 minutes"},"schema":{"@context":"https:\/\/schema.org","@graph":[{"@type":"Article","@id":"https:\/\/fundacioncajaruraldelsur.com\/la-coleccion-pictorica-de-la-catedral-de-sevilla-conferencia-del-cabildo-alfonso-x-el-sabio\/#article","isPartOf":{"@id":"https:\/\/fundacioncajaruraldelsur.com\/la-coleccion-pictorica-de-la-catedral-de-sevilla-conferencia-del-cabildo-alfonso-x-el-sabio\/"},"author":{"name":"Comunicaci\u00f3n","@id":"https:\/\/fundacioncajaruraldelsur.com\/#\/schema\/person\/f430da9fb783d505ff061ad8b3d44577"},"headline":"\u00abLa colecci\u00f3n pict\u00f3rica de la Catedral de Sevilla\u00bb conferencia del Cabildo Alfonso X El Sabio","datePublished":"2023-03-02T09:53:49+00:00","mainEntityOfPage":{"@id":"https:\/\/fundacioncajaruraldelsur.com\/la-coleccion-pictorica-de-la-catedral-de-sevilla-conferencia-del-cabildo-alfonso-x-el-sabio\/"},"wordCount":119,"image":{"@id":"https:\/\/fundacioncajaruraldelsur.com\/la-coleccion-pictorica-de-la-catedral-de-sevilla-conferencia-del-cabildo-alfonso-x-el-sabio\/#primaryimage"},"thumbnailUrl":"https:\/\/fundacioncajaruraldelsur.com\/wp-content\/uploads\/2023\/03\/IMG-20230223-WA0005.jpg","articleSection":["Actos"],"inLanguage":"pt-PT"},{"@type":"WebPage","@id":"https:\/\/fundacioncajaruraldelsur.com\/la-coleccion-pictorica-de-la-catedral-de-sevilla-conferencia-del-cabildo-alfonso-x-el-sabio\/","url":"https:\/\/fundacioncajaruraldelsur.com\/la-coleccion-pictorica-de-la-catedral-de-sevilla-conferencia-del-cabildo-alfonso-x-el-sabio\/","name":"\"La colecci\u00f3n pict\u00f3rica de la Catedral de Sevilla\" conferencia del Cabildo Alfonso X El Sabio - Fundaci\u00f3n Caja Rural del Sur","isPartOf":{"@id":"https:\/\/fundacioncajaruraldelsur.com\/#website"},"primaryImageOfPage":{"@id":"https:\/\/fundacioncajaruraldelsur.com\/la-coleccion-pictorica-de-la-catedral-de-sevilla-conferencia-del-cabildo-alfonso-x-el-sabio\/#primaryimage"},"image":{"@id":"https:\/\/fundacioncajaruraldelsur.com\/la-coleccion-pictorica-de-la-catedral-de-sevilla-conferencia-del-cabildo-alfonso-x-el-sabio\/#primaryimage"},"thumbnailUrl":"https:\/\/fundacioncajaruraldelsur.com\/wp-content\/uploads\/2023\/03\/IMG-20230223-WA0005.jpg","datePublished":"2023-03-02T09:53:49+00:00","author":{"@id":"https:\/\/fundacioncajaruraldelsur.com\/#\/schema\/person\/f430da9fb783d505ff061ad8b3d44577"},"breadcrumb":{"@id":"https:\/\/fundacioncajaruraldelsur.com\/la-coleccion-pictorica-de-la-catedral-de-sevilla-conferencia-del-cabildo-alfonso-x-el-sabio\/#breadcrumb"},"inLanguage":"pt-PT","potentialAction":[{"@type":"ReadAction","target":["https:\/\/fundacioncajaruraldelsur.com\/la-coleccion-pictorica-de-la-catedral-de-sevilla-conferencia-del-cabildo-alfonso-x-el-sabio\/"]}]},{"@type":"ImageObject","inLanguage":"pt-PT","@id":"https:\/\/fundacioncajaruraldelsur.com\/la-coleccion-pictorica-de-la-catedral-de-sevilla-conferencia-del-cabildo-alfonso-x-el-sabio\/#primaryimage","url":"https:\/\/fundacioncajaruraldelsur.com\/wp-content\/uploads\/2023\/03\/IMG-20230223-WA0005.jpg","contentUrl":"https:\/\/fundacioncajaruraldelsur.com\/wp-content\/uploads\/2023\/03\/IMG-20230223-WA0005.jpg","width":1080,"height":933},{"@type":"BreadcrumbList","@id":"https:\/\/fundacioncajaruraldelsur.com\/la-coleccion-pictorica-de-la-catedral-de-sevilla-conferencia-del-cabildo-alfonso-x-el-sabio\/#breadcrumb","itemListElement":[{"@type":"ListItem","position":1,"name":"Portada","item":"https:\/\/fundacioncajaruraldelsur.com\/"},{"@type":"ListItem","position":2,"name":"\u00abLa colecci\u00f3n pict\u00f3rica de la Catedral de Sevilla\u00bb conferencia del Cabildo Alfonso X El Sabio"}]},{"@type":"WebSite","@id":"https:\/\/fundacioncajaruraldelsur.com\/#website","url":"https:\/\/fundacioncajaruraldelsur.com\/","name":"Funda\u00e7\u00e3o Caja Rural del Sur","description":"","potentialAction":[{"@type":"SearchAction","target":{"@type":"EntryPoint","urlTemplate":"https:\/\/fundacioncajaruraldelsur.com\/?s={search_term_string}"},"query-input":{"@type":"PropertyValueSpecification","valueRequired":true,"valueName":"search_term_string"}}],"inLanguage":"pt-PT"},{"@type":"Person","@id":"https:\/\/fundacioncajaruraldelsur.com\/#\/schema\/person\/f430da9fb783d505ff061ad8b3d44577","name":"Comunicaci\u00f3n","image":{"@type":"ImageObject","inLanguage":"pt-PT","@id":"https:\/\/secure.gravatar.com\/avatar\/0dca239875993680bac4603ad2de7942da018f52cc3a244578e0b3b09314a8d8?s=96&d=blank&r=g","url":"https:\/\/secure.gravatar.com\/avatar\/0dca239875993680bac4603ad2de7942da018f52cc3a244578e0b3b09314a8d8?s=96&d=blank&r=g","contentUrl":"https:\/\/secure.gravatar.com\/avatar\/0dca239875993680bac4603ad2de7942da018f52cc3a244578e0b3b09314a8d8?s=96&d=blank&r=g","caption":"Comunicaci\u00f3n"}}]}},"rttpg_featured_image_url":{"full":["https:\/\/fundacioncajaruraldelsur.com\/wp-content\/uploads\/2023\/03\/IMG-20230223-WA0005.jpg",1080,933,false],"landscape":["https:\/\/fundacioncajaruraldelsur.com\/wp-content\/uploads\/2023\/03\/IMG-20230223-WA0005.jpg",1080,933,false],"portraits":["https:\/\/fundacioncajaruraldelsur.com\/wp-content\/uploads\/2023\/03\/IMG-20230223-WA0005.jpg",1080,933,false],"thumbnail":["https:\/\/fundacioncajaruraldelsur.com\/wp-content\/uploads\/2023\/03\/IMG-20230223-WA0005-150x150.jpg",150,150,true],"medium":["https:\/\/fundacioncajaruraldelsur.com\/wp-content\/uploads\/2023\/03\/IMG-20230223-WA0005-300x259.jpg",300,259,true],"large":["https:\/\/fundacioncajaruraldelsur.com\/wp-content\/uploads\/2023\/03\/IMG-20230223-WA0005-1024x885.jpg",960,830,true],"1536x1536":["https:\/\/fundacioncajaruraldelsur.com\/wp-content\/uploads\/2023\/03\/IMG-20230223-WA0005.jpg",1080,933,false],"2048x2048":["https:\/\/fundacioncajaruraldelsur.com\/wp-content\/uploads\/2023\/03\/IMG-20230223-WA0005.jpg",1080,933,false],"trp-custom-language-flag":["https:\/\/fundacioncajaruraldelsur.com\/wp-content\/uploads\/2023\/03\/IMG-20230223-WA0005.jpg",14,12,false],"blog-thumbnail":["https:\/\/fundacioncajaruraldelsur.com\/wp-content\/uploads\/2023\/03\/IMG-20230223-WA0005-400x200.jpg",400,200,true]},"rttpg_author":{"display_name":"Comunicaci\u00f3n","author_link":"https:\/\/fundacioncajaruraldelsur.com\/pt\/author\/sevillaadmin\/"},"rttpg_comment":0,"rttpg_category":"<a href=\"https:\/\/fundacioncajaruraldelsur.com\/pt\/category\/actos\/\" rel=\"category tag\">Actos<\/a>","rttpg_excerpt":"La Fundaci\u00f3n Caja Rural del Sur en Sevilla acogi\u00f3 el pasado jueves, 23 de febrero, la celebraci\u00f3n \u00abLa colecci\u00f3n pict\u00f3rica de la Catedral de Sevilla\u00bb conferencia del Cabildo Alfonso X [&hellip;]","_links":{"self":[{"href":"https:\/\/fundacioncajaruraldelsur.com\/pt\/wp-json\/wp\/v2\/posts\/8662","targetHints":{"allow":["GET"]}}],"collection":[{"href":"https:\/\/fundacioncajaruraldelsur.com\/pt\/wp-json\/wp\/v2\/posts"}],"about":[{"href":"https:\/\/fundacioncajaruraldelsur.com\/pt\/wp-json\/wp\/v2\/types\/post"}],"author":[{"embeddable":true,"href":"https:\/\/fundacioncajaruraldelsur.com\/pt\/wp-json\/wp\/v2\/users\/6"}],"replies":[{"embeddable":true,"href":"https:\/\/fundacioncajaruraldelsur.com\/pt\/wp-json\/wp\/v2\/comments?post=8662"}],"version-history":[{"count":1,"href":"https:\/\/fundacioncajaruraldelsur.com\/pt\/wp-json\/wp\/v2\/posts\/8662\/revisions"}],"predecessor-version":[{"id":8667,"href":"https:\/\/fundacioncajaruraldelsur.com\/pt\/wp-json\/wp\/v2\/posts\/8662\/revisions\/8667"}],"wp:featuredmedia":[{"embeddable":true,"href":"https:\/\/fundacioncajaruraldelsur.com\/pt\/wp-json\/wp\/v2\/media\/8666"}],"wp:attachment":[{"href":"https:\/\/fundacioncajaruraldelsur.com\/pt\/wp-json\/wp\/v2\/media?parent=8662"}],"wp:term":[{"taxonomy":"category","embeddable":true,"href":"https:\/\/fundacioncajaruraldelsur.com\/pt\/wp-json\/wp\/v2\/categories?post=8662"},{"taxonomy":"post_tag","embeddable":true,"href":"https:\/\/fundacioncajaruraldelsur.com\/pt\/wp-json\/wp\/v2\/tags?post=8662"}],"curies":[{"name":"wp","href":"https:\/\/api.w.org\/{rel}","templated":true}]}}