{"id":8641,"date":"2023-02-25T15:48:22","date_gmt":"2023-02-25T14:48:22","guid":{"rendered":"\/?p=8641"},"modified":"2023-02-25T20:46:13","modified_gmt":"2023-02-25T19:46:13","slug":"presentacion-en-caja-rural-del-sur-del-cartel-de-la-semana-santa-de-sevilla-2023-obra-del-pintor-sevillano-daniel-franca","status":"publish","type":"post","link":"https:\/\/fundacioncajaruraldelsur.com\/pt\/presentacion-en-caja-rural-del-sur-del-cartel-de-la-semana-santa-de-sevilla-2023-obra-del-pintor-sevillano-daniel-franca\/","title":{"rendered":"Presentaci\u00f3n en Caja Rural del Sur del cartel de la Semana Santa de Sevilla 2023, obra del pintor sevillano Daniel Franca"},"content":{"rendered":"<p>La sede de la Fundaci\u00f3n de la Caja Rural del Sur, entidad colaboradora del Consejo de Hermandades y Cofrad\u00edas de Sevilla, ha acogido un a\u00f1o m\u00e1s el acto de presentaci\u00f3n del <strong>cartel de la Semana Santa de Sevilla 2023<\/strong>, encargado al pintor Daniel Franca.<\/p>\n<p>En el acto han intervenido el <strong>presidente de la Fundaci\u00f3n Caja Rural del Sur, Jos\u00e9 Luis Garc\u00eda-Palacios<\/strong>, <strong>el presidente del Consejo de Hermandades y Cofrad\u00edas, Francisco V\u00e9lez<\/strong>, y el <strong>alcalde de Sevilla, Antonio Mu\u00f1oz<\/strong>. Adem\u00e1s, la bienvenida al acto la ha ofrecido el secretario general del Consejo de Hermandades y Cofrad\u00edas de Sevilla, Jos\u00e9 Carretero Guerra. La presentaci\u00f3n del cartelista ha corrido este a\u00f1o a cargo de Manuel Mart\u00ednez de Pinillos, consejero delegado de las Hermandades del lunes Santo del Consejo de Hermandades y Cofrad\u00edas de Sevilla.<\/p>\n<p><strong>El presidente de Caja Rural del Sur, Jos\u00e9 Luis Garc\u00eda-Palacios<\/strong>, en su intervenci\u00f3n ha agradecido al Consejo la elecci\u00f3n de la entidad para la presentaci\u00f3n del cartel de la que ha calificado como <strong>\u201cla Semana Santa m\u00e1s importante del mundo como es la de Sevilla en su transmisi\u00f3n y expresi\u00f3n de fe, cultura y patrimonio\u201d.<\/strong><\/p>\n<p>Seg\u00fan Garc\u00eda-Palacios este acto \u201cpermite <strong>seguir transmitiendo la esencia de la expresi\u00f3n fundamental de la Semana Santa como es rendir culto a la doctrina cat\u00f3lica<\/strong> que sin duda nos hace mejores como sociedad, porque el amor y el sacrificio es el principal paradigma de la fe, y las cofrad\u00edas hacen posible que se pueda vivir de distintos modos, pero sobre todo con los numerosos actos de caridad que llevan a cabo, <strong>compromiso que conecta con lo m\u00e1s esencial, el amor y el cari\u00f1o al pr\u00f3jimo que materializan como cat\u00f3licos<\/strong>\u201d.<\/p>\n<p>El presidente de la instituci\u00f3n cofradiera, Francisco V\u00e9lez, ha destacado en su intervenci\u00f3n que \u201cDaniel Franca se ha vaciado para realizar esta obra cumbre\u201d. Para V\u00e9lez, el cartel es <strong>\u201cun verdadero testimonio de lo que vive y siente cualquier cofrade cuando contempla a sus devociones<\/strong>\u201d, adem\u00e1s felicita \u201ca la Hermandad de la Estrella por convertirse en la protagonista, siendo una de las grandes advocaciones marianas de nuestra Semana Santa\u201d.<\/p>\n<p><a href=\"\/wp-content\/uploads\/2023\/02\/cartel-ss-3.jpeg\" rel=\"lightbox-0\"><img loading=\"lazy\" decoding=\"async\" class=\"alignnone wp-image-8642 size-full\" src=\"\/wp-content\/uploads\/2023\/02\/cartel-ss-3.jpeg\" alt=\"\" width=\"1348\" height=\"899\" srcset=\"https:\/\/fundacioncajaruraldelsur.com\/wp-content\/uploads\/2023\/02\/cartel-ss-3.jpeg 1348w, https:\/\/fundacioncajaruraldelsur.com\/wp-content\/uploads\/2023\/02\/cartel-ss-3-300x200.jpeg 300w, https:\/\/fundacioncajaruraldelsur.com\/wp-content\/uploads\/2023\/02\/cartel-ss-3-1024x683.jpeg 1024w, https:\/\/fundacioncajaruraldelsur.com\/wp-content\/uploads\/2023\/02\/cartel-ss-3-768x512.jpeg 768w\" sizes=\"auto, (max-width: 1348px) 100vw, 1348px\" \/><\/a><\/p>\n<p><strong>El cartel de 2023:<\/strong> <strong>una levant\u00e1 del palio de la Virgen de la Estrella. <\/strong><\/p>\n<p>El cartel presentado es una obra que, bajo el t\u00edtulo de \u201cRECUERDO\u201d rememora la infancia del pintor junto a su padre ante una levant\u00e1 del palio de la Virgen de la Estrella. Por tanto, la Dolorosa de la calle San Jacinto protagoniza el cartel anunciador de la pr\u00f3xima Semana Santa en Sevilla.<\/p>\n<p>Un \u00f3leo sobre lino de grandes dimensiones, que alcanzan los 262 x 192 cms. \u201cEste es el cartel: La Estrella valiente alumbrando con su luz para que nos ilumine y gu\u00ede y que quiero dedicarle a mi padre\u201d, ha dicho Daniel Franca.<\/p>\n<p>\u201cHoy pago una deuda. Como Virgilio a Dante, mi padre me mostr\u00f3 las puertas de\u00a0 ese mundo inmaterial y et\u00e9reo. Delante de m\u00ed: la \u201clevant\u00e1\u201d del palio de la Estrella rompiendo el silencio de las b\u00f3vedas de la Catedral\u201d, ha destacado Franca durante su presentaci\u00f3n. \u201cUn cartel como un faro. La herencia en vida de nuestros padres. Este no es un cartel para una pantalla. Me niego a pensar que La Semana Santa cabe ah\u00ed. Sevilla es la ciudad a la que pertenezco. Ser\u00eda un traidor si no lo reconociese\u201d, ha apuntado el cartelista.<\/p>\n<p>Acerca de la simbolog\u00eda que compone esta obra, Franca ha querido puntualizar que esta pintura se realiza \u201csobre un papel emborronado de ceras y rotuladores\u201d. La tipograf\u00eda bucle de estudio Ale Rojas. Itinerario de hermandades. Un rect\u00e1ngulo auto referencial. La Semana Santa en Sevilla llevada como un paso por la ciudad\u201d. Tambi\u00e9n el autor destaca los tonos \u201camarillos, cera y crespones negros para la Estrella. Somos\u00a0 estrellas fugaces\u201d.<\/p>\n<p>El autor del cartel, Daniel Franca, pintor sevillano, nacido en 1985, es Licenciado por la Facultad de Bellas Artes Santa Isabel de Hungr\u00eda, de la Universidad de Sevilla, en la Especialidad de Pintura.<\/p>\n<p>En la actividad cofradiera ha realizado el cartel de la Semana Santa de Ronda (2012), el de las Glorias de Sevilla (2012), el de la Hermandad de los Humeros de Sevilla (2017), el del LXXV aniversario de la bendici\u00f3n del Sant\u00edsimo Cristo del Sagrado Descendimiento de Carmona (2018), el del CCCL aniversario de Nuestro Padre Jes\u00fas Nazareno de el Viso del Alcor (2019) y el del LXXV aniversario de la Virgen de la Paz de Ronda (2022), entre otras obras.<\/p>\n<p><a href=\"\/wp-content\/uploads\/2023\/02\/20230225121345_IMG_9707-1.jpg\" rel=\"lightbox-1\"><img loading=\"lazy\" decoding=\"async\" class=\"alignnone wp-image-8651 size-full\" src=\"\/wp-content\/uploads\/2023\/02\/20230225121345_IMG_9707-1.jpg\" alt=\"\" width=\"1264\" height=\"843\" srcset=\"https:\/\/fundacioncajaruraldelsur.com\/wp-content\/uploads\/2023\/02\/20230225121345_IMG_9707-1.jpg 1264w, https:\/\/fundacioncajaruraldelsur.com\/wp-content\/uploads\/2023\/02\/20230225121345_IMG_9707-1-300x200.jpg 300w, https:\/\/fundacioncajaruraldelsur.com\/wp-content\/uploads\/2023\/02\/20230225121345_IMG_9707-1-1024x683.jpg 1024w, https:\/\/fundacioncajaruraldelsur.com\/wp-content\/uploads\/2023\/02\/20230225121345_IMG_9707-1-768x512.jpg 768w\" sizes=\"auto, (max-width: 1264px) 100vw, 1264px\" \/><\/a> <a href=\"\/wp-content\/uploads\/2023\/02\/Asistentes-cartel-1.jpg\" rel=\"lightbox-2\"><img loading=\"lazy\" decoding=\"async\" class=\"alignnone wp-image-8650 size-full\" src=\"\/wp-content\/uploads\/2023\/02\/Asistentes-cartel-1.jpg\" alt=\"\" width=\"1179\" height=\"785\" srcset=\"https:\/\/fundacioncajaruraldelsur.com\/wp-content\/uploads\/2023\/02\/Asistentes-cartel-1.jpg 1179w, https:\/\/fundacioncajaruraldelsur.com\/wp-content\/uploads\/2023\/02\/Asistentes-cartel-1-300x200.jpg 300w, https:\/\/fundacioncajaruraldelsur.com\/wp-content\/uploads\/2023\/02\/Asistentes-cartel-1-1024x682.jpg 1024w, https:\/\/fundacioncajaruraldelsur.com\/wp-content\/uploads\/2023\/02\/Asistentes-cartel-1-768x511.jpg 768w\" sizes=\"auto, (max-width: 1179px) 100vw, 1179px\" \/><\/a> <a href=\"\/wp-content\/uploads\/2023\/02\/pte-2.jpg\" rel=\"lightbox-3\"><img loading=\"lazy\" decoding=\"async\" class=\"alignnone wp-image-8649 size-full\" src=\"\/wp-content\/uploads\/2023\/02\/pte-2.jpg\" alt=\"\" width=\"1645\" height=\"1096\" srcset=\"https:\/\/fundacioncajaruraldelsur.com\/wp-content\/uploads\/2023\/02\/pte-2.jpg 1645w, https:\/\/fundacioncajaruraldelsur.com\/wp-content\/uploads\/2023\/02\/pte-2-300x200.jpg 300w, https:\/\/fundacioncajaruraldelsur.com\/wp-content\/uploads\/2023\/02\/pte-2-1024x682.jpg 1024w, https:\/\/fundacioncajaruraldelsur.com\/wp-content\/uploads\/2023\/02\/pte-2-768x512.jpg 768w, https:\/\/fundacioncajaruraldelsur.com\/wp-content\/uploads\/2023\/02\/pte-2-1536x1023.jpg 1536w\" sizes=\"auto, (max-width: 1645px) 100vw, 1645px\" \/><\/a> <a href=\"\/wp-content\/uploads\/2023\/02\/publico-sala-3.jpg\" rel=\"lightbox-4\"><img loading=\"lazy\" decoding=\"async\" class=\"alignnone wp-image-8648 size-full\" src=\"\/wp-content\/uploads\/2023\/02\/publico-sala-3.jpg\" alt=\"\" width=\"1155\" height=\"770\" srcset=\"https:\/\/fundacioncajaruraldelsur.com\/wp-content\/uploads\/2023\/02\/publico-sala-3.jpg 1155w, https:\/\/fundacioncajaruraldelsur.com\/wp-content\/uploads\/2023\/02\/publico-sala-3-300x200.jpg 300w, https:\/\/fundacioncajaruraldelsur.com\/wp-content\/uploads\/2023\/02\/publico-sala-3-1024x683.jpg 1024w, https:\/\/fundacioncajaruraldelsur.com\/wp-content\/uploads\/2023\/02\/publico-sala-3-768x512.jpg 768w\" sizes=\"auto, (max-width: 1155px) 100vw, 1155px\" \/><\/a> <a href=\"\/wp-content\/uploads\/2023\/02\/cartel-ss-9.jpeg\" rel=\"lightbox-5\"><img loading=\"lazy\" decoding=\"async\" class=\"alignnone wp-image-8647 size-full\" src=\"\/wp-content\/uploads\/2023\/02\/cartel-ss-9.jpeg\" alt=\"\" width=\"2048\" height=\"1536\" srcset=\"https:\/\/fundacioncajaruraldelsur.com\/wp-content\/uploads\/2023\/02\/cartel-ss-9.jpeg 2048w, https:\/\/fundacioncajaruraldelsur.com\/wp-content\/uploads\/2023\/02\/cartel-ss-9-300x225.jpeg 300w, https:\/\/fundacioncajaruraldelsur.com\/wp-content\/uploads\/2023\/02\/cartel-ss-9-1024x768.jpeg 1024w, https:\/\/fundacioncajaruraldelsur.com\/wp-content\/uploads\/2023\/02\/cartel-ss-9-768x576.jpeg 768w, https:\/\/fundacioncajaruraldelsur.com\/wp-content\/uploads\/2023\/02\/cartel-ss-9-1536x1152.jpeg 1536w\" sizes=\"auto, (max-width: 2048px) 100vw, 2048px\" \/><\/a> <a href=\"\/wp-content\/uploads\/2023\/02\/cartel-ss-8.jpeg\" rel=\"lightbox-6\"><img loading=\"lazy\" decoding=\"async\" class=\"alignnone wp-image-8646 size-full\" src=\"\/wp-content\/uploads\/2023\/02\/cartel-ss-8.jpeg\" alt=\"\" width=\"2048\" height=\"1536\" srcset=\"https:\/\/fundacioncajaruraldelsur.com\/wp-content\/uploads\/2023\/02\/cartel-ss-8.jpeg 2048w, https:\/\/fundacioncajaruraldelsur.com\/wp-content\/uploads\/2023\/02\/cartel-ss-8-300x225.jpeg 300w, https:\/\/fundacioncajaruraldelsur.com\/wp-content\/uploads\/2023\/02\/cartel-ss-8-1024x768.jpeg 1024w, https:\/\/fundacioncajaruraldelsur.com\/wp-content\/uploads\/2023\/02\/cartel-ss-8-768x576.jpeg 768w, https:\/\/fundacioncajaruraldelsur.com\/wp-content\/uploads\/2023\/02\/cartel-ss-8-1536x1152.jpeg 1536w\" sizes=\"auto, (max-width: 2048px) 100vw, 2048px\" \/><\/a> <a href=\"\/wp-content\/uploads\/2023\/02\/cartel-ss-7.jpeg\" rel=\"lightbox-7\"><img loading=\"lazy\" decoding=\"async\" class=\"alignnone wp-image-8645 size-full\" src=\"\/wp-content\/uploads\/2023\/02\/cartel-ss-7.jpeg\" alt=\"\" width=\"2048\" height=\"1536\" srcset=\"https:\/\/fundacioncajaruraldelsur.com\/wp-content\/uploads\/2023\/02\/cartel-ss-7.jpeg 2048w, https:\/\/fundacioncajaruraldelsur.com\/wp-content\/uploads\/2023\/02\/cartel-ss-7-300x225.jpeg 300w, https:\/\/fundacioncajaruraldelsur.com\/wp-content\/uploads\/2023\/02\/cartel-ss-7-1024x768.jpeg 1024w, https:\/\/fundacioncajaruraldelsur.com\/wp-content\/uploads\/2023\/02\/cartel-ss-7-768x576.jpeg 768w, https:\/\/fundacioncajaruraldelsur.com\/wp-content\/uploads\/2023\/02\/cartel-ss-7-1536x1152.jpeg 1536w\" sizes=\"auto, (max-width: 2048px) 100vw, 2048px\" \/><\/a> <a href=\"\/wp-content\/uploads\/2023\/02\/cartel-ss-6.jpeg\" rel=\"lightbox-8\"><img loading=\"lazy\" decoding=\"async\" class=\"alignnone wp-image-8644 size-full\" src=\"\/wp-content\/uploads\/2023\/02\/cartel-ss-6.jpeg\" alt=\"\" width=\"2048\" height=\"1536\" srcset=\"https:\/\/fundacioncajaruraldelsur.com\/wp-content\/uploads\/2023\/02\/cartel-ss-6.jpeg 2048w, https:\/\/fundacioncajaruraldelsur.com\/wp-content\/uploads\/2023\/02\/cartel-ss-6-300x225.jpeg 300w, https:\/\/fundacioncajaruraldelsur.com\/wp-content\/uploads\/2023\/02\/cartel-ss-6-1024x768.jpeg 1024w, https:\/\/fundacioncajaruraldelsur.com\/wp-content\/uploads\/2023\/02\/cartel-ss-6-768x576.jpeg 768w, https:\/\/fundacioncajaruraldelsur.com\/wp-content\/uploads\/2023\/02\/cartel-ss-6-1536x1152.jpeg 1536w\" sizes=\"auto, (max-width: 2048px) 100vw, 2048px\" \/><\/a> <a href=\"\/wp-content\/uploads\/2023\/02\/cartel-ss-5.jpeg\" rel=\"lightbox-9\"><img loading=\"lazy\" decoding=\"async\" class=\"alignnone wp-image-8643 size-full\" src=\"\/wp-content\/uploads\/2023\/02\/cartel-ss-5.jpeg\" alt=\"\" width=\"2048\" height=\"1536\" srcset=\"https:\/\/fundacioncajaruraldelsur.com\/wp-content\/uploads\/2023\/02\/cartel-ss-5.jpeg 2048w, https:\/\/fundacioncajaruraldelsur.com\/wp-content\/uploads\/2023\/02\/cartel-ss-5-300x225.jpeg 300w, https:\/\/fundacioncajaruraldelsur.com\/wp-content\/uploads\/2023\/02\/cartel-ss-5-1024x768.jpeg 1024w, https:\/\/fundacioncajaruraldelsur.com\/wp-content\/uploads\/2023\/02\/cartel-ss-5-768x576.jpeg 768w, https:\/\/fundacioncajaruraldelsur.com\/wp-content\/uploads\/2023\/02\/cartel-ss-5-1536x1152.jpeg 1536w\" sizes=\"auto, (max-width: 2048px) 100vw, 2048px\" \/><\/a><\/p>","protected":false},"excerpt":{"rendered":"<p>La sede de la Fundaci\u00f3n de la Caja Rural del Sur, entidad colaboradora del Consejo de Hermandades y Cofrad\u00edas de Sevilla, ha acogido un a\u00f1o m\u00e1s el acto de presentaci\u00f3n [&hellip;]<\/p>\n","protected":false},"author":6,"featured_media":8647,"comment_status":"closed","ping_status":"closed","sticky":false,"template":"","format":"standard","meta":{"footnotes":""},"categories":[84],"tags":[],"class_list":["post-8641","post","type-post","status-publish","format-standard","has-post-thumbnail","hentry","category-presentaciones"],"yoast_head":"<!-- This site is optimized with the Yoast SEO plugin v27.3 - https:\/\/yoast.com\/product\/yoast-seo-wordpress\/ -->\n<title>Presentaci\u00f3n en Caja Rural del Sur del cartel de la Semana Santa de Sevilla 2023, obra del pintor sevillano Daniel Franca - Fundaci\u00f3n Caja Rural del Sur<\/title>\n<meta name=\"robots\" content=\"index, follow, max-snippet:-1, max-image-preview:large, max-video-preview:-1\" \/>\n<link rel=\"canonical\" href=\"https:\/\/fundacioncajaruraldelsur.com\/pt\/presentacion-en-caja-rural-del-sur-del-cartel-de-la-semana-santa-de-sevilla-2023-obra-del-pintor-sevillano-daniel-franca\/\" \/>\n<meta property=\"og:locale\" content=\"pt_PT\" \/>\n<meta property=\"og:type\" content=\"article\" \/>\n<meta property=\"og:title\" content=\"Presentaci\u00f3n en Caja Rural del Sur del cartel de la Semana Santa de Sevilla 2023, obra del pintor sevillano Daniel Franca - Fundaci\u00f3n Caja Rural del Sur\" \/>\n<meta property=\"og:description\" content=\"La sede de la Fundaci\u00f3n de la Caja Rural del Sur, entidad colaboradora del Consejo de Hermandades y Cofrad\u00edas de Sevilla, ha acogido un a\u00f1o m\u00e1s el acto de presentaci\u00f3n [&hellip;]\" \/>\n<meta property=\"og:url\" content=\"https:\/\/fundacioncajaruraldelsur.com\/pt\/presentacion-en-caja-rural-del-sur-del-cartel-de-la-semana-santa-de-sevilla-2023-obra-del-pintor-sevillano-daniel-franca\/\" \/>\n<meta property=\"og:site_name\" content=\"Fundaci\u00f3n Caja Rural del Sur\" \/>\n<meta property=\"article:published_time\" content=\"2023-02-25T14:48:22+00:00\" \/>\n<meta property=\"article:modified_time\" content=\"2023-02-25T19:46:13+00:00\" \/>\n<meta property=\"og:image\" content=\"https:\/\/fundacioncajaruraldelsur.com\/wp-content\/uploads\/2023\/02\/cartel-ss-9.jpeg\" \/>\n\t<meta property=\"og:image:width\" content=\"2048\" \/>\n\t<meta property=\"og:image:height\" content=\"1536\" \/>\n\t<meta property=\"og:image:type\" content=\"image\/jpeg\" \/>\n<meta name=\"author\" content=\"Comunicaci\u00f3n\" \/>\n<meta name=\"twitter:card\" content=\"summary_large_image\" \/>\n<meta name=\"twitter:label1\" content=\"Written by\" \/>\n\t<meta name=\"twitter:data1\" content=\"Comunicaci\u00f3n\" \/>\n\t<meta name=\"twitter:label2\" content=\"Est. reading time\" \/>\n\t<meta name=\"twitter:data2\" content=\"6 minutes\" \/>\n<script type=\"application\/ld+json\" class=\"yoast-schema-graph\">{\"@context\":\"https:\\\/\\\/schema.org\",\"@graph\":[{\"@type\":\"Article\",\"@id\":\"https:\\\/\\\/fundacioncajaruraldelsur.com\\\/presentacion-en-caja-rural-del-sur-del-cartel-de-la-semana-santa-de-sevilla-2023-obra-del-pintor-sevillano-daniel-franca\\\/#article\",\"isPartOf\":{\"@id\":\"https:\\\/\\\/fundacioncajaruraldelsur.com\\\/presentacion-en-caja-rural-del-sur-del-cartel-de-la-semana-santa-de-sevilla-2023-obra-del-pintor-sevillano-daniel-franca\\\/\"},\"author\":{\"name\":\"Comunicaci\u00f3n\",\"@id\":\"https:\\\/\\\/fundacioncajaruraldelsur.com\\\/#\\\/schema\\\/person\\\/f430da9fb783d505ff061ad8b3d44577\"},\"headline\":\"Presentaci\u00f3n en Caja Rural del Sur del cartel de la Semana Santa de Sevilla 2023, obra del pintor sevillano Daniel Franca\",\"datePublished\":\"2023-02-25T14:48:22+00:00\",\"dateModified\":\"2023-02-25T19:46:13+00:00\",\"mainEntityOfPage\":{\"@id\":\"https:\\\/\\\/fundacioncajaruraldelsur.com\\\/presentacion-en-caja-rural-del-sur-del-cartel-de-la-semana-santa-de-sevilla-2023-obra-del-pintor-sevillano-daniel-franca\\\/\"},\"wordCount\":789,\"image\":{\"@id\":\"https:\\\/\\\/fundacioncajaruraldelsur.com\\\/presentacion-en-caja-rural-del-sur-del-cartel-de-la-semana-santa-de-sevilla-2023-obra-del-pintor-sevillano-daniel-franca\\\/#primaryimage\"},\"thumbnailUrl\":\"https:\\\/\\\/fundacioncajaruraldelsur.com\\\/wp-content\\\/uploads\\\/2023\\\/02\\\/cartel-ss-9.jpeg\",\"articleSection\":[\"Presentaciones\"],\"inLanguage\":\"pt-PT\"},{\"@type\":\"WebPage\",\"@id\":\"https:\\\/\\\/fundacioncajaruraldelsur.com\\\/presentacion-en-caja-rural-del-sur-del-cartel-de-la-semana-santa-de-sevilla-2023-obra-del-pintor-sevillano-daniel-franca\\\/\",\"url\":\"https:\\\/\\\/fundacioncajaruraldelsur.com\\\/presentacion-en-caja-rural-del-sur-del-cartel-de-la-semana-santa-de-sevilla-2023-obra-del-pintor-sevillano-daniel-franca\\\/\",\"name\":\"Presentaci\u00f3n en Caja Rural del Sur del cartel de la Semana Santa de Sevilla 2023, obra del pintor sevillano Daniel Franca - Fundaci\u00f3n Caja Rural del Sur\",\"isPartOf\":{\"@id\":\"https:\\\/\\\/fundacioncajaruraldelsur.com\\\/#website\"},\"primaryImageOfPage\":{\"@id\":\"https:\\\/\\\/fundacioncajaruraldelsur.com\\\/presentacion-en-caja-rural-del-sur-del-cartel-de-la-semana-santa-de-sevilla-2023-obra-del-pintor-sevillano-daniel-franca\\\/#primaryimage\"},\"image\":{\"@id\":\"https:\\\/\\\/fundacioncajaruraldelsur.com\\\/presentacion-en-caja-rural-del-sur-del-cartel-de-la-semana-santa-de-sevilla-2023-obra-del-pintor-sevillano-daniel-franca\\\/#primaryimage\"},\"thumbnailUrl\":\"https:\\\/\\\/fundacioncajaruraldelsur.com\\\/wp-content\\\/uploads\\\/2023\\\/02\\\/cartel-ss-9.jpeg\",\"datePublished\":\"2023-02-25T14:48:22+00:00\",\"dateModified\":\"2023-02-25T19:46:13+00:00\",\"author\":{\"@id\":\"https:\\\/\\\/fundacioncajaruraldelsur.com\\\/#\\\/schema\\\/person\\\/f430da9fb783d505ff061ad8b3d44577\"},\"breadcrumb\":{\"@id\":\"https:\\\/\\\/fundacioncajaruraldelsur.com\\\/presentacion-en-caja-rural-del-sur-del-cartel-de-la-semana-santa-de-sevilla-2023-obra-del-pintor-sevillano-daniel-franca\\\/#breadcrumb\"},\"inLanguage\":\"pt-PT\",\"potentialAction\":[{\"@type\":\"ReadAction\",\"target\":[\"https:\\\/\\\/fundacioncajaruraldelsur.com\\\/presentacion-en-caja-rural-del-sur-del-cartel-de-la-semana-santa-de-sevilla-2023-obra-del-pintor-sevillano-daniel-franca\\\/\"]}]},{\"@type\":\"ImageObject\",\"inLanguage\":\"pt-PT\",\"@id\":\"https:\\\/\\\/fundacioncajaruraldelsur.com\\\/presentacion-en-caja-rural-del-sur-del-cartel-de-la-semana-santa-de-sevilla-2023-obra-del-pintor-sevillano-daniel-franca\\\/#primaryimage\",\"url\":\"https:\\\/\\\/fundacioncajaruraldelsur.com\\\/wp-content\\\/uploads\\\/2023\\\/02\\\/cartel-ss-9.jpeg\",\"contentUrl\":\"https:\\\/\\\/fundacioncajaruraldelsur.com\\\/wp-content\\\/uploads\\\/2023\\\/02\\\/cartel-ss-9.jpeg\",\"width\":2048,\"height\":1536},{\"@type\":\"BreadcrumbList\",\"@id\":\"https:\\\/\\\/fundacioncajaruraldelsur.com\\\/presentacion-en-caja-rural-del-sur-del-cartel-de-la-semana-santa-de-sevilla-2023-obra-del-pintor-sevillano-daniel-franca\\\/#breadcrumb\",\"itemListElement\":[{\"@type\":\"ListItem\",\"position\":1,\"name\":\"Portada\",\"item\":\"https:\\\/\\\/fundacioncajaruraldelsur.com\\\/\"},{\"@type\":\"ListItem\",\"position\":2,\"name\":\"Presentaci\u00f3n en Caja Rural del Sur del cartel de la Semana Santa de Sevilla 2023, obra del pintor sevillano Daniel Franca\"}]},{\"@type\":\"WebSite\",\"@id\":\"https:\\\/\\\/fundacioncajaruraldelsur.com\\\/#website\",\"url\":\"https:\\\/\\\/fundacioncajaruraldelsur.com\\\/\",\"name\":\"Fundaci\u00f3n Caja Rural del Sur\",\"description\":\"\",\"potentialAction\":[{\"@type\":\"SearchAction\",\"target\":{\"@type\":\"EntryPoint\",\"urlTemplate\":\"https:\\\/\\\/fundacioncajaruraldelsur.com\\\/?s={search_term_string}\"},\"query-input\":{\"@type\":\"PropertyValueSpecification\",\"valueRequired\":true,\"valueName\":\"search_term_string\"}}],\"inLanguage\":\"pt-PT\"},{\"@type\":\"Person\",\"@id\":\"https:\\\/\\\/fundacioncajaruraldelsur.com\\\/#\\\/schema\\\/person\\\/f430da9fb783d505ff061ad8b3d44577\",\"name\":\"Comunicaci\u00f3n\",\"image\":{\"@type\":\"ImageObject\",\"inLanguage\":\"pt-PT\",\"@id\":\"https:\\\/\\\/secure.gravatar.com\\\/avatar\\\/0dca239875993680bac4603ad2de7942da018f52cc3a244578e0b3b09314a8d8?s=96&d=blank&r=g\",\"url\":\"https:\\\/\\\/secure.gravatar.com\\\/avatar\\\/0dca239875993680bac4603ad2de7942da018f52cc3a244578e0b3b09314a8d8?s=96&d=blank&r=g\",\"contentUrl\":\"https:\\\/\\\/secure.gravatar.com\\\/avatar\\\/0dca239875993680bac4603ad2de7942da018f52cc3a244578e0b3b09314a8d8?s=96&d=blank&r=g\",\"caption\":\"Comunicaci\u00f3n\"}}]}<\/script>\n<!-- \/ Yoast SEO plugin. -->","yoast_head_json":{"title":"Presentaci\u00f3n en Caja Rural del Sur del cartel de la Semana Santa de Sevilla 2023, obra del pintor sevillano Daniel Franca - Fundaci\u00f3n Caja Rural del Sur","robots":{"index":"index","follow":"follow","max-snippet":"max-snippet:-1","max-image-preview":"max-image-preview:large","max-video-preview":"max-video-preview:-1"},"canonical":"https:\/\/fundacioncajaruraldelsur.com\/pt\/presentacion-en-caja-rural-del-sur-del-cartel-de-la-semana-santa-de-sevilla-2023-obra-del-pintor-sevillano-daniel-franca\/","og_locale":"pt_PT","og_type":"article","og_title":"Presentaci\u00f3n en Caja Rural del Sur del cartel de la Semana Santa de Sevilla 2023, obra del pintor sevillano Daniel Franca - Fundaci\u00f3n Caja Rural del Sur","og_description":"La sede de la Fundaci\u00f3n de la Caja Rural del Sur, entidad colaboradora del Consejo de Hermandades y Cofrad\u00edas de Sevilla, ha acogido un a\u00f1o m\u00e1s el acto de presentaci\u00f3n [&hellip;]","og_url":"https:\/\/fundacioncajaruraldelsur.com\/pt\/presentacion-en-caja-rural-del-sur-del-cartel-de-la-semana-santa-de-sevilla-2023-obra-del-pintor-sevillano-daniel-franca\/","og_site_name":"Fundaci\u00f3n Caja Rural del Sur","article_published_time":"2023-02-25T14:48:22+00:00","article_modified_time":"2023-02-25T19:46:13+00:00","og_image":[{"width":2048,"height":1536,"url":"https:\/\/fundacioncajaruraldelsur.com\/wp-content\/uploads\/2023\/02\/cartel-ss-9.jpeg","type":"image\/jpeg"}],"author":"Comunicaci\u00f3n","twitter_card":"summary_large_image","twitter_misc":{"Written by":"Comunicaci\u00f3n","Est. reading time":"6 minutes"},"schema":{"@context":"https:\/\/schema.org","@graph":[{"@type":"Article","@id":"https:\/\/fundacioncajaruraldelsur.com\/presentacion-en-caja-rural-del-sur-del-cartel-de-la-semana-santa-de-sevilla-2023-obra-del-pintor-sevillano-daniel-franca\/#article","isPartOf":{"@id":"https:\/\/fundacioncajaruraldelsur.com\/presentacion-en-caja-rural-del-sur-del-cartel-de-la-semana-santa-de-sevilla-2023-obra-del-pintor-sevillano-daniel-franca\/"},"author":{"name":"Comunicaci\u00f3n","@id":"https:\/\/fundacioncajaruraldelsur.com\/#\/schema\/person\/f430da9fb783d505ff061ad8b3d44577"},"headline":"Presentaci\u00f3n en Caja Rural del Sur del cartel de la Semana Santa de Sevilla 2023, obra del pintor sevillano Daniel Franca","datePublished":"2023-02-25T14:48:22+00:00","dateModified":"2023-02-25T19:46:13+00:00","mainEntityOfPage":{"@id":"https:\/\/fundacioncajaruraldelsur.com\/presentacion-en-caja-rural-del-sur-del-cartel-de-la-semana-santa-de-sevilla-2023-obra-del-pintor-sevillano-daniel-franca\/"},"wordCount":789,"image":{"@id":"https:\/\/fundacioncajaruraldelsur.com\/presentacion-en-caja-rural-del-sur-del-cartel-de-la-semana-santa-de-sevilla-2023-obra-del-pintor-sevillano-daniel-franca\/#primaryimage"},"thumbnailUrl":"https:\/\/fundacioncajaruraldelsur.com\/wp-content\/uploads\/2023\/02\/cartel-ss-9.jpeg","articleSection":["Presentaciones"],"inLanguage":"pt-PT"},{"@type":"WebPage","@id":"https:\/\/fundacioncajaruraldelsur.com\/presentacion-en-caja-rural-del-sur-del-cartel-de-la-semana-santa-de-sevilla-2023-obra-del-pintor-sevillano-daniel-franca\/","url":"https:\/\/fundacioncajaruraldelsur.com\/presentacion-en-caja-rural-del-sur-del-cartel-de-la-semana-santa-de-sevilla-2023-obra-del-pintor-sevillano-daniel-franca\/","name":"Presentaci\u00f3n en Caja Rural del Sur del cartel de la Semana Santa de Sevilla 2023, obra del pintor sevillano Daniel Franca - Fundaci\u00f3n Caja Rural del Sur","isPartOf":{"@id":"https:\/\/fundacioncajaruraldelsur.com\/#website"},"primaryImageOfPage":{"@id":"https:\/\/fundacioncajaruraldelsur.com\/presentacion-en-caja-rural-del-sur-del-cartel-de-la-semana-santa-de-sevilla-2023-obra-del-pintor-sevillano-daniel-franca\/#primaryimage"},"image":{"@id":"https:\/\/fundacioncajaruraldelsur.com\/presentacion-en-caja-rural-del-sur-del-cartel-de-la-semana-santa-de-sevilla-2023-obra-del-pintor-sevillano-daniel-franca\/#primaryimage"},"thumbnailUrl":"https:\/\/fundacioncajaruraldelsur.com\/wp-content\/uploads\/2023\/02\/cartel-ss-9.jpeg","datePublished":"2023-02-25T14:48:22+00:00","dateModified":"2023-02-25T19:46:13+00:00","author":{"@id":"https:\/\/fundacioncajaruraldelsur.com\/#\/schema\/person\/f430da9fb783d505ff061ad8b3d44577"},"breadcrumb":{"@id":"https:\/\/fundacioncajaruraldelsur.com\/presentacion-en-caja-rural-del-sur-del-cartel-de-la-semana-santa-de-sevilla-2023-obra-del-pintor-sevillano-daniel-franca\/#breadcrumb"},"inLanguage":"pt-PT","potentialAction":[{"@type":"ReadAction","target":["https:\/\/fundacioncajaruraldelsur.com\/presentacion-en-caja-rural-del-sur-del-cartel-de-la-semana-santa-de-sevilla-2023-obra-del-pintor-sevillano-daniel-franca\/"]}]},{"@type":"ImageObject","inLanguage":"pt-PT","@id":"https:\/\/fundacioncajaruraldelsur.com\/presentacion-en-caja-rural-del-sur-del-cartel-de-la-semana-santa-de-sevilla-2023-obra-del-pintor-sevillano-daniel-franca\/#primaryimage","url":"https:\/\/fundacioncajaruraldelsur.com\/wp-content\/uploads\/2023\/02\/cartel-ss-9.jpeg","contentUrl":"https:\/\/fundacioncajaruraldelsur.com\/wp-content\/uploads\/2023\/02\/cartel-ss-9.jpeg","width":2048,"height":1536},{"@type":"BreadcrumbList","@id":"https:\/\/fundacioncajaruraldelsur.com\/presentacion-en-caja-rural-del-sur-del-cartel-de-la-semana-santa-de-sevilla-2023-obra-del-pintor-sevillano-daniel-franca\/#breadcrumb","itemListElement":[{"@type":"ListItem","position":1,"name":"Portada","item":"https:\/\/fundacioncajaruraldelsur.com\/"},{"@type":"ListItem","position":2,"name":"Presentaci\u00f3n en Caja Rural del Sur del cartel de la Semana Santa de Sevilla 2023, obra del pintor sevillano Daniel Franca"}]},{"@type":"WebSite","@id":"https:\/\/fundacioncajaruraldelsur.com\/#website","url":"https:\/\/fundacioncajaruraldelsur.com\/","name":"Funda\u00e7\u00e3o Caja Rural del Sur","description":"","potentialAction":[{"@type":"SearchAction","target":{"@type":"EntryPoint","urlTemplate":"https:\/\/fundacioncajaruraldelsur.com\/?s={search_term_string}"},"query-input":{"@type":"PropertyValueSpecification","valueRequired":true,"valueName":"search_term_string"}}],"inLanguage":"pt-PT"},{"@type":"Person","@id":"https:\/\/fundacioncajaruraldelsur.com\/#\/schema\/person\/f430da9fb783d505ff061ad8b3d44577","name":"Comunicaci\u00f3n","image":{"@type":"ImageObject","inLanguage":"pt-PT","@id":"https:\/\/secure.gravatar.com\/avatar\/0dca239875993680bac4603ad2de7942da018f52cc3a244578e0b3b09314a8d8?s=96&d=blank&r=g","url":"https:\/\/secure.gravatar.com\/avatar\/0dca239875993680bac4603ad2de7942da018f52cc3a244578e0b3b09314a8d8?s=96&d=blank&r=g","contentUrl":"https:\/\/secure.gravatar.com\/avatar\/0dca239875993680bac4603ad2de7942da018f52cc3a244578e0b3b09314a8d8?s=96&d=blank&r=g","caption":"Comunicaci\u00f3n"}}]}},"rttpg_featured_image_url":{"full":["https:\/\/fundacioncajaruraldelsur.com\/wp-content\/uploads\/2023\/02\/cartel-ss-9.jpeg",2048,1536,false],"landscape":["https:\/\/fundacioncajaruraldelsur.com\/wp-content\/uploads\/2023\/02\/cartel-ss-9.jpeg",2048,1536,false],"portraits":["https:\/\/fundacioncajaruraldelsur.com\/wp-content\/uploads\/2023\/02\/cartel-ss-9.jpeg",2048,1536,false],"thumbnail":["https:\/\/fundacioncajaruraldelsur.com\/wp-content\/uploads\/2023\/02\/cartel-ss-9-150x150.jpeg",150,150,true],"medium":["https:\/\/fundacioncajaruraldelsur.com\/wp-content\/uploads\/2023\/02\/cartel-ss-9-300x225.jpeg",300,225,true],"large":["https:\/\/fundacioncajaruraldelsur.com\/wp-content\/uploads\/2023\/02\/cartel-ss-9-1024x768.jpeg",960,720,true],"1536x1536":["https:\/\/fundacioncajaruraldelsur.com\/wp-content\/uploads\/2023\/02\/cartel-ss-9-1536x1152.jpeg",1536,1152,true],"2048x2048":["https:\/\/fundacioncajaruraldelsur.com\/wp-content\/uploads\/2023\/02\/cartel-ss-9.jpeg",2048,1536,false],"trp-custom-language-flag":["https:\/\/fundacioncajaruraldelsur.com\/wp-content\/uploads\/2023\/02\/cartel-ss-9.jpeg",16,12,false],"blog-thumbnail":["https:\/\/fundacioncajaruraldelsur.com\/wp-content\/uploads\/2023\/02\/cartel-ss-9-400x200.jpeg",400,200,true]},"rttpg_author":{"display_name":"Comunicaci\u00f3n","author_link":"https:\/\/fundacioncajaruraldelsur.com\/pt\/author\/sevillaadmin\/"},"rttpg_comment":0,"rttpg_category":"<a href=\"https:\/\/fundacioncajaruraldelsur.com\/pt\/category\/presentaciones\/\" rel=\"category tag\">Presentaciones<\/a>","rttpg_excerpt":"La sede de la Fundaci\u00f3n de la Caja Rural del Sur, entidad colaboradora del Consejo de Hermandades y Cofrad\u00edas de Sevilla, ha acogido un a\u00f1o m\u00e1s el acto de presentaci\u00f3n [&hellip;]","_links":{"self":[{"href":"https:\/\/fundacioncajaruraldelsur.com\/pt\/wp-json\/wp\/v2\/posts\/8641","targetHints":{"allow":["GET"]}}],"collection":[{"href":"https:\/\/fundacioncajaruraldelsur.com\/pt\/wp-json\/wp\/v2\/posts"}],"about":[{"href":"https:\/\/fundacioncajaruraldelsur.com\/pt\/wp-json\/wp\/v2\/types\/post"}],"author":[{"embeddable":true,"href":"https:\/\/fundacioncajaruraldelsur.com\/pt\/wp-json\/wp\/v2\/users\/6"}],"replies":[{"embeddable":true,"href":"https:\/\/fundacioncajaruraldelsur.com\/pt\/wp-json\/wp\/v2\/comments?post=8641"}],"version-history":[{"count":5,"href":"https:\/\/fundacioncajaruraldelsur.com\/pt\/wp-json\/wp\/v2\/posts\/8641\/revisions"}],"predecessor-version":[{"id":8656,"href":"https:\/\/fundacioncajaruraldelsur.com\/pt\/wp-json\/wp\/v2\/posts\/8641\/revisions\/8656"}],"wp:featuredmedia":[{"embeddable":true,"href":"https:\/\/fundacioncajaruraldelsur.com\/pt\/wp-json\/wp\/v2\/media\/8647"}],"wp:attachment":[{"href":"https:\/\/fundacioncajaruraldelsur.com\/pt\/wp-json\/wp\/v2\/media?parent=8641"}],"wp:term":[{"taxonomy":"category","embeddable":true,"href":"https:\/\/fundacioncajaruraldelsur.com\/pt\/wp-json\/wp\/v2\/categories?post=8641"},{"taxonomy":"post_tag","embeddable":true,"href":"https:\/\/fundacioncajaruraldelsur.com\/pt\/wp-json\/wp\/v2\/tags?post=8641"}],"curies":[{"name":"wp","href":"https:\/\/api.w.org\/{rel}","templated":true}]}}