{"id":8605,"date":"2023-02-23T07:58:33","date_gmt":"2023-02-23T06:58:33","guid":{"rendered":"\/?p=8605"},"modified":"2023-02-23T07:58:56","modified_gmt":"2023-02-23T06:58:56","slug":"el-pintor-manuel-luna-inaugura-la-muestra-estructura-natural-en-la-fundacion-caja-rural-del-sur-en-cordoba","status":"publish","type":"post","link":"https:\/\/fundacioncajaruraldelsur.com\/pt\/el-pintor-manuel-luna-inaugura-la-muestra-estructura-natural-en-la-fundacion-caja-rural-del-sur-en-cordoba\/","title":{"rendered":"El pintor Manuel Luna inaugura la muestra &#8216;Estructura Natural&#8217; en la Fundaci\u00f3n Caja Rural del Sur en C\u00f3rdoba"},"content":{"rendered":"<div class=\"bbnx-module\">\n<article class=\"article-photo article-photo--full\"><picture class=\"image\"><\/picture>\n<p class=\"article-photo__footer\">El pintor Manuel Luna ha inaugurado este mi\u00e9rcoles la muestra <em>Estructura Natural\u00a0<\/em>en la sala de exposiciones del Centro Cultural Jos\u00e9 Luis Garc\u00eda Palacios de la\u00a0Fundaci\u00f3n Caja Rural del Sur, una serie de\u00a0<strong>veinte piezas<\/strong>\u00a0que podr\u00e1n visitarse hasta el d\u00eda 17 de marzo. En concreto, Se trata de una colecci\u00f3n de\u00a0<strong>realismo contempor\u00e1neo<\/strong>, formada por una veintena de cuadros a \u00f3leo, de peque\u00f1o y gran formato, que describen historias individuales encerradas en cada lienzo, dentro de\u00a0<strong>una corriente filos\u00f3fica estoica com\u00fan<\/strong>, y que describe esas\u00a0<strong>construcciones vitales\u00a0<\/strong>que nacen en miles de direcciones, como ramas de un solo \u00e1rbol.<\/p>\n<\/article>\n<div class=\"article-body\">\n<div class=\"article-body--seo-closed\">\n<p class=\"article-body__text\">Manuel Luna es un pintor sevillano, autodidacta, con <strong>una amplia trayectoria art\u00edstica<\/strong>, que apuesta por el naturalismo, y que ha expuesto de modo individual y colectivo en distintos puntos del mundo, como Nueva York, Innsbruck, Edimburgo, Chicago, adem\u00e1s de en museos espa\u00f1oles.<\/p>\n<div id=\"intext-sunmedia-1\">\n<div id=\"sm-it-main-container-1677135313194\" class=\"sm-it-main-container\" data-it=\"9a6af2e0-cf13-4381-8c2a-056b57464aa0\" data-device=\"desktop\" data-index=\"0\">\n<div id=\"sm-reference-1677135313194\" class=\"sm-reference\">Tambi\u00e9n en Sevilla gestiona y dirige el espacio <em>Cr\u00e1neo Creaci\u00f3n<\/em>, donde se dan cita artistas\u00a0<strong>de primera l\u00ednea<\/strong>\u00a0para realizar cursos formativos. Pertenece a asociaciones art\u00edsticas como Greco. Su \u00faltima exposici\u00f3n,\u00a0<em>Trilog\u00eda<\/em>, con el museo Antonio L\u00f3pez Torres de Tomelloso (Ciudad Real), ha sido\u00a0<strong>la mas visitada en la historia de dicho centro<\/strong>.<\/div>\n<\/div>\n<\/div>\n<div id=\"nlt_signup_botton\" class=\"article-body__text nx-piano--offer nx-piano--offer--signup-button-body\">\n<div><\/div>\n<div class=\"tp-container-inner\">La exposici\u00f3n<em>\u00a0Estructura natural<\/em>\u00a0es la segunda bajo este t\u00edtulo, perteneciente a<strong>\u00a0un total de tres exposiciones realizadas\u00a0<\/strong>bajo la Fundaci\u00f3n Caja Rural y que se introduce bajo el\u00a0<strong>universo complejo<\/strong>\u00a0donde el ser humano recorre un camino natural y desconocido para \u00e9l desde su nacimiento, hace de su pasado, presente y futuro una mara\u00f1a de estructuras que se rompen, se vuelven a construir, se recuperan y se arreglan para seguir adelante de forma optimista hacia su objetivo vital.<\/div>\n<\/div>\n<p class=\"article-body__text\">En ese camino, el\u00a0<strong>encuentro de experiencias vividas con otras entidades<\/strong>, otras formas de ver el mundo y con lo que este nos ofrece, es fundamental para dar sentido a su constante ansia de saber hacia donde lleva el camino y hacia donde se dirige la naturaleza de su alma. Estas experiencias se transforman en capas que forjan la personalidad del individuo para s\u00ed mismo y para su sociedad. Todo esto se expresa en esta\u00a0<em>Estructura Natural<\/em>.<\/p>\n<p><a href=\"https:\/\/www.diariocordoba.com\/cultura\/2023\/02\/22\/manuel-luna-expone-estructura-natural-83461143.html\">Diario C\u00f3rdoba<\/a><\/p>\n<\/div>\n<\/div>\n<\/div>\n<p>&nbsp;<\/p>","protected":false},"excerpt":{"rendered":"<p>El pintor Manuel Luna ha inaugurado este mi\u00e9rcoles la muestra Estructura Natural\u00a0en la sala de exposiciones del Centro Cultural Jos\u00e9 Luis Garc\u00eda Palacios de la\u00a0Fundaci\u00f3n Caja Rural del Sur, una [&hellip;]<\/p>\n","protected":false},"author":6,"featured_media":8606,"comment_status":"closed","ping_status":"closed","sticky":false,"template":"","format":"standard","meta":{"footnotes":""},"categories":[82],"tags":[],"class_list":["post-8605","post","type-post","status-publish","format-standard","has-post-thumbnail","hentry","category-exposiciones"],"yoast_head":"<!-- This site is optimized with the Yoast SEO plugin v27.3 - https:\/\/yoast.com\/product\/yoast-seo-wordpress\/ -->\n<title>El pintor Manuel Luna inaugura la muestra &#039;Estructura Natural&#039; en la Fundaci\u00f3n Caja Rural del Sur en C\u00f3rdoba - Fundaci\u00f3n Caja Rural del Sur<\/title>\n<meta name=\"robots\" content=\"index, follow, max-snippet:-1, max-image-preview:large, max-video-preview:-1\" \/>\n<link rel=\"canonical\" href=\"https:\/\/fundacioncajaruraldelsur.com\/pt\/el-pintor-manuel-luna-inaugura-la-muestra-estructura-natural-en-la-fundacion-caja-rural-del-sur-en-cordoba\/\" \/>\n<meta property=\"og:locale\" content=\"pt_PT\" \/>\n<meta property=\"og:type\" content=\"article\" \/>\n<meta property=\"og:title\" content=\"El pintor Manuel Luna inaugura la muestra &#039;Estructura Natural&#039; en la Fundaci\u00f3n Caja Rural del Sur en C\u00f3rdoba - Fundaci\u00f3n Caja Rural del Sur\" \/>\n<meta property=\"og:description\" content=\"El pintor Manuel Luna ha inaugurado este mi\u00e9rcoles la muestra Estructura Natural\u00a0en la sala de exposiciones del Centro Cultural Jos\u00e9 Luis Garc\u00eda Palacios de la\u00a0Fundaci\u00f3n Caja Rural del Sur, una [&hellip;]\" \/>\n<meta property=\"og:url\" content=\"https:\/\/fundacioncajaruraldelsur.com\/pt\/el-pintor-manuel-luna-inaugura-la-muestra-estructura-natural-en-la-fundacion-caja-rural-del-sur-en-cordoba\/\" \/>\n<meta property=\"og:site_name\" content=\"Fundaci\u00f3n Caja Rural del Sur\" \/>\n<meta property=\"article:published_time\" content=\"2023-02-23T06:58:33+00:00\" \/>\n<meta property=\"article:modified_time\" content=\"2023-02-23T06:58:56+00:00\" \/>\n<meta property=\"og:image\" content=\"https:\/\/fundacioncajaruraldelsur.com\/wp-content\/uploads\/2023\/02\/Manuel-Luna.jpg\" \/>\n\t<meta property=\"og:image:width\" content=\"1200\" \/>\n\t<meta property=\"og:image:height\" content=\"675\" \/>\n\t<meta property=\"og:image:type\" content=\"image\/jpeg\" \/>\n<meta name=\"author\" content=\"Comunicaci\u00f3n\" \/>\n<meta name=\"twitter:card\" content=\"summary_large_image\" \/>\n<meta name=\"twitter:label1\" content=\"Written by\" \/>\n\t<meta name=\"twitter:data1\" content=\"Comunicaci\u00f3n\" \/>\n\t<meta name=\"twitter:label2\" content=\"Est. reading time\" \/>\n\t<meta name=\"twitter:data2\" content=\"2 minutes\" \/>\n<script type=\"application\/ld+json\" class=\"yoast-schema-graph\">{\"@context\":\"https:\\\/\\\/schema.org\",\"@graph\":[{\"@type\":\"Article\",\"@id\":\"https:\\\/\\\/fundacioncajaruraldelsur.com\\\/el-pintor-manuel-luna-inaugura-la-muestra-estructura-natural-en-la-fundacion-caja-rural-del-sur-en-cordoba\\\/#article\",\"isPartOf\":{\"@id\":\"https:\\\/\\\/fundacioncajaruraldelsur.com\\\/el-pintor-manuel-luna-inaugura-la-muestra-estructura-natural-en-la-fundacion-caja-rural-del-sur-en-cordoba\\\/\"},\"author\":{\"name\":\"Comunicaci\u00f3n\",\"@id\":\"https:\\\/\\\/fundacioncajaruraldelsur.com\\\/#\\\/schema\\\/person\\\/f430da9fb783d505ff061ad8b3d44577\"},\"headline\":\"El pintor Manuel Luna inaugura la muestra &#8216;Estructura Natural&#8217; en la Fundaci\u00f3n Caja Rural del Sur en C\u00f3rdoba\",\"datePublished\":\"2023-02-23T06:58:33+00:00\",\"dateModified\":\"2023-02-23T06:58:56+00:00\",\"mainEntityOfPage\":{\"@id\":\"https:\\\/\\\/fundacioncajaruraldelsur.com\\\/el-pintor-manuel-luna-inaugura-la-muestra-estructura-natural-en-la-fundacion-caja-rural-del-sur-en-cordoba\\\/\"},\"wordCount\":400,\"image\":{\"@id\":\"https:\\\/\\\/fundacioncajaruraldelsur.com\\\/el-pintor-manuel-luna-inaugura-la-muestra-estructura-natural-en-la-fundacion-caja-rural-del-sur-en-cordoba\\\/#primaryimage\"},\"thumbnailUrl\":\"https:\\\/\\\/fundacioncajaruraldelsur.com\\\/wp-content\\\/uploads\\\/2023\\\/02\\\/Manuel-Luna.jpg\",\"articleSection\":[\"Exposiciones\"],\"inLanguage\":\"pt-PT\"},{\"@type\":\"WebPage\",\"@id\":\"https:\\\/\\\/fundacioncajaruraldelsur.com\\\/el-pintor-manuel-luna-inaugura-la-muestra-estructura-natural-en-la-fundacion-caja-rural-del-sur-en-cordoba\\\/\",\"url\":\"https:\\\/\\\/fundacioncajaruraldelsur.com\\\/el-pintor-manuel-luna-inaugura-la-muestra-estructura-natural-en-la-fundacion-caja-rural-del-sur-en-cordoba\\\/\",\"name\":\"El pintor Manuel Luna inaugura la muestra 'Estructura Natural' en la Fundaci\u00f3n Caja Rural del Sur en C\u00f3rdoba - Fundaci\u00f3n Caja Rural del Sur\",\"isPartOf\":{\"@id\":\"https:\\\/\\\/fundacioncajaruraldelsur.com\\\/#website\"},\"primaryImageOfPage\":{\"@id\":\"https:\\\/\\\/fundacioncajaruraldelsur.com\\\/el-pintor-manuel-luna-inaugura-la-muestra-estructura-natural-en-la-fundacion-caja-rural-del-sur-en-cordoba\\\/#primaryimage\"},\"image\":{\"@id\":\"https:\\\/\\\/fundacioncajaruraldelsur.com\\\/el-pintor-manuel-luna-inaugura-la-muestra-estructura-natural-en-la-fundacion-caja-rural-del-sur-en-cordoba\\\/#primaryimage\"},\"thumbnailUrl\":\"https:\\\/\\\/fundacioncajaruraldelsur.com\\\/wp-content\\\/uploads\\\/2023\\\/02\\\/Manuel-Luna.jpg\",\"datePublished\":\"2023-02-23T06:58:33+00:00\",\"dateModified\":\"2023-02-23T06:58:56+00:00\",\"author\":{\"@id\":\"https:\\\/\\\/fundacioncajaruraldelsur.com\\\/#\\\/schema\\\/person\\\/f430da9fb783d505ff061ad8b3d44577\"},\"breadcrumb\":{\"@id\":\"https:\\\/\\\/fundacioncajaruraldelsur.com\\\/el-pintor-manuel-luna-inaugura-la-muestra-estructura-natural-en-la-fundacion-caja-rural-del-sur-en-cordoba\\\/#breadcrumb\"},\"inLanguage\":\"pt-PT\",\"potentialAction\":[{\"@type\":\"ReadAction\",\"target\":[\"https:\\\/\\\/fundacioncajaruraldelsur.com\\\/el-pintor-manuel-luna-inaugura-la-muestra-estructura-natural-en-la-fundacion-caja-rural-del-sur-en-cordoba\\\/\"]}]},{\"@type\":\"ImageObject\",\"inLanguage\":\"pt-PT\",\"@id\":\"https:\\\/\\\/fundacioncajaruraldelsur.com\\\/el-pintor-manuel-luna-inaugura-la-muestra-estructura-natural-en-la-fundacion-caja-rural-del-sur-en-cordoba\\\/#primaryimage\",\"url\":\"https:\\\/\\\/fundacioncajaruraldelsur.com\\\/wp-content\\\/uploads\\\/2023\\\/02\\\/Manuel-Luna.jpg\",\"contentUrl\":\"https:\\\/\\\/fundacioncajaruraldelsur.com\\\/wp-content\\\/uploads\\\/2023\\\/02\\\/Manuel-Luna.jpg\",\"width\":1200,\"height\":675},{\"@type\":\"BreadcrumbList\",\"@id\":\"https:\\\/\\\/fundacioncajaruraldelsur.com\\\/el-pintor-manuel-luna-inaugura-la-muestra-estructura-natural-en-la-fundacion-caja-rural-del-sur-en-cordoba\\\/#breadcrumb\",\"itemListElement\":[{\"@type\":\"ListItem\",\"position\":1,\"name\":\"Portada\",\"item\":\"https:\\\/\\\/fundacioncajaruraldelsur.com\\\/\"},{\"@type\":\"ListItem\",\"position\":2,\"name\":\"El pintor Manuel Luna inaugura la muestra &#8216;Estructura Natural&#8217; en la Fundaci\u00f3n Caja Rural del Sur en C\u00f3rdoba\"}]},{\"@type\":\"WebSite\",\"@id\":\"https:\\\/\\\/fundacioncajaruraldelsur.com\\\/#website\",\"url\":\"https:\\\/\\\/fundacioncajaruraldelsur.com\\\/\",\"name\":\"Fundaci\u00f3n Caja Rural del Sur\",\"description\":\"\",\"potentialAction\":[{\"@type\":\"SearchAction\",\"target\":{\"@type\":\"EntryPoint\",\"urlTemplate\":\"https:\\\/\\\/fundacioncajaruraldelsur.com\\\/?s={search_term_string}\"},\"query-input\":{\"@type\":\"PropertyValueSpecification\",\"valueRequired\":true,\"valueName\":\"search_term_string\"}}],\"inLanguage\":\"pt-PT\"},{\"@type\":\"Person\",\"@id\":\"https:\\\/\\\/fundacioncajaruraldelsur.com\\\/#\\\/schema\\\/person\\\/f430da9fb783d505ff061ad8b3d44577\",\"name\":\"Comunicaci\u00f3n\",\"image\":{\"@type\":\"ImageObject\",\"inLanguage\":\"pt-PT\",\"@id\":\"https:\\\/\\\/secure.gravatar.com\\\/avatar\\\/0dca239875993680bac4603ad2de7942da018f52cc3a244578e0b3b09314a8d8?s=96&d=blank&r=g\",\"url\":\"https:\\\/\\\/secure.gravatar.com\\\/avatar\\\/0dca239875993680bac4603ad2de7942da018f52cc3a244578e0b3b09314a8d8?s=96&d=blank&r=g\",\"contentUrl\":\"https:\\\/\\\/secure.gravatar.com\\\/avatar\\\/0dca239875993680bac4603ad2de7942da018f52cc3a244578e0b3b09314a8d8?s=96&d=blank&r=g\",\"caption\":\"Comunicaci\u00f3n\"}}]}<\/script>\n<!-- \/ Yoast SEO plugin. -->","yoast_head_json":{"title":"El pintor Manuel Luna inaugura la muestra 'Estructura Natural' en la Fundaci\u00f3n Caja Rural del Sur en C\u00f3rdoba - Fundaci\u00f3n Caja Rural del Sur","robots":{"index":"index","follow":"follow","max-snippet":"max-snippet:-1","max-image-preview":"max-image-preview:large","max-video-preview":"max-video-preview:-1"},"canonical":"https:\/\/fundacioncajaruraldelsur.com\/pt\/el-pintor-manuel-luna-inaugura-la-muestra-estructura-natural-en-la-fundacion-caja-rural-del-sur-en-cordoba\/","og_locale":"pt_PT","og_type":"article","og_title":"El pintor Manuel Luna inaugura la muestra 'Estructura Natural' en la Fundaci\u00f3n Caja Rural del Sur en C\u00f3rdoba - Fundaci\u00f3n Caja Rural del Sur","og_description":"El pintor Manuel Luna ha inaugurado este mi\u00e9rcoles la muestra Estructura Natural\u00a0en la sala de exposiciones del Centro Cultural Jos\u00e9 Luis Garc\u00eda Palacios de la\u00a0Fundaci\u00f3n Caja Rural del Sur, una [&hellip;]","og_url":"https:\/\/fundacioncajaruraldelsur.com\/pt\/el-pintor-manuel-luna-inaugura-la-muestra-estructura-natural-en-la-fundacion-caja-rural-del-sur-en-cordoba\/","og_site_name":"Fundaci\u00f3n Caja Rural del Sur","article_published_time":"2023-02-23T06:58:33+00:00","article_modified_time":"2023-02-23T06:58:56+00:00","og_image":[{"width":1200,"height":675,"url":"https:\/\/fundacioncajaruraldelsur.com\/wp-content\/uploads\/2023\/02\/Manuel-Luna.jpg","type":"image\/jpeg"}],"author":"Comunicaci\u00f3n","twitter_card":"summary_large_image","twitter_misc":{"Written by":"Comunicaci\u00f3n","Est. reading time":"2 minutes"},"schema":{"@context":"https:\/\/schema.org","@graph":[{"@type":"Article","@id":"https:\/\/fundacioncajaruraldelsur.com\/el-pintor-manuel-luna-inaugura-la-muestra-estructura-natural-en-la-fundacion-caja-rural-del-sur-en-cordoba\/#article","isPartOf":{"@id":"https:\/\/fundacioncajaruraldelsur.com\/el-pintor-manuel-luna-inaugura-la-muestra-estructura-natural-en-la-fundacion-caja-rural-del-sur-en-cordoba\/"},"author":{"name":"Comunicaci\u00f3n","@id":"https:\/\/fundacioncajaruraldelsur.com\/#\/schema\/person\/f430da9fb783d505ff061ad8b3d44577"},"headline":"El pintor Manuel Luna inaugura la muestra &#8216;Estructura Natural&#8217; en la Fundaci\u00f3n Caja Rural del Sur en C\u00f3rdoba","datePublished":"2023-02-23T06:58:33+00:00","dateModified":"2023-02-23T06:58:56+00:00","mainEntityOfPage":{"@id":"https:\/\/fundacioncajaruraldelsur.com\/el-pintor-manuel-luna-inaugura-la-muestra-estructura-natural-en-la-fundacion-caja-rural-del-sur-en-cordoba\/"},"wordCount":400,"image":{"@id":"https:\/\/fundacioncajaruraldelsur.com\/el-pintor-manuel-luna-inaugura-la-muestra-estructura-natural-en-la-fundacion-caja-rural-del-sur-en-cordoba\/#primaryimage"},"thumbnailUrl":"https:\/\/fundacioncajaruraldelsur.com\/wp-content\/uploads\/2023\/02\/Manuel-Luna.jpg","articleSection":["Exposiciones"],"inLanguage":"pt-PT"},{"@type":"WebPage","@id":"https:\/\/fundacioncajaruraldelsur.com\/el-pintor-manuel-luna-inaugura-la-muestra-estructura-natural-en-la-fundacion-caja-rural-del-sur-en-cordoba\/","url":"https:\/\/fundacioncajaruraldelsur.com\/el-pintor-manuel-luna-inaugura-la-muestra-estructura-natural-en-la-fundacion-caja-rural-del-sur-en-cordoba\/","name":"El pintor Manuel Luna inaugura la muestra 'Estructura Natural' en la Fundaci\u00f3n Caja Rural del Sur en C\u00f3rdoba - Fundaci\u00f3n Caja Rural del Sur","isPartOf":{"@id":"https:\/\/fundacioncajaruraldelsur.com\/#website"},"primaryImageOfPage":{"@id":"https:\/\/fundacioncajaruraldelsur.com\/el-pintor-manuel-luna-inaugura-la-muestra-estructura-natural-en-la-fundacion-caja-rural-del-sur-en-cordoba\/#primaryimage"},"image":{"@id":"https:\/\/fundacioncajaruraldelsur.com\/el-pintor-manuel-luna-inaugura-la-muestra-estructura-natural-en-la-fundacion-caja-rural-del-sur-en-cordoba\/#primaryimage"},"thumbnailUrl":"https:\/\/fundacioncajaruraldelsur.com\/wp-content\/uploads\/2023\/02\/Manuel-Luna.jpg","datePublished":"2023-02-23T06:58:33+00:00","dateModified":"2023-02-23T06:58:56+00:00","author":{"@id":"https:\/\/fundacioncajaruraldelsur.com\/#\/schema\/person\/f430da9fb783d505ff061ad8b3d44577"},"breadcrumb":{"@id":"https:\/\/fundacioncajaruraldelsur.com\/el-pintor-manuel-luna-inaugura-la-muestra-estructura-natural-en-la-fundacion-caja-rural-del-sur-en-cordoba\/#breadcrumb"},"inLanguage":"pt-PT","potentialAction":[{"@type":"ReadAction","target":["https:\/\/fundacioncajaruraldelsur.com\/el-pintor-manuel-luna-inaugura-la-muestra-estructura-natural-en-la-fundacion-caja-rural-del-sur-en-cordoba\/"]}]},{"@type":"ImageObject","inLanguage":"pt-PT","@id":"https:\/\/fundacioncajaruraldelsur.com\/el-pintor-manuel-luna-inaugura-la-muestra-estructura-natural-en-la-fundacion-caja-rural-del-sur-en-cordoba\/#primaryimage","url":"https:\/\/fundacioncajaruraldelsur.com\/wp-content\/uploads\/2023\/02\/Manuel-Luna.jpg","contentUrl":"https:\/\/fundacioncajaruraldelsur.com\/wp-content\/uploads\/2023\/02\/Manuel-Luna.jpg","width":1200,"height":675},{"@type":"BreadcrumbList","@id":"https:\/\/fundacioncajaruraldelsur.com\/el-pintor-manuel-luna-inaugura-la-muestra-estructura-natural-en-la-fundacion-caja-rural-del-sur-en-cordoba\/#breadcrumb","itemListElement":[{"@type":"ListItem","position":1,"name":"Portada","item":"https:\/\/fundacioncajaruraldelsur.com\/"},{"@type":"ListItem","position":2,"name":"El pintor Manuel Luna inaugura la muestra &#8216;Estructura Natural&#8217; en la Fundaci\u00f3n Caja Rural del Sur en C\u00f3rdoba"}]},{"@type":"WebSite","@id":"https:\/\/fundacioncajaruraldelsur.com\/#website","url":"https:\/\/fundacioncajaruraldelsur.com\/","name":"Funda\u00e7\u00e3o Caja Rural del Sur","description":"","potentialAction":[{"@type":"SearchAction","target":{"@type":"EntryPoint","urlTemplate":"https:\/\/fundacioncajaruraldelsur.com\/?s={search_term_string}"},"query-input":{"@type":"PropertyValueSpecification","valueRequired":true,"valueName":"search_term_string"}}],"inLanguage":"pt-PT"},{"@type":"Person","@id":"https:\/\/fundacioncajaruraldelsur.com\/#\/schema\/person\/f430da9fb783d505ff061ad8b3d44577","name":"Comunicaci\u00f3n","image":{"@type":"ImageObject","inLanguage":"pt-PT","@id":"https:\/\/secure.gravatar.com\/avatar\/0dca239875993680bac4603ad2de7942da018f52cc3a244578e0b3b09314a8d8?s=96&d=blank&r=g","url":"https:\/\/secure.gravatar.com\/avatar\/0dca239875993680bac4603ad2de7942da018f52cc3a244578e0b3b09314a8d8?s=96&d=blank&r=g","contentUrl":"https:\/\/secure.gravatar.com\/avatar\/0dca239875993680bac4603ad2de7942da018f52cc3a244578e0b3b09314a8d8?s=96&d=blank&r=g","caption":"Comunicaci\u00f3n"}}]}},"rttpg_featured_image_url":{"full":["https:\/\/fundacioncajaruraldelsur.com\/wp-content\/uploads\/2023\/02\/Manuel-Luna.jpg",1200,675,false],"landscape":["https:\/\/fundacioncajaruraldelsur.com\/wp-content\/uploads\/2023\/02\/Manuel-Luna.jpg",1200,675,false],"portraits":["https:\/\/fundacioncajaruraldelsur.com\/wp-content\/uploads\/2023\/02\/Manuel-Luna.jpg",1200,675,false],"thumbnail":["https:\/\/fundacioncajaruraldelsur.com\/wp-content\/uploads\/2023\/02\/Manuel-Luna-150x150.jpg",150,150,true],"medium":["https:\/\/fundacioncajaruraldelsur.com\/wp-content\/uploads\/2023\/02\/Manuel-Luna-300x169.jpg",300,169,true],"large":["https:\/\/fundacioncajaruraldelsur.com\/wp-content\/uploads\/2023\/02\/Manuel-Luna-1024x576.jpg",960,540,true],"1536x1536":["https:\/\/fundacioncajaruraldelsur.com\/wp-content\/uploads\/2023\/02\/Manuel-Luna.jpg",1200,675,false],"2048x2048":["https:\/\/fundacioncajaruraldelsur.com\/wp-content\/uploads\/2023\/02\/Manuel-Luna.jpg",1200,675,false],"trp-custom-language-flag":["https:\/\/fundacioncajaruraldelsur.com\/wp-content\/uploads\/2023\/02\/Manuel-Luna.jpg",18,10,false],"blog-thumbnail":["https:\/\/fundacioncajaruraldelsur.com\/wp-content\/uploads\/2023\/02\/Manuel-Luna-400x200.jpg",400,200,true]},"rttpg_author":{"display_name":"Comunicaci\u00f3n","author_link":"https:\/\/fundacioncajaruraldelsur.com\/pt\/author\/sevillaadmin\/"},"rttpg_comment":0,"rttpg_category":"<a href=\"https:\/\/fundacioncajaruraldelsur.com\/pt\/category\/exposiciones\/\" rel=\"category tag\">Exposiciones<\/a>","rttpg_excerpt":"El pintor Manuel Luna ha inaugurado este mi\u00e9rcoles la muestra Estructura Natural\u00a0en la sala de exposiciones del Centro Cultural Jos\u00e9 Luis Garc\u00eda Palacios de la\u00a0Fundaci\u00f3n Caja Rural del Sur, una [&hellip;]","_links":{"self":[{"href":"https:\/\/fundacioncajaruraldelsur.com\/pt\/wp-json\/wp\/v2\/posts\/8605","targetHints":{"allow":["GET"]}}],"collection":[{"href":"https:\/\/fundacioncajaruraldelsur.com\/pt\/wp-json\/wp\/v2\/posts"}],"about":[{"href":"https:\/\/fundacioncajaruraldelsur.com\/pt\/wp-json\/wp\/v2\/types\/post"}],"author":[{"embeddable":true,"href":"https:\/\/fundacioncajaruraldelsur.com\/pt\/wp-json\/wp\/v2\/users\/6"}],"replies":[{"embeddable":true,"href":"https:\/\/fundacioncajaruraldelsur.com\/pt\/wp-json\/wp\/v2\/comments?post=8605"}],"version-history":[{"count":2,"href":"https:\/\/fundacioncajaruraldelsur.com\/pt\/wp-json\/wp\/v2\/posts\/8605\/revisions"}],"predecessor-version":[{"id":8608,"href":"https:\/\/fundacioncajaruraldelsur.com\/pt\/wp-json\/wp\/v2\/posts\/8605\/revisions\/8608"}],"wp:featuredmedia":[{"embeddable":true,"href":"https:\/\/fundacioncajaruraldelsur.com\/pt\/wp-json\/wp\/v2\/media\/8606"}],"wp:attachment":[{"href":"https:\/\/fundacioncajaruraldelsur.com\/pt\/wp-json\/wp\/v2\/media?parent=8605"}],"wp:term":[{"taxonomy":"category","embeddable":true,"href":"https:\/\/fundacioncajaruraldelsur.com\/pt\/wp-json\/wp\/v2\/categories?post=8605"},{"taxonomy":"post_tag","embeddable":true,"href":"https:\/\/fundacioncajaruraldelsur.com\/pt\/wp-json\/wp\/v2\/tags?post=8605"}],"curies":[{"name":"wp","href":"https:\/\/api.w.org\/{rel}","templated":true}]}}