{"id":8556,"date":"2023-02-15T08:09:06","date_gmt":"2023-02-15T07:09:06","guid":{"rendered":"\/?p=8556"},"modified":"2023-02-15T08:12:20","modified_gmt":"2023-02-15T07:12:20","slug":"fallo-de-los-premios-taurinos-pepe-luis-vazquez-y-jose-luis-garcia-palacios-de-fundacion-caja-rural-del-sur","status":"publish","type":"post","link":"https:\/\/fundacioncajaruraldelsur.com\/pt\/fallo-de-los-premios-taurinos-pepe-luis-vazquez-y-jose-luis-garcia-palacios-de-fundacion-caja-rural-del-sur\/","title":{"rendered":"Fallo de los premios taurinos \u2018Pepe Luis V\u00e1zquez\u2019 y \u2018Jos\u00e9 Luis Garc\u00eda Palacios\u2019 de Fundaci\u00f3n Caja Rural del Sur"},"content":{"rendered":"<p>El matador sevillano Daniel Luque y la ganader\u00eda de Garcigrande han sido los ganadores de la XVII edici\u00f3n de los premios \u2018Pepe Luis V\u00e1zquez\u2019 de la Fundaci\u00f3n de la Caja Rural del Sur, que han distinguido a los principales protagonistas de la temporada taurina 2022 en las plazas de Sevilla, Huelva, Jerez de la Frontera, El Puerto de Santa Mar\u00eda y C\u00f3rdoba.<\/p>\n<p>El premio \u2018Jos\u00e9 Luis Garc\u00eda Palacios\u2019, creado en el a\u00f1o 2019, a la entidad m\u00e1s relevante del a\u00f1o en defensa de la fiesta ha sido otorgado a la Canal Sur Radio y Televisi\u00f3n.<\/p>\n<p>As\u00ed lo ha fallado este martes el jurado de periodistas y destacados aficionados taurinos nombrados por la entidad. Como es costumbre, los premios ser\u00e1n entregados el Lunes de Pascua, en la sede sevillana de la Fundaci\u00f3n Caja Rural del Sur. En el mismo acto se presentar\u00e1 la publicaci\u00f3n anual \u2018Maestranza\u2019, que resume y analiza los festejos celebrados la temporada anterior en las plazas objeto de estos trofeos. La publicaci\u00f3n, que rebasa m\u00e1s de dos d\u00e9cadas de vida est\u00e1 coordinada por el informador taurino Carlos Crivell.<\/p>\n<p>&nbsp;<\/p>\n<p>&nbsp;<\/p>","protected":false},"excerpt":{"rendered":"<p>El matador sevillano Daniel Luque y la ganader\u00eda de Garcigrande han sido los ganadores de la XVII edici\u00f3n de los premios \u2018Pepe Luis V\u00e1zquez\u2019 de la Fundaci\u00f3n de la Caja [&hellip;]<\/p>\n","protected":false},"author":6,"featured_media":8557,"comment_status":"closed","ping_status":"closed","sticky":false,"template":"","format":"standard","meta":{"footnotes":""},"categories":[64],"tags":[],"class_list":["post-8556","post","type-post","status-publish","format-standard","has-post-thumbnail","hentry","category-premios"],"yoast_head":"<!-- This site is optimized with the Yoast SEO plugin v27.3 - https:\/\/yoast.com\/product\/yoast-seo-wordpress\/ -->\n<title>Fallo de los premios taurinos \u2018Pepe Luis V\u00e1zquez\u2019 y \u2018Jos\u00e9 Luis Garc\u00eda Palacios\u2019 de Fundaci\u00f3n Caja Rural del Sur - Fundaci\u00f3n Caja Rural del Sur<\/title>\n<meta name=\"robots\" content=\"index, follow, max-snippet:-1, max-image-preview:large, max-video-preview:-1\" \/>\n<link rel=\"canonical\" href=\"https:\/\/fundacioncajaruraldelsur.com\/pt\/fallo-de-los-premios-taurinos-pepe-luis-vazquez-y-jose-luis-garcia-palacios-de-fundacion-caja-rural-del-sur\/\" \/>\n<meta property=\"og:locale\" content=\"pt_PT\" \/>\n<meta property=\"og:type\" content=\"article\" \/>\n<meta property=\"og:title\" content=\"Fallo de los premios taurinos \u2018Pepe Luis V\u00e1zquez\u2019 y \u2018Jos\u00e9 Luis Garc\u00eda Palacios\u2019 de Fundaci\u00f3n Caja Rural del Sur - Fundaci\u00f3n Caja Rural del Sur\" \/>\n<meta property=\"og:description\" content=\"El matador sevillano Daniel Luque y la ganader\u00eda de Garcigrande han sido los ganadores de la XVII edici\u00f3n de los premios \u2018Pepe Luis V\u00e1zquez\u2019 de la Fundaci\u00f3n de la Caja [&hellip;]\" \/>\n<meta property=\"og:url\" content=\"https:\/\/fundacioncajaruraldelsur.com\/pt\/fallo-de-los-premios-taurinos-pepe-luis-vazquez-y-jose-luis-garcia-palacios-de-fundacion-caja-rural-del-sur\/\" \/>\n<meta property=\"og:site_name\" content=\"Fundaci\u00f3n Caja Rural del Sur\" \/>\n<meta property=\"article:published_time\" content=\"2023-02-15T07:09:06+00:00\" \/>\n<meta property=\"article:modified_time\" content=\"2023-02-15T07:12:20+00:00\" \/>\n<meta property=\"og:image\" content=\"https:\/\/fundacioncajaruraldelsur.com\/wp-content\/uploads\/2023\/02\/230214.-Jurado-de-los-premios-taurinos-de-Caja-Rural-del-Sur.jpg\" \/>\n\t<meta property=\"og:image:width\" content=\"768\" \/>\n\t<meta property=\"og:image:height\" content=\"576\" \/>\n\t<meta property=\"og:image:type\" content=\"image\/jpeg\" \/>\n<meta name=\"author\" content=\"Comunicaci\u00f3n\" \/>\n<meta name=\"twitter:card\" content=\"summary_large_image\" \/>\n<meta name=\"twitter:label1\" content=\"Written by\" \/>\n\t<meta name=\"twitter:data1\" content=\"Comunicaci\u00f3n\" \/>\n\t<meta name=\"twitter:label2\" content=\"Est. reading time\" \/>\n\t<meta name=\"twitter:data2\" content=\"1 minute\" \/>\n<script type=\"application\/ld+json\" class=\"yoast-schema-graph\">{\"@context\":\"https:\\\/\\\/schema.org\",\"@graph\":[{\"@type\":\"Article\",\"@id\":\"https:\\\/\\\/fundacioncajaruraldelsur.com\\\/fallo-de-los-premios-taurinos-pepe-luis-vazquez-y-jose-luis-garcia-palacios-de-fundacion-caja-rural-del-sur\\\/#article\",\"isPartOf\":{\"@id\":\"https:\\\/\\\/fundacioncajaruraldelsur.com\\\/fallo-de-los-premios-taurinos-pepe-luis-vazquez-y-jose-luis-garcia-palacios-de-fundacion-caja-rural-del-sur\\\/\"},\"author\":{\"name\":\"Comunicaci\u00f3n\",\"@id\":\"https:\\\/\\\/fundacioncajaruraldelsur.com\\\/#\\\/schema\\\/person\\\/f430da9fb783d505ff061ad8b3d44577\"},\"headline\":\"Fallo de los premios taurinos \u2018Pepe Luis V\u00e1zquez\u2019 y \u2018Jos\u00e9 Luis Garc\u00eda Palacios\u2019 de Fundaci\u00f3n Caja Rural del Sur\",\"datePublished\":\"2023-02-15T07:09:06+00:00\",\"dateModified\":\"2023-02-15T07:12:20+00:00\",\"mainEntityOfPage\":{\"@id\":\"https:\\\/\\\/fundacioncajaruraldelsur.com\\\/fallo-de-los-premios-taurinos-pepe-luis-vazquez-y-jose-luis-garcia-palacios-de-fundacion-caja-rural-del-sur\\\/\"},\"wordCount\":219,\"image\":{\"@id\":\"https:\\\/\\\/fundacioncajaruraldelsur.com\\\/fallo-de-los-premios-taurinos-pepe-luis-vazquez-y-jose-luis-garcia-palacios-de-fundacion-caja-rural-del-sur\\\/#primaryimage\"},\"thumbnailUrl\":\"https:\\\/\\\/fundacioncajaruraldelsur.com\\\/wp-content\\\/uploads\\\/2023\\\/02\\\/230214.-Jurado-de-los-premios-taurinos-de-Caja-Rural-del-Sur.jpg\",\"articleSection\":[\"Premios\"],\"inLanguage\":\"pt-PT\"},{\"@type\":\"WebPage\",\"@id\":\"https:\\\/\\\/fundacioncajaruraldelsur.com\\\/fallo-de-los-premios-taurinos-pepe-luis-vazquez-y-jose-luis-garcia-palacios-de-fundacion-caja-rural-del-sur\\\/\",\"url\":\"https:\\\/\\\/fundacioncajaruraldelsur.com\\\/fallo-de-los-premios-taurinos-pepe-luis-vazquez-y-jose-luis-garcia-palacios-de-fundacion-caja-rural-del-sur\\\/\",\"name\":\"Fallo de los premios taurinos \u2018Pepe Luis V\u00e1zquez\u2019 y \u2018Jos\u00e9 Luis Garc\u00eda Palacios\u2019 de Fundaci\u00f3n Caja Rural del Sur - Fundaci\u00f3n Caja Rural del Sur\",\"isPartOf\":{\"@id\":\"https:\\\/\\\/fundacioncajaruraldelsur.com\\\/#website\"},\"primaryImageOfPage\":{\"@id\":\"https:\\\/\\\/fundacioncajaruraldelsur.com\\\/fallo-de-los-premios-taurinos-pepe-luis-vazquez-y-jose-luis-garcia-palacios-de-fundacion-caja-rural-del-sur\\\/#primaryimage\"},\"image\":{\"@id\":\"https:\\\/\\\/fundacioncajaruraldelsur.com\\\/fallo-de-los-premios-taurinos-pepe-luis-vazquez-y-jose-luis-garcia-palacios-de-fundacion-caja-rural-del-sur\\\/#primaryimage\"},\"thumbnailUrl\":\"https:\\\/\\\/fundacioncajaruraldelsur.com\\\/wp-content\\\/uploads\\\/2023\\\/02\\\/230214.-Jurado-de-los-premios-taurinos-de-Caja-Rural-del-Sur.jpg\",\"datePublished\":\"2023-02-15T07:09:06+00:00\",\"dateModified\":\"2023-02-15T07:12:20+00:00\",\"author\":{\"@id\":\"https:\\\/\\\/fundacioncajaruraldelsur.com\\\/#\\\/schema\\\/person\\\/f430da9fb783d505ff061ad8b3d44577\"},\"breadcrumb\":{\"@id\":\"https:\\\/\\\/fundacioncajaruraldelsur.com\\\/fallo-de-los-premios-taurinos-pepe-luis-vazquez-y-jose-luis-garcia-palacios-de-fundacion-caja-rural-del-sur\\\/#breadcrumb\"},\"inLanguage\":\"pt-PT\",\"potentialAction\":[{\"@type\":\"ReadAction\",\"target\":[\"https:\\\/\\\/fundacioncajaruraldelsur.com\\\/fallo-de-los-premios-taurinos-pepe-luis-vazquez-y-jose-luis-garcia-palacios-de-fundacion-caja-rural-del-sur\\\/\"]}]},{\"@type\":\"ImageObject\",\"inLanguage\":\"pt-PT\",\"@id\":\"https:\\\/\\\/fundacioncajaruraldelsur.com\\\/fallo-de-los-premios-taurinos-pepe-luis-vazquez-y-jose-luis-garcia-palacios-de-fundacion-caja-rural-del-sur\\\/#primaryimage\",\"url\":\"https:\\\/\\\/fundacioncajaruraldelsur.com\\\/wp-content\\\/uploads\\\/2023\\\/02\\\/230214.-Jurado-de-los-premios-taurinos-de-Caja-Rural-del-Sur.jpg\",\"contentUrl\":\"https:\\\/\\\/fundacioncajaruraldelsur.com\\\/wp-content\\\/uploads\\\/2023\\\/02\\\/230214.-Jurado-de-los-premios-taurinos-de-Caja-Rural-del-Sur.jpg\",\"width\":768,\"height\":576},{\"@type\":\"BreadcrumbList\",\"@id\":\"https:\\\/\\\/fundacioncajaruraldelsur.com\\\/fallo-de-los-premios-taurinos-pepe-luis-vazquez-y-jose-luis-garcia-palacios-de-fundacion-caja-rural-del-sur\\\/#breadcrumb\",\"itemListElement\":[{\"@type\":\"ListItem\",\"position\":1,\"name\":\"Portada\",\"item\":\"https:\\\/\\\/fundacioncajaruraldelsur.com\\\/\"},{\"@type\":\"ListItem\",\"position\":2,\"name\":\"Fallo de los premios taurinos \u2018Pepe Luis V\u00e1zquez\u2019 y \u2018Jos\u00e9 Luis Garc\u00eda Palacios\u2019 de Fundaci\u00f3n Caja Rural del Sur\"}]},{\"@type\":\"WebSite\",\"@id\":\"https:\\\/\\\/fundacioncajaruraldelsur.com\\\/#website\",\"url\":\"https:\\\/\\\/fundacioncajaruraldelsur.com\\\/\",\"name\":\"Fundaci\u00f3n Caja Rural del Sur\",\"description\":\"\",\"potentialAction\":[{\"@type\":\"SearchAction\",\"target\":{\"@type\":\"EntryPoint\",\"urlTemplate\":\"https:\\\/\\\/fundacioncajaruraldelsur.com\\\/?s={search_term_string}\"},\"query-input\":{\"@type\":\"PropertyValueSpecification\",\"valueRequired\":true,\"valueName\":\"search_term_string\"}}],\"inLanguage\":\"pt-PT\"},{\"@type\":\"Person\",\"@id\":\"https:\\\/\\\/fundacioncajaruraldelsur.com\\\/#\\\/schema\\\/person\\\/f430da9fb783d505ff061ad8b3d44577\",\"name\":\"Comunicaci\u00f3n\",\"image\":{\"@type\":\"ImageObject\",\"inLanguage\":\"pt-PT\",\"@id\":\"https:\\\/\\\/secure.gravatar.com\\\/avatar\\\/0dca239875993680bac4603ad2de7942da018f52cc3a244578e0b3b09314a8d8?s=96&d=blank&r=g\",\"url\":\"https:\\\/\\\/secure.gravatar.com\\\/avatar\\\/0dca239875993680bac4603ad2de7942da018f52cc3a244578e0b3b09314a8d8?s=96&d=blank&r=g\",\"contentUrl\":\"https:\\\/\\\/secure.gravatar.com\\\/avatar\\\/0dca239875993680bac4603ad2de7942da018f52cc3a244578e0b3b09314a8d8?s=96&d=blank&r=g\",\"caption\":\"Comunicaci\u00f3n\"}}]}<\/script>\n<!-- \/ Yoast SEO plugin. -->","yoast_head_json":{"title":"Fallo de los premios taurinos \u2018Pepe Luis V\u00e1zquez\u2019 y \u2018Jos\u00e9 Luis Garc\u00eda Palacios\u2019 de Fundaci\u00f3n Caja Rural del Sur - Fundaci\u00f3n Caja Rural del Sur","robots":{"index":"index","follow":"follow","max-snippet":"max-snippet:-1","max-image-preview":"max-image-preview:large","max-video-preview":"max-video-preview:-1"},"canonical":"https:\/\/fundacioncajaruraldelsur.com\/pt\/fallo-de-los-premios-taurinos-pepe-luis-vazquez-y-jose-luis-garcia-palacios-de-fundacion-caja-rural-del-sur\/","og_locale":"pt_PT","og_type":"article","og_title":"Fallo de los premios taurinos \u2018Pepe Luis V\u00e1zquez\u2019 y \u2018Jos\u00e9 Luis Garc\u00eda Palacios\u2019 de Fundaci\u00f3n Caja Rural del Sur - Fundaci\u00f3n Caja Rural del Sur","og_description":"El matador sevillano Daniel Luque y la ganader\u00eda de Garcigrande han sido los ganadores de la XVII edici\u00f3n de los premios \u2018Pepe Luis V\u00e1zquez\u2019 de la Fundaci\u00f3n de la Caja [&hellip;]","og_url":"https:\/\/fundacioncajaruraldelsur.com\/pt\/fallo-de-los-premios-taurinos-pepe-luis-vazquez-y-jose-luis-garcia-palacios-de-fundacion-caja-rural-del-sur\/","og_site_name":"Fundaci\u00f3n Caja Rural del Sur","article_published_time":"2023-02-15T07:09:06+00:00","article_modified_time":"2023-02-15T07:12:20+00:00","og_image":[{"width":768,"height":576,"url":"https:\/\/fundacioncajaruraldelsur.com\/wp-content\/uploads\/2023\/02\/230214.-Jurado-de-los-premios-taurinos-de-Caja-Rural-del-Sur.jpg","type":"image\/jpeg"}],"author":"Comunicaci\u00f3n","twitter_card":"summary_large_image","twitter_misc":{"Written by":"Comunicaci\u00f3n","Est. reading time":"1 minute"},"schema":{"@context":"https:\/\/schema.org","@graph":[{"@type":"Article","@id":"https:\/\/fundacioncajaruraldelsur.com\/fallo-de-los-premios-taurinos-pepe-luis-vazquez-y-jose-luis-garcia-palacios-de-fundacion-caja-rural-del-sur\/#article","isPartOf":{"@id":"https:\/\/fundacioncajaruraldelsur.com\/fallo-de-los-premios-taurinos-pepe-luis-vazquez-y-jose-luis-garcia-palacios-de-fundacion-caja-rural-del-sur\/"},"author":{"name":"Comunicaci\u00f3n","@id":"https:\/\/fundacioncajaruraldelsur.com\/#\/schema\/person\/f430da9fb783d505ff061ad8b3d44577"},"headline":"Fallo de los premios taurinos \u2018Pepe Luis V\u00e1zquez\u2019 y \u2018Jos\u00e9 Luis Garc\u00eda Palacios\u2019 de Fundaci\u00f3n Caja Rural del Sur","datePublished":"2023-02-15T07:09:06+00:00","dateModified":"2023-02-15T07:12:20+00:00","mainEntityOfPage":{"@id":"https:\/\/fundacioncajaruraldelsur.com\/fallo-de-los-premios-taurinos-pepe-luis-vazquez-y-jose-luis-garcia-palacios-de-fundacion-caja-rural-del-sur\/"},"wordCount":219,"image":{"@id":"https:\/\/fundacioncajaruraldelsur.com\/fallo-de-los-premios-taurinos-pepe-luis-vazquez-y-jose-luis-garcia-palacios-de-fundacion-caja-rural-del-sur\/#primaryimage"},"thumbnailUrl":"https:\/\/fundacioncajaruraldelsur.com\/wp-content\/uploads\/2023\/02\/230214.-Jurado-de-los-premios-taurinos-de-Caja-Rural-del-Sur.jpg","articleSection":["Premios"],"inLanguage":"pt-PT"},{"@type":"WebPage","@id":"https:\/\/fundacioncajaruraldelsur.com\/fallo-de-los-premios-taurinos-pepe-luis-vazquez-y-jose-luis-garcia-palacios-de-fundacion-caja-rural-del-sur\/","url":"https:\/\/fundacioncajaruraldelsur.com\/fallo-de-los-premios-taurinos-pepe-luis-vazquez-y-jose-luis-garcia-palacios-de-fundacion-caja-rural-del-sur\/","name":"Fallo de los premios taurinos \u2018Pepe Luis V\u00e1zquez\u2019 y \u2018Jos\u00e9 Luis Garc\u00eda Palacios\u2019 de Fundaci\u00f3n Caja Rural del Sur - Fundaci\u00f3n Caja Rural del Sur","isPartOf":{"@id":"https:\/\/fundacioncajaruraldelsur.com\/#website"},"primaryImageOfPage":{"@id":"https:\/\/fundacioncajaruraldelsur.com\/fallo-de-los-premios-taurinos-pepe-luis-vazquez-y-jose-luis-garcia-palacios-de-fundacion-caja-rural-del-sur\/#primaryimage"},"image":{"@id":"https:\/\/fundacioncajaruraldelsur.com\/fallo-de-los-premios-taurinos-pepe-luis-vazquez-y-jose-luis-garcia-palacios-de-fundacion-caja-rural-del-sur\/#primaryimage"},"thumbnailUrl":"https:\/\/fundacioncajaruraldelsur.com\/wp-content\/uploads\/2023\/02\/230214.-Jurado-de-los-premios-taurinos-de-Caja-Rural-del-Sur.jpg","datePublished":"2023-02-15T07:09:06+00:00","dateModified":"2023-02-15T07:12:20+00:00","author":{"@id":"https:\/\/fundacioncajaruraldelsur.com\/#\/schema\/person\/f430da9fb783d505ff061ad8b3d44577"},"breadcrumb":{"@id":"https:\/\/fundacioncajaruraldelsur.com\/fallo-de-los-premios-taurinos-pepe-luis-vazquez-y-jose-luis-garcia-palacios-de-fundacion-caja-rural-del-sur\/#breadcrumb"},"inLanguage":"pt-PT","potentialAction":[{"@type":"ReadAction","target":["https:\/\/fundacioncajaruraldelsur.com\/fallo-de-los-premios-taurinos-pepe-luis-vazquez-y-jose-luis-garcia-palacios-de-fundacion-caja-rural-del-sur\/"]}]},{"@type":"ImageObject","inLanguage":"pt-PT","@id":"https:\/\/fundacioncajaruraldelsur.com\/fallo-de-los-premios-taurinos-pepe-luis-vazquez-y-jose-luis-garcia-palacios-de-fundacion-caja-rural-del-sur\/#primaryimage","url":"https:\/\/fundacioncajaruraldelsur.com\/wp-content\/uploads\/2023\/02\/230214.-Jurado-de-los-premios-taurinos-de-Caja-Rural-del-Sur.jpg","contentUrl":"https:\/\/fundacioncajaruraldelsur.com\/wp-content\/uploads\/2023\/02\/230214.-Jurado-de-los-premios-taurinos-de-Caja-Rural-del-Sur.jpg","width":768,"height":576},{"@type":"BreadcrumbList","@id":"https:\/\/fundacioncajaruraldelsur.com\/fallo-de-los-premios-taurinos-pepe-luis-vazquez-y-jose-luis-garcia-palacios-de-fundacion-caja-rural-del-sur\/#breadcrumb","itemListElement":[{"@type":"ListItem","position":1,"name":"Portada","item":"https:\/\/fundacioncajaruraldelsur.com\/"},{"@type":"ListItem","position":2,"name":"Fallo de los premios taurinos \u2018Pepe Luis V\u00e1zquez\u2019 y \u2018Jos\u00e9 Luis Garc\u00eda Palacios\u2019 de Fundaci\u00f3n Caja Rural del Sur"}]},{"@type":"WebSite","@id":"https:\/\/fundacioncajaruraldelsur.com\/#website","url":"https:\/\/fundacioncajaruraldelsur.com\/","name":"Funda\u00e7\u00e3o Caja Rural del Sur","description":"","potentialAction":[{"@type":"SearchAction","target":{"@type":"EntryPoint","urlTemplate":"https:\/\/fundacioncajaruraldelsur.com\/?s={search_term_string}"},"query-input":{"@type":"PropertyValueSpecification","valueRequired":true,"valueName":"search_term_string"}}],"inLanguage":"pt-PT"},{"@type":"Person","@id":"https:\/\/fundacioncajaruraldelsur.com\/#\/schema\/person\/f430da9fb783d505ff061ad8b3d44577","name":"Comunicaci\u00f3n","image":{"@type":"ImageObject","inLanguage":"pt-PT","@id":"https:\/\/secure.gravatar.com\/avatar\/0dca239875993680bac4603ad2de7942da018f52cc3a244578e0b3b09314a8d8?s=96&d=blank&r=g","url":"https:\/\/secure.gravatar.com\/avatar\/0dca239875993680bac4603ad2de7942da018f52cc3a244578e0b3b09314a8d8?s=96&d=blank&r=g","contentUrl":"https:\/\/secure.gravatar.com\/avatar\/0dca239875993680bac4603ad2de7942da018f52cc3a244578e0b3b09314a8d8?s=96&d=blank&r=g","caption":"Comunicaci\u00f3n"}}]}},"rttpg_featured_image_url":{"full":["https:\/\/fundacioncajaruraldelsur.com\/wp-content\/uploads\/2023\/02\/230214.-Jurado-de-los-premios-taurinos-de-Caja-Rural-del-Sur.jpg",768,576,false],"landscape":["https:\/\/fundacioncajaruraldelsur.com\/wp-content\/uploads\/2023\/02\/230214.-Jurado-de-los-premios-taurinos-de-Caja-Rural-del-Sur.jpg",768,576,false],"portraits":["https:\/\/fundacioncajaruraldelsur.com\/wp-content\/uploads\/2023\/02\/230214.-Jurado-de-los-premios-taurinos-de-Caja-Rural-del-Sur.jpg",768,576,false],"thumbnail":["https:\/\/fundacioncajaruraldelsur.com\/wp-content\/uploads\/2023\/02\/230214.-Jurado-de-los-premios-taurinos-de-Caja-Rural-del-Sur-150x150.jpg",150,150,true],"medium":["https:\/\/fundacioncajaruraldelsur.com\/wp-content\/uploads\/2023\/02\/230214.-Jurado-de-los-premios-taurinos-de-Caja-Rural-del-Sur-300x225.jpg",300,225,true],"large":["https:\/\/fundacioncajaruraldelsur.com\/wp-content\/uploads\/2023\/02\/230214.-Jurado-de-los-premios-taurinos-de-Caja-Rural-del-Sur.jpg",768,576,false],"1536x1536":["https:\/\/fundacioncajaruraldelsur.com\/wp-content\/uploads\/2023\/02\/230214.-Jurado-de-los-premios-taurinos-de-Caja-Rural-del-Sur.jpg",768,576,false],"2048x2048":["https:\/\/fundacioncajaruraldelsur.com\/wp-content\/uploads\/2023\/02\/230214.-Jurado-de-los-premios-taurinos-de-Caja-Rural-del-Sur.jpg",768,576,false],"trp-custom-language-flag":["https:\/\/fundacioncajaruraldelsur.com\/wp-content\/uploads\/2023\/02\/230214.-Jurado-de-los-premios-taurinos-de-Caja-Rural-del-Sur.jpg",16,12,false],"blog-thumbnail":["https:\/\/fundacioncajaruraldelsur.com\/wp-content\/uploads\/2023\/02\/230214.-Jurado-de-los-premios-taurinos-de-Caja-Rural-del-Sur-400x200.jpg",400,200,true]},"rttpg_author":{"display_name":"Comunicaci\u00f3n","author_link":"https:\/\/fundacioncajaruraldelsur.com\/pt\/author\/sevillaadmin\/"},"rttpg_comment":0,"rttpg_category":"<a href=\"https:\/\/fundacioncajaruraldelsur.com\/pt\/category\/premios\/\" rel=\"category tag\">Premios<\/a>","rttpg_excerpt":"El matador sevillano Daniel Luque y la ganader\u00eda de Garcigrande han sido los ganadores de la XVII edici\u00f3n de los premios \u2018Pepe Luis V\u00e1zquez\u2019 de la Fundaci\u00f3n de la Caja [&hellip;]","_links":{"self":[{"href":"https:\/\/fundacioncajaruraldelsur.com\/pt\/wp-json\/wp\/v2\/posts\/8556","targetHints":{"allow":["GET"]}}],"collection":[{"href":"https:\/\/fundacioncajaruraldelsur.com\/pt\/wp-json\/wp\/v2\/posts"}],"about":[{"href":"https:\/\/fundacioncajaruraldelsur.com\/pt\/wp-json\/wp\/v2\/types\/post"}],"author":[{"embeddable":true,"href":"https:\/\/fundacioncajaruraldelsur.com\/pt\/wp-json\/wp\/v2\/users\/6"}],"replies":[{"embeddable":true,"href":"https:\/\/fundacioncajaruraldelsur.com\/pt\/wp-json\/wp\/v2\/comments?post=8556"}],"version-history":[{"count":1,"href":"https:\/\/fundacioncajaruraldelsur.com\/pt\/wp-json\/wp\/v2\/posts\/8556\/revisions"}],"predecessor-version":[{"id":8558,"href":"https:\/\/fundacioncajaruraldelsur.com\/pt\/wp-json\/wp\/v2\/posts\/8556\/revisions\/8558"}],"wp:featuredmedia":[{"embeddable":true,"href":"https:\/\/fundacioncajaruraldelsur.com\/pt\/wp-json\/wp\/v2\/media\/8557"}],"wp:attachment":[{"href":"https:\/\/fundacioncajaruraldelsur.com\/pt\/wp-json\/wp\/v2\/media?parent=8556"}],"wp:term":[{"taxonomy":"category","embeddable":true,"href":"https:\/\/fundacioncajaruraldelsur.com\/pt\/wp-json\/wp\/v2\/categories?post=8556"},{"taxonomy":"post_tag","embeddable":true,"href":"https:\/\/fundacioncajaruraldelsur.com\/pt\/wp-json\/wp\/v2\/tags?post=8556"}],"curies":[{"name":"wp","href":"https:\/\/api.w.org\/{rel}","templated":true}]}}