{"id":8493,"date":"2023-02-04T12:57:15","date_gmt":"2023-02-04T11:57:15","guid":{"rendered":"\/?p=8493"},"modified":"2023-02-08T08:35:58","modified_gmt":"2023-02-08T07:35:58","slug":"expoicion-de-pilar-barroso-en-la-fundacion-caja-rural-del-sur-huelva","status":"publish","type":"post","link":"https:\/\/fundacioncajaruraldelsur.com\/pt\/expoicion-de-pilar-barroso-en-la-fundacion-caja-rural-del-sur-huelva\/","title":{"rendered":"Exposici\u00f3n de Pilar Barroso en la Fundaci\u00f3n Caja Rural del Sur de Huelva"},"content":{"rendered":"<p>Pilar Barroso expone con el t\u00edtulo de \u2018Paisajes\u2019, desde el lunes, d\u00eda 6 de febrero, en la sala de exposiciones del Centro Cultural \u2018Jos\u00e9 Luis Garc\u00eda Palacios\u2019 de la Fundaci\u00f3n Caja Rural del Sur, en la calle Mora Claros, 6-8 (antigua calle Botica). El acto de inauguraci\u00f3n de la muestra ser\u00e1 a las 20:00 horas y forma parte del ciclo que desde Fundaci\u00f3n Caja Rural del Sur se dedica a las artes pl\u00e1sticas. Estar\u00e1 abierta hasta el d\u00eda 2 de marzo.<\/p>\n<p>Formada en el taller del escultor Le\u00f3n Ortega y el pintor Pedro G\u00f3mez, donde coincidi\u00f3 con alumnos como Jos\u00e9 Maria Franco o Juan Manuel Seisdedos, Pilar Barroso pudo aprender en ese espacio conocido como Academia San Crist\u00f3bal por la calle donde se emplazaba, una vez desaparecida la Escuela de Bellas Artes de Huelva en los a\u00f1os cuarenta. All\u00ed conoci\u00f3 a maestros como Ordu\u00f1a Castellano, Mart\u00ednez Coto o Manuel Moreno D\u00edaz, e intelectuales como Adriano del Valle, Curro Garfias, Enrique Montenegro y Rogelio Buend\u00eda, de quienes pudo aprender adem\u00e1s de las t\u00e9cnicas los rudimentos espirituales del arte. Ya en Madrid, en la Real Academia de Bellas Artes de San Fernando entablar\u00eda relaci\u00f3n con artistas pl\u00e1sticos que ser\u00edan fundamentales para entender su evoluci\u00f3n pict\u00f3rica, desde Waldo Aguiar, en cuyo estudio trabaja, hasta Daniel V\u00e1zquez D\u00edaz, con quien mantiene una estrecha y larga relaci\u00f3n en sus a\u00f1os matritenses. Regresa a Huelva y conoce la obra de Esperanza Abot, artista de ascendencia francesa nacida en esta ciudad y formada en Londres y Par\u00eds, donde se relaciona con los postimpresionistas e influida por Cezanne o Gauguin. Poco tiempo permanece Pilar Barroso en Huelva, pues decide armarse de caballete, pinceles y pinturas para iniciar una aventura por Europa que le lleva a residir en Munich, desde donde se desplaza a los museos m\u00e1s importantes del viejo continente, ansiosa por conocer la obra de los grandes maestros. A finales de los a\u00f1os setenta regresa a una Huelva ya muy cambiada. Puede en consecuencia permanecer en Huelva y dedicada por completo a la pintura, tal como se atrevieran a hacer extraordinarios pintores como Esperanza Abot o su amigo Juan Manuel Seisdedos, lejos de galeristas, marchantes y otros condicionantes de la creaci\u00f3n art\u00edstica.<\/p>\n<p>La \u00faltima producci\u00f3n de Pilar Barroso, anticipada en la retrospectiva con la que el Museo de Huelva reconoc\u00eda la trayectoria de la artista onubense en el invierno de 2013-2014, consta de una serie de paisajes que resumen la obra de una artista plenamente instalada en su tiempo. Dir\u00edase que reci\u00e9n salida Academia de Bellas Artes del madrile\u00f1o palacio de Goyeneche. Una pincelada exacta y muy personal, composiciones medidas en el estudio, pero vividas en los paisajes de su tierra, y la intenci\u00f3n de impresionar al espectador de su obra, quiz\u00e1s recordando sus inicios en un taller donde hab\u00eda llegado a principios del pasado siglo, algo tarde y desvanecido el impresionismo, un estilo art\u00edstico que luego Pilar Barroso pudo conocer y reconocer, tanto en sus a\u00f1os de formaci\u00f3n universitaria como en su posterior y larga estada europea.<\/p>\n<p>La obra que la artista onubense presenta en el Centro Cultual Jos\u00e9 Luis Garc\u00eda Palacios est\u00e1 centrada en su producci\u00f3n de los \u00faltimos diez a\u00f1os. Son estampas vividas en pleno campo y luego pasadas al lienzo con la exactitud y la plenitud que pueden ejecutar aquellas personas con un dominio del l\u00e1piz sobresaliente. En esa habilidad, que le hizo sobresalir en su \u00e9poca de estudiante, fundamenta Pilar Barroso su pintura, su discurso, su visi\u00f3n de unos paisajes en los que el color es fuente de reflexi\u00f3n para la propia artista, pero tambi\u00e9n para quienes se atreven a observar m\u00e1s all\u00e1 de lo puramente figurativo, las sensaciones, la impresi\u00f3n, que un momento de reflexi\u00f3n ante lo que nos rodea puede llegar a conmovernos.-<\/p>\n<p>&nbsp;<\/p>\n<p>&nbsp;<\/p>\n<p><strong>\u00a0<\/strong><\/p>","protected":false},"excerpt":{"rendered":"<p>Pilar Barroso expone con el t\u00edtulo de \u2018Paisajes\u2019, desde el lunes, d\u00eda 6 de febrero, en la sala de exposiciones del Centro Cultural \u2018Jos\u00e9 Luis Garc\u00eda Palacios\u2019 de la Fundaci\u00f3n [&hellip;]<\/p>\n","protected":false},"author":6,"featured_media":8494,"comment_status":"closed","ping_status":"closed","sticky":false,"template":"","format":"standard","meta":{"footnotes":""},"categories":[82],"tags":[],"class_list":["post-8493","post","type-post","status-publish","format-standard","has-post-thumbnail","hentry","category-exposiciones"],"yoast_head":"<!-- This site is optimized with the Yoast SEO plugin v27.3 - https:\/\/yoast.com\/product\/yoast-seo-wordpress\/ -->\n<title>Exposici\u00f3n de Pilar Barroso en la Fundaci\u00f3n Caja Rural del Sur de Huelva - Fundaci\u00f3n Caja Rural del Sur<\/title>\n<meta name=\"robots\" content=\"index, follow, max-snippet:-1, max-image-preview:large, max-video-preview:-1\" \/>\n<link rel=\"canonical\" href=\"https:\/\/fundacioncajaruraldelsur.com\/pt\/expoicion-de-pilar-barroso-en-la-fundacion-caja-rural-del-sur-huelva\/\" \/>\n<meta property=\"og:locale\" content=\"pt_PT\" \/>\n<meta property=\"og:type\" content=\"article\" \/>\n<meta property=\"og:title\" content=\"Exposici\u00f3n de Pilar Barroso en la Fundaci\u00f3n Caja Rural del Sur de Huelva - Fundaci\u00f3n Caja Rural del Sur\" \/>\n<meta property=\"og:description\" content=\"Pilar Barroso expone con el t\u00edtulo de \u2018Paisajes\u2019, desde el lunes, d\u00eda 6 de febrero, en la sala de exposiciones del Centro Cultural \u2018Jos\u00e9 Luis Garc\u00eda Palacios\u2019 de la Fundaci\u00f3n [&hellip;]\" \/>\n<meta property=\"og:url\" content=\"https:\/\/fundacioncajaruraldelsur.com\/pt\/expoicion-de-pilar-barroso-en-la-fundacion-caja-rural-del-sur-huelva\/\" \/>\n<meta property=\"og:site_name\" content=\"Fundaci\u00f3n Caja Rural del Sur\" \/>\n<meta property=\"article:published_time\" content=\"2023-02-04T11:57:15+00:00\" \/>\n<meta property=\"article:modified_time\" content=\"2023-02-08T07:35:58+00:00\" \/>\n<meta property=\"og:image\" content=\"https:\/\/fundacioncajaruraldelsur.com\/wp-content\/uploads\/2023\/02\/230204.-Una-de-las-obras-que-se-mostraran-en-la-exposicion-de-Pilar-Barroso-scaled.jpg\" \/>\n\t<meta property=\"og:image:width\" content=\"2560\" \/>\n\t<meta property=\"og:image:height\" content=\"1944\" \/>\n\t<meta property=\"og:image:type\" content=\"image\/jpeg\" \/>\n<meta name=\"author\" content=\"Comunicaci\u00f3n\" \/>\n<meta name=\"twitter:card\" content=\"summary_large_image\" \/>\n<meta name=\"twitter:label1\" content=\"Written by\" \/>\n\t<meta name=\"twitter:data1\" content=\"Comunicaci\u00f3n\" \/>\n\t<meta name=\"twitter:label2\" content=\"Est. reading time\" \/>\n\t<meta name=\"twitter:data2\" content=\"3 minutes\" \/>\n<script type=\"application\/ld+json\" class=\"yoast-schema-graph\">{\"@context\":\"https:\\\/\\\/schema.org\",\"@graph\":[{\"@type\":\"Article\",\"@id\":\"https:\\\/\\\/fundacioncajaruraldelsur.com\\\/expoicion-de-pilar-barroso-en-la-fundacion-caja-rural-del-sur-huelva\\\/#article\",\"isPartOf\":{\"@id\":\"https:\\\/\\\/fundacioncajaruraldelsur.com\\\/expoicion-de-pilar-barroso-en-la-fundacion-caja-rural-del-sur-huelva\\\/\"},\"author\":{\"name\":\"Comunicaci\u00f3n\",\"@id\":\"https:\\\/\\\/fundacioncajaruraldelsur.com\\\/#\\\/schema\\\/person\\\/f430da9fb783d505ff061ad8b3d44577\"},\"headline\":\"Exposici\u00f3n de Pilar Barroso en la Fundaci\u00f3n Caja Rural del Sur de Huelva\",\"datePublished\":\"2023-02-04T11:57:15+00:00\",\"dateModified\":\"2023-02-08T07:35:58+00:00\",\"mainEntityOfPage\":{\"@id\":\"https:\\\/\\\/fundacioncajaruraldelsur.com\\\/expoicion-de-pilar-barroso-en-la-fundacion-caja-rural-del-sur-huelva\\\/\"},\"wordCount\":692,\"image\":{\"@id\":\"https:\\\/\\\/fundacioncajaruraldelsur.com\\\/expoicion-de-pilar-barroso-en-la-fundacion-caja-rural-del-sur-huelva\\\/#primaryimage\"},\"thumbnailUrl\":\"https:\\\/\\\/fundacioncajaruraldelsur.com\\\/wp-content\\\/uploads\\\/2023\\\/02\\\/230204.-Una-de-las-obras-que-se-mostraran-en-la-exposicion-de-Pilar-Barroso-scaled.jpg\",\"articleSection\":[\"Exposiciones\"],\"inLanguage\":\"pt-PT\"},{\"@type\":\"WebPage\",\"@id\":\"https:\\\/\\\/fundacioncajaruraldelsur.com\\\/expoicion-de-pilar-barroso-en-la-fundacion-caja-rural-del-sur-huelva\\\/\",\"url\":\"https:\\\/\\\/fundacioncajaruraldelsur.com\\\/expoicion-de-pilar-barroso-en-la-fundacion-caja-rural-del-sur-huelva\\\/\",\"name\":\"Exposici\u00f3n de Pilar Barroso en la Fundaci\u00f3n Caja Rural del Sur de Huelva - Fundaci\u00f3n Caja Rural del Sur\",\"isPartOf\":{\"@id\":\"https:\\\/\\\/fundacioncajaruraldelsur.com\\\/#website\"},\"primaryImageOfPage\":{\"@id\":\"https:\\\/\\\/fundacioncajaruraldelsur.com\\\/expoicion-de-pilar-barroso-en-la-fundacion-caja-rural-del-sur-huelva\\\/#primaryimage\"},\"image\":{\"@id\":\"https:\\\/\\\/fundacioncajaruraldelsur.com\\\/expoicion-de-pilar-barroso-en-la-fundacion-caja-rural-del-sur-huelva\\\/#primaryimage\"},\"thumbnailUrl\":\"https:\\\/\\\/fundacioncajaruraldelsur.com\\\/wp-content\\\/uploads\\\/2023\\\/02\\\/230204.-Una-de-las-obras-que-se-mostraran-en-la-exposicion-de-Pilar-Barroso-scaled.jpg\",\"datePublished\":\"2023-02-04T11:57:15+00:00\",\"dateModified\":\"2023-02-08T07:35:58+00:00\",\"author\":{\"@id\":\"https:\\\/\\\/fundacioncajaruraldelsur.com\\\/#\\\/schema\\\/person\\\/f430da9fb783d505ff061ad8b3d44577\"},\"breadcrumb\":{\"@id\":\"https:\\\/\\\/fundacioncajaruraldelsur.com\\\/expoicion-de-pilar-barroso-en-la-fundacion-caja-rural-del-sur-huelva\\\/#breadcrumb\"},\"inLanguage\":\"pt-PT\",\"potentialAction\":[{\"@type\":\"ReadAction\",\"target\":[\"https:\\\/\\\/fundacioncajaruraldelsur.com\\\/expoicion-de-pilar-barroso-en-la-fundacion-caja-rural-del-sur-huelva\\\/\"]}]},{\"@type\":\"ImageObject\",\"inLanguage\":\"pt-PT\",\"@id\":\"https:\\\/\\\/fundacioncajaruraldelsur.com\\\/expoicion-de-pilar-barroso-en-la-fundacion-caja-rural-del-sur-huelva\\\/#primaryimage\",\"url\":\"https:\\\/\\\/fundacioncajaruraldelsur.com\\\/wp-content\\\/uploads\\\/2023\\\/02\\\/230204.-Una-de-las-obras-que-se-mostraran-en-la-exposicion-de-Pilar-Barroso-scaled.jpg\",\"contentUrl\":\"https:\\\/\\\/fundacioncajaruraldelsur.com\\\/wp-content\\\/uploads\\\/2023\\\/02\\\/230204.-Una-de-las-obras-que-se-mostraran-en-la-exposicion-de-Pilar-Barroso-scaled.jpg\",\"width\":2560,\"height\":1944},{\"@type\":\"BreadcrumbList\",\"@id\":\"https:\\\/\\\/fundacioncajaruraldelsur.com\\\/expoicion-de-pilar-barroso-en-la-fundacion-caja-rural-del-sur-huelva\\\/#breadcrumb\",\"itemListElement\":[{\"@type\":\"ListItem\",\"position\":1,\"name\":\"Portada\",\"item\":\"https:\\\/\\\/fundacioncajaruraldelsur.com\\\/\"},{\"@type\":\"ListItem\",\"position\":2,\"name\":\"Exposici\u00f3n de Pilar Barroso en la Fundaci\u00f3n Caja Rural del Sur de Huelva\"}]},{\"@type\":\"WebSite\",\"@id\":\"https:\\\/\\\/fundacioncajaruraldelsur.com\\\/#website\",\"url\":\"https:\\\/\\\/fundacioncajaruraldelsur.com\\\/\",\"name\":\"Fundaci\u00f3n Caja Rural del Sur\",\"description\":\"\",\"potentialAction\":[{\"@type\":\"SearchAction\",\"target\":{\"@type\":\"EntryPoint\",\"urlTemplate\":\"https:\\\/\\\/fundacioncajaruraldelsur.com\\\/?s={search_term_string}\"},\"query-input\":{\"@type\":\"PropertyValueSpecification\",\"valueRequired\":true,\"valueName\":\"search_term_string\"}}],\"inLanguage\":\"pt-PT\"},{\"@type\":\"Person\",\"@id\":\"https:\\\/\\\/fundacioncajaruraldelsur.com\\\/#\\\/schema\\\/person\\\/f430da9fb783d505ff061ad8b3d44577\",\"name\":\"Comunicaci\u00f3n\",\"image\":{\"@type\":\"ImageObject\",\"inLanguage\":\"pt-PT\",\"@id\":\"https:\\\/\\\/secure.gravatar.com\\\/avatar\\\/0dca239875993680bac4603ad2de7942da018f52cc3a244578e0b3b09314a8d8?s=96&d=blank&r=g\",\"url\":\"https:\\\/\\\/secure.gravatar.com\\\/avatar\\\/0dca239875993680bac4603ad2de7942da018f52cc3a244578e0b3b09314a8d8?s=96&d=blank&r=g\",\"contentUrl\":\"https:\\\/\\\/secure.gravatar.com\\\/avatar\\\/0dca239875993680bac4603ad2de7942da018f52cc3a244578e0b3b09314a8d8?s=96&d=blank&r=g\",\"caption\":\"Comunicaci\u00f3n\"}}]}<\/script>\n<!-- \/ Yoast SEO plugin. -->","yoast_head_json":{"title":"Exposici\u00f3n de Pilar Barroso en la Fundaci\u00f3n Caja Rural del Sur de Huelva - Fundaci\u00f3n Caja Rural del Sur","robots":{"index":"index","follow":"follow","max-snippet":"max-snippet:-1","max-image-preview":"max-image-preview:large","max-video-preview":"max-video-preview:-1"},"canonical":"https:\/\/fundacioncajaruraldelsur.com\/pt\/expoicion-de-pilar-barroso-en-la-fundacion-caja-rural-del-sur-huelva\/","og_locale":"pt_PT","og_type":"article","og_title":"Exposici\u00f3n de Pilar Barroso en la Fundaci\u00f3n Caja Rural del Sur de Huelva - Fundaci\u00f3n Caja Rural del Sur","og_description":"Pilar Barroso expone con el t\u00edtulo de \u2018Paisajes\u2019, desde el lunes, d\u00eda 6 de febrero, en la sala de exposiciones del Centro Cultural \u2018Jos\u00e9 Luis Garc\u00eda Palacios\u2019 de la Fundaci\u00f3n [&hellip;]","og_url":"https:\/\/fundacioncajaruraldelsur.com\/pt\/expoicion-de-pilar-barroso-en-la-fundacion-caja-rural-del-sur-huelva\/","og_site_name":"Fundaci\u00f3n Caja Rural del Sur","article_published_time":"2023-02-04T11:57:15+00:00","article_modified_time":"2023-02-08T07:35:58+00:00","og_image":[{"width":2560,"height":1944,"url":"https:\/\/fundacioncajaruraldelsur.com\/wp-content\/uploads\/2023\/02\/230204.-Una-de-las-obras-que-se-mostraran-en-la-exposicion-de-Pilar-Barroso-scaled.jpg","type":"image\/jpeg"}],"author":"Comunicaci\u00f3n","twitter_card":"summary_large_image","twitter_misc":{"Written by":"Comunicaci\u00f3n","Est. reading time":"3 minutes"},"schema":{"@context":"https:\/\/schema.org","@graph":[{"@type":"Article","@id":"https:\/\/fundacioncajaruraldelsur.com\/expoicion-de-pilar-barroso-en-la-fundacion-caja-rural-del-sur-huelva\/#article","isPartOf":{"@id":"https:\/\/fundacioncajaruraldelsur.com\/expoicion-de-pilar-barroso-en-la-fundacion-caja-rural-del-sur-huelva\/"},"author":{"name":"Comunicaci\u00f3n","@id":"https:\/\/fundacioncajaruraldelsur.com\/#\/schema\/person\/f430da9fb783d505ff061ad8b3d44577"},"headline":"Exposici\u00f3n de Pilar Barroso en la Fundaci\u00f3n Caja Rural del Sur de Huelva","datePublished":"2023-02-04T11:57:15+00:00","dateModified":"2023-02-08T07:35:58+00:00","mainEntityOfPage":{"@id":"https:\/\/fundacioncajaruraldelsur.com\/expoicion-de-pilar-barroso-en-la-fundacion-caja-rural-del-sur-huelva\/"},"wordCount":692,"image":{"@id":"https:\/\/fundacioncajaruraldelsur.com\/expoicion-de-pilar-barroso-en-la-fundacion-caja-rural-del-sur-huelva\/#primaryimage"},"thumbnailUrl":"https:\/\/fundacioncajaruraldelsur.com\/wp-content\/uploads\/2023\/02\/230204.-Una-de-las-obras-que-se-mostraran-en-la-exposicion-de-Pilar-Barroso-scaled.jpg","articleSection":["Exposiciones"],"inLanguage":"pt-PT"},{"@type":"WebPage","@id":"https:\/\/fundacioncajaruraldelsur.com\/expoicion-de-pilar-barroso-en-la-fundacion-caja-rural-del-sur-huelva\/","url":"https:\/\/fundacioncajaruraldelsur.com\/expoicion-de-pilar-barroso-en-la-fundacion-caja-rural-del-sur-huelva\/","name":"Exposici\u00f3n de Pilar Barroso en la Fundaci\u00f3n Caja Rural del Sur de Huelva - Fundaci\u00f3n Caja Rural del Sur","isPartOf":{"@id":"https:\/\/fundacioncajaruraldelsur.com\/#website"},"primaryImageOfPage":{"@id":"https:\/\/fundacioncajaruraldelsur.com\/expoicion-de-pilar-barroso-en-la-fundacion-caja-rural-del-sur-huelva\/#primaryimage"},"image":{"@id":"https:\/\/fundacioncajaruraldelsur.com\/expoicion-de-pilar-barroso-en-la-fundacion-caja-rural-del-sur-huelva\/#primaryimage"},"thumbnailUrl":"https:\/\/fundacioncajaruraldelsur.com\/wp-content\/uploads\/2023\/02\/230204.-Una-de-las-obras-que-se-mostraran-en-la-exposicion-de-Pilar-Barroso-scaled.jpg","datePublished":"2023-02-04T11:57:15+00:00","dateModified":"2023-02-08T07:35:58+00:00","author":{"@id":"https:\/\/fundacioncajaruraldelsur.com\/#\/schema\/person\/f430da9fb783d505ff061ad8b3d44577"},"breadcrumb":{"@id":"https:\/\/fundacioncajaruraldelsur.com\/expoicion-de-pilar-barroso-en-la-fundacion-caja-rural-del-sur-huelva\/#breadcrumb"},"inLanguage":"pt-PT","potentialAction":[{"@type":"ReadAction","target":["https:\/\/fundacioncajaruraldelsur.com\/expoicion-de-pilar-barroso-en-la-fundacion-caja-rural-del-sur-huelva\/"]}]},{"@type":"ImageObject","inLanguage":"pt-PT","@id":"https:\/\/fundacioncajaruraldelsur.com\/expoicion-de-pilar-barroso-en-la-fundacion-caja-rural-del-sur-huelva\/#primaryimage","url":"https:\/\/fundacioncajaruraldelsur.com\/wp-content\/uploads\/2023\/02\/230204.-Una-de-las-obras-que-se-mostraran-en-la-exposicion-de-Pilar-Barroso-scaled.jpg","contentUrl":"https:\/\/fundacioncajaruraldelsur.com\/wp-content\/uploads\/2023\/02\/230204.-Una-de-las-obras-que-se-mostraran-en-la-exposicion-de-Pilar-Barroso-scaled.jpg","width":2560,"height":1944},{"@type":"BreadcrumbList","@id":"https:\/\/fundacioncajaruraldelsur.com\/expoicion-de-pilar-barroso-en-la-fundacion-caja-rural-del-sur-huelva\/#breadcrumb","itemListElement":[{"@type":"ListItem","position":1,"name":"Portada","item":"https:\/\/fundacioncajaruraldelsur.com\/"},{"@type":"ListItem","position":2,"name":"Exposici\u00f3n de Pilar Barroso en la Fundaci\u00f3n Caja Rural del Sur de Huelva"}]},{"@type":"WebSite","@id":"https:\/\/fundacioncajaruraldelsur.com\/#website","url":"https:\/\/fundacioncajaruraldelsur.com\/","name":"Funda\u00e7\u00e3o Caja Rural del Sur","description":"","potentialAction":[{"@type":"SearchAction","target":{"@type":"EntryPoint","urlTemplate":"https:\/\/fundacioncajaruraldelsur.com\/?s={search_term_string}"},"query-input":{"@type":"PropertyValueSpecification","valueRequired":true,"valueName":"search_term_string"}}],"inLanguage":"pt-PT"},{"@type":"Person","@id":"https:\/\/fundacioncajaruraldelsur.com\/#\/schema\/person\/f430da9fb783d505ff061ad8b3d44577","name":"Comunicaci\u00f3n","image":{"@type":"ImageObject","inLanguage":"pt-PT","@id":"https:\/\/secure.gravatar.com\/avatar\/0dca239875993680bac4603ad2de7942da018f52cc3a244578e0b3b09314a8d8?s=96&d=blank&r=g","url":"https:\/\/secure.gravatar.com\/avatar\/0dca239875993680bac4603ad2de7942da018f52cc3a244578e0b3b09314a8d8?s=96&d=blank&r=g","contentUrl":"https:\/\/secure.gravatar.com\/avatar\/0dca239875993680bac4603ad2de7942da018f52cc3a244578e0b3b09314a8d8?s=96&d=blank&r=g","caption":"Comunicaci\u00f3n"}}]}},"rttpg_featured_image_url":{"full":["https:\/\/fundacioncajaruraldelsur.com\/wp-content\/uploads\/2023\/02\/230204.-Una-de-las-obras-que-se-mostraran-en-la-exposicion-de-Pilar-Barroso-scaled.jpg",2560,1944,false],"landscape":["https:\/\/fundacioncajaruraldelsur.com\/wp-content\/uploads\/2023\/02\/230204.-Una-de-las-obras-que-se-mostraran-en-la-exposicion-de-Pilar-Barroso-scaled.jpg",2560,1944,false],"portraits":["https:\/\/fundacioncajaruraldelsur.com\/wp-content\/uploads\/2023\/02\/230204.-Una-de-las-obras-que-se-mostraran-en-la-exposicion-de-Pilar-Barroso-scaled.jpg",2560,1944,false],"thumbnail":["https:\/\/fundacioncajaruraldelsur.com\/wp-content\/uploads\/2023\/02\/230204.-Una-de-las-obras-que-se-mostraran-en-la-exposicion-de-Pilar-Barroso-150x150.jpg",150,150,true],"medium":["https:\/\/fundacioncajaruraldelsur.com\/wp-content\/uploads\/2023\/02\/230204.-Una-de-las-obras-que-se-mostraran-en-la-exposicion-de-Pilar-Barroso-300x228.jpg",300,228,true],"large":["https:\/\/fundacioncajaruraldelsur.com\/wp-content\/uploads\/2023\/02\/230204.-Una-de-las-obras-que-se-mostraran-en-la-exposicion-de-Pilar-Barroso-1024x778.jpg",960,729,true],"1536x1536":["https:\/\/fundacioncajaruraldelsur.com\/wp-content\/uploads\/2023\/02\/230204.-Una-de-las-obras-que-se-mostraran-en-la-exposicion-de-Pilar-Barroso-1536x1166.jpg",1536,1166,true],"2048x2048":["https:\/\/fundacioncajaruraldelsur.com\/wp-content\/uploads\/2023\/02\/230204.-Una-de-las-obras-que-se-mostraran-en-la-exposicion-de-Pilar-Barroso-2048x1555.jpg",2048,1555,true],"trp-custom-language-flag":["https:\/\/fundacioncajaruraldelsur.com\/wp-content\/uploads\/2023\/02\/230204.-Una-de-las-obras-que-se-mostraran-en-la-exposicion-de-Pilar-Barroso-scaled.jpg",16,12,false],"blog-thumbnail":["https:\/\/fundacioncajaruraldelsur.com\/wp-content\/uploads\/2023\/02\/230204.-Una-de-las-obras-que-se-mostraran-en-la-exposicion-de-Pilar-Barroso-400x200.jpg",400,200,true]},"rttpg_author":{"display_name":"Comunicaci\u00f3n","author_link":"https:\/\/fundacioncajaruraldelsur.com\/pt\/author\/sevillaadmin\/"},"rttpg_comment":0,"rttpg_category":"<a href=\"https:\/\/fundacioncajaruraldelsur.com\/pt\/category\/exposiciones\/\" rel=\"category tag\">Exposiciones<\/a>","rttpg_excerpt":"Pilar Barroso expone con el t\u00edtulo de \u2018Paisajes\u2019, desde el lunes, d\u00eda 6 de febrero, en la sala de exposiciones del Centro Cultural \u2018Jos\u00e9 Luis Garc\u00eda Palacios\u2019 de la Fundaci\u00f3n [&hellip;]","_links":{"self":[{"href":"https:\/\/fundacioncajaruraldelsur.com\/pt\/wp-json\/wp\/v2\/posts\/8493","targetHints":{"allow":["GET"]}}],"collection":[{"href":"https:\/\/fundacioncajaruraldelsur.com\/pt\/wp-json\/wp\/v2\/posts"}],"about":[{"href":"https:\/\/fundacioncajaruraldelsur.com\/pt\/wp-json\/wp\/v2\/types\/post"}],"author":[{"embeddable":true,"href":"https:\/\/fundacioncajaruraldelsur.com\/pt\/wp-json\/wp\/v2\/users\/6"}],"replies":[{"embeddable":true,"href":"https:\/\/fundacioncajaruraldelsur.com\/pt\/wp-json\/wp\/v2\/comments?post=8493"}],"version-history":[{"count":4,"href":"https:\/\/fundacioncajaruraldelsur.com\/pt\/wp-json\/wp\/v2\/posts\/8493\/revisions"}],"predecessor-version":[{"id":8502,"href":"https:\/\/fundacioncajaruraldelsur.com\/pt\/wp-json\/wp\/v2\/posts\/8493\/revisions\/8502"}],"wp:featuredmedia":[{"embeddable":true,"href":"https:\/\/fundacioncajaruraldelsur.com\/pt\/wp-json\/wp\/v2\/media\/8494"}],"wp:attachment":[{"href":"https:\/\/fundacioncajaruraldelsur.com\/pt\/wp-json\/wp\/v2\/media?parent=8493"}],"wp:term":[{"taxonomy":"category","embeddable":true,"href":"https:\/\/fundacioncajaruraldelsur.com\/pt\/wp-json\/wp\/v2\/categories?post=8493"},{"taxonomy":"post_tag","embeddable":true,"href":"https:\/\/fundacioncajaruraldelsur.com\/pt\/wp-json\/wp\/v2\/tags?post=8493"}],"curies":[{"name":"wp","href":"https:\/\/api.w.org\/{rel}","templated":true}]}}