{"id":8304,"date":"2023-01-20T19:29:04","date_gmt":"2023-01-20T17:29:04","guid":{"rendered":"\/?p=8304"},"modified":"2023-01-20T19:29:04","modified_gmt":"2023-01-20T17:29:04","slug":"presentado-en-la-fundacion-caja-rural-del-sur-el-libro-hablemos-de-toros-y-de-cultura","status":"publish","type":"post","link":"https:\/\/fundacioncajaruraldelsur.com\/pt\/presentado-en-la-fundacion-caja-rural-del-sur-el-libro-hablemos-de-toros-y-de-cultura\/","title":{"rendered":"Presentado en la Fundaci\u00f3n Caja Rural del Sur, el libro \u201cHablemos de toros\u2026 y de cultura\u201d"},"content":{"rendered":"<p>El\u00a0Sal\u00f3n de Actos de la\u00a0<a href=\"\/pt\/evento\/presentacion-del-libro-hablemos-de-toros-y-de-cultura-de-joaquin-jose-herrera-del-rey\/\">Funda\u00e7\u00e3o Caja Rural del Sur<\/a>\u00a0(Sevilla),\u00a0Jos\u00e9 Luis Garc\u00eda-Palacios, alberg\u00f3 ayer mi\u00e9rcoles, 18 de enero, la presentaci\u00f3n del libro\u00a0\u201cHablemos de toros\u2026 y de cultura\u201c,\u00a0obra de\u00a0Joaqu\u00edn Jos\u00e9 Herrera del Rey.<\/p>\n<p>Su autor \u2013\u00a0Joaqu\u00edn Jos\u00e9 Herrera del Rey,\u00a0Doctor en Derecho y\u00a0Presidente de la Real Maestranza de Caballer\u00eda de Sevilla- relata en su libro a lo largo de sus 252 p\u00e1ginas,\u00a0\u201cUna recopilaci\u00f3n de art\u00edculos que analizan a los personajes m\u00e1s relevantes en la historia de la tauromaquia, y tambi\u00e9n la presencia de la fiesta en la cultura. Una nueva publicaci\u00f3n de que pretende acercar a los j\u00f3venes a la Fiesta y\u00a0sembrar la semilla de la afici\u00f3n entre los que no lo son\u201d, coment\u00f3\u00a0Joaqu\u00edn Jos\u00e9.<\/p>\n<p>Para\u00a0Herrera del Rey:\u00a0\u201cLa educaci\u00f3n emocional, en la medida incita la motivaci\u00f3n, produce satisfacci\u00f3n y felicidad. No es pues exagerado afirmar que la educaci\u00f3n exige emociones. Y emociones proporciona el rito del hombre y el toro\u201d.<\/p>\n<p>El acto que colg\u00f3 el\u00a0\u201cNo hay localidades\u201d\u00a0estuvo presentado por el T\u00e9cnico de Recursos Humanos y Psic\u00f3logo,\u00a0Manuel Lara Herrera:\u00a0\u201cUn libro donde destaca la figura de Rafael \u2018El Gallo\u2019 y se recogen textos de \u00a0Pepe Hillo, Chiclanero, Bocanegra, Antonio Montes, Curro Guillen, Espartero, Rafael El Gallo, Belmonte,\u00a0 Joselito el Gallo\u2026\u201d<\/p>\n<p class=\"google-auto-placed\"><ins class=\"adsbygoogle adsbygoogle-noablate\" data-ad-format=\"auto\" data-ad-client=\"ca-pub-4793975065642764\" data-adsbygoogle-status=\"done\" data-ad-status=\"filled\"><\/p>\n<div id=\"aswift_4_host\" tabindex=\"0\" title=\"Advertisement\" aria-label=\"Advertisement\">Adem\u00e1s \u201cHablemos de toros\u2026 y de cultura\u201d\u00a0hace alusi\u00f3n\u00a0 a escritores como\u00a0Chaves Nogales, Wenceslao Fern\u00e1ndez Flores, Valle-Incl\u00e1n, Edmondo de Amicis, Pr\u00f3spero M\u00e9rim\u00e9e. Tambi\u00e9n contiene en la parte literaria a poetas como\u00a0Miguel Hern\u00e1ndez, Alberti, Brines, Rafael Duyos\u00a0y a pintores\u00a0Manet , Goya, Sorolla\u2026\u00a0\u201cUna completa y sugestiva obra, amena, ilustrativa y formativa para el disfrute de todos los aficionados\u201d,\u00a0asever\u00f3\u00a0Manuel Lara.<\/div>\n<p><\/ins><\/p>\n<p>Un libro editado por\u00a0Avance Taurino\u00a0que vuelve a manifestar claramente que\u00a0\u00abhablar de toros es hablar de cultura\u00bb\u00a0y que ambos t\u00e9rminos son inseparables entre si. Literatura, historia, an\u00e9cdotas, sucedidos\u2026y toros y toreros. Un brillante acto al que le puso la guinda el famoso artista\u00a0\u2018Nano de Jerez\u2019.<\/p>\n<p>Breve biograf\u00eda:<\/p>\n<p>Joaqu\u00edn Jos\u00e9 Herrera del Rey, es Doctor en Derecho. Master en Alta Direcci\u00f3n de Empresas por Instituto Internacional San Telmo, Master en Urbanismo y Medio Ambiente y Master en Medio Ambiente\u00a0 Europeo, ambos en la Universidad de Sevilla. Ha sido profesor de Derecho Civil y est\u00e1 considerado como uno de los mejores especialistas en contaminaci\u00f3n jur\u00eddica. Ha publicado diversas monograf\u00edas jur\u00eddicas y art\u00edculos en publicaciones especializadas.<\/p>\n<p>Tambi\u00e9n es autor de numerosos estudios taurinos. Con su padre, Eusebio Herrera Torres, realiz\u00f3 la revisi\u00f3n del Tomo XII del Coss\u00edo, referido a los aspectos jur\u00eddicos de la Tauromaquia. Pertenece a la Asociaci\u00f3n Nacional de Presidentes de Plaza de toros (ANPTE) y es uno de los presidentes de los festejos que se celebran en la plaza de la Real Maestranza de Sevilla.<\/p>\n<p><a href=\"\/wp-content\/uploads\/2023\/01\/toro.jpeg\" rel=\"lightbox-0\"><img loading=\"lazy\" decoding=\"async\" class=\"alignnone wp-image-8306 size-full\" src=\"\/wp-content\/uploads\/2023\/01\/toro.jpeg\" alt=\"\" width=\"1600\" height=\"1200\" srcset=\"https:\/\/fundacioncajaruraldelsur.com\/wp-content\/uploads\/2023\/01\/toro.jpeg 1600w, https:\/\/fundacioncajaruraldelsur.com\/wp-content\/uploads\/2023\/01\/toro-300x225.jpeg 300w, https:\/\/fundacioncajaruraldelsur.com\/wp-content\/uploads\/2023\/01\/toro-1024x768.jpeg 1024w, https:\/\/fundacioncajaruraldelsur.com\/wp-content\/uploads\/2023\/01\/toro-768x576.jpeg 768w, https:\/\/fundacioncajaruraldelsur.com\/wp-content\/uploads\/2023\/01\/toro-1536x1152.jpeg 1536w\" sizes=\"auto, (max-width: 1600px) 100vw, 1600px\" \/><\/a><\/p>\n<p>&nbsp;<\/p>","protected":false},"excerpt":{"rendered":"<p>El\u00a0Sal\u00f3n de Actos de la\u00a0Fundaci\u00f3n Caja Rural del Sur\u00a0(Sevilla),\u00a0Jos\u00e9 Luis Garc\u00eda-Palacios, alberg\u00f3 ayer mi\u00e9rcoles, 18 de enero, la presentaci\u00f3n del libro\u00a0\u201cHablemos de toros\u2026 y de cultura\u201c,\u00a0obra de\u00a0Joaqu\u00edn Jos\u00e9 Herrera del [&hellip;]<\/p>\n","protected":false},"author":6,"featured_media":8305,"comment_status":"closed","ping_status":"closed","sticky":false,"template":"","format":"standard","meta":{"footnotes":""},"categories":[114],"tags":[],"class_list":["post-8304","post","type-post","status-publish","format-standard","has-post-thumbnail","hentry","category-libros"],"yoast_head":"<!-- This site is optimized with the Yoast SEO plugin v27.3 - https:\/\/yoast.com\/product\/yoast-seo-wordpress\/ -->\n<title>Presentado en la Fundaci\u00f3n Caja Rural del Sur, el libro \u201cHablemos de toros\u2026 y de cultura\u201d - Fundaci\u00f3n Caja Rural del Sur<\/title>\n<meta name=\"robots\" content=\"index, follow, max-snippet:-1, max-image-preview:large, max-video-preview:-1\" \/>\n<link rel=\"canonical\" href=\"https:\/\/fundacioncajaruraldelsur.com\/pt\/presentado-en-la-fundacion-caja-rural-del-sur-el-libro-hablemos-de-toros-y-de-cultura\/\" \/>\n<meta property=\"og:locale\" content=\"pt_PT\" \/>\n<meta property=\"og:type\" content=\"article\" \/>\n<meta property=\"og:title\" content=\"Presentado en la Fundaci\u00f3n Caja Rural del Sur, el libro \u201cHablemos de toros\u2026 y de cultura\u201d - Fundaci\u00f3n Caja Rural del Sur\" \/>\n<meta property=\"og:description\" content=\"El\u00a0Sal\u00f3n de Actos de la\u00a0Fundaci\u00f3n Caja Rural del Sur\u00a0(Sevilla),\u00a0Jos\u00e9 Luis Garc\u00eda-Palacios, alberg\u00f3 ayer mi\u00e9rcoles, 18 de enero, la presentaci\u00f3n del libro\u00a0\u201cHablemos de toros\u2026 y de cultura\u201c,\u00a0obra de\u00a0Joaqu\u00edn Jos\u00e9 Herrera del [&hellip;]\" \/>\n<meta property=\"og:url\" content=\"https:\/\/fundacioncajaruraldelsur.com\/pt\/presentado-en-la-fundacion-caja-rural-del-sur-el-libro-hablemos-de-toros-y-de-cultura\/\" \/>\n<meta property=\"og:site_name\" content=\"Fundaci\u00f3n Caja Rural del Sur\" \/>\n<meta property=\"article:published_time\" content=\"2023-01-20T17:29:04+00:00\" \/>\n<meta property=\"og:image\" content=\"https:\/\/fundacioncajaruraldelsur.com\/wp-content\/uploads\/2023\/01\/hablemos-de-toros.webp\" \/>\n\t<meta property=\"og:image:width\" content=\"1200\" \/>\n\t<meta property=\"og:image:height\" content=\"675\" \/>\n\t<meta property=\"og:image:type\" content=\"image\/webp\" \/>\n<meta name=\"author\" content=\"Comunicaci\u00f3n\" \/>\n<meta name=\"twitter:card\" content=\"summary_large_image\" \/>\n<meta name=\"twitter:label1\" content=\"Written by\" \/>\n\t<meta name=\"twitter:data1\" content=\"Comunicaci\u00f3n\" \/>\n\t<meta name=\"twitter:label2\" content=\"Est. reading time\" \/>\n\t<meta name=\"twitter:data2\" content=\"3 minutes\" \/>\n<script type=\"application\/ld+json\" class=\"yoast-schema-graph\">{\"@context\":\"https:\\\/\\\/schema.org\",\"@graph\":[{\"@type\":\"Article\",\"@id\":\"https:\\\/\\\/fundacioncajaruraldelsur.com\\\/presentado-en-la-fundacion-caja-rural-del-sur-el-libro-hablemos-de-toros-y-de-cultura\\\/#article\",\"isPartOf\":{\"@id\":\"https:\\\/\\\/fundacioncajaruraldelsur.com\\\/presentado-en-la-fundacion-caja-rural-del-sur-el-libro-hablemos-de-toros-y-de-cultura\\\/\"},\"author\":{\"name\":\"Comunicaci\u00f3n\",\"@id\":\"https:\\\/\\\/fundacioncajaruraldelsur.com\\\/#\\\/schema\\\/person\\\/f430da9fb783d505ff061ad8b3d44577\"},\"headline\":\"Presentado en la Fundaci\u00f3n Caja Rural del Sur, el libro \u201cHablemos de toros\u2026 y de cultura\u201d\",\"datePublished\":\"2023-01-20T17:29:04+00:00\",\"mainEntityOfPage\":{\"@id\":\"https:\\\/\\\/fundacioncajaruraldelsur.com\\\/presentado-en-la-fundacion-caja-rural-del-sur-el-libro-hablemos-de-toros-y-de-cultura\\\/\"},\"wordCount\":520,\"image\":{\"@id\":\"https:\\\/\\\/fundacioncajaruraldelsur.com\\\/presentado-en-la-fundacion-caja-rural-del-sur-el-libro-hablemos-de-toros-y-de-cultura\\\/#primaryimage\"},\"thumbnailUrl\":\"https:\\\/\\\/fundacioncajaruraldelsur.com\\\/wp-content\\\/uploads\\\/2023\\\/01\\\/hablemos-de-toros.webp\",\"articleSection\":[\"Libros\"],\"inLanguage\":\"pt-PT\"},{\"@type\":\"WebPage\",\"@id\":\"https:\\\/\\\/fundacioncajaruraldelsur.com\\\/presentado-en-la-fundacion-caja-rural-del-sur-el-libro-hablemos-de-toros-y-de-cultura\\\/\",\"url\":\"https:\\\/\\\/fundacioncajaruraldelsur.com\\\/presentado-en-la-fundacion-caja-rural-del-sur-el-libro-hablemos-de-toros-y-de-cultura\\\/\",\"name\":\"Presentado en la Fundaci\u00f3n Caja Rural del Sur, el libro \u201cHablemos de toros\u2026 y de cultura\u201d - Fundaci\u00f3n Caja Rural del Sur\",\"isPartOf\":{\"@id\":\"https:\\\/\\\/fundacioncajaruraldelsur.com\\\/#website\"},\"primaryImageOfPage\":{\"@id\":\"https:\\\/\\\/fundacioncajaruraldelsur.com\\\/presentado-en-la-fundacion-caja-rural-del-sur-el-libro-hablemos-de-toros-y-de-cultura\\\/#primaryimage\"},\"image\":{\"@id\":\"https:\\\/\\\/fundacioncajaruraldelsur.com\\\/presentado-en-la-fundacion-caja-rural-del-sur-el-libro-hablemos-de-toros-y-de-cultura\\\/#primaryimage\"},\"thumbnailUrl\":\"https:\\\/\\\/fundacioncajaruraldelsur.com\\\/wp-content\\\/uploads\\\/2023\\\/01\\\/hablemos-de-toros.webp\",\"datePublished\":\"2023-01-20T17:29:04+00:00\",\"author\":{\"@id\":\"https:\\\/\\\/fundacioncajaruraldelsur.com\\\/#\\\/schema\\\/person\\\/f430da9fb783d505ff061ad8b3d44577\"},\"breadcrumb\":{\"@id\":\"https:\\\/\\\/fundacioncajaruraldelsur.com\\\/presentado-en-la-fundacion-caja-rural-del-sur-el-libro-hablemos-de-toros-y-de-cultura\\\/#breadcrumb\"},\"inLanguage\":\"pt-PT\",\"potentialAction\":[{\"@type\":\"ReadAction\",\"target\":[\"https:\\\/\\\/fundacioncajaruraldelsur.com\\\/presentado-en-la-fundacion-caja-rural-del-sur-el-libro-hablemos-de-toros-y-de-cultura\\\/\"]}]},{\"@type\":\"ImageObject\",\"inLanguage\":\"pt-PT\",\"@id\":\"https:\\\/\\\/fundacioncajaruraldelsur.com\\\/presentado-en-la-fundacion-caja-rural-del-sur-el-libro-hablemos-de-toros-y-de-cultura\\\/#primaryimage\",\"url\":\"https:\\\/\\\/fundacioncajaruraldelsur.com\\\/wp-content\\\/uploads\\\/2023\\\/01\\\/hablemos-de-toros.webp\",\"contentUrl\":\"https:\\\/\\\/fundacioncajaruraldelsur.com\\\/wp-content\\\/uploads\\\/2023\\\/01\\\/hablemos-de-toros.webp\",\"width\":1200,\"height\":675},{\"@type\":\"BreadcrumbList\",\"@id\":\"https:\\\/\\\/fundacioncajaruraldelsur.com\\\/presentado-en-la-fundacion-caja-rural-del-sur-el-libro-hablemos-de-toros-y-de-cultura\\\/#breadcrumb\",\"itemListElement\":[{\"@type\":\"ListItem\",\"position\":1,\"name\":\"Portada\",\"item\":\"https:\\\/\\\/fundacioncajaruraldelsur.com\\\/\"},{\"@type\":\"ListItem\",\"position\":2,\"name\":\"Presentado en la Fundaci\u00f3n Caja Rural del Sur, el libro \u201cHablemos de toros\u2026 y de cultura\u201d\"}]},{\"@type\":\"WebSite\",\"@id\":\"https:\\\/\\\/fundacioncajaruraldelsur.com\\\/#website\",\"url\":\"https:\\\/\\\/fundacioncajaruraldelsur.com\\\/\",\"name\":\"Fundaci\u00f3n Caja Rural del Sur\",\"description\":\"\",\"potentialAction\":[{\"@type\":\"SearchAction\",\"target\":{\"@type\":\"EntryPoint\",\"urlTemplate\":\"https:\\\/\\\/fundacioncajaruraldelsur.com\\\/?s={search_term_string}\"},\"query-input\":{\"@type\":\"PropertyValueSpecification\",\"valueRequired\":true,\"valueName\":\"search_term_string\"}}],\"inLanguage\":\"pt-PT\"},{\"@type\":\"Person\",\"@id\":\"https:\\\/\\\/fundacioncajaruraldelsur.com\\\/#\\\/schema\\\/person\\\/f430da9fb783d505ff061ad8b3d44577\",\"name\":\"Comunicaci\u00f3n\",\"image\":{\"@type\":\"ImageObject\",\"inLanguage\":\"pt-PT\",\"@id\":\"https:\\\/\\\/secure.gravatar.com\\\/avatar\\\/0dca239875993680bac4603ad2de7942da018f52cc3a244578e0b3b09314a8d8?s=96&d=blank&r=g\",\"url\":\"https:\\\/\\\/secure.gravatar.com\\\/avatar\\\/0dca239875993680bac4603ad2de7942da018f52cc3a244578e0b3b09314a8d8?s=96&d=blank&r=g\",\"contentUrl\":\"https:\\\/\\\/secure.gravatar.com\\\/avatar\\\/0dca239875993680bac4603ad2de7942da018f52cc3a244578e0b3b09314a8d8?s=96&d=blank&r=g\",\"caption\":\"Comunicaci\u00f3n\"}}]}<\/script>\n<!-- \/ Yoast SEO plugin. -->","yoast_head_json":{"title":"Presentado en la Fundaci\u00f3n Caja Rural del Sur, el libro \u201cHablemos de toros\u2026 y de cultura\u201d - Fundaci\u00f3n Caja Rural del Sur","robots":{"index":"index","follow":"follow","max-snippet":"max-snippet:-1","max-image-preview":"max-image-preview:large","max-video-preview":"max-video-preview:-1"},"canonical":"https:\/\/fundacioncajaruraldelsur.com\/pt\/presentado-en-la-fundacion-caja-rural-del-sur-el-libro-hablemos-de-toros-y-de-cultura\/","og_locale":"pt_PT","og_type":"article","og_title":"Presentado en la Fundaci\u00f3n Caja Rural del Sur, el libro \u201cHablemos de toros\u2026 y de cultura\u201d - Fundaci\u00f3n Caja Rural del Sur","og_description":"El\u00a0Sal\u00f3n de Actos de la\u00a0Fundaci\u00f3n Caja Rural del Sur\u00a0(Sevilla),\u00a0Jos\u00e9 Luis Garc\u00eda-Palacios, alberg\u00f3 ayer mi\u00e9rcoles, 18 de enero, la presentaci\u00f3n del libro\u00a0\u201cHablemos de toros\u2026 y de cultura\u201c,\u00a0obra de\u00a0Joaqu\u00edn Jos\u00e9 Herrera del [&hellip;]","og_url":"https:\/\/fundacioncajaruraldelsur.com\/pt\/presentado-en-la-fundacion-caja-rural-del-sur-el-libro-hablemos-de-toros-y-de-cultura\/","og_site_name":"Fundaci\u00f3n Caja Rural del Sur","article_published_time":"2023-01-20T17:29:04+00:00","og_image":[{"width":1200,"height":675,"url":"https:\/\/fundacioncajaruraldelsur.com\/wp-content\/uploads\/2023\/01\/hablemos-de-toros.webp","type":"image\/webp"}],"author":"Comunicaci\u00f3n","twitter_card":"summary_large_image","twitter_misc":{"Written by":"Comunicaci\u00f3n","Est. reading time":"3 minutes"},"schema":{"@context":"https:\/\/schema.org","@graph":[{"@type":"Article","@id":"https:\/\/fundacioncajaruraldelsur.com\/presentado-en-la-fundacion-caja-rural-del-sur-el-libro-hablemos-de-toros-y-de-cultura\/#article","isPartOf":{"@id":"https:\/\/fundacioncajaruraldelsur.com\/presentado-en-la-fundacion-caja-rural-del-sur-el-libro-hablemos-de-toros-y-de-cultura\/"},"author":{"name":"Comunicaci\u00f3n","@id":"https:\/\/fundacioncajaruraldelsur.com\/#\/schema\/person\/f430da9fb783d505ff061ad8b3d44577"},"headline":"Presentado en la Fundaci\u00f3n Caja Rural del Sur, el libro \u201cHablemos de toros\u2026 y de cultura\u201d","datePublished":"2023-01-20T17:29:04+00:00","mainEntityOfPage":{"@id":"https:\/\/fundacioncajaruraldelsur.com\/presentado-en-la-fundacion-caja-rural-del-sur-el-libro-hablemos-de-toros-y-de-cultura\/"},"wordCount":520,"image":{"@id":"https:\/\/fundacioncajaruraldelsur.com\/presentado-en-la-fundacion-caja-rural-del-sur-el-libro-hablemos-de-toros-y-de-cultura\/#primaryimage"},"thumbnailUrl":"https:\/\/fundacioncajaruraldelsur.com\/wp-content\/uploads\/2023\/01\/hablemos-de-toros.webp","articleSection":["Libros"],"inLanguage":"pt-PT"},{"@type":"WebPage","@id":"https:\/\/fundacioncajaruraldelsur.com\/presentado-en-la-fundacion-caja-rural-del-sur-el-libro-hablemos-de-toros-y-de-cultura\/","url":"https:\/\/fundacioncajaruraldelsur.com\/presentado-en-la-fundacion-caja-rural-del-sur-el-libro-hablemos-de-toros-y-de-cultura\/","name":"Presentado en la Fundaci\u00f3n Caja Rural del Sur, el libro \u201cHablemos de toros\u2026 y de cultura\u201d - Fundaci\u00f3n Caja Rural del Sur","isPartOf":{"@id":"https:\/\/fundacioncajaruraldelsur.com\/#website"},"primaryImageOfPage":{"@id":"https:\/\/fundacioncajaruraldelsur.com\/presentado-en-la-fundacion-caja-rural-del-sur-el-libro-hablemos-de-toros-y-de-cultura\/#primaryimage"},"image":{"@id":"https:\/\/fundacioncajaruraldelsur.com\/presentado-en-la-fundacion-caja-rural-del-sur-el-libro-hablemos-de-toros-y-de-cultura\/#primaryimage"},"thumbnailUrl":"https:\/\/fundacioncajaruraldelsur.com\/wp-content\/uploads\/2023\/01\/hablemos-de-toros.webp","datePublished":"2023-01-20T17:29:04+00:00","author":{"@id":"https:\/\/fundacioncajaruraldelsur.com\/#\/schema\/person\/f430da9fb783d505ff061ad8b3d44577"},"breadcrumb":{"@id":"https:\/\/fundacioncajaruraldelsur.com\/presentado-en-la-fundacion-caja-rural-del-sur-el-libro-hablemos-de-toros-y-de-cultura\/#breadcrumb"},"inLanguage":"pt-PT","potentialAction":[{"@type":"ReadAction","target":["https:\/\/fundacioncajaruraldelsur.com\/presentado-en-la-fundacion-caja-rural-del-sur-el-libro-hablemos-de-toros-y-de-cultura\/"]}]},{"@type":"ImageObject","inLanguage":"pt-PT","@id":"https:\/\/fundacioncajaruraldelsur.com\/presentado-en-la-fundacion-caja-rural-del-sur-el-libro-hablemos-de-toros-y-de-cultura\/#primaryimage","url":"https:\/\/fundacioncajaruraldelsur.com\/wp-content\/uploads\/2023\/01\/hablemos-de-toros.webp","contentUrl":"https:\/\/fundacioncajaruraldelsur.com\/wp-content\/uploads\/2023\/01\/hablemos-de-toros.webp","width":1200,"height":675},{"@type":"BreadcrumbList","@id":"https:\/\/fundacioncajaruraldelsur.com\/presentado-en-la-fundacion-caja-rural-del-sur-el-libro-hablemos-de-toros-y-de-cultura\/#breadcrumb","itemListElement":[{"@type":"ListItem","position":1,"name":"Portada","item":"https:\/\/fundacioncajaruraldelsur.com\/"},{"@type":"ListItem","position":2,"name":"Presentado en la Fundaci\u00f3n Caja Rural del Sur, el libro \u201cHablemos de toros\u2026 y de cultura\u201d"}]},{"@type":"WebSite","@id":"https:\/\/fundacioncajaruraldelsur.com\/#website","url":"https:\/\/fundacioncajaruraldelsur.com\/","name":"Funda\u00e7\u00e3o Caja Rural del Sur","description":"","potentialAction":[{"@type":"SearchAction","target":{"@type":"EntryPoint","urlTemplate":"https:\/\/fundacioncajaruraldelsur.com\/?s={search_term_string}"},"query-input":{"@type":"PropertyValueSpecification","valueRequired":true,"valueName":"search_term_string"}}],"inLanguage":"pt-PT"},{"@type":"Person","@id":"https:\/\/fundacioncajaruraldelsur.com\/#\/schema\/person\/f430da9fb783d505ff061ad8b3d44577","name":"Comunicaci\u00f3n","image":{"@type":"ImageObject","inLanguage":"pt-PT","@id":"https:\/\/secure.gravatar.com\/avatar\/0dca239875993680bac4603ad2de7942da018f52cc3a244578e0b3b09314a8d8?s=96&d=blank&r=g","url":"https:\/\/secure.gravatar.com\/avatar\/0dca239875993680bac4603ad2de7942da018f52cc3a244578e0b3b09314a8d8?s=96&d=blank&r=g","contentUrl":"https:\/\/secure.gravatar.com\/avatar\/0dca239875993680bac4603ad2de7942da018f52cc3a244578e0b3b09314a8d8?s=96&d=blank&r=g","caption":"Comunicaci\u00f3n"}}]}},"rttpg_featured_image_url":{"full":["https:\/\/fundacioncajaruraldelsur.com\/wp-content\/uploads\/2023\/01\/hablemos-de-toros.webp",1200,675,false],"landscape":["https:\/\/fundacioncajaruraldelsur.com\/wp-content\/uploads\/2023\/01\/hablemos-de-toros.webp",1200,675,false],"portraits":["https:\/\/fundacioncajaruraldelsur.com\/wp-content\/uploads\/2023\/01\/hablemos-de-toros.webp",1200,675,false],"thumbnail":["https:\/\/fundacioncajaruraldelsur.com\/wp-content\/uploads\/2023\/01\/hablemos-de-toros-150x150.webp",150,150,true],"medium":["https:\/\/fundacioncajaruraldelsur.com\/wp-content\/uploads\/2023\/01\/hablemos-de-toros-300x169.webp",300,169,true],"large":["https:\/\/fundacioncajaruraldelsur.com\/wp-content\/uploads\/2023\/01\/hablemos-de-toros-1024x576.webp",960,540,true],"1536x1536":["https:\/\/fundacioncajaruraldelsur.com\/wp-content\/uploads\/2023\/01\/hablemos-de-toros.webp",1200,675,false],"2048x2048":["https:\/\/fundacioncajaruraldelsur.com\/wp-content\/uploads\/2023\/01\/hablemos-de-toros.webp",1200,675,false],"trp-custom-language-flag":["https:\/\/fundacioncajaruraldelsur.com\/wp-content\/uploads\/2023\/01\/hablemos-de-toros.webp",18,10,false],"blog-thumbnail":["https:\/\/fundacioncajaruraldelsur.com\/wp-content\/uploads\/2023\/01\/hablemos-de-toros-400x200.webp",400,200,true]},"rttpg_author":{"display_name":"Comunicaci\u00f3n","author_link":"https:\/\/fundacioncajaruraldelsur.com\/pt\/author\/sevillaadmin\/"},"rttpg_comment":0,"rttpg_category":"<a href=\"https:\/\/fundacioncajaruraldelsur.com\/pt\/category\/libros\/\" rel=\"category tag\">Libros<\/a>","rttpg_excerpt":"El\u00a0Sal\u00f3n de Actos de la\u00a0Fundaci\u00f3n Caja Rural del Sur\u00a0(Sevilla),\u00a0Jos\u00e9 Luis Garc\u00eda-Palacios, alberg\u00f3 ayer mi\u00e9rcoles, 18 de enero, la presentaci\u00f3n del libro\u00a0\u201cHablemos de toros\u2026 y de cultura\u201c,\u00a0obra de\u00a0Joaqu\u00edn Jos\u00e9 Herrera del [&hellip;]","_links":{"self":[{"href":"https:\/\/fundacioncajaruraldelsur.com\/pt\/wp-json\/wp\/v2\/posts\/8304","targetHints":{"allow":["GET"]}}],"collection":[{"href":"https:\/\/fundacioncajaruraldelsur.com\/pt\/wp-json\/wp\/v2\/posts"}],"about":[{"href":"https:\/\/fundacioncajaruraldelsur.com\/pt\/wp-json\/wp\/v2\/types\/post"}],"author":[{"embeddable":true,"href":"https:\/\/fundacioncajaruraldelsur.com\/pt\/wp-json\/wp\/v2\/users\/6"}],"replies":[{"embeddable":true,"href":"https:\/\/fundacioncajaruraldelsur.com\/pt\/wp-json\/wp\/v2\/comments?post=8304"}],"version-history":[{"count":1,"href":"https:\/\/fundacioncajaruraldelsur.com\/pt\/wp-json\/wp\/v2\/posts\/8304\/revisions"}],"predecessor-version":[{"id":8307,"href":"https:\/\/fundacioncajaruraldelsur.com\/pt\/wp-json\/wp\/v2\/posts\/8304\/revisions\/8307"}],"wp:featuredmedia":[{"embeddable":true,"href":"https:\/\/fundacioncajaruraldelsur.com\/pt\/wp-json\/wp\/v2\/media\/8305"}],"wp:attachment":[{"href":"https:\/\/fundacioncajaruraldelsur.com\/pt\/wp-json\/wp\/v2\/media?parent=8304"}],"wp:term":[{"taxonomy":"category","embeddable":true,"href":"https:\/\/fundacioncajaruraldelsur.com\/pt\/wp-json\/wp\/v2\/categories?post=8304"},{"taxonomy":"post_tag","embeddable":true,"href":"https:\/\/fundacioncajaruraldelsur.com\/pt\/wp-json\/wp\/v2\/tags?post=8304"}],"curies":[{"name":"wp","href":"https:\/\/api.w.org\/{rel}","templated":true}]}}