{"id":8287,"date":"2023-01-16T23:41:09","date_gmt":"2023-01-16T21:41:09","guid":{"rendered":"\/?p=8287"},"modified":"2023-01-16T23:41:09","modified_gmt":"2023-01-16T21:41:09","slug":"antonia-maria-peralto-muestra-sus-obras-en-la-fundacion-caja-rural-del-sur-de-huelva","status":"publish","type":"post","link":"https:\/\/fundacioncajaruraldelsur.com\/pt\/antonia-maria-peralto-muestra-sus-obras-en-la-fundacion-caja-rural-del-sur-de-huelva\/","title":{"rendered":"Antonia Mar\u00eda Peralto muestra sus obras en la Fundaci\u00f3n Caja Rural del Sur de Huelva"},"content":{"rendered":"<p>La obra de Antonia Mar\u00eda Peralto muestra sus obras en Huelva desde la tarde de este lunes, d\u00eda 16 de enero, a las 20:00 horas, en la sala de exposiciones de Fundaci\u00f3n Caja Rural del Sur, en el Centro Cultural \u2018Jos\u00e9 Luis Garc\u00eda Palacios\u2019, calle Mora Claros, 6-8. La muestra estar\u00e1 abierta hasta el 27 de enero.<\/p>\n<p><img loading=\"lazy\" decoding=\"async\" class=\"wp-image-279142 alignleft ls-is-cached lazyloaded\" src=\"https:\/\/www.huelvahoy.com\/wp-content\/uploads\/2023\/01\/230115-antonia-maria-peralto-300x300.jpg\" sizes=\"auto, (max-width: 410px) 100vw, 410px\" srcset=\"https:\/\/www.huelvahoy.com\/wp-content\/uploads\/2023\/01\/230115-antonia-maria-peralto-300x300.jpg 300w, https:\/\/www.huelvahoy.com\/wp-content\/uploads\/2023\/01\/230115-antonia-maria-peralto-1024x1024.jpg 1024w, https:\/\/www.huelvahoy.com\/wp-content\/uploads\/2023\/01\/230115-antonia-maria-peralto-150x150.jpg 150w, https:\/\/www.huelvahoy.com\/wp-content\/uploads\/2023\/01\/230115-antonia-maria-peralto-768x768.jpg 768w, https:\/\/www.huelvahoy.com\/wp-content\/uploads\/2023\/01\/230115-antonia-maria-peralto-70x70.jpg 70w, https:\/\/www.huelvahoy.com\/wp-content\/uploads\/2023\/01\/230115-antonia-maria-peralto-180x180.jpg 180w, https:\/\/www.huelvahoy.com\/wp-content\/uploads\/2023\/01\/230115-antonia-maria-peralto-400x400.jpg 400w, https:\/\/www.huelvahoy.com\/wp-content\/uploads\/2023\/01\/230115-antonia-maria-peralto-600x600.jpg 600w, https:\/\/www.huelvahoy.com\/wp-content\/uploads\/2023\/01\/230115-antonia-maria-peralto-800x800.jpg 800w, https:\/\/www.huelvahoy.com\/wp-content\/uploads\/2023\/01\/230115-antonia-maria-peralto.jpg 1440w\" alt=\"\" width=\"240\" height=\"240\" data-srcset=\"https:\/\/www.huelvahoy.com\/wp-content\/uploads\/2023\/01\/230115-antonia-maria-peralto-300x300.jpg 300w, https:\/\/www.huelvahoy.com\/wp-content\/uploads\/2023\/01\/230115-antonia-maria-peralto-1024x1024.jpg 1024w, https:\/\/www.huelvahoy.com\/wp-content\/uploads\/2023\/01\/230115-antonia-maria-peralto-150x150.jpg 150w, https:\/\/www.huelvahoy.com\/wp-content\/uploads\/2023\/01\/230115-antonia-maria-peralto-768x768.jpg 768w, https:\/\/www.huelvahoy.com\/wp-content\/uploads\/2023\/01\/230115-antonia-maria-peralto-70x70.jpg 70w, https:\/\/www.huelvahoy.com\/wp-content\/uploads\/2023\/01\/230115-antonia-maria-peralto-180x180.jpg 180w, https:\/\/www.huelvahoy.com\/wp-content\/uploads\/2023\/01\/230115-antonia-maria-peralto-400x400.jpg 400w, https:\/\/www.huelvahoy.com\/wp-content\/uploads\/2023\/01\/230115-antonia-maria-peralto-600x600.jpg 600w, https:\/\/www.huelvahoy.com\/wp-content\/uploads\/2023\/01\/230115-antonia-maria-peralto-800x800.jpg 800w, https:\/\/www.huelvahoy.com\/wp-content\/uploads\/2023\/01\/230115-antonia-maria-peralto.jpg 1440w\" data-src=\"https:\/\/www.huelvahoy.com\/wp-content\/uploads\/2023\/01\/230115-antonia-maria-peralto-300x300.jpg\" data-sizes=\"(max-width: 410px) 100vw, 410px\" \/>Antonia Mar\u00eda Peralto es licenciada en Bellas Artes por la Facultad de Santa Isabel de Hungr\u00eda. De ella, Pedro Rodr\u00edguez, el pintor de la luz de Moguer, ha escrito que \u201ces evidente que la sombra de Picasso planea sobre estos perfiles como lo hace sobre tantas y tantas obras de pintores del siglo XX-XXI, pero que Antonia Mar\u00eda sabe transformar en materia propia. Estos retratos imaginarios vienen cargados de un valor simb\u00f3lico y conceptual, tipos humanos que sobrepasan las lindes convencionales, sarc\u00e1sticos retratos-caricaturas de prominentes labios-coraz\u00f3n. Lo que dije: bendito disparate de tipos como extra\u00eddos de cr\u00e1teras griegas, pero salpicados de lunares en bata de cola; otros, como personajes de la corte M\u00e9dicis, coronados de exuberantes tocados cual cuernos de la abundancia.\u201d<\/p>","protected":false},"excerpt":{"rendered":"<p>La obra de Antonia Mar\u00eda Peralto muestra sus obras en Huelva desde la tarde de este lunes, d\u00eda 16 de enero, a las 20:00 horas, en la sala de exposiciones [&hellip;]<\/p>\n","protected":false},"author":6,"featured_media":8288,"comment_status":"closed","ping_status":"closed","sticky":false,"template":"","format":"standard","meta":{"footnotes":""},"categories":[82],"tags":[],"class_list":["post-8287","post","type-post","status-publish","format-standard","has-post-thumbnail","hentry","category-exposiciones"],"yoast_head":"<!-- This site is optimized with the Yoast SEO plugin v27.3 - https:\/\/yoast.com\/product\/yoast-seo-wordpress\/ -->\n<title>Antonia Mar\u00eda Peralto muestra sus obras en la Fundaci\u00f3n Caja Rural del Sur de Huelva - Fundaci\u00f3n Caja Rural del Sur<\/title>\n<meta name=\"robots\" content=\"index, follow, max-snippet:-1, max-image-preview:large, max-video-preview:-1\" \/>\n<link rel=\"canonical\" href=\"https:\/\/fundacioncajaruraldelsur.com\/pt\/antonia-maria-peralto-muestra-sus-obras-en-la-fundacion-caja-rural-del-sur-de-huelva\/\" \/>\n<meta property=\"og:locale\" content=\"pt_PT\" \/>\n<meta property=\"og:type\" content=\"article\" \/>\n<meta property=\"og:title\" content=\"Antonia Mar\u00eda Peralto muestra sus obras en la Fundaci\u00f3n Caja Rural del Sur de Huelva - Fundaci\u00f3n Caja Rural del Sur\" \/>\n<meta property=\"og:description\" content=\"La obra de Antonia Mar\u00eda Peralto muestra sus obras en Huelva desde la tarde de este lunes, d\u00eda 16 de enero, a las 20:00 horas, en la sala de exposiciones [&hellip;]\" \/>\n<meta property=\"og:url\" content=\"https:\/\/fundacioncajaruraldelsur.com\/pt\/antonia-maria-peralto-muestra-sus-obras-en-la-fundacion-caja-rural-del-sur-de-huelva\/\" \/>\n<meta property=\"og:site_name\" content=\"Fundaci\u00f3n Caja Rural del Sur\" \/>\n<meta property=\"article:published_time\" content=\"2023-01-16T21:41:09+00:00\" \/>\n<meta property=\"og:image\" content=\"https:\/\/fundacioncajaruraldelsur.com\/wp-content\/uploads\/2023\/01\/230115-cartel-anunciador-de-la-exposicion-800x400-1.jpg\" \/>\n\t<meta property=\"og:image:width\" content=\"800\" \/>\n\t<meta property=\"og:image:height\" content=\"400\" \/>\n\t<meta property=\"og:image:type\" content=\"image\/jpeg\" \/>\n<meta name=\"author\" content=\"Comunicaci\u00f3n\" \/>\n<meta name=\"twitter:card\" content=\"summary_large_image\" \/>\n<meta name=\"twitter:label1\" content=\"Written by\" \/>\n\t<meta name=\"twitter:data1\" content=\"Comunicaci\u00f3n\" \/>\n\t<meta name=\"twitter:label2\" content=\"Est. reading time\" \/>\n\t<meta name=\"twitter:data2\" content=\"2 minutes\" \/>\n<script type=\"application\/ld+json\" class=\"yoast-schema-graph\">{\"@context\":\"https:\\\/\\\/schema.org\",\"@graph\":[{\"@type\":\"Article\",\"@id\":\"https:\\\/\\\/fundacioncajaruraldelsur.com\\\/antonia-maria-peralto-muestra-sus-obras-en-la-fundacion-caja-rural-del-sur-de-huelva\\\/#article\",\"isPartOf\":{\"@id\":\"https:\\\/\\\/fundacioncajaruraldelsur.com\\\/antonia-maria-peralto-muestra-sus-obras-en-la-fundacion-caja-rural-del-sur-de-huelva\\\/\"},\"author\":{\"name\":\"Comunicaci\u00f3n\",\"@id\":\"https:\\\/\\\/fundacioncajaruraldelsur.com\\\/#\\\/schema\\\/person\\\/f430da9fb783d505ff061ad8b3d44577\"},\"headline\":\"Antonia Mar\u00eda Peralto muestra sus obras en la Fundaci\u00f3n Caja Rural del Sur de Huelva\",\"datePublished\":\"2023-01-16T21:41:09+00:00\",\"mainEntityOfPage\":{\"@id\":\"https:\\\/\\\/fundacioncajaruraldelsur.com\\\/antonia-maria-peralto-muestra-sus-obras-en-la-fundacion-caja-rural-del-sur-de-huelva\\\/\"},\"wordCount\":207,\"image\":{\"@id\":\"https:\\\/\\\/fundacioncajaruraldelsur.com\\\/antonia-maria-peralto-muestra-sus-obras-en-la-fundacion-caja-rural-del-sur-de-huelva\\\/#primaryimage\"},\"thumbnailUrl\":\"https:\\\/\\\/fundacioncajaruraldelsur.com\\\/wp-content\\\/uploads\\\/2023\\\/01\\\/230115-cartel-anunciador-de-la-exposicion-800x400-1.jpg\",\"articleSection\":[\"Exposiciones\"],\"inLanguage\":\"pt-PT\"},{\"@type\":\"WebPage\",\"@id\":\"https:\\\/\\\/fundacioncajaruraldelsur.com\\\/antonia-maria-peralto-muestra-sus-obras-en-la-fundacion-caja-rural-del-sur-de-huelva\\\/\",\"url\":\"https:\\\/\\\/fundacioncajaruraldelsur.com\\\/antonia-maria-peralto-muestra-sus-obras-en-la-fundacion-caja-rural-del-sur-de-huelva\\\/\",\"name\":\"Antonia Mar\u00eda Peralto muestra sus obras en la Fundaci\u00f3n Caja Rural del Sur de Huelva - Fundaci\u00f3n Caja Rural del Sur\",\"isPartOf\":{\"@id\":\"https:\\\/\\\/fundacioncajaruraldelsur.com\\\/#website\"},\"primaryImageOfPage\":{\"@id\":\"https:\\\/\\\/fundacioncajaruraldelsur.com\\\/antonia-maria-peralto-muestra-sus-obras-en-la-fundacion-caja-rural-del-sur-de-huelva\\\/#primaryimage\"},\"image\":{\"@id\":\"https:\\\/\\\/fundacioncajaruraldelsur.com\\\/antonia-maria-peralto-muestra-sus-obras-en-la-fundacion-caja-rural-del-sur-de-huelva\\\/#primaryimage\"},\"thumbnailUrl\":\"https:\\\/\\\/fundacioncajaruraldelsur.com\\\/wp-content\\\/uploads\\\/2023\\\/01\\\/230115-cartel-anunciador-de-la-exposicion-800x400-1.jpg\",\"datePublished\":\"2023-01-16T21:41:09+00:00\",\"author\":{\"@id\":\"https:\\\/\\\/fundacioncajaruraldelsur.com\\\/#\\\/schema\\\/person\\\/f430da9fb783d505ff061ad8b3d44577\"},\"breadcrumb\":{\"@id\":\"https:\\\/\\\/fundacioncajaruraldelsur.com\\\/antonia-maria-peralto-muestra-sus-obras-en-la-fundacion-caja-rural-del-sur-de-huelva\\\/#breadcrumb\"},\"inLanguage\":\"pt-PT\",\"potentialAction\":[{\"@type\":\"ReadAction\",\"target\":[\"https:\\\/\\\/fundacioncajaruraldelsur.com\\\/antonia-maria-peralto-muestra-sus-obras-en-la-fundacion-caja-rural-del-sur-de-huelva\\\/\"]}]},{\"@type\":\"ImageObject\",\"inLanguage\":\"pt-PT\",\"@id\":\"https:\\\/\\\/fundacioncajaruraldelsur.com\\\/antonia-maria-peralto-muestra-sus-obras-en-la-fundacion-caja-rural-del-sur-de-huelva\\\/#primaryimage\",\"url\":\"https:\\\/\\\/fundacioncajaruraldelsur.com\\\/wp-content\\\/uploads\\\/2023\\\/01\\\/230115-cartel-anunciador-de-la-exposicion-800x400-1.jpg\",\"contentUrl\":\"https:\\\/\\\/fundacioncajaruraldelsur.com\\\/wp-content\\\/uploads\\\/2023\\\/01\\\/230115-cartel-anunciador-de-la-exposicion-800x400-1.jpg\",\"width\":800,\"height\":400},{\"@type\":\"BreadcrumbList\",\"@id\":\"https:\\\/\\\/fundacioncajaruraldelsur.com\\\/antonia-maria-peralto-muestra-sus-obras-en-la-fundacion-caja-rural-del-sur-de-huelva\\\/#breadcrumb\",\"itemListElement\":[{\"@type\":\"ListItem\",\"position\":1,\"name\":\"Portada\",\"item\":\"https:\\\/\\\/fundacioncajaruraldelsur.com\\\/\"},{\"@type\":\"ListItem\",\"position\":2,\"name\":\"Antonia Mar\u00eda Peralto muestra sus obras en la Fundaci\u00f3n Caja Rural del Sur de Huelva\"}]},{\"@type\":\"WebSite\",\"@id\":\"https:\\\/\\\/fundacioncajaruraldelsur.com\\\/#website\",\"url\":\"https:\\\/\\\/fundacioncajaruraldelsur.com\\\/\",\"name\":\"Fundaci\u00f3n Caja Rural del Sur\",\"description\":\"\",\"potentialAction\":[{\"@type\":\"SearchAction\",\"target\":{\"@type\":\"EntryPoint\",\"urlTemplate\":\"https:\\\/\\\/fundacioncajaruraldelsur.com\\\/?s={search_term_string}\"},\"query-input\":{\"@type\":\"PropertyValueSpecification\",\"valueRequired\":true,\"valueName\":\"search_term_string\"}}],\"inLanguage\":\"pt-PT\"},{\"@type\":\"Person\",\"@id\":\"https:\\\/\\\/fundacioncajaruraldelsur.com\\\/#\\\/schema\\\/person\\\/f430da9fb783d505ff061ad8b3d44577\",\"name\":\"Comunicaci\u00f3n\",\"image\":{\"@type\":\"ImageObject\",\"inLanguage\":\"pt-PT\",\"@id\":\"https:\\\/\\\/secure.gravatar.com\\\/avatar\\\/0dca239875993680bac4603ad2de7942da018f52cc3a244578e0b3b09314a8d8?s=96&d=blank&r=g\",\"url\":\"https:\\\/\\\/secure.gravatar.com\\\/avatar\\\/0dca239875993680bac4603ad2de7942da018f52cc3a244578e0b3b09314a8d8?s=96&d=blank&r=g\",\"contentUrl\":\"https:\\\/\\\/secure.gravatar.com\\\/avatar\\\/0dca239875993680bac4603ad2de7942da018f52cc3a244578e0b3b09314a8d8?s=96&d=blank&r=g\",\"caption\":\"Comunicaci\u00f3n\"}}]}<\/script>\n<!-- \/ Yoast SEO plugin. -->","yoast_head_json":{"title":"Antonia Mar\u00eda Peralto muestra sus obras en la Fundaci\u00f3n Caja Rural del Sur de Huelva - Fundaci\u00f3n Caja Rural del Sur","robots":{"index":"index","follow":"follow","max-snippet":"max-snippet:-1","max-image-preview":"max-image-preview:large","max-video-preview":"max-video-preview:-1"},"canonical":"https:\/\/fundacioncajaruraldelsur.com\/pt\/antonia-maria-peralto-muestra-sus-obras-en-la-fundacion-caja-rural-del-sur-de-huelva\/","og_locale":"pt_PT","og_type":"article","og_title":"Antonia Mar\u00eda Peralto muestra sus obras en la Fundaci\u00f3n Caja Rural del Sur de Huelva - Fundaci\u00f3n Caja Rural del Sur","og_description":"La obra de Antonia Mar\u00eda Peralto muestra sus obras en Huelva desde la tarde de este lunes, d\u00eda 16 de enero, a las 20:00 horas, en la sala de exposiciones [&hellip;]","og_url":"https:\/\/fundacioncajaruraldelsur.com\/pt\/antonia-maria-peralto-muestra-sus-obras-en-la-fundacion-caja-rural-del-sur-de-huelva\/","og_site_name":"Fundaci\u00f3n Caja Rural del Sur","article_published_time":"2023-01-16T21:41:09+00:00","og_image":[{"width":800,"height":400,"url":"https:\/\/fundacioncajaruraldelsur.com\/wp-content\/uploads\/2023\/01\/230115-cartel-anunciador-de-la-exposicion-800x400-1.jpg","type":"image\/jpeg"}],"author":"Comunicaci\u00f3n","twitter_card":"summary_large_image","twitter_misc":{"Written by":"Comunicaci\u00f3n","Est. reading time":"2 minutes"},"schema":{"@context":"https:\/\/schema.org","@graph":[{"@type":"Article","@id":"https:\/\/fundacioncajaruraldelsur.com\/antonia-maria-peralto-muestra-sus-obras-en-la-fundacion-caja-rural-del-sur-de-huelva\/#article","isPartOf":{"@id":"https:\/\/fundacioncajaruraldelsur.com\/antonia-maria-peralto-muestra-sus-obras-en-la-fundacion-caja-rural-del-sur-de-huelva\/"},"author":{"name":"Comunicaci\u00f3n","@id":"https:\/\/fundacioncajaruraldelsur.com\/#\/schema\/person\/f430da9fb783d505ff061ad8b3d44577"},"headline":"Antonia Mar\u00eda Peralto muestra sus obras en la Fundaci\u00f3n Caja Rural del Sur de Huelva","datePublished":"2023-01-16T21:41:09+00:00","mainEntityOfPage":{"@id":"https:\/\/fundacioncajaruraldelsur.com\/antonia-maria-peralto-muestra-sus-obras-en-la-fundacion-caja-rural-del-sur-de-huelva\/"},"wordCount":207,"image":{"@id":"https:\/\/fundacioncajaruraldelsur.com\/antonia-maria-peralto-muestra-sus-obras-en-la-fundacion-caja-rural-del-sur-de-huelva\/#primaryimage"},"thumbnailUrl":"https:\/\/fundacioncajaruraldelsur.com\/wp-content\/uploads\/2023\/01\/230115-cartel-anunciador-de-la-exposicion-800x400-1.jpg","articleSection":["Exposiciones"],"inLanguage":"pt-PT"},{"@type":"WebPage","@id":"https:\/\/fundacioncajaruraldelsur.com\/antonia-maria-peralto-muestra-sus-obras-en-la-fundacion-caja-rural-del-sur-de-huelva\/","url":"https:\/\/fundacioncajaruraldelsur.com\/antonia-maria-peralto-muestra-sus-obras-en-la-fundacion-caja-rural-del-sur-de-huelva\/","name":"Antonia Mar\u00eda Peralto muestra sus obras en la Fundaci\u00f3n Caja Rural del Sur de Huelva - Fundaci\u00f3n Caja Rural del Sur","isPartOf":{"@id":"https:\/\/fundacioncajaruraldelsur.com\/#website"},"primaryImageOfPage":{"@id":"https:\/\/fundacioncajaruraldelsur.com\/antonia-maria-peralto-muestra-sus-obras-en-la-fundacion-caja-rural-del-sur-de-huelva\/#primaryimage"},"image":{"@id":"https:\/\/fundacioncajaruraldelsur.com\/antonia-maria-peralto-muestra-sus-obras-en-la-fundacion-caja-rural-del-sur-de-huelva\/#primaryimage"},"thumbnailUrl":"https:\/\/fundacioncajaruraldelsur.com\/wp-content\/uploads\/2023\/01\/230115-cartel-anunciador-de-la-exposicion-800x400-1.jpg","datePublished":"2023-01-16T21:41:09+00:00","author":{"@id":"https:\/\/fundacioncajaruraldelsur.com\/#\/schema\/person\/f430da9fb783d505ff061ad8b3d44577"},"breadcrumb":{"@id":"https:\/\/fundacioncajaruraldelsur.com\/antonia-maria-peralto-muestra-sus-obras-en-la-fundacion-caja-rural-del-sur-de-huelva\/#breadcrumb"},"inLanguage":"pt-PT","potentialAction":[{"@type":"ReadAction","target":["https:\/\/fundacioncajaruraldelsur.com\/antonia-maria-peralto-muestra-sus-obras-en-la-fundacion-caja-rural-del-sur-de-huelva\/"]}]},{"@type":"ImageObject","inLanguage":"pt-PT","@id":"https:\/\/fundacioncajaruraldelsur.com\/antonia-maria-peralto-muestra-sus-obras-en-la-fundacion-caja-rural-del-sur-de-huelva\/#primaryimage","url":"https:\/\/fundacioncajaruraldelsur.com\/wp-content\/uploads\/2023\/01\/230115-cartel-anunciador-de-la-exposicion-800x400-1.jpg","contentUrl":"https:\/\/fundacioncajaruraldelsur.com\/wp-content\/uploads\/2023\/01\/230115-cartel-anunciador-de-la-exposicion-800x400-1.jpg","width":800,"height":400},{"@type":"BreadcrumbList","@id":"https:\/\/fundacioncajaruraldelsur.com\/antonia-maria-peralto-muestra-sus-obras-en-la-fundacion-caja-rural-del-sur-de-huelva\/#breadcrumb","itemListElement":[{"@type":"ListItem","position":1,"name":"Portada","item":"https:\/\/fundacioncajaruraldelsur.com\/"},{"@type":"ListItem","position":2,"name":"Antonia Mar\u00eda Peralto muestra sus obras en la Fundaci\u00f3n Caja Rural del Sur de Huelva"}]},{"@type":"WebSite","@id":"https:\/\/fundacioncajaruraldelsur.com\/#website","url":"https:\/\/fundacioncajaruraldelsur.com\/","name":"Funda\u00e7\u00e3o Caja Rural del Sur","description":"","potentialAction":[{"@type":"SearchAction","target":{"@type":"EntryPoint","urlTemplate":"https:\/\/fundacioncajaruraldelsur.com\/?s={search_term_string}"},"query-input":{"@type":"PropertyValueSpecification","valueRequired":true,"valueName":"search_term_string"}}],"inLanguage":"pt-PT"},{"@type":"Person","@id":"https:\/\/fundacioncajaruraldelsur.com\/#\/schema\/person\/f430da9fb783d505ff061ad8b3d44577","name":"Comunicaci\u00f3n","image":{"@type":"ImageObject","inLanguage":"pt-PT","@id":"https:\/\/secure.gravatar.com\/avatar\/0dca239875993680bac4603ad2de7942da018f52cc3a244578e0b3b09314a8d8?s=96&d=blank&r=g","url":"https:\/\/secure.gravatar.com\/avatar\/0dca239875993680bac4603ad2de7942da018f52cc3a244578e0b3b09314a8d8?s=96&d=blank&r=g","contentUrl":"https:\/\/secure.gravatar.com\/avatar\/0dca239875993680bac4603ad2de7942da018f52cc3a244578e0b3b09314a8d8?s=96&d=blank&r=g","caption":"Comunicaci\u00f3n"}}]}},"rttpg_featured_image_url":{"full":["https:\/\/fundacioncajaruraldelsur.com\/wp-content\/uploads\/2023\/01\/230115-cartel-anunciador-de-la-exposicion-800x400-1.jpg",800,400,false],"landscape":["https:\/\/fundacioncajaruraldelsur.com\/wp-content\/uploads\/2023\/01\/230115-cartel-anunciador-de-la-exposicion-800x400-1.jpg",800,400,false],"portraits":["https:\/\/fundacioncajaruraldelsur.com\/wp-content\/uploads\/2023\/01\/230115-cartel-anunciador-de-la-exposicion-800x400-1.jpg",800,400,false],"thumbnail":["https:\/\/fundacioncajaruraldelsur.com\/wp-content\/uploads\/2023\/01\/230115-cartel-anunciador-de-la-exposicion-800x400-1-150x150.jpg",150,150,true],"medium":["https:\/\/fundacioncajaruraldelsur.com\/wp-content\/uploads\/2023\/01\/230115-cartel-anunciador-de-la-exposicion-800x400-1-300x150.jpg",300,150,true],"large":["https:\/\/fundacioncajaruraldelsur.com\/wp-content\/uploads\/2023\/01\/230115-cartel-anunciador-de-la-exposicion-800x400-1.jpg",800,400,false],"1536x1536":["https:\/\/fundacioncajaruraldelsur.com\/wp-content\/uploads\/2023\/01\/230115-cartel-anunciador-de-la-exposicion-800x400-1.jpg",800,400,false],"2048x2048":["https:\/\/fundacioncajaruraldelsur.com\/wp-content\/uploads\/2023\/01\/230115-cartel-anunciador-de-la-exposicion-800x400-1.jpg",800,400,false],"trp-custom-language-flag":["https:\/\/fundacioncajaruraldelsur.com\/wp-content\/uploads\/2023\/01\/230115-cartel-anunciador-de-la-exposicion-800x400-1.jpg",18,9,false],"blog-thumbnail":["https:\/\/fundacioncajaruraldelsur.com\/wp-content\/uploads\/2023\/01\/230115-cartel-anunciador-de-la-exposicion-800x400-1-400x200.jpg",400,200,true]},"rttpg_author":{"display_name":"Comunicaci\u00f3n","author_link":"https:\/\/fundacioncajaruraldelsur.com\/pt\/author\/sevillaadmin\/"},"rttpg_comment":0,"rttpg_category":"<a href=\"https:\/\/fundacioncajaruraldelsur.com\/pt\/category\/exposiciones\/\" rel=\"category tag\">Exposiciones<\/a>","rttpg_excerpt":"La obra de Antonia Mar\u00eda Peralto muestra sus obras en Huelva desde la tarde de este lunes, d\u00eda 16 de enero, a las 20:00 horas, en la sala de exposiciones [&hellip;]","_links":{"self":[{"href":"https:\/\/fundacioncajaruraldelsur.com\/pt\/wp-json\/wp\/v2\/posts\/8287","targetHints":{"allow":["GET"]}}],"collection":[{"href":"https:\/\/fundacioncajaruraldelsur.com\/pt\/wp-json\/wp\/v2\/posts"}],"about":[{"href":"https:\/\/fundacioncajaruraldelsur.com\/pt\/wp-json\/wp\/v2\/types\/post"}],"author":[{"embeddable":true,"href":"https:\/\/fundacioncajaruraldelsur.com\/pt\/wp-json\/wp\/v2\/users\/6"}],"replies":[{"embeddable":true,"href":"https:\/\/fundacioncajaruraldelsur.com\/pt\/wp-json\/wp\/v2\/comments?post=8287"}],"version-history":[{"count":1,"href":"https:\/\/fundacioncajaruraldelsur.com\/pt\/wp-json\/wp\/v2\/posts\/8287\/revisions"}],"predecessor-version":[{"id":8289,"href":"https:\/\/fundacioncajaruraldelsur.com\/pt\/wp-json\/wp\/v2\/posts\/8287\/revisions\/8289"}],"wp:featuredmedia":[{"embeddable":true,"href":"https:\/\/fundacioncajaruraldelsur.com\/pt\/wp-json\/wp\/v2\/media\/8288"}],"wp:attachment":[{"href":"https:\/\/fundacioncajaruraldelsur.com\/pt\/wp-json\/wp\/v2\/media?parent=8287"}],"wp:term":[{"taxonomy":"category","embeddable":true,"href":"https:\/\/fundacioncajaruraldelsur.com\/pt\/wp-json\/wp\/v2\/categories?post=8287"},{"taxonomy":"post_tag","embeddable":true,"href":"https:\/\/fundacioncajaruraldelsur.com\/pt\/wp-json\/wp\/v2\/tags?post=8287"}],"curies":[{"name":"wp","href":"https:\/\/api.w.org\/{rel}","templated":true}]}}