{"id":8231,"date":"2023-01-04T11:51:46","date_gmt":"2023-01-04T09:51:46","guid":{"rendered":"\/?p=8231"},"modified":"2023-01-04T11:51:46","modified_gmt":"2023-01-04T09:51:46","slug":"exposicion-solidaria-para-cruz-roja-de-alfonso-aramburu-en-la-fundacion-caja-rural-del-sur-de-huelva","status":"publish","type":"post","link":"https:\/\/fundacioncajaruraldelsur.com\/pt\/exposicion-solidaria-para-cruz-roja-de-alfonso-aramburu-en-la-fundacion-caja-rural-del-sur-de-huelva\/","title":{"rendered":"Exposici\u00f3n solidaria para Cruz Roja de Alfonso Aramburu en la Fundaci\u00f3n Caja Rural del Sur de Huelva"},"content":{"rendered":"<p class=\"mce\"><strong class=\"mce\">El Centro Cultural Jos\u00e9 Luis Garc\u00eda Palacios<\/strong>\u00a0de la Fundaci\u00f3n Caja Rural del Sur acoge un a\u00f1o m\u00e1s una exposici\u00f3n pict\u00f3rica de\u00a0<strong class=\"mce\">Alfonso Aramburu<\/strong>, que se podr\u00e1 visitar hasta el pr\u00f3ximo 5 de enero.\u00a0Todo lo que se recaude en esta muestra solidaria se destinar\u00e1 a\u00a0Cruz Roja, Hermanas de la Cruz, Asociaci\u00f3n de Paral\u00edticos Cerebrales de Huelva (Aspacehu) y Anumayores.<\/p>\n<p class=\"mce\">Se trata de una colecci\u00f3n formada por\u00a0<strong class=\"mce\">42 pinturas<\/strong>\u00a0realizadas por Aramburu el pasado verano en Matalasca\u00f1as, localidad en la que veranea el artista. Un trabajo pict\u00f3rico elaborado para este fin solidario, que lleva como lema\u00a0<em class=\"mce\">Hay que ayudar a los que ayudan<\/em>. El autor de las obras muestra su agradecimiento al propietario del local donde desarrolla su creaci\u00f3n art\u00edstica, unas instalaciones que le cede en \u00e9poca estival, \u00abme lo deja todos los a\u00f1os y est\u00e1 a veinticinco metros de mi portal\u00bb. Aparte, subraya que desde que se abri\u00f3 la sala del Centro Cultural, \u00abla Fundaci\u00f3n\u00a0Caja Rural del Sur tiene el detalle de dej\u00e1rmela en Navidad\u00bb.<\/p>\n<div class=\"adv-intext\">\n<div id=\"sm-it-main-container-1672825738937\" class=\"sm-it-main-container\" data-it=\"2bf04bfc-4f59-46bf-963b-5219d6758c19\" data-device=\"desktop\" data-index=\"0\">\n<div id=\"sm-reference-1672825738937\" class=\"sm-reference\">Hay obras impresionistas y abstractas, y la<strong class=\"mce\">\u00a0tem\u00e1tica<\/strong>\u00a0de los cuadros es muy\u00a0<strong class=\"mce\">variada<\/strong>, \u00ablos he pintado con mucha ilusi\u00f3n, con todos los motivos, hay campo, playa, flores, r\u00edos, minas, caballos&#8230;\u00bb, indica el artista, al que una se\u00f1ora que visitaba la muestra se dirigi\u00f3 a \u00e9l y le manifest\u00f3: \u00abda gusto ver tus cuadros, todos me gustan, no sabr\u00eda cu\u00e1l elegir\u00bb.<\/div>\n<\/div>\n<\/div>\n<p class=\"mce\">Emplea\u00a0la t\u00e9cnica pict\u00f3rica del hidralux sobre lienzo, tabla y terciopelo. En sus pinturas, Aramburu ha plasmado los\u00a0<strong class=\"mce\">atardeceres en El Conquero<\/strong>\u00a0y a Huelva vista desde este mirador natural de la ciudad; el cabezo de la Cuesta del Carnicero y\u00a0 las marismas del Odiel. Tambi\u00e9n ha pintado la zona de las dunas del Asperillo, \u00aben el camino desde Mazag\u00f3n a Matalasca\u00f1as\u00bb; la r\u00eda de El Rompido; la aldea del Roc\u00edo, \u00abpinto El Roc\u00edo en noviembre porque antes est\u00e1n secas las lagunas\u00bb; la Saca de las Yeguas; el R\u00edo Odiel con un molino que ya no funciona; el R\u00edo Tinto; las minas y la Sierra de Huelva, un recorrido por las distintas comarcas de la provincia onubense a trav\u00e9s de sus cuadros.<\/p>\n<p class=\"mce\">El artista reconoce que \u00absoy muy feliz pintando\u00bb y m\u00e1s si su obra va destinada a fines ben\u00e9ficos, \u00abyo encantado, en esta vida siempre quiero ganar\u00a0<strong class=\"mce\">felicidad<\/strong>\u00ab, a lo que a\u00f1ade que \u00abpintar es s\u00edmbolo de libertad\u00bb. La mitad de los cuadros expuestos ya est\u00e1n vendidos.<\/p>\n<p class=\"mce\"><a href=\"https:\/\/www.huelvainformacion.es\/huelva\/Aramburu-solidaridad-Huelva-coleccion-pinturas_0_1753325148.html\">La exposici\u00f3n se puede visitar en horario de 11:30 a 13:30 y de 18:00 a 21:00.<\/a><\/p>\n<p>&nbsp;<\/p>","protected":false},"excerpt":{"rendered":"<p>El Centro Cultural Jos\u00e9 Luis Garc\u00eda Palacios\u00a0de la Fundaci\u00f3n Caja Rural del Sur acoge un a\u00f1o m\u00e1s una exposici\u00f3n pict\u00f3rica de\u00a0Alfonso Aramburu, que se podr\u00e1 visitar hasta el pr\u00f3ximo 5 [&hellip;]<\/p>\n","protected":false},"author":6,"featured_media":8232,"comment_status":"closed","ping_status":"closed","sticky":false,"template":"","format":"standard","meta":{"footnotes":""},"categories":[82],"tags":[],"class_list":["post-8231","post","type-post","status-publish","format-standard","has-post-thumbnail","hentry","category-exposiciones"],"yoast_head":"<!-- This site is optimized with the Yoast SEO plugin v27.3 - https:\/\/yoast.com\/product\/yoast-seo-wordpress\/ -->\n<title>Exposici\u00f3n solidaria para Cruz Roja de Alfonso Aramburu en la Fundaci\u00f3n Caja Rural del Sur de Huelva - Fundaci\u00f3n Caja Rural del Sur<\/title>\n<meta name=\"robots\" content=\"index, follow, max-snippet:-1, max-image-preview:large, max-video-preview:-1\" \/>\n<link rel=\"canonical\" href=\"https:\/\/fundacioncajaruraldelsur.com\/pt\/exposicion-solidaria-para-cruz-roja-de-alfonso-aramburu-en-la-fundacion-caja-rural-del-sur-de-huelva\/\" \/>\n<meta property=\"og:locale\" content=\"pt_PT\" \/>\n<meta property=\"og:type\" content=\"article\" \/>\n<meta property=\"og:title\" content=\"Exposici\u00f3n solidaria para Cruz Roja de Alfonso Aramburu en la Fundaci\u00f3n Caja Rural del Sur de Huelva - Fundaci\u00f3n Caja Rural del Sur\" \/>\n<meta property=\"og:description\" content=\"El Centro Cultural Jos\u00e9 Luis Garc\u00eda Palacios\u00a0de la Fundaci\u00f3n Caja Rural del Sur acoge un a\u00f1o m\u00e1s una exposici\u00f3n pict\u00f3rica de\u00a0Alfonso Aramburu, que se podr\u00e1 visitar hasta el pr\u00f3ximo 5 [&hellip;]\" \/>\n<meta property=\"og:url\" content=\"https:\/\/fundacioncajaruraldelsur.com\/pt\/exposicion-solidaria-para-cruz-roja-de-alfonso-aramburu-en-la-fundacion-caja-rural-del-sur-de-huelva\/\" \/>\n<meta property=\"og:site_name\" content=\"Fundaci\u00f3n Caja Rural del Sur\" \/>\n<meta property=\"article:published_time\" content=\"2023-01-04T09:51:46+00:00\" \/>\n<meta property=\"og:image\" content=\"https:\/\/fundacioncajaruraldelsur.com\/wp-content\/uploads\/2023\/01\/Alfonso-Aramburu-Caja-Rural.jpg\" \/>\n\t<meta property=\"og:image:width\" content=\"1920\" \/>\n\t<meta property=\"og:image:height\" content=\"1080\" \/>\n\t<meta property=\"og:image:type\" content=\"image\/jpeg\" \/>\n<meta name=\"author\" content=\"Comunicaci\u00f3n\" \/>\n<meta name=\"twitter:card\" content=\"summary_large_image\" \/>\n<meta name=\"twitter:label1\" content=\"Written by\" \/>\n\t<meta name=\"twitter:data1\" content=\"Comunicaci\u00f3n\" \/>\n\t<meta name=\"twitter:label2\" content=\"Est. reading time\" \/>\n\t<meta name=\"twitter:data2\" content=\"2 minutes\" \/>\n<script type=\"application\/ld+json\" class=\"yoast-schema-graph\">{\"@context\":\"https:\\\/\\\/schema.org\",\"@graph\":[{\"@type\":\"Article\",\"@id\":\"https:\\\/\\\/fundacioncajaruraldelsur.com\\\/exposicion-solidaria-para-cruz-roja-de-alfonso-aramburu-en-la-fundacion-caja-rural-del-sur-de-huelva\\\/#article\",\"isPartOf\":{\"@id\":\"https:\\\/\\\/fundacioncajaruraldelsur.com\\\/exposicion-solidaria-para-cruz-roja-de-alfonso-aramburu-en-la-fundacion-caja-rural-del-sur-de-huelva\\\/\"},\"author\":{\"name\":\"Comunicaci\u00f3n\",\"@id\":\"https:\\\/\\\/fundacioncajaruraldelsur.com\\\/#\\\/schema\\\/person\\\/f430da9fb783d505ff061ad8b3d44577\"},\"headline\":\"Exposici\u00f3n solidaria para Cruz Roja de Alfonso Aramburu en la Fundaci\u00f3n Caja Rural del Sur de Huelva\",\"datePublished\":\"2023-01-04T09:51:46+00:00\",\"mainEntityOfPage\":{\"@id\":\"https:\\\/\\\/fundacioncajaruraldelsur.com\\\/exposicion-solidaria-para-cruz-roja-de-alfonso-aramburu-en-la-fundacion-caja-rural-del-sur-de-huelva\\\/\"},\"wordCount\":468,\"image\":{\"@id\":\"https:\\\/\\\/fundacioncajaruraldelsur.com\\\/exposicion-solidaria-para-cruz-roja-de-alfonso-aramburu-en-la-fundacion-caja-rural-del-sur-de-huelva\\\/#primaryimage\"},\"thumbnailUrl\":\"https:\\\/\\\/fundacioncajaruraldelsur.com\\\/wp-content\\\/uploads\\\/2023\\\/01\\\/Alfonso-Aramburu-Caja-Rural.jpg\",\"articleSection\":[\"Exposiciones\"],\"inLanguage\":\"pt-PT\"},{\"@type\":\"WebPage\",\"@id\":\"https:\\\/\\\/fundacioncajaruraldelsur.com\\\/exposicion-solidaria-para-cruz-roja-de-alfonso-aramburu-en-la-fundacion-caja-rural-del-sur-de-huelva\\\/\",\"url\":\"https:\\\/\\\/fundacioncajaruraldelsur.com\\\/exposicion-solidaria-para-cruz-roja-de-alfonso-aramburu-en-la-fundacion-caja-rural-del-sur-de-huelva\\\/\",\"name\":\"Exposici\u00f3n solidaria para Cruz Roja de Alfonso Aramburu en la Fundaci\u00f3n Caja Rural del Sur de Huelva - Fundaci\u00f3n Caja Rural del Sur\",\"isPartOf\":{\"@id\":\"https:\\\/\\\/fundacioncajaruraldelsur.com\\\/#website\"},\"primaryImageOfPage\":{\"@id\":\"https:\\\/\\\/fundacioncajaruraldelsur.com\\\/exposicion-solidaria-para-cruz-roja-de-alfonso-aramburu-en-la-fundacion-caja-rural-del-sur-de-huelva\\\/#primaryimage\"},\"image\":{\"@id\":\"https:\\\/\\\/fundacioncajaruraldelsur.com\\\/exposicion-solidaria-para-cruz-roja-de-alfonso-aramburu-en-la-fundacion-caja-rural-del-sur-de-huelva\\\/#primaryimage\"},\"thumbnailUrl\":\"https:\\\/\\\/fundacioncajaruraldelsur.com\\\/wp-content\\\/uploads\\\/2023\\\/01\\\/Alfonso-Aramburu-Caja-Rural.jpg\",\"datePublished\":\"2023-01-04T09:51:46+00:00\",\"author\":{\"@id\":\"https:\\\/\\\/fundacioncajaruraldelsur.com\\\/#\\\/schema\\\/person\\\/f430da9fb783d505ff061ad8b3d44577\"},\"breadcrumb\":{\"@id\":\"https:\\\/\\\/fundacioncajaruraldelsur.com\\\/exposicion-solidaria-para-cruz-roja-de-alfonso-aramburu-en-la-fundacion-caja-rural-del-sur-de-huelva\\\/#breadcrumb\"},\"inLanguage\":\"pt-PT\",\"potentialAction\":[{\"@type\":\"ReadAction\",\"target\":[\"https:\\\/\\\/fundacioncajaruraldelsur.com\\\/exposicion-solidaria-para-cruz-roja-de-alfonso-aramburu-en-la-fundacion-caja-rural-del-sur-de-huelva\\\/\"]}]},{\"@type\":\"ImageObject\",\"inLanguage\":\"pt-PT\",\"@id\":\"https:\\\/\\\/fundacioncajaruraldelsur.com\\\/exposicion-solidaria-para-cruz-roja-de-alfonso-aramburu-en-la-fundacion-caja-rural-del-sur-de-huelva\\\/#primaryimage\",\"url\":\"https:\\\/\\\/fundacioncajaruraldelsur.com\\\/wp-content\\\/uploads\\\/2023\\\/01\\\/Alfonso-Aramburu-Caja-Rural.jpg\",\"contentUrl\":\"https:\\\/\\\/fundacioncajaruraldelsur.com\\\/wp-content\\\/uploads\\\/2023\\\/01\\\/Alfonso-Aramburu-Caja-Rural.jpg\",\"width\":1920,\"height\":1080},{\"@type\":\"BreadcrumbList\",\"@id\":\"https:\\\/\\\/fundacioncajaruraldelsur.com\\\/exposicion-solidaria-para-cruz-roja-de-alfonso-aramburu-en-la-fundacion-caja-rural-del-sur-de-huelva\\\/#breadcrumb\",\"itemListElement\":[{\"@type\":\"ListItem\",\"position\":1,\"name\":\"Portada\",\"item\":\"https:\\\/\\\/fundacioncajaruraldelsur.com\\\/\"},{\"@type\":\"ListItem\",\"position\":2,\"name\":\"Exposici\u00f3n solidaria para Cruz Roja de Alfonso Aramburu en la Fundaci\u00f3n Caja Rural del Sur de Huelva\"}]},{\"@type\":\"WebSite\",\"@id\":\"https:\\\/\\\/fundacioncajaruraldelsur.com\\\/#website\",\"url\":\"https:\\\/\\\/fundacioncajaruraldelsur.com\\\/\",\"name\":\"Fundaci\u00f3n Caja Rural del Sur\",\"description\":\"\",\"potentialAction\":[{\"@type\":\"SearchAction\",\"target\":{\"@type\":\"EntryPoint\",\"urlTemplate\":\"https:\\\/\\\/fundacioncajaruraldelsur.com\\\/?s={search_term_string}\"},\"query-input\":{\"@type\":\"PropertyValueSpecification\",\"valueRequired\":true,\"valueName\":\"search_term_string\"}}],\"inLanguage\":\"pt-PT\"},{\"@type\":\"Person\",\"@id\":\"https:\\\/\\\/fundacioncajaruraldelsur.com\\\/#\\\/schema\\\/person\\\/f430da9fb783d505ff061ad8b3d44577\",\"name\":\"Comunicaci\u00f3n\",\"image\":{\"@type\":\"ImageObject\",\"inLanguage\":\"pt-PT\",\"@id\":\"https:\\\/\\\/secure.gravatar.com\\\/avatar\\\/0dca239875993680bac4603ad2de7942da018f52cc3a244578e0b3b09314a8d8?s=96&d=blank&r=g\",\"url\":\"https:\\\/\\\/secure.gravatar.com\\\/avatar\\\/0dca239875993680bac4603ad2de7942da018f52cc3a244578e0b3b09314a8d8?s=96&d=blank&r=g\",\"contentUrl\":\"https:\\\/\\\/secure.gravatar.com\\\/avatar\\\/0dca239875993680bac4603ad2de7942da018f52cc3a244578e0b3b09314a8d8?s=96&d=blank&r=g\",\"caption\":\"Comunicaci\u00f3n\"}}]}<\/script>\n<!-- \/ Yoast SEO plugin. -->","yoast_head_json":{"title":"Exposici\u00f3n solidaria para Cruz Roja de Alfonso Aramburu en la Fundaci\u00f3n Caja Rural del Sur de Huelva - Fundaci\u00f3n Caja Rural del Sur","robots":{"index":"index","follow":"follow","max-snippet":"max-snippet:-1","max-image-preview":"max-image-preview:large","max-video-preview":"max-video-preview:-1"},"canonical":"https:\/\/fundacioncajaruraldelsur.com\/pt\/exposicion-solidaria-para-cruz-roja-de-alfonso-aramburu-en-la-fundacion-caja-rural-del-sur-de-huelva\/","og_locale":"pt_PT","og_type":"article","og_title":"Exposici\u00f3n solidaria para Cruz Roja de Alfonso Aramburu en la Fundaci\u00f3n Caja Rural del Sur de Huelva - Fundaci\u00f3n Caja Rural del Sur","og_description":"El Centro Cultural Jos\u00e9 Luis Garc\u00eda Palacios\u00a0de la Fundaci\u00f3n Caja Rural del Sur acoge un a\u00f1o m\u00e1s una exposici\u00f3n pict\u00f3rica de\u00a0Alfonso Aramburu, que se podr\u00e1 visitar hasta el pr\u00f3ximo 5 [&hellip;]","og_url":"https:\/\/fundacioncajaruraldelsur.com\/pt\/exposicion-solidaria-para-cruz-roja-de-alfonso-aramburu-en-la-fundacion-caja-rural-del-sur-de-huelva\/","og_site_name":"Fundaci\u00f3n Caja Rural del Sur","article_published_time":"2023-01-04T09:51:46+00:00","og_image":[{"width":1920,"height":1080,"url":"https:\/\/fundacioncajaruraldelsur.com\/wp-content\/uploads\/2023\/01\/Alfonso-Aramburu-Caja-Rural.jpg","type":"image\/jpeg"}],"author":"Comunicaci\u00f3n","twitter_card":"summary_large_image","twitter_misc":{"Written by":"Comunicaci\u00f3n","Est. reading time":"2 minutes"},"schema":{"@context":"https:\/\/schema.org","@graph":[{"@type":"Article","@id":"https:\/\/fundacioncajaruraldelsur.com\/exposicion-solidaria-para-cruz-roja-de-alfonso-aramburu-en-la-fundacion-caja-rural-del-sur-de-huelva\/#article","isPartOf":{"@id":"https:\/\/fundacioncajaruraldelsur.com\/exposicion-solidaria-para-cruz-roja-de-alfonso-aramburu-en-la-fundacion-caja-rural-del-sur-de-huelva\/"},"author":{"name":"Comunicaci\u00f3n","@id":"https:\/\/fundacioncajaruraldelsur.com\/#\/schema\/person\/f430da9fb783d505ff061ad8b3d44577"},"headline":"Exposici\u00f3n solidaria para Cruz Roja de Alfonso Aramburu en la Fundaci\u00f3n Caja Rural del Sur de Huelva","datePublished":"2023-01-04T09:51:46+00:00","mainEntityOfPage":{"@id":"https:\/\/fundacioncajaruraldelsur.com\/exposicion-solidaria-para-cruz-roja-de-alfonso-aramburu-en-la-fundacion-caja-rural-del-sur-de-huelva\/"},"wordCount":468,"image":{"@id":"https:\/\/fundacioncajaruraldelsur.com\/exposicion-solidaria-para-cruz-roja-de-alfonso-aramburu-en-la-fundacion-caja-rural-del-sur-de-huelva\/#primaryimage"},"thumbnailUrl":"https:\/\/fundacioncajaruraldelsur.com\/wp-content\/uploads\/2023\/01\/Alfonso-Aramburu-Caja-Rural.jpg","articleSection":["Exposiciones"],"inLanguage":"pt-PT"},{"@type":"WebPage","@id":"https:\/\/fundacioncajaruraldelsur.com\/exposicion-solidaria-para-cruz-roja-de-alfonso-aramburu-en-la-fundacion-caja-rural-del-sur-de-huelva\/","url":"https:\/\/fundacioncajaruraldelsur.com\/exposicion-solidaria-para-cruz-roja-de-alfonso-aramburu-en-la-fundacion-caja-rural-del-sur-de-huelva\/","name":"Exposici\u00f3n solidaria para Cruz Roja de Alfonso Aramburu en la Fundaci\u00f3n Caja Rural del Sur de Huelva - Fundaci\u00f3n Caja Rural del Sur","isPartOf":{"@id":"https:\/\/fundacioncajaruraldelsur.com\/#website"},"primaryImageOfPage":{"@id":"https:\/\/fundacioncajaruraldelsur.com\/exposicion-solidaria-para-cruz-roja-de-alfonso-aramburu-en-la-fundacion-caja-rural-del-sur-de-huelva\/#primaryimage"},"image":{"@id":"https:\/\/fundacioncajaruraldelsur.com\/exposicion-solidaria-para-cruz-roja-de-alfonso-aramburu-en-la-fundacion-caja-rural-del-sur-de-huelva\/#primaryimage"},"thumbnailUrl":"https:\/\/fundacioncajaruraldelsur.com\/wp-content\/uploads\/2023\/01\/Alfonso-Aramburu-Caja-Rural.jpg","datePublished":"2023-01-04T09:51:46+00:00","author":{"@id":"https:\/\/fundacioncajaruraldelsur.com\/#\/schema\/person\/f430da9fb783d505ff061ad8b3d44577"},"breadcrumb":{"@id":"https:\/\/fundacioncajaruraldelsur.com\/exposicion-solidaria-para-cruz-roja-de-alfonso-aramburu-en-la-fundacion-caja-rural-del-sur-de-huelva\/#breadcrumb"},"inLanguage":"pt-PT","potentialAction":[{"@type":"ReadAction","target":["https:\/\/fundacioncajaruraldelsur.com\/exposicion-solidaria-para-cruz-roja-de-alfonso-aramburu-en-la-fundacion-caja-rural-del-sur-de-huelva\/"]}]},{"@type":"ImageObject","inLanguage":"pt-PT","@id":"https:\/\/fundacioncajaruraldelsur.com\/exposicion-solidaria-para-cruz-roja-de-alfonso-aramburu-en-la-fundacion-caja-rural-del-sur-de-huelva\/#primaryimage","url":"https:\/\/fundacioncajaruraldelsur.com\/wp-content\/uploads\/2023\/01\/Alfonso-Aramburu-Caja-Rural.jpg","contentUrl":"https:\/\/fundacioncajaruraldelsur.com\/wp-content\/uploads\/2023\/01\/Alfonso-Aramburu-Caja-Rural.jpg","width":1920,"height":1080},{"@type":"BreadcrumbList","@id":"https:\/\/fundacioncajaruraldelsur.com\/exposicion-solidaria-para-cruz-roja-de-alfonso-aramburu-en-la-fundacion-caja-rural-del-sur-de-huelva\/#breadcrumb","itemListElement":[{"@type":"ListItem","position":1,"name":"Portada","item":"https:\/\/fundacioncajaruraldelsur.com\/"},{"@type":"ListItem","position":2,"name":"Exposici\u00f3n solidaria para Cruz Roja de Alfonso Aramburu en la Fundaci\u00f3n Caja Rural del Sur de Huelva"}]},{"@type":"WebSite","@id":"https:\/\/fundacioncajaruraldelsur.com\/#website","url":"https:\/\/fundacioncajaruraldelsur.com\/","name":"Funda\u00e7\u00e3o Caja Rural del Sur","description":"","potentialAction":[{"@type":"SearchAction","target":{"@type":"EntryPoint","urlTemplate":"https:\/\/fundacioncajaruraldelsur.com\/?s={search_term_string}"},"query-input":{"@type":"PropertyValueSpecification","valueRequired":true,"valueName":"search_term_string"}}],"inLanguage":"pt-PT"},{"@type":"Person","@id":"https:\/\/fundacioncajaruraldelsur.com\/#\/schema\/person\/f430da9fb783d505ff061ad8b3d44577","name":"Comunicaci\u00f3n","image":{"@type":"ImageObject","inLanguage":"pt-PT","@id":"https:\/\/secure.gravatar.com\/avatar\/0dca239875993680bac4603ad2de7942da018f52cc3a244578e0b3b09314a8d8?s=96&d=blank&r=g","url":"https:\/\/secure.gravatar.com\/avatar\/0dca239875993680bac4603ad2de7942da018f52cc3a244578e0b3b09314a8d8?s=96&d=blank&r=g","contentUrl":"https:\/\/secure.gravatar.com\/avatar\/0dca239875993680bac4603ad2de7942da018f52cc3a244578e0b3b09314a8d8?s=96&d=blank&r=g","caption":"Comunicaci\u00f3n"}}]}},"rttpg_featured_image_url":{"full":["https:\/\/fundacioncajaruraldelsur.com\/wp-content\/uploads\/2023\/01\/Alfonso-Aramburu-Caja-Rural.jpg",1920,1080,false],"landscape":["https:\/\/fundacioncajaruraldelsur.com\/wp-content\/uploads\/2023\/01\/Alfonso-Aramburu-Caja-Rural.jpg",1920,1080,false],"portraits":["https:\/\/fundacioncajaruraldelsur.com\/wp-content\/uploads\/2023\/01\/Alfonso-Aramburu-Caja-Rural.jpg",1920,1080,false],"thumbnail":["https:\/\/fundacioncajaruraldelsur.com\/wp-content\/uploads\/2023\/01\/Alfonso-Aramburu-Caja-Rural-150x150.jpg",150,150,true],"medium":["https:\/\/fundacioncajaruraldelsur.com\/wp-content\/uploads\/2023\/01\/Alfonso-Aramburu-Caja-Rural-300x169.jpg",300,169,true],"large":["https:\/\/fundacioncajaruraldelsur.com\/wp-content\/uploads\/2023\/01\/Alfonso-Aramburu-Caja-Rural-1024x576.jpg",960,540,true],"1536x1536":["https:\/\/fundacioncajaruraldelsur.com\/wp-content\/uploads\/2023\/01\/Alfonso-Aramburu-Caja-Rural-1536x864.jpg",1536,864,true],"2048x2048":["https:\/\/fundacioncajaruraldelsur.com\/wp-content\/uploads\/2023\/01\/Alfonso-Aramburu-Caja-Rural.jpg",1920,1080,false],"trp-custom-language-flag":["https:\/\/fundacioncajaruraldelsur.com\/wp-content\/uploads\/2023\/01\/Alfonso-Aramburu-Caja-Rural.jpg",18,10,false],"blog-thumbnail":["https:\/\/fundacioncajaruraldelsur.com\/wp-content\/uploads\/2023\/01\/Alfonso-Aramburu-Caja-Rural-400x200.jpg",400,200,true]},"rttpg_author":{"display_name":"Comunicaci\u00f3n","author_link":"https:\/\/fundacioncajaruraldelsur.com\/pt\/author\/sevillaadmin\/"},"rttpg_comment":0,"rttpg_category":"<a href=\"https:\/\/fundacioncajaruraldelsur.com\/pt\/category\/exposiciones\/\" rel=\"category tag\">Exposiciones<\/a>","rttpg_excerpt":"El Centro Cultural Jos\u00e9 Luis Garc\u00eda Palacios\u00a0de la Fundaci\u00f3n Caja Rural del Sur acoge un a\u00f1o m\u00e1s una exposici\u00f3n pict\u00f3rica de\u00a0Alfonso Aramburu, que se podr\u00e1 visitar hasta el pr\u00f3ximo 5 [&hellip;]","_links":{"self":[{"href":"https:\/\/fundacioncajaruraldelsur.com\/pt\/wp-json\/wp\/v2\/posts\/8231","targetHints":{"allow":["GET"]}}],"collection":[{"href":"https:\/\/fundacioncajaruraldelsur.com\/pt\/wp-json\/wp\/v2\/posts"}],"about":[{"href":"https:\/\/fundacioncajaruraldelsur.com\/pt\/wp-json\/wp\/v2\/types\/post"}],"author":[{"embeddable":true,"href":"https:\/\/fundacioncajaruraldelsur.com\/pt\/wp-json\/wp\/v2\/users\/6"}],"replies":[{"embeddable":true,"href":"https:\/\/fundacioncajaruraldelsur.com\/pt\/wp-json\/wp\/v2\/comments?post=8231"}],"version-history":[{"count":1,"href":"https:\/\/fundacioncajaruraldelsur.com\/pt\/wp-json\/wp\/v2\/posts\/8231\/revisions"}],"predecessor-version":[{"id":8233,"href":"https:\/\/fundacioncajaruraldelsur.com\/pt\/wp-json\/wp\/v2\/posts\/8231\/revisions\/8233"}],"wp:featuredmedia":[{"embeddable":true,"href":"https:\/\/fundacioncajaruraldelsur.com\/pt\/wp-json\/wp\/v2\/media\/8232"}],"wp:attachment":[{"href":"https:\/\/fundacioncajaruraldelsur.com\/pt\/wp-json\/wp\/v2\/media?parent=8231"}],"wp:term":[{"taxonomy":"category","embeddable":true,"href":"https:\/\/fundacioncajaruraldelsur.com\/pt\/wp-json\/wp\/v2\/categories?post=8231"},{"taxonomy":"post_tag","embeddable":true,"href":"https:\/\/fundacioncajaruraldelsur.com\/pt\/wp-json\/wp\/v2\/tags?post=8231"}],"curies":[{"name":"wp","href":"https:\/\/api.w.org\/{rel}","templated":true}]}}