{"id":8215,"date":"2022-12-23T09:39:27","date_gmt":"2022-12-23T07:39:27","guid":{"rendered":"\/?p=8215"},"modified":"2022-12-23T09:40:46","modified_gmt":"2022-12-23T07:40:46","slug":"iv-concurso-de-campanilleros-y-villancicos-de-ceu-cope-sevilla-y-fundacion-caja-rural-del-sur","status":"publish","type":"post","link":"https:\/\/fundacioncajaruraldelsur.com\/pt\/iv-concurso-de-campanilleros-y-villancicos-de-ceu-cope-sevilla-y-fundacion-caja-rural-del-sur\/","title":{"rendered":"IV Concurso de Campanilleros y  Villancicos de CEU, COPE Sevilla y Fundaci\u00f3n Caja Rural del Sur"},"content":{"rendered":"<p class=\"voc-p\"><strong>Parranda del Hogar Canario de Sevilla<\/strong>\u00a0se proclam\u00f3 de nuevo campe\u00f3n en la gran final del<strong>\u00a0IV Concurso de Campanilleros, Villancicos y Canciones de Navidad 2022<\/strong>\u00a0organizado por la<strong>\u00a0Fundaci\u00f3n San Pablo Andaluc\u00eda CEU, COPE Sevilla y la Fundaci\u00f3n Caja Rural del Sur<\/strong>. Ni\u00f1os, j\u00f3venes y mayores llenaron el sal\u00f3n de actos de la Fundaci\u00f3n Caja Rural del Sur y participaron en esta bonita iniciativa que tiene como objetivo fomentar a trav\u00e9s de la m\u00fasica la cultura y las tradiciones propias del tiempo de Adviento, invitando a disfrutar en familia y poniendo en valor la buena nueva del Nacimiento del Ni\u00f1o Jes\u00fas. Asimismo, esta ha sido la edici\u00f3n m\u00e1s numerosa, con un total de 17 grupos participantes.<\/p>\n<p class=\"voc-p\">Los coros de la Hermandad del Roc\u00edo de La Algaba, del Colegio Buen Pastor (Primaria), Contra Viento y Marea, Campanilleros CEIP Pr\u00edncipe Felipe, Parranda del Hogar Canario de Sevilla y Nuestro Padre Jes\u00fas Nazareno fueron los seis grupos finalistas e interpretaron temas populares y composiciones propias. Entre otros: &#8216;\u00a1Ay! Luna lunera&#8217;, &#8216;Una estrellita&#8217;, &#8216;Canci\u00f3n de Navidad&#8217;, &#8216;Lleg\u00f3 la Navidad&#8217;, &#8216;Fuera las penas&#8217; de Triana Pura, &#8216;Popurr\u00ed de villancicos populares&#8217;, &#8216;Sue\u00f1o&#8217;, &#8216;Adorarle&#8217;, &#8216;Ven conmigo pastorcito&#8217;, &#8216;Corre caballito&#8217;, &#8216;La nana de la luna&#8217; y &#8216;El desvelo&#8217;.<\/p>\n<div class=\"voc-advertising\">\n<div class=\"voc-advertising__item\">\n<div id=\"layer_inpage-id\" data-voc-vam=\"\" data-voc-vam-position=\"layer_inpage\" data-voc-vam-displayed=\"true\">\n<div id=\"_wmass_27319999998807907\">\n<div id=\"jw-0790707907\" class=\"jwplayer jw-reset jw-state-paused jw-stretch-uniform jw-flag-aspect-mode jw-flag-controls-hidden jw-flag-outstream jw-breakpoint-4 jw-flag-ads\" tabindex=\"0\" role=\"application\" aria-label=\"Reproductor de Video\">\n<div class=\"jw-wrapper jw-reset\">\n<div class=\"wm-publi\">Tras dos a\u00f1os de pandemia se recuper\u00f3<strong>\u00a0una de las tradiciones m\u00e1s arraigadas en la ciudad<\/strong>: los campanilleros cantaron a la Navidad, promoviendo los valores de siempre y compartiendo la m\u00fasica como f\u00f3rmula de expresi\u00f3n de la cultura cristiana. Sobre el escenario gran dosis de talento, emoci\u00f3n, tradici\u00f3n, pasi\u00f3n, entrega, creatividad y entusiasmo de cada uno de los grupos. Voces llegadas de distintos puntos de Andaluc\u00eda, que han emocionado y que han ayudado a recordar el verdadero sentido de estos d\u00edas pr\u00f3ximos a la Navidad:<strong>\u00a0el nacimiento del ni\u00f1o Jes\u00fas<\/strong>.<\/div>\n<\/div>\n<\/div>\n<\/div>\n<\/div>\n<\/div>\n<\/div>\n<p class=\"voc-p\">El jurado -formado por<strong>\u00a0Javier S\u00e1nchez-Rivas<\/strong>, presidente de la Fundaci\u00f3n Sevillana de Zarzuela y vicedecano de Relaciones Institucionales de la Facultad de Derecho de la Universidad de Sevilla;<strong>\u00a0Daniel Alberola<\/strong>, catedr\u00e1tico del Conservatorio Superior de Sevilla; y\u00a0<strong>Virginia Borrero<\/strong>, doctora en m\u00fasica, profesora universitaria y responsable del \u00e1rea del Proyectos Musicales de CEU Andaluc\u00eda- destac\u00f3 el alto nivel de los grupos participantes y entreg\u00f3 los premios econ\u00f3micos adem\u00e1s de un diploma. Asimismo, y por primera vez en este certamen, se concedi\u00f3 un tercer premio compartido entre los coros del Colegio Buen Pastor y CEIP Pr\u00edncipe Felipe. Sus directores musicales,\u00a0<strong>Felipe Chaparro y Adelaida Castillo<\/strong>, agradecieron este reconocimiento, al ser para ambos su debut en este concurso.<\/p>\n<p class=\"voc-p\">El segundo premio recay\u00f3 en el\u00a0<strong>Coro Nuestro Padre Jes\u00fas Nazareno<\/strong>\u00a0(Las Cabezas) y el primer premio fue para los integrantes de\u00a0<strong>Parranda del Hogar Canario de Sevilla<\/strong>. Este coro, cuyo germen est\u00e1 muy vinculado al Hogar Canario de Sevilla, lo componen unas veinticinco voces masculinas e instrumentistas, con m\u00e1s de diez a\u00f1os de experiencia.<\/p>\n<p class=\"voc-p\">Junto al jurado, estuvieron presentes el Director de Relaciones Institucionales de la Fundaci\u00f3n Caja Rural del Sur,\u00a0<strong>Manuel Ruiz<\/strong>, el Director de Proyecci\u00f3n Social y Comunicaci\u00f3n de CEU Andaluc\u00eda,\u00a0<strong>Enrique Belloso<\/strong>, y el director de COPE Sevilla,\u00a0<strong>Joaqu\u00edn L\u00f3pez-S\u00e1ez.<\/strong><\/p>\n<p class=\"voc-p\">1\u00ba Premio: Parranda del Hogar Canario de Sevilla<\/p>\n<p class=\"voc-p\">2\u00ba Premio: Coro Nuestro Padre Jes\u00fas Nazareno<\/p>\n<div id=\"_wmass_27319999998807907-multi1\">\n<div id=\"sm-it-main-container-1671781065138\" class=\"sm-it-main-container\" data-it=\"55b10a69-15c8-4b42-ac55-092cef0f82fd\" data-device=\"desktop\" data-index=\"0\">\n<div id=\"sm-reference-1671781065138\" class=\"sm-reference\">3\u00ba Premio: Colegio Buen Pastor (Primaria) y CEIP Pr\u00edncipe Felipe<\/div>\n<\/div>\n<\/div>\n<p class=\"voc-p\">Menciones de Honor: Contra Viento y Marea y Coro de la Hermandad del Roc\u00edo de la Algaba.<\/p>\n<p class=\"voc-p\">Para finalizar el acto, todos los grupos interpretaron juntos un popurr\u00ed de villancicos, deseando una Feliz Navidad.<\/p>","protected":false},"excerpt":{"rendered":"<p>Parranda del Hogar Canario de Sevilla\u00a0se proclam\u00f3 de nuevo campe\u00f3n en la gran final del\u00a0IV Concurso de Campanilleros, Villancicos y Canciones de Navidad 2022\u00a0organizado por la\u00a0Fundaci\u00f3n San Pablo Andaluc\u00eda CEU, [&hellip;]<\/p>\n","protected":false},"author":6,"featured_media":8216,"comment_status":"closed","ping_status":"closed","sticky":false,"template":"","format":"standard","meta":{"footnotes":""},"categories":[66],"tags":[],"class_list":["post-8215","post","type-post","status-publish","format-standard","has-post-thumbnail","hentry","category-actos"],"yoast_head":"<!-- This site is optimized with the Yoast SEO plugin v27.3 - https:\/\/yoast.com\/product\/yoast-seo-wordpress\/ -->\n<title>IV Concurso de Campanilleros y Villancicos de CEU, COPE Sevilla y Fundaci\u00f3n Caja Rural del Sur - Fundaci\u00f3n Caja Rural del Sur<\/title>\n<meta name=\"robots\" content=\"index, follow, max-snippet:-1, max-image-preview:large, max-video-preview:-1\" \/>\n<link rel=\"canonical\" href=\"https:\/\/fundacioncajaruraldelsur.com\/pt\/iv-concurso-de-campanilleros-y-villancicos-de-ceu-cope-sevilla-y-fundacion-caja-rural-del-sur\/\" \/>\n<meta property=\"og:locale\" content=\"pt_PT\" \/>\n<meta property=\"og:type\" content=\"article\" \/>\n<meta property=\"og:title\" content=\"IV Concurso de Campanilleros y Villancicos de CEU, COPE Sevilla y Fundaci\u00f3n Caja Rural del Sur - Fundaci\u00f3n Caja Rural del Sur\" \/>\n<meta property=\"og:description\" content=\"Parranda del Hogar Canario de Sevilla\u00a0se proclam\u00f3 de nuevo campe\u00f3n en la gran final del\u00a0IV Concurso de Campanilleros, Villancicos y Canciones de Navidad 2022\u00a0organizado por la\u00a0Fundaci\u00f3n San Pablo Andaluc\u00eda CEU, [&hellip;]\" \/>\n<meta property=\"og:url\" content=\"https:\/\/fundacioncajaruraldelsur.com\/pt\/iv-concurso-de-campanilleros-y-villancicos-de-ceu-cope-sevilla-y-fundacion-caja-rural-del-sur\/\" \/>\n<meta property=\"og:site_name\" content=\"Fundaci\u00f3n Caja Rural del Sur\" \/>\n<meta property=\"article:published_time\" content=\"2022-12-23T07:39:27+00:00\" \/>\n<meta property=\"article:modified_time\" content=\"2022-12-23T07:40:46+00:00\" \/>\n<meta property=\"og:image\" content=\"https:\/\/fundacioncajaruraldelsur.com\/wp-content\/uploads\/2022\/12\/CEU.jpg\" \/>\n\t<meta property=\"og:image:width\" content=\"758\" \/>\n\t<meta property=\"og:image:height\" content=\"531\" \/>\n\t<meta property=\"og:image:type\" content=\"image\/jpeg\" \/>\n<meta name=\"author\" content=\"Comunicaci\u00f3n\" \/>\n<meta name=\"twitter:card\" content=\"summary_large_image\" \/>\n<meta name=\"twitter:label1\" content=\"Written by\" \/>\n\t<meta name=\"twitter:data1\" content=\"Comunicaci\u00f3n\" \/>\n\t<meta name=\"twitter:label2\" content=\"Est. reading time\" \/>\n\t<meta name=\"twitter:data2\" content=\"3 minutes\" \/>\n<script type=\"application\/ld+json\" class=\"yoast-schema-graph\">{\"@context\":\"https:\\\/\\\/schema.org\",\"@graph\":[{\"@type\":\"Article\",\"@id\":\"https:\\\/\\\/fundacioncajaruraldelsur.com\\\/iv-concurso-de-campanilleros-y-villancicos-de-ceu-cope-sevilla-y-fundacion-caja-rural-del-sur\\\/#article\",\"isPartOf\":{\"@id\":\"https:\\\/\\\/fundacioncajaruraldelsur.com\\\/iv-concurso-de-campanilleros-y-villancicos-de-ceu-cope-sevilla-y-fundacion-caja-rural-del-sur\\\/\"},\"author\":{\"name\":\"Comunicaci\u00f3n\",\"@id\":\"https:\\\/\\\/fundacioncajaruraldelsur.com\\\/#\\\/schema\\\/person\\\/f430da9fb783d505ff061ad8b3d44577\"},\"headline\":\"IV Concurso de Campanilleros y Villancicos de CEU, COPE Sevilla y Fundaci\u00f3n Caja Rural del Sur\",\"datePublished\":\"2022-12-23T07:39:27+00:00\",\"dateModified\":\"2022-12-23T07:40:46+00:00\",\"mainEntityOfPage\":{\"@id\":\"https:\\\/\\\/fundacioncajaruraldelsur.com\\\/iv-concurso-de-campanilleros-y-villancicos-de-ceu-cope-sevilla-y-fundacion-caja-rural-del-sur\\\/\"},\"wordCount\":625,\"image\":{\"@id\":\"https:\\\/\\\/fundacioncajaruraldelsur.com\\\/iv-concurso-de-campanilleros-y-villancicos-de-ceu-cope-sevilla-y-fundacion-caja-rural-del-sur\\\/#primaryimage\"},\"thumbnailUrl\":\"https:\\\/\\\/fundacioncajaruraldelsur.com\\\/wp-content\\\/uploads\\\/2022\\\/12\\\/CEU.jpg\",\"articleSection\":[\"Actos\"],\"inLanguage\":\"pt-PT\"},{\"@type\":\"WebPage\",\"@id\":\"https:\\\/\\\/fundacioncajaruraldelsur.com\\\/iv-concurso-de-campanilleros-y-villancicos-de-ceu-cope-sevilla-y-fundacion-caja-rural-del-sur\\\/\",\"url\":\"https:\\\/\\\/fundacioncajaruraldelsur.com\\\/iv-concurso-de-campanilleros-y-villancicos-de-ceu-cope-sevilla-y-fundacion-caja-rural-del-sur\\\/\",\"name\":\"IV Concurso de Campanilleros y Villancicos de CEU, COPE Sevilla y Fundaci\u00f3n Caja Rural del Sur - Fundaci\u00f3n Caja Rural del Sur\",\"isPartOf\":{\"@id\":\"https:\\\/\\\/fundacioncajaruraldelsur.com\\\/#website\"},\"primaryImageOfPage\":{\"@id\":\"https:\\\/\\\/fundacioncajaruraldelsur.com\\\/iv-concurso-de-campanilleros-y-villancicos-de-ceu-cope-sevilla-y-fundacion-caja-rural-del-sur\\\/#primaryimage\"},\"image\":{\"@id\":\"https:\\\/\\\/fundacioncajaruraldelsur.com\\\/iv-concurso-de-campanilleros-y-villancicos-de-ceu-cope-sevilla-y-fundacion-caja-rural-del-sur\\\/#primaryimage\"},\"thumbnailUrl\":\"https:\\\/\\\/fundacioncajaruraldelsur.com\\\/wp-content\\\/uploads\\\/2022\\\/12\\\/CEU.jpg\",\"datePublished\":\"2022-12-23T07:39:27+00:00\",\"dateModified\":\"2022-12-23T07:40:46+00:00\",\"author\":{\"@id\":\"https:\\\/\\\/fundacioncajaruraldelsur.com\\\/#\\\/schema\\\/person\\\/f430da9fb783d505ff061ad8b3d44577\"},\"breadcrumb\":{\"@id\":\"https:\\\/\\\/fundacioncajaruraldelsur.com\\\/iv-concurso-de-campanilleros-y-villancicos-de-ceu-cope-sevilla-y-fundacion-caja-rural-del-sur\\\/#breadcrumb\"},\"inLanguage\":\"pt-PT\",\"potentialAction\":[{\"@type\":\"ReadAction\",\"target\":[\"https:\\\/\\\/fundacioncajaruraldelsur.com\\\/iv-concurso-de-campanilleros-y-villancicos-de-ceu-cope-sevilla-y-fundacion-caja-rural-del-sur\\\/\"]}]},{\"@type\":\"ImageObject\",\"inLanguage\":\"pt-PT\",\"@id\":\"https:\\\/\\\/fundacioncajaruraldelsur.com\\\/iv-concurso-de-campanilleros-y-villancicos-de-ceu-cope-sevilla-y-fundacion-caja-rural-del-sur\\\/#primaryimage\",\"url\":\"https:\\\/\\\/fundacioncajaruraldelsur.com\\\/wp-content\\\/uploads\\\/2022\\\/12\\\/CEU.jpg\",\"contentUrl\":\"https:\\\/\\\/fundacioncajaruraldelsur.com\\\/wp-content\\\/uploads\\\/2022\\\/12\\\/CEU.jpg\",\"width\":758,\"height\":531},{\"@type\":\"BreadcrumbList\",\"@id\":\"https:\\\/\\\/fundacioncajaruraldelsur.com\\\/iv-concurso-de-campanilleros-y-villancicos-de-ceu-cope-sevilla-y-fundacion-caja-rural-del-sur\\\/#breadcrumb\",\"itemListElement\":[{\"@type\":\"ListItem\",\"position\":1,\"name\":\"Portada\",\"item\":\"https:\\\/\\\/fundacioncajaruraldelsur.com\\\/\"},{\"@type\":\"ListItem\",\"position\":2,\"name\":\"IV Concurso de Campanilleros y Villancicos de CEU, COPE Sevilla y Fundaci\u00f3n Caja Rural del Sur\"}]},{\"@type\":\"WebSite\",\"@id\":\"https:\\\/\\\/fundacioncajaruraldelsur.com\\\/#website\",\"url\":\"https:\\\/\\\/fundacioncajaruraldelsur.com\\\/\",\"name\":\"Fundaci\u00f3n Caja Rural del Sur\",\"description\":\"\",\"potentialAction\":[{\"@type\":\"SearchAction\",\"target\":{\"@type\":\"EntryPoint\",\"urlTemplate\":\"https:\\\/\\\/fundacioncajaruraldelsur.com\\\/?s={search_term_string}\"},\"query-input\":{\"@type\":\"PropertyValueSpecification\",\"valueRequired\":true,\"valueName\":\"search_term_string\"}}],\"inLanguage\":\"pt-PT\"},{\"@type\":\"Person\",\"@id\":\"https:\\\/\\\/fundacioncajaruraldelsur.com\\\/#\\\/schema\\\/person\\\/f430da9fb783d505ff061ad8b3d44577\",\"name\":\"Comunicaci\u00f3n\",\"image\":{\"@type\":\"ImageObject\",\"inLanguage\":\"pt-PT\",\"@id\":\"https:\\\/\\\/secure.gravatar.com\\\/avatar\\\/0dca239875993680bac4603ad2de7942da018f52cc3a244578e0b3b09314a8d8?s=96&d=blank&r=g\",\"url\":\"https:\\\/\\\/secure.gravatar.com\\\/avatar\\\/0dca239875993680bac4603ad2de7942da018f52cc3a244578e0b3b09314a8d8?s=96&d=blank&r=g\",\"contentUrl\":\"https:\\\/\\\/secure.gravatar.com\\\/avatar\\\/0dca239875993680bac4603ad2de7942da018f52cc3a244578e0b3b09314a8d8?s=96&d=blank&r=g\",\"caption\":\"Comunicaci\u00f3n\"}}]}<\/script>\n<!-- \/ Yoast SEO plugin. -->","yoast_head_json":{"title":"IV Concurso de Campanilleros y Villancicos de CEU, COPE Sevilla y Fundaci\u00f3n Caja Rural del Sur - Fundaci\u00f3n Caja Rural del Sur","robots":{"index":"index","follow":"follow","max-snippet":"max-snippet:-1","max-image-preview":"max-image-preview:large","max-video-preview":"max-video-preview:-1"},"canonical":"https:\/\/fundacioncajaruraldelsur.com\/pt\/iv-concurso-de-campanilleros-y-villancicos-de-ceu-cope-sevilla-y-fundacion-caja-rural-del-sur\/","og_locale":"pt_PT","og_type":"article","og_title":"IV Concurso de Campanilleros y Villancicos de CEU, COPE Sevilla y Fundaci\u00f3n Caja Rural del Sur - Fundaci\u00f3n Caja Rural del Sur","og_description":"Parranda del Hogar Canario de Sevilla\u00a0se proclam\u00f3 de nuevo campe\u00f3n en la gran final del\u00a0IV Concurso de Campanilleros, Villancicos y Canciones de Navidad 2022\u00a0organizado por la\u00a0Fundaci\u00f3n San Pablo Andaluc\u00eda CEU, [&hellip;]","og_url":"https:\/\/fundacioncajaruraldelsur.com\/pt\/iv-concurso-de-campanilleros-y-villancicos-de-ceu-cope-sevilla-y-fundacion-caja-rural-del-sur\/","og_site_name":"Fundaci\u00f3n Caja Rural del Sur","article_published_time":"2022-12-23T07:39:27+00:00","article_modified_time":"2022-12-23T07:40:46+00:00","og_image":[{"width":758,"height":531,"url":"https:\/\/fundacioncajaruraldelsur.com\/wp-content\/uploads\/2022\/12\/CEU.jpg","type":"image\/jpeg"}],"author":"Comunicaci\u00f3n","twitter_card":"summary_large_image","twitter_misc":{"Written by":"Comunicaci\u00f3n","Est. reading time":"3 minutes"},"schema":{"@context":"https:\/\/schema.org","@graph":[{"@type":"Article","@id":"https:\/\/fundacioncajaruraldelsur.com\/iv-concurso-de-campanilleros-y-villancicos-de-ceu-cope-sevilla-y-fundacion-caja-rural-del-sur\/#article","isPartOf":{"@id":"https:\/\/fundacioncajaruraldelsur.com\/iv-concurso-de-campanilleros-y-villancicos-de-ceu-cope-sevilla-y-fundacion-caja-rural-del-sur\/"},"author":{"name":"Comunicaci\u00f3n","@id":"https:\/\/fundacioncajaruraldelsur.com\/#\/schema\/person\/f430da9fb783d505ff061ad8b3d44577"},"headline":"IV Concurso de Campanilleros y Villancicos de CEU, COPE Sevilla y Fundaci\u00f3n Caja Rural del Sur","datePublished":"2022-12-23T07:39:27+00:00","dateModified":"2022-12-23T07:40:46+00:00","mainEntityOfPage":{"@id":"https:\/\/fundacioncajaruraldelsur.com\/iv-concurso-de-campanilleros-y-villancicos-de-ceu-cope-sevilla-y-fundacion-caja-rural-del-sur\/"},"wordCount":625,"image":{"@id":"https:\/\/fundacioncajaruraldelsur.com\/iv-concurso-de-campanilleros-y-villancicos-de-ceu-cope-sevilla-y-fundacion-caja-rural-del-sur\/#primaryimage"},"thumbnailUrl":"https:\/\/fundacioncajaruraldelsur.com\/wp-content\/uploads\/2022\/12\/CEU.jpg","articleSection":["Actos"],"inLanguage":"pt-PT"},{"@type":"WebPage","@id":"https:\/\/fundacioncajaruraldelsur.com\/iv-concurso-de-campanilleros-y-villancicos-de-ceu-cope-sevilla-y-fundacion-caja-rural-del-sur\/","url":"https:\/\/fundacioncajaruraldelsur.com\/iv-concurso-de-campanilleros-y-villancicos-de-ceu-cope-sevilla-y-fundacion-caja-rural-del-sur\/","name":"IV Concurso de Campanilleros y Villancicos de CEU, COPE Sevilla y Fundaci\u00f3n Caja Rural del Sur - Fundaci\u00f3n Caja Rural del Sur","isPartOf":{"@id":"https:\/\/fundacioncajaruraldelsur.com\/#website"},"primaryImageOfPage":{"@id":"https:\/\/fundacioncajaruraldelsur.com\/iv-concurso-de-campanilleros-y-villancicos-de-ceu-cope-sevilla-y-fundacion-caja-rural-del-sur\/#primaryimage"},"image":{"@id":"https:\/\/fundacioncajaruraldelsur.com\/iv-concurso-de-campanilleros-y-villancicos-de-ceu-cope-sevilla-y-fundacion-caja-rural-del-sur\/#primaryimage"},"thumbnailUrl":"https:\/\/fundacioncajaruraldelsur.com\/wp-content\/uploads\/2022\/12\/CEU.jpg","datePublished":"2022-12-23T07:39:27+00:00","dateModified":"2022-12-23T07:40:46+00:00","author":{"@id":"https:\/\/fundacioncajaruraldelsur.com\/#\/schema\/person\/f430da9fb783d505ff061ad8b3d44577"},"breadcrumb":{"@id":"https:\/\/fundacioncajaruraldelsur.com\/iv-concurso-de-campanilleros-y-villancicos-de-ceu-cope-sevilla-y-fundacion-caja-rural-del-sur\/#breadcrumb"},"inLanguage":"pt-PT","potentialAction":[{"@type":"ReadAction","target":["https:\/\/fundacioncajaruraldelsur.com\/iv-concurso-de-campanilleros-y-villancicos-de-ceu-cope-sevilla-y-fundacion-caja-rural-del-sur\/"]}]},{"@type":"ImageObject","inLanguage":"pt-PT","@id":"https:\/\/fundacioncajaruraldelsur.com\/iv-concurso-de-campanilleros-y-villancicos-de-ceu-cope-sevilla-y-fundacion-caja-rural-del-sur\/#primaryimage","url":"https:\/\/fundacioncajaruraldelsur.com\/wp-content\/uploads\/2022\/12\/CEU.jpg","contentUrl":"https:\/\/fundacioncajaruraldelsur.com\/wp-content\/uploads\/2022\/12\/CEU.jpg","width":758,"height":531},{"@type":"BreadcrumbList","@id":"https:\/\/fundacioncajaruraldelsur.com\/iv-concurso-de-campanilleros-y-villancicos-de-ceu-cope-sevilla-y-fundacion-caja-rural-del-sur\/#breadcrumb","itemListElement":[{"@type":"ListItem","position":1,"name":"Portada","item":"https:\/\/fundacioncajaruraldelsur.com\/"},{"@type":"ListItem","position":2,"name":"IV Concurso de Campanilleros y Villancicos de CEU, COPE Sevilla y Fundaci\u00f3n Caja Rural del Sur"}]},{"@type":"WebSite","@id":"https:\/\/fundacioncajaruraldelsur.com\/#website","url":"https:\/\/fundacioncajaruraldelsur.com\/","name":"Funda\u00e7\u00e3o Caja Rural del Sur","description":"","potentialAction":[{"@type":"SearchAction","target":{"@type":"EntryPoint","urlTemplate":"https:\/\/fundacioncajaruraldelsur.com\/?s={search_term_string}"},"query-input":{"@type":"PropertyValueSpecification","valueRequired":true,"valueName":"search_term_string"}}],"inLanguage":"pt-PT"},{"@type":"Person","@id":"https:\/\/fundacioncajaruraldelsur.com\/#\/schema\/person\/f430da9fb783d505ff061ad8b3d44577","name":"Comunicaci\u00f3n","image":{"@type":"ImageObject","inLanguage":"pt-PT","@id":"https:\/\/secure.gravatar.com\/avatar\/0dca239875993680bac4603ad2de7942da018f52cc3a244578e0b3b09314a8d8?s=96&d=blank&r=g","url":"https:\/\/secure.gravatar.com\/avatar\/0dca239875993680bac4603ad2de7942da018f52cc3a244578e0b3b09314a8d8?s=96&d=blank&r=g","contentUrl":"https:\/\/secure.gravatar.com\/avatar\/0dca239875993680bac4603ad2de7942da018f52cc3a244578e0b3b09314a8d8?s=96&d=blank&r=g","caption":"Comunicaci\u00f3n"}}]}},"rttpg_featured_image_url":{"full":["https:\/\/fundacioncajaruraldelsur.com\/wp-content\/uploads\/2022\/12\/CEU.jpg",758,531,false],"landscape":["https:\/\/fundacioncajaruraldelsur.com\/wp-content\/uploads\/2022\/12\/CEU.jpg",758,531,false],"portraits":["https:\/\/fundacioncajaruraldelsur.com\/wp-content\/uploads\/2022\/12\/CEU.jpg",758,531,false],"thumbnail":["https:\/\/fundacioncajaruraldelsur.com\/wp-content\/uploads\/2022\/12\/CEU-150x150.jpg",150,150,true],"medium":["https:\/\/fundacioncajaruraldelsur.com\/wp-content\/uploads\/2022\/12\/CEU-300x210.jpg",300,210,true],"large":["https:\/\/fundacioncajaruraldelsur.com\/wp-content\/uploads\/2022\/12\/CEU.jpg",758,531,false],"1536x1536":["https:\/\/fundacioncajaruraldelsur.com\/wp-content\/uploads\/2022\/12\/CEU.jpg",758,531,false],"2048x2048":["https:\/\/fundacioncajaruraldelsur.com\/wp-content\/uploads\/2022\/12\/CEU.jpg",758,531,false],"trp-custom-language-flag":["https:\/\/fundacioncajaruraldelsur.com\/wp-content\/uploads\/2022\/12\/CEU.jpg",18,12,false],"blog-thumbnail":["https:\/\/fundacioncajaruraldelsur.com\/wp-content\/uploads\/2022\/12\/CEU-400x200.jpg",400,200,true]},"rttpg_author":{"display_name":"Comunicaci\u00f3n","author_link":"https:\/\/fundacioncajaruraldelsur.com\/pt\/author\/sevillaadmin\/"},"rttpg_comment":0,"rttpg_category":"<a href=\"https:\/\/fundacioncajaruraldelsur.com\/pt\/category\/actos\/\" rel=\"category tag\">Actos<\/a>","rttpg_excerpt":"Parranda del Hogar Canario de Sevilla\u00a0se proclam\u00f3 de nuevo campe\u00f3n en la gran final del\u00a0IV Concurso de Campanilleros, Villancicos y Canciones de Navidad 2022\u00a0organizado por la\u00a0Fundaci\u00f3n San Pablo Andaluc\u00eda CEU, [&hellip;]","_links":{"self":[{"href":"https:\/\/fundacioncajaruraldelsur.com\/pt\/wp-json\/wp\/v2\/posts\/8215","targetHints":{"allow":["GET"]}}],"collection":[{"href":"https:\/\/fundacioncajaruraldelsur.com\/pt\/wp-json\/wp\/v2\/posts"}],"about":[{"href":"https:\/\/fundacioncajaruraldelsur.com\/pt\/wp-json\/wp\/v2\/types\/post"}],"author":[{"embeddable":true,"href":"https:\/\/fundacioncajaruraldelsur.com\/pt\/wp-json\/wp\/v2\/users\/6"}],"replies":[{"embeddable":true,"href":"https:\/\/fundacioncajaruraldelsur.com\/pt\/wp-json\/wp\/v2\/comments?post=8215"}],"version-history":[{"count":3,"href":"https:\/\/fundacioncajaruraldelsur.com\/pt\/wp-json\/wp\/v2\/posts\/8215\/revisions"}],"predecessor-version":[{"id":8219,"href":"https:\/\/fundacioncajaruraldelsur.com\/pt\/wp-json\/wp\/v2\/posts\/8215\/revisions\/8219"}],"wp:featuredmedia":[{"embeddable":true,"href":"https:\/\/fundacioncajaruraldelsur.com\/pt\/wp-json\/wp\/v2\/media\/8216"}],"wp:attachment":[{"href":"https:\/\/fundacioncajaruraldelsur.com\/pt\/wp-json\/wp\/v2\/media?parent=8215"}],"wp:term":[{"taxonomy":"category","embeddable":true,"href":"https:\/\/fundacioncajaruraldelsur.com\/pt\/wp-json\/wp\/v2\/categories?post=8215"},{"taxonomy":"post_tag","embeddable":true,"href":"https:\/\/fundacioncajaruraldelsur.com\/pt\/wp-json\/wp\/v2\/tags?post=8215"}],"curies":[{"name":"wp","href":"https:\/\/api.w.org\/{rel}","templated":true}]}}