{"id":8073,"date":"2022-11-09T00:34:04","date_gmt":"2022-11-08T22:34:04","guid":{"rendered":"\/?p=8073"},"modified":"2022-11-09T00:38:46","modified_gmt":"2022-11-08T22:38:46","slug":"inaugurada-la-exposicion-retratos-al-limite-de-los-pintores-luis-celorio-y-angel-corral-en-la-fundacion-caja-rural-del-sur-de-sevilla","status":"publish","type":"post","link":"https:\/\/fundacioncajaruraldelsur.com\/pt\/inaugurada-la-exposicion-retratos-al-limite-de-los-pintores-luis-celorio-y-angel-corral-en-la-fundacion-caja-rural-del-sur-de-sevilla\/","title":{"rendered":"Inaugurada la exposici\u00f3n \u201cRetratos al l\u00edmite\u201d de los pintores Luis Celorio y \u00c1ngel Corral en la Fundaci\u00f3n Caja Rural del Sur de Sevilla"},"content":{"rendered":"<p>El Centro Cultural \u2018Jos\u00e9 Luis Garc\u00eda Palacios\u2019, Sala de Exposiciones de la Fundaci\u00f3n Caja Rural del Sur en Sevilla, ha inaugurado la muestra \u201cRetratos al l\u00edmite\u201d de los pintores Luis Celorio y \u00c1ngel Corral.<\/p>\n<p>La apertura de la exposici\u00f3n cont\u00f3 con la asistencia de la responsable de Gesti\u00f3n Cultural de la Fundaci\u00f3n Caja Rural del Sur, Mar\u00eda Luisa Garc\u00eda-Palacios \u00c1lvarez, quien junto con los artistas present\u00f3 la nueva muestra.<\/p>\n<p><a href=\"\/wp-content\/uploads\/2022\/11\/exposicion-7.jpeg\" rel=\"lightbox-0\"><img loading=\"lazy\" decoding=\"async\" class=\"alignnone wp-image-8077 size-large\" src=\"\/wp-content\/uploads\/2022\/11\/exposicion-7-1024x768.jpeg\" alt=\"\" width=\"960\" height=\"720\" srcset=\"https:\/\/fundacioncajaruraldelsur.com\/wp-content\/uploads\/2022\/11\/exposicion-7-1024x768.jpeg 1024w, https:\/\/fundacioncajaruraldelsur.com\/wp-content\/uploads\/2022\/11\/exposicion-7-300x225.jpeg 300w, https:\/\/fundacioncajaruraldelsur.com\/wp-content\/uploads\/2022\/11\/exposicion-7-768x576.jpeg 768w, https:\/\/fundacioncajaruraldelsur.com\/wp-content\/uploads\/2022\/11\/exposicion-7-1536x1152.jpeg 1536w, https:\/\/fundacioncajaruraldelsur.com\/wp-content\/uploads\/2022\/11\/exposicion-7.jpeg 2048w\" sizes=\"auto, (max-width: 960px) 100vw, 960px\" \/><\/a><\/p>\n<p>El horario de la exposici\u00f3n, que estar\u00e1 abierta hasta el 30 de noviembre, es de lunes a viernes de 10 a 14 horas y de 18 a 21 horas, en la sede de la entidad (C\/ Murillo,2-Sevilla).<\/p>\n<p>Luis Celorio y \u00c1ngel Corral, son dos artistas pl\u00e1sticos de C\u00f3rdoba, con una larga trayectoria, que ambos, de modo coincidente, han basado principalmente en la representaci\u00f3n de la figura humana. Los dos han expuesto en distintas ciudades andaluzas y en Madrid a lo largo de su evoluci\u00f3n art\u00edstica.<\/p>\n<p>Sin pertenecer a un grupo o movimiento art\u00edstico, los dos artistas han desarrollado una manera de entender su propia expresi\u00f3n pict\u00f3rica, que tiene muchas coincidencias.<\/p>\n<p>La exposici\u00f3n que acoge la Fundaci\u00f3n Caja Rural del Sur, titulada \u201cRetratos al l\u00edmite\u201d, plantea as\u00ed un tour de forc\u00e9 de los dos autores, situados frente a frente, Luis Celorio (1954) y \u00c1ngel Corral (1968).<\/p>\n<p>La pincelada, la textura, el color, la composici\u00f3n o la propia materia del cuadro, los define en esta exposici\u00f3n. Su pintura es rotunda, fuerte, y en muchos casos descarnada, siempre centrada en retratos y figuras humanas, la especialidad de ambos.<\/p>\n<p>Adem\u00e1s esta exposici\u00f3n implica una reflexi\u00f3n sobre los l\u00edmites del retrato al incluir obras que no son propiamente retratos, pero su precisi\u00f3n descriptiva los hace semejantes, recorriendo un camino que va desde el claroscuro de trazo preciso, al retrato a plena luz de pincelada m\u00e1s suelta y libre, hasta el expresionismo m\u00e1s gestual e impulsivo.<\/p>\n<p>Luis Celorio, con dos de sus obras expuestas.<\/p>\n<p><a href=\"\/wp-content\/uploads\/2022\/11\/luis-celorio.jpeg\" rel=\"lightbox-1\"><img loading=\"lazy\" decoding=\"async\" class=\"alignnone wp-image-8078 size-full\" src=\"\/wp-content\/uploads\/2022\/11\/luis-celorio.jpeg\" alt=\"\" width=\"2048\" height=\"1536\" srcset=\"https:\/\/fundacioncajaruraldelsur.com\/wp-content\/uploads\/2022\/11\/luis-celorio.jpeg 2048w, https:\/\/fundacioncajaruraldelsur.com\/wp-content\/uploads\/2022\/11\/luis-celorio-300x225.jpeg 300w, https:\/\/fundacioncajaruraldelsur.com\/wp-content\/uploads\/2022\/11\/luis-celorio-1024x768.jpeg 1024w, https:\/\/fundacioncajaruraldelsur.com\/wp-content\/uploads\/2022\/11\/luis-celorio-768x576.jpeg 768w, https:\/\/fundacioncajaruraldelsur.com\/wp-content\/uploads\/2022\/11\/luis-celorio-1536x1152.jpeg 1536w\" sizes=\"auto, (max-width: 2048px) 100vw, 2048px\" \/><\/a><\/p>\n<p>\u00c1ngel Corral junto a sus obras en la exposici\u00f3n de la Fundaci\u00f3n Caja Rural del Sur<\/p>\n<p><a href=\"\/wp-content\/uploads\/2022\/11\/angel-corral.jpeg\" rel=\"lightbox-2\"><img loading=\"lazy\" decoding=\"async\" class=\"alignnone wp-image-8079 size-full\" src=\"\/wp-content\/uploads\/2022\/11\/angel-corral.jpeg\" alt=\"\" width=\"2048\" height=\"1536\" srcset=\"https:\/\/fundacioncajaruraldelsur.com\/wp-content\/uploads\/2022\/11\/angel-corral.jpeg 2048w, https:\/\/fundacioncajaruraldelsur.com\/wp-content\/uploads\/2022\/11\/angel-corral-300x225.jpeg 300w, https:\/\/fundacioncajaruraldelsur.com\/wp-content\/uploads\/2022\/11\/angel-corral-1024x768.jpeg 1024w, https:\/\/fundacioncajaruraldelsur.com\/wp-content\/uploads\/2022\/11\/angel-corral-768x576.jpeg 768w, https:\/\/fundacioncajaruraldelsur.com\/wp-content\/uploads\/2022\/11\/angel-corral-1536x1152.jpeg 1536w\" sizes=\"auto, (max-width: 2048px) 100vw, 2048px\" \/><\/a><\/p>\n<p>La inauguraci\u00f3n de la exposici\u00f3n cont\u00f3 con un buen n\u00famero de asistentes para conocer las obras de los dos artistas<\/p>\n<p><a href=\"\/wp-content\/uploads\/2022\/11\/exposicion-1.jpeg\" rel=\"lightbox-3\"><img loading=\"lazy\" decoding=\"async\" class=\"alignnone wp-image-8080 size-full\" src=\"\/wp-content\/uploads\/2022\/11\/exposicion-1.jpeg\" alt=\"\" width=\"2048\" height=\"1536\" srcset=\"https:\/\/fundacioncajaruraldelsur.com\/wp-content\/uploads\/2022\/11\/exposicion-1.jpeg 2048w, https:\/\/fundacioncajaruraldelsur.com\/wp-content\/uploads\/2022\/11\/exposicion-1-300x225.jpeg 300w, https:\/\/fundacioncajaruraldelsur.com\/wp-content\/uploads\/2022\/11\/exposicion-1-1024x768.jpeg 1024w, https:\/\/fundacioncajaruraldelsur.com\/wp-content\/uploads\/2022\/11\/exposicion-1-768x576.jpeg 768w, https:\/\/fundacioncajaruraldelsur.com\/wp-content\/uploads\/2022\/11\/exposicion-1-1536x1152.jpeg 1536w\" sizes=\"auto, (max-width: 2048px) 100vw, 2048px\" \/><\/a> <a href=\"\/wp-content\/uploads\/2022\/11\/cuadros-angel-corral.jpeg\" rel=\"lightbox-4\"><img loading=\"lazy\" decoding=\"async\" class=\"alignnone wp-image-8081 size-full\" src=\"\/wp-content\/uploads\/2022\/11\/cuadros-angel-corral.jpeg\" alt=\"\" width=\"2048\" height=\"1536\" srcset=\"https:\/\/fundacioncajaruraldelsur.com\/wp-content\/uploads\/2022\/11\/cuadros-angel-corral.jpeg 2048w, https:\/\/fundacioncajaruraldelsur.com\/wp-content\/uploads\/2022\/11\/cuadros-angel-corral-300x225.jpeg 300w, https:\/\/fundacioncajaruraldelsur.com\/wp-content\/uploads\/2022\/11\/cuadros-angel-corral-1024x768.jpeg 1024w, https:\/\/fundacioncajaruraldelsur.com\/wp-content\/uploads\/2022\/11\/cuadros-angel-corral-768x576.jpeg 768w, https:\/\/fundacioncajaruraldelsur.com\/wp-content\/uploads\/2022\/11\/cuadros-angel-corral-1536x1152.jpeg 1536w\" sizes=\"auto, (max-width: 2048px) 100vw, 2048px\" \/><\/a><\/p>","protected":false},"excerpt":{"rendered":"<p>El Centro Cultural \u2018Jos\u00e9 Luis Garc\u00eda Palacios\u2019, Sala de Exposiciones de la Fundaci\u00f3n Caja Rural del Sur en Sevilla, ha inaugurado la muestra \u201cRetratos al l\u00edmite\u201d de los pintores Luis [&hellip;]<\/p>\n","protected":false},"author":6,"featured_media":8084,"comment_status":"closed","ping_status":"closed","sticky":false,"template":"","format":"standard","meta":{"footnotes":""},"categories":[82],"tags":[],"class_list":["post-8073","post","type-post","status-publish","format-standard","has-post-thumbnail","hentry","category-exposiciones"],"yoast_head":"<!-- This site is optimized with the Yoast SEO plugin v27.3 - https:\/\/yoast.com\/product\/yoast-seo-wordpress\/ -->\n<title>Inaugurada la exposici\u00f3n \u201cRetratos al l\u00edmite\u201d de los pintores Luis Celorio y \u00c1ngel Corral en la Fundaci\u00f3n Caja Rural del Sur de Sevilla - Fundaci\u00f3n Caja Rural del Sur<\/title>\n<meta name=\"robots\" content=\"index, follow, max-snippet:-1, max-image-preview:large, max-video-preview:-1\" \/>\n<link rel=\"canonical\" href=\"https:\/\/fundacioncajaruraldelsur.com\/pt\/inaugurada-la-exposicion-retratos-al-limite-de-los-pintores-luis-celorio-y-angel-corral-en-la-fundacion-caja-rural-del-sur-de-sevilla\/\" \/>\n<meta property=\"og:locale\" content=\"pt_PT\" \/>\n<meta property=\"og:type\" content=\"article\" \/>\n<meta property=\"og:title\" content=\"Inaugurada la exposici\u00f3n \u201cRetratos al l\u00edmite\u201d de los pintores Luis Celorio y \u00c1ngel Corral en la Fundaci\u00f3n Caja Rural del Sur de Sevilla - Fundaci\u00f3n Caja Rural del Sur\" \/>\n<meta property=\"og:description\" content=\"El Centro Cultural \u2018Jos\u00e9 Luis Garc\u00eda Palacios\u2019, Sala de Exposiciones de la Fundaci\u00f3n Caja Rural del Sur en Sevilla, ha inaugurado la muestra \u201cRetratos al l\u00edmite\u201d de los pintores Luis [&hellip;]\" \/>\n<meta property=\"og:url\" content=\"https:\/\/fundacioncajaruraldelsur.com\/pt\/inaugurada-la-exposicion-retratos-al-limite-de-los-pintores-luis-celorio-y-angel-corral-en-la-fundacion-caja-rural-del-sur-de-sevilla\/\" \/>\n<meta property=\"og:site_name\" content=\"Fundaci\u00f3n Caja Rural del Sur\" \/>\n<meta property=\"article:published_time\" content=\"2022-11-08T22:34:04+00:00\" \/>\n<meta property=\"article:modified_time\" content=\"2022-11-08T22:38:46+00:00\" \/>\n<meta property=\"og:image\" content=\"https:\/\/fundacioncajaruraldelsur.com\/wp-content\/uploads\/2022\/11\/exposicion-5.jpeg\" \/>\n\t<meta property=\"og:image:width\" content=\"2048\" \/>\n\t<meta property=\"og:image:height\" content=\"1536\" \/>\n\t<meta property=\"og:image:type\" content=\"image\/jpeg\" \/>\n<meta name=\"author\" content=\"Comunicaci\u00f3n\" \/>\n<meta name=\"twitter:card\" content=\"summary_large_image\" \/>\n<meta name=\"twitter:label1\" content=\"Written by\" \/>\n\t<meta name=\"twitter:data1\" content=\"Comunicaci\u00f3n\" \/>\n\t<meta name=\"twitter:label2\" content=\"Est. reading time\" \/>\n\t<meta name=\"twitter:data2\" content=\"3 minutes\" \/>\n<script type=\"application\/ld+json\" class=\"yoast-schema-graph\">{\"@context\":\"https:\\\/\\\/schema.org\",\"@graph\":[{\"@type\":\"Article\",\"@id\":\"https:\\\/\\\/fundacioncajaruraldelsur.com\\\/inaugurada-la-exposicion-retratos-al-limite-de-los-pintores-luis-celorio-y-angel-corral-en-la-fundacion-caja-rural-del-sur-de-sevilla\\\/#article\",\"isPartOf\":{\"@id\":\"https:\\\/\\\/fundacioncajaruraldelsur.com\\\/inaugurada-la-exposicion-retratos-al-limite-de-los-pintores-luis-celorio-y-angel-corral-en-la-fundacion-caja-rural-del-sur-de-sevilla\\\/\"},\"author\":{\"name\":\"Comunicaci\u00f3n\",\"@id\":\"https:\\\/\\\/fundacioncajaruraldelsur.com\\\/#\\\/schema\\\/person\\\/f430da9fb783d505ff061ad8b3d44577\"},\"headline\":\"Inaugurada la exposici\u00f3n \u201cRetratos al l\u00edmite\u201d de los pintores Luis Celorio y \u00c1ngel Corral en la Fundaci\u00f3n Caja Rural del Sur de Sevilla\",\"datePublished\":\"2022-11-08T22:34:04+00:00\",\"dateModified\":\"2022-11-08T22:38:46+00:00\",\"mainEntityOfPage\":{\"@id\":\"https:\\\/\\\/fundacioncajaruraldelsur.com\\\/inaugurada-la-exposicion-retratos-al-limite-de-los-pintores-luis-celorio-y-angel-corral-en-la-fundacion-caja-rural-del-sur-de-sevilla\\\/\"},\"wordCount\":407,\"image\":{\"@id\":\"https:\\\/\\\/fundacioncajaruraldelsur.com\\\/inaugurada-la-exposicion-retratos-al-limite-de-los-pintores-luis-celorio-y-angel-corral-en-la-fundacion-caja-rural-del-sur-de-sevilla\\\/#primaryimage\"},\"thumbnailUrl\":\"https:\\\/\\\/fundacioncajaruraldelsur.com\\\/wp-content\\\/uploads\\\/2022\\\/11\\\/exposicion-5.jpeg\",\"articleSection\":[\"Exposiciones\"],\"inLanguage\":\"pt-PT\"},{\"@type\":\"WebPage\",\"@id\":\"https:\\\/\\\/fundacioncajaruraldelsur.com\\\/inaugurada-la-exposicion-retratos-al-limite-de-los-pintores-luis-celorio-y-angel-corral-en-la-fundacion-caja-rural-del-sur-de-sevilla\\\/\",\"url\":\"https:\\\/\\\/fundacioncajaruraldelsur.com\\\/inaugurada-la-exposicion-retratos-al-limite-de-los-pintores-luis-celorio-y-angel-corral-en-la-fundacion-caja-rural-del-sur-de-sevilla\\\/\",\"name\":\"Inaugurada la exposici\u00f3n \u201cRetratos al l\u00edmite\u201d de los pintores Luis Celorio y \u00c1ngel Corral en la Fundaci\u00f3n Caja Rural del Sur de Sevilla - Fundaci\u00f3n Caja Rural del Sur\",\"isPartOf\":{\"@id\":\"https:\\\/\\\/fundacioncajaruraldelsur.com\\\/#website\"},\"primaryImageOfPage\":{\"@id\":\"https:\\\/\\\/fundacioncajaruraldelsur.com\\\/inaugurada-la-exposicion-retratos-al-limite-de-los-pintores-luis-celorio-y-angel-corral-en-la-fundacion-caja-rural-del-sur-de-sevilla\\\/#primaryimage\"},\"image\":{\"@id\":\"https:\\\/\\\/fundacioncajaruraldelsur.com\\\/inaugurada-la-exposicion-retratos-al-limite-de-los-pintores-luis-celorio-y-angel-corral-en-la-fundacion-caja-rural-del-sur-de-sevilla\\\/#primaryimage\"},\"thumbnailUrl\":\"https:\\\/\\\/fundacioncajaruraldelsur.com\\\/wp-content\\\/uploads\\\/2022\\\/11\\\/exposicion-5.jpeg\",\"datePublished\":\"2022-11-08T22:34:04+00:00\",\"dateModified\":\"2022-11-08T22:38:46+00:00\",\"author\":{\"@id\":\"https:\\\/\\\/fundacioncajaruraldelsur.com\\\/#\\\/schema\\\/person\\\/f430da9fb783d505ff061ad8b3d44577\"},\"breadcrumb\":{\"@id\":\"https:\\\/\\\/fundacioncajaruraldelsur.com\\\/inaugurada-la-exposicion-retratos-al-limite-de-los-pintores-luis-celorio-y-angel-corral-en-la-fundacion-caja-rural-del-sur-de-sevilla\\\/#breadcrumb\"},\"inLanguage\":\"pt-PT\",\"potentialAction\":[{\"@type\":\"ReadAction\",\"target\":[\"https:\\\/\\\/fundacioncajaruraldelsur.com\\\/inaugurada-la-exposicion-retratos-al-limite-de-los-pintores-luis-celorio-y-angel-corral-en-la-fundacion-caja-rural-del-sur-de-sevilla\\\/\"]}]},{\"@type\":\"ImageObject\",\"inLanguage\":\"pt-PT\",\"@id\":\"https:\\\/\\\/fundacioncajaruraldelsur.com\\\/inaugurada-la-exposicion-retratos-al-limite-de-los-pintores-luis-celorio-y-angel-corral-en-la-fundacion-caja-rural-del-sur-de-sevilla\\\/#primaryimage\",\"url\":\"https:\\\/\\\/fundacioncajaruraldelsur.com\\\/wp-content\\\/uploads\\\/2022\\\/11\\\/exposicion-5.jpeg\",\"contentUrl\":\"https:\\\/\\\/fundacioncajaruraldelsur.com\\\/wp-content\\\/uploads\\\/2022\\\/11\\\/exposicion-5.jpeg\",\"width\":2048,\"height\":1536},{\"@type\":\"BreadcrumbList\",\"@id\":\"https:\\\/\\\/fundacioncajaruraldelsur.com\\\/inaugurada-la-exposicion-retratos-al-limite-de-los-pintores-luis-celorio-y-angel-corral-en-la-fundacion-caja-rural-del-sur-de-sevilla\\\/#breadcrumb\",\"itemListElement\":[{\"@type\":\"ListItem\",\"position\":1,\"name\":\"Portada\",\"item\":\"https:\\\/\\\/fundacioncajaruraldelsur.com\\\/\"},{\"@type\":\"ListItem\",\"position\":2,\"name\":\"Inaugurada la exposici\u00f3n \u201cRetratos al l\u00edmite\u201d de los pintores Luis Celorio y \u00c1ngel Corral en la Fundaci\u00f3n Caja Rural del Sur de Sevilla\"}]},{\"@type\":\"WebSite\",\"@id\":\"https:\\\/\\\/fundacioncajaruraldelsur.com\\\/#website\",\"url\":\"https:\\\/\\\/fundacioncajaruraldelsur.com\\\/\",\"name\":\"Fundaci\u00f3n Caja Rural del Sur\",\"description\":\"\",\"potentialAction\":[{\"@type\":\"SearchAction\",\"target\":{\"@type\":\"EntryPoint\",\"urlTemplate\":\"https:\\\/\\\/fundacioncajaruraldelsur.com\\\/?s={search_term_string}\"},\"query-input\":{\"@type\":\"PropertyValueSpecification\",\"valueRequired\":true,\"valueName\":\"search_term_string\"}}],\"inLanguage\":\"pt-PT\"},{\"@type\":\"Person\",\"@id\":\"https:\\\/\\\/fundacioncajaruraldelsur.com\\\/#\\\/schema\\\/person\\\/f430da9fb783d505ff061ad8b3d44577\",\"name\":\"Comunicaci\u00f3n\",\"image\":{\"@type\":\"ImageObject\",\"inLanguage\":\"pt-PT\",\"@id\":\"https:\\\/\\\/secure.gravatar.com\\\/avatar\\\/0dca239875993680bac4603ad2de7942da018f52cc3a244578e0b3b09314a8d8?s=96&d=blank&r=g\",\"url\":\"https:\\\/\\\/secure.gravatar.com\\\/avatar\\\/0dca239875993680bac4603ad2de7942da018f52cc3a244578e0b3b09314a8d8?s=96&d=blank&r=g\",\"contentUrl\":\"https:\\\/\\\/secure.gravatar.com\\\/avatar\\\/0dca239875993680bac4603ad2de7942da018f52cc3a244578e0b3b09314a8d8?s=96&d=blank&r=g\",\"caption\":\"Comunicaci\u00f3n\"}}]}<\/script>\n<!-- \/ Yoast SEO plugin. -->","yoast_head_json":{"title":"Inaugurada la exposici\u00f3n \u201cRetratos al l\u00edmite\u201d de los pintores Luis Celorio y \u00c1ngel Corral en la Fundaci\u00f3n Caja Rural del Sur de Sevilla - Fundaci\u00f3n Caja Rural del Sur","robots":{"index":"index","follow":"follow","max-snippet":"max-snippet:-1","max-image-preview":"max-image-preview:large","max-video-preview":"max-video-preview:-1"},"canonical":"https:\/\/fundacioncajaruraldelsur.com\/pt\/inaugurada-la-exposicion-retratos-al-limite-de-los-pintores-luis-celorio-y-angel-corral-en-la-fundacion-caja-rural-del-sur-de-sevilla\/","og_locale":"pt_PT","og_type":"article","og_title":"Inaugurada la exposici\u00f3n \u201cRetratos al l\u00edmite\u201d de los pintores Luis Celorio y \u00c1ngel Corral en la Fundaci\u00f3n Caja Rural del Sur de Sevilla - Fundaci\u00f3n Caja Rural del Sur","og_description":"El Centro Cultural \u2018Jos\u00e9 Luis Garc\u00eda Palacios\u2019, Sala de Exposiciones de la Fundaci\u00f3n Caja Rural del Sur en Sevilla, ha inaugurado la muestra \u201cRetratos al l\u00edmite\u201d de los pintores Luis [&hellip;]","og_url":"https:\/\/fundacioncajaruraldelsur.com\/pt\/inaugurada-la-exposicion-retratos-al-limite-de-los-pintores-luis-celorio-y-angel-corral-en-la-fundacion-caja-rural-del-sur-de-sevilla\/","og_site_name":"Fundaci\u00f3n Caja Rural del Sur","article_published_time":"2022-11-08T22:34:04+00:00","article_modified_time":"2022-11-08T22:38:46+00:00","og_image":[{"width":2048,"height":1536,"url":"https:\/\/fundacioncajaruraldelsur.com\/wp-content\/uploads\/2022\/11\/exposicion-5.jpeg","type":"image\/jpeg"}],"author":"Comunicaci\u00f3n","twitter_card":"summary_large_image","twitter_misc":{"Written by":"Comunicaci\u00f3n","Est. reading time":"3 minutes"},"schema":{"@context":"https:\/\/schema.org","@graph":[{"@type":"Article","@id":"https:\/\/fundacioncajaruraldelsur.com\/inaugurada-la-exposicion-retratos-al-limite-de-los-pintores-luis-celorio-y-angel-corral-en-la-fundacion-caja-rural-del-sur-de-sevilla\/#article","isPartOf":{"@id":"https:\/\/fundacioncajaruraldelsur.com\/inaugurada-la-exposicion-retratos-al-limite-de-los-pintores-luis-celorio-y-angel-corral-en-la-fundacion-caja-rural-del-sur-de-sevilla\/"},"author":{"name":"Comunicaci\u00f3n","@id":"https:\/\/fundacioncajaruraldelsur.com\/#\/schema\/person\/f430da9fb783d505ff061ad8b3d44577"},"headline":"Inaugurada la exposici\u00f3n \u201cRetratos al l\u00edmite\u201d de los pintores Luis Celorio y \u00c1ngel Corral en la Fundaci\u00f3n Caja Rural del Sur de Sevilla","datePublished":"2022-11-08T22:34:04+00:00","dateModified":"2022-11-08T22:38:46+00:00","mainEntityOfPage":{"@id":"https:\/\/fundacioncajaruraldelsur.com\/inaugurada-la-exposicion-retratos-al-limite-de-los-pintores-luis-celorio-y-angel-corral-en-la-fundacion-caja-rural-del-sur-de-sevilla\/"},"wordCount":407,"image":{"@id":"https:\/\/fundacioncajaruraldelsur.com\/inaugurada-la-exposicion-retratos-al-limite-de-los-pintores-luis-celorio-y-angel-corral-en-la-fundacion-caja-rural-del-sur-de-sevilla\/#primaryimage"},"thumbnailUrl":"https:\/\/fundacioncajaruraldelsur.com\/wp-content\/uploads\/2022\/11\/exposicion-5.jpeg","articleSection":["Exposiciones"],"inLanguage":"pt-PT"},{"@type":"WebPage","@id":"https:\/\/fundacioncajaruraldelsur.com\/inaugurada-la-exposicion-retratos-al-limite-de-los-pintores-luis-celorio-y-angel-corral-en-la-fundacion-caja-rural-del-sur-de-sevilla\/","url":"https:\/\/fundacioncajaruraldelsur.com\/inaugurada-la-exposicion-retratos-al-limite-de-los-pintores-luis-celorio-y-angel-corral-en-la-fundacion-caja-rural-del-sur-de-sevilla\/","name":"Inaugurada la exposici\u00f3n \u201cRetratos al l\u00edmite\u201d de los pintores Luis Celorio y \u00c1ngel Corral en la Fundaci\u00f3n Caja Rural del Sur de Sevilla - Fundaci\u00f3n Caja Rural del Sur","isPartOf":{"@id":"https:\/\/fundacioncajaruraldelsur.com\/#website"},"primaryImageOfPage":{"@id":"https:\/\/fundacioncajaruraldelsur.com\/inaugurada-la-exposicion-retratos-al-limite-de-los-pintores-luis-celorio-y-angel-corral-en-la-fundacion-caja-rural-del-sur-de-sevilla\/#primaryimage"},"image":{"@id":"https:\/\/fundacioncajaruraldelsur.com\/inaugurada-la-exposicion-retratos-al-limite-de-los-pintores-luis-celorio-y-angel-corral-en-la-fundacion-caja-rural-del-sur-de-sevilla\/#primaryimage"},"thumbnailUrl":"https:\/\/fundacioncajaruraldelsur.com\/wp-content\/uploads\/2022\/11\/exposicion-5.jpeg","datePublished":"2022-11-08T22:34:04+00:00","dateModified":"2022-11-08T22:38:46+00:00","author":{"@id":"https:\/\/fundacioncajaruraldelsur.com\/#\/schema\/person\/f430da9fb783d505ff061ad8b3d44577"},"breadcrumb":{"@id":"https:\/\/fundacioncajaruraldelsur.com\/inaugurada-la-exposicion-retratos-al-limite-de-los-pintores-luis-celorio-y-angel-corral-en-la-fundacion-caja-rural-del-sur-de-sevilla\/#breadcrumb"},"inLanguage":"pt-PT","potentialAction":[{"@type":"ReadAction","target":["https:\/\/fundacioncajaruraldelsur.com\/inaugurada-la-exposicion-retratos-al-limite-de-los-pintores-luis-celorio-y-angel-corral-en-la-fundacion-caja-rural-del-sur-de-sevilla\/"]}]},{"@type":"ImageObject","inLanguage":"pt-PT","@id":"https:\/\/fundacioncajaruraldelsur.com\/inaugurada-la-exposicion-retratos-al-limite-de-los-pintores-luis-celorio-y-angel-corral-en-la-fundacion-caja-rural-del-sur-de-sevilla\/#primaryimage","url":"https:\/\/fundacioncajaruraldelsur.com\/wp-content\/uploads\/2022\/11\/exposicion-5.jpeg","contentUrl":"https:\/\/fundacioncajaruraldelsur.com\/wp-content\/uploads\/2022\/11\/exposicion-5.jpeg","width":2048,"height":1536},{"@type":"BreadcrumbList","@id":"https:\/\/fundacioncajaruraldelsur.com\/inaugurada-la-exposicion-retratos-al-limite-de-los-pintores-luis-celorio-y-angel-corral-en-la-fundacion-caja-rural-del-sur-de-sevilla\/#breadcrumb","itemListElement":[{"@type":"ListItem","position":1,"name":"Portada","item":"https:\/\/fundacioncajaruraldelsur.com\/"},{"@type":"ListItem","position":2,"name":"Inaugurada la exposici\u00f3n \u201cRetratos al l\u00edmite\u201d de los pintores Luis Celorio y \u00c1ngel Corral en la Fundaci\u00f3n Caja Rural del Sur de Sevilla"}]},{"@type":"WebSite","@id":"https:\/\/fundacioncajaruraldelsur.com\/#website","url":"https:\/\/fundacioncajaruraldelsur.com\/","name":"Funda\u00e7\u00e3o Caja Rural del Sur","description":"","potentialAction":[{"@type":"SearchAction","target":{"@type":"EntryPoint","urlTemplate":"https:\/\/fundacioncajaruraldelsur.com\/?s={search_term_string}"},"query-input":{"@type":"PropertyValueSpecification","valueRequired":true,"valueName":"search_term_string"}}],"inLanguage":"pt-PT"},{"@type":"Person","@id":"https:\/\/fundacioncajaruraldelsur.com\/#\/schema\/person\/f430da9fb783d505ff061ad8b3d44577","name":"Comunicaci\u00f3n","image":{"@type":"ImageObject","inLanguage":"pt-PT","@id":"https:\/\/secure.gravatar.com\/avatar\/0dca239875993680bac4603ad2de7942da018f52cc3a244578e0b3b09314a8d8?s=96&d=blank&r=g","url":"https:\/\/secure.gravatar.com\/avatar\/0dca239875993680bac4603ad2de7942da018f52cc3a244578e0b3b09314a8d8?s=96&d=blank&r=g","contentUrl":"https:\/\/secure.gravatar.com\/avatar\/0dca239875993680bac4603ad2de7942da018f52cc3a244578e0b3b09314a8d8?s=96&d=blank&r=g","caption":"Comunicaci\u00f3n"}}]}},"rttpg_featured_image_url":{"full":["https:\/\/fundacioncajaruraldelsur.com\/wp-content\/uploads\/2022\/11\/exposicion-5.jpeg",2048,1536,false],"landscape":["https:\/\/fundacioncajaruraldelsur.com\/wp-content\/uploads\/2022\/11\/exposicion-5.jpeg",2048,1536,false],"portraits":["https:\/\/fundacioncajaruraldelsur.com\/wp-content\/uploads\/2022\/11\/exposicion-5.jpeg",2048,1536,false],"thumbnail":["https:\/\/fundacioncajaruraldelsur.com\/wp-content\/uploads\/2022\/11\/exposicion-5-150x150.jpeg",150,150,true],"medium":["https:\/\/fundacioncajaruraldelsur.com\/wp-content\/uploads\/2022\/11\/exposicion-5-300x225.jpeg",300,225,true],"large":["https:\/\/fundacioncajaruraldelsur.com\/wp-content\/uploads\/2022\/11\/exposicion-5-1024x768.jpeg",960,720,true],"1536x1536":["https:\/\/fundacioncajaruraldelsur.com\/wp-content\/uploads\/2022\/11\/exposicion-5-1536x1152.jpeg",1536,1152,true],"2048x2048":["https:\/\/fundacioncajaruraldelsur.com\/wp-content\/uploads\/2022\/11\/exposicion-5.jpeg",2048,1536,false],"trp-custom-language-flag":["https:\/\/fundacioncajaruraldelsur.com\/wp-content\/uploads\/2022\/11\/exposicion-5.jpeg",16,12,false],"blog-thumbnail":["https:\/\/fundacioncajaruraldelsur.com\/wp-content\/uploads\/2022\/11\/exposicion-5-400x200.jpeg",400,200,true]},"rttpg_author":{"display_name":"Comunicaci\u00f3n","author_link":"https:\/\/fundacioncajaruraldelsur.com\/pt\/author\/sevillaadmin\/"},"rttpg_comment":0,"rttpg_category":"<a href=\"https:\/\/fundacioncajaruraldelsur.com\/pt\/category\/exposiciones\/\" rel=\"category tag\">Exposiciones<\/a>","rttpg_excerpt":"El Centro Cultural \u2018Jos\u00e9 Luis Garc\u00eda Palacios\u2019, Sala de Exposiciones de la Fundaci\u00f3n Caja Rural del Sur en Sevilla, ha inaugurado la muestra \u201cRetratos al l\u00edmite\u201d de los pintores Luis [&hellip;]","_links":{"self":[{"href":"https:\/\/fundacioncajaruraldelsur.com\/pt\/wp-json\/wp\/v2\/posts\/8073","targetHints":{"allow":["GET"]}}],"collection":[{"href":"https:\/\/fundacioncajaruraldelsur.com\/pt\/wp-json\/wp\/v2\/posts"}],"about":[{"href":"https:\/\/fundacioncajaruraldelsur.com\/pt\/wp-json\/wp\/v2\/types\/post"}],"author":[{"embeddable":true,"href":"https:\/\/fundacioncajaruraldelsur.com\/pt\/wp-json\/wp\/v2\/users\/6"}],"replies":[{"embeddable":true,"href":"https:\/\/fundacioncajaruraldelsur.com\/pt\/wp-json\/wp\/v2\/comments?post=8073"}],"version-history":[{"count":3,"href":"https:\/\/fundacioncajaruraldelsur.com\/pt\/wp-json\/wp\/v2\/posts\/8073\/revisions"}],"predecessor-version":[{"id":8086,"href":"https:\/\/fundacioncajaruraldelsur.com\/pt\/wp-json\/wp\/v2\/posts\/8073\/revisions\/8086"}],"wp:featuredmedia":[{"embeddable":true,"href":"https:\/\/fundacioncajaruraldelsur.com\/pt\/wp-json\/wp\/v2\/media\/8084"}],"wp:attachment":[{"href":"https:\/\/fundacioncajaruraldelsur.com\/pt\/wp-json\/wp\/v2\/media?parent=8073"}],"wp:term":[{"taxonomy":"category","embeddable":true,"href":"https:\/\/fundacioncajaruraldelsur.com\/pt\/wp-json\/wp\/v2\/categories?post=8073"},{"taxonomy":"post_tag","embeddable":true,"href":"https:\/\/fundacioncajaruraldelsur.com\/pt\/wp-json\/wp\/v2\/tags?post=8073"}],"curies":[{"name":"wp","href":"https:\/\/api.w.org\/{rel}","templated":true}]}}