{"id":8026,"date":"2022-10-25T08:35:19","date_gmt":"2022-10-25T06:35:19","guid":{"rendered":"\/?p=8026"},"modified":"2022-10-25T08:35:37","modified_gmt":"2022-10-25T06:35:37","slug":"fundacion-caja-rural-del-sur-edita-un-nuevo-libro-con-dibujos-de-huelva-de-jose-bacedoni","status":"publish","type":"post","link":"https:\/\/fundacioncajaruraldelsur.com\/pt\/fundacion-caja-rural-del-sur-edita-un-nuevo-libro-con-dibujos-de-huelva-de-jose-bacedoni\/","title":{"rendered":"Fundaci\u00f3n Caja Rural del Sur edita un nuevo libro con dibujos de Huelva de Jos\u00e9 Bacedoni"},"content":{"rendered":"<p>La Fundaci\u00f3n Caja Rural del Sur ha editado un nuevo libro -el tomo II- de Jos\u00e9 Bacedoni con dibujos de lugares emblem\u00e1ticos de Huelva capital y de la provincia, que tiene una gran aceptaci\u00f3n entre los onubenses.<\/p>\n<p>El propio presidente de Caja Rural del Sur y su Fundaci\u00f3n, Jos\u00e9 Luis Garc\u00eda-Palacios \u00c1lvarez, califica en el pr\u00f3logo de este libro al artista como \u201cun permanente relator de los productos de usos, costumbres y tradiciones\u201d que ocupa \u201cun lugar meritorio en la necesaria memoria art\u00edstica de nuestra tierra\u201d. Y es que \u201csu plumilla -a\u00f1ade Garc\u00eda-Palacios- recorre magistralmente elementos cotidianos, lugares de culto, ubicaciones sociales y familiares, alegatos industriales y elemento naturales que han podido definir el car\u00e1cter del onubense a lo largo de algunos siglos\u201d.<\/p>\n<p><img loading=\"lazy\" decoding=\"async\" class=\"wp-image-269867 alignright lazyloaded\" src=\"https:\/\/www.huelvahoy.com\/wp-content\/uploads\/2022\/10\/221023-portada-del-libro-225x300.jpg\" sizes=\"auto, (max-width: 322px) 100vw, 322px\" srcset=\"https:\/\/www.huelvahoy.com\/wp-content\/uploads\/2022\/10\/221023-portada-del-libro-225x300.jpg 225w, https:\/\/www.huelvahoy.com\/wp-content\/uploads\/2022\/10\/221023-portada-del-libro-768x1024.jpg 768w, https:\/\/www.huelvahoy.com\/wp-content\/uploads\/2022\/10\/221023-portada-del-libro-1152x1536.jpg 1152w, https:\/\/www.huelvahoy.com\/wp-content\/uploads\/2022\/10\/221023-portada-del-libro-800x1067.jpg 800w, https:\/\/www.huelvahoy.com\/wp-content\/uploads\/2022\/10\/221023-portada-del-libro.jpg 1200w\" alt=\"\" width=\"322\" height=\"429\" data-srcset=\"https:\/\/www.huelvahoy.com\/wp-content\/uploads\/2022\/10\/221023-portada-del-libro-225x300.jpg 225w, https:\/\/www.huelvahoy.com\/wp-content\/uploads\/2022\/10\/221023-portada-del-libro-768x1024.jpg 768w, https:\/\/www.huelvahoy.com\/wp-content\/uploads\/2022\/10\/221023-portada-del-libro-1152x1536.jpg 1152w, https:\/\/www.huelvahoy.com\/wp-content\/uploads\/2022\/10\/221023-portada-del-libro-800x1067.jpg 800w, https:\/\/www.huelvahoy.com\/wp-content\/uploads\/2022\/10\/221023-portada-del-libro.jpg 1200w\" data-src=\"https:\/\/www.huelvahoy.com\/wp-content\/uploads\/2022\/10\/221023-portada-del-libro-225x300.jpg\" data-sizes=\"(max-width: 322px) 100vw, 322px\" \/>Jos\u00e9 Bacedoni Bravo (Huelva, 1936) estudi\u00f3 Delineaci\u00f3n en 1952 y posteriormente Dibujo Art\u00edstico en los estudios de su t\u00edo, Pedro G\u00f3mez, y del escultor Le\u00f3n Ortega. Asimismo, es Graduado Social por la Escuela Oficial de Granada. Su primer trabajo fue en el Ayuntamiento de Huelva, aunque posteriormente estar\u00eda empleado como delineante e inspector de obras en la Junta de Obras del Puerto. Luego pasa a la Compa\u00f1\u00eda de Azufre y Cobre de Tharsis en la que colabor\u00f3 con el arquitecto franc\u00e9s Boutet; y m\u00e1s tarde entra en Tioxide como delineante industrial.<\/p>\n<p>Tambi\u00e9n ha realizado dibujos y planos para el Museo Provincial de Huelva; dise\u00f1ados muebles para una factor\u00eda de Valverde; llevado a cabo la homologaci\u00f3n del escudo de Huelva; creado el logotipo del V Centenario Palos de la Frontera; dise\u00f1ado y fabricado la Llave de la Ciudad de Huelva; adem\u00e1s de haber creado diversas obras de dise\u00f1o industrial y expuesto numerosas muestras de dibujo art\u00edstico.<\/p>\n<p>Entre otras distinciones, ha obtenido las Medallas de Plata a la Invenci\u00f3n y a los Trabajos Art\u00edsticos de la Feria de Muestras Iberoamericana de Sevilla (1966); el Perejil de Plata de Juan Ram\u00f3n Jim\u00e9nez (1976); la Placa del Ayuntamiento de Huelva; el Premio Cercan\u00eda de la Junta de Andaluc\u00eda, el Premio Onubense de las Artes Fin de Siglo y el Col\u00f3n de Oro de la Sociedad Colombina en La R\u00e1bida, entre otros.<\/p>\n<blockquote class=\"wp-embedded-content\" data-secret=\"ukCh6cD8PF\"><p><a href=\"https:\/\/www.huelvahoy.com\/fundacion-caja-rural-del-sur-edita-un-nuevo-libro-con-dibujos-de-huelva-de-jose-bacedoni\/\">Fundaci\u00f3n Caja Rural del Sur edita un nuevo libro con dibujos de Huelva de Jos\u00e9 Bacedoni<\/a><\/p><\/blockquote>\n<p><iframe loading=\"lazy\" class=\"wp-embedded-content\" sandbox=\"allow-scripts\" security=\"restricted\" style=\"position: absolute; clip: rect(1px, 1px, 1px, 1px);\" title=\"\u00abFundaci\u00f3n Caja Rural del Sur edita un nuevo libro con dibujos de Huelva de Jos\u00e9 Bacedoni\u00bb \u2014 HuelvaHoy.com\" src=\"https:\/\/www.huelvahoy.com\/fundacion-caja-rural-del-sur-edita-un-nuevo-libro-con-dibujos-de-huelva-de-jose-bacedoni\/embed\/#?secret=ukCh6cD8PF\" data-secret=\"ukCh6cD8PF\" width=\"600\" height=\"338\" frameborder=\"0\" marginwidth=\"0\" marginheight=\"0\" scrolling=\"no\"><\/iframe><\/p>","protected":false},"excerpt":{"rendered":"<p>La Fundaci\u00f3n Caja Rural del Sur ha editado un nuevo libro -el tomo II- de Jos\u00e9 Bacedoni con dibujos de lugares emblem\u00e1ticos de Huelva capital y de la provincia, que [&hellip;]<\/p>\n","protected":false},"author":6,"featured_media":8027,"comment_status":"closed","ping_status":"closed","sticky":false,"template":"","format":"standard","meta":{"footnotes":""},"categories":[84],"tags":[],"class_list":["post-8026","post","type-post","status-publish","format-standard","has-post-thumbnail","hentry","category-presentaciones"],"yoast_head":"<!-- This site is optimized with the Yoast SEO plugin v27.3 - https:\/\/yoast.com\/product\/yoast-seo-wordpress\/ -->\n<title>Fundaci\u00f3n Caja Rural del Sur edita un nuevo libro con dibujos de Huelva de Jos\u00e9 Bacedoni - Fundaci\u00f3n Caja Rural del Sur<\/title>\n<meta name=\"robots\" content=\"index, follow, max-snippet:-1, max-image-preview:large, max-video-preview:-1\" \/>\n<link rel=\"canonical\" href=\"https:\/\/fundacioncajaruraldelsur.com\/pt\/fundacion-caja-rural-del-sur-edita-un-nuevo-libro-con-dibujos-de-huelva-de-jose-bacedoni\/\" \/>\n<meta property=\"og:locale\" content=\"pt_PT\" \/>\n<meta property=\"og:type\" content=\"article\" \/>\n<meta property=\"og:title\" content=\"Fundaci\u00f3n Caja Rural del Sur edita un nuevo libro con dibujos de Huelva de Jos\u00e9 Bacedoni - Fundaci\u00f3n Caja Rural del Sur\" \/>\n<meta property=\"og:description\" content=\"La Fundaci\u00f3n Caja Rural del Sur ha editado un nuevo libro -el tomo II- de Jos\u00e9 Bacedoni con dibujos de lugares emblem\u00e1ticos de Huelva capital y de la provincia, que [&hellip;]\" \/>\n<meta property=\"og:url\" content=\"https:\/\/fundacioncajaruraldelsur.com\/pt\/fundacion-caja-rural-del-sur-edita-un-nuevo-libro-con-dibujos-de-huelva-de-jose-bacedoni\/\" \/>\n<meta property=\"og:site_name\" content=\"Fundaci\u00f3n Caja Rural del Sur\" \/>\n<meta property=\"article:published_time\" content=\"2022-10-25T06:35:19+00:00\" \/>\n<meta property=\"article:modified_time\" content=\"2022-10-25T06:35:37+00:00\" \/>\n<meta property=\"og:image\" content=\"https:\/\/fundacioncajaruraldelsur.com\/wp-content\/uploads\/2022\/10\/221023-bacedoni-con-el-director-de-la-fundacion-caja-rural-del-sur-emilio-ponce-800x400-1.jpg\" \/>\n\t<meta property=\"og:image:width\" content=\"800\" \/>\n\t<meta property=\"og:image:height\" content=\"400\" \/>\n\t<meta property=\"og:image:type\" content=\"image\/jpeg\" \/>\n<meta name=\"author\" content=\"Comunicaci\u00f3n\" \/>\n<meta name=\"twitter:card\" content=\"summary_large_image\" \/>\n<meta name=\"twitter:label1\" content=\"Written by\" \/>\n\t<meta name=\"twitter:data1\" content=\"Comunicaci\u00f3n\" \/>\n\t<meta name=\"twitter:label2\" content=\"Est. reading time\" \/>\n\t<meta name=\"twitter:data2\" content=\"2 minutes\" \/>\n<script type=\"application\/ld+json\" class=\"yoast-schema-graph\">{\"@context\":\"https:\\\/\\\/schema.org\",\"@graph\":[{\"@type\":\"Article\",\"@id\":\"https:\\\/\\\/fundacioncajaruraldelsur.com\\\/fundacion-caja-rural-del-sur-edita-un-nuevo-libro-con-dibujos-de-huelva-de-jose-bacedoni\\\/#article\",\"isPartOf\":{\"@id\":\"https:\\\/\\\/fundacioncajaruraldelsur.com\\\/fundacion-caja-rural-del-sur-edita-un-nuevo-libro-con-dibujos-de-huelva-de-jose-bacedoni\\\/\"},\"author\":{\"name\":\"Comunicaci\u00f3n\",\"@id\":\"https:\\\/\\\/fundacioncajaruraldelsur.com\\\/#\\\/schema\\\/person\\\/f430da9fb783d505ff061ad8b3d44577\"},\"headline\":\"Fundaci\u00f3n Caja Rural del Sur edita un nuevo libro con dibujos de Huelva de Jos\u00e9 Bacedoni\",\"datePublished\":\"2022-10-25T06:35:19+00:00\",\"dateModified\":\"2022-10-25T06:35:37+00:00\",\"mainEntityOfPage\":{\"@id\":\"https:\\\/\\\/fundacioncajaruraldelsur.com\\\/fundacion-caja-rural-del-sur-edita-un-nuevo-libro-con-dibujos-de-huelva-de-jose-bacedoni\\\/\"},\"wordCount\":403,\"image\":{\"@id\":\"https:\\\/\\\/fundacioncajaruraldelsur.com\\\/fundacion-caja-rural-del-sur-edita-un-nuevo-libro-con-dibujos-de-huelva-de-jose-bacedoni\\\/#primaryimage\"},\"thumbnailUrl\":\"https:\\\/\\\/fundacioncajaruraldelsur.com\\\/wp-content\\\/uploads\\\/2022\\\/10\\\/221023-bacedoni-con-el-director-de-la-fundacion-caja-rural-del-sur-emilio-ponce-800x400-1.jpg\",\"articleSection\":[\"Presentaciones\"],\"inLanguage\":\"pt-PT\"},{\"@type\":\"WebPage\",\"@id\":\"https:\\\/\\\/fundacioncajaruraldelsur.com\\\/fundacion-caja-rural-del-sur-edita-un-nuevo-libro-con-dibujos-de-huelva-de-jose-bacedoni\\\/\",\"url\":\"https:\\\/\\\/fundacioncajaruraldelsur.com\\\/fundacion-caja-rural-del-sur-edita-un-nuevo-libro-con-dibujos-de-huelva-de-jose-bacedoni\\\/\",\"name\":\"Fundaci\u00f3n Caja Rural del Sur edita un nuevo libro con dibujos de Huelva de Jos\u00e9 Bacedoni - Fundaci\u00f3n Caja Rural del Sur\",\"isPartOf\":{\"@id\":\"https:\\\/\\\/fundacioncajaruraldelsur.com\\\/#website\"},\"primaryImageOfPage\":{\"@id\":\"https:\\\/\\\/fundacioncajaruraldelsur.com\\\/fundacion-caja-rural-del-sur-edita-un-nuevo-libro-con-dibujos-de-huelva-de-jose-bacedoni\\\/#primaryimage\"},\"image\":{\"@id\":\"https:\\\/\\\/fundacioncajaruraldelsur.com\\\/fundacion-caja-rural-del-sur-edita-un-nuevo-libro-con-dibujos-de-huelva-de-jose-bacedoni\\\/#primaryimage\"},\"thumbnailUrl\":\"https:\\\/\\\/fundacioncajaruraldelsur.com\\\/wp-content\\\/uploads\\\/2022\\\/10\\\/221023-bacedoni-con-el-director-de-la-fundacion-caja-rural-del-sur-emilio-ponce-800x400-1.jpg\",\"datePublished\":\"2022-10-25T06:35:19+00:00\",\"dateModified\":\"2022-10-25T06:35:37+00:00\",\"author\":{\"@id\":\"https:\\\/\\\/fundacioncajaruraldelsur.com\\\/#\\\/schema\\\/person\\\/f430da9fb783d505ff061ad8b3d44577\"},\"breadcrumb\":{\"@id\":\"https:\\\/\\\/fundacioncajaruraldelsur.com\\\/fundacion-caja-rural-del-sur-edita-un-nuevo-libro-con-dibujos-de-huelva-de-jose-bacedoni\\\/#breadcrumb\"},\"inLanguage\":\"pt-PT\",\"potentialAction\":[{\"@type\":\"ReadAction\",\"target\":[\"https:\\\/\\\/fundacioncajaruraldelsur.com\\\/fundacion-caja-rural-del-sur-edita-un-nuevo-libro-con-dibujos-de-huelva-de-jose-bacedoni\\\/\"]}]},{\"@type\":\"ImageObject\",\"inLanguage\":\"pt-PT\",\"@id\":\"https:\\\/\\\/fundacioncajaruraldelsur.com\\\/fundacion-caja-rural-del-sur-edita-un-nuevo-libro-con-dibujos-de-huelva-de-jose-bacedoni\\\/#primaryimage\",\"url\":\"https:\\\/\\\/fundacioncajaruraldelsur.com\\\/wp-content\\\/uploads\\\/2022\\\/10\\\/221023-bacedoni-con-el-director-de-la-fundacion-caja-rural-del-sur-emilio-ponce-800x400-1.jpg\",\"contentUrl\":\"https:\\\/\\\/fundacioncajaruraldelsur.com\\\/wp-content\\\/uploads\\\/2022\\\/10\\\/221023-bacedoni-con-el-director-de-la-fundacion-caja-rural-del-sur-emilio-ponce-800x400-1.jpg\",\"width\":800,\"height\":400},{\"@type\":\"BreadcrumbList\",\"@id\":\"https:\\\/\\\/fundacioncajaruraldelsur.com\\\/fundacion-caja-rural-del-sur-edita-un-nuevo-libro-con-dibujos-de-huelva-de-jose-bacedoni\\\/#breadcrumb\",\"itemListElement\":[{\"@type\":\"ListItem\",\"position\":1,\"name\":\"Portada\",\"item\":\"https:\\\/\\\/fundacioncajaruraldelsur.com\\\/\"},{\"@type\":\"ListItem\",\"position\":2,\"name\":\"Fundaci\u00f3n Caja Rural del Sur edita un nuevo libro con dibujos de Huelva de Jos\u00e9 Bacedoni\"}]},{\"@type\":\"WebSite\",\"@id\":\"https:\\\/\\\/fundacioncajaruraldelsur.com\\\/#website\",\"url\":\"https:\\\/\\\/fundacioncajaruraldelsur.com\\\/\",\"name\":\"Fundaci\u00f3n Caja Rural del Sur\",\"description\":\"\",\"potentialAction\":[{\"@type\":\"SearchAction\",\"target\":{\"@type\":\"EntryPoint\",\"urlTemplate\":\"https:\\\/\\\/fundacioncajaruraldelsur.com\\\/?s={search_term_string}\"},\"query-input\":{\"@type\":\"PropertyValueSpecification\",\"valueRequired\":true,\"valueName\":\"search_term_string\"}}],\"inLanguage\":\"pt-PT\"},{\"@type\":\"Person\",\"@id\":\"https:\\\/\\\/fundacioncajaruraldelsur.com\\\/#\\\/schema\\\/person\\\/f430da9fb783d505ff061ad8b3d44577\",\"name\":\"Comunicaci\u00f3n\",\"image\":{\"@type\":\"ImageObject\",\"inLanguage\":\"pt-PT\",\"@id\":\"https:\\\/\\\/secure.gravatar.com\\\/avatar\\\/0dca239875993680bac4603ad2de7942da018f52cc3a244578e0b3b09314a8d8?s=96&d=blank&r=g\",\"url\":\"https:\\\/\\\/secure.gravatar.com\\\/avatar\\\/0dca239875993680bac4603ad2de7942da018f52cc3a244578e0b3b09314a8d8?s=96&d=blank&r=g\",\"contentUrl\":\"https:\\\/\\\/secure.gravatar.com\\\/avatar\\\/0dca239875993680bac4603ad2de7942da018f52cc3a244578e0b3b09314a8d8?s=96&d=blank&r=g\",\"caption\":\"Comunicaci\u00f3n\"}}]}<\/script>\n<!-- \/ Yoast SEO plugin. -->","yoast_head_json":{"title":"Fundaci\u00f3n Caja Rural del Sur edita un nuevo libro con dibujos de Huelva de Jos\u00e9 Bacedoni - Fundaci\u00f3n Caja Rural del Sur","robots":{"index":"index","follow":"follow","max-snippet":"max-snippet:-1","max-image-preview":"max-image-preview:large","max-video-preview":"max-video-preview:-1"},"canonical":"https:\/\/fundacioncajaruraldelsur.com\/pt\/fundacion-caja-rural-del-sur-edita-un-nuevo-libro-con-dibujos-de-huelva-de-jose-bacedoni\/","og_locale":"pt_PT","og_type":"article","og_title":"Fundaci\u00f3n Caja Rural del Sur edita un nuevo libro con dibujos de Huelva de Jos\u00e9 Bacedoni - Fundaci\u00f3n Caja Rural del Sur","og_description":"La Fundaci\u00f3n Caja Rural del Sur ha editado un nuevo libro -el tomo II- de Jos\u00e9 Bacedoni con dibujos de lugares emblem\u00e1ticos de Huelva capital y de la provincia, que [&hellip;]","og_url":"https:\/\/fundacioncajaruraldelsur.com\/pt\/fundacion-caja-rural-del-sur-edita-un-nuevo-libro-con-dibujos-de-huelva-de-jose-bacedoni\/","og_site_name":"Fundaci\u00f3n Caja Rural del Sur","article_published_time":"2022-10-25T06:35:19+00:00","article_modified_time":"2022-10-25T06:35:37+00:00","og_image":[{"width":800,"height":400,"url":"https:\/\/fundacioncajaruraldelsur.com\/wp-content\/uploads\/2022\/10\/221023-bacedoni-con-el-director-de-la-fundacion-caja-rural-del-sur-emilio-ponce-800x400-1.jpg","type":"image\/jpeg"}],"author":"Comunicaci\u00f3n","twitter_card":"summary_large_image","twitter_misc":{"Written by":"Comunicaci\u00f3n","Est. reading time":"2 minutes"},"schema":{"@context":"https:\/\/schema.org","@graph":[{"@type":"Article","@id":"https:\/\/fundacioncajaruraldelsur.com\/fundacion-caja-rural-del-sur-edita-un-nuevo-libro-con-dibujos-de-huelva-de-jose-bacedoni\/#article","isPartOf":{"@id":"https:\/\/fundacioncajaruraldelsur.com\/fundacion-caja-rural-del-sur-edita-un-nuevo-libro-con-dibujos-de-huelva-de-jose-bacedoni\/"},"author":{"name":"Comunicaci\u00f3n","@id":"https:\/\/fundacioncajaruraldelsur.com\/#\/schema\/person\/f430da9fb783d505ff061ad8b3d44577"},"headline":"Fundaci\u00f3n Caja Rural del Sur edita un nuevo libro con dibujos de Huelva de Jos\u00e9 Bacedoni","datePublished":"2022-10-25T06:35:19+00:00","dateModified":"2022-10-25T06:35:37+00:00","mainEntityOfPage":{"@id":"https:\/\/fundacioncajaruraldelsur.com\/fundacion-caja-rural-del-sur-edita-un-nuevo-libro-con-dibujos-de-huelva-de-jose-bacedoni\/"},"wordCount":403,"image":{"@id":"https:\/\/fundacioncajaruraldelsur.com\/fundacion-caja-rural-del-sur-edita-un-nuevo-libro-con-dibujos-de-huelva-de-jose-bacedoni\/#primaryimage"},"thumbnailUrl":"https:\/\/fundacioncajaruraldelsur.com\/wp-content\/uploads\/2022\/10\/221023-bacedoni-con-el-director-de-la-fundacion-caja-rural-del-sur-emilio-ponce-800x400-1.jpg","articleSection":["Presentaciones"],"inLanguage":"pt-PT"},{"@type":"WebPage","@id":"https:\/\/fundacioncajaruraldelsur.com\/fundacion-caja-rural-del-sur-edita-un-nuevo-libro-con-dibujos-de-huelva-de-jose-bacedoni\/","url":"https:\/\/fundacioncajaruraldelsur.com\/fundacion-caja-rural-del-sur-edita-un-nuevo-libro-con-dibujos-de-huelva-de-jose-bacedoni\/","name":"Fundaci\u00f3n Caja Rural del Sur edita un nuevo libro con dibujos de Huelva de Jos\u00e9 Bacedoni - Fundaci\u00f3n Caja Rural del Sur","isPartOf":{"@id":"https:\/\/fundacioncajaruraldelsur.com\/#website"},"primaryImageOfPage":{"@id":"https:\/\/fundacioncajaruraldelsur.com\/fundacion-caja-rural-del-sur-edita-un-nuevo-libro-con-dibujos-de-huelva-de-jose-bacedoni\/#primaryimage"},"image":{"@id":"https:\/\/fundacioncajaruraldelsur.com\/fundacion-caja-rural-del-sur-edita-un-nuevo-libro-con-dibujos-de-huelva-de-jose-bacedoni\/#primaryimage"},"thumbnailUrl":"https:\/\/fundacioncajaruraldelsur.com\/wp-content\/uploads\/2022\/10\/221023-bacedoni-con-el-director-de-la-fundacion-caja-rural-del-sur-emilio-ponce-800x400-1.jpg","datePublished":"2022-10-25T06:35:19+00:00","dateModified":"2022-10-25T06:35:37+00:00","author":{"@id":"https:\/\/fundacioncajaruraldelsur.com\/#\/schema\/person\/f430da9fb783d505ff061ad8b3d44577"},"breadcrumb":{"@id":"https:\/\/fundacioncajaruraldelsur.com\/fundacion-caja-rural-del-sur-edita-un-nuevo-libro-con-dibujos-de-huelva-de-jose-bacedoni\/#breadcrumb"},"inLanguage":"pt-PT","potentialAction":[{"@type":"ReadAction","target":["https:\/\/fundacioncajaruraldelsur.com\/fundacion-caja-rural-del-sur-edita-un-nuevo-libro-con-dibujos-de-huelva-de-jose-bacedoni\/"]}]},{"@type":"ImageObject","inLanguage":"pt-PT","@id":"https:\/\/fundacioncajaruraldelsur.com\/fundacion-caja-rural-del-sur-edita-un-nuevo-libro-con-dibujos-de-huelva-de-jose-bacedoni\/#primaryimage","url":"https:\/\/fundacioncajaruraldelsur.com\/wp-content\/uploads\/2022\/10\/221023-bacedoni-con-el-director-de-la-fundacion-caja-rural-del-sur-emilio-ponce-800x400-1.jpg","contentUrl":"https:\/\/fundacioncajaruraldelsur.com\/wp-content\/uploads\/2022\/10\/221023-bacedoni-con-el-director-de-la-fundacion-caja-rural-del-sur-emilio-ponce-800x400-1.jpg","width":800,"height":400},{"@type":"BreadcrumbList","@id":"https:\/\/fundacioncajaruraldelsur.com\/fundacion-caja-rural-del-sur-edita-un-nuevo-libro-con-dibujos-de-huelva-de-jose-bacedoni\/#breadcrumb","itemListElement":[{"@type":"ListItem","position":1,"name":"Portada","item":"https:\/\/fundacioncajaruraldelsur.com\/"},{"@type":"ListItem","position":2,"name":"Fundaci\u00f3n Caja Rural del Sur edita un nuevo libro con dibujos de Huelva de Jos\u00e9 Bacedoni"}]},{"@type":"WebSite","@id":"https:\/\/fundacioncajaruraldelsur.com\/#website","url":"https:\/\/fundacioncajaruraldelsur.com\/","name":"Funda\u00e7\u00e3o Caja Rural del Sur","description":"","potentialAction":[{"@type":"SearchAction","target":{"@type":"EntryPoint","urlTemplate":"https:\/\/fundacioncajaruraldelsur.com\/?s={search_term_string}"},"query-input":{"@type":"PropertyValueSpecification","valueRequired":true,"valueName":"search_term_string"}}],"inLanguage":"pt-PT"},{"@type":"Person","@id":"https:\/\/fundacioncajaruraldelsur.com\/#\/schema\/person\/f430da9fb783d505ff061ad8b3d44577","name":"Comunicaci\u00f3n","image":{"@type":"ImageObject","inLanguage":"pt-PT","@id":"https:\/\/secure.gravatar.com\/avatar\/0dca239875993680bac4603ad2de7942da018f52cc3a244578e0b3b09314a8d8?s=96&d=blank&r=g","url":"https:\/\/secure.gravatar.com\/avatar\/0dca239875993680bac4603ad2de7942da018f52cc3a244578e0b3b09314a8d8?s=96&d=blank&r=g","contentUrl":"https:\/\/secure.gravatar.com\/avatar\/0dca239875993680bac4603ad2de7942da018f52cc3a244578e0b3b09314a8d8?s=96&d=blank&r=g","caption":"Comunicaci\u00f3n"}}]}},"rttpg_featured_image_url":{"full":["https:\/\/fundacioncajaruraldelsur.com\/wp-content\/uploads\/2022\/10\/221023-bacedoni-con-el-director-de-la-fundacion-caja-rural-del-sur-emilio-ponce-800x400-1.jpg",800,400,false],"landscape":["https:\/\/fundacioncajaruraldelsur.com\/wp-content\/uploads\/2022\/10\/221023-bacedoni-con-el-director-de-la-fundacion-caja-rural-del-sur-emilio-ponce-800x400-1.jpg",800,400,false],"portraits":["https:\/\/fundacioncajaruraldelsur.com\/wp-content\/uploads\/2022\/10\/221023-bacedoni-con-el-director-de-la-fundacion-caja-rural-del-sur-emilio-ponce-800x400-1.jpg",800,400,false],"thumbnail":["https:\/\/fundacioncajaruraldelsur.com\/wp-content\/uploads\/2022\/10\/221023-bacedoni-con-el-director-de-la-fundacion-caja-rural-del-sur-emilio-ponce-800x400-1-150x150.jpg",150,150,true],"medium":["https:\/\/fundacioncajaruraldelsur.com\/wp-content\/uploads\/2022\/10\/221023-bacedoni-con-el-director-de-la-fundacion-caja-rural-del-sur-emilio-ponce-800x400-1-300x150.jpg",300,150,true],"large":["https:\/\/fundacioncajaruraldelsur.com\/wp-content\/uploads\/2022\/10\/221023-bacedoni-con-el-director-de-la-fundacion-caja-rural-del-sur-emilio-ponce-800x400-1.jpg",800,400,false],"1536x1536":["https:\/\/fundacioncajaruraldelsur.com\/wp-content\/uploads\/2022\/10\/221023-bacedoni-con-el-director-de-la-fundacion-caja-rural-del-sur-emilio-ponce-800x400-1.jpg",800,400,false],"2048x2048":["https:\/\/fundacioncajaruraldelsur.com\/wp-content\/uploads\/2022\/10\/221023-bacedoni-con-el-director-de-la-fundacion-caja-rural-del-sur-emilio-ponce-800x400-1.jpg",800,400,false],"trp-custom-language-flag":["https:\/\/fundacioncajaruraldelsur.com\/wp-content\/uploads\/2022\/10\/221023-bacedoni-con-el-director-de-la-fundacion-caja-rural-del-sur-emilio-ponce-800x400-1.jpg",18,9,false],"blog-thumbnail":["https:\/\/fundacioncajaruraldelsur.com\/wp-content\/uploads\/2022\/10\/221023-bacedoni-con-el-director-de-la-fundacion-caja-rural-del-sur-emilio-ponce-800x400-1-400x200.jpg",400,200,true]},"rttpg_author":{"display_name":"Comunicaci\u00f3n","author_link":"https:\/\/fundacioncajaruraldelsur.com\/pt\/author\/sevillaadmin\/"},"rttpg_comment":0,"rttpg_category":"<a href=\"https:\/\/fundacioncajaruraldelsur.com\/pt\/category\/presentaciones\/\" rel=\"category tag\">Presentaciones<\/a>","rttpg_excerpt":"La Fundaci\u00f3n Caja Rural del Sur ha editado un nuevo libro -el tomo II- de Jos\u00e9 Bacedoni con dibujos de lugares emblem\u00e1ticos de Huelva capital y de la provincia, que [&hellip;]","_links":{"self":[{"href":"https:\/\/fundacioncajaruraldelsur.com\/pt\/wp-json\/wp\/v2\/posts\/8026","targetHints":{"allow":["GET"]}}],"collection":[{"href":"https:\/\/fundacioncajaruraldelsur.com\/pt\/wp-json\/wp\/v2\/posts"}],"about":[{"href":"https:\/\/fundacioncajaruraldelsur.com\/pt\/wp-json\/wp\/v2\/types\/post"}],"author":[{"embeddable":true,"href":"https:\/\/fundacioncajaruraldelsur.com\/pt\/wp-json\/wp\/v2\/users\/6"}],"replies":[{"embeddable":true,"href":"https:\/\/fundacioncajaruraldelsur.com\/pt\/wp-json\/wp\/v2\/comments?post=8026"}],"version-history":[{"count":2,"href":"https:\/\/fundacioncajaruraldelsur.com\/pt\/wp-json\/wp\/v2\/posts\/8026\/revisions"}],"predecessor-version":[{"id":8029,"href":"https:\/\/fundacioncajaruraldelsur.com\/pt\/wp-json\/wp\/v2\/posts\/8026\/revisions\/8029"}],"wp:featuredmedia":[{"embeddable":true,"href":"https:\/\/fundacioncajaruraldelsur.com\/pt\/wp-json\/wp\/v2\/media\/8027"}],"wp:attachment":[{"href":"https:\/\/fundacioncajaruraldelsur.com\/pt\/wp-json\/wp\/v2\/media?parent=8026"}],"wp:term":[{"taxonomy":"category","embeddable":true,"href":"https:\/\/fundacioncajaruraldelsur.com\/pt\/wp-json\/wp\/v2\/categories?post=8026"},{"taxonomy":"post_tag","embeddable":true,"href":"https:\/\/fundacioncajaruraldelsur.com\/pt\/wp-json\/wp\/v2\/tags?post=8026"}],"curies":[{"name":"wp","href":"https:\/\/api.w.org\/{rel}","templated":true}]}}