{"id":7811,"date":"2022-07-13T12:08:35","date_gmt":"2022-07-13T10:08:35","guid":{"rendered":"\/?p=7811"},"modified":"2022-07-13T12:44:17","modified_gmt":"2022-07-13T10:44:17","slug":"el-presidente-de-caja-rural-del-sur-condecorado-con-la-cruz-al-merito-militar-con-distintivo-blanco","status":"publish","type":"post","link":"https:\/\/fundacioncajaruraldelsur.com\/pt\/el-presidente-de-caja-rural-del-sur-condecorado-con-la-cruz-al-merito-militar-con-distintivo-blanco\/","title":{"rendered":"El Presidente de Caja Rural del Sur, Jos\u00e9 Luis Garc\u00eda-Palacios, condecorado con la Cruz al M\u00e9rito Militar con distintivo Blanco"},"content":{"rendered":"<p>El teniente general jefe de la Fuerza Terrestre, Jos\u00e9 Rodr\u00edguez Garc\u00eda, ha entregado la Cruz al M\u00e9rito Militar con distintivo Blanco al presidente de Caja Rural del Sur y su Fundaci\u00f3n, Jos\u00e9 Luis Garc\u00eda-Palacios \u00c1lvarez.<\/p>\n<p>El acto institucional de la condecoraci\u00f3n militar tuvo lugar en la sede\u00a0de Capitan\u00eda General, actualmente\u00a0Cuartel General de la Fuerza Terrestre\u00a0de\u00a0la Plaza de Espa\u00f1a de Sevilla.<\/p>\n<p>Esta Medalla la concede el Ministerio de Defensa para reconocer y recompensar a los miembros del Ej\u00e9rcito, la Guardia Civil y, como en el caso del Presidente de Caja Rural del Sur, a personalidades de la vida civil por la realizaci\u00f3n de acciones y hechos o la prestaci\u00f3n de servicios de destacado m\u00e9rito para el ej\u00e9rcito y la Defensa.<\/p>\n<p><a href=\"\/wp-content\/uploads\/2022\/07\/8-de-julio-de-2022-55-scaled.jpg\" rel=\"lightbox-0\"><img loading=\"lazy\" decoding=\"async\" class=\"aligncenter wp-image-7814\" src=\"\/wp-content\/uploads\/2022\/07\/8-de-julio-de-2022-55-200x300.jpg\" alt=\"\" width=\"314\" height=\"471\" srcset=\"https:\/\/fundacioncajaruraldelsur.com\/wp-content\/uploads\/2022\/07\/8-de-julio-de-2022-55-200x300.jpg 200w, https:\/\/fundacioncajaruraldelsur.com\/wp-content\/uploads\/2022\/07\/8-de-julio-de-2022-55-683x1024.jpg 683w, https:\/\/fundacioncajaruraldelsur.com\/wp-content\/uploads\/2022\/07\/8-de-julio-de-2022-55-768x1152.jpg 768w, https:\/\/fundacioncajaruraldelsur.com\/wp-content\/uploads\/2022\/07\/8-de-julio-de-2022-55-1024x1536.jpg 1024w, https:\/\/fundacioncajaruraldelsur.com\/wp-content\/uploads\/2022\/07\/8-de-julio-de-2022-55-1365x2048.jpg 1365w, https:\/\/fundacioncajaruraldelsur.com\/wp-content\/uploads\/2022\/07\/8-de-julio-de-2022-55-scaled.jpg 1707w\" sizes=\"auto, (max-width: 314px) 100vw, 314px\" \/><\/a><\/p>\n<p><a href=\"\/wp-content\/uploads\/2022\/07\/DSC_0065-scaled.jpg\" rel=\"lightbox-1\"><img loading=\"lazy\" decoding=\"async\" class=\"alignnone wp-image-7815 size-full\" src=\"\/wp-content\/uploads\/2022\/07\/DSC_0065-scaled.jpg\" alt=\"\" width=\"2560\" height=\"1714\" srcset=\"https:\/\/fundacioncajaruraldelsur.com\/wp-content\/uploads\/2022\/07\/DSC_0065-scaled.jpg 2560w, https:\/\/fundacioncajaruraldelsur.com\/wp-content\/uploads\/2022\/07\/DSC_0065-300x201.jpg 300w, https:\/\/fundacioncajaruraldelsur.com\/wp-content\/uploads\/2022\/07\/DSC_0065-1024x685.jpg 1024w, https:\/\/fundacioncajaruraldelsur.com\/wp-content\/uploads\/2022\/07\/DSC_0065-768x514.jpg 768w, https:\/\/fundacioncajaruraldelsur.com\/wp-content\/uploads\/2022\/07\/DSC_0065-1536x1028.jpg 1536w, https:\/\/fundacioncajaruraldelsur.com\/wp-content\/uploads\/2022\/07\/DSC_0065-2048x1371.jpg 2048w\" sizes=\"auto, (max-width: 2560px) 100vw, 2560px\" \/><\/a><\/p>\n<p>&nbsp;<\/p>","protected":false},"excerpt":{"rendered":"<p>El teniente general jefe de la Fuerza Terrestre, Jos\u00e9 Rodr\u00edguez Garc\u00eda, ha entregado la Cruz al M\u00e9rito Militar con distintivo Blanco al presidente de Caja Rural del Sur y su [&hellip;]<\/p>\n","protected":false},"author":6,"featured_media":7816,"comment_status":"closed","ping_status":"closed","sticky":false,"template":"","format":"standard","meta":{"footnotes":""},"categories":[64],"tags":[],"class_list":["post-7811","post","type-post","status-publish","format-standard","has-post-thumbnail","hentry","category-premios"],"yoast_head":"<!-- This site is optimized with the Yoast SEO plugin v27.3 - https:\/\/yoast.com\/product\/yoast-seo-wordpress\/ -->\n<title>El Presidente de Caja Rural del Sur, Jos\u00e9 Luis Garc\u00eda-Palacios, condecorado con la Cruz al M\u00e9rito Militar con distintivo Blanco - Fundaci\u00f3n Caja Rural del Sur<\/title>\n<meta name=\"robots\" content=\"index, follow, max-snippet:-1, max-image-preview:large, max-video-preview:-1\" \/>\n<link rel=\"canonical\" href=\"https:\/\/fundacioncajaruraldelsur.com\/pt\/el-presidente-de-caja-rural-del-sur-condecorado-con-la-cruz-al-merito-militar-con-distintivo-blanco\/\" \/>\n<meta property=\"og:locale\" content=\"pt_PT\" \/>\n<meta property=\"og:type\" content=\"article\" \/>\n<meta property=\"og:title\" content=\"El Presidente de Caja Rural del Sur, Jos\u00e9 Luis Garc\u00eda-Palacios, condecorado con la Cruz al M\u00e9rito Militar con distintivo Blanco - Fundaci\u00f3n Caja Rural del Sur\" \/>\n<meta property=\"og:description\" content=\"El teniente general jefe de la Fuerza Terrestre, Jos\u00e9 Rodr\u00edguez Garc\u00eda, ha entregado la Cruz al M\u00e9rito Militar con distintivo Blanco al presidente de Caja Rural del Sur y su [&hellip;]\" \/>\n<meta property=\"og:url\" content=\"https:\/\/fundacioncajaruraldelsur.com\/pt\/el-presidente-de-caja-rural-del-sur-condecorado-con-la-cruz-al-merito-militar-con-distintivo-blanco\/\" \/>\n<meta property=\"og:site_name\" content=\"Fundaci\u00f3n Caja Rural del Sur\" \/>\n<meta property=\"article:published_time\" content=\"2022-07-13T10:08:35+00:00\" \/>\n<meta property=\"article:modified_time\" content=\"2022-07-13T10:44:17+00:00\" \/>\n<meta property=\"og:image\" content=\"https:\/\/fundacioncajaruraldelsur.com\/wp-content\/uploads\/2022\/07\/DSC_0053-scaled.jpg\" \/>\n\t<meta property=\"og:image:width\" content=\"2560\" \/>\n\t<meta property=\"og:image:height\" content=\"1714\" \/>\n\t<meta property=\"og:image:type\" content=\"image\/jpeg\" \/>\n<meta name=\"author\" content=\"Comunicaci\u00f3n\" \/>\n<meta name=\"twitter:card\" content=\"summary_large_image\" \/>\n<meta name=\"twitter:label1\" content=\"Written by\" \/>\n\t<meta name=\"twitter:data1\" content=\"Comunicaci\u00f3n\" \/>\n\t<meta name=\"twitter:label2\" content=\"Est. reading time\" \/>\n\t<meta name=\"twitter:data2\" content=\"1 minute\" \/>\n<script type=\"application\/ld+json\" class=\"yoast-schema-graph\">{\"@context\":\"https:\\\/\\\/schema.org\",\"@graph\":[{\"@type\":\"Article\",\"@id\":\"https:\\\/\\\/fundacioncajaruraldelsur.com\\\/el-presidente-de-caja-rural-del-sur-condecorado-con-la-cruz-al-merito-militar-con-distintivo-blanco\\\/#article\",\"isPartOf\":{\"@id\":\"https:\\\/\\\/fundacioncajaruraldelsur.com\\\/el-presidente-de-caja-rural-del-sur-condecorado-con-la-cruz-al-merito-militar-con-distintivo-blanco\\\/\"},\"author\":{\"name\":\"Comunicaci\u00f3n\",\"@id\":\"https:\\\/\\\/fundacioncajaruraldelsur.com\\\/#\\\/schema\\\/person\\\/f430da9fb783d505ff061ad8b3d44577\"},\"headline\":\"El Presidente de Caja Rural del Sur, Jos\u00e9 Luis Garc\u00eda-Palacios, condecorado con la Cruz al M\u00e9rito Militar con distintivo Blanco\",\"datePublished\":\"2022-07-13T10:08:35+00:00\",\"dateModified\":\"2022-07-13T10:44:17+00:00\",\"mainEntityOfPage\":{\"@id\":\"https:\\\/\\\/fundacioncajaruraldelsur.com\\\/el-presidente-de-caja-rural-del-sur-condecorado-con-la-cruz-al-merito-militar-con-distintivo-blanco\\\/\"},\"wordCount\":159,\"image\":{\"@id\":\"https:\\\/\\\/fundacioncajaruraldelsur.com\\\/el-presidente-de-caja-rural-del-sur-condecorado-con-la-cruz-al-merito-militar-con-distintivo-blanco\\\/#primaryimage\"},\"thumbnailUrl\":\"https:\\\/\\\/fundacioncajaruraldelsur.com\\\/wp-content\\\/uploads\\\/2022\\\/07\\\/DSC_0053-scaled.jpg\",\"articleSection\":[\"Premios\"],\"inLanguage\":\"pt-PT\"},{\"@type\":\"WebPage\",\"@id\":\"https:\\\/\\\/fundacioncajaruraldelsur.com\\\/el-presidente-de-caja-rural-del-sur-condecorado-con-la-cruz-al-merito-militar-con-distintivo-blanco\\\/\",\"url\":\"https:\\\/\\\/fundacioncajaruraldelsur.com\\\/el-presidente-de-caja-rural-del-sur-condecorado-con-la-cruz-al-merito-militar-con-distintivo-blanco\\\/\",\"name\":\"El Presidente de Caja Rural del Sur, Jos\u00e9 Luis Garc\u00eda-Palacios, condecorado con la Cruz al M\u00e9rito Militar con distintivo Blanco - Fundaci\u00f3n Caja Rural del Sur\",\"isPartOf\":{\"@id\":\"https:\\\/\\\/fundacioncajaruraldelsur.com\\\/#website\"},\"primaryImageOfPage\":{\"@id\":\"https:\\\/\\\/fundacioncajaruraldelsur.com\\\/el-presidente-de-caja-rural-del-sur-condecorado-con-la-cruz-al-merito-militar-con-distintivo-blanco\\\/#primaryimage\"},\"image\":{\"@id\":\"https:\\\/\\\/fundacioncajaruraldelsur.com\\\/el-presidente-de-caja-rural-del-sur-condecorado-con-la-cruz-al-merito-militar-con-distintivo-blanco\\\/#primaryimage\"},\"thumbnailUrl\":\"https:\\\/\\\/fundacioncajaruraldelsur.com\\\/wp-content\\\/uploads\\\/2022\\\/07\\\/DSC_0053-scaled.jpg\",\"datePublished\":\"2022-07-13T10:08:35+00:00\",\"dateModified\":\"2022-07-13T10:44:17+00:00\",\"author\":{\"@id\":\"https:\\\/\\\/fundacioncajaruraldelsur.com\\\/#\\\/schema\\\/person\\\/f430da9fb783d505ff061ad8b3d44577\"},\"breadcrumb\":{\"@id\":\"https:\\\/\\\/fundacioncajaruraldelsur.com\\\/el-presidente-de-caja-rural-del-sur-condecorado-con-la-cruz-al-merito-militar-con-distintivo-blanco\\\/#breadcrumb\"},\"inLanguage\":\"pt-PT\",\"potentialAction\":[{\"@type\":\"ReadAction\",\"target\":[\"https:\\\/\\\/fundacioncajaruraldelsur.com\\\/el-presidente-de-caja-rural-del-sur-condecorado-con-la-cruz-al-merito-militar-con-distintivo-blanco\\\/\"]}]},{\"@type\":\"ImageObject\",\"inLanguage\":\"pt-PT\",\"@id\":\"https:\\\/\\\/fundacioncajaruraldelsur.com\\\/el-presidente-de-caja-rural-del-sur-condecorado-con-la-cruz-al-merito-militar-con-distintivo-blanco\\\/#primaryimage\",\"url\":\"https:\\\/\\\/fundacioncajaruraldelsur.com\\\/wp-content\\\/uploads\\\/2022\\\/07\\\/DSC_0053-scaled.jpg\",\"contentUrl\":\"https:\\\/\\\/fundacioncajaruraldelsur.com\\\/wp-content\\\/uploads\\\/2022\\\/07\\\/DSC_0053-scaled.jpg\",\"width\":2560,\"height\":1714},{\"@type\":\"BreadcrumbList\",\"@id\":\"https:\\\/\\\/fundacioncajaruraldelsur.com\\\/el-presidente-de-caja-rural-del-sur-condecorado-con-la-cruz-al-merito-militar-con-distintivo-blanco\\\/#breadcrumb\",\"itemListElement\":[{\"@type\":\"ListItem\",\"position\":1,\"name\":\"Portada\",\"item\":\"https:\\\/\\\/fundacioncajaruraldelsur.com\\\/\"},{\"@type\":\"ListItem\",\"position\":2,\"name\":\"El Presidente de Caja Rural del Sur, Jos\u00e9 Luis Garc\u00eda-Palacios, condecorado con la Cruz al M\u00e9rito Militar con distintivo Blanco\"}]},{\"@type\":\"WebSite\",\"@id\":\"https:\\\/\\\/fundacioncajaruraldelsur.com\\\/#website\",\"url\":\"https:\\\/\\\/fundacioncajaruraldelsur.com\\\/\",\"name\":\"Fundaci\u00f3n Caja Rural del Sur\",\"description\":\"\",\"potentialAction\":[{\"@type\":\"SearchAction\",\"target\":{\"@type\":\"EntryPoint\",\"urlTemplate\":\"https:\\\/\\\/fundacioncajaruraldelsur.com\\\/?s={search_term_string}\"},\"query-input\":{\"@type\":\"PropertyValueSpecification\",\"valueRequired\":true,\"valueName\":\"search_term_string\"}}],\"inLanguage\":\"pt-PT\"},{\"@type\":\"Person\",\"@id\":\"https:\\\/\\\/fundacioncajaruraldelsur.com\\\/#\\\/schema\\\/person\\\/f430da9fb783d505ff061ad8b3d44577\",\"name\":\"Comunicaci\u00f3n\",\"image\":{\"@type\":\"ImageObject\",\"inLanguage\":\"pt-PT\",\"@id\":\"https:\\\/\\\/secure.gravatar.com\\\/avatar\\\/0dca239875993680bac4603ad2de7942da018f52cc3a244578e0b3b09314a8d8?s=96&d=blank&r=g\",\"url\":\"https:\\\/\\\/secure.gravatar.com\\\/avatar\\\/0dca239875993680bac4603ad2de7942da018f52cc3a244578e0b3b09314a8d8?s=96&d=blank&r=g\",\"contentUrl\":\"https:\\\/\\\/secure.gravatar.com\\\/avatar\\\/0dca239875993680bac4603ad2de7942da018f52cc3a244578e0b3b09314a8d8?s=96&d=blank&r=g\",\"caption\":\"Comunicaci\u00f3n\"}}]}<\/script>\n<!-- \/ Yoast SEO plugin. -->","yoast_head_json":{"title":"El Presidente de Caja Rural del Sur, Jos\u00e9 Luis Garc\u00eda-Palacios, condecorado con la Cruz al M\u00e9rito Militar con distintivo Blanco - Fundaci\u00f3n Caja Rural del Sur","robots":{"index":"index","follow":"follow","max-snippet":"max-snippet:-1","max-image-preview":"max-image-preview:large","max-video-preview":"max-video-preview:-1"},"canonical":"https:\/\/fundacioncajaruraldelsur.com\/pt\/el-presidente-de-caja-rural-del-sur-condecorado-con-la-cruz-al-merito-militar-con-distintivo-blanco\/","og_locale":"pt_PT","og_type":"article","og_title":"El Presidente de Caja Rural del Sur, Jos\u00e9 Luis Garc\u00eda-Palacios, condecorado con la Cruz al M\u00e9rito Militar con distintivo Blanco - Fundaci\u00f3n Caja Rural del Sur","og_description":"El teniente general jefe de la Fuerza Terrestre, Jos\u00e9 Rodr\u00edguez Garc\u00eda, ha entregado la Cruz al M\u00e9rito Militar con distintivo Blanco al presidente de Caja Rural del Sur y su [&hellip;]","og_url":"https:\/\/fundacioncajaruraldelsur.com\/pt\/el-presidente-de-caja-rural-del-sur-condecorado-con-la-cruz-al-merito-militar-con-distintivo-blanco\/","og_site_name":"Fundaci\u00f3n Caja Rural del Sur","article_published_time":"2022-07-13T10:08:35+00:00","article_modified_time":"2022-07-13T10:44:17+00:00","og_image":[{"width":2560,"height":1714,"url":"https:\/\/fundacioncajaruraldelsur.com\/wp-content\/uploads\/2022\/07\/DSC_0053-scaled.jpg","type":"image\/jpeg"}],"author":"Comunicaci\u00f3n","twitter_card":"summary_large_image","twitter_misc":{"Written by":"Comunicaci\u00f3n","Est. reading time":"1 minute"},"schema":{"@context":"https:\/\/schema.org","@graph":[{"@type":"Article","@id":"https:\/\/fundacioncajaruraldelsur.com\/el-presidente-de-caja-rural-del-sur-condecorado-con-la-cruz-al-merito-militar-con-distintivo-blanco\/#article","isPartOf":{"@id":"https:\/\/fundacioncajaruraldelsur.com\/el-presidente-de-caja-rural-del-sur-condecorado-con-la-cruz-al-merito-militar-con-distintivo-blanco\/"},"author":{"name":"Comunicaci\u00f3n","@id":"https:\/\/fundacioncajaruraldelsur.com\/#\/schema\/person\/f430da9fb783d505ff061ad8b3d44577"},"headline":"El Presidente de Caja Rural del Sur, Jos\u00e9 Luis Garc\u00eda-Palacios, condecorado con la Cruz al M\u00e9rito Militar con distintivo Blanco","datePublished":"2022-07-13T10:08:35+00:00","dateModified":"2022-07-13T10:44:17+00:00","mainEntityOfPage":{"@id":"https:\/\/fundacioncajaruraldelsur.com\/el-presidente-de-caja-rural-del-sur-condecorado-con-la-cruz-al-merito-militar-con-distintivo-blanco\/"},"wordCount":159,"image":{"@id":"https:\/\/fundacioncajaruraldelsur.com\/el-presidente-de-caja-rural-del-sur-condecorado-con-la-cruz-al-merito-militar-con-distintivo-blanco\/#primaryimage"},"thumbnailUrl":"https:\/\/fundacioncajaruraldelsur.com\/wp-content\/uploads\/2022\/07\/DSC_0053-scaled.jpg","articleSection":["Premios"],"inLanguage":"pt-PT"},{"@type":"WebPage","@id":"https:\/\/fundacioncajaruraldelsur.com\/el-presidente-de-caja-rural-del-sur-condecorado-con-la-cruz-al-merito-militar-con-distintivo-blanco\/","url":"https:\/\/fundacioncajaruraldelsur.com\/el-presidente-de-caja-rural-del-sur-condecorado-con-la-cruz-al-merito-militar-con-distintivo-blanco\/","name":"El Presidente de Caja Rural del Sur, Jos\u00e9 Luis Garc\u00eda-Palacios, condecorado con la Cruz al M\u00e9rito Militar con distintivo Blanco - Fundaci\u00f3n Caja Rural del Sur","isPartOf":{"@id":"https:\/\/fundacioncajaruraldelsur.com\/#website"},"primaryImageOfPage":{"@id":"https:\/\/fundacioncajaruraldelsur.com\/el-presidente-de-caja-rural-del-sur-condecorado-con-la-cruz-al-merito-militar-con-distintivo-blanco\/#primaryimage"},"image":{"@id":"https:\/\/fundacioncajaruraldelsur.com\/el-presidente-de-caja-rural-del-sur-condecorado-con-la-cruz-al-merito-militar-con-distintivo-blanco\/#primaryimage"},"thumbnailUrl":"https:\/\/fundacioncajaruraldelsur.com\/wp-content\/uploads\/2022\/07\/DSC_0053-scaled.jpg","datePublished":"2022-07-13T10:08:35+00:00","dateModified":"2022-07-13T10:44:17+00:00","author":{"@id":"https:\/\/fundacioncajaruraldelsur.com\/#\/schema\/person\/f430da9fb783d505ff061ad8b3d44577"},"breadcrumb":{"@id":"https:\/\/fundacioncajaruraldelsur.com\/el-presidente-de-caja-rural-del-sur-condecorado-con-la-cruz-al-merito-militar-con-distintivo-blanco\/#breadcrumb"},"inLanguage":"pt-PT","potentialAction":[{"@type":"ReadAction","target":["https:\/\/fundacioncajaruraldelsur.com\/el-presidente-de-caja-rural-del-sur-condecorado-con-la-cruz-al-merito-militar-con-distintivo-blanco\/"]}]},{"@type":"ImageObject","inLanguage":"pt-PT","@id":"https:\/\/fundacioncajaruraldelsur.com\/el-presidente-de-caja-rural-del-sur-condecorado-con-la-cruz-al-merito-militar-con-distintivo-blanco\/#primaryimage","url":"https:\/\/fundacioncajaruraldelsur.com\/wp-content\/uploads\/2022\/07\/DSC_0053-scaled.jpg","contentUrl":"https:\/\/fundacioncajaruraldelsur.com\/wp-content\/uploads\/2022\/07\/DSC_0053-scaled.jpg","width":2560,"height":1714},{"@type":"BreadcrumbList","@id":"https:\/\/fundacioncajaruraldelsur.com\/el-presidente-de-caja-rural-del-sur-condecorado-con-la-cruz-al-merito-militar-con-distintivo-blanco\/#breadcrumb","itemListElement":[{"@type":"ListItem","position":1,"name":"Portada","item":"https:\/\/fundacioncajaruraldelsur.com\/"},{"@type":"ListItem","position":2,"name":"El Presidente de Caja Rural del Sur, Jos\u00e9 Luis Garc\u00eda-Palacios, condecorado con la Cruz al M\u00e9rito Militar con distintivo Blanco"}]},{"@type":"WebSite","@id":"https:\/\/fundacioncajaruraldelsur.com\/#website","url":"https:\/\/fundacioncajaruraldelsur.com\/","name":"Funda\u00e7\u00e3o Caja Rural del Sur","description":"","potentialAction":[{"@type":"SearchAction","target":{"@type":"EntryPoint","urlTemplate":"https:\/\/fundacioncajaruraldelsur.com\/?s={search_term_string}"},"query-input":{"@type":"PropertyValueSpecification","valueRequired":true,"valueName":"search_term_string"}}],"inLanguage":"pt-PT"},{"@type":"Person","@id":"https:\/\/fundacioncajaruraldelsur.com\/#\/schema\/person\/f430da9fb783d505ff061ad8b3d44577","name":"Comunicaci\u00f3n","image":{"@type":"ImageObject","inLanguage":"pt-PT","@id":"https:\/\/secure.gravatar.com\/avatar\/0dca239875993680bac4603ad2de7942da018f52cc3a244578e0b3b09314a8d8?s=96&d=blank&r=g","url":"https:\/\/secure.gravatar.com\/avatar\/0dca239875993680bac4603ad2de7942da018f52cc3a244578e0b3b09314a8d8?s=96&d=blank&r=g","contentUrl":"https:\/\/secure.gravatar.com\/avatar\/0dca239875993680bac4603ad2de7942da018f52cc3a244578e0b3b09314a8d8?s=96&d=blank&r=g","caption":"Comunicaci\u00f3n"}}]}},"rttpg_featured_image_url":{"full":["https:\/\/fundacioncajaruraldelsur.com\/wp-content\/uploads\/2022\/07\/DSC_0053-scaled.jpg",2560,1714,false],"landscape":["https:\/\/fundacioncajaruraldelsur.com\/wp-content\/uploads\/2022\/07\/DSC_0053-scaled.jpg",2560,1714,false],"portraits":["https:\/\/fundacioncajaruraldelsur.com\/wp-content\/uploads\/2022\/07\/DSC_0053-scaled.jpg",2560,1714,false],"thumbnail":["https:\/\/fundacioncajaruraldelsur.com\/wp-content\/uploads\/2022\/07\/DSC_0053-150x150.jpg",150,150,true],"medium":["https:\/\/fundacioncajaruraldelsur.com\/wp-content\/uploads\/2022\/07\/DSC_0053-300x201.jpg",300,201,true],"large":["https:\/\/fundacioncajaruraldelsur.com\/wp-content\/uploads\/2022\/07\/DSC_0053-1024x685.jpg",960,642,true],"1536x1536":["https:\/\/fundacioncajaruraldelsur.com\/wp-content\/uploads\/2022\/07\/DSC_0053-1536x1028.jpg",1536,1028,true],"2048x2048":["https:\/\/fundacioncajaruraldelsur.com\/wp-content\/uploads\/2022\/07\/DSC_0053-2048x1371.jpg",2048,1371,true],"trp-custom-language-flag":["https:\/\/fundacioncajaruraldelsur.com\/wp-content\/uploads\/2022\/07\/DSC_0053-scaled.jpg",18,12,false],"blog-thumbnail":["https:\/\/fundacioncajaruraldelsur.com\/wp-content\/uploads\/2022\/07\/DSC_0053-400x200.jpg",400,200,true]},"rttpg_author":{"display_name":"Comunicaci\u00f3n","author_link":"https:\/\/fundacioncajaruraldelsur.com\/pt\/author\/sevillaadmin\/"},"rttpg_comment":0,"rttpg_category":"<a href=\"https:\/\/fundacioncajaruraldelsur.com\/pt\/category\/premios\/\" rel=\"category tag\">Premios<\/a>","rttpg_excerpt":"El teniente general jefe de la Fuerza Terrestre, Jos\u00e9 Rodr\u00edguez Garc\u00eda, ha entregado la Cruz al M\u00e9rito Militar con distintivo Blanco al presidente de Caja Rural del Sur y su [&hellip;]","_links":{"self":[{"href":"https:\/\/fundacioncajaruraldelsur.com\/pt\/wp-json\/wp\/v2\/posts\/7811","targetHints":{"allow":["GET"]}}],"collection":[{"href":"https:\/\/fundacioncajaruraldelsur.com\/pt\/wp-json\/wp\/v2\/posts"}],"about":[{"href":"https:\/\/fundacioncajaruraldelsur.com\/pt\/wp-json\/wp\/v2\/types\/post"}],"author":[{"embeddable":true,"href":"https:\/\/fundacioncajaruraldelsur.com\/pt\/wp-json\/wp\/v2\/users\/6"}],"replies":[{"embeddable":true,"href":"https:\/\/fundacioncajaruraldelsur.com\/pt\/wp-json\/wp\/v2\/comments?post=7811"}],"version-history":[{"count":4,"href":"https:\/\/fundacioncajaruraldelsur.com\/pt\/wp-json\/wp\/v2\/posts\/7811\/revisions"}],"predecessor-version":[{"id":7818,"href":"https:\/\/fundacioncajaruraldelsur.com\/pt\/wp-json\/wp\/v2\/posts\/7811\/revisions\/7818"}],"wp:featuredmedia":[{"embeddable":true,"href":"https:\/\/fundacioncajaruraldelsur.com\/pt\/wp-json\/wp\/v2\/media\/7816"}],"wp:attachment":[{"href":"https:\/\/fundacioncajaruraldelsur.com\/pt\/wp-json\/wp\/v2\/media?parent=7811"}],"wp:term":[{"taxonomy":"category","embeddable":true,"href":"https:\/\/fundacioncajaruraldelsur.com\/pt\/wp-json\/wp\/v2\/categories?post=7811"},{"taxonomy":"post_tag","embeddable":true,"href":"https:\/\/fundacioncajaruraldelsur.com\/pt\/wp-json\/wp\/v2\/tags?post=7811"}],"curies":[{"name":"wp","href":"https:\/\/api.w.org\/{rel}","templated":true}]}}