{"id":7801,"date":"2022-07-04T12:51:00","date_gmt":"2022-07-04T10:51:00","guid":{"rendered":"\/?p=7801"},"modified":"2022-07-04T13:45:41","modified_gmt":"2022-07-04T11:45:41","slug":"la-fundacion-caja-rural-del-sur-presenta-su-memoria-de-accion-social-con-el-balance-de-2021","status":"publish","type":"post","link":"https:\/\/fundacioncajaruraldelsur.com\/pt\/la-fundacion-caja-rural-del-sur-presenta-su-memoria-de-accion-social-con-el-balance-de-2021\/","title":{"rendered":"La Fundaci\u00f3n Caja Rural del Sur presenta su Memoria de Acci\u00f3n Social con el balance de 2021"},"content":{"rendered":"<p>La Fundaci\u00f3n Caja Rural del Sur ha presentado en Sevilla la Memoria de Acci\u00f3n Social de la entidad en la que hace balance de manera detallada de sus principales acciones sociales y culturales a lo largo del ejercicio 2021.<\/p>\n<p>Caja Rural del Sur, como entidad cooperativa de econom\u00eda social, recoge en sus estatutos la obligaci\u00f3n de contribuir al bienestar y desarrollo de la sociedad mediante su actividad bancaria. Para ello, hace ahora 20 a\u00f1os, se fund\u00f3 la Fundaci\u00f3n Caja Rural del Sur, con el objetivo de desarrollar la Estrategia de Sostenibilidad y Acci\u00f3n social de la entidad.<\/p>\n<p>A la presentaci\u00f3n de la Memoria, celebrada en la sede de la Fundaci\u00f3n en Sevilla, han asistido el Presidente de Caja Rural del Sur y su Fundaci\u00f3n, Jos\u00e9 Luis Garc\u00eda-Palacios \u00c1lvarez, as\u00ed como el Director General de la Fundaci\u00f3n, Emilio Ponce, quienes presentaron las conclusiones del informe.<\/p>\n<p>El Presidente de la entidad, Jos\u00e9 Luis Garc\u00eda-Palacios destac\u00f3 que \u201cesta Memoria tiene como objetivo hacer\u00a0 part\u00edcipe a la sociedad de\u00a0 nuestro\u00a0 modelo\u00a0 de\u00a0 inversi\u00f3n social, que sin duda, es un pilar fundamental en el modelo que aplicamos de negocio financiero\u201d. En este sentido, Garc\u00eda-Palacios subray\u00f3 que \u201cla Fundaci\u00f3n Caja Rural del Sur es el principal veh\u00edculo para\u00a0 generar\u00a0 valor\u00a0 compartido\u00a0 con\u00a0 todos\u00a0 nuestros\u00a0 grupos\u00a0 de\u00a0 inter\u00e9s y mantener\u00a0 con\u00a0 todos\u00a0 ellos\u00a0 un\u00a0 di\u00e1logo\u00a0 abierto\u00a0 y\u00a0 fluido\u201d.<\/p>\n<p>En cuanto al balance del a\u00f1o 2021, el Presidente de la Fundaci\u00f3n indic\u00f3 que \u201cha\u00a0 sido\u00a0 un a\u00f1o especialmente\u00a0 dif\u00edcil\u00a0 para\u00a0 todos,\u00a0 y\u00a0 por\u00a0 ello\u00a0 hemos\u00a0 dedicado importantes esfuerzos en acci\u00f3n social como muestra de nuestro\u00a0 compromiso\u00a0 de\u00a0 seguir\u00a0 trabajando\u00a0 con la prioridad\u00a0 de generar valor no s\u00f3lo econ\u00f3mico, sino tambi\u00e9n social\u00a0 y\u00a0 medioambiental,\u00a0 bas\u00e1ndonos\u00a0 en\u00a0 los\u00a0 principios\u00a0 cooperativos\u00a0 con\u00a0 las\u00a0 personas\u00a0 en\u00a0 el\u00a0 centro\u00a0 de\u00a0 todas\u00a0 nuestras\u00a0 decisiones\u201d.<\/p>\n<p>Por su parte, el Director de la Fundaci\u00f3n Caja Rural del Sur, Emilio Ponce, incidi\u00f3 en los ejes principales de acci\u00f3n, entre los principales \u201cla cultura,\u00a0 la\u00a0 educaci\u00f3n\u00a0 y\u00a0 la\u00a0 investigaci\u00f3n,\u00a0 as\u00ed\u00a0 como\u00a0 el\u00a0 apoyo a entidades y organizaciones, m\u00e1s a\u00fan en a\u00f1os en los que la emergencia social y sanitaria ha propiciado que hayamos reforzado y adaptado nuestra acci\u00f3n social a intentar minimizar los efectos negativos de la pandemia\u201d.<\/p>\n<p><strong>Alineados con los ODS<\/strong><\/p>\n<p>Con este fin, en 2021, para dar respuesta a los intereses de todos sus grupos de inter\u00e9s, la Fundaci\u00f3n Caja Rural del Sur ha puesto el acento en alinearse con los Objetivos de Desarrollo Sostenibles (ODS) en el dise\u00f1o de los programa y actuaciones.<\/p>\n<p>Para ello ha establecido l\u00edneas y programas de colaboraci\u00f3n con Asociaciones y ONGs de Andaluc\u00eda para promover la integraci\u00f3n de colectivos en peligro de exclusi\u00f3n social, con el objetivo de fomentar una sociedad m\u00e1s diversa e inclusiva. \u00a0Entre las principales, una de las l\u00edneas prioritarias en estas acciones ha sido la colaboraci\u00f3n con los Bancos de Alimentos de Andaluc\u00eda, contribuyendo a su objetivo social de proveer de alimentos a colectivos en riesgo de exclusi\u00f3n social.<\/p>\n<p>Adem\u00e1s, otro de los ejes principales de la Fundaci\u00f3n Caja Rural del Sur es su compromiso con el medio rural y agr\u00edcola de Andaluc\u00eda, como parte de una instituci\u00f3n de econom\u00eda social que es. Para ello, ha aunado esfuerzos y establecido alianzas con las principales asociaciones agr\u00edcolas para favorecer el acceso al cr\u00e9dito y la competitividad del sector, e igualmente para la difusi\u00f3n de pr\u00e1cticas medioambientalmente sostenibles que fomente un modelo agr\u00edcola respetuoso e inclusivo con el entorno natural.<\/p>\n<p><strong>Principales datos de 2021<\/strong><\/p>\n<p>La Fundaci\u00f3n Caja Rural del Sur ha materializado su respaldo social en un conjunto de 312 acciones y programas desarrollados a lo largo de todo el a\u00f1o y que forman parte de la estrategia de sostenibilidad y de valor compartido de la entidad.<\/p>\n<p>Uno de los ejes esenciales en la misi\u00f3n de la Fundaci\u00f3n Caja Rural del Sur es mejorar la calidad de vida de los territorios en los que opera mediante el fomento del cooperativismo agrario como pieza central de nuestro modelo de inversi\u00f3n social. Por ello se ha volcado en el apoyo a este \u00e1mbito con el desarrollo de un total de 102 Programas de Fomento del Cooperativismo y Asociacionismo Agrario, lo que representa un 32,69 % del total de la actividad. En esta \u00e1rea para el Impulso al Cooperativismo Sostenible se han llevado a cabo 63 acciones, y en Desarrollo Rural y Mejora de la Competitividad Agr\u00edcola 39.<\/p>\n<p>El respaldo a iniciativas que aportan su esfuerzo y sus recursos a mejorar la calidad de vida y la salud de forma solidaria han constituido un total de 75 acciones, lo que representa un 24,04% de la actividad. En Acci\u00f3n social han sido 59, y en Promoci\u00f3n de la Salud, 16.<\/p>\n<p>Otro campo de actividad destacado es el apoyo y fomento de la educaci\u00f3n en todos sus niveles, junto con la investigaci\u00f3n cient\u00edfica y reconocimiento al talento, de los que se han realizado un total de 34 programas, lo que representa un 10.90%. En educaci\u00f3n y con la Universidad, 18, investigaci\u00f3n e innovaci\u00f3n aplicada, 8, y en reconocimiento al talento, 8.<\/p>\n<p>Los Programas de la labor cultural se han incrementado a lo largo del a\u00f1o. Se han desarrollado un total de 101 actividades, lo que representa un 32,37% del total de la actividad.\u00a0 En Promoci\u00f3n y apoyo a la cultura y las tradiciones 76, exposiciones 10, m\u00fasica y conciertos, 8, y publicaciones 7.<\/p>\n<p>Para el desarrollo de estas actividades culturales, la Fundaci\u00f3n Caja Rural del Sur cuenta con centros culturales y auditorios propios en sus sedes de Huelva, Sevilla, y C\u00f3rdoba.<\/p>\n<p><strong>Certificaci\u00f3n del modelo de acci\u00f3n social<\/strong><\/p>\n<p>Este Modelo\u00a0 de\u00a0 Inversi\u00f3n\u00a0 Social de la Fundaci\u00f3n Caja Rural del Sur ha\u00a0 sido\u00a0 auditado\u00a0 y\u00a0 verificado\u00a0 por\u00a0 AENOR,\u00a0 consigui\u00e9ndose\u00a0 la\u00a0 certificaci\u00f3n\u00a0 IQNet-RS10 conforme a los est\u00e1ndares internacionales ampliamente aceptados en materia de Responsabilidad Social Corporativa.SR-0210-ES.<\/p>\n<p>En\u00a0 este\u00a0 sentido,\u00a0 la\u00a0 Fundaci\u00f3n\u00a0 Caja\u00a0 Rural\u00a0 del\u00a0 Sur\u00a0 cuenta\u00a0 con\u00a0 un\u00a0 Sistema\u00a0 de\u00a0 Gesti\u00f3n\u00a0 de\u00a0 la\u00a0 Responsabilidad\u00a0 Social,\u00a0 integrado en la propia Fundaci\u00f3n y en el resto del grupo Caja Rural del Sur, que viene contribuyendo al desarrollo sostenible, valorando las necesidades y expectativas de todos sus grupos de inter\u00e9s (ya sean propietarios, clientes, proveedores o la misma administraci\u00f3n p\u00fablica, entre otros Stakeholders materiales).<\/p>\n<p>En este enlace puede acceder a la\u00a0<a class=\"mce\" href=\"\/wp-content\/uploads\/2022\/07\/Memoria-Fundacio%CC%81n-CRSur-v9.pdf?_gl=1*ny7s7n*_ga*MTg2NzAzNTgyNi4xNjAyMTczOTcw*_ga_T81QCG9DQL*MTY1NjkzMjU3NS4xMi4xLjE2NTY5MzUwMDUuNDY.*_ga_QD4TLL96E9*MTY1NjkzMjU3Ni4xMi4xLjE2NTY5MzUwMTAuNDE.\" rel=\"dofollow\">Memoria de Acci\u00f3n Social 2021 de la entidad.<\/a><\/p>\n<p><a href=\"\/wp-content\/uploads\/2022\/07\/image2-scaled.jpeg\" rel=\"lightbox-0\"><img loading=\"lazy\" decoding=\"async\" class=\"alignnone wp-image-7805 size-full\" src=\"\/wp-content\/uploads\/2022\/07\/image2-scaled.jpeg\" alt=\"\" width=\"2560\" height=\"1334\" srcset=\"https:\/\/fundacioncajaruraldelsur.com\/wp-content\/uploads\/2022\/07\/image2-scaled.jpeg 2560w, https:\/\/fundacioncajaruraldelsur.com\/wp-content\/uploads\/2022\/07\/image2-300x156.jpeg 300w, https:\/\/fundacioncajaruraldelsur.com\/wp-content\/uploads\/2022\/07\/image2-1024x534.jpeg 1024w, https:\/\/fundacioncajaruraldelsur.com\/wp-content\/uploads\/2022\/07\/image2-768x400.jpeg 768w, https:\/\/fundacioncajaruraldelsur.com\/wp-content\/uploads\/2022\/07\/image2-1536x800.jpeg 1536w, https:\/\/fundacioncajaruraldelsur.com\/wp-content\/uploads\/2022\/07\/image2-2048x1067.jpeg 2048w\" sizes=\"auto, (max-width: 2560px) 100vw, 2560px\" \/><\/a><a href=\"\/wp-content\/uploads\/2022\/07\/image6.jpeg\" rel=\"lightbox-1\"><img loading=\"lazy\" decoding=\"async\" class=\"alignnone wp-image-7802 size-full\" src=\"\/wp-content\/uploads\/2022\/07\/image6.jpeg\" alt=\"\" width=\"2016\" height=\"1512\" srcset=\"https:\/\/fundacioncajaruraldelsur.com\/wp-content\/uploads\/2022\/07\/image6.jpeg 2016w, https:\/\/fundacioncajaruraldelsur.com\/wp-content\/uploads\/2022\/07\/image6-300x225.jpeg 300w, https:\/\/fundacioncajaruraldelsur.com\/wp-content\/uploads\/2022\/07\/image6-1024x768.jpeg 1024w, https:\/\/fundacioncajaruraldelsur.com\/wp-content\/uploads\/2022\/07\/image6-768x576.jpeg 768w, https:\/\/fundacioncajaruraldelsur.com\/wp-content\/uploads\/2022\/07\/image6-1536x1152.jpeg 1536w\" sizes=\"auto, (max-width: 2016px) 100vw, 2016px\" \/><\/a> <a href=\"\/wp-content\/uploads\/2022\/07\/image5-2-scaled.jpeg\" rel=\"lightbox-2\"><img loading=\"lazy\" decoding=\"async\" class=\"alignnone wp-image-7803 size-full\" src=\"\/wp-content\/uploads\/2022\/07\/image5-2-scaled.jpeg\" alt=\"\" width=\"2560\" height=\"1920\" srcset=\"https:\/\/fundacioncajaruraldelsur.com\/wp-content\/uploads\/2022\/07\/image5-2-scaled.jpeg 2560w, https:\/\/fundacioncajaruraldelsur.com\/wp-content\/uploads\/2022\/07\/image5-2-300x225.jpeg 300w, https:\/\/fundacioncajaruraldelsur.com\/wp-content\/uploads\/2022\/07\/image5-2-1024x768.jpeg 1024w, https:\/\/fundacioncajaruraldelsur.com\/wp-content\/uploads\/2022\/07\/image5-2-768x576.jpeg 768w, https:\/\/fundacioncajaruraldelsur.com\/wp-content\/uploads\/2022\/07\/image5-2-1536x1152.jpeg 1536w, https:\/\/fundacioncajaruraldelsur.com\/wp-content\/uploads\/2022\/07\/image5-2-2048x1536.jpeg 2048w\" sizes=\"auto, (max-width: 2560px) 100vw, 2560px\" \/><\/a> <a href=\"\/wp-content\/uploads\/2022\/07\/image3-scaled.jpeg\" rel=\"lightbox-3\"><img loading=\"lazy\" decoding=\"async\" class=\"alignnone wp-image-7804 size-full\" src=\"\/wp-content\/uploads\/2022\/07\/image3-scaled.jpeg\" alt=\"\" width=\"2560\" height=\"1920\" srcset=\"https:\/\/fundacioncajaruraldelsur.com\/wp-content\/uploads\/2022\/07\/image3-scaled.jpeg 2560w, https:\/\/fundacioncajaruraldelsur.com\/wp-content\/uploads\/2022\/07\/image3-300x225.jpeg 300w, https:\/\/fundacioncajaruraldelsur.com\/wp-content\/uploads\/2022\/07\/image3-1024x768.jpeg 1024w, https:\/\/fundacioncajaruraldelsur.com\/wp-content\/uploads\/2022\/07\/image3-768x576.jpeg 768w, https:\/\/fundacioncajaruraldelsur.com\/wp-content\/uploads\/2022\/07\/image3-1536x1152.jpeg 1536w, https:\/\/fundacioncajaruraldelsur.com\/wp-content\/uploads\/2022\/07\/image3-2048x1536.jpeg 2048w\" sizes=\"auto, (max-width: 2560px) 100vw, 2560px\" \/><\/a> <a href=\"\/wp-content\/uploads\/2022\/07\/image1-scaled.jpeg\" rel=\"lightbox-4\"><img loading=\"lazy\" decoding=\"async\" class=\"alignnone wp-image-7806 size-full\" src=\"\/wp-content\/uploads\/2022\/07\/image1-scaled.jpeg\" alt=\"\" width=\"2560\" height=\"1920\" srcset=\"https:\/\/fundacioncajaruraldelsur.com\/wp-content\/uploads\/2022\/07\/image1-scaled.jpeg 2560w, https:\/\/fundacioncajaruraldelsur.com\/wp-content\/uploads\/2022\/07\/image1-300x225.jpeg 300w, https:\/\/fundacioncajaruraldelsur.com\/wp-content\/uploads\/2022\/07\/image1-1024x768.jpeg 1024w, https:\/\/fundacioncajaruraldelsur.com\/wp-content\/uploads\/2022\/07\/image1-768x576.jpeg 768w, https:\/\/fundacioncajaruraldelsur.com\/wp-content\/uploads\/2022\/07\/image1-1536x1152.jpeg 1536w, https:\/\/fundacioncajaruraldelsur.com\/wp-content\/uploads\/2022\/07\/image1-2048x1536.jpeg 2048w\" sizes=\"auto, (max-width: 2560px) 100vw, 2560px\" \/><\/a><\/p>","protected":false},"excerpt":{"rendered":"<p>La Fundaci\u00f3n Caja Rural del Sur ha presentado en Sevilla la Memoria de Acci\u00f3n Social de la entidad en la que hace balance de manera detallada de sus principales acciones [&hellip;]<\/p>\n","protected":false},"author":6,"featured_media":7807,"comment_status":"closed","ping_status":"closed","sticky":false,"template":"","format":"standard","meta":{"footnotes":""},"categories":[70,84],"tags":[],"class_list":["post-7801","post","type-post","status-publish","format-standard","has-post-thumbnail","hentry","category-accion-social","category-presentaciones"],"yoast_head":"<!-- This site is optimized with the Yoast SEO plugin v27.3 - https:\/\/yoast.com\/product\/yoast-seo-wordpress\/ -->\n<title>La Fundaci\u00f3n Caja Rural del Sur presenta su Memoria de Acci\u00f3n Social con el balance de 2021 - Fundaci\u00f3n Caja Rural del Sur<\/title>\n<meta name=\"robots\" content=\"index, follow, max-snippet:-1, max-image-preview:large, max-video-preview:-1\" \/>\n<link rel=\"canonical\" href=\"https:\/\/fundacioncajaruraldelsur.com\/pt\/la-fundacion-caja-rural-del-sur-presenta-su-memoria-de-accion-social-con-el-balance-de-2021\/\" \/>\n<meta property=\"og:locale\" content=\"pt_PT\" \/>\n<meta property=\"og:type\" content=\"article\" \/>\n<meta property=\"og:title\" content=\"La Fundaci\u00f3n Caja Rural del Sur presenta su Memoria de Acci\u00f3n Social con el balance de 2021 - Fundaci\u00f3n Caja Rural del Sur\" \/>\n<meta property=\"og:description\" content=\"La Fundaci\u00f3n Caja Rural del Sur ha presentado en Sevilla la Memoria de Acci\u00f3n Social de la entidad en la que hace balance de manera detallada de sus principales acciones [&hellip;]\" \/>\n<meta property=\"og:url\" content=\"https:\/\/fundacioncajaruraldelsur.com\/pt\/la-fundacion-caja-rural-del-sur-presenta-su-memoria-de-accion-social-con-el-balance-de-2021\/\" \/>\n<meta property=\"og:site_name\" content=\"Fundaci\u00f3n Caja Rural del Sur\" \/>\n<meta property=\"article:published_time\" content=\"2022-07-04T10:51:00+00:00\" \/>\n<meta property=\"article:modified_time\" content=\"2022-07-04T11:45:41+00:00\" \/>\n<meta property=\"og:image\" content=\"https:\/\/fundacioncajaruraldelsur.com\/wp-content\/uploads\/2022\/07\/momoria.jpg\" \/>\n\t<meta property=\"og:image:width\" content=\"822\" \/>\n\t<meta property=\"og:image:height\" content=\"565\" \/>\n\t<meta property=\"og:image:type\" content=\"image\/jpeg\" \/>\n<meta name=\"author\" content=\"Comunicaci\u00f3n\" \/>\n<meta name=\"twitter:card\" content=\"summary_large_image\" \/>\n<meta name=\"twitter:label1\" content=\"Written by\" \/>\n\t<meta name=\"twitter:data1\" content=\"Comunicaci\u00f3n\" \/>\n\t<meta name=\"twitter:label2\" content=\"Est. reading time\" \/>\n\t<meta name=\"twitter:data2\" content=\"5 minutes\" \/>\n<script type=\"application\/ld+json\" class=\"yoast-schema-graph\">{\"@context\":\"https:\\\/\\\/schema.org\",\"@graph\":[{\"@type\":\"Article\",\"@id\":\"https:\\\/\\\/fundacioncajaruraldelsur.com\\\/la-fundacion-caja-rural-del-sur-presenta-su-memoria-de-accion-social-con-el-balance-de-2021\\\/#article\",\"isPartOf\":{\"@id\":\"https:\\\/\\\/fundacioncajaruraldelsur.com\\\/la-fundacion-caja-rural-del-sur-presenta-su-memoria-de-accion-social-con-el-balance-de-2021\\\/\"},\"author\":{\"name\":\"Comunicaci\u00f3n\",\"@id\":\"https:\\\/\\\/fundacioncajaruraldelsur.com\\\/#\\\/schema\\\/person\\\/f430da9fb783d505ff061ad8b3d44577\"},\"headline\":\"La Fundaci\u00f3n Caja Rural del Sur presenta su Memoria de Acci\u00f3n Social con el balance de 2021\",\"datePublished\":\"2022-07-04T10:51:00+00:00\",\"dateModified\":\"2022-07-04T11:45:41+00:00\",\"mainEntityOfPage\":{\"@id\":\"https:\\\/\\\/fundacioncajaruraldelsur.com\\\/la-fundacion-caja-rural-del-sur-presenta-su-memoria-de-accion-social-con-el-balance-de-2021\\\/\"},\"wordCount\":1117,\"image\":{\"@id\":\"https:\\\/\\\/fundacioncajaruraldelsur.com\\\/la-fundacion-caja-rural-del-sur-presenta-su-memoria-de-accion-social-con-el-balance-de-2021\\\/#primaryimage\"},\"thumbnailUrl\":\"https:\\\/\\\/fundacioncajaruraldelsur.com\\\/wp-content\\\/uploads\\\/2022\\\/07\\\/momoria.jpg\",\"articleSection\":[\"Acci\u00f3n social\",\"Presentaciones\"],\"inLanguage\":\"pt-PT\"},{\"@type\":\"WebPage\",\"@id\":\"https:\\\/\\\/fundacioncajaruraldelsur.com\\\/la-fundacion-caja-rural-del-sur-presenta-su-memoria-de-accion-social-con-el-balance-de-2021\\\/\",\"url\":\"https:\\\/\\\/fundacioncajaruraldelsur.com\\\/la-fundacion-caja-rural-del-sur-presenta-su-memoria-de-accion-social-con-el-balance-de-2021\\\/\",\"name\":\"La Fundaci\u00f3n Caja Rural del Sur presenta su Memoria de Acci\u00f3n Social con el balance de 2021 - Fundaci\u00f3n Caja Rural del Sur\",\"isPartOf\":{\"@id\":\"https:\\\/\\\/fundacioncajaruraldelsur.com\\\/#website\"},\"primaryImageOfPage\":{\"@id\":\"https:\\\/\\\/fundacioncajaruraldelsur.com\\\/la-fundacion-caja-rural-del-sur-presenta-su-memoria-de-accion-social-con-el-balance-de-2021\\\/#primaryimage\"},\"image\":{\"@id\":\"https:\\\/\\\/fundacioncajaruraldelsur.com\\\/la-fundacion-caja-rural-del-sur-presenta-su-memoria-de-accion-social-con-el-balance-de-2021\\\/#primaryimage\"},\"thumbnailUrl\":\"https:\\\/\\\/fundacioncajaruraldelsur.com\\\/wp-content\\\/uploads\\\/2022\\\/07\\\/momoria.jpg\",\"datePublished\":\"2022-07-04T10:51:00+00:00\",\"dateModified\":\"2022-07-04T11:45:41+00:00\",\"author\":{\"@id\":\"https:\\\/\\\/fundacioncajaruraldelsur.com\\\/#\\\/schema\\\/person\\\/f430da9fb783d505ff061ad8b3d44577\"},\"breadcrumb\":{\"@id\":\"https:\\\/\\\/fundacioncajaruraldelsur.com\\\/la-fundacion-caja-rural-del-sur-presenta-su-memoria-de-accion-social-con-el-balance-de-2021\\\/#breadcrumb\"},\"inLanguage\":\"pt-PT\",\"potentialAction\":[{\"@type\":\"ReadAction\",\"target\":[\"https:\\\/\\\/fundacioncajaruraldelsur.com\\\/la-fundacion-caja-rural-del-sur-presenta-su-memoria-de-accion-social-con-el-balance-de-2021\\\/\"]}]},{\"@type\":\"ImageObject\",\"inLanguage\":\"pt-PT\",\"@id\":\"https:\\\/\\\/fundacioncajaruraldelsur.com\\\/la-fundacion-caja-rural-del-sur-presenta-su-memoria-de-accion-social-con-el-balance-de-2021\\\/#primaryimage\",\"url\":\"https:\\\/\\\/fundacioncajaruraldelsur.com\\\/wp-content\\\/uploads\\\/2022\\\/07\\\/momoria.jpg\",\"contentUrl\":\"https:\\\/\\\/fundacioncajaruraldelsur.com\\\/wp-content\\\/uploads\\\/2022\\\/07\\\/momoria.jpg\",\"width\":822,\"height\":565},{\"@type\":\"BreadcrumbList\",\"@id\":\"https:\\\/\\\/fundacioncajaruraldelsur.com\\\/la-fundacion-caja-rural-del-sur-presenta-su-memoria-de-accion-social-con-el-balance-de-2021\\\/#breadcrumb\",\"itemListElement\":[{\"@type\":\"ListItem\",\"position\":1,\"name\":\"Portada\",\"item\":\"https:\\\/\\\/fundacioncajaruraldelsur.com\\\/\"},{\"@type\":\"ListItem\",\"position\":2,\"name\":\"La Fundaci\u00f3n Caja Rural del Sur presenta su Memoria de Acci\u00f3n Social con el balance de 2021\"}]},{\"@type\":\"WebSite\",\"@id\":\"https:\\\/\\\/fundacioncajaruraldelsur.com\\\/#website\",\"url\":\"https:\\\/\\\/fundacioncajaruraldelsur.com\\\/\",\"name\":\"Fundaci\u00f3n Caja Rural del Sur\",\"description\":\"\",\"potentialAction\":[{\"@type\":\"SearchAction\",\"target\":{\"@type\":\"EntryPoint\",\"urlTemplate\":\"https:\\\/\\\/fundacioncajaruraldelsur.com\\\/?s={search_term_string}\"},\"query-input\":{\"@type\":\"PropertyValueSpecification\",\"valueRequired\":true,\"valueName\":\"search_term_string\"}}],\"inLanguage\":\"pt-PT\"},{\"@type\":\"Person\",\"@id\":\"https:\\\/\\\/fundacioncajaruraldelsur.com\\\/#\\\/schema\\\/person\\\/f430da9fb783d505ff061ad8b3d44577\",\"name\":\"Comunicaci\u00f3n\",\"image\":{\"@type\":\"ImageObject\",\"inLanguage\":\"pt-PT\",\"@id\":\"https:\\\/\\\/secure.gravatar.com\\\/avatar\\\/0dca239875993680bac4603ad2de7942da018f52cc3a244578e0b3b09314a8d8?s=96&d=blank&r=g\",\"url\":\"https:\\\/\\\/secure.gravatar.com\\\/avatar\\\/0dca239875993680bac4603ad2de7942da018f52cc3a244578e0b3b09314a8d8?s=96&d=blank&r=g\",\"contentUrl\":\"https:\\\/\\\/secure.gravatar.com\\\/avatar\\\/0dca239875993680bac4603ad2de7942da018f52cc3a244578e0b3b09314a8d8?s=96&d=blank&r=g\",\"caption\":\"Comunicaci\u00f3n\"}}]}<\/script>\n<!-- \/ Yoast SEO plugin. -->","yoast_head_json":{"title":"La Fundaci\u00f3n Caja Rural del Sur presenta su Memoria de Acci\u00f3n Social con el balance de 2021 - Fundaci\u00f3n Caja Rural del Sur","robots":{"index":"index","follow":"follow","max-snippet":"max-snippet:-1","max-image-preview":"max-image-preview:large","max-video-preview":"max-video-preview:-1"},"canonical":"https:\/\/fundacioncajaruraldelsur.com\/pt\/la-fundacion-caja-rural-del-sur-presenta-su-memoria-de-accion-social-con-el-balance-de-2021\/","og_locale":"pt_PT","og_type":"article","og_title":"La Fundaci\u00f3n Caja Rural del Sur presenta su Memoria de Acci\u00f3n Social con el balance de 2021 - Fundaci\u00f3n Caja Rural del Sur","og_description":"La Fundaci\u00f3n Caja Rural del Sur ha presentado en Sevilla la Memoria de Acci\u00f3n Social de la entidad en la que hace balance de manera detallada de sus principales acciones [&hellip;]","og_url":"https:\/\/fundacioncajaruraldelsur.com\/pt\/la-fundacion-caja-rural-del-sur-presenta-su-memoria-de-accion-social-con-el-balance-de-2021\/","og_site_name":"Fundaci\u00f3n Caja Rural del Sur","article_published_time":"2022-07-04T10:51:00+00:00","article_modified_time":"2022-07-04T11:45:41+00:00","og_image":[{"width":822,"height":565,"url":"https:\/\/fundacioncajaruraldelsur.com\/wp-content\/uploads\/2022\/07\/momoria.jpg","type":"image\/jpeg"}],"author":"Comunicaci\u00f3n","twitter_card":"summary_large_image","twitter_misc":{"Written by":"Comunicaci\u00f3n","Est. reading time":"5 minutes"},"schema":{"@context":"https:\/\/schema.org","@graph":[{"@type":"Article","@id":"https:\/\/fundacioncajaruraldelsur.com\/la-fundacion-caja-rural-del-sur-presenta-su-memoria-de-accion-social-con-el-balance-de-2021\/#article","isPartOf":{"@id":"https:\/\/fundacioncajaruraldelsur.com\/la-fundacion-caja-rural-del-sur-presenta-su-memoria-de-accion-social-con-el-balance-de-2021\/"},"author":{"name":"Comunicaci\u00f3n","@id":"https:\/\/fundacioncajaruraldelsur.com\/#\/schema\/person\/f430da9fb783d505ff061ad8b3d44577"},"headline":"La Fundaci\u00f3n Caja Rural del Sur presenta su Memoria de Acci\u00f3n Social con el balance de 2021","datePublished":"2022-07-04T10:51:00+00:00","dateModified":"2022-07-04T11:45:41+00:00","mainEntityOfPage":{"@id":"https:\/\/fundacioncajaruraldelsur.com\/la-fundacion-caja-rural-del-sur-presenta-su-memoria-de-accion-social-con-el-balance-de-2021\/"},"wordCount":1117,"image":{"@id":"https:\/\/fundacioncajaruraldelsur.com\/la-fundacion-caja-rural-del-sur-presenta-su-memoria-de-accion-social-con-el-balance-de-2021\/#primaryimage"},"thumbnailUrl":"https:\/\/fundacioncajaruraldelsur.com\/wp-content\/uploads\/2022\/07\/momoria.jpg","articleSection":["Acci\u00f3n social","Presentaciones"],"inLanguage":"pt-PT"},{"@type":"WebPage","@id":"https:\/\/fundacioncajaruraldelsur.com\/la-fundacion-caja-rural-del-sur-presenta-su-memoria-de-accion-social-con-el-balance-de-2021\/","url":"https:\/\/fundacioncajaruraldelsur.com\/la-fundacion-caja-rural-del-sur-presenta-su-memoria-de-accion-social-con-el-balance-de-2021\/","name":"La Fundaci\u00f3n Caja Rural del Sur presenta su Memoria de Acci\u00f3n Social con el balance de 2021 - Fundaci\u00f3n Caja Rural del Sur","isPartOf":{"@id":"https:\/\/fundacioncajaruraldelsur.com\/#website"},"primaryImageOfPage":{"@id":"https:\/\/fundacioncajaruraldelsur.com\/la-fundacion-caja-rural-del-sur-presenta-su-memoria-de-accion-social-con-el-balance-de-2021\/#primaryimage"},"image":{"@id":"https:\/\/fundacioncajaruraldelsur.com\/la-fundacion-caja-rural-del-sur-presenta-su-memoria-de-accion-social-con-el-balance-de-2021\/#primaryimage"},"thumbnailUrl":"https:\/\/fundacioncajaruraldelsur.com\/wp-content\/uploads\/2022\/07\/momoria.jpg","datePublished":"2022-07-04T10:51:00+00:00","dateModified":"2022-07-04T11:45:41+00:00","author":{"@id":"https:\/\/fundacioncajaruraldelsur.com\/#\/schema\/person\/f430da9fb783d505ff061ad8b3d44577"},"breadcrumb":{"@id":"https:\/\/fundacioncajaruraldelsur.com\/la-fundacion-caja-rural-del-sur-presenta-su-memoria-de-accion-social-con-el-balance-de-2021\/#breadcrumb"},"inLanguage":"pt-PT","potentialAction":[{"@type":"ReadAction","target":["https:\/\/fundacioncajaruraldelsur.com\/la-fundacion-caja-rural-del-sur-presenta-su-memoria-de-accion-social-con-el-balance-de-2021\/"]}]},{"@type":"ImageObject","inLanguage":"pt-PT","@id":"https:\/\/fundacioncajaruraldelsur.com\/la-fundacion-caja-rural-del-sur-presenta-su-memoria-de-accion-social-con-el-balance-de-2021\/#primaryimage","url":"https:\/\/fundacioncajaruraldelsur.com\/wp-content\/uploads\/2022\/07\/momoria.jpg","contentUrl":"https:\/\/fundacioncajaruraldelsur.com\/wp-content\/uploads\/2022\/07\/momoria.jpg","width":822,"height":565},{"@type":"BreadcrumbList","@id":"https:\/\/fundacioncajaruraldelsur.com\/la-fundacion-caja-rural-del-sur-presenta-su-memoria-de-accion-social-con-el-balance-de-2021\/#breadcrumb","itemListElement":[{"@type":"ListItem","position":1,"name":"Portada","item":"https:\/\/fundacioncajaruraldelsur.com\/"},{"@type":"ListItem","position":2,"name":"La Fundaci\u00f3n Caja Rural del Sur presenta su Memoria de Acci\u00f3n Social con el balance de 2021"}]},{"@type":"WebSite","@id":"https:\/\/fundacioncajaruraldelsur.com\/#website","url":"https:\/\/fundacioncajaruraldelsur.com\/","name":"Funda\u00e7\u00e3o Caja Rural del Sur","description":"","potentialAction":[{"@type":"SearchAction","target":{"@type":"EntryPoint","urlTemplate":"https:\/\/fundacioncajaruraldelsur.com\/?s={search_term_string}"},"query-input":{"@type":"PropertyValueSpecification","valueRequired":true,"valueName":"search_term_string"}}],"inLanguage":"pt-PT"},{"@type":"Person","@id":"https:\/\/fundacioncajaruraldelsur.com\/#\/schema\/person\/f430da9fb783d505ff061ad8b3d44577","name":"Comunicaci\u00f3n","image":{"@type":"ImageObject","inLanguage":"pt-PT","@id":"https:\/\/secure.gravatar.com\/avatar\/0dca239875993680bac4603ad2de7942da018f52cc3a244578e0b3b09314a8d8?s=96&d=blank&r=g","url":"https:\/\/secure.gravatar.com\/avatar\/0dca239875993680bac4603ad2de7942da018f52cc3a244578e0b3b09314a8d8?s=96&d=blank&r=g","contentUrl":"https:\/\/secure.gravatar.com\/avatar\/0dca239875993680bac4603ad2de7942da018f52cc3a244578e0b3b09314a8d8?s=96&d=blank&r=g","caption":"Comunicaci\u00f3n"}}]}},"rttpg_featured_image_url":{"full":["https:\/\/fundacioncajaruraldelsur.com\/wp-content\/uploads\/2022\/07\/momoria.jpg",822,565,false],"landscape":["https:\/\/fundacioncajaruraldelsur.com\/wp-content\/uploads\/2022\/07\/momoria.jpg",822,565,false],"portraits":["https:\/\/fundacioncajaruraldelsur.com\/wp-content\/uploads\/2022\/07\/momoria.jpg",822,565,false],"thumbnail":["https:\/\/fundacioncajaruraldelsur.com\/wp-content\/uploads\/2022\/07\/momoria-150x150.jpg",150,150,true],"medium":["https:\/\/fundacioncajaruraldelsur.com\/wp-content\/uploads\/2022\/07\/momoria-300x206.jpg",300,206,true],"large":["https:\/\/fundacioncajaruraldelsur.com\/wp-content\/uploads\/2022\/07\/momoria.jpg",822,565,false],"1536x1536":["https:\/\/fundacioncajaruraldelsur.com\/wp-content\/uploads\/2022\/07\/momoria.jpg",822,565,false],"2048x2048":["https:\/\/fundacioncajaruraldelsur.com\/wp-content\/uploads\/2022\/07\/momoria.jpg",822,565,false],"trp-custom-language-flag":["https:\/\/fundacioncajaruraldelsur.com\/wp-content\/uploads\/2022\/07\/momoria.jpg",18,12,false],"blog-thumbnail":["https:\/\/fundacioncajaruraldelsur.com\/wp-content\/uploads\/2022\/07\/momoria-400x200.jpg",400,200,true]},"rttpg_author":{"display_name":"Comunicaci\u00f3n","author_link":"https:\/\/fundacioncajaruraldelsur.com\/pt\/author\/sevillaadmin\/"},"rttpg_comment":0,"rttpg_category":"<a href=\"https:\/\/fundacioncajaruraldelsur.com\/pt\/category\/accion-social\/\" rel=\"category tag\">Acci\u00f3n social<\/a> <a href=\"https:\/\/fundacioncajaruraldelsur.com\/pt\/category\/presentaciones\/\" rel=\"category tag\">Presentaciones<\/a>","rttpg_excerpt":"La Fundaci\u00f3n Caja Rural del Sur ha presentado en Sevilla la Memoria de Acci\u00f3n Social de la entidad en la que hace balance de manera detallada de sus principales acciones [&hellip;]","_links":{"self":[{"href":"https:\/\/fundacioncajaruraldelsur.com\/pt\/wp-json\/wp\/v2\/posts\/7801","targetHints":{"allow":["GET"]}}],"collection":[{"href":"https:\/\/fundacioncajaruraldelsur.com\/pt\/wp-json\/wp\/v2\/posts"}],"about":[{"href":"https:\/\/fundacioncajaruraldelsur.com\/pt\/wp-json\/wp\/v2\/types\/post"}],"author":[{"embeddable":true,"href":"https:\/\/fundacioncajaruraldelsur.com\/pt\/wp-json\/wp\/v2\/users\/6"}],"replies":[{"embeddable":true,"href":"https:\/\/fundacioncajaruraldelsur.com\/pt\/wp-json\/wp\/v2\/comments?post=7801"}],"version-history":[{"count":2,"href":"https:\/\/fundacioncajaruraldelsur.com\/pt\/wp-json\/wp\/v2\/posts\/7801\/revisions"}],"predecessor-version":[{"id":7809,"href":"https:\/\/fundacioncajaruraldelsur.com\/pt\/wp-json\/wp\/v2\/posts\/7801\/revisions\/7809"}],"wp:featuredmedia":[{"embeddable":true,"href":"https:\/\/fundacioncajaruraldelsur.com\/pt\/wp-json\/wp\/v2\/media\/7807"}],"wp:attachment":[{"href":"https:\/\/fundacioncajaruraldelsur.com\/pt\/wp-json\/wp\/v2\/media?parent=7801"}],"wp:term":[{"taxonomy":"category","embeddable":true,"href":"https:\/\/fundacioncajaruraldelsur.com\/pt\/wp-json\/wp\/v2\/categories?post=7801"},{"taxonomy":"post_tag","embeddable":true,"href":"https:\/\/fundacioncajaruraldelsur.com\/pt\/wp-json\/wp\/v2\/tags?post=7801"}],"curies":[{"name":"wp","href":"https:\/\/api.w.org\/{rel}","templated":true}]}}