{"id":7763,"date":"2022-06-24T17:44:52","date_gmt":"2022-06-24T15:44:52","guid":{"rendered":"\/?p=7763"},"modified":"2022-06-27T20:04:31","modified_gmt":"2022-06-27T18:04:31","slug":"convocados-los-xii-premios-ricardo-lopez-crespo-de-la-fundacion-caja-rural-del-sur","status":"publish","type":"post","link":"https:\/\/fundacioncajaruraldelsur.com\/pt\/convocados-los-xii-premios-ricardo-lopez-crespo-de-la-fundacion-caja-rural-del-sur\/","title":{"rendered":"Convocados los XII Premios \u2018Ricardo L\u00f3pez Crespo\u2019 de la Fundaci\u00f3n Caja Rural del Sur"},"content":{"rendered":"<p>Ya ha quedado abierta una nueva convocatoria de los Premios Ricardo L\u00f3pez Crespo de la Fundaci\u00f3n Caja Rural del Sur, que este a\u00f1o alcanzan su duod\u00e9cima edici\u00f3n premiando las propuestas m\u00e1s sobresalientes llevadas a cabo en C\u00f3rdoba y provincia en diversos \u00e1mbitos. Como en a\u00f1os anteriores, se convocan cinco categor\u00edas: <em>Mejor expediente acad\u00e9mico de los alumnos de Grado de la Universidad de C\u00f3rdoba, Iniciativas Empresariales promovidas por J\u00f3venes Emprendedores, Proyectos de I+D+i en el \u00e1mbito de la Actividad Agroalimentaria, Acci\u00f3n Social Solidaria (Premio Hermano Bonifacio) <\/em>y <em>Recuperaci\u00f3n del Patrimonio Hist\u00f3rico-Art\u00edstico Provincial<\/em>.<\/p>\n<p>Desde el inicio de estos premios la Fundaci\u00f3n Caja Rural del Sur ha querido resaltar los trabajos que han realizado entidades, instituciones, particulares y empresas que han contribuido a la mejora de la sociedad cordobesa con su aportaci\u00f3n en alguna de estas cinco \u00e1reas tem\u00e1ticas.<\/p>\n<p>Los galardonados recibir\u00e1n una estatuilla aleg\u00f3rica de la entidad convocante y 4.000 \u20ac por cada categor\u00eda.<\/p>\n<p>El plazo para la recepci\u00f3n de solicitudes estar\u00e1 abierto hasta las 23:59 h. del 28 de octubre de 2022, d\u00e1ndose a conocer el fallo del jurado antes del 31 de diciembre.<\/p>\n<h3>DESCARGAR LAS BASES<\/h3>\n<ul>\n<li><a href=\"\/wp-content\/uploads\/2022\/06\/Academico-XII.pdf\">Categor\u00eda Acad\u00e9mico XII<\/a><\/li>\n<li><a href=\"\/wp-content\/uploads\/2022\/06\/Bonifacio-XII.pdf\">Categor\u00eda Bonifacio XII<\/a><\/li>\n<li><a href=\"\/wp-content\/uploads\/2022\/06\/XII-IDi.pdf\">Categor\u00eda XII I+D+i<\/a><\/li>\n<li><a href=\"\/wp-content\/uploads\/2022\/06\/XII-Patrimonio-1.pdf\">XII Patrimonio<\/a><\/li>\n<li><a href=\"\/wp-content\/uploads\/2022\/06\/Jovenes-emprendedores.pdf\">Jovenes emprendedores<\/a><\/li>\n<\/ul>\n<h3>FICHA DE INSCRIPCI\u00d3N<\/h3>\n<p><a href=\"\/wp-content\/uploads\/2022\/06\/Ficha-XII-Premios-Ricardo-Lopez-Crespo.doc\">Ficha XII Premios Ricardo L\u00f3pez Crespo<\/a><\/p>","protected":false},"excerpt":{"rendered":"<p>Ya ha quedado abierta una nueva convocatoria de los Premios Ricardo L\u00f3pez Crespo de la Fundaci\u00f3n Caja Rural del Sur, que este a\u00f1o alcanzan su duod\u00e9cima edici\u00f3n premiando las propuestas [&hellip;]<\/p>\n","protected":false},"author":6,"featured_media":7764,"comment_status":"closed","ping_status":"closed","sticky":false,"template":"","format":"standard","meta":{"footnotes":""},"categories":[64],"tags":[],"class_list":["post-7763","post","type-post","status-publish","format-standard","has-post-thumbnail","hentry","category-premios"],"yoast_head":"<!-- This site is optimized with the Yoast SEO plugin v27.3 - https:\/\/yoast.com\/product\/yoast-seo-wordpress\/ -->\n<title>Convocados los XII Premios \u2018Ricardo L\u00f3pez Crespo\u2019 de la Fundaci\u00f3n Caja Rural del Sur - Fundaci\u00f3n Caja Rural del Sur<\/title>\n<meta name=\"robots\" content=\"index, follow, max-snippet:-1, max-image-preview:large, max-video-preview:-1\" \/>\n<link rel=\"canonical\" href=\"https:\/\/fundacioncajaruraldelsur.com\/pt\/convocados-los-xii-premios-ricardo-lopez-crespo-de-la-fundacion-caja-rural-del-sur\/\" \/>\n<meta property=\"og:locale\" content=\"pt_PT\" \/>\n<meta property=\"og:type\" content=\"article\" \/>\n<meta property=\"og:title\" content=\"Convocados los XII Premios \u2018Ricardo L\u00f3pez Crespo\u2019 de la Fundaci\u00f3n Caja Rural del Sur - Fundaci\u00f3n Caja Rural del Sur\" \/>\n<meta property=\"og:description\" content=\"Ya ha quedado abierta una nueva convocatoria de los Premios Ricardo L\u00f3pez Crespo de la Fundaci\u00f3n Caja Rural del Sur, que este a\u00f1o alcanzan su duod\u00e9cima edici\u00f3n premiando las propuestas [&hellip;]\" \/>\n<meta property=\"og:url\" content=\"https:\/\/fundacioncajaruraldelsur.com\/pt\/convocados-los-xii-premios-ricardo-lopez-crespo-de-la-fundacion-caja-rural-del-sur\/\" \/>\n<meta property=\"og:site_name\" content=\"Fundaci\u00f3n Caja Rural del Sur\" \/>\n<meta property=\"article:published_time\" content=\"2022-06-24T15:44:52+00:00\" \/>\n<meta property=\"article:modified_time\" content=\"2022-06-27T18:04:31+00:00\" \/>\n<meta property=\"og:image\" content=\"https:\/\/fundacioncajaruraldelsur.com\/wp-content\/uploads\/2022\/06\/220624.-En-la-imagen-los-galardonados-en-la-ultima-edicion.-scaled.jpg\" \/>\n\t<meta property=\"og:image:width\" content=\"2560\" \/>\n\t<meta property=\"og:image:height\" content=\"1707\" \/>\n\t<meta property=\"og:image:type\" content=\"image\/jpeg\" \/>\n<meta name=\"author\" content=\"Comunicaci\u00f3n\" \/>\n<meta name=\"twitter:card\" content=\"summary_large_image\" \/>\n<meta name=\"twitter:label1\" content=\"Written by\" \/>\n\t<meta name=\"twitter:data1\" content=\"Comunicaci\u00f3n\" \/>\n\t<meta name=\"twitter:label2\" content=\"Est. reading time\" \/>\n\t<meta name=\"twitter:data2\" content=\"1 minute\" \/>\n<script type=\"application\/ld+json\" class=\"yoast-schema-graph\">{\"@context\":\"https:\\\/\\\/schema.org\",\"@graph\":[{\"@type\":\"Article\",\"@id\":\"https:\\\/\\\/fundacioncajaruraldelsur.com\\\/convocados-los-xii-premios-ricardo-lopez-crespo-de-la-fundacion-caja-rural-del-sur\\\/#article\",\"isPartOf\":{\"@id\":\"https:\\\/\\\/fundacioncajaruraldelsur.com\\\/convocados-los-xii-premios-ricardo-lopez-crespo-de-la-fundacion-caja-rural-del-sur\\\/\"},\"author\":{\"name\":\"Comunicaci\u00f3n\",\"@id\":\"https:\\\/\\\/fundacioncajaruraldelsur.com\\\/#\\\/schema\\\/person\\\/f430da9fb783d505ff061ad8b3d44577\"},\"headline\":\"Convocados los XII Premios \u2018Ricardo L\u00f3pez Crespo\u2019 de la Fundaci\u00f3n Caja Rural del Sur\",\"datePublished\":\"2022-06-24T15:44:52+00:00\",\"dateModified\":\"2022-06-27T18:04:31+00:00\",\"mainEntityOfPage\":{\"@id\":\"https:\\\/\\\/fundacioncajaruraldelsur.com\\\/convocados-los-xii-premios-ricardo-lopez-crespo-de-la-fundacion-caja-rural-del-sur\\\/\"},\"wordCount\":252,\"image\":{\"@id\":\"https:\\\/\\\/fundacioncajaruraldelsur.com\\\/convocados-los-xii-premios-ricardo-lopez-crespo-de-la-fundacion-caja-rural-del-sur\\\/#primaryimage\"},\"thumbnailUrl\":\"https:\\\/\\\/fundacioncajaruraldelsur.com\\\/wp-content\\\/uploads\\\/2022\\\/06\\\/220624.-En-la-imagen-los-galardonados-en-la-ultima-edicion.-scaled.jpg\",\"articleSection\":[\"Premios\"],\"inLanguage\":\"pt-PT\"},{\"@type\":\"WebPage\",\"@id\":\"https:\\\/\\\/fundacioncajaruraldelsur.com\\\/convocados-los-xii-premios-ricardo-lopez-crespo-de-la-fundacion-caja-rural-del-sur\\\/\",\"url\":\"https:\\\/\\\/fundacioncajaruraldelsur.com\\\/convocados-los-xii-premios-ricardo-lopez-crespo-de-la-fundacion-caja-rural-del-sur\\\/\",\"name\":\"Convocados los XII Premios \u2018Ricardo L\u00f3pez Crespo\u2019 de la Fundaci\u00f3n Caja Rural del Sur - Fundaci\u00f3n Caja Rural del Sur\",\"isPartOf\":{\"@id\":\"https:\\\/\\\/fundacioncajaruraldelsur.com\\\/#website\"},\"primaryImageOfPage\":{\"@id\":\"https:\\\/\\\/fundacioncajaruraldelsur.com\\\/convocados-los-xii-premios-ricardo-lopez-crespo-de-la-fundacion-caja-rural-del-sur\\\/#primaryimage\"},\"image\":{\"@id\":\"https:\\\/\\\/fundacioncajaruraldelsur.com\\\/convocados-los-xii-premios-ricardo-lopez-crespo-de-la-fundacion-caja-rural-del-sur\\\/#primaryimage\"},\"thumbnailUrl\":\"https:\\\/\\\/fundacioncajaruraldelsur.com\\\/wp-content\\\/uploads\\\/2022\\\/06\\\/220624.-En-la-imagen-los-galardonados-en-la-ultima-edicion.-scaled.jpg\",\"datePublished\":\"2022-06-24T15:44:52+00:00\",\"dateModified\":\"2022-06-27T18:04:31+00:00\",\"author\":{\"@id\":\"https:\\\/\\\/fundacioncajaruraldelsur.com\\\/#\\\/schema\\\/person\\\/f430da9fb783d505ff061ad8b3d44577\"},\"breadcrumb\":{\"@id\":\"https:\\\/\\\/fundacioncajaruraldelsur.com\\\/convocados-los-xii-premios-ricardo-lopez-crespo-de-la-fundacion-caja-rural-del-sur\\\/#breadcrumb\"},\"inLanguage\":\"pt-PT\",\"potentialAction\":[{\"@type\":\"ReadAction\",\"target\":[\"https:\\\/\\\/fundacioncajaruraldelsur.com\\\/convocados-los-xii-premios-ricardo-lopez-crespo-de-la-fundacion-caja-rural-del-sur\\\/\"]}]},{\"@type\":\"ImageObject\",\"inLanguage\":\"pt-PT\",\"@id\":\"https:\\\/\\\/fundacioncajaruraldelsur.com\\\/convocados-los-xii-premios-ricardo-lopez-crespo-de-la-fundacion-caja-rural-del-sur\\\/#primaryimage\",\"url\":\"https:\\\/\\\/fundacioncajaruraldelsur.com\\\/wp-content\\\/uploads\\\/2022\\\/06\\\/220624.-En-la-imagen-los-galardonados-en-la-ultima-edicion.-scaled.jpg\",\"contentUrl\":\"https:\\\/\\\/fundacioncajaruraldelsur.com\\\/wp-content\\\/uploads\\\/2022\\\/06\\\/220624.-En-la-imagen-los-galardonados-en-la-ultima-edicion.-scaled.jpg\",\"width\":2560,\"height\":1707,\"caption\":\"Galardonados de la \u00faltima edici\u00f3n de los Premios.\"},{\"@type\":\"BreadcrumbList\",\"@id\":\"https:\\\/\\\/fundacioncajaruraldelsur.com\\\/convocados-los-xii-premios-ricardo-lopez-crespo-de-la-fundacion-caja-rural-del-sur\\\/#breadcrumb\",\"itemListElement\":[{\"@type\":\"ListItem\",\"position\":1,\"name\":\"Portada\",\"item\":\"https:\\\/\\\/fundacioncajaruraldelsur.com\\\/\"},{\"@type\":\"ListItem\",\"position\":2,\"name\":\"Convocados los XII Premios \u2018Ricardo L\u00f3pez Crespo\u2019 de la Fundaci\u00f3n Caja Rural del Sur\"}]},{\"@type\":\"WebSite\",\"@id\":\"https:\\\/\\\/fundacioncajaruraldelsur.com\\\/#website\",\"url\":\"https:\\\/\\\/fundacioncajaruraldelsur.com\\\/\",\"name\":\"Fundaci\u00f3n Caja Rural del Sur\",\"description\":\"\",\"potentialAction\":[{\"@type\":\"SearchAction\",\"target\":{\"@type\":\"EntryPoint\",\"urlTemplate\":\"https:\\\/\\\/fundacioncajaruraldelsur.com\\\/?s={search_term_string}\"},\"query-input\":{\"@type\":\"PropertyValueSpecification\",\"valueRequired\":true,\"valueName\":\"search_term_string\"}}],\"inLanguage\":\"pt-PT\"},{\"@type\":\"Person\",\"@id\":\"https:\\\/\\\/fundacioncajaruraldelsur.com\\\/#\\\/schema\\\/person\\\/f430da9fb783d505ff061ad8b3d44577\",\"name\":\"Comunicaci\u00f3n\",\"image\":{\"@type\":\"ImageObject\",\"inLanguage\":\"pt-PT\",\"@id\":\"https:\\\/\\\/secure.gravatar.com\\\/avatar\\\/0dca239875993680bac4603ad2de7942da018f52cc3a244578e0b3b09314a8d8?s=96&d=blank&r=g\",\"url\":\"https:\\\/\\\/secure.gravatar.com\\\/avatar\\\/0dca239875993680bac4603ad2de7942da018f52cc3a244578e0b3b09314a8d8?s=96&d=blank&r=g\",\"contentUrl\":\"https:\\\/\\\/secure.gravatar.com\\\/avatar\\\/0dca239875993680bac4603ad2de7942da018f52cc3a244578e0b3b09314a8d8?s=96&d=blank&r=g\",\"caption\":\"Comunicaci\u00f3n\"}}]}<\/script>\n<!-- \/ Yoast SEO plugin. -->","yoast_head_json":{"title":"Convocados los XII Premios \u2018Ricardo L\u00f3pez Crespo\u2019 de la Fundaci\u00f3n Caja Rural del Sur - Fundaci\u00f3n Caja Rural del Sur","robots":{"index":"index","follow":"follow","max-snippet":"max-snippet:-1","max-image-preview":"max-image-preview:large","max-video-preview":"max-video-preview:-1"},"canonical":"https:\/\/fundacioncajaruraldelsur.com\/pt\/convocados-los-xii-premios-ricardo-lopez-crespo-de-la-fundacion-caja-rural-del-sur\/","og_locale":"pt_PT","og_type":"article","og_title":"Convocados los XII Premios \u2018Ricardo L\u00f3pez Crespo\u2019 de la Fundaci\u00f3n Caja Rural del Sur - Fundaci\u00f3n Caja Rural del Sur","og_description":"Ya ha quedado abierta una nueva convocatoria de los Premios Ricardo L\u00f3pez Crespo de la Fundaci\u00f3n Caja Rural del Sur, que este a\u00f1o alcanzan su duod\u00e9cima edici\u00f3n premiando las propuestas [&hellip;]","og_url":"https:\/\/fundacioncajaruraldelsur.com\/pt\/convocados-los-xii-premios-ricardo-lopez-crespo-de-la-fundacion-caja-rural-del-sur\/","og_site_name":"Fundaci\u00f3n Caja Rural del Sur","article_published_time":"2022-06-24T15:44:52+00:00","article_modified_time":"2022-06-27T18:04:31+00:00","og_image":[{"width":2560,"height":1707,"url":"https:\/\/fundacioncajaruraldelsur.com\/wp-content\/uploads\/2022\/06\/220624.-En-la-imagen-los-galardonados-en-la-ultima-edicion.-scaled.jpg","type":"image\/jpeg"}],"author":"Comunicaci\u00f3n","twitter_card":"summary_large_image","twitter_misc":{"Written by":"Comunicaci\u00f3n","Est. reading time":"1 minute"},"schema":{"@context":"https:\/\/schema.org","@graph":[{"@type":"Article","@id":"https:\/\/fundacioncajaruraldelsur.com\/convocados-los-xii-premios-ricardo-lopez-crespo-de-la-fundacion-caja-rural-del-sur\/#article","isPartOf":{"@id":"https:\/\/fundacioncajaruraldelsur.com\/convocados-los-xii-premios-ricardo-lopez-crespo-de-la-fundacion-caja-rural-del-sur\/"},"author":{"name":"Comunicaci\u00f3n","@id":"https:\/\/fundacioncajaruraldelsur.com\/#\/schema\/person\/f430da9fb783d505ff061ad8b3d44577"},"headline":"Convocados los XII Premios \u2018Ricardo L\u00f3pez Crespo\u2019 de la Fundaci\u00f3n Caja Rural del Sur","datePublished":"2022-06-24T15:44:52+00:00","dateModified":"2022-06-27T18:04:31+00:00","mainEntityOfPage":{"@id":"https:\/\/fundacioncajaruraldelsur.com\/convocados-los-xii-premios-ricardo-lopez-crespo-de-la-fundacion-caja-rural-del-sur\/"},"wordCount":252,"image":{"@id":"https:\/\/fundacioncajaruraldelsur.com\/convocados-los-xii-premios-ricardo-lopez-crespo-de-la-fundacion-caja-rural-del-sur\/#primaryimage"},"thumbnailUrl":"https:\/\/fundacioncajaruraldelsur.com\/wp-content\/uploads\/2022\/06\/220624.-En-la-imagen-los-galardonados-en-la-ultima-edicion.-scaled.jpg","articleSection":["Premios"],"inLanguage":"pt-PT"},{"@type":"WebPage","@id":"https:\/\/fundacioncajaruraldelsur.com\/convocados-los-xii-premios-ricardo-lopez-crespo-de-la-fundacion-caja-rural-del-sur\/","url":"https:\/\/fundacioncajaruraldelsur.com\/convocados-los-xii-premios-ricardo-lopez-crespo-de-la-fundacion-caja-rural-del-sur\/","name":"Convocados los XII Premios \u2018Ricardo L\u00f3pez Crespo\u2019 de la Fundaci\u00f3n Caja Rural del Sur - Fundaci\u00f3n Caja Rural del Sur","isPartOf":{"@id":"https:\/\/fundacioncajaruraldelsur.com\/#website"},"primaryImageOfPage":{"@id":"https:\/\/fundacioncajaruraldelsur.com\/convocados-los-xii-premios-ricardo-lopez-crespo-de-la-fundacion-caja-rural-del-sur\/#primaryimage"},"image":{"@id":"https:\/\/fundacioncajaruraldelsur.com\/convocados-los-xii-premios-ricardo-lopez-crespo-de-la-fundacion-caja-rural-del-sur\/#primaryimage"},"thumbnailUrl":"https:\/\/fundacioncajaruraldelsur.com\/wp-content\/uploads\/2022\/06\/220624.-En-la-imagen-los-galardonados-en-la-ultima-edicion.-scaled.jpg","datePublished":"2022-06-24T15:44:52+00:00","dateModified":"2022-06-27T18:04:31+00:00","author":{"@id":"https:\/\/fundacioncajaruraldelsur.com\/#\/schema\/person\/f430da9fb783d505ff061ad8b3d44577"},"breadcrumb":{"@id":"https:\/\/fundacioncajaruraldelsur.com\/convocados-los-xii-premios-ricardo-lopez-crespo-de-la-fundacion-caja-rural-del-sur\/#breadcrumb"},"inLanguage":"pt-PT","potentialAction":[{"@type":"ReadAction","target":["https:\/\/fundacioncajaruraldelsur.com\/convocados-los-xii-premios-ricardo-lopez-crespo-de-la-fundacion-caja-rural-del-sur\/"]}]},{"@type":"ImageObject","inLanguage":"pt-PT","@id":"https:\/\/fundacioncajaruraldelsur.com\/convocados-los-xii-premios-ricardo-lopez-crespo-de-la-fundacion-caja-rural-del-sur\/#primaryimage","url":"https:\/\/fundacioncajaruraldelsur.com\/wp-content\/uploads\/2022\/06\/220624.-En-la-imagen-los-galardonados-en-la-ultima-edicion.-scaled.jpg","contentUrl":"https:\/\/fundacioncajaruraldelsur.com\/wp-content\/uploads\/2022\/06\/220624.-En-la-imagen-los-galardonados-en-la-ultima-edicion.-scaled.jpg","width":2560,"height":1707,"caption":"Galardonados de la \u00faltima edici\u00f3n de los Premios."},{"@type":"BreadcrumbList","@id":"https:\/\/fundacioncajaruraldelsur.com\/convocados-los-xii-premios-ricardo-lopez-crespo-de-la-fundacion-caja-rural-del-sur\/#breadcrumb","itemListElement":[{"@type":"ListItem","position":1,"name":"Portada","item":"https:\/\/fundacioncajaruraldelsur.com\/"},{"@type":"ListItem","position":2,"name":"Convocados los XII Premios \u2018Ricardo L\u00f3pez Crespo\u2019 de la Fundaci\u00f3n Caja Rural del Sur"}]},{"@type":"WebSite","@id":"https:\/\/fundacioncajaruraldelsur.com\/#website","url":"https:\/\/fundacioncajaruraldelsur.com\/","name":"Funda\u00e7\u00e3o Caja Rural del Sur","description":"","potentialAction":[{"@type":"SearchAction","target":{"@type":"EntryPoint","urlTemplate":"https:\/\/fundacioncajaruraldelsur.com\/?s={search_term_string}"},"query-input":{"@type":"PropertyValueSpecification","valueRequired":true,"valueName":"search_term_string"}}],"inLanguage":"pt-PT"},{"@type":"Person","@id":"https:\/\/fundacioncajaruraldelsur.com\/#\/schema\/person\/f430da9fb783d505ff061ad8b3d44577","name":"Comunicaci\u00f3n","image":{"@type":"ImageObject","inLanguage":"pt-PT","@id":"https:\/\/secure.gravatar.com\/avatar\/0dca239875993680bac4603ad2de7942da018f52cc3a244578e0b3b09314a8d8?s=96&d=blank&r=g","url":"https:\/\/secure.gravatar.com\/avatar\/0dca239875993680bac4603ad2de7942da018f52cc3a244578e0b3b09314a8d8?s=96&d=blank&r=g","contentUrl":"https:\/\/secure.gravatar.com\/avatar\/0dca239875993680bac4603ad2de7942da018f52cc3a244578e0b3b09314a8d8?s=96&d=blank&r=g","caption":"Comunicaci\u00f3n"}}]}},"rttpg_featured_image_url":{"full":["https:\/\/fundacioncajaruraldelsur.com\/wp-content\/uploads\/2022\/06\/220624.-En-la-imagen-los-galardonados-en-la-ultima-edicion.-scaled.jpg",2560,1707,false],"landscape":["https:\/\/fundacioncajaruraldelsur.com\/wp-content\/uploads\/2022\/06\/220624.-En-la-imagen-los-galardonados-en-la-ultima-edicion.-scaled.jpg",2560,1707,false],"portraits":["https:\/\/fundacioncajaruraldelsur.com\/wp-content\/uploads\/2022\/06\/220624.-En-la-imagen-los-galardonados-en-la-ultima-edicion.-scaled.jpg",2560,1707,false],"thumbnail":["https:\/\/fundacioncajaruraldelsur.com\/wp-content\/uploads\/2022\/06\/220624.-En-la-imagen-los-galardonados-en-la-ultima-edicion.-150x150.jpg",150,150,true],"medium":["https:\/\/fundacioncajaruraldelsur.com\/wp-content\/uploads\/2022\/06\/220624.-En-la-imagen-los-galardonados-en-la-ultima-edicion.-300x200.jpg",300,200,true],"large":["https:\/\/fundacioncajaruraldelsur.com\/wp-content\/uploads\/2022\/06\/220624.-En-la-imagen-los-galardonados-en-la-ultima-edicion.-1024x683.jpg",960,640,true],"1536x1536":["https:\/\/fundacioncajaruraldelsur.com\/wp-content\/uploads\/2022\/06\/220624.-En-la-imagen-los-galardonados-en-la-ultima-edicion.-1536x1024.jpg",1536,1024,true],"2048x2048":["https:\/\/fundacioncajaruraldelsur.com\/wp-content\/uploads\/2022\/06\/220624.-En-la-imagen-los-galardonados-en-la-ultima-edicion.-2048x1365.jpg",2048,1365,true],"trp-custom-language-flag":["https:\/\/fundacioncajaruraldelsur.com\/wp-content\/uploads\/2022\/06\/220624.-En-la-imagen-los-galardonados-en-la-ultima-edicion.-scaled.jpg",18,12,false],"blog-thumbnail":["https:\/\/fundacioncajaruraldelsur.com\/wp-content\/uploads\/2022\/06\/220624.-En-la-imagen-los-galardonados-en-la-ultima-edicion.-400x200.jpg",400,200,true]},"rttpg_author":{"display_name":"Comunicaci\u00f3n","author_link":"https:\/\/fundacioncajaruraldelsur.com\/pt\/author\/sevillaadmin\/"},"rttpg_comment":0,"rttpg_category":"<a href=\"https:\/\/fundacioncajaruraldelsur.com\/pt\/category\/premios\/\" rel=\"category tag\">Premios<\/a>","rttpg_excerpt":"Ya ha quedado abierta una nueva convocatoria de los Premios Ricardo L\u00f3pez Crespo de la Fundaci\u00f3n Caja Rural del Sur, que este a\u00f1o alcanzan su duod\u00e9cima edici\u00f3n premiando las propuestas [&hellip;]","_links":{"self":[{"href":"https:\/\/fundacioncajaruraldelsur.com\/pt\/wp-json\/wp\/v2\/posts\/7763","targetHints":{"allow":["GET"]}}],"collection":[{"href":"https:\/\/fundacioncajaruraldelsur.com\/pt\/wp-json\/wp\/v2\/posts"}],"about":[{"href":"https:\/\/fundacioncajaruraldelsur.com\/pt\/wp-json\/wp\/v2\/types\/post"}],"author":[{"embeddable":true,"href":"https:\/\/fundacioncajaruraldelsur.com\/pt\/wp-json\/wp\/v2\/users\/6"}],"replies":[{"embeddable":true,"href":"https:\/\/fundacioncajaruraldelsur.com\/pt\/wp-json\/wp\/v2\/comments?post=7763"}],"version-history":[{"count":3,"href":"https:\/\/fundacioncajaruraldelsur.com\/pt\/wp-json\/wp\/v2\/posts\/7763\/revisions"}],"predecessor-version":[{"id":7777,"href":"https:\/\/fundacioncajaruraldelsur.com\/pt\/wp-json\/wp\/v2\/posts\/7763\/revisions\/7777"}],"wp:featuredmedia":[{"embeddable":true,"href":"https:\/\/fundacioncajaruraldelsur.com\/pt\/wp-json\/wp\/v2\/media\/7764"}],"wp:attachment":[{"href":"https:\/\/fundacioncajaruraldelsur.com\/pt\/wp-json\/wp\/v2\/media?parent=7763"}],"wp:term":[{"taxonomy":"category","embeddable":true,"href":"https:\/\/fundacioncajaruraldelsur.com\/pt\/wp-json\/wp\/v2\/categories?post=7763"},{"taxonomy":"post_tag","embeddable":true,"href":"https:\/\/fundacioncajaruraldelsur.com\/pt\/wp-json\/wp\/v2\/tags?post=7763"}],"curies":[{"name":"wp","href":"https:\/\/api.w.org\/{rel}","templated":true}]}}