{"id":7638,"date":"2022-05-06T09:16:54","date_gmt":"2022-05-06T07:16:54","guid":{"rendered":"\/?p=7638"},"modified":"2022-05-06T09:16:54","modified_gmt":"2022-05-06T07:16:54","slug":"la-catedra-caja-rural-de-empresa-familiar-de-la-universidad-de-huelva-analiza-el-emprendimiento","status":"publish","type":"post","link":"https:\/\/fundacioncajaruraldelsur.com\/pt\/la-catedra-caja-rural-de-empresa-familiar-de-la-universidad-de-huelva-analiza-el-emprendimiento\/","title":{"rendered":"La C\u00e1tedra Caja Rural de Empresa Familiar de la Universidad de Huelva analiza el emprendimiento"},"content":{"rendered":"<p>El mundo del emprendimiento es el tema que va a abordar la pr\u00f3xima actividad\u00a0del\u00a0Ciclo de Conferencias\u00a0que viene desarrollando\u00a0la\u00a0C\u00e1tedra Caja Rural de Empresa Familiar de la Universidad de Huelva, con el patrocinio de la\u00a0Fundaci\u00f3n Caja Rural del Sur, en el que los asistentes podr\u00e1n conocer el\u00a0emprendimiento como actividad empresarial.<\/p>\n<p>Este acto tendr\u00e1 lugar presencialmente en el Sal\u00f3n de Actos de la Facultad de CC. Empresariales y Turismo (Campus La Merced), el\u00a0jueves 12\u00a0de mayo a las 11:00h.<\/p>\n<p>Para ello, intervendr\u00e1n D. Juan Vila Notario, socio-fundador de empresas como Meta4, Aalto Bodegas y Vi\u00f1edos, Cuesta de Patas, y Pleneat, que narrar\u00e1 en primera persona como es el d\u00eda a d\u00eda de un emprendedor, con la conferencia,\u00a0\u00abDe la visi\u00f3n a la realidad: El emprendimiento como proyecto de vida\u00bb.<\/p>\n<p>Adem\u00e1s del conocimiento y las experiencias transmitidas por los ponentes invitados, si asistes a las 7\u00a0actividades del ciclo recibir\u00e1s un diploma expedido por el Vicerrectorado de Innovaci\u00f3n y Empleabilidad de la Universidad de Huelva equivalente a\u00a01 ECTS de car\u00e1cter optativo\u00a0(25 horas).<\/p>\n<p>Puedes inscribirte aqu\u00ed:\u00a0<a href=\"https:\/\/docs.google.com\/forms\/d\/e\/1FAIpQLScVxX1qVcjag4KgHMp_BZ6ilLngWn-UKnDApiThVutGou41UA\/viewform\">https:\/\/docs.google.com\/forms\/d\/e\/1FAIpQLScVxX1qVcjag4KgHMp_BZ6ilLngWn-UKnDApiThVutGou41UA\/viewform<\/a><\/p>\n<p>Pulsa el enlace para ir al detalle:\u00a0<a href=\"https:\/\/eventos.uhu.es\/event_detail\/83494\/detail\/s6-de-la-vision-a-la-realidad-el-emprendimiento-como-proyecto-de-vida.html\">https:\/\/eventos.uhu.es\/event_detail\/83494\/detail\/s6-de-la-vision-a-la-realidad-el-emprendimiento-como-proyecto-de-vida.html\u00a0<\/a><\/p>\n<p><a href=\"\/wp-content\/uploads\/2022\/05\/ciclo-.jpg\" rel=\"lightbox-0\"><img loading=\"lazy\" decoding=\"async\" class=\"alignnone wp-image-7639 size-full\" src=\"\/wp-content\/uploads\/2022\/05\/ciclo-.jpg\" alt=\"\" width=\"415\" height=\"597\" srcset=\"https:\/\/fundacioncajaruraldelsur.com\/wp-content\/uploads\/2022\/05\/ciclo-.jpg 415w, https:\/\/fundacioncajaruraldelsur.com\/wp-content\/uploads\/2022\/05\/ciclo--209x300.jpg 209w\" sizes=\"auto, (max-width: 415px) 100vw, 415px\" \/><\/a><\/p>","protected":false},"excerpt":{"rendered":"<p>El mundo del emprendimiento es el tema que va a abordar la pr\u00f3xima actividad\u00a0del\u00a0Ciclo de Conferencias\u00a0que viene desarrollando\u00a0la\u00a0C\u00e1tedra Caja Rural de Empresa Familiar de la Universidad de Huelva, con el [&hellip;]<\/p>\n","protected":false},"author":6,"featured_media":7640,"comment_status":"closed","ping_status":"closed","sticky":false,"template":"","format":"standard","meta":{"footnotes":""},"categories":[66],"tags":[],"class_list":["post-7638","post","type-post","status-publish","format-standard","has-post-thumbnail","hentry","category-actos"],"yoast_head":"<!-- This site is optimized with the Yoast SEO plugin v27.3 - https:\/\/yoast.com\/product\/yoast-seo-wordpress\/ -->\n<title>La C\u00e1tedra Caja Rural de Empresa Familiar de la Universidad de Huelva analiza el emprendimiento - Fundaci\u00f3n Caja Rural del Sur<\/title>\n<meta name=\"robots\" content=\"index, follow, max-snippet:-1, max-image-preview:large, max-video-preview:-1\" \/>\n<link rel=\"canonical\" href=\"https:\/\/fundacioncajaruraldelsur.com\/pt\/la-catedra-caja-rural-de-empresa-familiar-de-la-universidad-de-huelva-analiza-el-emprendimiento\/\" \/>\n<meta property=\"og:locale\" content=\"pt_PT\" \/>\n<meta property=\"og:type\" content=\"article\" \/>\n<meta property=\"og:title\" content=\"La C\u00e1tedra Caja Rural de Empresa Familiar de la Universidad de Huelva analiza el emprendimiento - Fundaci\u00f3n Caja Rural del Sur\" \/>\n<meta property=\"og:description\" content=\"El mundo del emprendimiento es el tema que va a abordar la pr\u00f3xima actividad\u00a0del\u00a0Ciclo de Conferencias\u00a0que viene desarrollando\u00a0la\u00a0C\u00e1tedra Caja Rural de Empresa Familiar de la Universidad de Huelva, con el [&hellip;]\" \/>\n<meta property=\"og:url\" content=\"https:\/\/fundacioncajaruraldelsur.com\/pt\/la-catedra-caja-rural-de-empresa-familiar-de-la-universidad-de-huelva-analiza-el-emprendimiento\/\" \/>\n<meta property=\"og:site_name\" content=\"Fundaci\u00f3n Caja Rural del Sur\" \/>\n<meta property=\"article:published_time\" content=\"2022-05-06T07:16:54+00:00\" \/>\n<meta property=\"og:image\" content=\"https:\/\/fundacioncajaruraldelsur.com\/wp-content\/uploads\/2022\/05\/ciclo2.jpg\" \/>\n\t<meta property=\"og:image:width\" content=\"741\" \/>\n\t<meta property=\"og:image:height\" content=\"564\" \/>\n\t<meta property=\"og:image:type\" content=\"image\/jpeg\" \/>\n<meta name=\"author\" content=\"Comunicaci\u00f3n\" \/>\n<meta name=\"twitter:card\" content=\"summary_large_image\" \/>\n<meta name=\"twitter:label1\" content=\"Written by\" \/>\n\t<meta name=\"twitter:data1\" content=\"Comunicaci\u00f3n\" \/>\n\t<meta name=\"twitter:label2\" content=\"Est. reading time\" \/>\n\t<meta name=\"twitter:data2\" content=\"1 minute\" \/>\n<script type=\"application\/ld+json\" class=\"yoast-schema-graph\">{\"@context\":\"https:\\\/\\\/schema.org\",\"@graph\":[{\"@type\":\"Article\",\"@id\":\"https:\\\/\\\/fundacioncajaruraldelsur.com\\\/la-catedra-caja-rural-de-empresa-familiar-de-la-universidad-de-huelva-analiza-el-emprendimiento\\\/#article\",\"isPartOf\":{\"@id\":\"https:\\\/\\\/fundacioncajaruraldelsur.com\\\/la-catedra-caja-rural-de-empresa-familiar-de-la-universidad-de-huelva-analiza-el-emprendimiento\\\/\"},\"author\":{\"name\":\"Comunicaci\u00f3n\",\"@id\":\"https:\\\/\\\/fundacioncajaruraldelsur.com\\\/#\\\/schema\\\/person\\\/f430da9fb783d505ff061ad8b3d44577\"},\"headline\":\"La C\u00e1tedra Caja Rural de Empresa Familiar de la Universidad de Huelva analiza el emprendimiento\",\"datePublished\":\"2022-05-06T07:16:54+00:00\",\"mainEntityOfPage\":{\"@id\":\"https:\\\/\\\/fundacioncajaruraldelsur.com\\\/la-catedra-caja-rural-de-empresa-familiar-de-la-universidad-de-huelva-analiza-el-emprendimiento\\\/\"},\"wordCount\":238,\"image\":{\"@id\":\"https:\\\/\\\/fundacioncajaruraldelsur.com\\\/la-catedra-caja-rural-de-empresa-familiar-de-la-universidad-de-huelva-analiza-el-emprendimiento\\\/#primaryimage\"},\"thumbnailUrl\":\"https:\\\/\\\/fundacioncajaruraldelsur.com\\\/wp-content\\\/uploads\\\/2022\\\/05\\\/ciclo2.jpg\",\"articleSection\":[\"Actos\"],\"inLanguage\":\"pt-PT\"},{\"@type\":\"WebPage\",\"@id\":\"https:\\\/\\\/fundacioncajaruraldelsur.com\\\/la-catedra-caja-rural-de-empresa-familiar-de-la-universidad-de-huelva-analiza-el-emprendimiento\\\/\",\"url\":\"https:\\\/\\\/fundacioncajaruraldelsur.com\\\/la-catedra-caja-rural-de-empresa-familiar-de-la-universidad-de-huelva-analiza-el-emprendimiento\\\/\",\"name\":\"La C\u00e1tedra Caja Rural de Empresa Familiar de la Universidad de Huelva analiza el emprendimiento - Fundaci\u00f3n Caja Rural del Sur\",\"isPartOf\":{\"@id\":\"https:\\\/\\\/fundacioncajaruraldelsur.com\\\/#website\"},\"primaryImageOfPage\":{\"@id\":\"https:\\\/\\\/fundacioncajaruraldelsur.com\\\/la-catedra-caja-rural-de-empresa-familiar-de-la-universidad-de-huelva-analiza-el-emprendimiento\\\/#primaryimage\"},\"image\":{\"@id\":\"https:\\\/\\\/fundacioncajaruraldelsur.com\\\/la-catedra-caja-rural-de-empresa-familiar-de-la-universidad-de-huelva-analiza-el-emprendimiento\\\/#primaryimage\"},\"thumbnailUrl\":\"https:\\\/\\\/fundacioncajaruraldelsur.com\\\/wp-content\\\/uploads\\\/2022\\\/05\\\/ciclo2.jpg\",\"datePublished\":\"2022-05-06T07:16:54+00:00\",\"author\":{\"@id\":\"https:\\\/\\\/fundacioncajaruraldelsur.com\\\/#\\\/schema\\\/person\\\/f430da9fb783d505ff061ad8b3d44577\"},\"breadcrumb\":{\"@id\":\"https:\\\/\\\/fundacioncajaruraldelsur.com\\\/la-catedra-caja-rural-de-empresa-familiar-de-la-universidad-de-huelva-analiza-el-emprendimiento\\\/#breadcrumb\"},\"inLanguage\":\"pt-PT\",\"potentialAction\":[{\"@type\":\"ReadAction\",\"target\":[\"https:\\\/\\\/fundacioncajaruraldelsur.com\\\/la-catedra-caja-rural-de-empresa-familiar-de-la-universidad-de-huelva-analiza-el-emprendimiento\\\/\"]}]},{\"@type\":\"ImageObject\",\"inLanguage\":\"pt-PT\",\"@id\":\"https:\\\/\\\/fundacioncajaruraldelsur.com\\\/la-catedra-caja-rural-de-empresa-familiar-de-la-universidad-de-huelva-analiza-el-emprendimiento\\\/#primaryimage\",\"url\":\"https:\\\/\\\/fundacioncajaruraldelsur.com\\\/wp-content\\\/uploads\\\/2022\\\/05\\\/ciclo2.jpg\",\"contentUrl\":\"https:\\\/\\\/fundacioncajaruraldelsur.com\\\/wp-content\\\/uploads\\\/2022\\\/05\\\/ciclo2.jpg\",\"width\":741,\"height\":564},{\"@type\":\"BreadcrumbList\",\"@id\":\"https:\\\/\\\/fundacioncajaruraldelsur.com\\\/la-catedra-caja-rural-de-empresa-familiar-de-la-universidad-de-huelva-analiza-el-emprendimiento\\\/#breadcrumb\",\"itemListElement\":[{\"@type\":\"ListItem\",\"position\":1,\"name\":\"Portada\",\"item\":\"https:\\\/\\\/fundacioncajaruraldelsur.com\\\/\"},{\"@type\":\"ListItem\",\"position\":2,\"name\":\"La C\u00e1tedra Caja Rural de Empresa Familiar de la Universidad de Huelva analiza el emprendimiento\"}]},{\"@type\":\"WebSite\",\"@id\":\"https:\\\/\\\/fundacioncajaruraldelsur.com\\\/#website\",\"url\":\"https:\\\/\\\/fundacioncajaruraldelsur.com\\\/\",\"name\":\"Fundaci\u00f3n Caja Rural del Sur\",\"description\":\"\",\"potentialAction\":[{\"@type\":\"SearchAction\",\"target\":{\"@type\":\"EntryPoint\",\"urlTemplate\":\"https:\\\/\\\/fundacioncajaruraldelsur.com\\\/?s={search_term_string}\"},\"query-input\":{\"@type\":\"PropertyValueSpecification\",\"valueRequired\":true,\"valueName\":\"search_term_string\"}}],\"inLanguage\":\"pt-PT\"},{\"@type\":\"Person\",\"@id\":\"https:\\\/\\\/fundacioncajaruraldelsur.com\\\/#\\\/schema\\\/person\\\/f430da9fb783d505ff061ad8b3d44577\",\"name\":\"Comunicaci\u00f3n\",\"image\":{\"@type\":\"ImageObject\",\"inLanguage\":\"pt-PT\",\"@id\":\"https:\\\/\\\/secure.gravatar.com\\\/avatar\\\/0dca239875993680bac4603ad2de7942da018f52cc3a244578e0b3b09314a8d8?s=96&d=blank&r=g\",\"url\":\"https:\\\/\\\/secure.gravatar.com\\\/avatar\\\/0dca239875993680bac4603ad2de7942da018f52cc3a244578e0b3b09314a8d8?s=96&d=blank&r=g\",\"contentUrl\":\"https:\\\/\\\/secure.gravatar.com\\\/avatar\\\/0dca239875993680bac4603ad2de7942da018f52cc3a244578e0b3b09314a8d8?s=96&d=blank&r=g\",\"caption\":\"Comunicaci\u00f3n\"}}]}<\/script>\n<!-- \/ Yoast SEO plugin. -->","yoast_head_json":{"title":"La C\u00e1tedra Caja Rural de Empresa Familiar de la Universidad de Huelva analiza el emprendimiento - Fundaci\u00f3n Caja Rural del Sur","robots":{"index":"index","follow":"follow","max-snippet":"max-snippet:-1","max-image-preview":"max-image-preview:large","max-video-preview":"max-video-preview:-1"},"canonical":"https:\/\/fundacioncajaruraldelsur.com\/pt\/la-catedra-caja-rural-de-empresa-familiar-de-la-universidad-de-huelva-analiza-el-emprendimiento\/","og_locale":"pt_PT","og_type":"article","og_title":"La C\u00e1tedra Caja Rural de Empresa Familiar de la Universidad de Huelva analiza el emprendimiento - Fundaci\u00f3n Caja Rural del Sur","og_description":"El mundo del emprendimiento es el tema que va a abordar la pr\u00f3xima actividad\u00a0del\u00a0Ciclo de Conferencias\u00a0que viene desarrollando\u00a0la\u00a0C\u00e1tedra Caja Rural de Empresa Familiar de la Universidad de Huelva, con el [&hellip;]","og_url":"https:\/\/fundacioncajaruraldelsur.com\/pt\/la-catedra-caja-rural-de-empresa-familiar-de-la-universidad-de-huelva-analiza-el-emprendimiento\/","og_site_name":"Fundaci\u00f3n Caja Rural del Sur","article_published_time":"2022-05-06T07:16:54+00:00","og_image":[{"width":741,"height":564,"url":"https:\/\/fundacioncajaruraldelsur.com\/wp-content\/uploads\/2022\/05\/ciclo2.jpg","type":"image\/jpeg"}],"author":"Comunicaci\u00f3n","twitter_card":"summary_large_image","twitter_misc":{"Written by":"Comunicaci\u00f3n","Est. reading time":"1 minute"},"schema":{"@context":"https:\/\/schema.org","@graph":[{"@type":"Article","@id":"https:\/\/fundacioncajaruraldelsur.com\/la-catedra-caja-rural-de-empresa-familiar-de-la-universidad-de-huelva-analiza-el-emprendimiento\/#article","isPartOf":{"@id":"https:\/\/fundacioncajaruraldelsur.com\/la-catedra-caja-rural-de-empresa-familiar-de-la-universidad-de-huelva-analiza-el-emprendimiento\/"},"author":{"name":"Comunicaci\u00f3n","@id":"https:\/\/fundacioncajaruraldelsur.com\/#\/schema\/person\/f430da9fb783d505ff061ad8b3d44577"},"headline":"La C\u00e1tedra Caja Rural de Empresa Familiar de la Universidad de Huelva analiza el emprendimiento","datePublished":"2022-05-06T07:16:54+00:00","mainEntityOfPage":{"@id":"https:\/\/fundacioncajaruraldelsur.com\/la-catedra-caja-rural-de-empresa-familiar-de-la-universidad-de-huelva-analiza-el-emprendimiento\/"},"wordCount":238,"image":{"@id":"https:\/\/fundacioncajaruraldelsur.com\/la-catedra-caja-rural-de-empresa-familiar-de-la-universidad-de-huelva-analiza-el-emprendimiento\/#primaryimage"},"thumbnailUrl":"https:\/\/fundacioncajaruraldelsur.com\/wp-content\/uploads\/2022\/05\/ciclo2.jpg","articleSection":["Actos"],"inLanguage":"pt-PT"},{"@type":"WebPage","@id":"https:\/\/fundacioncajaruraldelsur.com\/la-catedra-caja-rural-de-empresa-familiar-de-la-universidad-de-huelva-analiza-el-emprendimiento\/","url":"https:\/\/fundacioncajaruraldelsur.com\/la-catedra-caja-rural-de-empresa-familiar-de-la-universidad-de-huelva-analiza-el-emprendimiento\/","name":"La C\u00e1tedra Caja Rural de Empresa Familiar de la Universidad de Huelva analiza el emprendimiento - Fundaci\u00f3n Caja Rural del Sur","isPartOf":{"@id":"https:\/\/fundacioncajaruraldelsur.com\/#website"},"primaryImageOfPage":{"@id":"https:\/\/fundacioncajaruraldelsur.com\/la-catedra-caja-rural-de-empresa-familiar-de-la-universidad-de-huelva-analiza-el-emprendimiento\/#primaryimage"},"image":{"@id":"https:\/\/fundacioncajaruraldelsur.com\/la-catedra-caja-rural-de-empresa-familiar-de-la-universidad-de-huelva-analiza-el-emprendimiento\/#primaryimage"},"thumbnailUrl":"https:\/\/fundacioncajaruraldelsur.com\/wp-content\/uploads\/2022\/05\/ciclo2.jpg","datePublished":"2022-05-06T07:16:54+00:00","author":{"@id":"https:\/\/fundacioncajaruraldelsur.com\/#\/schema\/person\/f430da9fb783d505ff061ad8b3d44577"},"breadcrumb":{"@id":"https:\/\/fundacioncajaruraldelsur.com\/la-catedra-caja-rural-de-empresa-familiar-de-la-universidad-de-huelva-analiza-el-emprendimiento\/#breadcrumb"},"inLanguage":"pt-PT","potentialAction":[{"@type":"ReadAction","target":["https:\/\/fundacioncajaruraldelsur.com\/la-catedra-caja-rural-de-empresa-familiar-de-la-universidad-de-huelva-analiza-el-emprendimiento\/"]}]},{"@type":"ImageObject","inLanguage":"pt-PT","@id":"https:\/\/fundacioncajaruraldelsur.com\/la-catedra-caja-rural-de-empresa-familiar-de-la-universidad-de-huelva-analiza-el-emprendimiento\/#primaryimage","url":"https:\/\/fundacioncajaruraldelsur.com\/wp-content\/uploads\/2022\/05\/ciclo2.jpg","contentUrl":"https:\/\/fundacioncajaruraldelsur.com\/wp-content\/uploads\/2022\/05\/ciclo2.jpg","width":741,"height":564},{"@type":"BreadcrumbList","@id":"https:\/\/fundacioncajaruraldelsur.com\/la-catedra-caja-rural-de-empresa-familiar-de-la-universidad-de-huelva-analiza-el-emprendimiento\/#breadcrumb","itemListElement":[{"@type":"ListItem","position":1,"name":"Portada","item":"https:\/\/fundacioncajaruraldelsur.com\/"},{"@type":"ListItem","position":2,"name":"La C\u00e1tedra Caja Rural de Empresa Familiar de la Universidad de Huelva analiza el emprendimiento"}]},{"@type":"WebSite","@id":"https:\/\/fundacioncajaruraldelsur.com\/#website","url":"https:\/\/fundacioncajaruraldelsur.com\/","name":"Funda\u00e7\u00e3o Caja Rural del Sur","description":"","potentialAction":[{"@type":"SearchAction","target":{"@type":"EntryPoint","urlTemplate":"https:\/\/fundacioncajaruraldelsur.com\/?s={search_term_string}"},"query-input":{"@type":"PropertyValueSpecification","valueRequired":true,"valueName":"search_term_string"}}],"inLanguage":"pt-PT"},{"@type":"Person","@id":"https:\/\/fundacioncajaruraldelsur.com\/#\/schema\/person\/f430da9fb783d505ff061ad8b3d44577","name":"Comunicaci\u00f3n","image":{"@type":"ImageObject","inLanguage":"pt-PT","@id":"https:\/\/secure.gravatar.com\/avatar\/0dca239875993680bac4603ad2de7942da018f52cc3a244578e0b3b09314a8d8?s=96&d=blank&r=g","url":"https:\/\/secure.gravatar.com\/avatar\/0dca239875993680bac4603ad2de7942da018f52cc3a244578e0b3b09314a8d8?s=96&d=blank&r=g","contentUrl":"https:\/\/secure.gravatar.com\/avatar\/0dca239875993680bac4603ad2de7942da018f52cc3a244578e0b3b09314a8d8?s=96&d=blank&r=g","caption":"Comunicaci\u00f3n"}}]}},"rttpg_featured_image_url":{"full":["https:\/\/fundacioncajaruraldelsur.com\/wp-content\/uploads\/2022\/05\/ciclo2.jpg",741,564,false],"landscape":["https:\/\/fundacioncajaruraldelsur.com\/wp-content\/uploads\/2022\/05\/ciclo2.jpg",741,564,false],"portraits":["https:\/\/fundacioncajaruraldelsur.com\/wp-content\/uploads\/2022\/05\/ciclo2.jpg",741,564,false],"thumbnail":["https:\/\/fundacioncajaruraldelsur.com\/wp-content\/uploads\/2022\/05\/ciclo2-150x150.jpg",150,150,true],"medium":["https:\/\/fundacioncajaruraldelsur.com\/wp-content\/uploads\/2022\/05\/ciclo2-300x228.jpg",300,228,true],"large":["https:\/\/fundacioncajaruraldelsur.com\/wp-content\/uploads\/2022\/05\/ciclo2.jpg",741,564,false],"1536x1536":["https:\/\/fundacioncajaruraldelsur.com\/wp-content\/uploads\/2022\/05\/ciclo2.jpg",741,564,false],"2048x2048":["https:\/\/fundacioncajaruraldelsur.com\/wp-content\/uploads\/2022\/05\/ciclo2.jpg",741,564,false],"trp-custom-language-flag":["https:\/\/fundacioncajaruraldelsur.com\/wp-content\/uploads\/2022\/05\/ciclo2.jpg",16,12,false],"blog-thumbnail":["https:\/\/fundacioncajaruraldelsur.com\/wp-content\/uploads\/2022\/05\/ciclo2-400x200.jpg",400,200,true]},"rttpg_author":{"display_name":"Comunicaci\u00f3n","author_link":"https:\/\/fundacioncajaruraldelsur.com\/pt\/author\/sevillaadmin\/"},"rttpg_comment":0,"rttpg_category":"<a href=\"https:\/\/fundacioncajaruraldelsur.com\/pt\/category\/actos\/\" rel=\"category tag\">Actos<\/a>","rttpg_excerpt":"El mundo del emprendimiento es el tema que va a abordar la pr\u00f3xima actividad\u00a0del\u00a0Ciclo de Conferencias\u00a0que viene desarrollando\u00a0la\u00a0C\u00e1tedra Caja Rural de Empresa Familiar de la Universidad de Huelva, con el [&hellip;]","_links":{"self":[{"href":"https:\/\/fundacioncajaruraldelsur.com\/pt\/wp-json\/wp\/v2\/posts\/7638","targetHints":{"allow":["GET"]}}],"collection":[{"href":"https:\/\/fundacioncajaruraldelsur.com\/pt\/wp-json\/wp\/v2\/posts"}],"about":[{"href":"https:\/\/fundacioncajaruraldelsur.com\/pt\/wp-json\/wp\/v2\/types\/post"}],"author":[{"embeddable":true,"href":"https:\/\/fundacioncajaruraldelsur.com\/pt\/wp-json\/wp\/v2\/users\/6"}],"replies":[{"embeddable":true,"href":"https:\/\/fundacioncajaruraldelsur.com\/pt\/wp-json\/wp\/v2\/comments?post=7638"}],"version-history":[{"count":1,"href":"https:\/\/fundacioncajaruraldelsur.com\/pt\/wp-json\/wp\/v2\/posts\/7638\/revisions"}],"predecessor-version":[{"id":7641,"href":"https:\/\/fundacioncajaruraldelsur.com\/pt\/wp-json\/wp\/v2\/posts\/7638\/revisions\/7641"}],"wp:featuredmedia":[{"embeddable":true,"href":"https:\/\/fundacioncajaruraldelsur.com\/pt\/wp-json\/wp\/v2\/media\/7640"}],"wp:attachment":[{"href":"https:\/\/fundacioncajaruraldelsur.com\/pt\/wp-json\/wp\/v2\/media?parent=7638"}],"wp:term":[{"taxonomy":"category","embeddable":true,"href":"https:\/\/fundacioncajaruraldelsur.com\/pt\/wp-json\/wp\/v2\/categories?post=7638"},{"taxonomy":"post_tag","embeddable":true,"href":"https:\/\/fundacioncajaruraldelsur.com\/pt\/wp-json\/wp\/v2\/tags?post=7638"}],"curies":[{"name":"wp","href":"https:\/\/api.w.org\/{rel}","templated":true}]}}