{"id":7577,"date":"2022-04-21T17:21:21","date_gmt":"2022-04-21T15:21:21","guid":{"rendered":"\/?p=7577"},"modified":"2022-04-22T18:11:48","modified_gmt":"2022-04-22T16:11:48","slug":"fundacion-caja-rural-del-sur-acoge-la-presentacion-de-la-moneda-social-illa-que-se-utilizara-en-exclusiva-en-casetas-de-la-feria-de-sevilla","status":"publish","type":"post","link":"https:\/\/fundacioncajaruraldelsur.com\/pt\/fundacion-caja-rural-del-sur-acoge-la-presentacion-de-la-moneda-social-illa-que-se-utilizara-en-exclusiva-en-casetas-de-la-feria-de-sevilla\/","title":{"rendered":"Fundaci\u00f3n Caja Rural del Sur acoge la presentaci\u00f3n de la moneda social \u201cILLA\u201d que se utilizar\u00e1 en exclusiva en casetas de la Feria de Sevilla"},"content":{"rendered":"<p>La Fundaci\u00f3n Caja Rural del Sur ha acogido este viernes, 22 de abril, en su sede de Calle Murillo, 2 de Sevilla el acto de presentaci\u00f3n de la moneda social ILLA cuya utilizaci\u00f3n est\u00e1 prevista para las casetas de la pr\u00f3xima Feria de Sevilla.<\/p>\n<p>El objetivo de esta presentaci\u00f3n ha sido dar a conocer la moneda social ILLA en formato billete y moneda, para alentar y animar a presidentes de casetas y caseteros a que utilicen la moneda en lugar de los tradicionales tickets para el pago de consumiciones.<\/p>\n<p><a href=\"\/wp-content\/uploads\/2022\/04\/IMG_8531.jpg\" rel=\"lightbox-0\"><img loading=\"lazy\" decoding=\"async\" class=\"size-medium wp-image-7583 alignleft\" src=\"\/wp-content\/uploads\/2022\/04\/IMG_8531-300x225.jpg\" alt=\"\" width=\"300\" height=\"225\" srcset=\"https:\/\/fundacioncajaruraldelsur.com\/wp-content\/uploads\/2022\/04\/IMG_8531-300x225.jpg 300w, https:\/\/fundacioncajaruraldelsur.com\/wp-content\/uploads\/2022\/04\/IMG_8531-1024x768.jpg 1024w, https:\/\/fundacioncajaruraldelsur.com\/wp-content\/uploads\/2022\/04\/IMG_8531-768x576.jpg 768w, https:\/\/fundacioncajaruraldelsur.com\/wp-content\/uploads\/2022\/04\/IMG_8531-1536x1152.jpg 1536w, https:\/\/fundacioncajaruraldelsur.com\/wp-content\/uploads\/2022\/04\/IMG_8531.jpg 2016w\" sizes=\"auto, (max-width: 300px) 100vw, 300px\" \/><\/a>La moneda ILLA se pone en marcha con una finalidad social y solidaria ya que las monedas adquiridas y guardadas como recuerdo supondr\u00e1n una donaci\u00f3n efectiva al barrio de los Pajaritos a quien se destinan desde el origen del proyecto social.<\/p>\n<p>La moneda ILLA de hecho ya est\u00e1 en circulaci\u00f3n en el barrio de Los Pajaritos en formato digital desde septiembre de 2021 y su utilizaci\u00f3n aporta recursos econ\u00f3micos para la compra de alimentos frescos a familias en situaci\u00f3n vulnerable a trav\u00e9s de C\u00e1ritas y Comunitaria (la empresa promotora de la moneda a trav\u00e9s de su iniciativa de responsabilidad social corporativa).<\/p>\n<p style=\"text-align: left;\"><a href=\"\/wp-content\/uploads\/2022\/04\/Monedas-ILLA.png\" rel=\"lightbox-1\"><img loading=\"lazy\" decoding=\"async\" class=\"size-medium wp-image-7578 alignleft\" src=\"\/wp-content\/uploads\/2022\/04\/Monedas-ILLA-300x156.png\" alt=\"\" width=\"300\" height=\"156\" srcset=\"https:\/\/fundacioncajaruraldelsur.com\/wp-content\/uploads\/2022\/04\/Monedas-ILLA-300x156.png 300w, https:\/\/fundacioncajaruraldelsur.com\/wp-content\/uploads\/2022\/04\/Monedas-ILLA-1024x533.png 1024w, https:\/\/fundacioncajaruraldelsur.com\/wp-content\/uploads\/2022\/04\/Monedas-ILLA-768x400.png 768w, https:\/\/fundacioncajaruraldelsur.com\/wp-content\/uploads\/2022\/04\/Monedas-ILLA.png 1280w\" sizes=\"auto, (max-width: 300px) 100vw, 300px\" \/><\/a>El formato digital de la ILLA lo hace m\u00e1s conveniente para su uso transaccional, ya que transferir y pagar con ILLAs digitales es seguro, eficiente, transparente y econ\u00f3mico. Sin embargo la \u00abidentificaci\u00f3n cultural\u00bb de las monedas sociales es muy importante, por ello se han impreso en formato billete de papel (en Derby, Reino Unido) y en moneda (en Westerlo, B\u00e9lgica) con dise\u00f1os de artistas locales e internacionales y la colaboraci\u00f3n de los alumnos del colegio Victoria D\u00edez del barrio de Los Pajaritos.<\/p>\n<p>La moneda ILLA es una iniciativa premiada por Unicef Lab y Horizonte H2020 de la Uni\u00f3n Europea.<\/p>\n<p><strong>ARTISTAS CREADORES DEL DISE\u00d1O DE LAS MONEDAS Y BILLETES ILLA<\/strong><\/p>\n<p style=\"text-align: left;\"><a href=\"\/wp-content\/uploads\/2022\/04\/Billetes-ILLA.png\" rel=\"lightbox-2\"><img loading=\"lazy\" decoding=\"async\" class=\"size-medium wp-image-7579 alignleft\" src=\"\/wp-content\/uploads\/2022\/04\/Billetes-ILLA-300x163.png\" alt=\"\" width=\"300\" height=\"163\" srcset=\"https:\/\/fundacioncajaruraldelsur.com\/wp-content\/uploads\/2022\/04\/Billetes-ILLA-300x163.png 300w, https:\/\/fundacioncajaruraldelsur.com\/wp-content\/uploads\/2022\/04\/Billetes-ILLA-1024x556.png 1024w, https:\/\/fundacioncajaruraldelsur.com\/wp-content\/uploads\/2022\/04\/Billetes-ILLA-768x417.png 768w, https:\/\/fundacioncajaruraldelsur.com\/wp-content\/uploads\/2022\/04\/Billetes-ILLA.png 1280w\" sizes=\"auto, (max-width: 300px) 100vw, 300px\" \/><\/a>En el acto que tendr\u00e1 lugar en la Fundaci\u00f3n Caja Rural del Sur se presentar\u00e1n los bocetos y el trabajo final de dise\u00f1o de los billetes y monedas de 1, 2, y 5 ILLAS realizados por distintos artistas.<\/p>\n<p>As\u00ed el billete de 2 ILLAs ha sido realizado por el pintor sevillano Chema Rodr\u00edguez quien expondr\u00e1 los bocetos previos del trabajo y el resultado final del dise\u00f1o.<\/p>\n<p>La moneda de billete de 1 ILLAs ha sido realizado por la sevillana \u00c1ngela Mena (anverso) y un alumno del colegio Victoria D\u00edez (reverso), trabajos que se presentar\u00e1n en el acto.<\/p>\n<p>Tambi\u00e9n en el acto se presentar\u00e1 el billete de 5 ILLAs realizado por Javier Arr\u00e9s, uno de los m\u00e1s reconocidos criptoartistas a nivel mundial, pionero y m\u00e1ximo exponente espa\u00f1ol. Ganador de la London Art Biennale 2019 y el Illustrator People Choice Award Creativepool 2017 entre otros galardones.<\/p>\n<p>Adem\u00e1s en el acto, se proyectar\u00e1 el audiovisual ILLAs del director de cine Daniel Cobarrubias. Premio CADIZ.DOC 2005 a la mejor direcci\u00f3n de cortometraje documental, nominado a los premios ASECAN 2020, sus cortometrajes han sido seleccionados y reconocidos en m\u00e1s de sesenta festivales alrededor del mundo, el autor estar\u00e1 presente en la exposici\u00f3n. (<a href=\"https:\/\/www.youtube.com\/watch?v=br9xaKoCOS0\">https:\/\/www.youtube.com\/watch?v=br9xaKoCOS0<\/a>).<\/p>\n<p>Igualmente se mostrar\u00e1n tambi\u00e9n dos carteles de formato 50cmx50cm que dan acceso a la obra digital original de los billetes de 2 y 5 ILLAs y la moneda de 1 ILLA en formado \u00abNFT\u00bb que pueden ser comprados en <a href=\"https:\/\/opensea.io\/collection\/illas-collection\">https:\/\/opensea.io\/collection\/illas-collection<\/a>. Ya est\u00e1 disponible para la compra. \u00a0Este QR se encuentra de igual forma en la versi\u00f3n impresa de los billetes.<\/p>\n<p>Aquellas casetas que quieran incorporarse a este lanzamiento exclusivo, a\u00fan tienen la oportunidad de hacerlo contactando con: <a href=\"mailto:miguelprados@comunitaria.com\">miguelprados@comunitaria.com<\/a><\/p>","protected":false},"excerpt":{"rendered":"<p>La Fundaci\u00f3n Caja Rural del Sur ha acogido este viernes, 22 de abril, en su sede de Calle Murillo, 2 de Sevilla el acto de presentaci\u00f3n de la moneda social [&hellip;]<\/p>\n","protected":false},"author":6,"featured_media":7582,"comment_status":"closed","ping_status":"closed","sticky":false,"template":"","format":"standard","meta":{"footnotes":""},"categories":[66],"tags":[],"class_list":["post-7577","post","type-post","status-publish","format-standard","has-post-thumbnail","hentry","category-actos"],"yoast_head":"<!-- This site is optimized with the Yoast SEO plugin v27.3 - https:\/\/yoast.com\/product\/yoast-seo-wordpress\/ -->\n<title>Fundaci\u00f3n Caja Rural del Sur acoge la presentaci\u00f3n de la moneda social \u201cILLA\u201d que se utilizar\u00e1 en exclusiva en casetas de la Feria de Sevilla - Fundaci\u00f3n Caja Rural del Sur<\/title>\n<meta name=\"robots\" content=\"index, follow, max-snippet:-1, max-image-preview:large, max-video-preview:-1\" \/>\n<link rel=\"canonical\" href=\"https:\/\/fundacioncajaruraldelsur.com\/pt\/fundacion-caja-rural-del-sur-acoge-la-presentacion-de-la-moneda-social-illa-que-se-utilizara-en-exclusiva-en-casetas-de-la-feria-de-sevilla\/\" \/>\n<meta property=\"og:locale\" content=\"pt_PT\" \/>\n<meta property=\"og:type\" content=\"article\" \/>\n<meta property=\"og:title\" content=\"Fundaci\u00f3n Caja Rural del Sur acoge la presentaci\u00f3n de la moneda social \u201cILLA\u201d que se utilizar\u00e1 en exclusiva en casetas de la Feria de Sevilla - Fundaci\u00f3n Caja Rural del Sur\" \/>\n<meta property=\"og:description\" content=\"La Fundaci\u00f3n Caja Rural del Sur ha acogido este viernes, 22 de abril, en su sede de Calle Murillo, 2 de Sevilla el acto de presentaci\u00f3n de la moneda social [&hellip;]\" \/>\n<meta property=\"og:url\" content=\"https:\/\/fundacioncajaruraldelsur.com\/pt\/fundacion-caja-rural-del-sur-acoge-la-presentacion-de-la-moneda-social-illa-que-se-utilizara-en-exclusiva-en-casetas-de-la-feria-de-sevilla\/\" \/>\n<meta property=\"og:site_name\" content=\"Fundaci\u00f3n Caja Rural del Sur\" \/>\n<meta property=\"article:published_time\" content=\"2022-04-21T15:21:21+00:00\" \/>\n<meta property=\"article:modified_time\" content=\"2022-04-22T16:11:48+00:00\" \/>\n<meta property=\"og:image\" content=\"https:\/\/fundacioncajaruraldelsur.com\/wp-content\/uploads\/2022\/04\/IMG_8536.jpg\" \/>\n\t<meta property=\"og:image:width\" content=\"1024\" \/>\n\t<meta property=\"og:image:height\" content=\"730\" \/>\n\t<meta property=\"og:image:type\" content=\"image\/jpeg\" \/>\n<meta name=\"author\" content=\"Comunicaci\u00f3n\" \/>\n<meta name=\"twitter:card\" content=\"summary_large_image\" \/>\n<meta name=\"twitter:label1\" content=\"Written by\" \/>\n\t<meta name=\"twitter:data1\" content=\"Comunicaci\u00f3n\" \/>\n\t<meta name=\"twitter:label2\" content=\"Est. reading time\" \/>\n\t<meta name=\"twitter:data2\" content=\"3 minutes\" \/>\n<script type=\"application\/ld+json\" class=\"yoast-schema-graph\">{\"@context\":\"https:\\\/\\\/schema.org\",\"@graph\":[{\"@type\":\"Article\",\"@id\":\"https:\\\/\\\/fundacioncajaruraldelsur.com\\\/fundacion-caja-rural-del-sur-acoge-la-presentacion-de-la-moneda-social-illa-que-se-utilizara-en-exclusiva-en-casetas-de-la-feria-de-sevilla\\\/#article\",\"isPartOf\":{\"@id\":\"https:\\\/\\\/fundacioncajaruraldelsur.com\\\/fundacion-caja-rural-del-sur-acoge-la-presentacion-de-la-moneda-social-illa-que-se-utilizara-en-exclusiva-en-casetas-de-la-feria-de-sevilla\\\/\"},\"author\":{\"name\":\"Comunicaci\u00f3n\",\"@id\":\"https:\\\/\\\/fundacioncajaruraldelsur.com\\\/#\\\/schema\\\/person\\\/f430da9fb783d505ff061ad8b3d44577\"},\"headline\":\"Fundaci\u00f3n Caja Rural del Sur acoge la presentaci\u00f3n de la moneda social \u201cILLA\u201d que se utilizar\u00e1 en exclusiva en casetas de la Feria de Sevilla\",\"datePublished\":\"2022-04-21T15:21:21+00:00\",\"dateModified\":\"2022-04-22T16:11:48+00:00\",\"mainEntityOfPage\":{\"@id\":\"https:\\\/\\\/fundacioncajaruraldelsur.com\\\/fundacion-caja-rural-del-sur-acoge-la-presentacion-de-la-moneda-social-illa-que-se-utilizara-en-exclusiva-en-casetas-de-la-feria-de-sevilla\\\/\"},\"wordCount\":644,\"image\":{\"@id\":\"https:\\\/\\\/fundacioncajaruraldelsur.com\\\/fundacion-caja-rural-del-sur-acoge-la-presentacion-de-la-moneda-social-illa-que-se-utilizara-en-exclusiva-en-casetas-de-la-feria-de-sevilla\\\/#primaryimage\"},\"thumbnailUrl\":\"https:\\\/\\\/fundacioncajaruraldelsur.com\\\/wp-content\\\/uploads\\\/2022\\\/04\\\/IMG_8536.jpg\",\"articleSection\":[\"Actos\"],\"inLanguage\":\"pt-PT\"},{\"@type\":\"WebPage\",\"@id\":\"https:\\\/\\\/fundacioncajaruraldelsur.com\\\/fundacion-caja-rural-del-sur-acoge-la-presentacion-de-la-moneda-social-illa-que-se-utilizara-en-exclusiva-en-casetas-de-la-feria-de-sevilla\\\/\",\"url\":\"https:\\\/\\\/fundacioncajaruraldelsur.com\\\/fundacion-caja-rural-del-sur-acoge-la-presentacion-de-la-moneda-social-illa-que-se-utilizara-en-exclusiva-en-casetas-de-la-feria-de-sevilla\\\/\",\"name\":\"Fundaci\u00f3n Caja Rural del Sur acoge la presentaci\u00f3n de la moneda social \u201cILLA\u201d que se utilizar\u00e1 en exclusiva en casetas de la Feria de Sevilla - Fundaci\u00f3n Caja Rural del Sur\",\"isPartOf\":{\"@id\":\"https:\\\/\\\/fundacioncajaruraldelsur.com\\\/#website\"},\"primaryImageOfPage\":{\"@id\":\"https:\\\/\\\/fundacioncajaruraldelsur.com\\\/fundacion-caja-rural-del-sur-acoge-la-presentacion-de-la-moneda-social-illa-que-se-utilizara-en-exclusiva-en-casetas-de-la-feria-de-sevilla\\\/#primaryimage\"},\"image\":{\"@id\":\"https:\\\/\\\/fundacioncajaruraldelsur.com\\\/fundacion-caja-rural-del-sur-acoge-la-presentacion-de-la-moneda-social-illa-que-se-utilizara-en-exclusiva-en-casetas-de-la-feria-de-sevilla\\\/#primaryimage\"},\"thumbnailUrl\":\"https:\\\/\\\/fundacioncajaruraldelsur.com\\\/wp-content\\\/uploads\\\/2022\\\/04\\\/IMG_8536.jpg\",\"datePublished\":\"2022-04-21T15:21:21+00:00\",\"dateModified\":\"2022-04-22T16:11:48+00:00\",\"author\":{\"@id\":\"https:\\\/\\\/fundacioncajaruraldelsur.com\\\/#\\\/schema\\\/person\\\/f430da9fb783d505ff061ad8b3d44577\"},\"breadcrumb\":{\"@id\":\"https:\\\/\\\/fundacioncajaruraldelsur.com\\\/fundacion-caja-rural-del-sur-acoge-la-presentacion-de-la-moneda-social-illa-que-se-utilizara-en-exclusiva-en-casetas-de-la-feria-de-sevilla\\\/#breadcrumb\"},\"inLanguage\":\"pt-PT\",\"potentialAction\":[{\"@type\":\"ReadAction\",\"target\":[\"https:\\\/\\\/fundacioncajaruraldelsur.com\\\/fundacion-caja-rural-del-sur-acoge-la-presentacion-de-la-moneda-social-illa-que-se-utilizara-en-exclusiva-en-casetas-de-la-feria-de-sevilla\\\/\"]}]},{\"@type\":\"ImageObject\",\"inLanguage\":\"pt-PT\",\"@id\":\"https:\\\/\\\/fundacioncajaruraldelsur.com\\\/fundacion-caja-rural-del-sur-acoge-la-presentacion-de-la-moneda-social-illa-que-se-utilizara-en-exclusiva-en-casetas-de-la-feria-de-sevilla\\\/#primaryimage\",\"url\":\"https:\\\/\\\/fundacioncajaruraldelsur.com\\\/wp-content\\\/uploads\\\/2022\\\/04\\\/IMG_8536.jpg\",\"contentUrl\":\"https:\\\/\\\/fundacioncajaruraldelsur.com\\\/wp-content\\\/uploads\\\/2022\\\/04\\\/IMG_8536.jpg\",\"width\":1024,\"height\":730},{\"@type\":\"BreadcrumbList\",\"@id\":\"https:\\\/\\\/fundacioncajaruraldelsur.com\\\/fundacion-caja-rural-del-sur-acoge-la-presentacion-de-la-moneda-social-illa-que-se-utilizara-en-exclusiva-en-casetas-de-la-feria-de-sevilla\\\/#breadcrumb\",\"itemListElement\":[{\"@type\":\"ListItem\",\"position\":1,\"name\":\"Portada\",\"item\":\"https:\\\/\\\/fundacioncajaruraldelsur.com\\\/\"},{\"@type\":\"ListItem\",\"position\":2,\"name\":\"Fundaci\u00f3n Caja Rural del Sur acoge la presentaci\u00f3n de la moneda social \u201cILLA\u201d que se utilizar\u00e1 en exclusiva en casetas de la Feria de Sevilla\"}]},{\"@type\":\"WebSite\",\"@id\":\"https:\\\/\\\/fundacioncajaruraldelsur.com\\\/#website\",\"url\":\"https:\\\/\\\/fundacioncajaruraldelsur.com\\\/\",\"name\":\"Fundaci\u00f3n Caja Rural del Sur\",\"description\":\"\",\"potentialAction\":[{\"@type\":\"SearchAction\",\"target\":{\"@type\":\"EntryPoint\",\"urlTemplate\":\"https:\\\/\\\/fundacioncajaruraldelsur.com\\\/?s={search_term_string}\"},\"query-input\":{\"@type\":\"PropertyValueSpecification\",\"valueRequired\":true,\"valueName\":\"search_term_string\"}}],\"inLanguage\":\"pt-PT\"},{\"@type\":\"Person\",\"@id\":\"https:\\\/\\\/fundacioncajaruraldelsur.com\\\/#\\\/schema\\\/person\\\/f430da9fb783d505ff061ad8b3d44577\",\"name\":\"Comunicaci\u00f3n\",\"image\":{\"@type\":\"ImageObject\",\"inLanguage\":\"pt-PT\",\"@id\":\"https:\\\/\\\/secure.gravatar.com\\\/avatar\\\/0dca239875993680bac4603ad2de7942da018f52cc3a244578e0b3b09314a8d8?s=96&d=blank&r=g\",\"url\":\"https:\\\/\\\/secure.gravatar.com\\\/avatar\\\/0dca239875993680bac4603ad2de7942da018f52cc3a244578e0b3b09314a8d8?s=96&d=blank&r=g\",\"contentUrl\":\"https:\\\/\\\/secure.gravatar.com\\\/avatar\\\/0dca239875993680bac4603ad2de7942da018f52cc3a244578e0b3b09314a8d8?s=96&d=blank&r=g\",\"caption\":\"Comunicaci\u00f3n\"}}]}<\/script>\n<!-- \/ Yoast SEO plugin. -->","yoast_head_json":{"title":"Fundaci\u00f3n Caja Rural del Sur acoge la presentaci\u00f3n de la moneda social \u201cILLA\u201d que se utilizar\u00e1 en exclusiva en casetas de la Feria de Sevilla - Fundaci\u00f3n Caja Rural del Sur","robots":{"index":"index","follow":"follow","max-snippet":"max-snippet:-1","max-image-preview":"max-image-preview:large","max-video-preview":"max-video-preview:-1"},"canonical":"https:\/\/fundacioncajaruraldelsur.com\/pt\/fundacion-caja-rural-del-sur-acoge-la-presentacion-de-la-moneda-social-illa-que-se-utilizara-en-exclusiva-en-casetas-de-la-feria-de-sevilla\/","og_locale":"pt_PT","og_type":"article","og_title":"Fundaci\u00f3n Caja Rural del Sur acoge la presentaci\u00f3n de la moneda social \u201cILLA\u201d que se utilizar\u00e1 en exclusiva en casetas de la Feria de Sevilla - Fundaci\u00f3n Caja Rural del Sur","og_description":"La Fundaci\u00f3n Caja Rural del Sur ha acogido este viernes, 22 de abril, en su sede de Calle Murillo, 2 de Sevilla el acto de presentaci\u00f3n de la moneda social [&hellip;]","og_url":"https:\/\/fundacioncajaruraldelsur.com\/pt\/fundacion-caja-rural-del-sur-acoge-la-presentacion-de-la-moneda-social-illa-que-se-utilizara-en-exclusiva-en-casetas-de-la-feria-de-sevilla\/","og_site_name":"Fundaci\u00f3n Caja Rural del Sur","article_published_time":"2022-04-21T15:21:21+00:00","article_modified_time":"2022-04-22T16:11:48+00:00","og_image":[{"width":1024,"height":730,"url":"https:\/\/fundacioncajaruraldelsur.com\/wp-content\/uploads\/2022\/04\/IMG_8536.jpg","type":"image\/jpeg"}],"author":"Comunicaci\u00f3n","twitter_card":"summary_large_image","twitter_misc":{"Written by":"Comunicaci\u00f3n","Est. reading time":"3 minutes"},"schema":{"@context":"https:\/\/schema.org","@graph":[{"@type":"Article","@id":"https:\/\/fundacioncajaruraldelsur.com\/fundacion-caja-rural-del-sur-acoge-la-presentacion-de-la-moneda-social-illa-que-se-utilizara-en-exclusiva-en-casetas-de-la-feria-de-sevilla\/#article","isPartOf":{"@id":"https:\/\/fundacioncajaruraldelsur.com\/fundacion-caja-rural-del-sur-acoge-la-presentacion-de-la-moneda-social-illa-que-se-utilizara-en-exclusiva-en-casetas-de-la-feria-de-sevilla\/"},"author":{"name":"Comunicaci\u00f3n","@id":"https:\/\/fundacioncajaruraldelsur.com\/#\/schema\/person\/f430da9fb783d505ff061ad8b3d44577"},"headline":"Fundaci\u00f3n Caja Rural del Sur acoge la presentaci\u00f3n de la moneda social \u201cILLA\u201d que se utilizar\u00e1 en exclusiva en casetas de la Feria de Sevilla","datePublished":"2022-04-21T15:21:21+00:00","dateModified":"2022-04-22T16:11:48+00:00","mainEntityOfPage":{"@id":"https:\/\/fundacioncajaruraldelsur.com\/fundacion-caja-rural-del-sur-acoge-la-presentacion-de-la-moneda-social-illa-que-se-utilizara-en-exclusiva-en-casetas-de-la-feria-de-sevilla\/"},"wordCount":644,"image":{"@id":"https:\/\/fundacioncajaruraldelsur.com\/fundacion-caja-rural-del-sur-acoge-la-presentacion-de-la-moneda-social-illa-que-se-utilizara-en-exclusiva-en-casetas-de-la-feria-de-sevilla\/#primaryimage"},"thumbnailUrl":"https:\/\/fundacioncajaruraldelsur.com\/wp-content\/uploads\/2022\/04\/IMG_8536.jpg","articleSection":["Actos"],"inLanguage":"pt-PT"},{"@type":"WebPage","@id":"https:\/\/fundacioncajaruraldelsur.com\/fundacion-caja-rural-del-sur-acoge-la-presentacion-de-la-moneda-social-illa-que-se-utilizara-en-exclusiva-en-casetas-de-la-feria-de-sevilla\/","url":"https:\/\/fundacioncajaruraldelsur.com\/fundacion-caja-rural-del-sur-acoge-la-presentacion-de-la-moneda-social-illa-que-se-utilizara-en-exclusiva-en-casetas-de-la-feria-de-sevilla\/","name":"Fundaci\u00f3n Caja Rural del Sur acoge la presentaci\u00f3n de la moneda social \u201cILLA\u201d que se utilizar\u00e1 en exclusiva en casetas de la Feria de Sevilla - Fundaci\u00f3n Caja Rural del Sur","isPartOf":{"@id":"https:\/\/fundacioncajaruraldelsur.com\/#website"},"primaryImageOfPage":{"@id":"https:\/\/fundacioncajaruraldelsur.com\/fundacion-caja-rural-del-sur-acoge-la-presentacion-de-la-moneda-social-illa-que-se-utilizara-en-exclusiva-en-casetas-de-la-feria-de-sevilla\/#primaryimage"},"image":{"@id":"https:\/\/fundacioncajaruraldelsur.com\/fundacion-caja-rural-del-sur-acoge-la-presentacion-de-la-moneda-social-illa-que-se-utilizara-en-exclusiva-en-casetas-de-la-feria-de-sevilla\/#primaryimage"},"thumbnailUrl":"https:\/\/fundacioncajaruraldelsur.com\/wp-content\/uploads\/2022\/04\/IMG_8536.jpg","datePublished":"2022-04-21T15:21:21+00:00","dateModified":"2022-04-22T16:11:48+00:00","author":{"@id":"https:\/\/fundacioncajaruraldelsur.com\/#\/schema\/person\/f430da9fb783d505ff061ad8b3d44577"},"breadcrumb":{"@id":"https:\/\/fundacioncajaruraldelsur.com\/fundacion-caja-rural-del-sur-acoge-la-presentacion-de-la-moneda-social-illa-que-se-utilizara-en-exclusiva-en-casetas-de-la-feria-de-sevilla\/#breadcrumb"},"inLanguage":"pt-PT","potentialAction":[{"@type":"ReadAction","target":["https:\/\/fundacioncajaruraldelsur.com\/fundacion-caja-rural-del-sur-acoge-la-presentacion-de-la-moneda-social-illa-que-se-utilizara-en-exclusiva-en-casetas-de-la-feria-de-sevilla\/"]}]},{"@type":"ImageObject","inLanguage":"pt-PT","@id":"https:\/\/fundacioncajaruraldelsur.com\/fundacion-caja-rural-del-sur-acoge-la-presentacion-de-la-moneda-social-illa-que-se-utilizara-en-exclusiva-en-casetas-de-la-feria-de-sevilla\/#primaryimage","url":"https:\/\/fundacioncajaruraldelsur.com\/wp-content\/uploads\/2022\/04\/IMG_8536.jpg","contentUrl":"https:\/\/fundacioncajaruraldelsur.com\/wp-content\/uploads\/2022\/04\/IMG_8536.jpg","width":1024,"height":730},{"@type":"BreadcrumbList","@id":"https:\/\/fundacioncajaruraldelsur.com\/fundacion-caja-rural-del-sur-acoge-la-presentacion-de-la-moneda-social-illa-que-se-utilizara-en-exclusiva-en-casetas-de-la-feria-de-sevilla\/#breadcrumb","itemListElement":[{"@type":"ListItem","position":1,"name":"Portada","item":"https:\/\/fundacioncajaruraldelsur.com\/"},{"@type":"ListItem","position":2,"name":"Fundaci\u00f3n Caja Rural del Sur acoge la presentaci\u00f3n de la moneda social \u201cILLA\u201d que se utilizar\u00e1 en exclusiva en casetas de la Feria de Sevilla"}]},{"@type":"WebSite","@id":"https:\/\/fundacioncajaruraldelsur.com\/#website","url":"https:\/\/fundacioncajaruraldelsur.com\/","name":"Funda\u00e7\u00e3o Caja Rural del Sur","description":"","potentialAction":[{"@type":"SearchAction","target":{"@type":"EntryPoint","urlTemplate":"https:\/\/fundacioncajaruraldelsur.com\/?s={search_term_string}"},"query-input":{"@type":"PropertyValueSpecification","valueRequired":true,"valueName":"search_term_string"}}],"inLanguage":"pt-PT"},{"@type":"Person","@id":"https:\/\/fundacioncajaruraldelsur.com\/#\/schema\/person\/f430da9fb783d505ff061ad8b3d44577","name":"Comunicaci\u00f3n","image":{"@type":"ImageObject","inLanguage":"pt-PT","@id":"https:\/\/secure.gravatar.com\/avatar\/0dca239875993680bac4603ad2de7942da018f52cc3a244578e0b3b09314a8d8?s=96&d=blank&r=g","url":"https:\/\/secure.gravatar.com\/avatar\/0dca239875993680bac4603ad2de7942da018f52cc3a244578e0b3b09314a8d8?s=96&d=blank&r=g","contentUrl":"https:\/\/secure.gravatar.com\/avatar\/0dca239875993680bac4603ad2de7942da018f52cc3a244578e0b3b09314a8d8?s=96&d=blank&r=g","caption":"Comunicaci\u00f3n"}}]}},"rttpg_featured_image_url":{"full":["https:\/\/fundacioncajaruraldelsur.com\/wp-content\/uploads\/2022\/04\/IMG_8536.jpg",1024,730,false],"landscape":["https:\/\/fundacioncajaruraldelsur.com\/wp-content\/uploads\/2022\/04\/IMG_8536.jpg",1024,730,false],"portraits":["https:\/\/fundacioncajaruraldelsur.com\/wp-content\/uploads\/2022\/04\/IMG_8536.jpg",1024,730,false],"thumbnail":["https:\/\/fundacioncajaruraldelsur.com\/wp-content\/uploads\/2022\/04\/IMG_8536-150x150.jpg",150,150,true],"medium":["https:\/\/fundacioncajaruraldelsur.com\/wp-content\/uploads\/2022\/04\/IMG_8536-300x214.jpg",300,214,true],"large":["https:\/\/fundacioncajaruraldelsur.com\/wp-content\/uploads\/2022\/04\/IMG_8536.jpg",960,684,false],"1536x1536":["https:\/\/fundacioncajaruraldelsur.com\/wp-content\/uploads\/2022\/04\/IMG_8536.jpg",1024,730,false],"2048x2048":["https:\/\/fundacioncajaruraldelsur.com\/wp-content\/uploads\/2022\/04\/IMG_8536.jpg",1024,730,false],"trp-custom-language-flag":["https:\/\/fundacioncajaruraldelsur.com\/wp-content\/uploads\/2022\/04\/IMG_8536.jpg",18,12,false],"blog-thumbnail":["https:\/\/fundacioncajaruraldelsur.com\/wp-content\/uploads\/2022\/04\/IMG_8536-400x200.jpg",400,200,true]},"rttpg_author":{"display_name":"Comunicaci\u00f3n","author_link":"https:\/\/fundacioncajaruraldelsur.com\/pt\/author\/sevillaadmin\/"},"rttpg_comment":0,"rttpg_category":"<a href=\"https:\/\/fundacioncajaruraldelsur.com\/pt\/category\/actos\/\" rel=\"category tag\">Actos<\/a>","rttpg_excerpt":"La Fundaci\u00f3n Caja Rural del Sur ha acogido este viernes, 22 de abril, en su sede de Calle Murillo, 2 de Sevilla el acto de presentaci\u00f3n de la moneda social [&hellip;]","_links":{"self":[{"href":"https:\/\/fundacioncajaruraldelsur.com\/pt\/wp-json\/wp\/v2\/posts\/7577","targetHints":{"allow":["GET"]}}],"collection":[{"href":"https:\/\/fundacioncajaruraldelsur.com\/pt\/wp-json\/wp\/v2\/posts"}],"about":[{"href":"https:\/\/fundacioncajaruraldelsur.com\/pt\/wp-json\/wp\/v2\/types\/post"}],"author":[{"embeddable":true,"href":"https:\/\/fundacioncajaruraldelsur.com\/pt\/wp-json\/wp\/v2\/users\/6"}],"replies":[{"embeddable":true,"href":"https:\/\/fundacioncajaruraldelsur.com\/pt\/wp-json\/wp\/v2\/comments?post=7577"}],"version-history":[{"count":3,"href":"https:\/\/fundacioncajaruraldelsur.com\/pt\/wp-json\/wp\/v2\/posts\/7577\/revisions"}],"predecessor-version":[{"id":7585,"href":"https:\/\/fundacioncajaruraldelsur.com\/pt\/wp-json\/wp\/v2\/posts\/7577\/revisions\/7585"}],"wp:featuredmedia":[{"embeddable":true,"href":"https:\/\/fundacioncajaruraldelsur.com\/pt\/wp-json\/wp\/v2\/media\/7582"}],"wp:attachment":[{"href":"https:\/\/fundacioncajaruraldelsur.com\/pt\/wp-json\/wp\/v2\/media?parent=7577"}],"wp:term":[{"taxonomy":"category","embeddable":true,"href":"https:\/\/fundacioncajaruraldelsur.com\/pt\/wp-json\/wp\/v2\/categories?post=7577"},{"taxonomy":"post_tag","embeddable":true,"href":"https:\/\/fundacioncajaruraldelsur.com\/pt\/wp-json\/wp\/v2\/tags?post=7577"}],"curies":[{"name":"wp","href":"https:\/\/api.w.org\/{rel}","templated":true}]}}