{"id":7530,"date":"2022-04-02T21:03:36","date_gmt":"2022-04-02T19:03:36","guid":{"rendered":"\/?p=7530"},"modified":"2022-04-02T21:03:38","modified_gmt":"2022-04-02T19:03:38","slug":"ruben-diez-trio-e-ibrahim-diabate-cierran-el-ciclo-de-ritmos-y-otras-musicas-de-fundacion-caja-rural-del-sur","status":"publish","type":"post","link":"https:\/\/fundacioncajaruraldelsur.com\/pt\/ruben-diez-trio-e-ibrahim-diabate-cierran-el-ciclo-de-ritmos-y-otras-musicas-de-fundacion-caja-rural-del-sur\/","title":{"rendered":"Rub\u00e9n Diez Tr\u00edo e Ibrahim Diabate cierran el ciclo de \u2018Ritmos y otras m\u00fasicas\u2019 de Fundaci\u00f3n Caja Rural del Sur"},"content":{"rendered":"<p>El grupo Rub\u00e9n Diez Tr\u00edo &amp; Ibrahim Diabate cerr\u00f3 en la tarde-noche de este jueves 31 de marzo, en el Centro Cultural \u2018Jos\u00e9 Luis Garc\u00eda Palacios\u2019 en Huelva capital, el ciclo \u2018M\u00fasica y otros ritmos\u2019 que organiza la Fundaci\u00f3n Caja Rural del Sur junto a M\u00fasica Fundamental.<\/p>\n<p>La actuaci\u00f3n de Rub\u00e9n Diez Tr\u00edo, junto al m\u00fasico senegal\u00e9s Ibrahim Diabate, casi complet\u00f3 el aforo del sal\u00f3n de actos del Centro Cultural. Este m\u00fasico y productor (flautas, gaita gallega), que desde desde el a\u00f1o 2001 es director del Aula de m\u00fasica tradicional del \u201cLar Gallego de Sevilla\u201d y colaborador habitual del festival internacional \u201cIrish Flead\u201d de C\u00e1ceres, tiene numerosos seguidores en Huelva dada su dilatada trayecoria orofesionak como cofundador y miembro del grupo \u201cRarefolk\u201d desde hace 25 a\u00f1os, y fundador de los grupos \u201cSheela Na Gig\u201d y \u201cThe burnt Old Men\u201d especializados en M\u00fasica tradicional irlandesa y Folk atl\u00e1ntico, adem\u00e1s de haber realizado conciertos de gran \u00e9xito de p\u00fablico en Noches en los Jardines del Real Alc\u00e1zar de Sevilla, M\u00fasica en los Palacios de \u00c9cija, M\u00fasica en la Hacienda de Tilly, Las Piedras Cantan\u2026 y con Rarefolk por todo el mundo.<\/p>\n<p>El ciclo de este a\u00f1o de \u2018M\u00fasica y otros ritmos\u2019, que organiza la Fundaci\u00f3n Caja Rural del Sur junto con M\u00fasica Fundamental fue abierto el pasado d\u00f3a 18 de marzo por la banda musical \u2018Yomuri\u2019, a la que contin\u00fao el d\u00eda 25 de marzo la voz-mezo soprano de Angy Garc\u00eda.<\/p>\n<p><a href=\"\/wp-content\/uploads\/2022\/04\/220401.-Momento-de-la-actuacion-de-este-jueves-en-la-Fundacion-Caja-Rural-del-Sur.-scaled.jpg\" rel=\"lightbox-0\"><img loading=\"lazy\" decoding=\"async\" class=\"alignnone wp-image-7532 size-full\" src=\"\/wp-content\/uploads\/2022\/04\/220401.-Momento-de-la-actuacion-de-este-jueves-en-la-Fundacion-Caja-Rural-del-Sur.-scaled.jpg\" alt=\"\" width=\"2560\" height=\"1920\" srcset=\"https:\/\/fundacioncajaruraldelsur.com\/wp-content\/uploads\/2022\/04\/220401.-Momento-de-la-actuacion-de-este-jueves-en-la-Fundacion-Caja-Rural-del-Sur.-scaled.jpg 2560w, https:\/\/fundacioncajaruraldelsur.com\/wp-content\/uploads\/2022\/04\/220401.-Momento-de-la-actuacion-de-este-jueves-en-la-Fundacion-Caja-Rural-del-Sur.-300x225.jpg 300w, https:\/\/fundacioncajaruraldelsur.com\/wp-content\/uploads\/2022\/04\/220401.-Momento-de-la-actuacion-de-este-jueves-en-la-Fundacion-Caja-Rural-del-Sur.-1024x768.jpg 1024w, https:\/\/fundacioncajaruraldelsur.com\/wp-content\/uploads\/2022\/04\/220401.-Momento-de-la-actuacion-de-este-jueves-en-la-Fundacion-Caja-Rural-del-Sur.-768x576.jpg 768w, https:\/\/fundacioncajaruraldelsur.com\/wp-content\/uploads\/2022\/04\/220401.-Momento-de-la-actuacion-de-este-jueves-en-la-Fundacion-Caja-Rural-del-Sur.-1536x1152.jpg 1536w, https:\/\/fundacioncajaruraldelsur.com\/wp-content\/uploads\/2022\/04\/220401.-Momento-de-la-actuacion-de-este-jueves-en-la-Fundacion-Caja-Rural-del-Sur.-2048x1536.jpg 2048w\" sizes=\"auto, (max-width: 2560px) 100vw, 2560px\" \/><\/a><\/p>","protected":false},"excerpt":{"rendered":"<p>El grupo Rub\u00e9n Diez Tr\u00edo &amp; Ibrahim Diabate cerr\u00f3 en la tarde-noche de este jueves 31 de marzo, en el Centro Cultural \u2018Jos\u00e9 Luis Garc\u00eda Palacios\u2019 en Huelva capital, el [&hellip;]<\/p>\n","protected":false},"author":6,"featured_media":7531,"comment_status":"closed","ping_status":"closed","sticky":false,"template":"","format":"standard","meta":{"footnotes":""},"categories":[66],"tags":[],"class_list":["post-7530","post","type-post","status-publish","format-standard","has-post-thumbnail","hentry","category-actos"],"yoast_head":"<!-- This site is optimized with the Yoast SEO plugin v27.3 - https:\/\/yoast.com\/product\/yoast-seo-wordpress\/ -->\n<title>Rub\u00e9n Diez Tr\u00edo e Ibrahim Diabate cierran el ciclo de \u2018Ritmos y otras m\u00fasicas\u2019 de Fundaci\u00f3n Caja Rural del Sur - Fundaci\u00f3n Caja Rural del Sur<\/title>\n<meta name=\"robots\" content=\"index, follow, max-snippet:-1, max-image-preview:large, max-video-preview:-1\" \/>\n<link rel=\"canonical\" href=\"https:\/\/fundacioncajaruraldelsur.com\/pt\/ruben-diez-trio-e-ibrahim-diabate-cierran-el-ciclo-de-ritmos-y-otras-musicas-de-fundacion-caja-rural-del-sur\/\" \/>\n<meta property=\"og:locale\" content=\"pt_PT\" \/>\n<meta property=\"og:type\" content=\"article\" \/>\n<meta property=\"og:title\" content=\"Rub\u00e9n Diez Tr\u00edo e Ibrahim Diabate cierran el ciclo de \u2018Ritmos y otras m\u00fasicas\u2019 de Fundaci\u00f3n Caja Rural del Sur - Fundaci\u00f3n Caja Rural del Sur\" \/>\n<meta property=\"og:description\" content=\"El grupo Rub\u00e9n Diez Tr\u00edo &amp; Ibrahim Diabate cerr\u00f3 en la tarde-noche de este jueves 31 de marzo, en el Centro Cultural \u2018Jos\u00e9 Luis Garc\u00eda Palacios\u2019 en Huelva capital, el [&hellip;]\" \/>\n<meta property=\"og:url\" content=\"https:\/\/fundacioncajaruraldelsur.com\/pt\/ruben-diez-trio-e-ibrahim-diabate-cierran-el-ciclo-de-ritmos-y-otras-musicas-de-fundacion-caja-rural-del-sur\/\" \/>\n<meta property=\"og:site_name\" content=\"Fundaci\u00f3n Caja Rural del Sur\" \/>\n<meta property=\"article:published_time\" content=\"2022-04-02T19:03:36+00:00\" \/>\n<meta property=\"article:modified_time\" content=\"2022-04-02T19:03:38+00:00\" \/>\n<meta property=\"og:image\" content=\"https:\/\/fundacioncajaruraldelsur.com\/wp-content\/uploads\/2022\/04\/220401.-El-ciclo-de-musica-organizado-por-la-Fundacion-Caja-Rural-del-Sur-ha-tenido-gran-aceptacion.-scaled.jpg\" \/>\n\t<meta property=\"og:image:width\" content=\"2560\" \/>\n\t<meta property=\"og:image:height\" content=\"1920\" \/>\n\t<meta property=\"og:image:type\" content=\"image\/jpeg\" \/>\n<meta name=\"author\" content=\"Comunicaci\u00f3n\" \/>\n<meta name=\"twitter:card\" content=\"summary_large_image\" \/>\n<meta name=\"twitter:label1\" content=\"Written by\" \/>\n\t<meta name=\"twitter:data1\" content=\"Comunicaci\u00f3n\" \/>\n\t<meta name=\"twitter:label2\" content=\"Est. reading time\" \/>\n\t<meta name=\"twitter:data2\" content=\"1 minute\" \/>\n<script type=\"application\/ld+json\" class=\"yoast-schema-graph\">{\"@context\":\"https:\\\/\\\/schema.org\",\"@graph\":[{\"@type\":\"Article\",\"@id\":\"https:\\\/\\\/fundacioncajaruraldelsur.com\\\/ruben-diez-trio-e-ibrahim-diabate-cierran-el-ciclo-de-ritmos-y-otras-musicas-de-fundacion-caja-rural-del-sur\\\/#article\",\"isPartOf\":{\"@id\":\"https:\\\/\\\/fundacioncajaruraldelsur.com\\\/ruben-diez-trio-e-ibrahim-diabate-cierran-el-ciclo-de-ritmos-y-otras-musicas-de-fundacion-caja-rural-del-sur\\\/\"},\"author\":{\"name\":\"Comunicaci\u00f3n\",\"@id\":\"https:\\\/\\\/fundacioncajaruraldelsur.com\\\/#\\\/schema\\\/person\\\/f430da9fb783d505ff061ad8b3d44577\"},\"headline\":\"Rub\u00e9n Diez Tr\u00edo e Ibrahim Diabate cierran el ciclo de \u2018Ritmos y otras m\u00fasicas\u2019 de Fundaci\u00f3n Caja Rural del Sur\",\"datePublished\":\"2022-04-02T19:03:36+00:00\",\"dateModified\":\"2022-04-02T19:03:38+00:00\",\"mainEntityOfPage\":{\"@id\":\"https:\\\/\\\/fundacioncajaruraldelsur.com\\\/ruben-diez-trio-e-ibrahim-diabate-cierran-el-ciclo-de-ritmos-y-otras-musicas-de-fundacion-caja-rural-del-sur\\\/\"},\"wordCount\":290,\"image\":{\"@id\":\"https:\\\/\\\/fundacioncajaruraldelsur.com\\\/ruben-diez-trio-e-ibrahim-diabate-cierran-el-ciclo-de-ritmos-y-otras-musicas-de-fundacion-caja-rural-del-sur\\\/#primaryimage\"},\"thumbnailUrl\":\"https:\\\/\\\/fundacioncajaruraldelsur.com\\\/wp-content\\\/uploads\\\/2022\\\/04\\\/220401.-El-ciclo-de-musica-organizado-por-la-Fundacion-Caja-Rural-del-Sur-ha-tenido-gran-aceptacion.-scaled.jpg\",\"articleSection\":[\"Actos\"],\"inLanguage\":\"pt-PT\"},{\"@type\":\"WebPage\",\"@id\":\"https:\\\/\\\/fundacioncajaruraldelsur.com\\\/ruben-diez-trio-e-ibrahim-diabate-cierran-el-ciclo-de-ritmos-y-otras-musicas-de-fundacion-caja-rural-del-sur\\\/\",\"url\":\"https:\\\/\\\/fundacioncajaruraldelsur.com\\\/ruben-diez-trio-e-ibrahim-diabate-cierran-el-ciclo-de-ritmos-y-otras-musicas-de-fundacion-caja-rural-del-sur\\\/\",\"name\":\"Rub\u00e9n Diez Tr\u00edo e Ibrahim Diabate cierran el ciclo de \u2018Ritmos y otras m\u00fasicas\u2019 de Fundaci\u00f3n Caja Rural del Sur - Fundaci\u00f3n Caja Rural del Sur\",\"isPartOf\":{\"@id\":\"https:\\\/\\\/fundacioncajaruraldelsur.com\\\/#website\"},\"primaryImageOfPage\":{\"@id\":\"https:\\\/\\\/fundacioncajaruraldelsur.com\\\/ruben-diez-trio-e-ibrahim-diabate-cierran-el-ciclo-de-ritmos-y-otras-musicas-de-fundacion-caja-rural-del-sur\\\/#primaryimage\"},\"image\":{\"@id\":\"https:\\\/\\\/fundacioncajaruraldelsur.com\\\/ruben-diez-trio-e-ibrahim-diabate-cierran-el-ciclo-de-ritmos-y-otras-musicas-de-fundacion-caja-rural-del-sur\\\/#primaryimage\"},\"thumbnailUrl\":\"https:\\\/\\\/fundacioncajaruraldelsur.com\\\/wp-content\\\/uploads\\\/2022\\\/04\\\/220401.-El-ciclo-de-musica-organizado-por-la-Fundacion-Caja-Rural-del-Sur-ha-tenido-gran-aceptacion.-scaled.jpg\",\"datePublished\":\"2022-04-02T19:03:36+00:00\",\"dateModified\":\"2022-04-02T19:03:38+00:00\",\"author\":{\"@id\":\"https:\\\/\\\/fundacioncajaruraldelsur.com\\\/#\\\/schema\\\/person\\\/f430da9fb783d505ff061ad8b3d44577\"},\"breadcrumb\":{\"@id\":\"https:\\\/\\\/fundacioncajaruraldelsur.com\\\/ruben-diez-trio-e-ibrahim-diabate-cierran-el-ciclo-de-ritmos-y-otras-musicas-de-fundacion-caja-rural-del-sur\\\/#breadcrumb\"},\"inLanguage\":\"pt-PT\",\"potentialAction\":[{\"@type\":\"ReadAction\",\"target\":[\"https:\\\/\\\/fundacioncajaruraldelsur.com\\\/ruben-diez-trio-e-ibrahim-diabate-cierran-el-ciclo-de-ritmos-y-otras-musicas-de-fundacion-caja-rural-del-sur\\\/\"]}]},{\"@type\":\"ImageObject\",\"inLanguage\":\"pt-PT\",\"@id\":\"https:\\\/\\\/fundacioncajaruraldelsur.com\\\/ruben-diez-trio-e-ibrahim-diabate-cierran-el-ciclo-de-ritmos-y-otras-musicas-de-fundacion-caja-rural-del-sur\\\/#primaryimage\",\"url\":\"https:\\\/\\\/fundacioncajaruraldelsur.com\\\/wp-content\\\/uploads\\\/2022\\\/04\\\/220401.-El-ciclo-de-musica-organizado-por-la-Fundacion-Caja-Rural-del-Sur-ha-tenido-gran-aceptacion.-scaled.jpg\",\"contentUrl\":\"https:\\\/\\\/fundacioncajaruraldelsur.com\\\/wp-content\\\/uploads\\\/2022\\\/04\\\/220401.-El-ciclo-de-musica-organizado-por-la-Fundacion-Caja-Rural-del-Sur-ha-tenido-gran-aceptacion.-scaled.jpg\",\"width\":2560,\"height\":1920},{\"@type\":\"BreadcrumbList\",\"@id\":\"https:\\\/\\\/fundacioncajaruraldelsur.com\\\/ruben-diez-trio-e-ibrahim-diabate-cierran-el-ciclo-de-ritmos-y-otras-musicas-de-fundacion-caja-rural-del-sur\\\/#breadcrumb\",\"itemListElement\":[{\"@type\":\"ListItem\",\"position\":1,\"name\":\"Portada\",\"item\":\"https:\\\/\\\/fundacioncajaruraldelsur.com\\\/\"},{\"@type\":\"ListItem\",\"position\":2,\"name\":\"Rub\u00e9n Diez Tr\u00edo e Ibrahim Diabate cierran el ciclo de \u2018Ritmos y otras m\u00fasicas\u2019 de Fundaci\u00f3n Caja Rural del Sur\"}]},{\"@type\":\"WebSite\",\"@id\":\"https:\\\/\\\/fundacioncajaruraldelsur.com\\\/#website\",\"url\":\"https:\\\/\\\/fundacioncajaruraldelsur.com\\\/\",\"name\":\"Fundaci\u00f3n Caja Rural del Sur\",\"description\":\"\",\"potentialAction\":[{\"@type\":\"SearchAction\",\"target\":{\"@type\":\"EntryPoint\",\"urlTemplate\":\"https:\\\/\\\/fundacioncajaruraldelsur.com\\\/?s={search_term_string}\"},\"query-input\":{\"@type\":\"PropertyValueSpecification\",\"valueRequired\":true,\"valueName\":\"search_term_string\"}}],\"inLanguage\":\"pt-PT\"},{\"@type\":\"Person\",\"@id\":\"https:\\\/\\\/fundacioncajaruraldelsur.com\\\/#\\\/schema\\\/person\\\/f430da9fb783d505ff061ad8b3d44577\",\"name\":\"Comunicaci\u00f3n\",\"image\":{\"@type\":\"ImageObject\",\"inLanguage\":\"pt-PT\",\"@id\":\"https:\\\/\\\/secure.gravatar.com\\\/avatar\\\/0dca239875993680bac4603ad2de7942da018f52cc3a244578e0b3b09314a8d8?s=96&d=blank&r=g\",\"url\":\"https:\\\/\\\/secure.gravatar.com\\\/avatar\\\/0dca239875993680bac4603ad2de7942da018f52cc3a244578e0b3b09314a8d8?s=96&d=blank&r=g\",\"contentUrl\":\"https:\\\/\\\/secure.gravatar.com\\\/avatar\\\/0dca239875993680bac4603ad2de7942da018f52cc3a244578e0b3b09314a8d8?s=96&d=blank&r=g\",\"caption\":\"Comunicaci\u00f3n\"}}]}<\/script>\n<!-- \/ Yoast SEO plugin. -->","yoast_head_json":{"title":"Rub\u00e9n Diez Tr\u00edo e Ibrahim Diabate cierran el ciclo de \u2018Ritmos y otras m\u00fasicas\u2019 de Fundaci\u00f3n Caja Rural del Sur - Fundaci\u00f3n Caja Rural del Sur","robots":{"index":"index","follow":"follow","max-snippet":"max-snippet:-1","max-image-preview":"max-image-preview:large","max-video-preview":"max-video-preview:-1"},"canonical":"https:\/\/fundacioncajaruraldelsur.com\/pt\/ruben-diez-trio-e-ibrahim-diabate-cierran-el-ciclo-de-ritmos-y-otras-musicas-de-fundacion-caja-rural-del-sur\/","og_locale":"pt_PT","og_type":"article","og_title":"Rub\u00e9n Diez Tr\u00edo e Ibrahim Diabate cierran el ciclo de \u2018Ritmos y otras m\u00fasicas\u2019 de Fundaci\u00f3n Caja Rural del Sur - Fundaci\u00f3n Caja Rural del Sur","og_description":"El grupo Rub\u00e9n Diez Tr\u00edo &amp; Ibrahim Diabate cerr\u00f3 en la tarde-noche de este jueves 31 de marzo, en el Centro Cultural \u2018Jos\u00e9 Luis Garc\u00eda Palacios\u2019 en Huelva capital, el [&hellip;]","og_url":"https:\/\/fundacioncajaruraldelsur.com\/pt\/ruben-diez-trio-e-ibrahim-diabate-cierran-el-ciclo-de-ritmos-y-otras-musicas-de-fundacion-caja-rural-del-sur\/","og_site_name":"Fundaci\u00f3n Caja Rural del Sur","article_published_time":"2022-04-02T19:03:36+00:00","article_modified_time":"2022-04-02T19:03:38+00:00","og_image":[{"width":2560,"height":1920,"url":"https:\/\/fundacioncajaruraldelsur.com\/wp-content\/uploads\/2022\/04\/220401.-El-ciclo-de-musica-organizado-por-la-Fundacion-Caja-Rural-del-Sur-ha-tenido-gran-aceptacion.-scaled.jpg","type":"image\/jpeg"}],"author":"Comunicaci\u00f3n","twitter_card":"summary_large_image","twitter_misc":{"Written by":"Comunicaci\u00f3n","Est. reading time":"1 minute"},"schema":{"@context":"https:\/\/schema.org","@graph":[{"@type":"Article","@id":"https:\/\/fundacioncajaruraldelsur.com\/ruben-diez-trio-e-ibrahim-diabate-cierran-el-ciclo-de-ritmos-y-otras-musicas-de-fundacion-caja-rural-del-sur\/#article","isPartOf":{"@id":"https:\/\/fundacioncajaruraldelsur.com\/ruben-diez-trio-e-ibrahim-diabate-cierran-el-ciclo-de-ritmos-y-otras-musicas-de-fundacion-caja-rural-del-sur\/"},"author":{"name":"Comunicaci\u00f3n","@id":"https:\/\/fundacioncajaruraldelsur.com\/#\/schema\/person\/f430da9fb783d505ff061ad8b3d44577"},"headline":"Rub\u00e9n Diez Tr\u00edo e Ibrahim Diabate cierran el ciclo de \u2018Ritmos y otras m\u00fasicas\u2019 de Fundaci\u00f3n Caja Rural del Sur","datePublished":"2022-04-02T19:03:36+00:00","dateModified":"2022-04-02T19:03:38+00:00","mainEntityOfPage":{"@id":"https:\/\/fundacioncajaruraldelsur.com\/ruben-diez-trio-e-ibrahim-diabate-cierran-el-ciclo-de-ritmos-y-otras-musicas-de-fundacion-caja-rural-del-sur\/"},"wordCount":290,"image":{"@id":"https:\/\/fundacioncajaruraldelsur.com\/ruben-diez-trio-e-ibrahim-diabate-cierran-el-ciclo-de-ritmos-y-otras-musicas-de-fundacion-caja-rural-del-sur\/#primaryimage"},"thumbnailUrl":"https:\/\/fundacioncajaruraldelsur.com\/wp-content\/uploads\/2022\/04\/220401.-El-ciclo-de-musica-organizado-por-la-Fundacion-Caja-Rural-del-Sur-ha-tenido-gran-aceptacion.-scaled.jpg","articleSection":["Actos"],"inLanguage":"pt-PT"},{"@type":"WebPage","@id":"https:\/\/fundacioncajaruraldelsur.com\/ruben-diez-trio-e-ibrahim-diabate-cierran-el-ciclo-de-ritmos-y-otras-musicas-de-fundacion-caja-rural-del-sur\/","url":"https:\/\/fundacioncajaruraldelsur.com\/ruben-diez-trio-e-ibrahim-diabate-cierran-el-ciclo-de-ritmos-y-otras-musicas-de-fundacion-caja-rural-del-sur\/","name":"Rub\u00e9n Diez Tr\u00edo e Ibrahim Diabate cierran el ciclo de \u2018Ritmos y otras m\u00fasicas\u2019 de Fundaci\u00f3n Caja Rural del Sur - Fundaci\u00f3n Caja Rural del Sur","isPartOf":{"@id":"https:\/\/fundacioncajaruraldelsur.com\/#website"},"primaryImageOfPage":{"@id":"https:\/\/fundacioncajaruraldelsur.com\/ruben-diez-trio-e-ibrahim-diabate-cierran-el-ciclo-de-ritmos-y-otras-musicas-de-fundacion-caja-rural-del-sur\/#primaryimage"},"image":{"@id":"https:\/\/fundacioncajaruraldelsur.com\/ruben-diez-trio-e-ibrahim-diabate-cierran-el-ciclo-de-ritmos-y-otras-musicas-de-fundacion-caja-rural-del-sur\/#primaryimage"},"thumbnailUrl":"https:\/\/fundacioncajaruraldelsur.com\/wp-content\/uploads\/2022\/04\/220401.-El-ciclo-de-musica-organizado-por-la-Fundacion-Caja-Rural-del-Sur-ha-tenido-gran-aceptacion.-scaled.jpg","datePublished":"2022-04-02T19:03:36+00:00","dateModified":"2022-04-02T19:03:38+00:00","author":{"@id":"https:\/\/fundacioncajaruraldelsur.com\/#\/schema\/person\/f430da9fb783d505ff061ad8b3d44577"},"breadcrumb":{"@id":"https:\/\/fundacioncajaruraldelsur.com\/ruben-diez-trio-e-ibrahim-diabate-cierran-el-ciclo-de-ritmos-y-otras-musicas-de-fundacion-caja-rural-del-sur\/#breadcrumb"},"inLanguage":"pt-PT","potentialAction":[{"@type":"ReadAction","target":["https:\/\/fundacioncajaruraldelsur.com\/ruben-diez-trio-e-ibrahim-diabate-cierran-el-ciclo-de-ritmos-y-otras-musicas-de-fundacion-caja-rural-del-sur\/"]}]},{"@type":"ImageObject","inLanguage":"pt-PT","@id":"https:\/\/fundacioncajaruraldelsur.com\/ruben-diez-trio-e-ibrahim-diabate-cierran-el-ciclo-de-ritmos-y-otras-musicas-de-fundacion-caja-rural-del-sur\/#primaryimage","url":"https:\/\/fundacioncajaruraldelsur.com\/wp-content\/uploads\/2022\/04\/220401.-El-ciclo-de-musica-organizado-por-la-Fundacion-Caja-Rural-del-Sur-ha-tenido-gran-aceptacion.-scaled.jpg","contentUrl":"https:\/\/fundacioncajaruraldelsur.com\/wp-content\/uploads\/2022\/04\/220401.-El-ciclo-de-musica-organizado-por-la-Fundacion-Caja-Rural-del-Sur-ha-tenido-gran-aceptacion.-scaled.jpg","width":2560,"height":1920},{"@type":"BreadcrumbList","@id":"https:\/\/fundacioncajaruraldelsur.com\/ruben-diez-trio-e-ibrahim-diabate-cierran-el-ciclo-de-ritmos-y-otras-musicas-de-fundacion-caja-rural-del-sur\/#breadcrumb","itemListElement":[{"@type":"ListItem","position":1,"name":"Portada","item":"https:\/\/fundacioncajaruraldelsur.com\/"},{"@type":"ListItem","position":2,"name":"Rub\u00e9n Diez Tr\u00edo e Ibrahim Diabate cierran el ciclo de \u2018Ritmos y otras m\u00fasicas\u2019 de Fundaci\u00f3n Caja Rural del Sur"}]},{"@type":"WebSite","@id":"https:\/\/fundacioncajaruraldelsur.com\/#website","url":"https:\/\/fundacioncajaruraldelsur.com\/","name":"Funda\u00e7\u00e3o Caja Rural del Sur","description":"","potentialAction":[{"@type":"SearchAction","target":{"@type":"EntryPoint","urlTemplate":"https:\/\/fundacioncajaruraldelsur.com\/?s={search_term_string}"},"query-input":{"@type":"PropertyValueSpecification","valueRequired":true,"valueName":"search_term_string"}}],"inLanguage":"pt-PT"},{"@type":"Person","@id":"https:\/\/fundacioncajaruraldelsur.com\/#\/schema\/person\/f430da9fb783d505ff061ad8b3d44577","name":"Comunicaci\u00f3n","image":{"@type":"ImageObject","inLanguage":"pt-PT","@id":"https:\/\/secure.gravatar.com\/avatar\/0dca239875993680bac4603ad2de7942da018f52cc3a244578e0b3b09314a8d8?s=96&d=blank&r=g","url":"https:\/\/secure.gravatar.com\/avatar\/0dca239875993680bac4603ad2de7942da018f52cc3a244578e0b3b09314a8d8?s=96&d=blank&r=g","contentUrl":"https:\/\/secure.gravatar.com\/avatar\/0dca239875993680bac4603ad2de7942da018f52cc3a244578e0b3b09314a8d8?s=96&d=blank&r=g","caption":"Comunicaci\u00f3n"}}]}},"rttpg_featured_image_url":{"full":["https:\/\/fundacioncajaruraldelsur.com\/wp-content\/uploads\/2022\/04\/220401.-El-ciclo-de-musica-organizado-por-la-Fundacion-Caja-Rural-del-Sur-ha-tenido-gran-aceptacion.-scaled.jpg",2560,1920,false],"landscape":["https:\/\/fundacioncajaruraldelsur.com\/wp-content\/uploads\/2022\/04\/220401.-El-ciclo-de-musica-organizado-por-la-Fundacion-Caja-Rural-del-Sur-ha-tenido-gran-aceptacion.-scaled.jpg",2560,1920,false],"portraits":["https:\/\/fundacioncajaruraldelsur.com\/wp-content\/uploads\/2022\/04\/220401.-El-ciclo-de-musica-organizado-por-la-Fundacion-Caja-Rural-del-Sur-ha-tenido-gran-aceptacion.-scaled.jpg",2560,1920,false],"thumbnail":["https:\/\/fundacioncajaruraldelsur.com\/wp-content\/uploads\/2022\/04\/220401.-El-ciclo-de-musica-organizado-por-la-Fundacion-Caja-Rural-del-Sur-ha-tenido-gran-aceptacion.-150x150.jpg",150,150,true],"medium":["https:\/\/fundacioncajaruraldelsur.com\/wp-content\/uploads\/2022\/04\/220401.-El-ciclo-de-musica-organizado-por-la-Fundacion-Caja-Rural-del-Sur-ha-tenido-gran-aceptacion.-300x225.jpg",300,225,true],"large":["https:\/\/fundacioncajaruraldelsur.com\/wp-content\/uploads\/2022\/04\/220401.-El-ciclo-de-musica-organizado-por-la-Fundacion-Caja-Rural-del-Sur-ha-tenido-gran-aceptacion.-1024x768.jpg",960,720,true],"1536x1536":["https:\/\/fundacioncajaruraldelsur.com\/wp-content\/uploads\/2022\/04\/220401.-El-ciclo-de-musica-organizado-por-la-Fundacion-Caja-Rural-del-Sur-ha-tenido-gran-aceptacion.-1536x1152.jpg",1536,1152,true],"2048x2048":["https:\/\/fundacioncajaruraldelsur.com\/wp-content\/uploads\/2022\/04\/220401.-El-ciclo-de-musica-organizado-por-la-Fundacion-Caja-Rural-del-Sur-ha-tenido-gran-aceptacion.-2048x1536.jpg",2048,1536,true],"trp-custom-language-flag":["https:\/\/fundacioncajaruraldelsur.com\/wp-content\/uploads\/2022\/04\/220401.-El-ciclo-de-musica-organizado-por-la-Fundacion-Caja-Rural-del-Sur-ha-tenido-gran-aceptacion.-scaled.jpg",16,12,false],"blog-thumbnail":["https:\/\/fundacioncajaruraldelsur.com\/wp-content\/uploads\/2022\/04\/220401.-El-ciclo-de-musica-organizado-por-la-Fundacion-Caja-Rural-del-Sur-ha-tenido-gran-aceptacion.-400x200.jpg",400,200,true]},"rttpg_author":{"display_name":"Comunicaci\u00f3n","author_link":"https:\/\/fundacioncajaruraldelsur.com\/pt\/author\/sevillaadmin\/"},"rttpg_comment":0,"rttpg_category":"<a href=\"https:\/\/fundacioncajaruraldelsur.com\/pt\/category\/actos\/\" rel=\"category tag\">Actos<\/a>","rttpg_excerpt":"El grupo Rub\u00e9n Diez Tr\u00edo &amp; Ibrahim Diabate cerr\u00f3 en la tarde-noche de este jueves 31 de marzo, en el Centro Cultural \u2018Jos\u00e9 Luis Garc\u00eda Palacios\u2019 en Huelva capital, el [&hellip;]","_links":{"self":[{"href":"https:\/\/fundacioncajaruraldelsur.com\/pt\/wp-json\/wp\/v2\/posts\/7530","targetHints":{"allow":["GET"]}}],"collection":[{"href":"https:\/\/fundacioncajaruraldelsur.com\/pt\/wp-json\/wp\/v2\/posts"}],"about":[{"href":"https:\/\/fundacioncajaruraldelsur.com\/pt\/wp-json\/wp\/v2\/types\/post"}],"author":[{"embeddable":true,"href":"https:\/\/fundacioncajaruraldelsur.com\/pt\/wp-json\/wp\/v2\/users\/6"}],"replies":[{"embeddable":true,"href":"https:\/\/fundacioncajaruraldelsur.com\/pt\/wp-json\/wp\/v2\/comments?post=7530"}],"version-history":[{"count":1,"href":"https:\/\/fundacioncajaruraldelsur.com\/pt\/wp-json\/wp\/v2\/posts\/7530\/revisions"}],"predecessor-version":[{"id":7533,"href":"https:\/\/fundacioncajaruraldelsur.com\/pt\/wp-json\/wp\/v2\/posts\/7530\/revisions\/7533"}],"wp:featuredmedia":[{"embeddable":true,"href":"https:\/\/fundacioncajaruraldelsur.com\/pt\/wp-json\/wp\/v2\/media\/7531"}],"wp:attachment":[{"href":"https:\/\/fundacioncajaruraldelsur.com\/pt\/wp-json\/wp\/v2\/media?parent=7530"}],"wp:term":[{"taxonomy":"category","embeddable":true,"href":"https:\/\/fundacioncajaruraldelsur.com\/pt\/wp-json\/wp\/v2\/categories?post=7530"},{"taxonomy":"post_tag","embeddable":true,"href":"https:\/\/fundacioncajaruraldelsur.com\/pt\/wp-json\/wp\/v2\/tags?post=7530"}],"curies":[{"name":"wp","href":"https:\/\/api.w.org\/{rel}","templated":true}]}}